{"id":9139,"date":"2025-08-01T09:18:39","date_gmt":"2025-08-01T07:18:39","guid":{"rendered":"https:\/\/vieassociative.be\/actualites\/le-kindle-colordeft-aggravera-vos-livres\/"},"modified":"2025-08-01T09:18:39","modified_gmt":"2025-08-01T07:18:39","slug":"le-kindle-colordeft-aggravera-vos-livres","status":"publish","type":"post","link":"https:\/\/vieassociative.be\/actualites\/le-kindle-colordeft-aggravera-vos-livres\/","title":{"rendered":"Le Kindle Colordeft aggravera vos livres"},"content":{"rendered":"<div class=\"mt-4 leading-6 md:mb-8\">Si tout ce que vous faites est de lire du contenu en noir et blanc, comme les livres et les mangas, ne gaspillez pas votre argent sur cette \u00abmise \u00e0 niveau\u00bb.<\/div>\n<p><\/p>\n<p>Amazon Kindle Colorsoft est d\u00e9sormais le lecteur \u00e9lectronique le plus cher de l&rsquo;entreprise (\u00e0 l&rsquo;exception du Scribe Kindle, bien que ce soit plus une note \u00e9lectronique qu&rsquo;un liseur \u00e9lectronique), mais cela n&rsquo;en fait pas automatiquement le meilleur Kindle Money peut acheter. Disons que vous avez l&rsquo;argent pour br\u00fbler et que vous voulez la meilleure exp\u00e9rience de lecture qu&rsquo;Amazon offre: si vous lisez uniquement des romans, ou m\u00eame des bandes dessin\u00e9es en noir et blanc comme le manga, vous pourriez en fait mieux \u00e9conomiser votre argent et obtenir le Kindle Paperwhite \u00e0 la place. Le bombardement suppl\u00e9mentaire ne vous donnera pas une exp\u00e9rience am\u00e9lior\u00e9e &#8211; elle pourrait aggraver activement vos livres.<\/p>\n<h2 id=\"what-is-a-color-e-reader\">Qu&rsquo;est-ce qu&rsquo;un e-lise couleur?<\/h2>\n<p>\u00c0 la base, le Kindle Colorsoft est essentiellement un Kindle Paperwhite, mais avec une diff\u00e9rence cl\u00e9. Il a les m\u00eames options d&rsquo;\u00e9clairage, p\u00e8se \u00e0 peu pr\u00e8s la m\u00eame chose, ressemble exactement \u00e0 un papier papier et a le m\u00eame \u00e9cran de taille. Le facteur d\u00e9terminant est que le Colorsoft a un filtre de couleur dans son affichage, ce qui permet un contenu qui le passe pour produire jusqu&rsquo;\u00e0 4 096 couleurs.<\/p>\n<div class=\"eloquent-imagery-image\">\n<div class=\"flex justify-center\">\n                    <img decoding=\"async\" class=\"border border-gray-100\" src=\"https:\/\/vieassociative.be\/actualites\/wp-content\/uploads\/2025\/08\/Le-Kindle-Colordeft-aggravera-vos-livres.jpg\" alt=\"Page de biblioth\u00e8que Kindle Colorsoft\" width=\"2000\" height=\"1125\" loading=\"lazy\"  >\n            <\/div>\n<\/p><\/div>\n<p>Il peut toujours afficher du contenu en noir et blanc, mais lorsque vous lisez quelque chose comme une bande dessin\u00e9e dessus, il coupe la r\u00e9solution de deux ppi \u00e0 150 ppi, puis arrange intelligemment les pixels afin qu&rsquo;ils brillent \u00e0 travers les bons endroits exacts pour produire les couleurs n\u00e9cessaires.<\/p>\n<p>Il y a un peu plus que cela &#8211; Amazon a \u00e9galement des mat\u00e9riaux propri\u00e9taires en jeu qui lui permet d&rsquo;obtenir une meilleure pr\u00e9cision des couleurs et moins d&rsquo;artefacts que des appareils concurrents, mais c&rsquo;est l&rsquo;essentiel. C&rsquo;est assez intelligent, m\u00eame si le concept de base n&rsquo;est pas unique au Kindle Colorsoft. Cela ne fonctionne pas seulement sur les bandes dessin\u00e9es non plus, mais aussi sur des choses comme les couvertures de livres ou la surbrillance \u00e0 collaboration.<\/p>\n<p>Cela semble plut\u00f4t cool. M\u00eame si vous ne l&rsquo;utilisez pas tout le temps, c&rsquo;est un bon bonus, non? Vous pouvez obtenir de la couleur lorsque vous en avez besoin, au prix d&rsquo;une certaine r\u00e9solution, mais vous pouvez \u00e9galement afficher des \u0153uvres en noir et blanc \u00e0 la m\u00eame r\u00e9solution que le Kindle Paperwhite. Malheureusement, la r\u00e9alit\u00e9 n&rsquo;est pas si coup\u00e9e et s\u00e8che.<\/p>\n<h2 id=\"the-rainbow-effect\">L&rsquo;effet arc-en-ciel<\/h2>\n<p>Bien que le logiciel du Kindle puisse reconna\u00eetre quand il vous montre du contenu en noir et blanc et lorsqu&rsquo;il affiche la couleur, le mat\u00e9riel ne peut pas. M\u00eame dans quelque chose comme un roman, le filtre de couleur physique est toujours l\u00e0. Et tandis que ses points de couleur individuels sont trop petits pour se rendre \u00e0 l&rsquo;\u00e9coute, vos yeux peuvent toujours remarquer la couche de couleur dans son ensemble.<\/p>\n<p>Entrez dans l&rsquo;effet arc-en-ciel. \u00c0 son meilleur, il mettra un petit scintillement sur votre \u00e9cran, ce qui lui donne une texture quelque peu granuleuse qui peut abaisser le contraste. Au pire, il montrera plein de spectres de couleur sur le contenu qui devrait \u00eatre monochrome.<\/p>\n<p>Prendre cette page <em>Dune<\/em>qui montre un effet arc-en-ciel assez doux.<\/p>\n<div class=\"eloquent-imagery-image\">\n<div class=\"flex justify-center\">\n                    <img decoding=\"async\" class=\"border border-gray-100\" src=\"https:\/\/vieassociative.be\/actualites\/wp-content\/uploads\/2025\/08\/1754032718_527_Le-Kindle-Colordeft-aggravera-vos-livres.jpg\" alt=\"\" dune on the kindle colorsoft vs. paperwhite width=\"2000\" height=\"1126\" loading=\"lazy\"  >\n            <\/div>\n<\/p><\/div>\n<p>Et cette page de <em>Fou furieux<\/em>qui montre un motif arc-en-ciel plus agressif.<\/p>\n<div class=\"eloquent-imagery-image\">\n<div class=\"flex justify-center\">\n                    <img decoding=\"async\" class=\"border border-gray-100\" src=\"https:\/\/vieassociative.be\/actualites\/wp-content\/uploads\/2025\/08\/1754032719_90_Le-Kindle-Colordeft-aggravera-vos-livres.jpg\" alt=\"\" berserk shown on the kindle colorsoft vs. paperwhite width=\"2000\" height=\"1126\" loading=\"lazy\"  >\n            <\/div>\n<\/p><\/div>\n<p>C&rsquo;est in\u00e9vitable. Peu importe ce que vous lisez sur l&rsquo;appareil, il appara\u00eetra dans une certaine mesure. La question est de savoir comment vous y r\u00e9agirez.<\/p>\n<h2 id=\"can-you-fix-the-rainbow-effect\">Pouvez-vous r\u00e9parer l&rsquo;effet arc-en-ciel?<\/h2>\n<p>Parce que l&rsquo;effet arc-en-ciel est un probl\u00e8me mat\u00e9riel, il n&rsquo;y a aucun moyen de s&rsquo;en d\u00e9barrasser compl\u00e8tement. La concurrence a de l\u00e9g\u00e8res solutions pour cela, le plus notable \u00e9tant la baisse de \u00abr\u00e9duction de l&rsquo;effet arc-en-ciel\u00bb de Kobo, ce qui brouille l\u00e9g\u00e8rement l&rsquo;image pour essayer de le taper d&rsquo;une mani\u00e8re que le filtre de couleur n&rsquo;est pas aussi visible. Amazon, malheureusement, n&rsquo;a pas choisi d&rsquo;inclure une telle solution sur son appareil.<\/p>\n<p>Cela dit, le Kindle Colorsoft est livr\u00e9 avec deux modes de couleur, standard et vif. Ceux-ci n&rsquo;affecteront pas le contenu en noir et blanc, mais il convient de noter que la fa\u00e7on dont le filtre de couleur fonctionne dans le Colorsoft peut parfois provoquer un artefact en contenu couleur. Si vous le remarquez, le changement de modes de couleur pourrait vous aider. Le Kindle est moins sujet \u00e0 l&rsquo;artefact que je n&rsquo;ai vu sur d&rsquo;autres appareils, mais son mode vif n&rsquo;utilise pas la gamme compl\u00e8te de 4 096 couleurs, la compressant plut\u00f4t pour augmenter la saturation. La plupart des coll\u00e8gues utilisateurs de Colorsoft avec lesquels j&rsquo;ai parl\u00e9 pr\u00e9f\u00e8rent \u00e9changer \u00e0 Vivid et le laisser pour tout, mais la gamme inf\u00e9rieure de couleurs peut provoquer une pix\u00e9lation, donc si vous le remarquez, cela vaut la peine d&rsquo;essayer \u00e0 nouveau le mode standard. Bien s\u00fbr, ce n&rsquo;est pas exactement la m\u00eame chose que l&rsquo;effet arc-en-ciel, mais c&rsquo;est un probl\u00e8me suffisamment similaire, et souligne que m\u00eame les utilisateurs de couleur ne sont pas exempts de probl\u00e8mes sur cet appareil.<\/p>\n<h2 id=\"is-dealing-with-the-rainbow-effect-worth-it\">Traiter l&rsquo;effet arc-en-ciel en vaut-il la peine?<\/h2>\n<p>Combien l&rsquo;effet arc-en-ciel vous d\u00e9rangera d\u00e9pend de ce que vous lisez et \u00e0 quel point vous aimez vos pages. \u00c0 mon mari, qui lit tous ses livres en noir et blanc sur un liseur \u00e9lectronique de couleur, cela ne le d\u00e9range pas beaucoup. En fait, il aime en quelque sorte le chatoyant, disant que cela ressemble au grain que vous pourriez obtenir sur du vrai papier.<\/p>\n<p>Mais pour moi, je ne peux pas le supporter. Il est brillant et distrayant, et si vous passez la plupart de votre temps sur votre Kindle Lire des livres traditionnels, l&rsquo;achat d&rsquo;un Color-Oft signifie que vous paierez un suppl\u00e9ment juste pour avoir \u00e0 y faire face. Je suppose que cela pourrait valoir la peine si vous voulez voir vos couvertures de livre en couleur lorsque vous faites d\u00e9filer votre biblioth\u00e8que, ou si vous en soulignez beaucoup. Il a l&rsquo;air bien, pour les quelques secondes, les couvertures ou les reflets sont sur votre \u00e9cran. Mais pendant la majeure partie de votre temps, vous n&rsquo;utiliserez pas la couleur, et vous verrez l&rsquo;effet arc-en-ciel.<\/p>\n<p>La nouvelle ne fait empirer que si vous lisez des \u0153uvres illustr\u00e9es en noir et blanc, comme les mangas. Pour suivre un livre, tout ce que vous avez \u00e0 faire est de distinguer les mots &#8211; mais avec le manga, l&rsquo;\u0153uvre d&rsquo;art sera activement aggrav\u00e9e. Les lignes peuvent sembler plus floues, ou les expressions faciales peuvent d\u00e9gager une ambiance enti\u00e8rement diff\u00e9rente sous tous les chatoyants. Mais le pire de tout, vous pourriez obtenir ces taches de couleur involontaires, comme je suis entr\u00e9 <em>Fou furieux<\/em>. Pour moi, cela n&rsquo;en vaut pas la peine.<\/p>\n<h2 id=\"the-kindle-colorsoft-is-only-for-people-who-read-color-content\">Le Kindle Colorsoft est uniquement pour les personnes qui lisent le contenu des couleurs<\/h2>\n<p>Cela peut sembler \u00e9vident, mais le Kindle Colordeft est uniquement pour les personnes qui lisent r\u00e9guli\u00e8rement du contenu en couleur, comme les bandes dessin\u00e9es &#8211; et m\u00eame alors, je ne le recommande pas.<\/p>\n<p>Ce n&rsquo;est pas comme les ann\u00e9es 90, lorsque la couleur du Game Boy pourrait jouer \u00e0 certains jeux en couleur, mais pourrait \u00e9galement jouer \u00e0 des jeux en noir et blanc de la m\u00eame mani\u00e8re qu&rsquo;un gar\u00e7on de jeu original. Le Kindle Colorsoft n&rsquo;est pas seulement un Kindle ordinaire avec une couleur facultative sur laquelle les lecteurs avec des poches profondes peuvent compter comme un bonus suppl\u00e9mentaire, mais comme quelque chose qu&rsquo;ils peuvent autrement ignorer. Au lieu de cela, l&rsquo;utiliser est une exp\u00e9rience enti\u00e8rement diff\u00e9rente.<\/p>\n","protected":false},"excerpt":{"rendered":"<p>Si tout ce que vous faites est de lire du contenu en noir et blanc, comme les livres et les mangas, ne gaspillez pas votre<\/p>\n","protected":false},"author":1,"featured_media":9140,"comment_status":"","ping_status":"","sticky":false,"template":"","format":"standard","meta":{"footnotes":""},"categories":[13],"tags":[7992,7991,2263,562,27],"class_list":["post-9139","post","type-post","status-publish","format-standard","has-post-thumbnail","hentry","category-technologie","tag-aggravera","tag-colordeft","tag-kindle","tag-livres","tag-vos","generate-columns","tablet-grid-50","mobile-grid-100","grid-parent","grid-33"],"yoast_head":"<!-- This site is optimized with the Yoast SEO plugin v24.0 - https:\/\/yoast.com\/wordpress\/plugins\/seo\/ -->\n<title>Le Kindle Colordeft aggravera vos livres | Vie Associative<\/title>\n<meta name=\"robots\" content=\"index, follow, max-snippet:-1, max-image-preview:large, max-video-preview:-1\" \/>\n<link rel=\"canonical\" href=\"https:\/\/vieassociative.be\/actualites\/le-kindle-colordeft-aggravera-vos-livres\/\" \/>\n<meta property=\"og:locale\" content=\"fr_FR\" \/>\n<meta property=\"og:type\" content=\"article\" \/>\n<meta property=\"og:title\" content=\"Le Kindle Colordeft aggravera vos livres | Vie Associative\" \/>\n<meta property=\"og:description\" content=\"Si tout ce que vous faites est de lire du contenu en noir et blanc, comme les livres et les mangas, ne gaspillez pas votre\" \/>\n<meta property=\"og:url\" content=\"https:\/\/vieassociative.be\/actualites\/le-kindle-colordeft-aggravera-vos-livres\/\" \/>\n<meta property=\"og:site_name\" content=\"Vie Associative\" \/>\n<meta property=\"article:published_time\" content=\"2025-08-01T07:18:39+00:00\" \/>\n<meta property=\"og:image\" content=\"https:\/\/vieassociative.be\/actualites\/wp-content\/uploads\/2025\/08\/Le-Kindle-Colordeft-aggravera-vos-livres.jpg\" \/>\n<meta name=\"author\" content=\"Julien\" \/>\n<meta name=\"twitter:card\" content=\"summary_large_image\" \/>\n<meta name=\"twitter:label1\" content=\"\u00c9crit par\" \/>\n\t<meta name=\"twitter:data1\" content=\"Julien\" \/>\n\t<meta name=\"twitter:label2\" content=\"Dur\u00e9e de lecture est.\" \/>\n\t<meta name=\"twitter:data2\" content=\"6 minutes\" \/>\n<script type=\"application\/ld+json\" class=\"yoast-schema-graph\">{\"@context\":\"https:\/\/schema.org\",\"@graph\":[{\"@type\":\"Article\",\"@id\":\"https:\/\/vieassociative.be\/actualites\/le-kindle-colordeft-aggravera-vos-livres\/#article\",\"isPartOf\":{\"@id\":\"https:\/\/vieassociative.be\/actualites\/le-kindle-colordeft-aggravera-vos-livres\/\"},\"author\":{\"name\":\"Julien\",\"@id\":\"https:\/\/vieassociative.be\/actualites\/#\/schema\/person\/b87ac4f82f9d4e7b7cec7395b679edc4\"},\"headline\":\"Le Kindle Colordeft aggravera vos livres\",\"datePublished\":\"2025-08-01T07:18:39+00:00\",\"dateModified\":\"2025-08-01T07:18:39+00:00\",\"mainEntityOfPage\":{\"@id\":\"https:\/\/vieassociative.be\/actualites\/le-kindle-colordeft-aggravera-vos-livres\/\"},\"wordCount\":1354,\"publisher\":{\"@id\":\"https:\/\/vieassociative.be\/actualites\/#organization\"},\"image\":{\"@id\":\"https:\/\/vieassociative.be\/actualites\/le-kindle-colordeft-aggravera-vos-livres\/#primaryimage\"},\"thumbnailUrl\":\"https:\/\/vieassociative.be\/actualites\/wp-content\/uploads\/2025\/08\/1754032720_Le-Kindle-Colordeft-aggravera-vos-livres.jpg\",\"keywords\":[\"aggravera\",\"Colordeft\",\"Kindle\",\"livres\",\"vos\"],\"articleSection\":[\"Technologie\"],\"inLanguage\":\"fr-BE\"},{\"@type\":\"WebPage\",\"@id\":\"https:\/\/vieassociative.be\/actualites\/le-kindle-colordeft-aggravera-vos-livres\/\",\"url\":\"https:\/\/vieassociative.be\/actualites\/le-kindle-colordeft-aggravera-vos-livres\/\",\"name\":\"Le Kindle Colordeft aggravera vos livres | Vie Associative\",\"isPartOf\":{\"@id\":\"https:\/\/vieassociative.be\/actualites\/#website\"},\"primaryImageOfPage\":{\"@id\":\"https:\/\/vieassociative.be\/actualites\/le-kindle-colordeft-aggravera-vos-livres\/#primaryimage\"},\"image\":{\"@id\":\"https:\/\/vieassociative.be\/actualites\/le-kindle-colordeft-aggravera-vos-livres\/#primaryimage\"},\"thumbnailUrl\":\"https:\/\/vieassociative.be\/actualites\/wp-content\/uploads\/2025\/08\/1754032720_Le-Kindle-Colordeft-aggravera-vos-livres.jpg\",\"datePublished\":\"2025-08-01T07:18:39+00:00\",\"dateModified\":\"2025-08-01T07:18:39+00:00\",\"breadcrumb\":{\"@id\":\"https:\/\/vieassociative.be\/actualites\/le-kindle-colordeft-aggravera-vos-livres\/#breadcrumb\"},\"inLanguage\":\"fr-BE\",\"potentialAction\":[{\"@type\":\"ReadAction\",\"target\":[\"https:\/\/vieassociative.be\/actualites\/le-kindle-colordeft-aggravera-vos-livres\/\"]}]},{\"@type\":\"ImageObject\",\"inLanguage\":\"fr-BE\",\"@id\":\"https:\/\/vieassociative.be\/actualites\/le-kindle-colordeft-aggravera-vos-livres\/#primaryimage\",\"url\":\"https:\/\/vieassociative.be\/actualites\/wp-content\/uploads\/2025\/08\/1754032720_Le-Kindle-Colordeft-aggravera-vos-livres.jpg\",\"contentUrl\":\"https:\/\/vieassociative.be\/actualites\/wp-content\/uploads\/2025\/08\/1754032720_Le-Kindle-Colordeft-aggravera-vos-livres.jpg\",\"width\":1200,\"height\":675,\"caption\":\"Le Kindle Colordeft aggravera vos livres\"},{\"@type\":\"BreadcrumbList\",\"@id\":\"https:\/\/vieassociative.be\/actualites\/le-kindle-colordeft-aggravera-vos-livres\/#breadcrumb\",\"itemListElement\":[{\"@type\":\"ListItem\",\"position\":1,\"name\":\"Accueil\",\"item\":\"https:\/\/vieassociative.be\/actualites\/\"},{\"@type\":\"ListItem\",\"position\":2,\"name\":\"Le Kindle Colordeft aggravera vos livres\"}]},{\"@type\":\"WebSite\",\"@id\":\"https:\/\/vieassociative.be\/actualites\/#website\",\"url\":\"https:\/\/vieassociative.be\/actualites\/\",\"name\":\"Vie Associative\",\"description\":\"\",\"publisher\":{\"@id\":\"https:\/\/vieassociative.be\/actualites\/#organization\"},\"potentialAction\":[{\"@type\":\"SearchAction\",\"target\":{\"@type\":\"EntryPoint\",\"urlTemplate\":\"https:\/\/vieassociative.be\/actualites\/?s={search_term_string}\"},\"query-input\":{\"@type\":\"PropertyValueSpecification\",\"valueRequired\":true,\"valueName\":\"search_term_string\"}}],\"inLanguage\":\"fr-BE\"},{\"@type\":\"Organization\",\"@id\":\"https:\/\/vieassociative.be\/actualites\/#organization\",\"name\":\"Vie Associative\",\"url\":\"https:\/\/vieassociative.be\/actualites\/\",\"logo\":{\"@type\":\"ImageObject\",\"inLanguage\":\"fr-BE\",\"@id\":\"https:\/\/vieassociative.be\/actualites\/#\/schema\/logo\/image\/\",\"url\":\"https:\/\/vieassociative.be\/actualites\/wp-content\/uploads\/2024\/09\/cropped-vieassociative_favicon.ico.png\",\"contentUrl\":\"https:\/\/vieassociative.be\/actualites\/wp-content\/uploads\/2024\/09\/cropped-vieassociative_favicon.ico.png\",\"width\":512,\"height\":512,\"caption\":\"Vie Associative\"},\"image\":{\"@id\":\"https:\/\/vieassociative.be\/actualites\/#\/schema\/logo\/image\/\"}},{\"@type\":\"Person\",\"@id\":\"https:\/\/vieassociative.be\/actualites\/#\/schema\/person\/b87ac4f82f9d4e7b7cec7395b679edc4\",\"name\":\"Julien\",\"image\":{\"@type\":\"ImageObject\",\"inLanguage\":\"fr-BE\",\"@id\":\"https:\/\/vieassociative.be\/actualites\/#\/schema\/person\/image\/\",\"url\":\"https:\/\/vieassociative.be\/actualites\/wp-content\/uploads\/2024\/09\/vie-associative-1-150x150.jpg\",\"contentUrl\":\"https:\/\/vieassociative.be\/actualites\/wp-content\/uploads\/2024\/09\/vie-associative-1-150x150.jpg\",\"caption\":\"Julien\"},\"description\":\"Je suis Julien, r\u00e9dacteur pour Vie Associative. Passionn\u00e9 par le monde associatif depuis plus de 10 ans, j'ai \u00e0 c\u0153ur de partager des histoires inspirantes et de mettre en lumi\u00e8re les initiatives locales. Mon objectif est de sensibiliser et d'encourager l'engagement communautaire \u00e0 travers mes articles.\",\"sameAs\":[\"https:\/\/vieassociative.be\/\"]}]}<\/script>\n<!-- \/ Yoast SEO plugin. -->","yoast_head_json":{"title":"Le Kindle Colordeft aggravera vos livres | Vie Associative","robots":{"index":"index","follow":"follow","max-snippet":"max-snippet:-1","max-image-preview":"max-image-preview:large","max-video-preview":"max-video-preview:-1"},"canonical":"https:\/\/vieassociative.be\/actualites\/le-kindle-colordeft-aggravera-vos-livres\/","og_locale":"fr_FR","og_type":"article","og_title":"Le Kindle Colordeft aggravera vos livres | Vie Associative","og_description":"Si tout ce que vous faites est de lire du contenu en noir et blanc, comme les livres et les mangas, ne gaspillez pas votre","og_url":"https:\/\/vieassociative.be\/actualites\/le-kindle-colordeft-aggravera-vos-livres\/","og_site_name":"Vie Associative","article_published_time":"2025-08-01T07:18:39+00:00","og_image":[{"url":"https:\/\/vieassociative.be\/actualites\/wp-content\/uploads\/2025\/08\/Le-Kindle-Colordeft-aggravera-vos-livres.jpg","type":"","width":"","height":""}],"author":"Julien","twitter_card":"summary_large_image","twitter_misc":{"\u00c9crit par":"Julien","Dur\u00e9e de lecture est.":"6 minutes"},"schema":{"@context":"https:\/\/schema.org","@graph":[{"@type":"Article","@id":"https:\/\/vieassociative.be\/actualites\/le-kindle-colordeft-aggravera-vos-livres\/#article","isPartOf":{"@id":"https:\/\/vieassociative.be\/actualites\/le-kindle-colordeft-aggravera-vos-livres\/"},"author":{"name":"Julien","@id":"https:\/\/vieassociative.be\/actualites\/#\/schema\/person\/b87ac4f82f9d4e7b7cec7395b679edc4"},"headline":"Le Kindle Colordeft aggravera vos livres","datePublished":"2025-08-01T07:18:39+00:00","dateModified":"2025-08-01T07:18:39+00:00","mainEntityOfPage":{"@id":"https:\/\/vieassociative.be\/actualites\/le-kindle-colordeft-aggravera-vos-livres\/"},"wordCount":1354,"publisher":{"@id":"https:\/\/vieassociative.be\/actualites\/#organization"},"image":{"@id":"https:\/\/vieassociative.be\/actualites\/le-kindle-colordeft-aggravera-vos-livres\/#primaryimage"},"thumbnailUrl":"https:\/\/vieassociative.be\/actualites\/wp-content\/uploads\/2025\/08\/1754032720_Le-Kindle-Colordeft-aggravera-vos-livres.jpg","keywords":["aggravera","Colordeft","Kindle","livres","vos"],"articleSection":["Technologie"],"inLanguage":"fr-BE"},{"@type":"WebPage","@id":"https:\/\/vieassociative.be\/actualites\/le-kindle-colordeft-aggravera-vos-livres\/","url":"https:\/\/vieassociative.be\/actualites\/le-kindle-colordeft-aggravera-vos-livres\/","name":"Le Kindle Colordeft aggravera vos livres | Vie Associative","isPartOf":{"@id":"https:\/\/vieassociative.be\/actualites\/#website"},"primaryImageOfPage":{"@id":"https:\/\/vieassociative.be\/actualites\/le-kindle-colordeft-aggravera-vos-livres\/#primaryimage"},"image":{"@id":"https:\/\/vieassociative.be\/actualites\/le-kindle-colordeft-aggravera-vos-livres\/#primaryimage"},"thumbnailUrl":"https:\/\/vieassociative.be\/actualites\/wp-content\/uploads\/2025\/08\/1754032720_Le-Kindle-Colordeft-aggravera-vos-livres.jpg","datePublished":"2025-08-01T07:18:39+00:00","dateModified":"2025-08-01T07:18:39+00:00","breadcrumb":{"@id":"https:\/\/vieassociative.be\/actualites\/le-kindle-colordeft-aggravera-vos-livres\/#breadcrumb"},"inLanguage":"fr-BE","potentialAction":[{"@type":"ReadAction","target":["https:\/\/vieassociative.be\/actualites\/le-kindle-colordeft-aggravera-vos-livres\/"]}]},{"@type":"ImageObject","inLanguage":"fr-BE","@id":"https:\/\/vieassociative.be\/actualites\/le-kindle-colordeft-aggravera-vos-livres\/#primaryimage","url":"https:\/\/vieassociative.be\/actualites\/wp-content\/uploads\/2025\/08\/1754032720_Le-Kindle-Colordeft-aggravera-vos-livres.jpg","contentUrl":"https:\/\/vieassociative.be\/actualites\/wp-content\/uploads\/2025\/08\/1754032720_Le-Kindle-Colordeft-aggravera-vos-livres.jpg","width":1200,"height":675,"caption":"Le Kindle Colordeft aggravera vos livres"},{"@type":"BreadcrumbList","@id":"https:\/\/vieassociative.be\/actualites\/le-kindle-colordeft-aggravera-vos-livres\/#breadcrumb","itemListElement":[{"@type":"ListItem","position":1,"name":"Accueil","item":"https:\/\/vieassociative.be\/actualites\/"},{"@type":"ListItem","position":2,"name":"Le Kindle Colordeft aggravera vos livres"}]},{"@type":"WebSite","@id":"https:\/\/vieassociative.be\/actualites\/#website","url":"https:\/\/vieassociative.be\/actualites\/","name":"Vie Associative","description":"","publisher":{"@id":"https:\/\/vieassociative.be\/actualites\/#organization"},"potentialAction":[{"@type":"SearchAction","target":{"@type":"EntryPoint","urlTemplate":"https:\/\/vieassociative.be\/actualites\/?s={search_term_string}"},"query-input":{"@type":"PropertyValueSpecification","valueRequired":true,"valueName":"search_term_string"}}],"inLanguage":"fr-BE"},{"@type":"Organization","@id":"https:\/\/vieassociative.be\/actualites\/#organization","name":"Vie Associative","url":"https:\/\/vieassociative.be\/actualites\/","logo":{"@type":"ImageObject","inLanguage":"fr-BE","@id":"https:\/\/vieassociative.be\/actualites\/#\/schema\/logo\/image\/","url":"https:\/\/vieassociative.be\/actualites\/wp-content\/uploads\/2024\/09\/cropped-vieassociative_favicon.ico.png","contentUrl":"https:\/\/vieassociative.be\/actualites\/wp-content\/uploads\/2024\/09\/cropped-vieassociative_favicon.ico.png","width":512,"height":512,"caption":"Vie Associative"},"image":{"@id":"https:\/\/vieassociative.be\/actualites\/#\/schema\/logo\/image\/"}},{"@type":"Person","@id":"https:\/\/vieassociative.be\/actualites\/#\/schema\/person\/b87ac4f82f9d4e7b7cec7395b679edc4","name":"Julien","image":{"@type":"ImageObject","inLanguage":"fr-BE","@id":"https:\/\/vieassociative.be\/actualites\/#\/schema\/person\/image\/","url":"https:\/\/vieassociative.be\/actualites\/wp-content\/uploads\/2024\/09\/vie-associative-1-150x150.jpg","contentUrl":"https:\/\/vieassociative.be\/actualites\/wp-content\/uploads\/2024\/09\/vie-associative-1-150x150.jpg","caption":"Julien"},"description":"Je suis Julien, r\u00e9dacteur pour Vie Associative. Passionn\u00e9 par le monde associatif depuis plus de 10 ans, j'ai \u00e0 c\u0153ur de partager des histoires inspirantes et de mettre en lumi\u00e8re les initiatives locales. Mon objectif est de sensibiliser et d'encourager l'engagement communautaire \u00e0 travers mes articles.","sameAs":["https:\/\/vieassociative.be\/"]}]}},"_links":{"self":[{"href":"https:\/\/vieassociative.be\/actualites\/wp-json\/wp\/v2\/posts\/9139"}],"collection":[{"href":"https:\/\/vieassociative.be\/actualites\/wp-json\/wp\/v2\/posts"}],"about":[{"href":"https:\/\/vieassociative.be\/actualites\/wp-json\/wp\/v2\/types\/post"}],"author":[{"embeddable":true,"href":"https:\/\/vieassociative.be\/actualites\/wp-json\/wp\/v2\/users\/1"}],"replies":[{"embeddable":true,"href":"https:\/\/vieassociative.be\/actualites\/wp-json\/wp\/v2\/comments?post=9139"}],"version-history":[{"count":0,"href":"https:\/\/vieassociative.be\/actualites\/wp-json\/wp\/v2\/posts\/9139\/revisions"}],"wp:featuredmedia":[{"embeddable":true,"href":"https:\/\/vieassociative.be\/actualites\/wp-json\/wp\/v2\/media\/9140"}],"wp:attachment":[{"href":"https:\/\/vieassociative.be\/actualites\/wp-json\/wp\/v2\/media?parent=9139"}],"wp:term":[{"taxonomy":"category","embeddable":true,"href":"https:\/\/vieassociative.be\/actualites\/wp-json\/wp\/v2\/categories?post=9139"},{"taxonomy":"post_tag","embeddable":true,"href":"https:\/\/vieassociative.be\/actualites\/wp-json\/wp\/v2\/tags?post=9139"}],"curies":[{"name":"wp","href":"https:\/\/api.w.org\/{rel}","templated":true}]}}