{"id":9133,"date":"2025-08-01T01:19:22","date_gmt":"2025-07-31T23:19:22","guid":{"rendered":"https:\/\/vieassociative.be\/actualites\/le-pixel-8-pro-est-de-pres-de-50-de-reduction-et-il-est-livre-avec-une-montre-pixel-gratuite-2\/"},"modified":"2025-08-01T01:19:22","modified_gmt":"2025-07-31T23:19:22","slug":"le-pixel-8-pro-est-de-pres-de-50-de-reduction-et-il-est-livre-avec-une-montre-pixel-gratuite-2","status":"publish","type":"post","link":"https:\/\/vieassociative.be\/actualites\/le-pixel-8-pro-est-de-pres-de-50-de-reduction-et-il-est-livre-avec-une-montre-pixel-gratuite-2\/","title":{"rendered":"Le Pixel 8 Pro est de pr\u00e8s de 50% de r\u00e9duction, et il est livr\u00e9 avec une montre Pixel gratuite 2"},"content":{"rendered":"<div class=\"mt-4 leading-6 md:mb-8\">Si vous \u00eates pr\u00eat \u00e0 sauter dans l&rsquo;\u00e9cosyst\u00e8me Google, c&rsquo;est une affaire \u00e0 explorer.<\/div>\n<p><\/p>\n<p>Google a officiellement annonc\u00e9 la gamme Google Pixel 10 qui sera publi\u00e9e en ao\u00fbt, avec le Pixel Watch 4, il est donc logique qu&rsquo;ils essaient de se d\u00e9barrasser de l&rsquo;inventaire de leurs anciens mod\u00e8les \u00e0 des remises. En ce moment, ils offrent le Pixel 8 Pro pour <strong>599,99 $<\/strong> (\u00e0 l&rsquo;origine 999,99 $), aux c\u00f4t\u00e9s du Pixel Watch 2 (199,99) et du cas officiel de Pixel 8 Pro (34,99 $), tous deux gratuitement. C&rsquo;est une affaire int\u00e9ressante si vous cherchez \u00e0 obtenir un t\u00e9l\u00e9phone pro avec un budget ou \u00e0 lancer le voyage dans l&rsquo;\u00e9cosyst\u00e8me Google.<\/p>\n<div class=\"pogoClear mb-12 mt-10 rounded-md border-2 border-gray-100 py-7 shadow-xl md:py-6\">\n<div class=\"flex flex-wrap justify-between px-7 text-black no-underline md:flex-nowrap md:px-8\">\n<div class=\"order-1 mx-auto flex flex-col justify-center md:order-2 md:ml-4 md:w-full md:grow\">\n<div class=\"block cursor-pointer text-center font-akshar text-2xl font-medium leading-7 text-brand-green duration-200 ease-in-out hover:text-brand-green-700 md:text-left md:text-xl md:leading-6\">Google Pixel 8 Pro (avec une montre \u00e0 pixels gratuite 2 et Case)\n                <\/div>\n<div class=\"mt-4 hidden md:flex md:justify-between\">\n<div class=\"self-end\">\n<div class=\"mb-0 h-11 md:flex md:flex-col md:justify-center\">\n<div class=\" font-sans leading-4 text-black\">\n<div class=\"flex flex-wrap items-center justify-center gap-1 md:justify-start\">\n        <span class=\"font-bold\"><\/p>\n<p>            599,99 $<br \/>\n                            <span class=\"font-medium\">\u00e0 Google<\/span><br \/>\n                    <\/span>\n            <\/div>\n<div class=\"flex items-center justify-center gap-x-1 font-bold md:justify-start\">\n            <span class=\"text-sm line-through\">999,99 $<\/span><br \/>\n            <span class=\"text-sm text-brand-green\">\u00c9conomisez 400,00 $<\/span>\n        <\/div>\n<\/p><\/div>\n<\/p><\/div>\n<\/p><\/div>\n<div class=\"w-44 self-end\">\n                            <button class=\"flex justify-center items-center w-full bg-brand-green text-white text-base font-sans font-medium rounded-md hover:bg-brand-green-700 hover:cursor-pointer md:text-sm h-11\"><\/p>\n<p>    Conclure un accord<br \/>\n<\/button>\n                        <\/div>\n<\/p><\/div>\n<\/p><\/div>\n<div class=\"order-2 mt-5 h-auto w-full md:order-1 md:mt-0 md:hidden\">\n<div class=\"flex aspect-video items-center justify-center\">\n                                            <img decoding=\"async\" class=\"m-0 max-h-full max-w-full rounded-md\" src=\"https:\/\/vieassociative.be\/actualites\/wp-content\/uploads\/2025\/08\/Le-Pixel-8-Pro-est-de-pres-de-50-de.jpg\" alt=\"Google Pixel 8 Pro\" width=\"auto\" height=\"auto\" loading=\"lazy\">\n                                    <\/div>\n<\/p><\/div>\n<div class=\"order-2 ml-2 hidden w-32 shrink-0 items-center md:order-1 md:ml-0 md:flex\">\n<div class=\"flex aspect-video items-center justify-center\">\n                                            <img decoding=\"async\" class=\"m-0 max-h-full max-w-full rounded-md\" src=\"https:\/\/vieassociative.be\/actualites\/wp-content\/uploads\/2025\/08\/Le-Pixel-8-Pro-est-de-pres-de-50-de.jpg\" alt=\"Google Pixel 8 Pro\" width=\"auto\" height=\"auto\" loading=\"lazy\">\n                                    <\/div>\n<\/p><\/div>\n<div class=\"order-3 flex grow flex-wrap md:hidden md:grow-0\">\n<div class=\"mt-4 w-full\">\n                        <button class=\"flex justify-center items-center w-full bg-brand-green text-white text-base font-sans font-medium rounded-md hover:bg-brand-green-700 hover:cursor-pointer md:text-sm h-11\"><\/p>\n<p>    Conclure un accord<br \/>\n<\/button>\n                    <\/div>\n<div class=\"mx-2 mt-4 w-full\">\n<div class=\" font-sans leading-4 text-black\">\n<div class=\"flex flex-wrap items-center justify-center gap-1 md:justify-start\">\n        <span class=\"font-bold\"><\/p>\n<p>            599,99 $<br \/>\n                            <span class=\"font-medium\">\u00e0 Google<\/span><br \/>\n                    <\/span>\n            <\/div>\n<div class=\"flex items-center justify-center gap-x-1 font-bold md:justify-start\">\n            <span class=\"text-sm line-through\">999,99 $<\/span><br \/>\n            <span class=\"text-sm text-brand-green\">\u00c9conomisez 400,00 $<\/span>\n        <\/div>\n<\/p><\/div>\n<\/p><\/div>\n<\/p><\/div>\n<\/p><\/div>\n<\/div>\n<p>Vous obtiendrez environ neuf heures de dur\u00e9e de vie de la batterie du Pixel 8 Pro; une cam\u00e9ra arri\u00e8re de 50 MP, 48MP, 48MP; et une cam\u00e9ra frontale de 10,5 MP. L&rsquo;\u00e9cran OLED est de 6,7 pouces avec une r\u00e9solution de 2 992 par 1344 pixels et un taux de rafra\u00eechissement de 120 Hz. La luminosit\u00e9 maximale atteint 2 400 nits. Vous pouvez en lire plus en d\u00e9tail sur notre revue Pixel 8 Pro.<\/p>\n<p>Le Pixel 8 Pro est toujours un excellent t\u00e9l\u00e9phone en 2025, avec une prise en charge des tonnes de fonctionnalit\u00e9s d&rsquo;IA qui rendent le t\u00e9l\u00e9phone frais m\u00eame un an apr\u00e8s sa sortie. Google a \u00e9galement travaill\u00e9 dur pour r\u00e9parer les vuln\u00e9rabilit\u00e9s sur leurs t\u00e9l\u00e9phones Pixels d\u00e8s le Pixel 6, ce qui signifie que le Pixel 8 Pro sera pris en charge avec des mises \u00e0 jour logicielles pendant un certain temps (jusqu&rsquo;\u00e0 sept ans). Google continue \u00e9galement de laisser tomber de nouvelles fonctionnalit\u00e9s de pixels tous les quelques mois, y compris la \u00ab\u00a0Eraser Magic audio\u00a0\u00bb, qui se d\u00e9barrasse des sons distrayants dans les vid\u00e9os, et la fonction \u00ab\u00a0Best Take\u00a0\u00bb, qui vous permet de choisir le meilleur coup dans une s\u00e9rie de photos. <\/p>\n<p>Le Pixel Watch 2 offre 33 heures de batterie, un processeur Qualcomm 5100, un \u00e9cran AMOLED brillant et une multitude de fonctionnalit\u00e9s, y compris un acc\u00e9l\u00e9rom\u00e8tre, un GPS, un moniteur d&rsquo;oxyg\u00e8ne sanguin, un capteur de temp\u00e9rature et d&rsquo;autres. La smartwatch est not\u00e9e IP68 pour la r\u00e9sistance \u00e0 la poussi\u00e8re et \u00e0 l&rsquo;eau (vous pouvez la plonger jusqu&rsquo;\u00e0 164 pieds sous l&rsquo;eau). Vous pouvez en lire plus en d\u00e9tail dans notre revue.<\/p>\n","protected":false},"excerpt":{"rendered":"<p>Si vous \u00eates pr\u00eat \u00e0 sauter dans l&rsquo;\u00e9cosyst\u00e8me Google, c&rsquo;est une affaire \u00e0 explorer. Google a officiellement annonc\u00e9 la gamme Google Pixel 10 qui sera<\/p>\n","protected":false},"author":1,"featured_media":9134,"comment_status":"","ping_status":"","sticky":false,"template":"","format":"standard","meta":{"footnotes":""},"categories":[13],"tags":[61,76,2157,2390,1252,1278,1750,630,308,110],"class_list":["post-9133","post","type-post","status-publish","format-standard","has-post-thumbnail","hentry","category-technologie","tag-avec","tag-est","tag-gratuite","tag-livre","tag-montre","tag-pixel","tag-pres","tag-pro","tag-reduction","tag-une","generate-columns","tablet-grid-50","mobile-grid-100","grid-parent","grid-33"],"yoast_head":"<!-- This site is optimized with the Yoast SEO plugin v24.0 - https:\/\/yoast.com\/wordpress\/plugins\/seo\/ -->\n<title>Le Pixel 8 Pro est de pr\u00e8s de 50% de r\u00e9duction, et il est livr\u00e9 avec une montre Pixel gratuite 2 | Vie Associative<\/title>\n<meta name=\"robots\" content=\"index, follow, max-snippet:-1, max-image-preview:large, max-video-preview:-1\" \/>\n<link rel=\"canonical\" href=\"https:\/\/vieassociative.be\/actualites\/le-pixel-8-pro-est-de-pres-de-50-de-reduction-et-il-est-livre-avec-une-montre-pixel-gratuite-2\/\" \/>\n<meta property=\"og:locale\" content=\"fr_FR\" \/>\n<meta property=\"og:type\" content=\"article\" \/>\n<meta property=\"og:title\" content=\"Le Pixel 8 Pro est de pr\u00e8s de 50% de r\u00e9duction, et il est livr\u00e9 avec une montre Pixel gratuite 2 | Vie Associative\" \/>\n<meta property=\"og:description\" content=\"Si vous \u00eates pr\u00eat \u00e0 sauter dans l&rsquo;\u00e9cosyst\u00e8me Google, c&rsquo;est une affaire \u00e0 explorer. Google a officiellement annonc\u00e9 la gamme Google Pixel 10 qui sera\" \/>\n<meta property=\"og:url\" content=\"https:\/\/vieassociative.be\/actualites\/le-pixel-8-pro-est-de-pres-de-50-de-reduction-et-il-est-livre-avec-une-montre-pixel-gratuite-2\/\" \/>\n<meta property=\"og:site_name\" content=\"Vie Associative\" \/>\n<meta property=\"article:published_time\" content=\"2025-07-31T23:19:22+00:00\" \/>\n<meta property=\"og:image\" content=\"https:\/\/vieassociative.be\/actualites\/wp-content\/uploads\/2025\/08\/Le-Pixel-8-Pro-est-de-pres-de-50-de.jpg\" \/>\n<meta name=\"author\" content=\"Julien\" \/>\n<meta name=\"twitter:card\" content=\"summary_large_image\" \/>\n<meta name=\"twitter:label1\" content=\"\u00c9crit par\" \/>\n\t<meta name=\"twitter:data1\" content=\"Julien\" \/>\n\t<meta name=\"twitter:label2\" content=\"Dur\u00e9e de lecture est.\" \/>\n\t<meta name=\"twitter:data2\" content=\"2 minutes\" \/>\n<script type=\"application\/ld+json\" class=\"yoast-schema-graph\">{\"@context\":\"https:\/\/schema.org\",\"@graph\":[{\"@type\":\"Article\",\"@id\":\"https:\/\/vieassociative.be\/actualites\/le-pixel-8-pro-est-de-pres-de-50-de-reduction-et-il-est-livre-avec-une-montre-pixel-gratuite-2\/#article\",\"isPartOf\":{\"@id\":\"https:\/\/vieassociative.be\/actualites\/le-pixel-8-pro-est-de-pres-de-50-de-reduction-et-il-est-livre-avec-une-montre-pixel-gratuite-2\/\"},\"author\":{\"name\":\"Julien\",\"@id\":\"https:\/\/vieassociative.be\/actualites\/#\/schema\/person\/b87ac4f82f9d4e7b7cec7395b679edc4\"},\"headline\":\"Le Pixel 8 Pro est de pr\u00e8s de 50% de r\u00e9duction, et il est livr\u00e9 avec une montre Pixel gratuite 2\",\"datePublished\":\"2025-07-31T23:19:22+00:00\",\"dateModified\":\"2025-07-31T23:19:22+00:00\",\"mainEntityOfPage\":{\"@id\":\"https:\/\/vieassociative.be\/actualites\/le-pixel-8-pro-est-de-pres-de-50-de-reduction-et-il-est-livre-avec-une-montre-pixel-gratuite-2\/\"},\"wordCount\":436,\"publisher\":{\"@id\":\"https:\/\/vieassociative.be\/actualites\/#organization\"},\"image\":{\"@id\":\"https:\/\/vieassociative.be\/actualites\/le-pixel-8-pro-est-de-pres-de-50-de-reduction-et-il-est-livre-avec-une-montre-pixel-gratuite-2\/#primaryimage\"},\"thumbnailUrl\":\"https:\/\/vieassociative.be\/actualites\/wp-content\/uploads\/2025\/08\/Le-Pixel-8-Pro-est-de-pres-de-50-de.png\",\"keywords\":[\"avec\",\"est\",\"gratuite\",\"Livre\",\"montre\",\"Pixel\",\"pr\u00e8s\",\"Pro\",\"r\u00e9duction\",\"une\"],\"articleSection\":[\"Technologie\"],\"inLanguage\":\"fr-BE\"},{\"@type\":\"WebPage\",\"@id\":\"https:\/\/vieassociative.be\/actualites\/le-pixel-8-pro-est-de-pres-de-50-de-reduction-et-il-est-livre-avec-une-montre-pixel-gratuite-2\/\",\"url\":\"https:\/\/vieassociative.be\/actualites\/le-pixel-8-pro-est-de-pres-de-50-de-reduction-et-il-est-livre-avec-une-montre-pixel-gratuite-2\/\",\"name\":\"Le Pixel 8 Pro est de pr\u00e8s de 50% de r\u00e9duction, et il est livr\u00e9 avec une montre Pixel gratuite 2 | Vie Associative\",\"isPartOf\":{\"@id\":\"https:\/\/vieassociative.be\/actualites\/#website\"},\"primaryImageOfPage\":{\"@id\":\"https:\/\/vieassociative.be\/actualites\/le-pixel-8-pro-est-de-pres-de-50-de-reduction-et-il-est-livre-avec-une-montre-pixel-gratuite-2\/#primaryimage\"},\"image\":{\"@id\":\"https:\/\/vieassociative.be\/actualites\/le-pixel-8-pro-est-de-pres-de-50-de-reduction-et-il-est-livre-avec-une-montre-pixel-gratuite-2\/#primaryimage\"},\"thumbnailUrl\":\"https:\/\/vieassociative.be\/actualites\/wp-content\/uploads\/2025\/08\/Le-Pixel-8-Pro-est-de-pres-de-50-de.png\",\"datePublished\":\"2025-07-31T23:19:22+00:00\",\"dateModified\":\"2025-07-31T23:19:22+00:00\",\"breadcrumb\":{\"@id\":\"https:\/\/vieassociative.be\/actualites\/le-pixel-8-pro-est-de-pres-de-50-de-reduction-et-il-est-livre-avec-une-montre-pixel-gratuite-2\/#breadcrumb\"},\"inLanguage\":\"fr-BE\",\"potentialAction\":[{\"@type\":\"ReadAction\",\"target\":[\"https:\/\/vieassociative.be\/actualites\/le-pixel-8-pro-est-de-pres-de-50-de-reduction-et-il-est-livre-avec-une-montre-pixel-gratuite-2\/\"]}]},{\"@type\":\"ImageObject\",\"inLanguage\":\"fr-BE\",\"@id\":\"https:\/\/vieassociative.be\/actualites\/le-pixel-8-pro-est-de-pres-de-50-de-reduction-et-il-est-livre-avec-une-montre-pixel-gratuite-2\/#primaryimage\",\"url\":\"https:\/\/vieassociative.be\/actualites\/wp-content\/uploads\/2025\/08\/Le-Pixel-8-Pro-est-de-pres-de-50-de.png\",\"contentUrl\":\"https:\/\/vieassociative.be\/actualites\/wp-content\/uploads\/2025\/08\/Le-Pixel-8-Pro-est-de-pres-de-50-de.png\",\"width\":1200,\"height\":675,\"caption\":\"Le Pixel 8 Pro est de pr\u00e8s de 50% de r\u00e9duction, et il est livr\u00e9 avec une montre Pixel gratuite 2\"},{\"@type\":\"BreadcrumbList\",\"@id\":\"https:\/\/vieassociative.be\/actualites\/le-pixel-8-pro-est-de-pres-de-50-de-reduction-et-il-est-livre-avec-une-montre-pixel-gratuite-2\/#breadcrumb\",\"itemListElement\":[{\"@type\":\"ListItem\",\"position\":1,\"name\":\"Accueil\",\"item\":\"https:\/\/vieassociative.be\/actualites\/\"},{\"@type\":\"ListItem\",\"position\":2,\"name\":\"Le Pixel 8 Pro est de pr\u00e8s de 50% de r\u00e9duction, et il est livr\u00e9 avec une montre Pixel gratuite 2\"}]},{\"@type\":\"WebSite\",\"@id\":\"https:\/\/vieassociative.be\/actualites\/#website\",\"url\":\"https:\/\/vieassociative.be\/actualites\/\",\"name\":\"Vie Associative\",\"description\":\"\",\"publisher\":{\"@id\":\"https:\/\/vieassociative.be\/actualites\/#organization\"},\"potentialAction\":[{\"@type\":\"SearchAction\",\"target\":{\"@type\":\"EntryPoint\",\"urlTemplate\":\"https:\/\/vieassociative.be\/actualites\/?s={search_term_string}\"},\"query-input\":{\"@type\":\"PropertyValueSpecification\",\"valueRequired\":true,\"valueName\":\"search_term_string\"}}],\"inLanguage\":\"fr-BE\"},{\"@type\":\"Organization\",\"@id\":\"https:\/\/vieassociative.be\/actualites\/#organization\",\"name\":\"Vie Associative\",\"url\":\"https:\/\/vieassociative.be\/actualites\/\",\"logo\":{\"@type\":\"ImageObject\",\"inLanguage\":\"fr-BE\",\"@id\":\"https:\/\/vieassociative.be\/actualites\/#\/schema\/logo\/image\/\",\"url\":\"https:\/\/vieassociative.be\/actualites\/wp-content\/uploads\/2024\/09\/cropped-vieassociative_favicon.ico.png\",\"contentUrl\":\"https:\/\/vieassociative.be\/actualites\/wp-content\/uploads\/2024\/09\/cropped-vieassociative_favicon.ico.png\",\"width\":512,\"height\":512,\"caption\":\"Vie Associative\"},\"image\":{\"@id\":\"https:\/\/vieassociative.be\/actualites\/#\/schema\/logo\/image\/\"}},{\"@type\":\"Person\",\"@id\":\"https:\/\/vieassociative.be\/actualites\/#\/schema\/person\/b87ac4f82f9d4e7b7cec7395b679edc4\",\"name\":\"Julien\",\"image\":{\"@type\":\"ImageObject\",\"inLanguage\":\"fr-BE\",\"@id\":\"https:\/\/vieassociative.be\/actualites\/#\/schema\/person\/image\/\",\"url\":\"https:\/\/vieassociative.be\/actualites\/wp-content\/uploads\/2024\/09\/vie-associative-1-150x150.jpg\",\"contentUrl\":\"https:\/\/vieassociative.be\/actualites\/wp-content\/uploads\/2024\/09\/vie-associative-1-150x150.jpg\",\"caption\":\"Julien\"},\"description\":\"Je suis Julien, r\u00e9dacteur pour Vie Associative. Passionn\u00e9 par le monde associatif depuis plus de 10 ans, j'ai \u00e0 c\u0153ur de partager des histoires inspirantes et de mettre en lumi\u00e8re les initiatives locales. Mon objectif est de sensibiliser et d'encourager l'engagement communautaire \u00e0 travers mes articles.\",\"sameAs\":[\"https:\/\/vieassociative.be\/\"]}]}<\/script>\n<!-- \/ Yoast SEO plugin. -->","yoast_head_json":{"title":"Le Pixel 8 Pro est de pr\u00e8s de 50% de r\u00e9duction, et il est livr\u00e9 avec une montre Pixel gratuite 2 | Vie Associative","robots":{"index":"index","follow":"follow","max-snippet":"max-snippet:-1","max-image-preview":"max-image-preview:large","max-video-preview":"max-video-preview:-1"},"canonical":"https:\/\/vieassociative.be\/actualites\/le-pixel-8-pro-est-de-pres-de-50-de-reduction-et-il-est-livre-avec-une-montre-pixel-gratuite-2\/","og_locale":"fr_FR","og_type":"article","og_title":"Le Pixel 8 Pro est de pr\u00e8s de 50% de r\u00e9duction, et il est livr\u00e9 avec une montre Pixel gratuite 2 | Vie Associative","og_description":"Si vous \u00eates pr\u00eat \u00e0 sauter dans l&rsquo;\u00e9cosyst\u00e8me Google, c&rsquo;est une affaire \u00e0 explorer. Google a officiellement annonc\u00e9 la gamme Google Pixel 10 qui sera","og_url":"https:\/\/vieassociative.be\/actualites\/le-pixel-8-pro-est-de-pres-de-50-de-reduction-et-il-est-livre-avec-une-montre-pixel-gratuite-2\/","og_site_name":"Vie Associative","article_published_time":"2025-07-31T23:19:22+00:00","og_image":[{"url":"https:\/\/vieassociative.be\/actualites\/wp-content\/uploads\/2025\/08\/Le-Pixel-8-Pro-est-de-pres-de-50-de.jpg","type":"","width":"","height":""}],"author":"Julien","twitter_card":"summary_large_image","twitter_misc":{"\u00c9crit par":"Julien","Dur\u00e9e de lecture est.":"2 minutes"},"schema":{"@context":"https:\/\/schema.org","@graph":[{"@type":"Article","@id":"https:\/\/vieassociative.be\/actualites\/le-pixel-8-pro-est-de-pres-de-50-de-reduction-et-il-est-livre-avec-une-montre-pixel-gratuite-2\/#article","isPartOf":{"@id":"https:\/\/vieassociative.be\/actualites\/le-pixel-8-pro-est-de-pres-de-50-de-reduction-et-il-est-livre-avec-une-montre-pixel-gratuite-2\/"},"author":{"name":"Julien","@id":"https:\/\/vieassociative.be\/actualites\/#\/schema\/person\/b87ac4f82f9d4e7b7cec7395b679edc4"},"headline":"Le Pixel 8 Pro est de pr\u00e8s de 50% de r\u00e9duction, et il est livr\u00e9 avec une montre Pixel gratuite 2","datePublished":"2025-07-31T23:19:22+00:00","dateModified":"2025-07-31T23:19:22+00:00","mainEntityOfPage":{"@id":"https:\/\/vieassociative.be\/actualites\/le-pixel-8-pro-est-de-pres-de-50-de-reduction-et-il-est-livre-avec-une-montre-pixel-gratuite-2\/"},"wordCount":436,"publisher":{"@id":"https:\/\/vieassociative.be\/actualites\/#organization"},"image":{"@id":"https:\/\/vieassociative.be\/actualites\/le-pixel-8-pro-est-de-pres-de-50-de-reduction-et-il-est-livre-avec-une-montre-pixel-gratuite-2\/#primaryimage"},"thumbnailUrl":"https:\/\/vieassociative.be\/actualites\/wp-content\/uploads\/2025\/08\/Le-Pixel-8-Pro-est-de-pres-de-50-de.png","keywords":["avec","est","gratuite","Livre","montre","Pixel","pr\u00e8s","Pro","r\u00e9duction","une"],"articleSection":["Technologie"],"inLanguage":"fr-BE"},{"@type":"WebPage","@id":"https:\/\/vieassociative.be\/actualites\/le-pixel-8-pro-est-de-pres-de-50-de-reduction-et-il-est-livre-avec-une-montre-pixel-gratuite-2\/","url":"https:\/\/vieassociative.be\/actualites\/le-pixel-8-pro-est-de-pres-de-50-de-reduction-et-il-est-livre-avec-une-montre-pixel-gratuite-2\/","name":"Le Pixel 8 Pro est de pr\u00e8s de 50% de r\u00e9duction, et il est livr\u00e9 avec une montre Pixel gratuite 2 | Vie Associative","isPartOf":{"@id":"https:\/\/vieassociative.be\/actualites\/#website"},"primaryImageOfPage":{"@id":"https:\/\/vieassociative.be\/actualites\/le-pixel-8-pro-est-de-pres-de-50-de-reduction-et-il-est-livre-avec-une-montre-pixel-gratuite-2\/#primaryimage"},"image":{"@id":"https:\/\/vieassociative.be\/actualites\/le-pixel-8-pro-est-de-pres-de-50-de-reduction-et-il-est-livre-avec-une-montre-pixel-gratuite-2\/#primaryimage"},"thumbnailUrl":"https:\/\/vieassociative.be\/actualites\/wp-content\/uploads\/2025\/08\/Le-Pixel-8-Pro-est-de-pres-de-50-de.png","datePublished":"2025-07-31T23:19:22+00:00","dateModified":"2025-07-31T23:19:22+00:00","breadcrumb":{"@id":"https:\/\/vieassociative.be\/actualites\/le-pixel-8-pro-est-de-pres-de-50-de-reduction-et-il-est-livre-avec-une-montre-pixel-gratuite-2\/#breadcrumb"},"inLanguage":"fr-BE","potentialAction":[{"@type":"ReadAction","target":["https:\/\/vieassociative.be\/actualites\/le-pixel-8-pro-est-de-pres-de-50-de-reduction-et-il-est-livre-avec-une-montre-pixel-gratuite-2\/"]}]},{"@type":"ImageObject","inLanguage":"fr-BE","@id":"https:\/\/vieassociative.be\/actualites\/le-pixel-8-pro-est-de-pres-de-50-de-reduction-et-il-est-livre-avec-une-montre-pixel-gratuite-2\/#primaryimage","url":"https:\/\/vieassociative.be\/actualites\/wp-content\/uploads\/2025\/08\/Le-Pixel-8-Pro-est-de-pres-de-50-de.png","contentUrl":"https:\/\/vieassociative.be\/actualites\/wp-content\/uploads\/2025\/08\/Le-Pixel-8-Pro-est-de-pres-de-50-de.png","width":1200,"height":675,"caption":"Le Pixel 8 Pro est de pr\u00e8s de 50% de r\u00e9duction, et il est livr\u00e9 avec une montre Pixel gratuite 2"},{"@type":"BreadcrumbList","@id":"https:\/\/vieassociative.be\/actualites\/le-pixel-8-pro-est-de-pres-de-50-de-reduction-et-il-est-livre-avec-une-montre-pixel-gratuite-2\/#breadcrumb","itemListElement":[{"@type":"ListItem","position":1,"name":"Accueil","item":"https:\/\/vieassociative.be\/actualites\/"},{"@type":"ListItem","position":2,"name":"Le Pixel 8 Pro est de pr\u00e8s de 50% de r\u00e9duction, et il est livr\u00e9 avec une montre Pixel gratuite 2"}]},{"@type":"WebSite","@id":"https:\/\/vieassociative.be\/actualites\/#website","url":"https:\/\/vieassociative.be\/actualites\/","name":"Vie Associative","description":"","publisher":{"@id":"https:\/\/vieassociative.be\/actualites\/#organization"},"potentialAction":[{"@type":"SearchAction","target":{"@type":"EntryPoint","urlTemplate":"https:\/\/vieassociative.be\/actualites\/?s={search_term_string}"},"query-input":{"@type":"PropertyValueSpecification","valueRequired":true,"valueName":"search_term_string"}}],"inLanguage":"fr-BE"},{"@type":"Organization","@id":"https:\/\/vieassociative.be\/actualites\/#organization","name":"Vie Associative","url":"https:\/\/vieassociative.be\/actualites\/","logo":{"@type":"ImageObject","inLanguage":"fr-BE","@id":"https:\/\/vieassociative.be\/actualites\/#\/schema\/logo\/image\/","url":"https:\/\/vieassociative.be\/actualites\/wp-content\/uploads\/2024\/09\/cropped-vieassociative_favicon.ico.png","contentUrl":"https:\/\/vieassociative.be\/actualites\/wp-content\/uploads\/2024\/09\/cropped-vieassociative_favicon.ico.png","width":512,"height":512,"caption":"Vie Associative"},"image":{"@id":"https:\/\/vieassociative.be\/actualites\/#\/schema\/logo\/image\/"}},{"@type":"Person","@id":"https:\/\/vieassociative.be\/actualites\/#\/schema\/person\/b87ac4f82f9d4e7b7cec7395b679edc4","name":"Julien","image":{"@type":"ImageObject","inLanguage":"fr-BE","@id":"https:\/\/vieassociative.be\/actualites\/#\/schema\/person\/image\/","url":"https:\/\/vieassociative.be\/actualites\/wp-content\/uploads\/2024\/09\/vie-associative-1-150x150.jpg","contentUrl":"https:\/\/vieassociative.be\/actualites\/wp-content\/uploads\/2024\/09\/vie-associative-1-150x150.jpg","caption":"Julien"},"description":"Je suis Julien, r\u00e9dacteur pour Vie Associative. Passionn\u00e9 par le monde associatif depuis plus de 10 ans, j'ai \u00e0 c\u0153ur de partager des histoires inspirantes et de mettre en lumi\u00e8re les initiatives locales. Mon objectif est de sensibiliser et d'encourager l'engagement communautaire \u00e0 travers mes articles.","sameAs":["https:\/\/vieassociative.be\/"]}]}},"_links":{"self":[{"href":"https:\/\/vieassociative.be\/actualites\/wp-json\/wp\/v2\/posts\/9133"}],"collection":[{"href":"https:\/\/vieassociative.be\/actualites\/wp-json\/wp\/v2\/posts"}],"about":[{"href":"https:\/\/vieassociative.be\/actualites\/wp-json\/wp\/v2\/types\/post"}],"author":[{"embeddable":true,"href":"https:\/\/vieassociative.be\/actualites\/wp-json\/wp\/v2\/users\/1"}],"replies":[{"embeddable":true,"href":"https:\/\/vieassociative.be\/actualites\/wp-json\/wp\/v2\/comments?post=9133"}],"version-history":[{"count":0,"href":"https:\/\/vieassociative.be\/actualites\/wp-json\/wp\/v2\/posts\/9133\/revisions"}],"wp:featuredmedia":[{"embeddable":true,"href":"https:\/\/vieassociative.be\/actualites\/wp-json\/wp\/v2\/media\/9134"}],"wp:attachment":[{"href":"https:\/\/vieassociative.be\/actualites\/wp-json\/wp\/v2\/media?parent=9133"}],"wp:term":[{"taxonomy":"category","embeddable":true,"href":"https:\/\/vieassociative.be\/actualites\/wp-json\/wp\/v2\/categories?post=9133"},{"taxonomy":"post_tag","embeddable":true,"href":"https:\/\/vieassociative.be\/actualites\/wp-json\/wp\/v2\/tags?post=9133"}],"curies":[{"name":"wp","href":"https:\/\/api.w.org\/{rel}","templated":true}]}}