{"id":9131,"date":"2025-07-31T22:17:29","date_gmt":"2025-07-31T20:17:29","guid":{"rendered":"https:\/\/vieassociative.be\/actualites\/la-belgique-devrait-elle-reconnaitre-la-palestine-gaza-pourrait-devenir-une-pierre-dachoppement-pour-le-gouvernement-de-larizona\/"},"modified":"2025-07-31T22:17:29","modified_gmt":"2025-07-31T20:17:29","slug":"la-belgique-devrait-elle-reconnaitre-la-palestine-gaza-pourrait-devenir-une-pierre-dachoppement-pour-le-gouvernement-de-larizona","status":"publish","type":"post","link":"https:\/\/vieassociative.be\/actualites\/la-belgique-devrait-elle-reconnaitre-la-palestine-gaza-pourrait-devenir-une-pierre-dachoppement-pour-le-gouvernement-de-larizona\/","title":{"rendered":"La Belgique devrait-elle reconna\u00eetre la Palestine? Gaza pourrait devenir une pierre d&rsquo;achoppement pour le gouvernement de l&rsquo;Arizona"},"content":{"rendered":"<p><strong>\u00c0 Bruxelles, il y a actuellement un accident dans l&rsquo;entablature de la coalition \u00ab\u00a0Arizona\u00a0\u00bb. Cependant, ce n&rsquo;est pas une surprise. Avant le gouvernement du Premier ministre Bart De Wever (N-VA), la gauche flamand de Vooruit et le francophone M. ne pouvaient pas \u00eatre en mesure les uns des autres.<\/strong><\/p>\n<p><span id=\"more-421410\"><\/span>Il n&rsquo;y a pas de jour o\u00f9 le CD&#038;V et le vooruit ne demandent pas au gouvernement de changer leur attitude \u00e0 Gaza, d&rsquo;imposer des sanctions contre Isra\u00ebl et \/ ou de reconna\u00eetre l&rsquo;\u00c9tat palestinien.<\/p>\n<p>Jeudi matin, Conner Rousseau, pr\u00e9sident de Vooruit, l&rsquo;une des cinq partis de la coalition, a menac\u00e9 une majorit\u00e9 alternative dans la question du Moyen-Orient. Si M. et N-VA ne changent pas leur attitude envers Gaza, son parti votera avec les factions d&rsquo;opposition dans la chambre. \u00ab\u00a0Si quelqu&rsquo;un peut me prouver que nous aidons la population \u00e0 Gaza en plongeant le gouvernement, je le ferai imm\u00e9diatement\u00a0\u00bb, a d\u00e9clar\u00e9 Rousseau.<\/p>\n<div id=\"attachment_421440\" class=\"wp-caption alignleft\" style=\"max-width: 300px\"><img fetchpriority=\"high\" decoding=\"async\" class=\"wp-image-421440 size-medium\" src=\"https:\/\/vieassociative.be\/actualites\/wp-content\/uploads\/2025\/07\/La-Belgique-devrait-elle-reconnaitre-la-Palestine-Gaza-pourrait-devenir-une.jpg\" alt=\"\" width=\"300\" height=\"200\"><\/div>\n<p>Le N-VA n&rsquo;a certainement pas d&rsquo;autre avis que le MR, mais il semble \u00eatre moins cat\u00e9gorique, probablement parce qu&rsquo;il repr\u00e9sente le Premier ministre. Mercredi, Bart De Wever ne s&rsquo;est pas retrouv\u00e9 avec des sanctions contre Isra\u00ebl.<\/p>\n<p>Le pr\u00e9sident du MR, Georges-Louis Bouchez, reste difficile: la reconnaissance de la Palestine, propos\u00e9e par la France, n&rsquo;am\u00e9liorerait pas la situation humanitaire et serait m\u00eame contre-productive, selon le chef des lib\u00e9raux francophones, qui est de plus en plus isol\u00e9 dans la coalition de l&rsquo;Arizona: le MR est le seul parti.<\/p>\n<p>M. Boss Bouchez \u00e9tait ennuy\u00e9 par RTL-TVI et a expliqu\u00e9 qu&rsquo;il en avait assez du th\u00e9\u00e2tre du pr\u00e9sident de vooruit Rousseau. \u00ab\u00a0Chaque fois qu&rsquo;il a un probl\u00e8me, il nous explique qu&rsquo;il remettra en question sa participation au gouvernement. Ce n&rsquo;est pas une approche tr\u00e8s s\u00e9rieuse. Je pense que les Belges ne comprendraient pas si nous apportons le pays en difficult\u00e9s en raison de questions internationales, dont nous ne pouvons pas r\u00e9soudre le plus.\u00a0\u00bb<\/p>\n<div id=\"attachment_421442\" class=\"wp-caption alignleft\" style=\"max-width: 300px\"><img decoding=\"async\" class=\"wp-image-421442 size-medium\" src=\"https:\/\/vieassociative.be\/actualites\/wp-content\/uploads\/2025\/07\/1753993049_596_La-Belgique-devrait-elle-reconnaitre-la-Palestine-Gaza-pourrait-devenir-une.jpg\" alt=\"\" width=\"300\" height=\"200\"><\/div>\n<p>Bouchez a \u00e9galement soulign\u00e9: \u00ab\u00a0Si des sanctions doivent \u00eatre impos\u00e9es, alors ils doivent \u00eatre convenus entre l&rsquo;Union europ\u00e9enne et les \u00c9tats-Unis. Parce que si seulement l&rsquo;Union europ\u00e9enne agit aujourd&rsquo;hui, les ordres iront aux entreprises am\u00e9ricaines. Le r\u00e9sultat serait qu&rsquo;ils ne finiraient pas d&rsquo;agir comme \u00e7a?\u00a0\u00bb<\/p>\n<p>Cependant, le conflit du Moyen-Orient n&rsquo;est en aucun cas le seul probl\u00e8me dans la Coalition de l&rsquo;Arizona. Apr\u00e8s les vacances d&rsquo;\u00e9t\u00e9, les cinq parties majoritaires doivent \u00e0 nouveau ouvrir le dossier budg\u00e9taire. Bien que le budget et le d\u00e9ficit s&rsquo;aggravent, un ensemble important avec des milliards suppl\u00e9mentaires pour la d\u00e9fense doit \u00eatre mis en \u00e9vidence. Ici aussi, il existe un risque de diff\u00e9rend entre le MR et le N-VA d&rsquo;une part et les trois autres partenaires Les Engages, CD&#038;V et Vooruit d&rsquo;autre part. (Cre)<\/p>\n","protected":false},"excerpt":{"rendered":"<p>\u00c0 Bruxelles, il y a actuellement un accident dans l&rsquo;entablature de la coalition \u00ab\u00a0Arizona\u00a0\u00bb. Cependant, ce n&rsquo;est pas une surprise. Avant le gouvernement du Premier<\/p>\n","protected":false},"author":1,"featured_media":9132,"comment_status":"","ping_status":"","sticky":false,"template":"","format":"standard","meta":{"footnotes":""},"categories":[298],"tags":[383,7987,963,7985,4755,615,4253,7907,7986,81,1041,1285,110],"class_list":["post-9131","post","type-post","status-publish","format-standard","has-post-thumbnail","hentry","category-belgique","tag-belgique","tag-dachoppement","tag-devenir","tag-devraitelle","tag-gaza","tag-gouvernement","tag-larizona","tag-palestine","tag-pierre","tag-pour","tag-pourrait","tag-reconnaitre","tag-une","generate-columns","tablet-grid-50","mobile-grid-100","grid-parent","grid-33"],"yoast_head":"<!-- This site is optimized with the Yoast SEO plugin v24.0 - https:\/\/yoast.com\/wordpress\/plugins\/seo\/ -->\n<title>La Belgique devrait-elle reconna\u00eetre la Palestine? Gaza pourrait devenir une pierre d&#039;achoppement pour le gouvernement de l&#039;Arizona | Vie Associative<\/title>\n<meta name=\"robots\" content=\"index, follow, max-snippet:-1, max-image-preview:large, max-video-preview:-1\" \/>\n<link rel=\"canonical\" href=\"https:\/\/vieassociative.be\/actualites\/la-belgique-devrait-elle-reconnaitre-la-palestine-gaza-pourrait-devenir-une-pierre-dachoppement-pour-le-gouvernement-de-larizona\/\" \/>\n<meta property=\"og:locale\" content=\"fr_FR\" \/>\n<meta property=\"og:type\" content=\"article\" \/>\n<meta property=\"og:title\" content=\"La Belgique devrait-elle reconna\u00eetre la Palestine? Gaza pourrait devenir une pierre d&#039;achoppement pour le gouvernement de l&#039;Arizona | Vie Associative\" \/>\n<meta property=\"og:description\" content=\"\u00c0 Bruxelles, il y a actuellement un accident dans l&rsquo;entablature de la coalition \u00ab\u00a0Arizona\u00a0\u00bb. Cependant, ce n&rsquo;est pas une surprise. Avant le gouvernement du Premier\" \/>\n<meta property=\"og:url\" content=\"https:\/\/vieassociative.be\/actualites\/la-belgique-devrait-elle-reconnaitre-la-palestine-gaza-pourrait-devenir-une-pierre-dachoppement-pour-le-gouvernement-de-larizona\/\" \/>\n<meta property=\"og:site_name\" content=\"Vie Associative\" \/>\n<meta property=\"article:published_time\" content=\"2025-07-31T20:17:29+00:00\" \/>\n<meta property=\"og:image\" content=\"https:\/\/vieassociative.be\/actualites\/wp-content\/uploads\/2024\/09\/header_backgroundk-01-e1726694325946.png\" \/>\n\t<meta property=\"og:image:width\" content=\"279\" \/>\n\t<meta property=\"og:image:height\" content=\"92\" \/>\n\t<meta property=\"og:image:type\" content=\"image\/png\" \/>\n<meta name=\"author\" content=\"Julien\" \/>\n<meta name=\"twitter:card\" content=\"summary_large_image\" \/>\n<meta name=\"twitter:label1\" content=\"\u00c9crit par\" \/>\n\t<meta name=\"twitter:data1\" content=\"Julien\" \/>\n\t<meta name=\"twitter:label2\" content=\"Dur\u00e9e de lecture est.\" \/>\n\t<meta name=\"twitter:data2\" content=\"2 minutes\" \/>\n<script type=\"application\/ld+json\" class=\"yoast-schema-graph\">{\"@context\":\"https:\/\/schema.org\",\"@graph\":[{\"@type\":\"Article\",\"@id\":\"https:\/\/vieassociative.be\/actualites\/la-belgique-devrait-elle-reconnaitre-la-palestine-gaza-pourrait-devenir-une-pierre-dachoppement-pour-le-gouvernement-de-larizona\/#article\",\"isPartOf\":{\"@id\":\"https:\/\/vieassociative.be\/actualites\/la-belgique-devrait-elle-reconnaitre-la-palestine-gaza-pourrait-devenir-une-pierre-dachoppement-pour-le-gouvernement-de-larizona\/\"},\"author\":{\"name\":\"Julien\",\"@id\":\"https:\/\/vieassociative.be\/actualites\/#\/schema\/person\/b87ac4f82f9d4e7b7cec7395b679edc4\"},\"headline\":\"La Belgique devrait-elle reconna\u00eetre la Palestine? Gaza pourrait devenir une pierre d&rsquo;achoppement pour le gouvernement de l&rsquo;Arizona\",\"datePublished\":\"2025-07-31T20:17:29+00:00\",\"dateModified\":\"2025-07-31T20:17:29+00:00\",\"mainEntityOfPage\":{\"@id\":\"https:\/\/vieassociative.be\/actualites\/la-belgique-devrait-elle-reconnaitre-la-palestine-gaza-pourrait-devenir-une-pierre-dachoppement-pour-le-gouvernement-de-larizona\/\"},\"wordCount\":518,\"publisher\":{\"@id\":\"https:\/\/vieassociative.be\/actualites\/#organization\"},\"image\":{\"@id\":\"https:\/\/vieassociative.be\/actualites\/la-belgique-devrait-elle-reconnaitre-la-palestine-gaza-pourrait-devenir-une-pierre-dachoppement-pour-le-gouvernement-de-larizona\/#primaryimage\"},\"thumbnailUrl\":\"https:\/\/vieassociative.be\/actualites\/wp-content\/uploads\/2025\/07\/1753993050_La-Belgique-devrait-elle-reconnaitre-la-Palestine-Gaza-pourrait-devenir-une.jpg\",\"keywords\":[\"Belgique\",\"dachoppement\",\"devenir\",\"devraitelle\",\"Gaza\",\"gouvernement\",\"lArizona\",\"Palestine\",\"pierre\",\"pour\",\"pourrait\",\"reconna\u00eetre\",\"une\"],\"articleSection\":[\"Belgique\"],\"inLanguage\":\"fr-BE\"},{\"@type\":\"WebPage\",\"@id\":\"https:\/\/vieassociative.be\/actualites\/la-belgique-devrait-elle-reconnaitre-la-palestine-gaza-pourrait-devenir-une-pierre-dachoppement-pour-le-gouvernement-de-larizona\/\",\"url\":\"https:\/\/vieassociative.be\/actualites\/la-belgique-devrait-elle-reconnaitre-la-palestine-gaza-pourrait-devenir-une-pierre-dachoppement-pour-le-gouvernement-de-larizona\/\",\"name\":\"La Belgique devrait-elle reconna\u00eetre la Palestine? Gaza pourrait devenir une pierre d'achoppement pour le gouvernement de l'Arizona | Vie Associative\",\"isPartOf\":{\"@id\":\"https:\/\/vieassociative.be\/actualites\/#website\"},\"primaryImageOfPage\":{\"@id\":\"https:\/\/vieassociative.be\/actualites\/la-belgique-devrait-elle-reconnaitre-la-palestine-gaza-pourrait-devenir-une-pierre-dachoppement-pour-le-gouvernement-de-larizona\/#primaryimage\"},\"image\":{\"@id\":\"https:\/\/vieassociative.be\/actualites\/la-belgique-devrait-elle-reconnaitre-la-palestine-gaza-pourrait-devenir-une-pierre-dachoppement-pour-le-gouvernement-de-larizona\/#primaryimage\"},\"thumbnailUrl\":\"https:\/\/vieassociative.be\/actualites\/wp-content\/uploads\/2025\/07\/1753993050_La-Belgique-devrait-elle-reconnaitre-la-Palestine-Gaza-pourrait-devenir-une.jpg\",\"datePublished\":\"2025-07-31T20:17:29+00:00\",\"dateModified\":\"2025-07-31T20:17:29+00:00\",\"breadcrumb\":{\"@id\":\"https:\/\/vieassociative.be\/actualites\/la-belgique-devrait-elle-reconnaitre-la-palestine-gaza-pourrait-devenir-une-pierre-dachoppement-pour-le-gouvernement-de-larizona\/#breadcrumb\"},\"inLanguage\":\"fr-BE\",\"potentialAction\":[{\"@type\":\"ReadAction\",\"target\":[\"https:\/\/vieassociative.be\/actualites\/la-belgique-devrait-elle-reconnaitre-la-palestine-gaza-pourrait-devenir-une-pierre-dachoppement-pour-le-gouvernement-de-larizona\/\"]}]},{\"@type\":\"ImageObject\",\"inLanguage\":\"fr-BE\",\"@id\":\"https:\/\/vieassociative.be\/actualites\/la-belgique-devrait-elle-reconnaitre-la-palestine-gaza-pourrait-devenir-une-pierre-dachoppement-pour-le-gouvernement-de-larizona\/#primaryimage\",\"url\":\"https:\/\/vieassociative.be\/actualites\/wp-content\/uploads\/2025\/07\/1753993050_La-Belgique-devrait-elle-reconnaitre-la-Palestine-Gaza-pourrait-devenir-une.jpg\",\"contentUrl\":\"https:\/\/vieassociative.be\/actualites\/wp-content\/uploads\/2025\/07\/1753993050_La-Belgique-devrait-elle-reconnaitre-la-Palestine-Gaza-pourrait-devenir-une.jpg\",\"width\":1319,\"height\":879,\"caption\":\"La Belgique devrait-elle reconna\u00eetre la Palestine? Gaza pourrait devenir une pierre d'achoppement pour le gouvernement de l'Arizona\"},{\"@type\":\"BreadcrumbList\",\"@id\":\"https:\/\/vieassociative.be\/actualites\/la-belgique-devrait-elle-reconnaitre-la-palestine-gaza-pourrait-devenir-une-pierre-dachoppement-pour-le-gouvernement-de-larizona\/#breadcrumb\",\"itemListElement\":[{\"@type\":\"ListItem\",\"position\":1,\"name\":\"Accueil\",\"item\":\"https:\/\/vieassociative.be\/actualites\/\"},{\"@type\":\"ListItem\",\"position\":2,\"name\":\"La Belgique devrait-elle reconna\u00eetre la Palestine? Gaza pourrait devenir une pierre d&rsquo;achoppement pour le gouvernement de l&rsquo;Arizona\"}]},{\"@type\":\"WebSite\",\"@id\":\"https:\/\/vieassociative.be\/actualites\/#website\",\"url\":\"https:\/\/vieassociative.be\/actualites\/\",\"name\":\"Vie Associative\",\"description\":\"\",\"publisher\":{\"@id\":\"https:\/\/vieassociative.be\/actualites\/#organization\"},\"potentialAction\":[{\"@type\":\"SearchAction\",\"target\":{\"@type\":\"EntryPoint\",\"urlTemplate\":\"https:\/\/vieassociative.be\/actualites\/?s={search_term_string}\"},\"query-input\":{\"@type\":\"PropertyValueSpecification\",\"valueRequired\":true,\"valueName\":\"search_term_string\"}}],\"inLanguage\":\"fr-BE\"},{\"@type\":\"Organization\",\"@id\":\"https:\/\/vieassociative.be\/actualites\/#organization\",\"name\":\"Vie Associative\",\"url\":\"https:\/\/vieassociative.be\/actualites\/\",\"logo\":{\"@type\":\"ImageObject\",\"inLanguage\":\"fr-BE\",\"@id\":\"https:\/\/vieassociative.be\/actualites\/#\/schema\/logo\/image\/\",\"url\":\"https:\/\/vieassociative.be\/actualites\/wp-content\/uploads\/2024\/09\/cropped-vieassociative_favicon.ico.png\",\"contentUrl\":\"https:\/\/vieassociative.be\/actualites\/wp-content\/uploads\/2024\/09\/cropped-vieassociative_favicon.ico.png\",\"width\":512,\"height\":512,\"caption\":\"Vie Associative\"},\"image\":{\"@id\":\"https:\/\/vieassociative.be\/actualites\/#\/schema\/logo\/image\/\"}},{\"@type\":\"Person\",\"@id\":\"https:\/\/vieassociative.be\/actualites\/#\/schema\/person\/b87ac4f82f9d4e7b7cec7395b679edc4\",\"name\":\"Julien\",\"image\":{\"@type\":\"ImageObject\",\"inLanguage\":\"fr-BE\",\"@id\":\"https:\/\/vieassociative.be\/actualites\/#\/schema\/person\/image\/\",\"url\":\"https:\/\/vieassociative.be\/actualites\/wp-content\/uploads\/2024\/09\/vie-associative-1-150x150.jpg\",\"contentUrl\":\"https:\/\/vieassociative.be\/actualites\/wp-content\/uploads\/2024\/09\/vie-associative-1-150x150.jpg\",\"caption\":\"Julien\"},\"description\":\"Je suis Julien, r\u00e9dacteur pour Vie Associative. Passionn\u00e9 par le monde associatif depuis plus de 10 ans, j'ai \u00e0 c\u0153ur de partager des histoires inspirantes et de mettre en lumi\u00e8re les initiatives locales. Mon objectif est de sensibiliser et d'encourager l'engagement communautaire \u00e0 travers mes articles.\",\"sameAs\":[\"https:\/\/vieassociative.be\/\"]}]}<\/script>\n<!-- \/ Yoast SEO plugin. -->","yoast_head_json":{"title":"La Belgique devrait-elle reconna\u00eetre la Palestine? Gaza pourrait devenir une pierre d'achoppement pour le gouvernement de l'Arizona | Vie Associative","robots":{"index":"index","follow":"follow","max-snippet":"max-snippet:-1","max-image-preview":"max-image-preview:large","max-video-preview":"max-video-preview:-1"},"canonical":"https:\/\/vieassociative.be\/actualites\/la-belgique-devrait-elle-reconnaitre-la-palestine-gaza-pourrait-devenir-une-pierre-dachoppement-pour-le-gouvernement-de-larizona\/","og_locale":"fr_FR","og_type":"article","og_title":"La Belgique devrait-elle reconna\u00eetre la Palestine? Gaza pourrait devenir une pierre d'achoppement pour le gouvernement de l'Arizona | Vie Associative","og_description":"\u00c0 Bruxelles, il y a actuellement un accident dans l&rsquo;entablature de la coalition \u00ab\u00a0Arizona\u00a0\u00bb. Cependant, ce n&rsquo;est pas une surprise. Avant le gouvernement du Premier","og_url":"https:\/\/vieassociative.be\/actualites\/la-belgique-devrait-elle-reconnaitre-la-palestine-gaza-pourrait-devenir-une-pierre-dachoppement-pour-le-gouvernement-de-larizona\/","og_site_name":"Vie Associative","article_published_time":"2025-07-31T20:17:29+00:00","og_image":[{"width":279,"height":92,"url":"https:\/\/vieassociative.be\/actualites\/wp-content\/uploads\/2024\/09\/header_backgroundk-01-e1726694325946.png","type":"image\/png"}],"author":"Julien","twitter_card":"summary_large_image","twitter_misc":{"\u00c9crit par":"Julien","Dur\u00e9e de lecture est.":"2 minutes"},"schema":{"@context":"https:\/\/schema.org","@graph":[{"@type":"Article","@id":"https:\/\/vieassociative.be\/actualites\/la-belgique-devrait-elle-reconnaitre-la-palestine-gaza-pourrait-devenir-une-pierre-dachoppement-pour-le-gouvernement-de-larizona\/#article","isPartOf":{"@id":"https:\/\/vieassociative.be\/actualites\/la-belgique-devrait-elle-reconnaitre-la-palestine-gaza-pourrait-devenir-une-pierre-dachoppement-pour-le-gouvernement-de-larizona\/"},"author":{"name":"Julien","@id":"https:\/\/vieassociative.be\/actualites\/#\/schema\/person\/b87ac4f82f9d4e7b7cec7395b679edc4"},"headline":"La Belgique devrait-elle reconna\u00eetre la Palestine? Gaza pourrait devenir une pierre d&rsquo;achoppement pour le gouvernement de l&rsquo;Arizona","datePublished":"2025-07-31T20:17:29+00:00","dateModified":"2025-07-31T20:17:29+00:00","mainEntityOfPage":{"@id":"https:\/\/vieassociative.be\/actualites\/la-belgique-devrait-elle-reconnaitre-la-palestine-gaza-pourrait-devenir-une-pierre-dachoppement-pour-le-gouvernement-de-larizona\/"},"wordCount":518,"publisher":{"@id":"https:\/\/vieassociative.be\/actualites\/#organization"},"image":{"@id":"https:\/\/vieassociative.be\/actualites\/la-belgique-devrait-elle-reconnaitre-la-palestine-gaza-pourrait-devenir-une-pierre-dachoppement-pour-le-gouvernement-de-larizona\/#primaryimage"},"thumbnailUrl":"https:\/\/vieassociative.be\/actualites\/wp-content\/uploads\/2025\/07\/1753993050_La-Belgique-devrait-elle-reconnaitre-la-Palestine-Gaza-pourrait-devenir-une.jpg","keywords":["Belgique","dachoppement","devenir","devraitelle","Gaza","gouvernement","lArizona","Palestine","pierre","pour","pourrait","reconna\u00eetre","une"],"articleSection":["Belgique"],"inLanguage":"fr-BE"},{"@type":"WebPage","@id":"https:\/\/vieassociative.be\/actualites\/la-belgique-devrait-elle-reconnaitre-la-palestine-gaza-pourrait-devenir-une-pierre-dachoppement-pour-le-gouvernement-de-larizona\/","url":"https:\/\/vieassociative.be\/actualites\/la-belgique-devrait-elle-reconnaitre-la-palestine-gaza-pourrait-devenir-une-pierre-dachoppement-pour-le-gouvernement-de-larizona\/","name":"La Belgique devrait-elle reconna\u00eetre la Palestine? Gaza pourrait devenir une pierre d'achoppement pour le gouvernement de l'Arizona | Vie Associative","isPartOf":{"@id":"https:\/\/vieassociative.be\/actualites\/#website"},"primaryImageOfPage":{"@id":"https:\/\/vieassociative.be\/actualites\/la-belgique-devrait-elle-reconnaitre-la-palestine-gaza-pourrait-devenir-une-pierre-dachoppement-pour-le-gouvernement-de-larizona\/#primaryimage"},"image":{"@id":"https:\/\/vieassociative.be\/actualites\/la-belgique-devrait-elle-reconnaitre-la-palestine-gaza-pourrait-devenir-une-pierre-dachoppement-pour-le-gouvernement-de-larizona\/#primaryimage"},"thumbnailUrl":"https:\/\/vieassociative.be\/actualites\/wp-content\/uploads\/2025\/07\/1753993050_La-Belgique-devrait-elle-reconnaitre-la-Palestine-Gaza-pourrait-devenir-une.jpg","datePublished":"2025-07-31T20:17:29+00:00","dateModified":"2025-07-31T20:17:29+00:00","breadcrumb":{"@id":"https:\/\/vieassociative.be\/actualites\/la-belgique-devrait-elle-reconnaitre-la-palestine-gaza-pourrait-devenir-une-pierre-dachoppement-pour-le-gouvernement-de-larizona\/#breadcrumb"},"inLanguage":"fr-BE","potentialAction":[{"@type":"ReadAction","target":["https:\/\/vieassociative.be\/actualites\/la-belgique-devrait-elle-reconnaitre-la-palestine-gaza-pourrait-devenir-une-pierre-dachoppement-pour-le-gouvernement-de-larizona\/"]}]},{"@type":"ImageObject","inLanguage":"fr-BE","@id":"https:\/\/vieassociative.be\/actualites\/la-belgique-devrait-elle-reconnaitre-la-palestine-gaza-pourrait-devenir-une-pierre-dachoppement-pour-le-gouvernement-de-larizona\/#primaryimage","url":"https:\/\/vieassociative.be\/actualites\/wp-content\/uploads\/2025\/07\/1753993050_La-Belgique-devrait-elle-reconnaitre-la-Palestine-Gaza-pourrait-devenir-une.jpg","contentUrl":"https:\/\/vieassociative.be\/actualites\/wp-content\/uploads\/2025\/07\/1753993050_La-Belgique-devrait-elle-reconnaitre-la-Palestine-Gaza-pourrait-devenir-une.jpg","width":1319,"height":879,"caption":"La Belgique devrait-elle reconna\u00eetre la Palestine? Gaza pourrait devenir une pierre d'achoppement pour le gouvernement de l'Arizona"},{"@type":"BreadcrumbList","@id":"https:\/\/vieassociative.be\/actualites\/la-belgique-devrait-elle-reconnaitre-la-palestine-gaza-pourrait-devenir-une-pierre-dachoppement-pour-le-gouvernement-de-larizona\/#breadcrumb","itemListElement":[{"@type":"ListItem","position":1,"name":"Accueil","item":"https:\/\/vieassociative.be\/actualites\/"},{"@type":"ListItem","position":2,"name":"La Belgique devrait-elle reconna\u00eetre la Palestine? Gaza pourrait devenir une pierre d&rsquo;achoppement pour le gouvernement de l&rsquo;Arizona"}]},{"@type":"WebSite","@id":"https:\/\/vieassociative.be\/actualites\/#website","url":"https:\/\/vieassociative.be\/actualites\/","name":"Vie Associative","description":"","publisher":{"@id":"https:\/\/vieassociative.be\/actualites\/#organization"},"potentialAction":[{"@type":"SearchAction","target":{"@type":"EntryPoint","urlTemplate":"https:\/\/vieassociative.be\/actualites\/?s={search_term_string}"},"query-input":{"@type":"PropertyValueSpecification","valueRequired":true,"valueName":"search_term_string"}}],"inLanguage":"fr-BE"},{"@type":"Organization","@id":"https:\/\/vieassociative.be\/actualites\/#organization","name":"Vie Associative","url":"https:\/\/vieassociative.be\/actualites\/","logo":{"@type":"ImageObject","inLanguage":"fr-BE","@id":"https:\/\/vieassociative.be\/actualites\/#\/schema\/logo\/image\/","url":"https:\/\/vieassociative.be\/actualites\/wp-content\/uploads\/2024\/09\/cropped-vieassociative_favicon.ico.png","contentUrl":"https:\/\/vieassociative.be\/actualites\/wp-content\/uploads\/2024\/09\/cropped-vieassociative_favicon.ico.png","width":512,"height":512,"caption":"Vie Associative"},"image":{"@id":"https:\/\/vieassociative.be\/actualites\/#\/schema\/logo\/image\/"}},{"@type":"Person","@id":"https:\/\/vieassociative.be\/actualites\/#\/schema\/person\/b87ac4f82f9d4e7b7cec7395b679edc4","name":"Julien","image":{"@type":"ImageObject","inLanguage":"fr-BE","@id":"https:\/\/vieassociative.be\/actualites\/#\/schema\/person\/image\/","url":"https:\/\/vieassociative.be\/actualites\/wp-content\/uploads\/2024\/09\/vie-associative-1-150x150.jpg","contentUrl":"https:\/\/vieassociative.be\/actualites\/wp-content\/uploads\/2024\/09\/vie-associative-1-150x150.jpg","caption":"Julien"},"description":"Je suis Julien, r\u00e9dacteur pour Vie Associative. Passionn\u00e9 par le monde associatif depuis plus de 10 ans, j'ai \u00e0 c\u0153ur de partager des histoires inspirantes et de mettre en lumi\u00e8re les initiatives locales. Mon objectif est de sensibiliser et d'encourager l'engagement communautaire \u00e0 travers mes articles.","sameAs":["https:\/\/vieassociative.be\/"]}]}},"_links":{"self":[{"href":"https:\/\/vieassociative.be\/actualites\/wp-json\/wp\/v2\/posts\/9131"}],"collection":[{"href":"https:\/\/vieassociative.be\/actualites\/wp-json\/wp\/v2\/posts"}],"about":[{"href":"https:\/\/vieassociative.be\/actualites\/wp-json\/wp\/v2\/types\/post"}],"author":[{"embeddable":true,"href":"https:\/\/vieassociative.be\/actualites\/wp-json\/wp\/v2\/users\/1"}],"replies":[{"embeddable":true,"href":"https:\/\/vieassociative.be\/actualites\/wp-json\/wp\/v2\/comments?post=9131"}],"version-history":[{"count":0,"href":"https:\/\/vieassociative.be\/actualites\/wp-json\/wp\/v2\/posts\/9131\/revisions"}],"wp:featuredmedia":[{"embeddable":true,"href":"https:\/\/vieassociative.be\/actualites\/wp-json\/wp\/v2\/media\/9132"}],"wp:attachment":[{"href":"https:\/\/vieassociative.be\/actualites\/wp-json\/wp\/v2\/media?parent=9131"}],"wp:term":[{"taxonomy":"category","embeddable":true,"href":"https:\/\/vieassociative.be\/actualites\/wp-json\/wp\/v2\/categories?post=9131"},{"taxonomy":"post_tag","embeddable":true,"href":"https:\/\/vieassociative.be\/actualites\/wp-json\/wp\/v2\/tags?post=9131"}],"curies":[{"name":"wp","href":"https:\/\/api.w.org\/{rel}","templated":true}]}}