{"id":9129,"date":"2025-07-31T21:19:29","date_gmt":"2025-07-31T19:19:29","guid":{"rendered":"https:\/\/vieassociative.be\/actualites\/je-suis-un-lecteur-de-bandes-dessinees-et-je-ne-peux-pas-recommander-le-kindle-colorsoft\/"},"modified":"2025-07-31T21:19:29","modified_gmt":"2025-07-31T19:19:29","slug":"je-suis-un-lecteur-de-bandes-dessinees-et-je-ne-peux-pas-recommander-le-kindle-colorsoft","status":"publish","type":"post","link":"https:\/\/vieassociative.be\/actualites\/je-suis-un-lecteur-de-bandes-dessinees-et-je-ne-peux-pas-recommander-le-kindle-colorsoft\/","title":{"rendered":"Je suis un lecteur de bandes dessin\u00e9es, et je ne peux pas recommander le Kindle Colorsoft"},"content":{"rendered":"<div class=\"mt-4 leading-6 md:mb-8\">Le Kindle Colorsoft a juste trop de compromis pour le lecteur de bandes dessin\u00e9es moyen.<\/div>\n<p><\/p>\n<p>Amazon Kindle Colorsoft est le premier e-liseur de couleur de l&rsquo;entreprise, et pour moi, cela signifie une chose: les bandes dessin\u00e9es. Bien qu&rsquo;il y ait d&rsquo;autres contenus en couleur (comme les livres pour enfants et m\u00eame les manuels) en tant qu&rsquo;adulte et nerd de super-h\u00e9ros, les bandes dessin\u00e9es seraient la raison pour moi de participer au Kindle le plus cher d&rsquo;Amazon. Malheureusement, apr\u00e8s avoir pass\u00e9 du temps avec cela, je ne suis pas vraiment satisfait de l&rsquo;exp\u00e9rience de lecture des bandes dessin\u00e9es de Color-Woryoft. Il y a certainement des am\u00e9liorations par rapport aux bandes dessin\u00e9es de lecture sur une tablette plus traditionnelle, mais pour la plupart des gens, les compromis n&rsquo;en valent pas la peine.<\/p>\n<h2 id=\"why-get-a-color-e-reader-for-comics\">Pourquoi obtenir un liseur \u00e9lectronique de couleur pour les bandes dessin\u00e9es?<\/h2>\n<p>Jusqu&rsquo;\u00e0 pr\u00e9sent, les bandes dessin\u00e9es grand public ont eu une transition rocheuse vers le num\u00e9rique. Contrairement \u00e0 leurs homologues bas\u00e9s sur du texte, vous ne pouvez pas les lire sur des lecteurs \u00e9lectroniques en noir et blanc sans perdre leur couleur tr\u00e8s importante, ce qui signifie g\u00e9n\u00e9ralement que la plupart des gens se tournent vers des tablettes LCD traditionnelles comme l&rsquo;iPad pour les lire \u00e0 la place. Malheureusement, cela peut devenir un peu fatigant apr\u00e8s quelques heures, et la d\u00e9charge de la batterie n&rsquo;a rien \u00e0 \u00e9ternuer.<\/p>\n<p>Le Kindle Colorsoft, en surface, r\u00e9sout ces probl\u00e8mes. Ce n&rsquo;est pas le premier e-lise couleur, mais c&rsquo;est certainement le plus connu &#8211; quand je l&rsquo;ai revu, j&rsquo;ai not\u00e9 qu&rsquo;il avait une pr\u00e9cision des couleurs l\u00e9g\u00e8rement meilleure et moins d&rsquo;artefact que la comp\u00e9tition. Dans un monde id\u00e9al, ce serait comme tenir une bande dessin\u00e9e en papier dans votre main, avec un affichage E-Ink Facile sur les yeux et une biblioth\u00e8que \u00e0 port\u00e9e de main. Malheureusement, ce n&rsquo;est pas le monde dans lequel nous vivons.<\/p>\n<h2 id=\"the-colors-just-dont-cut-it\">Les couleurs ne le coupent pas<\/h2>\n<p>Il est probable que la premi\u00e8re chose que vous remarquerez lors de l&rsquo;ouverture d&rsquo;une bande dessin\u00e9e sur le Kindle Colorsoft est \u00e0 quel point les couleurs sont moins vibrantes. Si l&rsquo;utilisation d&rsquo;un Kindle en noir et blanc signifie manquer la coloration de votre bande dessin\u00e9e, l&rsquo;utilisation d&rsquo;un Kindle Colorsoft ne r\u00e9sout pas compl\u00e8tement cela. L&rsquo;appareil ne peut afficher qu&rsquo;un total de 4 096 couleurs, et bien que cela semble impressionnant en surface, il p\u00e2lit par rapport aux milliards de couleurs que la tablette LCD la moins ch\u00e8re peut \u00e9teindre. D\u00e9couvrez ceci <em>Sonic le h\u00e9risson<\/em> Comic affich\u00e9e \u00e0 la fois sur le Kindle Colorsoft et mon ancien iPad de 6e g\u00e9n\u00e9ration. Il y a une ambiance enti\u00e8rement diff\u00e9rente en fonction de l&rsquo;appareil que vous lisez!<\/p>\n<div class=\"eloquent-imagery-image\">\n<div class=\"flex justify-center\">\n                    <img decoding=\"async\" class=\"border border-gray-100\" src=\"https:\/\/vieassociative.be\/actualites\/wp-content\/uploads\/2025\/07\/Je-suis-un-lecteur-de-bandes-dessinees-et-je-ne.jpg\" alt=\"\u00abSonic the Hedgehog\u00bb Comic sur iPad (\u00e0 gauche) vs Kindle Colorsoft (\u00e0 droite).\" width=\"2000\" height=\"1126\" loading=\"lazy\"  >\n            <\/div>\n<\/p><\/div>\n<p>Pour \u00eatre juste, c&rsquo;est un titre assez r\u00e9cent, et les bandes dessin\u00e9es plus anciennes se tiennent un peu mieux, car les m\u00e9thodes d&rsquo;impression utilis\u00e9es pour les produire \u00e0 l&rsquo;\u00e9poque \u00e9taient \u00e9galement limit\u00e9es dans le nombre de couleurs qu&rsquo;ils pouvaient \u00e9teindre. Si vous lisez beaucoup de titres r\u00e9tro, le Colorsoft pourrait mieux tenir &#8211;<em>Uncanny X-Men<\/em>La course des ann\u00e9es 80 a l&rsquo;air assez agr\u00e9able sur l&rsquo;appareil, par exemple. Mais portez une attention particuli\u00e8re, et vous remarquerez le prochain compromis que vous devrez faire lors de la lecture de bandes dessin\u00e9es sur le Colorsoft.<\/p>\n<div class=\"eloquent-imagery-image\">\n<div class=\"flex justify-center\">\n                    <img decoding=\"async\" class=\"border border-gray-100\" src=\"https:\/\/vieassociative.be\/actualites\/wp-content\/uploads\/2025\/07\/1753989569_907_Je-suis-un-lecteur-de-bandes-dessinees-et-je-ne.jpg\" alt=\"`` Uncanny X-Men 'sur Kindle Colorsoft\" width=\"2000\" height=\"1125\" loading=\"lazy\"  >\n            <\/div>\n<\/p><\/div>\n<h2 id=\"the-screen-is-too-small\">L&rsquo;\u00e9cran est trop petit<\/h2>\n<p>Comme la plupart des liseurs \u00e9lectroniques de couleur, le Kindle Colordeoft a un \u00e9cran plus petit, \u00e0 7 pouces lorsqu&rsquo;il est mesur\u00e9 en diagonale. C&rsquo;est bien pour les romans, mais pour les bandes dessin\u00e9es, c&rsquo;est beaucoup moins d&rsquo;espace que vous pourriez \u00eatre habitu\u00e9.<\/p>\n<p>La bande dessin\u00e9e am\u00e9ricaine typique est de 11,75 pouces en diagonale, ce qui signifie que le contenu sur le Colorsoft va \u00eatre r\u00e9tr\u00e9ci pour s&rsquo;adapter. Cela a l&rsquo;avantage de d\u00e9guiser la basse r\u00e9solution de l&rsquo;appareil (le contenu noir et blanc sur le Colorsoft est illustr\u00e9 \u00e0 300 ppi, mais les limitations techniques signifient que le contenu couleur est de 150 ppi), mais peut \u00e9galement rendre un texte presque impossible \u00e0 lire. 11.75 pourrait ne pas sembler beaucoup plus grand que 8, mais il faut \u00e9galement tenir compte du fait que l&rsquo;\u00e9cran de Color-Wesoft est dans un rapport d&rsquo;aspect l\u00e9g\u00e8rement plus large que la plupart des bandes dessin\u00e9es, vous devrez donc \u00e9galement supporter la bo\u00eete aux lettres, ce qui rend l&rsquo;image encore plus petite. D\u00e9couvrez mon \u00e9dition physique de <em>Batman: The Long Halloween<\/em> par rapport \u00e0 la m\u00eame bande dessin\u00e9e sur le Color-Oft.<\/p>\n<div class=\"eloquent-imagery-image\">\n<div class=\"flex justify-center\">\n                    <img decoding=\"async\" class=\"border border-gray-100\" src=\"https:\/\/vieassociative.be\/actualites\/wp-content\/uploads\/2025\/07\/1753989569_927_Je-suis-un-lecteur-de-bandes-dessinees-et-je-ne.jpg\" alt=\"\u00abBatman: The Long Halloween\u00bb en imprim\u00e9 (\u00e0 gauche) contre Kindle ColorSoft (\u00e0 droite).\" width=\"2000\" height=\"1125\" loading=\"lazy\"  >\n            <\/div>\n<\/p><\/div>\n<p>Je suis trop vieux pour supporter le type de plis que je devais faire pour lire cela. Oui, vous pouvez zoomer en pin\u00e7ant \u00e0 l&rsquo;\u00e9cran, mais en raison du faible taux de rafra\u00eechissement d&rsquo;E Ink, il est trop lent \u00e0 d\u00e9ranger sur chaque page, surtout parce que vous devrez attendre que quelques rafra\u00eechissements d\u00e9filent dans toute l&rsquo;image zoom\u00e9e.<\/p>\n<p>Id\u00e9alement, les lecteurs de bandes dessin\u00e9es voudraient un appareil E-Ink de couleur plus grand &#8211; il existe, mais ils sont assez chers et sont davantage destin\u00e9s aux hommes d&rsquo;affaires pour prendre des notes que pour que la personne moyenne puisse lire. Il n&rsquo;y a pas encore de r\u00e9ponse au niveau des consommateurs pour cela, et quiconque esp\u00e9rant que l&rsquo;appareil d&rsquo;Amazon bougera que l&rsquo;aiguille laissera cruellement d\u00e9\u00e7u.<\/p>\n<h2 id=\"no-comic-book-apps\">Aucune application de bande dessin\u00e9e<\/h2>\n<p>Je peux accepter que le Kindle Colorsoft allait toujours venir avec des compromis. Amazon ne peut pas magiquement rendre les \u00e9crans E-Ink plus vibrants, ni rendre les grands appareils en piste \u00e9lectronique de couleur plus abordables. M\u00eame avec ces probl\u00e8mes, une lecture \u00e9lectronique de couleur pourrait \u00eatre une fa\u00e7on amusante de profiter d&rsquo;une bande dessin\u00e9e de temps en temps, peut-\u00eatre lorsque vos yeux se sentent tendus ou lorsque vous voyagez. Je ne l&rsquo;utiliserais pas comme mon appareil de lecture de bandes dessin\u00e9es principal, mais si je pouvais facilement charger ma biblioth\u00e8que dessus, cela pourrait \u00eatre une belle alternative \u00e0 avoir dans mon sac.<\/p>\n<p>Il est donc dommage que l&rsquo;acc\u00e8s aux bandes dessin\u00e9es sur le Kindle Colordeft soit une douleur. Comme tous les Kindles, la lecture \u00e9lectronique de couleur d&rsquo;Amazon est verrouill\u00e9e dans son \u00e9cosyst\u00e8me, ce qui signifie que la disponibilit\u00e9 comique est dispers\u00e9e.<\/p>\n<p>En ce moment, j&rsquo;ai lu la plupart de mes bandes dessin\u00e9es occidentales via les applications DC Universe Infinite et Marvel Unlimited. Bien s\u00fbr, payer environ 10 $ par mois pour chacun n&rsquo;est pas id\u00e9al, mais je suis lentement venu sur ces services, gr\u00e2ce \u00e0 leurs mod\u00e8les \u00e0 volont\u00e9 et \u00e0 leurs biblioth\u00e8ques massives. Vous pouvez trouver la plupart des titres de chaque \u00e9diteur qui remontent aux ann\u00e9es 1930 sur ces plateformes, et acheter un mois ou deux de temps d&rsquo;adh\u00e9sion lorsque vous obtenez une d\u00e9mangeaison pour lire une s\u00e9rie sp\u00e9cifique est beaucoup moins cher que d&rsquo;acheter chaque num\u00e9ro au coup par coup. De plus, les bandes dessin\u00e9es plus r\u00e9centes sont ajout\u00e9es \u00e0 ces services \u00e0 mesure qu&rsquo;ils sont publi\u00e9s, et bien que votre acc\u00e8s \u00e0 eux d\u00e9pendra de votre niveau d&rsquo;abonnement sp\u00e9cifique, la disponibilit\u00e9 est g\u00e9n\u00e9ralement un peu plus fiable sur ces applications que sur les autres services num\u00e9riques.<\/p>\n<div class=\"eloquent-imagery-image\">\n<div class=\"flex justify-center\">\n                    <img decoding=\"async\" class=\"border border-gray-100\" src=\"https:\/\/vieassociative.be\/actualites\/wp-content\/uploads\/2025\/07\/Je-suis-un-lecteur-de-bandes-dessinees-et-je-ne.webp.webp\" alt=\"Marvel Unlimited\" width=\"2000\" height=\"1500\" loading=\"lazy\"  >\n            <\/div>\n<\/p><\/div>\n<p>C&rsquo;est pourquoi mon plus gros probl\u00e8me avec le Kindle Colordeoft est que vous ne pouvez pas utiliser l&rsquo;une de ces applications avec. Au lieu de cela, vous devrez acheter chaque probl\u00e8me de bande dessin\u00e9e que vous souhaitez lire directement \u00e0 partir de la boutique Amazon, ce qui peut \u00eatre co\u00fbteux rapidement, m\u00eame si vous \u00eates abonn\u00e9 \u00e0 Amazon Prime ou Kindle Unlimited.<\/p>\n<p>Le premier volume de <em>Amazing Spider-Man<\/em>par exemple, est disponible via Prime, et le second est sur Kindle Unlimited, mais le reste co\u00fbte 6 $ la pop et ne contiennent que 10 probl\u00e8mes par pi\u00e8ce. Pour une s\u00e9rie aussi longue, c&rsquo;est beaucoup \u00e0 payer si vous voulez tout lire, surtout par rapport \u00e0 ce que vous obtiendriez avec l&rsquo;application Marvel, qui offre la bande dessin\u00e9e enti\u00e8re pour revenir aux ann\u00e9es 1960 dans son prix mensuel, ainsi que la plupart des autres que la soci\u00e9t\u00e9 ait jamais publi\u00e9e.<\/p>\n<p>Et cela parle de probl\u00e8mes collect\u00e9s. Pour les bandes dessin\u00e9es qui ne sont disponibles que comme des probl\u00e8mes uniques, g\u00e9n\u00e9ralement plus r\u00e9cents, vous devrez payer 5 $ pour chacun. Bien que ce ne soit pas si mal par rapport \u00e0 l&rsquo;achat de copies physiques, par rapport \u00e0 d&rsquo;autres options num\u00e9riques, deux probl\u00e8mes seraient tout ce que vous auriez \u00e0 acheter avant de vous abonner \u00e0 une application vous donnerait une meilleure valeur. Comme je peux assez facilement passer un seul probl\u00e8me en une demi-heure, je peux d\u00e9j\u00e0 ressentir la douleur qui mettrait mon portefeuille.<\/p>\n<p>Le magasin Kindle est id\u00e9al pour les bandes dessin\u00e9es ind\u00e9pendantes qui ne sont pas facilement disponibles ailleurs, et j&rsquo;avoue qu&rsquo;il y a une certaine satisfaction \u00e0 acheter, m\u00eame num\u00e9riquement. Mais un appareil s\u00e9rieux pour la lecture de bandes dessin\u00e9es num\u00e9riques doit encore donner au moins aux lecteurs la possibilit\u00e9 de s&rsquo;abonner aux plateformes les plus importantes des deux plus grands \u00e9diteurs de bandes dessin\u00e9es. Sans cela, vous devrez probablement payer plus que ce que vous pourriez autrement, et cela ne souligne m\u00eame pas que le magasin d&rsquo;Amazon pourrait ne pas avoir tout ce que vous voulez acheter.<\/p>\n<h2 id=\"if-not-for-comics-why-buy-a-kindle-colorsoft\">Sinon pour les bandes dessin\u00e9es, pourquoi acheter un Kindle Colordeft?<\/h2>\n<p>Peut-\u00eatre que je suis nitpicky. Pour un utilisateur occasionnel, le Kindle Colorsoft pourrait en valoir la peine juste pour la situation \u00e9trange o\u00f9 vous voudrez peut-\u00eatre la couleur. Il peut afficher vos romans en couleur, et je suis s\u00fbr que les enfants trouveraient des livres d&rsquo;images plus engageants avec. Mais m\u00eame un utilisateur plus d\u00e9tendu rencontrera des probl\u00e8mes ici &#8211; parce que le filtre de couleur cuit dans l&rsquo;\u00e9cran de Color-onft, m\u00eame le contenu en noir et blanc appara\u00eetra comme chatoyant, ce qui peut nuire au contraste ou mettre des taches de l&rsquo;arc-en-ciel distrayantes sur votre affichage. Si cela semble que cela vous d\u00e9rangerait, je sugg\u00e9rerais plut\u00f4t le Kindle Paperwhite moins cher &#8211; vous n&rsquo;\u00e9conomisez pas simplement de l&rsquo;argent, mais vous obtiendrez une meilleure exp\u00e9rience.<\/p>\n<p>Ce qui signifie qu&rsquo;une bonne partie de l&rsquo;audience de Color-Oftoft sera adulte, et en particulier les utilisateurs hardcore \u00e0 cela. Dans ce cas, je ne peux tout simplement pas penser \u00e0 un support qui a autant de contenu en couleur que les bandes dessin\u00e9es, ce qui signifie que le Kindle Colorfoft doit \u00eatre en mesure de suivre d&rsquo;autres appareils pour les lire. Et bien que E-Ink soit facile pour les yeux, il y a encore trop de compromis pour moi de dire que cela en vaut encore la peine. Je suis s\u00fbr que certaines personnes peuvent le faire fonctionner, surtout s&rsquo;ils ne lisent qu&rsquo;une s\u00e9rie sp\u00e9cifique ou sont d&rsquo;accord pour obtenir leur contenu ailleurs, puis transf\u00e9rer manuellement les PDF \u00e0 leur Kindle, mais la plupart des gens seront toujours mieux servis avec un iPad.<\/p>\n","protected":false},"excerpt":{"rendered":"<p>Le Kindle Colorsoft a juste trop de compromis pour le lecteur de bandes dessin\u00e9es moyen. Amazon Kindle Colorsoft est le premier e-liseur de couleur de<\/p>\n","protected":false},"author":1,"featured_media":9130,"comment_status":"","ping_status":"","sticky":false,"template":"","format":"standard","meta":{"footnotes":""},"categories":[13],"tags":[7283,4834,7983,2263,6861,126,6341,7984,2985],"class_list":["post-9129","post","type-post","status-publish","format-standard","has-post-thumbnail","hentry","category-technologie","tag-bandes","tag-colorsoft","tag-dessinees","tag-kindle","tag-lecteur","tag-pas","tag-peux","tag-recommander","tag-suis","generate-columns","tablet-grid-50","mobile-grid-100","grid-parent","grid-33"],"yoast_head":"<!-- This site is optimized with the Yoast SEO plugin v24.0 - https:\/\/yoast.com\/wordpress\/plugins\/seo\/ -->\n<title>Je suis un lecteur de bandes dessin\u00e9es, et je ne peux pas recommander le Kindle Colorsoft | Vie Associative<\/title>\n<meta name=\"robots\" content=\"index, follow, max-snippet:-1, max-image-preview:large, max-video-preview:-1\" \/>\n<link rel=\"canonical\" href=\"https:\/\/vieassociative.be\/actualites\/je-suis-un-lecteur-de-bandes-dessinees-et-je-ne-peux-pas-recommander-le-kindle-colorsoft\/\" \/>\n<meta property=\"og:locale\" content=\"fr_FR\" \/>\n<meta property=\"og:type\" content=\"article\" \/>\n<meta property=\"og:title\" content=\"Je suis un lecteur de bandes dessin\u00e9es, et je ne peux pas recommander le Kindle Colorsoft | Vie Associative\" \/>\n<meta property=\"og:description\" content=\"Le Kindle Colorsoft a juste trop de compromis pour le lecteur de bandes dessin\u00e9es moyen. Amazon Kindle Colorsoft est le premier e-liseur de couleur de\" \/>\n<meta property=\"og:url\" content=\"https:\/\/vieassociative.be\/actualites\/je-suis-un-lecteur-de-bandes-dessinees-et-je-ne-peux-pas-recommander-le-kindle-colorsoft\/\" \/>\n<meta property=\"og:site_name\" content=\"Vie Associative\" \/>\n<meta property=\"article:published_time\" content=\"2025-07-31T19:19:29+00:00\" \/>\n<meta property=\"og:image\" content=\"https:\/\/vieassociative.be\/actualites\/wp-content\/uploads\/2025\/07\/Je-suis-un-lecteur-de-bandes-dessinees-et-je-ne.jpg\" \/>\n<meta name=\"author\" content=\"Julien\" \/>\n<meta name=\"twitter:card\" content=\"summary_large_image\" \/>\n<meta name=\"twitter:label1\" content=\"\u00c9crit par\" \/>\n\t<meta name=\"twitter:data1\" content=\"Julien\" \/>\n\t<meta name=\"twitter:label2\" content=\"Dur\u00e9e de lecture est.\" \/>\n\t<meta name=\"twitter:data2\" content=\"9 minutes\" \/>\n<script type=\"application\/ld+json\" class=\"yoast-schema-graph\">{\"@context\":\"https:\/\/schema.org\",\"@graph\":[{\"@type\":\"Article\",\"@id\":\"https:\/\/vieassociative.be\/actualites\/je-suis-un-lecteur-de-bandes-dessinees-et-je-ne-peux-pas-recommander-le-kindle-colorsoft\/#article\",\"isPartOf\":{\"@id\":\"https:\/\/vieassociative.be\/actualites\/je-suis-un-lecteur-de-bandes-dessinees-et-je-ne-peux-pas-recommander-le-kindle-colorsoft\/\"},\"author\":{\"name\":\"Julien\",\"@id\":\"https:\/\/vieassociative.be\/actualites\/#\/schema\/person\/b87ac4f82f9d4e7b7cec7395b679edc4\"},\"headline\":\"Je suis un lecteur de bandes dessin\u00e9es, et je ne peux pas recommander le Kindle Colorsoft\",\"datePublished\":\"2025-07-31T19:19:29+00:00\",\"dateModified\":\"2025-07-31T19:19:29+00:00\",\"mainEntityOfPage\":{\"@id\":\"https:\/\/vieassociative.be\/actualites\/je-suis-un-lecteur-de-bandes-dessinees-et-je-ne-peux-pas-recommander-le-kindle-colorsoft\/\"},\"wordCount\":1966,\"publisher\":{\"@id\":\"https:\/\/vieassociative.be\/actualites\/#organization\"},\"image\":{\"@id\":\"https:\/\/vieassociative.be\/actualites\/je-suis-un-lecteur-de-bandes-dessinees-et-je-ne-peux-pas-recommander-le-kindle-colorsoft\/#primaryimage\"},\"thumbnailUrl\":\"https:\/\/vieassociative.be\/actualites\/wp-content\/uploads\/2025\/07\/1753989570_Je-suis-un-lecteur-de-bandes-dessinees-et-je-ne.jpg\",\"keywords\":[\"bandes\",\"Colorsoft\",\"dessin\u00e9es\",\"Kindle\",\"lecteur\",\"pas\",\"peux\",\"recommander\",\"suis\"],\"articleSection\":[\"Technologie\"],\"inLanguage\":\"fr-BE\"},{\"@type\":\"WebPage\",\"@id\":\"https:\/\/vieassociative.be\/actualites\/je-suis-un-lecteur-de-bandes-dessinees-et-je-ne-peux-pas-recommander-le-kindle-colorsoft\/\",\"url\":\"https:\/\/vieassociative.be\/actualites\/je-suis-un-lecteur-de-bandes-dessinees-et-je-ne-peux-pas-recommander-le-kindle-colorsoft\/\",\"name\":\"Je suis un lecteur de bandes dessin\u00e9es, et je ne peux pas recommander le Kindle Colorsoft | Vie Associative\",\"isPartOf\":{\"@id\":\"https:\/\/vieassociative.be\/actualites\/#website\"},\"primaryImageOfPage\":{\"@id\":\"https:\/\/vieassociative.be\/actualites\/je-suis-un-lecteur-de-bandes-dessinees-et-je-ne-peux-pas-recommander-le-kindle-colorsoft\/#primaryimage\"},\"image\":{\"@id\":\"https:\/\/vieassociative.be\/actualites\/je-suis-un-lecteur-de-bandes-dessinees-et-je-ne-peux-pas-recommander-le-kindle-colorsoft\/#primaryimage\"},\"thumbnailUrl\":\"https:\/\/vieassociative.be\/actualites\/wp-content\/uploads\/2025\/07\/1753989570_Je-suis-un-lecteur-de-bandes-dessinees-et-je-ne.jpg\",\"datePublished\":\"2025-07-31T19:19:29+00:00\",\"dateModified\":\"2025-07-31T19:19:29+00:00\",\"breadcrumb\":{\"@id\":\"https:\/\/vieassociative.be\/actualites\/je-suis-un-lecteur-de-bandes-dessinees-et-je-ne-peux-pas-recommander-le-kindle-colorsoft\/#breadcrumb\"},\"inLanguage\":\"fr-BE\",\"potentialAction\":[{\"@type\":\"ReadAction\",\"target\":[\"https:\/\/vieassociative.be\/actualites\/je-suis-un-lecteur-de-bandes-dessinees-et-je-ne-peux-pas-recommander-le-kindle-colorsoft\/\"]}]},{\"@type\":\"ImageObject\",\"inLanguage\":\"fr-BE\",\"@id\":\"https:\/\/vieassociative.be\/actualites\/je-suis-un-lecteur-de-bandes-dessinees-et-je-ne-peux-pas-recommander-le-kindle-colorsoft\/#primaryimage\",\"url\":\"https:\/\/vieassociative.be\/actualites\/wp-content\/uploads\/2025\/07\/1753989570_Je-suis-un-lecteur-de-bandes-dessinees-et-je-ne.jpg\",\"contentUrl\":\"https:\/\/vieassociative.be\/actualites\/wp-content\/uploads\/2025\/07\/1753989570_Je-suis-un-lecteur-de-bandes-dessinees-et-je-ne.jpg\",\"width\":1200,\"height\":675,\"caption\":\"Je suis un lecteur de bandes dessin\u00e9es, et je ne peux pas recommander le Kindle Colorsoft\"},{\"@type\":\"BreadcrumbList\",\"@id\":\"https:\/\/vieassociative.be\/actualites\/je-suis-un-lecteur-de-bandes-dessinees-et-je-ne-peux-pas-recommander-le-kindle-colorsoft\/#breadcrumb\",\"itemListElement\":[{\"@type\":\"ListItem\",\"position\":1,\"name\":\"Accueil\",\"item\":\"https:\/\/vieassociative.be\/actualites\/\"},{\"@type\":\"ListItem\",\"position\":2,\"name\":\"Je suis un lecteur de bandes dessin\u00e9es, et je ne peux pas recommander le Kindle Colorsoft\"}]},{\"@type\":\"WebSite\",\"@id\":\"https:\/\/vieassociative.be\/actualites\/#website\",\"url\":\"https:\/\/vieassociative.be\/actualites\/\",\"name\":\"Vie Associative\",\"description\":\"\",\"publisher\":{\"@id\":\"https:\/\/vieassociative.be\/actualites\/#organization\"},\"potentialAction\":[{\"@type\":\"SearchAction\",\"target\":{\"@type\":\"EntryPoint\",\"urlTemplate\":\"https:\/\/vieassociative.be\/actualites\/?s={search_term_string}\"},\"query-input\":{\"@type\":\"PropertyValueSpecification\",\"valueRequired\":true,\"valueName\":\"search_term_string\"}}],\"inLanguage\":\"fr-BE\"},{\"@type\":\"Organization\",\"@id\":\"https:\/\/vieassociative.be\/actualites\/#organization\",\"name\":\"Vie Associative\",\"url\":\"https:\/\/vieassociative.be\/actualites\/\",\"logo\":{\"@type\":\"ImageObject\",\"inLanguage\":\"fr-BE\",\"@id\":\"https:\/\/vieassociative.be\/actualites\/#\/schema\/logo\/image\/\",\"url\":\"https:\/\/vieassociative.be\/actualites\/wp-content\/uploads\/2024\/09\/cropped-vieassociative_favicon.ico.png\",\"contentUrl\":\"https:\/\/vieassociative.be\/actualites\/wp-content\/uploads\/2024\/09\/cropped-vieassociative_favicon.ico.png\",\"width\":512,\"height\":512,\"caption\":\"Vie Associative\"},\"image\":{\"@id\":\"https:\/\/vieassociative.be\/actualites\/#\/schema\/logo\/image\/\"}},{\"@type\":\"Person\",\"@id\":\"https:\/\/vieassociative.be\/actualites\/#\/schema\/person\/b87ac4f82f9d4e7b7cec7395b679edc4\",\"name\":\"Julien\",\"image\":{\"@type\":\"ImageObject\",\"inLanguage\":\"fr-BE\",\"@id\":\"https:\/\/vieassociative.be\/actualites\/#\/schema\/person\/image\/\",\"url\":\"https:\/\/vieassociative.be\/actualites\/wp-content\/uploads\/2024\/09\/vie-associative-1-150x150.jpg\",\"contentUrl\":\"https:\/\/vieassociative.be\/actualites\/wp-content\/uploads\/2024\/09\/vie-associative-1-150x150.jpg\",\"caption\":\"Julien\"},\"description\":\"Je suis Julien, r\u00e9dacteur pour Vie Associative. Passionn\u00e9 par le monde associatif depuis plus de 10 ans, j'ai \u00e0 c\u0153ur de partager des histoires inspirantes et de mettre en lumi\u00e8re les initiatives locales. Mon objectif est de sensibiliser et d'encourager l'engagement communautaire \u00e0 travers mes articles.\",\"sameAs\":[\"https:\/\/vieassociative.be\/\"]}]}<\/script>\n<!-- \/ Yoast SEO plugin. -->","yoast_head_json":{"title":"Je suis un lecteur de bandes dessin\u00e9es, et je ne peux pas recommander le Kindle Colorsoft | Vie Associative","robots":{"index":"index","follow":"follow","max-snippet":"max-snippet:-1","max-image-preview":"max-image-preview:large","max-video-preview":"max-video-preview:-1"},"canonical":"https:\/\/vieassociative.be\/actualites\/je-suis-un-lecteur-de-bandes-dessinees-et-je-ne-peux-pas-recommander-le-kindle-colorsoft\/","og_locale":"fr_FR","og_type":"article","og_title":"Je suis un lecteur de bandes dessin\u00e9es, et je ne peux pas recommander le Kindle Colorsoft | Vie Associative","og_description":"Le Kindle Colorsoft a juste trop de compromis pour le lecteur de bandes dessin\u00e9es moyen. Amazon Kindle Colorsoft est le premier e-liseur de couleur de","og_url":"https:\/\/vieassociative.be\/actualites\/je-suis-un-lecteur-de-bandes-dessinees-et-je-ne-peux-pas-recommander-le-kindle-colorsoft\/","og_site_name":"Vie Associative","article_published_time":"2025-07-31T19:19:29+00:00","og_image":[{"url":"https:\/\/vieassociative.be\/actualites\/wp-content\/uploads\/2025\/07\/Je-suis-un-lecteur-de-bandes-dessinees-et-je-ne.jpg","type":"","width":"","height":""}],"author":"Julien","twitter_card":"summary_large_image","twitter_misc":{"\u00c9crit par":"Julien","Dur\u00e9e de lecture est.":"9 minutes"},"schema":{"@context":"https:\/\/schema.org","@graph":[{"@type":"Article","@id":"https:\/\/vieassociative.be\/actualites\/je-suis-un-lecteur-de-bandes-dessinees-et-je-ne-peux-pas-recommander-le-kindle-colorsoft\/#article","isPartOf":{"@id":"https:\/\/vieassociative.be\/actualites\/je-suis-un-lecteur-de-bandes-dessinees-et-je-ne-peux-pas-recommander-le-kindle-colorsoft\/"},"author":{"name":"Julien","@id":"https:\/\/vieassociative.be\/actualites\/#\/schema\/person\/b87ac4f82f9d4e7b7cec7395b679edc4"},"headline":"Je suis un lecteur de bandes dessin\u00e9es, et je ne peux pas recommander le Kindle Colorsoft","datePublished":"2025-07-31T19:19:29+00:00","dateModified":"2025-07-31T19:19:29+00:00","mainEntityOfPage":{"@id":"https:\/\/vieassociative.be\/actualites\/je-suis-un-lecteur-de-bandes-dessinees-et-je-ne-peux-pas-recommander-le-kindle-colorsoft\/"},"wordCount":1966,"publisher":{"@id":"https:\/\/vieassociative.be\/actualites\/#organization"},"image":{"@id":"https:\/\/vieassociative.be\/actualites\/je-suis-un-lecteur-de-bandes-dessinees-et-je-ne-peux-pas-recommander-le-kindle-colorsoft\/#primaryimage"},"thumbnailUrl":"https:\/\/vieassociative.be\/actualites\/wp-content\/uploads\/2025\/07\/1753989570_Je-suis-un-lecteur-de-bandes-dessinees-et-je-ne.jpg","keywords":["bandes","Colorsoft","dessin\u00e9es","Kindle","lecteur","pas","peux","recommander","suis"],"articleSection":["Technologie"],"inLanguage":"fr-BE"},{"@type":"WebPage","@id":"https:\/\/vieassociative.be\/actualites\/je-suis-un-lecteur-de-bandes-dessinees-et-je-ne-peux-pas-recommander-le-kindle-colorsoft\/","url":"https:\/\/vieassociative.be\/actualites\/je-suis-un-lecteur-de-bandes-dessinees-et-je-ne-peux-pas-recommander-le-kindle-colorsoft\/","name":"Je suis un lecteur de bandes dessin\u00e9es, et je ne peux pas recommander le Kindle Colorsoft | Vie Associative","isPartOf":{"@id":"https:\/\/vieassociative.be\/actualites\/#website"},"primaryImageOfPage":{"@id":"https:\/\/vieassociative.be\/actualites\/je-suis-un-lecteur-de-bandes-dessinees-et-je-ne-peux-pas-recommander-le-kindle-colorsoft\/#primaryimage"},"image":{"@id":"https:\/\/vieassociative.be\/actualites\/je-suis-un-lecteur-de-bandes-dessinees-et-je-ne-peux-pas-recommander-le-kindle-colorsoft\/#primaryimage"},"thumbnailUrl":"https:\/\/vieassociative.be\/actualites\/wp-content\/uploads\/2025\/07\/1753989570_Je-suis-un-lecteur-de-bandes-dessinees-et-je-ne.jpg","datePublished":"2025-07-31T19:19:29+00:00","dateModified":"2025-07-31T19:19:29+00:00","breadcrumb":{"@id":"https:\/\/vieassociative.be\/actualites\/je-suis-un-lecteur-de-bandes-dessinees-et-je-ne-peux-pas-recommander-le-kindle-colorsoft\/#breadcrumb"},"inLanguage":"fr-BE","potentialAction":[{"@type":"ReadAction","target":["https:\/\/vieassociative.be\/actualites\/je-suis-un-lecteur-de-bandes-dessinees-et-je-ne-peux-pas-recommander-le-kindle-colorsoft\/"]}]},{"@type":"ImageObject","inLanguage":"fr-BE","@id":"https:\/\/vieassociative.be\/actualites\/je-suis-un-lecteur-de-bandes-dessinees-et-je-ne-peux-pas-recommander-le-kindle-colorsoft\/#primaryimage","url":"https:\/\/vieassociative.be\/actualites\/wp-content\/uploads\/2025\/07\/1753989570_Je-suis-un-lecteur-de-bandes-dessinees-et-je-ne.jpg","contentUrl":"https:\/\/vieassociative.be\/actualites\/wp-content\/uploads\/2025\/07\/1753989570_Je-suis-un-lecteur-de-bandes-dessinees-et-je-ne.jpg","width":1200,"height":675,"caption":"Je suis un lecteur de bandes dessin\u00e9es, et je ne peux pas recommander le Kindle Colorsoft"},{"@type":"BreadcrumbList","@id":"https:\/\/vieassociative.be\/actualites\/je-suis-un-lecteur-de-bandes-dessinees-et-je-ne-peux-pas-recommander-le-kindle-colorsoft\/#breadcrumb","itemListElement":[{"@type":"ListItem","position":1,"name":"Accueil","item":"https:\/\/vieassociative.be\/actualites\/"},{"@type":"ListItem","position":2,"name":"Je suis un lecteur de bandes dessin\u00e9es, et je ne peux pas recommander le Kindle Colorsoft"}]},{"@type":"WebSite","@id":"https:\/\/vieassociative.be\/actualites\/#website","url":"https:\/\/vieassociative.be\/actualites\/","name":"Vie Associative","description":"","publisher":{"@id":"https:\/\/vieassociative.be\/actualites\/#organization"},"potentialAction":[{"@type":"SearchAction","target":{"@type":"EntryPoint","urlTemplate":"https:\/\/vieassociative.be\/actualites\/?s={search_term_string}"},"query-input":{"@type":"PropertyValueSpecification","valueRequired":true,"valueName":"search_term_string"}}],"inLanguage":"fr-BE"},{"@type":"Organization","@id":"https:\/\/vieassociative.be\/actualites\/#organization","name":"Vie Associative","url":"https:\/\/vieassociative.be\/actualites\/","logo":{"@type":"ImageObject","inLanguage":"fr-BE","@id":"https:\/\/vieassociative.be\/actualites\/#\/schema\/logo\/image\/","url":"https:\/\/vieassociative.be\/actualites\/wp-content\/uploads\/2024\/09\/cropped-vieassociative_favicon.ico.png","contentUrl":"https:\/\/vieassociative.be\/actualites\/wp-content\/uploads\/2024\/09\/cropped-vieassociative_favicon.ico.png","width":512,"height":512,"caption":"Vie Associative"},"image":{"@id":"https:\/\/vieassociative.be\/actualites\/#\/schema\/logo\/image\/"}},{"@type":"Person","@id":"https:\/\/vieassociative.be\/actualites\/#\/schema\/person\/b87ac4f82f9d4e7b7cec7395b679edc4","name":"Julien","image":{"@type":"ImageObject","inLanguage":"fr-BE","@id":"https:\/\/vieassociative.be\/actualites\/#\/schema\/person\/image\/","url":"https:\/\/vieassociative.be\/actualites\/wp-content\/uploads\/2024\/09\/vie-associative-1-150x150.jpg","contentUrl":"https:\/\/vieassociative.be\/actualites\/wp-content\/uploads\/2024\/09\/vie-associative-1-150x150.jpg","caption":"Julien"},"description":"Je suis Julien, r\u00e9dacteur pour Vie Associative. Passionn\u00e9 par le monde associatif depuis plus de 10 ans, j'ai \u00e0 c\u0153ur de partager des histoires inspirantes et de mettre en lumi\u00e8re les initiatives locales. Mon objectif est de sensibiliser et d'encourager l'engagement communautaire \u00e0 travers mes articles.","sameAs":["https:\/\/vieassociative.be\/"]}]}},"_links":{"self":[{"href":"https:\/\/vieassociative.be\/actualites\/wp-json\/wp\/v2\/posts\/9129"}],"collection":[{"href":"https:\/\/vieassociative.be\/actualites\/wp-json\/wp\/v2\/posts"}],"about":[{"href":"https:\/\/vieassociative.be\/actualites\/wp-json\/wp\/v2\/types\/post"}],"author":[{"embeddable":true,"href":"https:\/\/vieassociative.be\/actualites\/wp-json\/wp\/v2\/users\/1"}],"replies":[{"embeddable":true,"href":"https:\/\/vieassociative.be\/actualites\/wp-json\/wp\/v2\/comments?post=9129"}],"version-history":[{"count":0,"href":"https:\/\/vieassociative.be\/actualites\/wp-json\/wp\/v2\/posts\/9129\/revisions"}],"wp:featuredmedia":[{"embeddable":true,"href":"https:\/\/vieassociative.be\/actualites\/wp-json\/wp\/v2\/media\/9130"}],"wp:attachment":[{"href":"https:\/\/vieassociative.be\/actualites\/wp-json\/wp\/v2\/media?parent=9129"}],"wp:term":[{"taxonomy":"category","embeddable":true,"href":"https:\/\/vieassociative.be\/actualites\/wp-json\/wp\/v2\/categories?post=9129"},{"taxonomy":"post_tag","embeddable":true,"href":"https:\/\/vieassociative.be\/actualites\/wp-json\/wp\/v2\/tags?post=9129"}],"curies":[{"name":"wp","href":"https:\/\/api.w.org\/{rel}","templated":true}]}}