{"id":9127,"date":"2025-07-31T16:21:54","date_gmt":"2025-07-31T14:21:54","guid":{"rendered":"https:\/\/vieassociative.be\/actualites\/colin-kraft-a-propos-de-la-situation-sur-laix-un-tivoli-avant-le-debut-de-la-saison-lenthousiasme-dalemannia-ne-sort-pas\/"},"modified":"2025-07-31T16:21:54","modified_gmt":"2025-07-31T14:21:54","slug":"colin-kraft-a-propos-de-la-situation-sur-laix-un-tivoli-avant-le-debut-de-la-saison-lenthousiasme-dalemannia-ne-sort-pas","status":"publish","type":"post","link":"https:\/\/vieassociative.be\/actualites\/colin-kraft-a-propos-de-la-situation-sur-laix-un-tivoli-avant-le-debut-de-la-saison-lenthousiasme-dalemannia-ne-sort-pas\/","title":{"rendered":"Colin Kraft \u00e0 propos de la situation sur l&rsquo;Aix-un Tivoli avant le d\u00e9but de la saison: \u00ab\u00a0L&rsquo;enthousiasme d&rsquo;Alemannia ne sort pas\u00a0\u00bb"},"content":{"rendered":"<p><strong>Samedi prochain \u00e0 14 h La troisi\u00e8me division du football Alemannia Aachen commencera la nouvelle saison avec un match \u00e0 l&rsquo;ext\u00e9rieur \u00e0 VFL Osnabr\u00fcck. Ce que l&rsquo;on peut attendre du noir et du jaune cette saison 2025\/2026 et comment l&rsquo;ambiance est sur le Tivoli d&rsquo;Aix-un avant le d\u00e9but de la saison, OD a parl\u00e9 au plus grand fan d&rsquo;Alemannia de l&rsquo;Est de l&rsquo;Est Colin Kraft.<\/strong><\/p>\n<p><span id=\"more-421392\"><\/span>L&rsquo;Eupener Colin Kraft se rend \u00e0 Tivoli depuis le d\u00e9but des ann\u00e9es 1990 et est \u00e9troitement li\u00e9 au club en tant que fan et en tant qu&rsquo;ancien employ\u00e9. Apr\u00e8s un engagement envers la t\u00e9l\u00e9vision sportive allemande (DSF), la force a travaill\u00e9 dans le bureau de presse d&rsquo;Alemannia. Apr\u00e8s avoir grav\u00e9 la Bundesliga en 2006, il a dirig\u00e9 l&rsquo;un des d\u00e9partements marketing. Aujourd&rsquo;hui, le conseil municipal d&rsquo;Eupen travaille comme enseignant du secondaire et consultant en gestion.<\/p>\n<p><strong>OD: Colin Kraft, Alemannia commence la nouvelle saison samedi. L&rsquo;ann\u00e9e derni\u00e8re, Aix-la-Chapelle est apparu \u00e0 la 12e place &#8211; un fort r\u00e9sultat pour un grimpeur. Comment voyez-vous la nouvelle saison? Y a-t-il plus de la 12e place?<\/strong><\/p>\n<div id=\"attachment_421408\" class=\"wp-caption alignleft\" style=\"max-width: 300px\"><img fetchpriority=\"high\" decoding=\"async\" class=\"wp-image-421408 size-medium\" src=\"https:\/\/vieassociative.be\/actualites\/wp-content\/uploads\/2025\/07\/Colin-Kraft-a-propos-de-la-situation-sur-lAix-un-Tivoli.jpg\" alt=\"\" width=\"300\" height=\"200\"><\/div>\n<p><strong>Colin Kraft:<\/strong> Apr\u00e8s onze ans de ligue r\u00e9gionale, la rel\u00e9gation \u00e9tait bien s\u00fbr le premier but. Auriez-vous \u00e9t\u00e9 plus dedans? Peut-\u00eatre. Malgr\u00e9 tous les hauts et les bas sur et hors de la place, vous pouvez \u00eatre tr\u00e8s satisfait de la saison derni\u00e8re. Compte tenu du bouleversement \u00e0 tous les niveaux, il est actuellement difficile de faire une pr\u00e9vision &#8211; m\u00eame si la saison commence samedi. Compte tenu de la force actuelle de l&rsquo;\u00e9quipe, de nombreux fans signeraient probablement la 12e place imm\u00e9diatement. Mais beaucoup se produira. Ensuite, je suis coinc\u00e9.<\/p>\n<p><strong>OD: L&rsquo;entra\u00eeneur Heiner Backhaus a quitt\u00e9 Aachen vers Braunschweig. A-t-elle surpris cela?<\/strong><\/p>\n<p><strong>Pouvoir:<\/strong> Moi personnellement. Heiner Backhaus avait tout ce que vous pouviez souhaiter en tant que jeune entra\u00eeneur \u00e0 Aix-un. D&rsquo;un autre c\u00f4t\u00e9, il est compr\u00e9hensible que un entra\u00eeneur utilise le risque d&rsquo;un club dans une ligue sup\u00e9rieure &#8211; c&rsquo;est ainsi que l&rsquo;entreprise fonctionne. Cependant, le temps et le type de communication \u00e9taient malheureux, partiellement d\u00e9rangeants et d\u00e9truits beaucoup. N\u00e9anmoins, il reste l&rsquo;entra\u00eeneur qui a dirig\u00e9 Alemannia de la ligue r\u00e9gionale et a donn\u00e9 au club un visage \u00e9motionnel avec lequel beaucoup pouvaient s&rsquo;identifier.<\/p>\n<p><strong>OD: Que savez-vous du nouvel entra\u00eeneur?<\/strong><\/p>\n<div id=\"attachment_382653\" class=\"wp-caption alignleft\" style=\"max-width: 300px\"><img decoding=\"async\" class=\"wp-image-382653 size-medium\" src=\"https:\/\/vieassociative.be\/actualites\/wp-content\/uploads\/2025\/07\/1753971714_192_Colin-Kraft-a-propos-de-la-situation-sur-lAix-un-Tivoli.jpg\" alt=\"\" width=\"300\" height=\"200\"><\/div>\n<p><strong>Pouvoir:<\/strong> Benedetto Muzzicato peut \u00eatre d\u00e9crit comme un entra\u00eeneur ambitieux et moderne qui se concentre sp\u00e9cial sur le d\u00e9veloppement de jeunes joueurs, c&rsquo;est pourquoi il a \u00e9t\u00e9 embauch\u00e9 par SC Freiburg pour l&rsquo;U23 \u00e0 l&rsquo;\u00e9poque. Peut-\u00eatre un signal qu&rsquo;Alemannia aimerait investir \u00e0 nouveau dans un jeune centre de talents \u00e0 l&rsquo;avenir. Soit dit en passant: Aix-un \u00e9tait en bas de la saison derni\u00e8re au sein de la 3e ligue en mati\u00e8re de formation de jeunes joueurs. Cependant, son d\u00e9but est tout sauf simple: l&rsquo;\u00e9quipe est \u00e9claircie, le nouveau directeur sportif Rachid Azzouzi ne commence que cette semaine, et de nombreuses blessures rendent difficile la pr\u00e9paration d&rsquo;une pr\u00e9paration raisonnable. Muzzicato n&rsquo;est actuellement pas envi\u00e9.<\/p>\n<p><strong>OD: Qui est sorti de la boulangerie? Et qui est venu?<\/strong><\/p>\n<p><strong>Pouvoir:<\/strong> Le d\u00e9part de Soufiane El-Faouzi (Schalke 04) \u00e9tait pr\u00e9visible, mais p\u00e8se lourdement. Je regrette les d\u00e9parts d&rsquo;Anas Bakhat et Anton Heinz, car les deux ont eu une grande partie dans la promotion de la 3e ligue. Les nouveaux ajouts pr\u00e9c\u00e9dents tels que Sulenjmani, Lorch ou Wagner ont une exp\u00e9rience potentielle ou de 3e ligue. Mais l&rsquo;\u00e9quipe devra non seulement \u00eatre renforc\u00e9e compte tenu de la violation \u00e0 long terme du capitaine Mika Hanrath. Il y aura certainement un mouvement sur le march\u00e9 des transferts. Ce dont Alemannia a maintenant besoin, c&rsquo;est du temps &#8211; mais c&rsquo;est exactement le manque de. Avec Rachid Azzouzi en tant que nouveau directeur g\u00e9n\u00e9ral du sport, vous avez cependant remport\u00e9 un sp\u00e9cialiste exp\u00e9riment\u00e9 qui va maintenant.<\/p>\n<p><strong>OD: Quel est l&#8217;emplacement dans les environs de l&rsquo;\u00e9quipe? Y a-t-il encore des probl\u00e8mes dans la gestion des clubs?<\/strong><\/p>\n<div id=\"attachment_394127\" class=\"wp-caption alignleft\" style=\"max-width: 300px\"><img decoding=\"async\" class=\"wp-image-394127 size-medium\" src=\"https:\/\/vieassociative.be\/actualites\/wp-content\/uploads\/2025\/07\/1753971714_424_Colin-Kraft-a-propos-de-la-situation-sur-lAix-un-Tivoli.jpg\" alt=\"\" width=\"300\" height=\"240\"><\/div>\n<p><strong>Pouvoir:<\/strong> Je consid\u00e8re que les d\u00e9veloppements pr\u00e9c\u00e9dents sont prometteurs et je ressens l&rsquo;ambiance g\u00e9n\u00e9rale comme positive. Le fait que Rachid Azzouzi puisse \u00eatre gagn\u00e9 pour le poste de directeur g\u00e9n\u00e9ral est un signal fort, sinon co\u00fbteux. Il conna\u00eet l&rsquo;entreprise et peut faire avancer Alemannia de mani\u00e8re d\u00e9cisive. De plus, la nouvelle gestion du bureau sera bient\u00f4t pr\u00e9sent\u00e9e, qui compl\u00e8te une construction professionnelle. Le seul B-Mol: si la fin de la saison \u00e9tait maintenant, tout serait bon. En fin de compte, le succ\u00e8s de l&rsquo;entreprise d\u00e9pend fortement des performances sur le terrain. Samedi, cependant, vous conduisez avec une \u00e9quipe exceptionnellement petite jusqu&rsquo;au premier match de la saison \u00e0 Osnabr\u00fcck. Il devient donc vraiment excitant de voir comment l&rsquo;\u00e9quipe se d\u00e9veloppera maintenant. Une victoire dans le premier match rendrait beaucoup plus facile.<\/p>\n<p><strong>OD: Qui sont les favoris de la 3e ligue? Hansa Rostock, 1. FC Saarbr\u00fccken et 1860 Munich, ainsi que les aspirants de promotion SSV ULM 1846, Jan Regensburg, Energie Cottbus et Rot-Weiss Essen sont nomm\u00e9s les meilleurs favoris. Aachen n&rsquo;est pas mentionn\u00e9.<\/strong><\/p>\n<p><strong>Pouvoir:<\/strong> Je ne suis pas surpris qu&rsquo;Aix-un n&rsquo;est actuellement pas compt\u00e9 parmi les meilleurs favoris. En raison des bouleversements du personnel &#8211; le d\u00e9part de Backhaus, la d\u00e9cminationorale du directeur g\u00e9n\u00e9ral Eller, la nouvelle nomination du conseil de surveillance &#8211; l&rsquo;association a perdu un temps pr\u00e9cieux pour la planification de l&rsquo;escouade. D&rsquo;autres clubs y sont actuellement. Mais la fen\u00eatre de transfert actuelle est toujours ouverte jusqu&rsquo;au 31 ao\u00fbt, et nous pouvons \u00eatre ravis de voir qui l&rsquo;\u00e9quipe autour de Rachid Azzouzi et Erdal Celik obtiendra. Enfin, le 38e match et non samedi.<\/p>\n<p><strong>OD: L&rsquo;enthousiasme pour le football \u00e0 Aix-un, est-il en baisse ou est-ce en baisse?<\/strong><\/p>\n<div id=\"attachment_374384\" class=\"wp-caption alignleft\" style=\"max-width: 300px\"><img loading=\"lazy\" decoding=\"async\" class=\"wp-image-374384 size-medium\" src=\"https:\/\/vieassociative.be\/actualites\/wp-content\/uploads\/2025\/07\/1753971714_336_Colin-Kraft-a-propos-de-la-situation-sur-lAix-un-Tivoli.jpg\" alt=\"\" width=\"300\" height=\"225\"  ><\/div>\n<p><strong>Pouvoir:<\/strong> Alemannia reste un grand club traditionnel avec des fans de premi\u00e8re classe et un rayonnement bien au-del\u00e0 de la r\u00e9gion. Bien s\u00fbr, tout ne s&rsquo;est pas bien pass\u00e9 au cours des douze derniers mois. Mais il y a actuellement beaucoup de choses positives sur le Tivoli. Plus de 15 000 billets de saison ont d\u00e9j\u00e0 \u00e9t\u00e9 vendus, environ 10 000 fans \u00e9taient l\u00e0 \u00e0 l&rsquo;ouverture de la saison et de New Jerseys, dont certains sont d\u00e9j\u00e0 en rupture de stock. M\u00eame si de nombreux fans ont raison de s&rsquo;inqui\u00e9ter de la force actuelle de la force &#8211; l&rsquo;enthousiasme, l&rsquo;enthousiasme n&rsquo;est pas expir\u00e9.<\/p>\n<p><strong>OD: Que fait r\u00e9ellement votre initiative orientale belge? Y aura-t-il \u00e0 nouveau une journ\u00e9e orientale de la Belgique?<\/strong><\/p>\n<p><strong>Pouvoir:<\/strong> La Journ\u00e9e de l&rsquo;Est de la Belgique a \u00e9t\u00e9 un succ\u00e8s complet &#8211; sur 50 soci\u00e9t\u00e9s belges orientales ont particip\u00e9 et ont pu se convaincre des options de r\u00e9seau transfrontalier sur le Tivoli. Cela montre le potentiel de r\u00e9seautage au sein de l&rsquo;Euregio. Avec mon agence, je suis toujours en \u00e9change r\u00e9gulier avec des soci\u00e9t\u00e9s de l&rsquo;est de la Belgique et de toute la r\u00e9gion. Bien s\u00fbr, si et quand il y aura une nouvelle \u00e9dition du format d\u00e9pend \u00e9galement des d\u00e9veloppements suppl\u00e9mentaires du club. L&rsquo;int\u00e9r\u00eat du c\u00f4t\u00e9 de l&rsquo;est de la Belge est toujours g\u00e9nial. (Cre)<\/p>\n","protected":false},"excerpt":{"rendered":"<p>Samedi prochain \u00e0 14 h La troisi\u00e8me division du football Alemannia Aachen commencera la nouvelle saison avec un match \u00e0 l&rsquo;ext\u00e9rieur \u00e0 VFL Osnabr\u00fcck. Ce<\/p>\n","protected":false},"author":1,"featured_media":9128,"comment_status":"","ping_status":"","sticky":false,"template":"","format":"standard","meta":{"footnotes":""},"categories":[298],"tags":[142,7978,7982,359,5814,7979,7981,126,1496,690,1376,5503,33,7980],"class_list":["post-9127","post","type-post","status-publish","format-standard","has-post-thumbnail","hentry","category-belgique","tag-avant","tag-colin","tag-dalemannia","tag-debut","tag-kraft","tag-laixun","tag-lenthousiasme","tag-pas","tag-propos","tag-saison","tag-situation","tag-sort","tag-sur","tag-tivoli","generate-columns","tablet-grid-50","mobile-grid-100","grid-parent","grid-33"],"yoast_head":"<!-- This site is optimized with the Yoast SEO plugin v24.0 - https:\/\/yoast.com\/wordpress\/plugins\/seo\/ -->\n<title>Colin Kraft \u00e0 propos de la situation sur l&#039;Aix-un Tivoli avant le d\u00e9but de la saison: &quot;L&#039;enthousiasme d&#039;Alemannia ne sort pas&quot; | Vie Associative<\/title>\n<meta name=\"robots\" content=\"index, follow, max-snippet:-1, max-image-preview:large, max-video-preview:-1\" \/>\n<link rel=\"canonical\" href=\"https:\/\/vieassociative.be\/actualites\/colin-kraft-a-propos-de-la-situation-sur-laix-un-tivoli-avant-le-debut-de-la-saison-lenthousiasme-dalemannia-ne-sort-pas\/\" \/>\n<meta property=\"og:locale\" content=\"fr_FR\" \/>\n<meta property=\"og:type\" content=\"article\" \/>\n<meta property=\"og:title\" content=\"Colin Kraft \u00e0 propos de la situation sur l&#039;Aix-un Tivoli avant le d\u00e9but de la saison: &quot;L&#039;enthousiasme d&#039;Alemannia ne sort pas&quot; | Vie Associative\" \/>\n<meta property=\"og:description\" content=\"Samedi prochain \u00e0 14 h La troisi\u00e8me division du football Alemannia Aachen commencera la nouvelle saison avec un match \u00e0 l&rsquo;ext\u00e9rieur \u00e0 VFL Osnabr\u00fcck. Ce\" \/>\n<meta property=\"og:url\" content=\"https:\/\/vieassociative.be\/actualites\/colin-kraft-a-propos-de-la-situation-sur-laix-un-tivoli-avant-le-debut-de-la-saison-lenthousiasme-dalemannia-ne-sort-pas\/\" \/>\n<meta property=\"og:site_name\" content=\"Vie Associative\" \/>\n<meta property=\"article:published_time\" content=\"2025-07-31T14:21:54+00:00\" \/>\n<meta property=\"og:image\" content=\"https:\/\/vieassociative.be\/actualites\/wp-content\/uploads\/2024\/09\/header_backgroundk-01-e1726694325946.png\" \/>\n\t<meta property=\"og:image:width\" content=\"279\" \/>\n\t<meta property=\"og:image:height\" content=\"92\" \/>\n\t<meta property=\"og:image:type\" content=\"image\/png\" \/>\n<meta name=\"author\" content=\"Julien\" \/>\n<meta name=\"twitter:card\" content=\"summary_large_image\" \/>\n<meta name=\"twitter:label1\" content=\"\u00c9crit par\" \/>\n\t<meta name=\"twitter:data1\" content=\"Julien\" \/>\n\t<meta name=\"twitter:label2\" content=\"Dur\u00e9e de lecture est.\" \/>\n\t<meta name=\"twitter:data2\" content=\"6 minutes\" \/>\n<script type=\"application\/ld+json\" class=\"yoast-schema-graph\">{\"@context\":\"https:\/\/schema.org\",\"@graph\":[{\"@type\":\"Article\",\"@id\":\"https:\/\/vieassociative.be\/actualites\/colin-kraft-a-propos-de-la-situation-sur-laix-un-tivoli-avant-le-debut-de-la-saison-lenthousiasme-dalemannia-ne-sort-pas\/#article\",\"isPartOf\":{\"@id\":\"https:\/\/vieassociative.be\/actualites\/colin-kraft-a-propos-de-la-situation-sur-laix-un-tivoli-avant-le-debut-de-la-saison-lenthousiasme-dalemannia-ne-sort-pas\/\"},\"author\":{\"name\":\"Julien\",\"@id\":\"https:\/\/vieassociative.be\/actualites\/#\/schema\/person\/b87ac4f82f9d4e7b7cec7395b679edc4\"},\"headline\":\"Colin Kraft \u00e0 propos de la situation sur l&rsquo;Aix-un Tivoli avant le d\u00e9but de la saison: \u00ab\u00a0L&rsquo;enthousiasme d&rsquo;Alemannia ne sort pas\u00a0\u00bb\",\"datePublished\":\"2025-07-31T14:21:54+00:00\",\"dateModified\":\"2025-07-31T14:21:54+00:00\",\"mainEntityOfPage\":{\"@id\":\"https:\/\/vieassociative.be\/actualites\/colin-kraft-a-propos-de-la-situation-sur-laix-un-tivoli-avant-le-debut-de-la-saison-lenthousiasme-dalemannia-ne-sort-pas\/\"},\"wordCount\":1302,\"publisher\":{\"@id\":\"https:\/\/vieassociative.be\/actualites\/#organization\"},\"image\":{\"@id\":\"https:\/\/vieassociative.be\/actualites\/colin-kraft-a-propos-de-la-situation-sur-laix-un-tivoli-avant-le-debut-de-la-saison-lenthousiasme-dalemannia-ne-sort-pas\/#primaryimage\"},\"thumbnailUrl\":\"https:\/\/vieassociative.be\/actualites\/wp-content\/uploads\/2025\/07\/1753971715_Colin-Kraft-a-propos-de-la-situation-sur-lAix-un-Tivoli.jpg\",\"keywords\":[\"avant\",\"Colin\",\"dAlemannia\",\"D\u00e9but\",\"Kraft\",\"lAixun\",\"Lenthousiasme\",\"pas\",\"propos\",\"Saison\",\"situation\",\"sort\",\"sur\",\"Tivoli\"],\"articleSection\":[\"Belgique\"],\"inLanguage\":\"fr-BE\"},{\"@type\":\"WebPage\",\"@id\":\"https:\/\/vieassociative.be\/actualites\/colin-kraft-a-propos-de-la-situation-sur-laix-un-tivoli-avant-le-debut-de-la-saison-lenthousiasme-dalemannia-ne-sort-pas\/\",\"url\":\"https:\/\/vieassociative.be\/actualites\/colin-kraft-a-propos-de-la-situation-sur-laix-un-tivoli-avant-le-debut-de-la-saison-lenthousiasme-dalemannia-ne-sort-pas\/\",\"name\":\"Colin Kraft \u00e0 propos de la situation sur l'Aix-un Tivoli avant le d\u00e9but de la saison: \\\"L'enthousiasme d'Alemannia ne sort pas\\\" | Vie Associative\",\"isPartOf\":{\"@id\":\"https:\/\/vieassociative.be\/actualites\/#website\"},\"primaryImageOfPage\":{\"@id\":\"https:\/\/vieassociative.be\/actualites\/colin-kraft-a-propos-de-la-situation-sur-laix-un-tivoli-avant-le-debut-de-la-saison-lenthousiasme-dalemannia-ne-sort-pas\/#primaryimage\"},\"image\":{\"@id\":\"https:\/\/vieassociative.be\/actualites\/colin-kraft-a-propos-de-la-situation-sur-laix-un-tivoli-avant-le-debut-de-la-saison-lenthousiasme-dalemannia-ne-sort-pas\/#primaryimage\"},\"thumbnailUrl\":\"https:\/\/vieassociative.be\/actualites\/wp-content\/uploads\/2025\/07\/1753971715_Colin-Kraft-a-propos-de-la-situation-sur-lAix-un-Tivoli.jpg\",\"datePublished\":\"2025-07-31T14:21:54+00:00\",\"dateModified\":\"2025-07-31T14:21:54+00:00\",\"breadcrumb\":{\"@id\":\"https:\/\/vieassociative.be\/actualites\/colin-kraft-a-propos-de-la-situation-sur-laix-un-tivoli-avant-le-debut-de-la-saison-lenthousiasme-dalemannia-ne-sort-pas\/#breadcrumb\"},\"inLanguage\":\"fr-BE\",\"potentialAction\":[{\"@type\":\"ReadAction\",\"target\":[\"https:\/\/vieassociative.be\/actualites\/colin-kraft-a-propos-de-la-situation-sur-laix-un-tivoli-avant-le-debut-de-la-saison-lenthousiasme-dalemannia-ne-sort-pas\/\"]}]},{\"@type\":\"ImageObject\",\"inLanguage\":\"fr-BE\",\"@id\":\"https:\/\/vieassociative.be\/actualites\/colin-kraft-a-propos-de-la-situation-sur-laix-un-tivoli-avant-le-debut-de-la-saison-lenthousiasme-dalemannia-ne-sort-pas\/#primaryimage\",\"url\":\"https:\/\/vieassociative.be\/actualites\/wp-content\/uploads\/2025\/07\/1753971715_Colin-Kraft-a-propos-de-la-situation-sur-lAix-un-Tivoli.jpg\",\"contentUrl\":\"https:\/\/vieassociative.be\/actualites\/wp-content\/uploads\/2025\/07\/1753971715_Colin-Kraft-a-propos-de-la-situation-sur-lAix-un-Tivoli.jpg\",\"width\":1200,\"height\":800,\"caption\":\"Colin Kraft \u00e0 propos de la situation sur l'Aix-un Tivoli avant le d\u00e9but de la saison: \\\"L'enthousiasme d'Alemannia ne sort pas\\\"\"},{\"@type\":\"BreadcrumbList\",\"@id\":\"https:\/\/vieassociative.be\/actualites\/colin-kraft-a-propos-de-la-situation-sur-laix-un-tivoli-avant-le-debut-de-la-saison-lenthousiasme-dalemannia-ne-sort-pas\/#breadcrumb\",\"itemListElement\":[{\"@type\":\"ListItem\",\"position\":1,\"name\":\"Accueil\",\"item\":\"https:\/\/vieassociative.be\/actualites\/\"},{\"@type\":\"ListItem\",\"position\":2,\"name\":\"Colin Kraft \u00e0 propos de la situation sur l&rsquo;Aix-un Tivoli avant le d\u00e9but de la saison: \u00ab\u00a0L&rsquo;enthousiasme d&rsquo;Alemannia ne sort pas\u00a0\u00bb\"}]},{\"@type\":\"WebSite\",\"@id\":\"https:\/\/vieassociative.be\/actualites\/#website\",\"url\":\"https:\/\/vieassociative.be\/actualites\/\",\"name\":\"Vie Associative\",\"description\":\"\",\"publisher\":{\"@id\":\"https:\/\/vieassociative.be\/actualites\/#organization\"},\"potentialAction\":[{\"@type\":\"SearchAction\",\"target\":{\"@type\":\"EntryPoint\",\"urlTemplate\":\"https:\/\/vieassociative.be\/actualites\/?s={search_term_string}\"},\"query-input\":{\"@type\":\"PropertyValueSpecification\",\"valueRequired\":true,\"valueName\":\"search_term_string\"}}],\"inLanguage\":\"fr-BE\"},{\"@type\":\"Organization\",\"@id\":\"https:\/\/vieassociative.be\/actualites\/#organization\",\"name\":\"Vie Associative\",\"url\":\"https:\/\/vieassociative.be\/actualites\/\",\"logo\":{\"@type\":\"ImageObject\",\"inLanguage\":\"fr-BE\",\"@id\":\"https:\/\/vieassociative.be\/actualites\/#\/schema\/logo\/image\/\",\"url\":\"https:\/\/vieassociative.be\/actualites\/wp-content\/uploads\/2024\/09\/cropped-vieassociative_favicon.ico.png\",\"contentUrl\":\"https:\/\/vieassociative.be\/actualites\/wp-content\/uploads\/2024\/09\/cropped-vieassociative_favicon.ico.png\",\"width\":512,\"height\":512,\"caption\":\"Vie Associative\"},\"image\":{\"@id\":\"https:\/\/vieassociative.be\/actualites\/#\/schema\/logo\/image\/\"}},{\"@type\":\"Person\",\"@id\":\"https:\/\/vieassociative.be\/actualites\/#\/schema\/person\/b87ac4f82f9d4e7b7cec7395b679edc4\",\"name\":\"Julien\",\"image\":{\"@type\":\"ImageObject\",\"inLanguage\":\"fr-BE\",\"@id\":\"https:\/\/vieassociative.be\/actualites\/#\/schema\/person\/image\/\",\"url\":\"https:\/\/vieassociative.be\/actualites\/wp-content\/uploads\/2024\/09\/vie-associative-1-150x150.jpg\",\"contentUrl\":\"https:\/\/vieassociative.be\/actualites\/wp-content\/uploads\/2024\/09\/vie-associative-1-150x150.jpg\",\"caption\":\"Julien\"},\"description\":\"Je suis Julien, r\u00e9dacteur pour Vie Associative. Passionn\u00e9 par le monde associatif depuis plus de 10 ans, j'ai \u00e0 c\u0153ur de partager des histoires inspirantes et de mettre en lumi\u00e8re les initiatives locales. Mon objectif est de sensibiliser et d'encourager l'engagement communautaire \u00e0 travers mes articles.\",\"sameAs\":[\"https:\/\/vieassociative.be\/\"]}]}<\/script>\n<!-- \/ Yoast SEO plugin. -->","yoast_head_json":{"title":"Colin Kraft \u00e0 propos de la situation sur l'Aix-un Tivoli avant le d\u00e9but de la saison: \"L'enthousiasme d'Alemannia ne sort pas\" | Vie Associative","robots":{"index":"index","follow":"follow","max-snippet":"max-snippet:-1","max-image-preview":"max-image-preview:large","max-video-preview":"max-video-preview:-1"},"canonical":"https:\/\/vieassociative.be\/actualites\/colin-kraft-a-propos-de-la-situation-sur-laix-un-tivoli-avant-le-debut-de-la-saison-lenthousiasme-dalemannia-ne-sort-pas\/","og_locale":"fr_FR","og_type":"article","og_title":"Colin Kraft \u00e0 propos de la situation sur l'Aix-un Tivoli avant le d\u00e9but de la saison: \"L'enthousiasme d'Alemannia ne sort pas\" | Vie Associative","og_description":"Samedi prochain \u00e0 14 h La troisi\u00e8me division du football Alemannia Aachen commencera la nouvelle saison avec un match \u00e0 l&rsquo;ext\u00e9rieur \u00e0 VFL Osnabr\u00fcck. Ce","og_url":"https:\/\/vieassociative.be\/actualites\/colin-kraft-a-propos-de-la-situation-sur-laix-un-tivoli-avant-le-debut-de-la-saison-lenthousiasme-dalemannia-ne-sort-pas\/","og_site_name":"Vie Associative","article_published_time":"2025-07-31T14:21:54+00:00","og_image":[{"width":279,"height":92,"url":"https:\/\/vieassociative.be\/actualites\/wp-content\/uploads\/2024\/09\/header_backgroundk-01-e1726694325946.png","type":"image\/png"}],"author":"Julien","twitter_card":"summary_large_image","twitter_misc":{"\u00c9crit par":"Julien","Dur\u00e9e de lecture est.":"6 minutes"},"schema":{"@context":"https:\/\/schema.org","@graph":[{"@type":"Article","@id":"https:\/\/vieassociative.be\/actualites\/colin-kraft-a-propos-de-la-situation-sur-laix-un-tivoli-avant-le-debut-de-la-saison-lenthousiasme-dalemannia-ne-sort-pas\/#article","isPartOf":{"@id":"https:\/\/vieassociative.be\/actualites\/colin-kraft-a-propos-de-la-situation-sur-laix-un-tivoli-avant-le-debut-de-la-saison-lenthousiasme-dalemannia-ne-sort-pas\/"},"author":{"name":"Julien","@id":"https:\/\/vieassociative.be\/actualites\/#\/schema\/person\/b87ac4f82f9d4e7b7cec7395b679edc4"},"headline":"Colin Kraft \u00e0 propos de la situation sur l&rsquo;Aix-un Tivoli avant le d\u00e9but de la saison: \u00ab\u00a0L&rsquo;enthousiasme d&rsquo;Alemannia ne sort pas\u00a0\u00bb","datePublished":"2025-07-31T14:21:54+00:00","dateModified":"2025-07-31T14:21:54+00:00","mainEntityOfPage":{"@id":"https:\/\/vieassociative.be\/actualites\/colin-kraft-a-propos-de-la-situation-sur-laix-un-tivoli-avant-le-debut-de-la-saison-lenthousiasme-dalemannia-ne-sort-pas\/"},"wordCount":1302,"publisher":{"@id":"https:\/\/vieassociative.be\/actualites\/#organization"},"image":{"@id":"https:\/\/vieassociative.be\/actualites\/colin-kraft-a-propos-de-la-situation-sur-laix-un-tivoli-avant-le-debut-de-la-saison-lenthousiasme-dalemannia-ne-sort-pas\/#primaryimage"},"thumbnailUrl":"https:\/\/vieassociative.be\/actualites\/wp-content\/uploads\/2025\/07\/1753971715_Colin-Kraft-a-propos-de-la-situation-sur-lAix-un-Tivoli.jpg","keywords":["avant","Colin","dAlemannia","D\u00e9but","Kraft","lAixun","Lenthousiasme","pas","propos","Saison","situation","sort","sur","Tivoli"],"articleSection":["Belgique"],"inLanguage":"fr-BE"},{"@type":"WebPage","@id":"https:\/\/vieassociative.be\/actualites\/colin-kraft-a-propos-de-la-situation-sur-laix-un-tivoli-avant-le-debut-de-la-saison-lenthousiasme-dalemannia-ne-sort-pas\/","url":"https:\/\/vieassociative.be\/actualites\/colin-kraft-a-propos-de-la-situation-sur-laix-un-tivoli-avant-le-debut-de-la-saison-lenthousiasme-dalemannia-ne-sort-pas\/","name":"Colin Kraft \u00e0 propos de la situation sur l'Aix-un Tivoli avant le d\u00e9but de la saison: \"L'enthousiasme d'Alemannia ne sort pas\" | Vie Associative","isPartOf":{"@id":"https:\/\/vieassociative.be\/actualites\/#website"},"primaryImageOfPage":{"@id":"https:\/\/vieassociative.be\/actualites\/colin-kraft-a-propos-de-la-situation-sur-laix-un-tivoli-avant-le-debut-de-la-saison-lenthousiasme-dalemannia-ne-sort-pas\/#primaryimage"},"image":{"@id":"https:\/\/vieassociative.be\/actualites\/colin-kraft-a-propos-de-la-situation-sur-laix-un-tivoli-avant-le-debut-de-la-saison-lenthousiasme-dalemannia-ne-sort-pas\/#primaryimage"},"thumbnailUrl":"https:\/\/vieassociative.be\/actualites\/wp-content\/uploads\/2025\/07\/1753971715_Colin-Kraft-a-propos-de-la-situation-sur-lAix-un-Tivoli.jpg","datePublished":"2025-07-31T14:21:54+00:00","dateModified":"2025-07-31T14:21:54+00:00","breadcrumb":{"@id":"https:\/\/vieassociative.be\/actualites\/colin-kraft-a-propos-de-la-situation-sur-laix-un-tivoli-avant-le-debut-de-la-saison-lenthousiasme-dalemannia-ne-sort-pas\/#breadcrumb"},"inLanguage":"fr-BE","potentialAction":[{"@type":"ReadAction","target":["https:\/\/vieassociative.be\/actualites\/colin-kraft-a-propos-de-la-situation-sur-laix-un-tivoli-avant-le-debut-de-la-saison-lenthousiasme-dalemannia-ne-sort-pas\/"]}]},{"@type":"ImageObject","inLanguage":"fr-BE","@id":"https:\/\/vieassociative.be\/actualites\/colin-kraft-a-propos-de-la-situation-sur-laix-un-tivoli-avant-le-debut-de-la-saison-lenthousiasme-dalemannia-ne-sort-pas\/#primaryimage","url":"https:\/\/vieassociative.be\/actualites\/wp-content\/uploads\/2025\/07\/1753971715_Colin-Kraft-a-propos-de-la-situation-sur-lAix-un-Tivoli.jpg","contentUrl":"https:\/\/vieassociative.be\/actualites\/wp-content\/uploads\/2025\/07\/1753971715_Colin-Kraft-a-propos-de-la-situation-sur-lAix-un-Tivoli.jpg","width":1200,"height":800,"caption":"Colin Kraft \u00e0 propos de la situation sur l'Aix-un Tivoli avant le d\u00e9but de la saison: \"L'enthousiasme d'Alemannia ne sort pas\""},{"@type":"BreadcrumbList","@id":"https:\/\/vieassociative.be\/actualites\/colin-kraft-a-propos-de-la-situation-sur-laix-un-tivoli-avant-le-debut-de-la-saison-lenthousiasme-dalemannia-ne-sort-pas\/#breadcrumb","itemListElement":[{"@type":"ListItem","position":1,"name":"Accueil","item":"https:\/\/vieassociative.be\/actualites\/"},{"@type":"ListItem","position":2,"name":"Colin Kraft \u00e0 propos de la situation sur l&rsquo;Aix-un Tivoli avant le d\u00e9but de la saison: \u00ab\u00a0L&rsquo;enthousiasme d&rsquo;Alemannia ne sort pas\u00a0\u00bb"}]},{"@type":"WebSite","@id":"https:\/\/vieassociative.be\/actualites\/#website","url":"https:\/\/vieassociative.be\/actualites\/","name":"Vie Associative","description":"","publisher":{"@id":"https:\/\/vieassociative.be\/actualites\/#organization"},"potentialAction":[{"@type":"SearchAction","target":{"@type":"EntryPoint","urlTemplate":"https:\/\/vieassociative.be\/actualites\/?s={search_term_string}"},"query-input":{"@type":"PropertyValueSpecification","valueRequired":true,"valueName":"search_term_string"}}],"inLanguage":"fr-BE"},{"@type":"Organization","@id":"https:\/\/vieassociative.be\/actualites\/#organization","name":"Vie Associative","url":"https:\/\/vieassociative.be\/actualites\/","logo":{"@type":"ImageObject","inLanguage":"fr-BE","@id":"https:\/\/vieassociative.be\/actualites\/#\/schema\/logo\/image\/","url":"https:\/\/vieassociative.be\/actualites\/wp-content\/uploads\/2024\/09\/cropped-vieassociative_favicon.ico.png","contentUrl":"https:\/\/vieassociative.be\/actualites\/wp-content\/uploads\/2024\/09\/cropped-vieassociative_favicon.ico.png","width":512,"height":512,"caption":"Vie Associative"},"image":{"@id":"https:\/\/vieassociative.be\/actualites\/#\/schema\/logo\/image\/"}},{"@type":"Person","@id":"https:\/\/vieassociative.be\/actualites\/#\/schema\/person\/b87ac4f82f9d4e7b7cec7395b679edc4","name":"Julien","image":{"@type":"ImageObject","inLanguage":"fr-BE","@id":"https:\/\/vieassociative.be\/actualites\/#\/schema\/person\/image\/","url":"https:\/\/vieassociative.be\/actualites\/wp-content\/uploads\/2024\/09\/vie-associative-1-150x150.jpg","contentUrl":"https:\/\/vieassociative.be\/actualites\/wp-content\/uploads\/2024\/09\/vie-associative-1-150x150.jpg","caption":"Julien"},"description":"Je suis Julien, r\u00e9dacteur pour Vie Associative. Passionn\u00e9 par le monde associatif depuis plus de 10 ans, j'ai \u00e0 c\u0153ur de partager des histoires inspirantes et de mettre en lumi\u00e8re les initiatives locales. Mon objectif est de sensibiliser et d'encourager l'engagement communautaire \u00e0 travers mes articles.","sameAs":["https:\/\/vieassociative.be\/"]}]}},"_links":{"self":[{"href":"https:\/\/vieassociative.be\/actualites\/wp-json\/wp\/v2\/posts\/9127"}],"collection":[{"href":"https:\/\/vieassociative.be\/actualites\/wp-json\/wp\/v2\/posts"}],"about":[{"href":"https:\/\/vieassociative.be\/actualites\/wp-json\/wp\/v2\/types\/post"}],"author":[{"embeddable":true,"href":"https:\/\/vieassociative.be\/actualites\/wp-json\/wp\/v2\/users\/1"}],"replies":[{"embeddable":true,"href":"https:\/\/vieassociative.be\/actualites\/wp-json\/wp\/v2\/comments?post=9127"}],"version-history":[{"count":0,"href":"https:\/\/vieassociative.be\/actualites\/wp-json\/wp\/v2\/posts\/9127\/revisions"}],"wp:featuredmedia":[{"embeddable":true,"href":"https:\/\/vieassociative.be\/actualites\/wp-json\/wp\/v2\/media\/9128"}],"wp:attachment":[{"href":"https:\/\/vieassociative.be\/actualites\/wp-json\/wp\/v2\/media?parent=9127"}],"wp:term":[{"taxonomy":"category","embeddable":true,"href":"https:\/\/vieassociative.be\/actualites\/wp-json\/wp\/v2\/categories?post=9127"},{"taxonomy":"post_tag","embeddable":true,"href":"https:\/\/vieassociative.be\/actualites\/wp-json\/wp\/v2\/tags?post=9127"}],"curies":[{"name":"wp","href":"https:\/\/api.w.org\/{rel}","templated":true}]}}