{"id":9125,"date":"2025-07-31T15:17:17","date_gmt":"2025-07-31T13:17:17","guid":{"rendered":"https:\/\/vieassociative.be\/actualites\/les-beats-studio-buds-sont-a-leur-prix-le-plus-bas-pour-le-moment\/"},"modified":"2025-07-31T15:17:17","modified_gmt":"2025-07-31T13:17:17","slug":"les-beats-studio-buds-sont-a-leur-prix-le-plus-bas-pour-le-moment","status":"publish","type":"post","link":"https:\/\/vieassociative.be\/actualites\/les-beats-studio-buds-sont-a-leur-prix-le-plus-bas-pour-le-moment\/","title":{"rendered":"Les BEATS Studio Buds sont \u00e0 leur prix le plus bas pour le moment"},"content":{"rendered":"<div class=\"mt-4 leading-6 md:mb-8\">Ce sont une paire d&rsquo;\u00e9reintes de comending au bruit pour le budget qui fonctionnent sur des plateformes.<\/div>\n<p><\/p>\n<p>Les BEATS Studio Buds sont actuellement en baisse \u00e0 79,95 $ sur Woot, qui est le prix le plus bas qu&rsquo;ils ont atteint jusqu&rsquo;\u00e0 pr\u00e9sent (selon Price Trackers). C&rsquo;est une grande coupe de la liste habituelle de 149,95 $ et bat m\u00eame la liste actuelle de 99,95 $ d&rsquo;Amazon. Cet accord se d\u00e9roule pour les 11 prochains jours ou jusqu&rsquo;\u00e0 ce qu&rsquo;il se vende. Les membres Prime re\u00e7oivent une livraison standard gratuite, tandis que les acheteurs non prisons devront ajouter 6 $ suppl\u00e9mentaires. <\/p>\n<div class=\"pogoClear mb-12 mt-10 rounded-md border-2 border-gray-100 py-7 shadow-xl md:py-6\">\n<div class=\"flex flex-wrap justify-between px-7 text-black no-underline md:flex-nowrap md:px-8\">\n<div class=\"order-1 mx-auto flex flex-col justify-center md:order-2 md:ml-4 md:w-full md:grow\">\n<div class=\"block cursor-pointer text-center font-akshar text-2xl font-medium leading-7 text-brand-green duration-200 ease-in-out hover:text-brand-green-700 md:text-left md:text-xl md:leading-6\">Bat les bourgeons de studio\n                <\/div>\n<div class=\"mt-4 hidden md:flex md:justify-between\">\n<div class=\"self-end\">\n<div class=\"mb-0 h-11 md:flex md:flex-col md:justify-center\">\n<div class=\" font-sans leading-4 text-black\">\n<div class=\"flex flex-wrap items-center justify-center gap-1 md:justify-start\">\n        <span class=\"font-bold\"><\/p>\n<p>            79,95 $<br \/>\n                            <span class=\"font-medium\">\u00e0 Woot <\/span><br \/>\n                    <\/span>\n            <\/div>\n<div class=\"flex items-center justify-center gap-x-1 font-bold md:justify-start\">\n            <span class=\"text-sm line-through\">149,95 $<\/span><br \/>\n            <span class=\"text-sm text-brand-green\">\u00c9conomisez 70,00 $<\/span>\n        <\/div>\n<\/p><\/div>\n<\/p><\/div>\n<\/p><\/div>\n<div class=\"w-44 self-end\">\n                            <button class=\"flex justify-center items-center w-full bg-brand-green text-white text-base font-sans font-medium rounded-md hover:bg-brand-green-700 hover:cursor-pointer md:text-sm h-11\"><\/p>\n<p>    Conclure un accord<br \/>\n<\/button>\n                        <\/div>\n<\/p><\/div>\n<\/p><\/div>\n<div class=\"order-2 mt-5 h-auto w-full md:order-1 md:mt-0 md:hidden\">\n<div class=\"flex aspect-video items-center justify-center\">\n                                            <img decoding=\"async\" class=\"m-0 max-h-full max-w-full rounded-md\" src=\"https:\/\/vieassociative.be\/actualites\/wp-content\/uploads\/2025\/07\/Les-BEATS-Studio-Buds-sont-a-leur-prix-le-plus.png\" alt=\"Bat les bourgeons de studio\" width=\"auto\" height=\"auto\" loading=\"lazy\">\n                                    <\/div>\n<\/p><\/div>\n<div class=\"order-2 ml-2 hidden w-32 shrink-0 items-center md:order-1 md:ml-0 md:flex\">\n<div class=\"flex aspect-video items-center justify-center\">\n                                            <img decoding=\"async\" class=\"m-0 max-h-full max-w-full rounded-md\" src=\"https:\/\/vieassociative.be\/actualites\/wp-content\/uploads\/2025\/07\/Les-BEATS-Studio-Buds-sont-a-leur-prix-le-plus.png\" alt=\"Bat les bourgeons de studio\" width=\"auto\" height=\"auto\" loading=\"lazy\">\n                                    <\/div>\n<\/p><\/div>\n<div class=\"order-3 flex grow flex-wrap md:hidden md:grow-0\">\n<div class=\"mt-4 w-full\">\n                        <button class=\"flex justify-center items-center w-full bg-brand-green text-white text-base font-sans font-medium rounded-md hover:bg-brand-green-700 hover:cursor-pointer md:text-sm h-11\"><\/p>\n<p>    Conclure un accord<br \/>\n<\/button>\n                    <\/div>\n<div class=\"mx-2 mt-4 w-full\">\n<div class=\" font-sans leading-4 text-black\">\n<div class=\"flex flex-wrap items-center justify-center gap-1 md:justify-start\">\n        <span class=\"font-bold\"><\/p>\n<p>            79,95 $<br \/>\n                            <span class=\"font-medium\">\u00e0 Woot <\/span><br \/>\n                    <\/span>\n            <\/div>\n<div class=\"flex items-center justify-center gap-x-1 font-bold md:justify-start\">\n            <span class=\"text-sm line-through\">149,95 $<\/span><br \/>\n            <span class=\"text-sm text-brand-green\">\u00c9conomisez 70,00 $<\/span>\n        <\/div>\n<\/p><\/div>\n<\/p><\/div>\n<\/p><\/div>\n<\/p><\/div>\n<\/div>\n<p>Ces bourgeons r\u00e9sistants \u00e0 l&rsquo;eau (IPX4) se penchent dur dans les basses, et si c&rsquo;est votre truc, vous appr\u00e9cierez probablement la fa\u00e7on dont ils sonnent. Vous obtenez toujours un peu de croustillant dans les sommets, mais ce n&rsquo;est certainement pas un profil sonore neutre. Les commandes sur les oreilles sont assez simples: le jeu de jeu, la manipulation des appels et le v\u00e9lo via les modes ANC, mais il n&rsquo;y a aucun moyen d&rsquo;ajuster le volume sans atteindre votre t\u00e9l\u00e9phone. Ils sont livr\u00e9s avec une annulation active du bruit et un mode de transparence (assez rares \u00e0 avoir \u00e0 ce prix, en particulier avec l&rsquo;int\u00e9gration \u00e0 dos pomme pour iOS et Android), bien que l&rsquo;ANC ne soit pas aussi forte que ce que vous obtiendrez avec des \u00e9couteurs plus chers. Selon PCMAG, les bourgeons du studio Beats g\u00e8rent assez bien le bruit \u00e0 basse fr\u00e9quence comme le plan, mais les sons et les bavardages en arri\u00e8re-plan peuvent se faufiler.<\/p>\n<p>Sur le plan de la forme, ils sont assez petits et sont livr\u00e9s avec trois tailles de pointes d&rsquo;oreille, bien que les faire entrer peut prendre une seconde en raison de la surface lisse. Une fois qu&rsquo;ils sont, cependant, ils auraient \u00e9t\u00e9 s\u00fbrs et confortables. La dur\u00e9e de vie de la batterie est d&rsquo;environ cinq heures avec ANC (huit si elle est \u00e9teinte), et le bo\u00eetier vous donne encore 10 \u00e0 16 heures, selon vos param\u00e8tres. Le cas ne prend pas en charge la charge sans fil et les exp\u00e9dites uniquement avec un c\u00e2ble USB-C, donc si vous n&rsquo;avez pas d\u00e9j\u00e0 de port ou d&rsquo;adaptateur compatible, vous devrez peut-\u00eatre en acheter un.<\/p>\n","protected":false},"excerpt":{"rendered":"<p>Ce sont une paire d&rsquo;\u00e9reintes de comending au bruit pour le budget qui fonctionnent sur des plateformes. Les BEATS Studio Buds sont actuellement en baisse<\/p>\n","protected":false},"author":1,"featured_media":9126,"comment_status":"","ping_status":"","sticky":false,"template":"","format":"standard","meta":{"footnotes":""},"categories":[13],"tags":[700,4088,4282,14,958,1429,81,1399,18,2216],"class_list":["post-9125","post","type-post","status-publish","format-standard","has-post-thumbnail","hentry","category-technologie","tag-bas","tag-beats","tag-buds","tag-les","tag-leur","tag-moment","tag-pour","tag-prix","tag-sont","tag-studio","generate-columns","tablet-grid-50","mobile-grid-100","grid-parent","grid-33"],"yoast_head":"<!-- This site is optimized with the Yoast SEO plugin v24.0 - https:\/\/yoast.com\/wordpress\/plugins\/seo\/ -->\n<title>Les BEATS Studio Buds sont \u00e0 leur prix le plus bas pour le moment | Vie Associative<\/title>\n<meta name=\"robots\" content=\"index, follow, max-snippet:-1, max-image-preview:large, max-video-preview:-1\" \/>\n<link rel=\"canonical\" href=\"https:\/\/vieassociative.be\/actualites\/les-beats-studio-buds-sont-a-leur-prix-le-plus-bas-pour-le-moment\/\" \/>\n<meta property=\"og:locale\" content=\"fr_FR\" \/>\n<meta property=\"og:type\" content=\"article\" \/>\n<meta property=\"og:title\" content=\"Les BEATS Studio Buds sont \u00e0 leur prix le plus bas pour le moment | Vie Associative\" \/>\n<meta property=\"og:description\" content=\"Ce sont une paire d&rsquo;\u00e9reintes de comending au bruit pour le budget qui fonctionnent sur des plateformes. Les BEATS Studio Buds sont actuellement en baisse\" \/>\n<meta property=\"og:url\" content=\"https:\/\/vieassociative.be\/actualites\/les-beats-studio-buds-sont-a-leur-prix-le-plus-bas-pour-le-moment\/\" \/>\n<meta property=\"og:site_name\" content=\"Vie Associative\" \/>\n<meta property=\"article:published_time\" content=\"2025-07-31T13:17:17+00:00\" \/>\n<meta property=\"og:image\" content=\"https:\/\/vieassociative.be\/actualites\/wp-content\/uploads\/2025\/07\/Les-BEATS-Studio-Buds-sont-a-leur-prix-le-plus.png\" \/>\n<meta name=\"author\" content=\"Julien\" \/>\n<meta name=\"twitter:card\" content=\"summary_large_image\" \/>\n<meta name=\"twitter:label1\" content=\"\u00c9crit par\" \/>\n\t<meta name=\"twitter:data1\" content=\"Julien\" \/>\n\t<meta name=\"twitter:label2\" content=\"Dur\u00e9e de lecture est.\" \/>\n\t<meta name=\"twitter:data2\" content=\"2 minutes\" \/>\n<script type=\"application\/ld+json\" class=\"yoast-schema-graph\">{\"@context\":\"https:\/\/schema.org\",\"@graph\":[{\"@type\":\"Article\",\"@id\":\"https:\/\/vieassociative.be\/actualites\/les-beats-studio-buds-sont-a-leur-prix-le-plus-bas-pour-le-moment\/#article\",\"isPartOf\":{\"@id\":\"https:\/\/vieassociative.be\/actualites\/les-beats-studio-buds-sont-a-leur-prix-le-plus-bas-pour-le-moment\/\"},\"author\":{\"name\":\"Julien\",\"@id\":\"https:\/\/vieassociative.be\/actualites\/#\/schema\/person\/b87ac4f82f9d4e7b7cec7395b679edc4\"},\"headline\":\"Les BEATS Studio Buds sont \u00e0 leur prix le plus bas pour le moment\",\"datePublished\":\"2025-07-31T13:17:17+00:00\",\"dateModified\":\"2025-07-31T13:17:17+00:00\",\"mainEntityOfPage\":{\"@id\":\"https:\/\/vieassociative.be\/actualites\/les-beats-studio-buds-sont-a-leur-prix-le-plus-bas-pour-le-moment\/\"},\"wordCount\":423,\"publisher\":{\"@id\":\"https:\/\/vieassociative.be\/actualites\/#organization\"},\"image\":{\"@id\":\"https:\/\/vieassociative.be\/actualites\/les-beats-studio-buds-sont-a-leur-prix-le-plus-bas-pour-le-moment\/#primaryimage\"},\"thumbnailUrl\":\"https:\/\/vieassociative.be\/actualites\/wp-content\/uploads\/2025\/07\/1753967837_Les-BEATS-Studio-Buds-sont-a-leur-prix-le-plus.png\",\"keywords\":[\"bas\",\"Beats\",\"Buds\",\"Les\",\"leur\",\"moment\",\"pour\",\"prix\",\"sont\",\"Studio\"],\"articleSection\":[\"Technologie\"],\"inLanguage\":\"fr-BE\"},{\"@type\":\"WebPage\",\"@id\":\"https:\/\/vieassociative.be\/actualites\/les-beats-studio-buds-sont-a-leur-prix-le-plus-bas-pour-le-moment\/\",\"url\":\"https:\/\/vieassociative.be\/actualites\/les-beats-studio-buds-sont-a-leur-prix-le-plus-bas-pour-le-moment\/\",\"name\":\"Les BEATS Studio Buds sont \u00e0 leur prix le plus bas pour le moment | Vie Associative\",\"isPartOf\":{\"@id\":\"https:\/\/vieassociative.be\/actualites\/#website\"},\"primaryImageOfPage\":{\"@id\":\"https:\/\/vieassociative.be\/actualites\/les-beats-studio-buds-sont-a-leur-prix-le-plus-bas-pour-le-moment\/#primaryimage\"},\"image\":{\"@id\":\"https:\/\/vieassociative.be\/actualites\/les-beats-studio-buds-sont-a-leur-prix-le-plus-bas-pour-le-moment\/#primaryimage\"},\"thumbnailUrl\":\"https:\/\/vieassociative.be\/actualites\/wp-content\/uploads\/2025\/07\/1753967837_Les-BEATS-Studio-Buds-sont-a-leur-prix-le-plus.png\",\"datePublished\":\"2025-07-31T13:17:17+00:00\",\"dateModified\":\"2025-07-31T13:17:17+00:00\",\"breadcrumb\":{\"@id\":\"https:\/\/vieassociative.be\/actualites\/les-beats-studio-buds-sont-a-leur-prix-le-plus-bas-pour-le-moment\/#breadcrumb\"},\"inLanguage\":\"fr-BE\",\"potentialAction\":[{\"@type\":\"ReadAction\",\"target\":[\"https:\/\/vieassociative.be\/actualites\/les-beats-studio-buds-sont-a-leur-prix-le-plus-bas-pour-le-moment\/\"]}]},{\"@type\":\"ImageObject\",\"inLanguage\":\"fr-BE\",\"@id\":\"https:\/\/vieassociative.be\/actualites\/les-beats-studio-buds-sont-a-leur-prix-le-plus-bas-pour-le-moment\/#primaryimage\",\"url\":\"https:\/\/vieassociative.be\/actualites\/wp-content\/uploads\/2025\/07\/1753967837_Les-BEATS-Studio-Buds-sont-a-leur-prix-le-plus.png\",\"contentUrl\":\"https:\/\/vieassociative.be\/actualites\/wp-content\/uploads\/2025\/07\/1753967837_Les-BEATS-Studio-Buds-sont-a-leur-prix-le-plus.png\",\"width\":1200,\"height\":675,\"caption\":\"Les BEATS Studio Buds sont \u00e0 leur prix le plus bas pour le moment\"},{\"@type\":\"BreadcrumbList\",\"@id\":\"https:\/\/vieassociative.be\/actualites\/les-beats-studio-buds-sont-a-leur-prix-le-plus-bas-pour-le-moment\/#breadcrumb\",\"itemListElement\":[{\"@type\":\"ListItem\",\"position\":1,\"name\":\"Accueil\",\"item\":\"https:\/\/vieassociative.be\/actualites\/\"},{\"@type\":\"ListItem\",\"position\":2,\"name\":\"Les BEATS Studio Buds sont \u00e0 leur prix le plus bas pour le moment\"}]},{\"@type\":\"WebSite\",\"@id\":\"https:\/\/vieassociative.be\/actualites\/#website\",\"url\":\"https:\/\/vieassociative.be\/actualites\/\",\"name\":\"Vie Associative\",\"description\":\"\",\"publisher\":{\"@id\":\"https:\/\/vieassociative.be\/actualites\/#organization\"},\"potentialAction\":[{\"@type\":\"SearchAction\",\"target\":{\"@type\":\"EntryPoint\",\"urlTemplate\":\"https:\/\/vieassociative.be\/actualites\/?s={search_term_string}\"},\"query-input\":{\"@type\":\"PropertyValueSpecification\",\"valueRequired\":true,\"valueName\":\"search_term_string\"}}],\"inLanguage\":\"fr-BE\"},{\"@type\":\"Organization\",\"@id\":\"https:\/\/vieassociative.be\/actualites\/#organization\",\"name\":\"Vie Associative\",\"url\":\"https:\/\/vieassociative.be\/actualites\/\",\"logo\":{\"@type\":\"ImageObject\",\"inLanguage\":\"fr-BE\",\"@id\":\"https:\/\/vieassociative.be\/actualites\/#\/schema\/logo\/image\/\",\"url\":\"https:\/\/vieassociative.be\/actualites\/wp-content\/uploads\/2024\/09\/cropped-vieassociative_favicon.ico.png\",\"contentUrl\":\"https:\/\/vieassociative.be\/actualites\/wp-content\/uploads\/2024\/09\/cropped-vieassociative_favicon.ico.png\",\"width\":512,\"height\":512,\"caption\":\"Vie Associative\"},\"image\":{\"@id\":\"https:\/\/vieassociative.be\/actualites\/#\/schema\/logo\/image\/\"}},{\"@type\":\"Person\",\"@id\":\"https:\/\/vieassociative.be\/actualites\/#\/schema\/person\/b87ac4f82f9d4e7b7cec7395b679edc4\",\"name\":\"Julien\",\"image\":{\"@type\":\"ImageObject\",\"inLanguage\":\"fr-BE\",\"@id\":\"https:\/\/vieassociative.be\/actualites\/#\/schema\/person\/image\/\",\"url\":\"https:\/\/vieassociative.be\/actualites\/wp-content\/uploads\/2024\/09\/vie-associative-1-150x150.jpg\",\"contentUrl\":\"https:\/\/vieassociative.be\/actualites\/wp-content\/uploads\/2024\/09\/vie-associative-1-150x150.jpg\",\"caption\":\"Julien\"},\"description\":\"Je suis Julien, r\u00e9dacteur pour Vie Associative. Passionn\u00e9 par le monde associatif depuis plus de 10 ans, j'ai \u00e0 c\u0153ur de partager des histoires inspirantes et de mettre en lumi\u00e8re les initiatives locales. Mon objectif est de sensibiliser et d'encourager l'engagement communautaire \u00e0 travers mes articles.\",\"sameAs\":[\"https:\/\/vieassociative.be\/\"]}]}<\/script>\n<!-- \/ Yoast SEO plugin. -->","yoast_head_json":{"title":"Les BEATS Studio Buds sont \u00e0 leur prix le plus bas pour le moment | Vie Associative","robots":{"index":"index","follow":"follow","max-snippet":"max-snippet:-1","max-image-preview":"max-image-preview:large","max-video-preview":"max-video-preview:-1"},"canonical":"https:\/\/vieassociative.be\/actualites\/les-beats-studio-buds-sont-a-leur-prix-le-plus-bas-pour-le-moment\/","og_locale":"fr_FR","og_type":"article","og_title":"Les BEATS Studio Buds sont \u00e0 leur prix le plus bas pour le moment | Vie Associative","og_description":"Ce sont une paire d&rsquo;\u00e9reintes de comending au bruit pour le budget qui fonctionnent sur des plateformes. Les BEATS Studio Buds sont actuellement en baisse","og_url":"https:\/\/vieassociative.be\/actualites\/les-beats-studio-buds-sont-a-leur-prix-le-plus-bas-pour-le-moment\/","og_site_name":"Vie Associative","article_published_time":"2025-07-31T13:17:17+00:00","og_image":[{"url":"https:\/\/vieassociative.be\/actualites\/wp-content\/uploads\/2025\/07\/Les-BEATS-Studio-Buds-sont-a-leur-prix-le-plus.png","type":"","width":"","height":""}],"author":"Julien","twitter_card":"summary_large_image","twitter_misc":{"\u00c9crit par":"Julien","Dur\u00e9e de lecture est.":"2 minutes"},"schema":{"@context":"https:\/\/schema.org","@graph":[{"@type":"Article","@id":"https:\/\/vieassociative.be\/actualites\/les-beats-studio-buds-sont-a-leur-prix-le-plus-bas-pour-le-moment\/#article","isPartOf":{"@id":"https:\/\/vieassociative.be\/actualites\/les-beats-studio-buds-sont-a-leur-prix-le-plus-bas-pour-le-moment\/"},"author":{"name":"Julien","@id":"https:\/\/vieassociative.be\/actualites\/#\/schema\/person\/b87ac4f82f9d4e7b7cec7395b679edc4"},"headline":"Les BEATS Studio Buds sont \u00e0 leur prix le plus bas pour le moment","datePublished":"2025-07-31T13:17:17+00:00","dateModified":"2025-07-31T13:17:17+00:00","mainEntityOfPage":{"@id":"https:\/\/vieassociative.be\/actualites\/les-beats-studio-buds-sont-a-leur-prix-le-plus-bas-pour-le-moment\/"},"wordCount":423,"publisher":{"@id":"https:\/\/vieassociative.be\/actualites\/#organization"},"image":{"@id":"https:\/\/vieassociative.be\/actualites\/les-beats-studio-buds-sont-a-leur-prix-le-plus-bas-pour-le-moment\/#primaryimage"},"thumbnailUrl":"https:\/\/vieassociative.be\/actualites\/wp-content\/uploads\/2025\/07\/1753967837_Les-BEATS-Studio-Buds-sont-a-leur-prix-le-plus.png","keywords":["bas","Beats","Buds","Les","leur","moment","pour","prix","sont","Studio"],"articleSection":["Technologie"],"inLanguage":"fr-BE"},{"@type":"WebPage","@id":"https:\/\/vieassociative.be\/actualites\/les-beats-studio-buds-sont-a-leur-prix-le-plus-bas-pour-le-moment\/","url":"https:\/\/vieassociative.be\/actualites\/les-beats-studio-buds-sont-a-leur-prix-le-plus-bas-pour-le-moment\/","name":"Les BEATS Studio Buds sont \u00e0 leur prix le plus bas pour le moment | Vie Associative","isPartOf":{"@id":"https:\/\/vieassociative.be\/actualites\/#website"},"primaryImageOfPage":{"@id":"https:\/\/vieassociative.be\/actualites\/les-beats-studio-buds-sont-a-leur-prix-le-plus-bas-pour-le-moment\/#primaryimage"},"image":{"@id":"https:\/\/vieassociative.be\/actualites\/les-beats-studio-buds-sont-a-leur-prix-le-plus-bas-pour-le-moment\/#primaryimage"},"thumbnailUrl":"https:\/\/vieassociative.be\/actualites\/wp-content\/uploads\/2025\/07\/1753967837_Les-BEATS-Studio-Buds-sont-a-leur-prix-le-plus.png","datePublished":"2025-07-31T13:17:17+00:00","dateModified":"2025-07-31T13:17:17+00:00","breadcrumb":{"@id":"https:\/\/vieassociative.be\/actualites\/les-beats-studio-buds-sont-a-leur-prix-le-plus-bas-pour-le-moment\/#breadcrumb"},"inLanguage":"fr-BE","potentialAction":[{"@type":"ReadAction","target":["https:\/\/vieassociative.be\/actualites\/les-beats-studio-buds-sont-a-leur-prix-le-plus-bas-pour-le-moment\/"]}]},{"@type":"ImageObject","inLanguage":"fr-BE","@id":"https:\/\/vieassociative.be\/actualites\/les-beats-studio-buds-sont-a-leur-prix-le-plus-bas-pour-le-moment\/#primaryimage","url":"https:\/\/vieassociative.be\/actualites\/wp-content\/uploads\/2025\/07\/1753967837_Les-BEATS-Studio-Buds-sont-a-leur-prix-le-plus.png","contentUrl":"https:\/\/vieassociative.be\/actualites\/wp-content\/uploads\/2025\/07\/1753967837_Les-BEATS-Studio-Buds-sont-a-leur-prix-le-plus.png","width":1200,"height":675,"caption":"Les BEATS Studio Buds sont \u00e0 leur prix le plus bas pour le moment"},{"@type":"BreadcrumbList","@id":"https:\/\/vieassociative.be\/actualites\/les-beats-studio-buds-sont-a-leur-prix-le-plus-bas-pour-le-moment\/#breadcrumb","itemListElement":[{"@type":"ListItem","position":1,"name":"Accueil","item":"https:\/\/vieassociative.be\/actualites\/"},{"@type":"ListItem","position":2,"name":"Les BEATS Studio Buds sont \u00e0 leur prix le plus bas pour le moment"}]},{"@type":"WebSite","@id":"https:\/\/vieassociative.be\/actualites\/#website","url":"https:\/\/vieassociative.be\/actualites\/","name":"Vie Associative","description":"","publisher":{"@id":"https:\/\/vieassociative.be\/actualites\/#organization"},"potentialAction":[{"@type":"SearchAction","target":{"@type":"EntryPoint","urlTemplate":"https:\/\/vieassociative.be\/actualites\/?s={search_term_string}"},"query-input":{"@type":"PropertyValueSpecification","valueRequired":true,"valueName":"search_term_string"}}],"inLanguage":"fr-BE"},{"@type":"Organization","@id":"https:\/\/vieassociative.be\/actualites\/#organization","name":"Vie Associative","url":"https:\/\/vieassociative.be\/actualites\/","logo":{"@type":"ImageObject","inLanguage":"fr-BE","@id":"https:\/\/vieassociative.be\/actualites\/#\/schema\/logo\/image\/","url":"https:\/\/vieassociative.be\/actualites\/wp-content\/uploads\/2024\/09\/cropped-vieassociative_favicon.ico.png","contentUrl":"https:\/\/vieassociative.be\/actualites\/wp-content\/uploads\/2024\/09\/cropped-vieassociative_favicon.ico.png","width":512,"height":512,"caption":"Vie Associative"},"image":{"@id":"https:\/\/vieassociative.be\/actualites\/#\/schema\/logo\/image\/"}},{"@type":"Person","@id":"https:\/\/vieassociative.be\/actualites\/#\/schema\/person\/b87ac4f82f9d4e7b7cec7395b679edc4","name":"Julien","image":{"@type":"ImageObject","inLanguage":"fr-BE","@id":"https:\/\/vieassociative.be\/actualites\/#\/schema\/person\/image\/","url":"https:\/\/vieassociative.be\/actualites\/wp-content\/uploads\/2024\/09\/vie-associative-1-150x150.jpg","contentUrl":"https:\/\/vieassociative.be\/actualites\/wp-content\/uploads\/2024\/09\/vie-associative-1-150x150.jpg","caption":"Julien"},"description":"Je suis Julien, r\u00e9dacteur pour Vie Associative. Passionn\u00e9 par le monde associatif depuis plus de 10 ans, j'ai \u00e0 c\u0153ur de partager des histoires inspirantes et de mettre en lumi\u00e8re les initiatives locales. Mon objectif est de sensibiliser et d'encourager l'engagement communautaire \u00e0 travers mes articles.","sameAs":["https:\/\/vieassociative.be\/"]}]}},"_links":{"self":[{"href":"https:\/\/vieassociative.be\/actualites\/wp-json\/wp\/v2\/posts\/9125"}],"collection":[{"href":"https:\/\/vieassociative.be\/actualites\/wp-json\/wp\/v2\/posts"}],"about":[{"href":"https:\/\/vieassociative.be\/actualites\/wp-json\/wp\/v2\/types\/post"}],"author":[{"embeddable":true,"href":"https:\/\/vieassociative.be\/actualites\/wp-json\/wp\/v2\/users\/1"}],"replies":[{"embeddable":true,"href":"https:\/\/vieassociative.be\/actualites\/wp-json\/wp\/v2\/comments?post=9125"}],"version-history":[{"count":0,"href":"https:\/\/vieassociative.be\/actualites\/wp-json\/wp\/v2\/posts\/9125\/revisions"}],"wp:featuredmedia":[{"embeddable":true,"href":"https:\/\/vieassociative.be\/actualites\/wp-json\/wp\/v2\/media\/9126"}],"wp:attachment":[{"href":"https:\/\/vieassociative.be\/actualites\/wp-json\/wp\/v2\/media?parent=9125"}],"wp:term":[{"taxonomy":"category","embeddable":true,"href":"https:\/\/vieassociative.be\/actualites\/wp-json\/wp\/v2\/categories?post=9125"},{"taxonomy":"post_tag","embeddable":true,"href":"https:\/\/vieassociative.be\/actualites\/wp-json\/wp\/v2\/tags?post=9125"}],"curies":[{"name":"wp","href":"https:\/\/api.w.org\/{rel}","templated":true}]}}