{"id":9119,"date":"2025-07-31T10:18:28","date_gmt":"2025-07-31T08:18:28","guid":{"rendered":"https:\/\/vieassociative.be\/actualites\/le-borussia-monchengladbach-celebre-son-joueur-de-125-ans-le-dernier-titre-a-eu-lieu-il-y-a-30-ans\/"},"modified":"2025-07-31T10:18:28","modified_gmt":"2025-07-31T08:18:28","slug":"le-borussia-monchengladbach-celebre-son-joueur-de-125-ans-le-dernier-titre-a-eu-lieu-il-y-a-30-ans","status":"publish","type":"post","link":"https:\/\/vieassociative.be\/actualites\/le-borussia-monchengladbach-celebre-son-joueur-de-125-ans-le-dernier-titre-a-eu-lieu-il-y-a-30-ans\/","title":{"rendered":"Le Borussia M\u00f6nchengladbach c\u00e9l\u00e8bre son joueur de 125 ans &#8211; le dernier titre a eu lieu il y a 30 ans"},"content":{"rendered":"<p><strong>Le Borussia M\u00f6nchengladbach n&rsquo;a pas les probl\u00e8mes de nombreux autres clubs traditionnels. N\u00e9anmoins, les inqui\u00e9tudes dans la r\u00e9gion sont excellentes. La taille du club se pr\u00e9sente autrefois au 125e anniversaire du week-end. Le Borussia compte \u00e9galement de nombreux fans en Belgique orientale.<\/strong><\/p>\n<p><span id=\"more-421383\"><\/span>Le week-end, le pass\u00e9 est \u00e0 nouveau tr\u00e8s proche du Borussia M\u00f6nchengladbach. Le quintuple champion allemand c\u00e9l\u00e8bre son 125e anniversaire et quelle importance le club avait autrefois vu par la foule invit\u00e9e \u00e0 environ 150 anciens joueurs et entra\u00eeneurs. Entre autres choses, les ex-borussiens G\u00fcnter Netzer, Jupp Heynckes, Berti Vogts et Lothar Matth\u00e4us sont des champions du monde de football.<\/p>\n<div id=\"attachment_247857\" class=\"wp-caption alignleft\" style=\"max-width: 300px\"><img fetchpriority=\"high\" decoding=\"async\" class=\"wp-image-247857 size-medium\" src=\"https:\/\/vieassociative.be\/actualites\/wp-content\/uploads\/2025\/07\/Le-Borussia-Monchengladbach-celebre-son-joueur-de-125-ans.jpeg\" alt=\"\" width=\"300\" height=\"200\"><\/div>\n<p>\u00ab\u00a0J&rsquo;attends avec impatience que le vieux Haudegen vienne. Ceux avec lesquels j&rsquo;ai jou\u00e9 et ceux qui ont \u00e9t\u00e9 rencontr\u00e9s ici au cours des d\u00e9cennies. Nous y travaillons depuis deux ans et maintenant ce sera la r\u00e9alit\u00e9\u00a0\u00bb, a d\u00e9clar\u00e9 la pr\u00e9sidente de Borussen, Rainer Bonhof &#8211; m\u00eame l&rsquo;une des nombreuses l\u00e9gendes du club-l&rsquo;agence de presse allemande.<\/p>\n<p>Le champion d&rsquo;Europe de 1972 et champion du monde en 1974 compte cinq d\u00e9cennies apr\u00e8s les grandes ann\u00e9es 1970, dans lesquelles le club de la ville provinciale du Rhinon inf\u00e9rieur de Bavaria Munich a offert pendant plus d&rsquo;une d\u00e9cennie et parfois m\u00eame devant les champions record d&rsquo;aujourd&rsquo;hui. La derni\u00e8re victoire a eu lieu il y a 30 ans et les fans critiquent le manque d&rsquo;ambition pr\u00e9sum\u00e9 du Borussia d&rsquo;aujourd&rsquo;hui. Le club a r\u00e9cemment fait la une des journaux avec l&rsquo;incident vid\u00e9o autour de l&rsquo;ex-Florian Neuhaus international.<\/p>\n<p>&#8211; K\u00f6ppel critique l&rsquo;excitation \u00e0 propos de Neuhaus: il y a un mois, une vid\u00e9o est apparue qui aurait \u00e9t\u00e9 cr\u00e9\u00e9e sur l&rsquo;\u00eele des Bal\u00e9ares de Majorque. Il a entendu une d\u00e9claration disproportionn\u00e9e sur le directeur sportif du Borussia, Roland Virkus, avant que Neuhaus ne prenne la photo et a donc r\u00e9v\u00e9l\u00e9 son propre salaire de \u00abquatre millions\u00bb d&rsquo;euros. \u00ab\u00a0Cela se produisait\u00a0\u00bb, a d\u00e9clar\u00e9 l&rsquo;ex-Borusse Horst K\u00f6ppel de la DPA. \u00ab\u00a0Seulement cela n&rsquo;a pas eu lieu en public \u00e0 l&rsquo;\u00e9poque et a \u00e9galement \u00e9t\u00e9 r\u00e9solu en interne.\u00a0\u00bb<\/p>\n<p>En tant que joueur, l&rsquo;homme de 77 ans a remport\u00e9 les cinq championnats et les deux victoires de la Coupe UEFA de 1975 et 1979. Il a r\u00e9guli\u00e8rement fi\u00e9vreux dans le parc du Borussia. \u00ab\u00a0J&rsquo;esp\u00e8re que vous pourrez jouer \u00e0 nouveau\u00a0\u00bb, a d\u00e9clar\u00e9 l&rsquo;ancien entra\u00eeneur adjoint de Franz Beckenbauer dans l&rsquo;\u00e9quipe nationale.<\/p>\n<div id=\"attachment_396674\" class=\"wp-caption alignleft\" style=\"max-width: 300px\"><img decoding=\"async\" class=\"wp-image-396674 size-medium\" src=\"https:\/\/vieassociative.be\/actualites\/wp-content\/uploads\/2025\/07\/Le-Borussia-Monchengladbach-celebre-son-joueur-de-125-ans.jpg\" alt=\"\" width=\"300\" height=\"228\"><\/div>\n<p>Vogts a \u00e9galement \u00e9t\u00e9 exprim\u00e9 dans la course &#8211; \u00e0 la grande f\u00eate d&rsquo;anniversaire. Le Borussia, encore l&rsquo;un des cinq clubs les plus populaires en Allemagne, a jou\u00e9 il y a quatre ans en huiti\u00e8mes de finale de la Ligue des champions. La table de Bundesliga suivante place 10, 10, 14 et 10 signifie m\u00e9diocrit\u00e9 pure. \u00ab\u00a0Je ne connais pas la situation actuelle\u00a0\u00bb, a d\u00e9clar\u00e9 Vogts Polderal. \u00abJ&rsquo;\u00e9tais \u00e0 peine l\u00e0 \u00e0 la fin. Et lorsque le Bayern court \u00e0 la t\u00e9l\u00e9vision, je les regarde plut\u00f4t. Parce que un meilleur football y est jou\u00e9. \u00ab\u00a0<\/p>\n<p><strong>&#8211; Bonhof rejette les pr\u00e9occupations:<\/strong> Les troubles, qui se trouvent \u00e9galement dans la r\u00e9gion, contrecarrent Bonhof. \u00ab\u00a0La saison derni\u00e8re, nous avons fait un pas en avant et quatre places bien. Cela remonte \u00e0 la bonne direction &#8211; m\u00eame si nous n&rsquo;\u00e9tions bien s\u00fbr pas satisfaits de la fin de la saison\u00a0\u00bb, a d\u00e9clar\u00e9 Bonhof. \u00ab\u00a0Je peux d\u00e9j\u00e0 imaginer que nous reviendrons au tiers sup\u00e9rieur de la table \u00e0 moyen terme. Ce serait un projet ambitieux.\u00a0\u00bb<\/p>\n<p>La situation actuelle du Borussia en tant qu&rsquo;\u00e9quipe de milieu de gamme est tout sauf probl\u00e9matique pour lui. \u00ab\u00a0La situation globale du Borussia avec tant d&rsquo;ann\u00e9es d&rsquo;affiliation est sensationnelle\u00a0\u00bb, a d\u00e9clar\u00e9 l&rsquo;homme de 73 ans. \u00ab\u00a0D&rsquo;autres clubs ont \u00e9t\u00e9 plus difficiles.\u00a0\u00bb<\/p>\n<p>Le grand rival de Rheinische 1. Le FC K\u00f6ln s&rsquo;installe de mani\u00e8re fiable entre la premi\u00e8re et la deuxi\u00e8me ligue depuis plus de deux d\u00e9cennies, le Hamburger SV avait besoin d&rsquo;ann\u00e9es pour revenir de la deuxi\u00e8me classe et dans la situation sportive dans laquelle le FC Schalke est dans la 2e division, le Borussie n&rsquo;a jamais \u00e9t\u00e9.<\/p>\n<div id=\"attachment_300235\" class=\"wp-caption alignleft\" style=\"max-width: 300px\"><img decoding=\"async\" class=\"wp-image-300235 size-medium\" src=\"https:\/\/vieassociative.be\/actualites\/wp-content\/uploads\/2025\/07\/1753949908_16_Le-Borussia-Monchengladbach-celebre-son-joueur-de-125-ans.jpeg\" alt=\"\" width=\"300\" height=\"218\"><\/div>\n<p>Et en ce qui concerne la saison \u00e0 venir, ce qui est toujours difficile par les mois d&rsquo;\u00e9chec par les attaquants nationaux et la figure d&rsquo;identification Tim Kleinienst, avertit Bonhof. Le fait que, malgr\u00e9 sa blessure au genou, le plaidoyer alassane des attaquants (PSV Eindhoven) et Tomas Cvancara (Antalyaspor) ont \u00e9galement \u00e9t\u00e9 donn\u00e9s, Virkus a compens\u00e9 les obligations de Shuto Machino (Holstein Kiel) et Haris Tabakovic (1899 Hoffenheim).<\/p>\n<p>Un autre attaquant de l&rsquo;offensive pourrait encore suivre. Les rumeurs sont persistantes sur un pr\u00eat du talent du Bayern Munich, Paul Wanner. \u00ab\u00a0L&rsquo;ensemble du march\u00e9 se d\u00e9place \u00e9galement en mouvement que d&rsquo;habitude en raison de la Coupe du monde\u00a0\u00bb, a d\u00e9clar\u00e9 Bonhof \u00e0 d&rsquo;autres transferts possibles. \u00ab\u00a0Je peux d\u00e9j\u00e0 imaginer que nous reviendrons au tiers sup\u00e9rieur de la table \u00e0 moyen terme. Ce serait un projet ambitieux\u00a0\u00bb, a-t-il d\u00e9clar\u00e9. (DPA \/ CRE)<\/p>\n","protected":false},"excerpt":{"rendered":"<p>Le Borussia M\u00f6nchengladbach n&rsquo;a pas les probl\u00e8mes de nombreux autres clubs traditionnels. N\u00e9anmoins, les inqui\u00e9tudes dans la r\u00e9gion sont excellentes. La taille du club se<\/p>\n","protected":false},"author":1,"featured_media":9120,"comment_status":"","ping_status":"","sticky":false,"template":"","format":"standard","meta":{"footnotes":""},"categories":[298],"tags":[584,4677,3843,2682,915,1541,7264,800,2504],"class_list":["post-9119","post","type-post","status-publish","format-standard","has-post-thumbnail","hentry","category-belgique","tag-ans","tag-borussia","tag-celebre","tag-dernier","tag-joueur","tag-lieu","tag-monchengladbach","tag-son","tag-titre","generate-columns","tablet-grid-50","mobile-grid-100","grid-parent","grid-33"],"yoast_head":"<!-- This site is optimized with the Yoast SEO plugin v24.0 - https:\/\/yoast.com\/wordpress\/plugins\/seo\/ -->\n<title>Le Borussia M\u00f6nchengladbach c\u00e9l\u00e8bre son joueur de 125 ans - le dernier titre a eu lieu il y a 30 ans | Vie Associative<\/title>\n<meta name=\"robots\" content=\"index, follow, max-snippet:-1, max-image-preview:large, max-video-preview:-1\" \/>\n<link rel=\"canonical\" href=\"https:\/\/vieassociative.be\/actualites\/le-borussia-monchengladbach-celebre-son-joueur-de-125-ans-le-dernier-titre-a-eu-lieu-il-y-a-30-ans\/\" \/>\n<meta property=\"og:locale\" content=\"fr_FR\" \/>\n<meta property=\"og:type\" content=\"article\" \/>\n<meta property=\"og:title\" content=\"Le Borussia M\u00f6nchengladbach c\u00e9l\u00e8bre son joueur de 125 ans - le dernier titre a eu lieu il y a 30 ans | Vie Associative\" \/>\n<meta property=\"og:description\" content=\"Le Borussia M\u00f6nchengladbach n&rsquo;a pas les probl\u00e8mes de nombreux autres clubs traditionnels. N\u00e9anmoins, les inqui\u00e9tudes dans la r\u00e9gion sont excellentes. La taille du club se\" \/>\n<meta property=\"og:url\" content=\"https:\/\/vieassociative.be\/actualites\/le-borussia-monchengladbach-celebre-son-joueur-de-125-ans-le-dernier-titre-a-eu-lieu-il-y-a-30-ans\/\" \/>\n<meta property=\"og:site_name\" content=\"Vie Associative\" \/>\n<meta property=\"article:published_time\" content=\"2025-07-31T08:18:28+00:00\" \/>\n<meta property=\"og:image\" content=\"https:\/\/vieassociative.be\/actualites\/wp-content\/uploads\/2024\/09\/header_backgroundk-01-e1726694325946.png\" \/>\n\t<meta property=\"og:image:width\" content=\"279\" \/>\n\t<meta property=\"og:image:height\" content=\"92\" \/>\n\t<meta property=\"og:image:type\" content=\"image\/png\" \/>\n<meta name=\"author\" content=\"Julien\" \/>\n<meta name=\"twitter:card\" content=\"summary_large_image\" \/>\n<meta name=\"twitter:label1\" content=\"\u00c9crit par\" \/>\n\t<meta name=\"twitter:data1\" content=\"Julien\" \/>\n\t<meta name=\"twitter:label2\" content=\"Dur\u00e9e de lecture est.\" \/>\n\t<meta name=\"twitter:data2\" content=\"4 minutes\" \/>\n<script type=\"application\/ld+json\" class=\"yoast-schema-graph\">{\"@context\":\"https:\/\/schema.org\",\"@graph\":[{\"@type\":\"Article\",\"@id\":\"https:\/\/vieassociative.be\/actualites\/le-borussia-monchengladbach-celebre-son-joueur-de-125-ans-le-dernier-titre-a-eu-lieu-il-y-a-30-ans\/#article\",\"isPartOf\":{\"@id\":\"https:\/\/vieassociative.be\/actualites\/le-borussia-monchengladbach-celebre-son-joueur-de-125-ans-le-dernier-titre-a-eu-lieu-il-y-a-30-ans\/\"},\"author\":{\"name\":\"Julien\",\"@id\":\"https:\/\/vieassociative.be\/actualites\/#\/schema\/person\/b87ac4f82f9d4e7b7cec7395b679edc4\"},\"headline\":\"Le Borussia M\u00f6nchengladbach c\u00e9l\u00e8bre son joueur de 125 ans &#8211; le dernier titre a eu lieu il y a 30 ans\",\"datePublished\":\"2025-07-31T08:18:28+00:00\",\"dateModified\":\"2025-07-31T08:18:28+00:00\",\"mainEntityOfPage\":{\"@id\":\"https:\/\/vieassociative.be\/actualites\/le-borussia-monchengladbach-celebre-son-joueur-de-125-ans-le-dernier-titre-a-eu-lieu-il-y-a-30-ans\/\"},\"wordCount\":903,\"publisher\":{\"@id\":\"https:\/\/vieassociative.be\/actualites\/#organization\"},\"image\":{\"@id\":\"https:\/\/vieassociative.be\/actualites\/le-borussia-monchengladbach-celebre-son-joueur-de-125-ans-le-dernier-titre-a-eu-lieu-il-y-a-30-ans\/#primaryimage\"},\"thumbnailUrl\":\"https:\/\/vieassociative.be\/actualites\/wp-content\/uploads\/2025\/07\/1753949908_Le-Borussia-Monchengladbach-celebre-son-joueur-de-125-ans.jpg\",\"keywords\":[\"ans\",\"Borussia\",\"c\u00e9l\u00e8bre\",\"dernier\",\"joueur\",\"lieu\",\"M\u00f6nchengladbach\",\"son\",\"titre\"],\"articleSection\":[\"Belgique\"],\"inLanguage\":\"fr-BE\"},{\"@type\":\"WebPage\",\"@id\":\"https:\/\/vieassociative.be\/actualites\/le-borussia-monchengladbach-celebre-son-joueur-de-125-ans-le-dernier-titre-a-eu-lieu-il-y-a-30-ans\/\",\"url\":\"https:\/\/vieassociative.be\/actualites\/le-borussia-monchengladbach-celebre-son-joueur-de-125-ans-le-dernier-titre-a-eu-lieu-il-y-a-30-ans\/\",\"name\":\"Le Borussia M\u00f6nchengladbach c\u00e9l\u00e8bre son joueur de 125 ans - le dernier titre a eu lieu il y a 30 ans | Vie Associative\",\"isPartOf\":{\"@id\":\"https:\/\/vieassociative.be\/actualites\/#website\"},\"primaryImageOfPage\":{\"@id\":\"https:\/\/vieassociative.be\/actualites\/le-borussia-monchengladbach-celebre-son-joueur-de-125-ans-le-dernier-titre-a-eu-lieu-il-y-a-30-ans\/#primaryimage\"},\"image\":{\"@id\":\"https:\/\/vieassociative.be\/actualites\/le-borussia-monchengladbach-celebre-son-joueur-de-125-ans-le-dernier-titre-a-eu-lieu-il-y-a-30-ans\/#primaryimage\"},\"thumbnailUrl\":\"https:\/\/vieassociative.be\/actualites\/wp-content\/uploads\/2025\/07\/1753949908_Le-Borussia-Monchengladbach-celebre-son-joueur-de-125-ans.jpg\",\"datePublished\":\"2025-07-31T08:18:28+00:00\",\"dateModified\":\"2025-07-31T08:18:28+00:00\",\"breadcrumb\":{\"@id\":\"https:\/\/vieassociative.be\/actualites\/le-borussia-monchengladbach-celebre-son-joueur-de-125-ans-le-dernier-titre-a-eu-lieu-il-y-a-30-ans\/#breadcrumb\"},\"inLanguage\":\"fr-BE\",\"potentialAction\":[{\"@type\":\"ReadAction\",\"target\":[\"https:\/\/vieassociative.be\/actualites\/le-borussia-monchengladbach-celebre-son-joueur-de-125-ans-le-dernier-titre-a-eu-lieu-il-y-a-30-ans\/\"]}]},{\"@type\":\"ImageObject\",\"inLanguage\":\"fr-BE\",\"@id\":\"https:\/\/vieassociative.be\/actualites\/le-borussia-monchengladbach-celebre-son-joueur-de-125-ans-le-dernier-titre-a-eu-lieu-il-y-a-30-ans\/#primaryimage\",\"url\":\"https:\/\/vieassociative.be\/actualites\/wp-content\/uploads\/2025\/07\/1753949908_Le-Borussia-Monchengladbach-celebre-son-joueur-de-125-ans.jpg\",\"contentUrl\":\"https:\/\/vieassociative.be\/actualites\/wp-content\/uploads\/2025\/07\/1753949908_Le-Borussia-Monchengladbach-celebre-son-joueur-de-125-ans.jpg\",\"width\":1200,\"height\":909,\"caption\":\"Le Borussia M\u00f6nchengladbach c\u00e9l\u00e8bre son joueur de 125 ans - le dernier titre a eu lieu il y a 30 ans\"},{\"@type\":\"BreadcrumbList\",\"@id\":\"https:\/\/vieassociative.be\/actualites\/le-borussia-monchengladbach-celebre-son-joueur-de-125-ans-le-dernier-titre-a-eu-lieu-il-y-a-30-ans\/#breadcrumb\",\"itemListElement\":[{\"@type\":\"ListItem\",\"position\":1,\"name\":\"Accueil\",\"item\":\"https:\/\/vieassociative.be\/actualites\/\"},{\"@type\":\"ListItem\",\"position\":2,\"name\":\"Le Borussia M\u00f6nchengladbach c\u00e9l\u00e8bre son joueur de 125 ans &#8211; le dernier titre a eu lieu il y a 30 ans\"}]},{\"@type\":\"WebSite\",\"@id\":\"https:\/\/vieassociative.be\/actualites\/#website\",\"url\":\"https:\/\/vieassociative.be\/actualites\/\",\"name\":\"Vie Associative\",\"description\":\"\",\"publisher\":{\"@id\":\"https:\/\/vieassociative.be\/actualites\/#organization\"},\"potentialAction\":[{\"@type\":\"SearchAction\",\"target\":{\"@type\":\"EntryPoint\",\"urlTemplate\":\"https:\/\/vieassociative.be\/actualites\/?s={search_term_string}\"},\"query-input\":{\"@type\":\"PropertyValueSpecification\",\"valueRequired\":true,\"valueName\":\"search_term_string\"}}],\"inLanguage\":\"fr-BE\"},{\"@type\":\"Organization\",\"@id\":\"https:\/\/vieassociative.be\/actualites\/#organization\",\"name\":\"Vie Associative\",\"url\":\"https:\/\/vieassociative.be\/actualites\/\",\"logo\":{\"@type\":\"ImageObject\",\"inLanguage\":\"fr-BE\",\"@id\":\"https:\/\/vieassociative.be\/actualites\/#\/schema\/logo\/image\/\",\"url\":\"https:\/\/vieassociative.be\/actualites\/wp-content\/uploads\/2024\/09\/cropped-vieassociative_favicon.ico.png\",\"contentUrl\":\"https:\/\/vieassociative.be\/actualites\/wp-content\/uploads\/2024\/09\/cropped-vieassociative_favicon.ico.png\",\"width\":512,\"height\":512,\"caption\":\"Vie Associative\"},\"image\":{\"@id\":\"https:\/\/vieassociative.be\/actualites\/#\/schema\/logo\/image\/\"}},{\"@type\":\"Person\",\"@id\":\"https:\/\/vieassociative.be\/actualites\/#\/schema\/person\/b87ac4f82f9d4e7b7cec7395b679edc4\",\"name\":\"Julien\",\"image\":{\"@type\":\"ImageObject\",\"inLanguage\":\"fr-BE\",\"@id\":\"https:\/\/vieassociative.be\/actualites\/#\/schema\/person\/image\/\",\"url\":\"https:\/\/vieassociative.be\/actualites\/wp-content\/uploads\/2024\/09\/vie-associative-1-150x150.jpg\",\"contentUrl\":\"https:\/\/vieassociative.be\/actualites\/wp-content\/uploads\/2024\/09\/vie-associative-1-150x150.jpg\",\"caption\":\"Julien\"},\"description\":\"Je suis Julien, r\u00e9dacteur pour Vie Associative. Passionn\u00e9 par le monde associatif depuis plus de 10 ans, j'ai \u00e0 c\u0153ur de partager des histoires inspirantes et de mettre en lumi\u00e8re les initiatives locales. Mon objectif est de sensibiliser et d'encourager l'engagement communautaire \u00e0 travers mes articles.\",\"sameAs\":[\"https:\/\/vieassociative.be\/\"]}]}<\/script>\n<!-- \/ Yoast SEO plugin. -->","yoast_head_json":{"title":"Le Borussia M\u00f6nchengladbach c\u00e9l\u00e8bre son joueur de 125 ans - le dernier titre a eu lieu il y a 30 ans | Vie Associative","robots":{"index":"index","follow":"follow","max-snippet":"max-snippet:-1","max-image-preview":"max-image-preview:large","max-video-preview":"max-video-preview:-1"},"canonical":"https:\/\/vieassociative.be\/actualites\/le-borussia-monchengladbach-celebre-son-joueur-de-125-ans-le-dernier-titre-a-eu-lieu-il-y-a-30-ans\/","og_locale":"fr_FR","og_type":"article","og_title":"Le Borussia M\u00f6nchengladbach c\u00e9l\u00e8bre son joueur de 125 ans - le dernier titre a eu lieu il y a 30 ans | Vie Associative","og_description":"Le Borussia M\u00f6nchengladbach n&rsquo;a pas les probl\u00e8mes de nombreux autres clubs traditionnels. N\u00e9anmoins, les inqui\u00e9tudes dans la r\u00e9gion sont excellentes. La taille du club se","og_url":"https:\/\/vieassociative.be\/actualites\/le-borussia-monchengladbach-celebre-son-joueur-de-125-ans-le-dernier-titre-a-eu-lieu-il-y-a-30-ans\/","og_site_name":"Vie Associative","article_published_time":"2025-07-31T08:18:28+00:00","og_image":[{"width":279,"height":92,"url":"https:\/\/vieassociative.be\/actualites\/wp-content\/uploads\/2024\/09\/header_backgroundk-01-e1726694325946.png","type":"image\/png"}],"author":"Julien","twitter_card":"summary_large_image","twitter_misc":{"\u00c9crit par":"Julien","Dur\u00e9e de lecture est.":"4 minutes"},"schema":{"@context":"https:\/\/schema.org","@graph":[{"@type":"Article","@id":"https:\/\/vieassociative.be\/actualites\/le-borussia-monchengladbach-celebre-son-joueur-de-125-ans-le-dernier-titre-a-eu-lieu-il-y-a-30-ans\/#article","isPartOf":{"@id":"https:\/\/vieassociative.be\/actualites\/le-borussia-monchengladbach-celebre-son-joueur-de-125-ans-le-dernier-titre-a-eu-lieu-il-y-a-30-ans\/"},"author":{"name":"Julien","@id":"https:\/\/vieassociative.be\/actualites\/#\/schema\/person\/b87ac4f82f9d4e7b7cec7395b679edc4"},"headline":"Le Borussia M\u00f6nchengladbach c\u00e9l\u00e8bre son joueur de 125 ans &#8211; le dernier titre a eu lieu il y a 30 ans","datePublished":"2025-07-31T08:18:28+00:00","dateModified":"2025-07-31T08:18:28+00:00","mainEntityOfPage":{"@id":"https:\/\/vieassociative.be\/actualites\/le-borussia-monchengladbach-celebre-son-joueur-de-125-ans-le-dernier-titre-a-eu-lieu-il-y-a-30-ans\/"},"wordCount":903,"publisher":{"@id":"https:\/\/vieassociative.be\/actualites\/#organization"},"image":{"@id":"https:\/\/vieassociative.be\/actualites\/le-borussia-monchengladbach-celebre-son-joueur-de-125-ans-le-dernier-titre-a-eu-lieu-il-y-a-30-ans\/#primaryimage"},"thumbnailUrl":"https:\/\/vieassociative.be\/actualites\/wp-content\/uploads\/2025\/07\/1753949908_Le-Borussia-Monchengladbach-celebre-son-joueur-de-125-ans.jpg","keywords":["ans","Borussia","c\u00e9l\u00e8bre","dernier","joueur","lieu","M\u00f6nchengladbach","son","titre"],"articleSection":["Belgique"],"inLanguage":"fr-BE"},{"@type":"WebPage","@id":"https:\/\/vieassociative.be\/actualites\/le-borussia-monchengladbach-celebre-son-joueur-de-125-ans-le-dernier-titre-a-eu-lieu-il-y-a-30-ans\/","url":"https:\/\/vieassociative.be\/actualites\/le-borussia-monchengladbach-celebre-son-joueur-de-125-ans-le-dernier-titre-a-eu-lieu-il-y-a-30-ans\/","name":"Le Borussia M\u00f6nchengladbach c\u00e9l\u00e8bre son joueur de 125 ans - le dernier titre a eu lieu il y a 30 ans | Vie Associative","isPartOf":{"@id":"https:\/\/vieassociative.be\/actualites\/#website"},"primaryImageOfPage":{"@id":"https:\/\/vieassociative.be\/actualites\/le-borussia-monchengladbach-celebre-son-joueur-de-125-ans-le-dernier-titre-a-eu-lieu-il-y-a-30-ans\/#primaryimage"},"image":{"@id":"https:\/\/vieassociative.be\/actualites\/le-borussia-monchengladbach-celebre-son-joueur-de-125-ans-le-dernier-titre-a-eu-lieu-il-y-a-30-ans\/#primaryimage"},"thumbnailUrl":"https:\/\/vieassociative.be\/actualites\/wp-content\/uploads\/2025\/07\/1753949908_Le-Borussia-Monchengladbach-celebre-son-joueur-de-125-ans.jpg","datePublished":"2025-07-31T08:18:28+00:00","dateModified":"2025-07-31T08:18:28+00:00","breadcrumb":{"@id":"https:\/\/vieassociative.be\/actualites\/le-borussia-monchengladbach-celebre-son-joueur-de-125-ans-le-dernier-titre-a-eu-lieu-il-y-a-30-ans\/#breadcrumb"},"inLanguage":"fr-BE","potentialAction":[{"@type":"ReadAction","target":["https:\/\/vieassociative.be\/actualites\/le-borussia-monchengladbach-celebre-son-joueur-de-125-ans-le-dernier-titre-a-eu-lieu-il-y-a-30-ans\/"]}]},{"@type":"ImageObject","inLanguage":"fr-BE","@id":"https:\/\/vieassociative.be\/actualites\/le-borussia-monchengladbach-celebre-son-joueur-de-125-ans-le-dernier-titre-a-eu-lieu-il-y-a-30-ans\/#primaryimage","url":"https:\/\/vieassociative.be\/actualites\/wp-content\/uploads\/2025\/07\/1753949908_Le-Borussia-Monchengladbach-celebre-son-joueur-de-125-ans.jpg","contentUrl":"https:\/\/vieassociative.be\/actualites\/wp-content\/uploads\/2025\/07\/1753949908_Le-Borussia-Monchengladbach-celebre-son-joueur-de-125-ans.jpg","width":1200,"height":909,"caption":"Le Borussia M\u00f6nchengladbach c\u00e9l\u00e8bre son joueur de 125 ans - le dernier titre a eu lieu il y a 30 ans"},{"@type":"BreadcrumbList","@id":"https:\/\/vieassociative.be\/actualites\/le-borussia-monchengladbach-celebre-son-joueur-de-125-ans-le-dernier-titre-a-eu-lieu-il-y-a-30-ans\/#breadcrumb","itemListElement":[{"@type":"ListItem","position":1,"name":"Accueil","item":"https:\/\/vieassociative.be\/actualites\/"},{"@type":"ListItem","position":2,"name":"Le Borussia M\u00f6nchengladbach c\u00e9l\u00e8bre son joueur de 125 ans &#8211; le dernier titre a eu lieu il y a 30 ans"}]},{"@type":"WebSite","@id":"https:\/\/vieassociative.be\/actualites\/#website","url":"https:\/\/vieassociative.be\/actualites\/","name":"Vie Associative","description":"","publisher":{"@id":"https:\/\/vieassociative.be\/actualites\/#organization"},"potentialAction":[{"@type":"SearchAction","target":{"@type":"EntryPoint","urlTemplate":"https:\/\/vieassociative.be\/actualites\/?s={search_term_string}"},"query-input":{"@type":"PropertyValueSpecification","valueRequired":true,"valueName":"search_term_string"}}],"inLanguage":"fr-BE"},{"@type":"Organization","@id":"https:\/\/vieassociative.be\/actualites\/#organization","name":"Vie Associative","url":"https:\/\/vieassociative.be\/actualites\/","logo":{"@type":"ImageObject","inLanguage":"fr-BE","@id":"https:\/\/vieassociative.be\/actualites\/#\/schema\/logo\/image\/","url":"https:\/\/vieassociative.be\/actualites\/wp-content\/uploads\/2024\/09\/cropped-vieassociative_favicon.ico.png","contentUrl":"https:\/\/vieassociative.be\/actualites\/wp-content\/uploads\/2024\/09\/cropped-vieassociative_favicon.ico.png","width":512,"height":512,"caption":"Vie Associative"},"image":{"@id":"https:\/\/vieassociative.be\/actualites\/#\/schema\/logo\/image\/"}},{"@type":"Person","@id":"https:\/\/vieassociative.be\/actualites\/#\/schema\/person\/b87ac4f82f9d4e7b7cec7395b679edc4","name":"Julien","image":{"@type":"ImageObject","inLanguage":"fr-BE","@id":"https:\/\/vieassociative.be\/actualites\/#\/schema\/person\/image\/","url":"https:\/\/vieassociative.be\/actualites\/wp-content\/uploads\/2024\/09\/vie-associative-1-150x150.jpg","contentUrl":"https:\/\/vieassociative.be\/actualites\/wp-content\/uploads\/2024\/09\/vie-associative-1-150x150.jpg","caption":"Julien"},"description":"Je suis Julien, r\u00e9dacteur pour Vie Associative. Passionn\u00e9 par le monde associatif depuis plus de 10 ans, j'ai \u00e0 c\u0153ur de partager des histoires inspirantes et de mettre en lumi\u00e8re les initiatives locales. Mon objectif est de sensibiliser et d'encourager l'engagement communautaire \u00e0 travers mes articles.","sameAs":["https:\/\/vieassociative.be\/"]}]}},"_links":{"self":[{"href":"https:\/\/vieassociative.be\/actualites\/wp-json\/wp\/v2\/posts\/9119"}],"collection":[{"href":"https:\/\/vieassociative.be\/actualites\/wp-json\/wp\/v2\/posts"}],"about":[{"href":"https:\/\/vieassociative.be\/actualites\/wp-json\/wp\/v2\/types\/post"}],"author":[{"embeddable":true,"href":"https:\/\/vieassociative.be\/actualites\/wp-json\/wp\/v2\/users\/1"}],"replies":[{"embeddable":true,"href":"https:\/\/vieassociative.be\/actualites\/wp-json\/wp\/v2\/comments?post=9119"}],"version-history":[{"count":0,"href":"https:\/\/vieassociative.be\/actualites\/wp-json\/wp\/v2\/posts\/9119\/revisions"}],"wp:featuredmedia":[{"embeddable":true,"href":"https:\/\/vieassociative.be\/actualites\/wp-json\/wp\/v2\/media\/9120"}],"wp:attachment":[{"href":"https:\/\/vieassociative.be\/actualites\/wp-json\/wp\/v2\/media?parent=9119"}],"wp:term":[{"taxonomy":"category","embeddable":true,"href":"https:\/\/vieassociative.be\/actualites\/wp-json\/wp\/v2\/categories?post=9119"},{"taxonomy":"post_tag","embeddable":true,"href":"https:\/\/vieassociative.be\/actualites\/wp-json\/wp\/v2\/tags?post=9119"}],"curies":[{"name":"wp","href":"https:\/\/api.w.org\/{rel}","templated":true}]}}