{"id":9111,"date":"2025-07-30T22:17:57","date_gmt":"2025-07-30T20:17:57","guid":{"rendered":"https:\/\/vieassociative.be\/actualites\/promosport-reprendra-la-gestion-du-galmeibad-signer-du-galmeibad-a-partir-du-1er-septembre-2025\/"},"modified":"2025-07-30T22:17:57","modified_gmt":"2025-07-30T20:17:57","slug":"promosport-reprendra-la-gestion-du-galmeibad-signer-du-galmeibad-a-partir-du-1er-septembre-2025","status":"publish","type":"post","link":"https:\/\/vieassociative.be\/actualites\/promosport-reprendra-la-gestion-du-galmeibad-signer-du-galmeibad-a-partir-du-1er-septembre-2025\/","title":{"rendered":"Promosport reprendra la gestion du Galmeibad &#8211; Signer du Galmeibad \u00e0 partir du 1er septembre 2025"},"content":{"rendered":"<p><strong>L&rsquo;avenir du Galmeibad \u00e0 Kelmis est s\u00e9curis\u00e9: mercredi matin, l&rsquo;op\u00e9rateur de la piscine Prom Special a sign\u00e9 un contrat de gestion op\u00e9rationnel avec le municipalgegie Galmei (AGR) autonome.<\/strong><\/p>\n<p><span id=\"more-421361\"><\/span>Le maire Daniel Hilligsmann, administrateur g\u00e9n\u00e9ral d&rsquo;Agr Bj\u00f6rn Klinkenberg, directeur administratif Patrick Creutz et Denis Dettinne, directeur g\u00e9n\u00e9ral de Promosport, a assist\u00e9 au contrat.<\/p>\n<p>\u00ab\u00a0Nous avons trouv\u00e9 un op\u00e9rateur de piscine exp\u00e9riment\u00e9 avec Celebrity Sport. Promosport exploite actuellement 13 piscines en Wallonie. Nous sommes tr\u00e8s heureux que cet op\u00e9rateur enrichisse les activit\u00e9s sportives et de loisir dans notre communaut\u00e9\u00a0\u00bb, a d\u00e9clar\u00e9 Bj\u00f6rn Klinkenberg pendant la signature.<\/p>\n<div id=\"attachment_264843\" class=\"wp-caption alignleft\" style=\"max-width: 300px\"><img fetchpriority=\"high\" decoding=\"async\" class=\"wp-image-264843 size-medium\" src=\"https:\/\/vieassociative.be\/actualites\/wp-content\/uploads\/2025\/07\/Promosport-reprendra-la-gestion-du-Galmeibad-Signer-du-Galmeibad.jpeg\" alt=\"\" width=\"300\" height=\"225\"><\/div>\n<p>Le maire Daniel Hilligsmann a \u00e9galement soulign\u00e9 l&rsquo;importance du Galmeibad pour la communaut\u00e9: \u00ab\u00a0Une piscine est une offre essentielle qui b\u00e9n\u00e9ficiera \u00e0 de nombreux citoyens de Kelmis et des environs. Nous avons toujours soulign\u00e9. J&rsquo;ai trouv\u00e9 un op\u00e9rateur priv\u00e9 pour le Galmeibad.<\/p>\n<p>L&rsquo;entreprise est repris par Promosport \u00e0 partir du 1er septembre 2025. De plus, tous les employ\u00e9s de l&rsquo;AGR Galmeibad ont la possibilit\u00e9 de signer un nouveau contrat de travail avec le nouvel op\u00e9rateur.<\/p>\n<p>\u00ab\u00a0C&rsquo;est un signal fort pour la population: l&rsquo;offre existante reste et sera m\u00eame \u00e9largie dans les prochains mois. En plus du bain public et de la natation scolaire, il y aura \u00e9galement des cours de groupe et individuels en natation, tout comme les offres d&rsquo;aquafitness telles que l&rsquo;aquagym ou l&rsquo;aquabike.<\/p>\n<p>La date de r\u00e9ouverture exacte sera annonc\u00e9e aupr\u00e8s de la Brigade des pompiers et de l&rsquo;autorit\u00e9 de contr\u00f4le responsable de NAMUR apr\u00e8s une inspection technique en milieu ao\u00fbt. (Cre)<\/p>\n<p><em><strong>Sur le sujet, voir \u00e9galement l&rsquo;article suivant sur OD:<\/strong><\/em><\/p>\n<div class=\"responsive-embed widescreen\">\n<blockquote class=\"wp-embedded-content\" data-secret=\"2sge18jWeH\">\n<p>Le Park Hotel \u00e0 Kelmis ferme une p\u00e9riode ind\u00e9finie du 1er ao\u00fbt 2025 &#8211; AGR: \u00ab\u00a0Retards ordonn\u00e9\u00a0\u00bb<\/p>\n<\/blockquote>\n<p><iframe loading=\"lazy\" class=\"wp-embedded-content\" sandbox=\"allow-scripts\" security=\"restricted\" style=\"position: absolute; visibility: hidden;\" title=\"\u201eDas Park Hotel in Kelmis schlie\u00dft zum 1. August 2025 auf unbestimmte Zeit \u2013 AGR: \u201eGeordneter R\u00fcckzug\u201c\u201c \u2014 Ostbelgien Direkt\" src=\"https:\/\/ostbelgiendirekt.be\/about:blank\" data-secret=\"2sge18jWeH\" width=\"500\" height=\"282\" frameborder=\"0\" marginwidth=\"0\" marginheight=\"0\" scrolling=\"no\" data-rocket-lazyload=\"fitvidscompatible\" data-lazy-src=\"https:\/\/ostbelgiendirekt.be\/park-hotel-in-kelmis-schliesst-421009\/embed#?secret=RquDGztGpK#?secret=2sge18jWeH\"><\/iframe><noscript><iframe class=\"wp-embedded-content\" sandbox=\"allow-scripts\" security=\"restricted\" style=\"position: absolute; visibility: hidden;\" title=\"\u201eDas Park Hotel in Kelmis schlie\u00dft zum 1. August 2025 auf unbestimmte Zeit \u2013 AGR: \u201eGeordneter R\u00fcckzug\u201c\u201c \u2014 Ostbelgien Direkt\" src=\"https:\/\/ostbelgiendirekt.be\/park-hotel-in-kelmis-schliesst-421009\/embed#?secret=RquDGztGpK#?secret=2sge18jWeH\" data-secret=\"2sge18jWeH\" width=\"500\" height=\"282\" frameborder=\"0\" marginwidth=\"0\" marginheight=\"0\" scrolling=\"no\"><\/iframe><\/noscript><\/p>\n<\/div>\n","protected":false},"excerpt":{"rendered":"<p>L&rsquo;avenir du Galmeibad \u00e0 Kelmis est s\u00e9curis\u00e9: mercredi matin, l&rsquo;op\u00e9rateur de la piscine Prom Special a sign\u00e9 un contrat de gestion op\u00e9rationnel avec le municipalgegie<\/p>\n","protected":false},"author":1,"featured_media":9112,"comment_status":"","ping_status":"","sticky":false,"template":"","format":"standard","meta":{"footnotes":""},"categories":[298],"tags":[1146,7971,2730,1591,7969,7970,137,7972],"class_list":["post-9111","post","type-post","status-publish","format-standard","has-post-thumbnail","hentry","category-belgique","tag-1er","tag-galmeibad","tag-gestion","tag-partir","tag-promosport","tag-reprendra","tag-septembre","tag-signer","generate-columns","tablet-grid-50","mobile-grid-100","grid-parent","grid-33"],"yoast_head":"<!-- This site is optimized with the Yoast SEO plugin v24.0 - https:\/\/yoast.com\/wordpress\/plugins\/seo\/ -->\n<title>Promosport reprendra la gestion du Galmeibad - Signer du Galmeibad \u00e0 partir du 1er septembre 2025 | Vie Associative<\/title>\n<meta name=\"robots\" content=\"index, follow, max-snippet:-1, max-image-preview:large, max-video-preview:-1\" \/>\n<link rel=\"canonical\" href=\"https:\/\/vieassociative.be\/actualites\/promosport-reprendra-la-gestion-du-galmeibad-signer-du-galmeibad-a-partir-du-1er-septembre-2025\/\" \/>\n<meta property=\"og:locale\" content=\"fr_FR\" \/>\n<meta property=\"og:type\" content=\"article\" \/>\n<meta property=\"og:title\" content=\"Promosport reprendra la gestion du Galmeibad - Signer du Galmeibad \u00e0 partir du 1er septembre 2025 | Vie Associative\" \/>\n<meta property=\"og:description\" content=\"L&rsquo;avenir du Galmeibad \u00e0 Kelmis est s\u00e9curis\u00e9: mercredi matin, l&rsquo;op\u00e9rateur de la piscine Prom Special a sign\u00e9 un contrat de gestion op\u00e9rationnel avec le municipalgegie\" \/>\n<meta property=\"og:url\" content=\"https:\/\/vieassociative.be\/actualites\/promosport-reprendra-la-gestion-du-galmeibad-signer-du-galmeibad-a-partir-du-1er-septembre-2025\/\" \/>\n<meta property=\"og:site_name\" content=\"Vie Associative\" \/>\n<meta property=\"article:published_time\" content=\"2025-07-30T20:17:57+00:00\" \/>\n<meta property=\"og:image\" content=\"https:\/\/vieassociative.be\/actualites\/wp-content\/uploads\/2024\/09\/header_backgroundk-01-e1726694325946.png\" \/>\n\t<meta property=\"og:image:width\" content=\"279\" \/>\n\t<meta property=\"og:image:height\" content=\"92\" \/>\n\t<meta property=\"og:image:type\" content=\"image\/png\" \/>\n<meta name=\"author\" content=\"Julien\" \/>\n<meta name=\"twitter:card\" content=\"summary_large_image\" \/>\n<meta name=\"twitter:label1\" content=\"\u00c9crit par\" \/>\n\t<meta name=\"twitter:data1\" content=\"Julien\" \/>\n\t<meta name=\"twitter:label2\" content=\"Dur\u00e9e de lecture est.\" \/>\n\t<meta name=\"twitter:data2\" content=\"1 minute\" \/>\n<script type=\"application\/ld+json\" class=\"yoast-schema-graph\">{\"@context\":\"https:\/\/schema.org\",\"@graph\":[{\"@type\":\"Article\",\"@id\":\"https:\/\/vieassociative.be\/actualites\/promosport-reprendra-la-gestion-du-galmeibad-signer-du-galmeibad-a-partir-du-1er-septembre-2025\/#article\",\"isPartOf\":{\"@id\":\"https:\/\/vieassociative.be\/actualites\/promosport-reprendra-la-gestion-du-galmeibad-signer-du-galmeibad-a-partir-du-1er-septembre-2025\/\"},\"author\":{\"name\":\"Julien\",\"@id\":\"https:\/\/vieassociative.be\/actualites\/#\/schema\/person\/b87ac4f82f9d4e7b7cec7395b679edc4\"},\"headline\":\"Promosport reprendra la gestion du Galmeibad &#8211; Signer du Galmeibad \u00e0 partir du 1er septembre 2025\",\"datePublished\":\"2025-07-30T20:17:57+00:00\",\"dateModified\":\"2025-07-30T20:17:57+00:00\",\"mainEntityOfPage\":{\"@id\":\"https:\/\/vieassociative.be\/actualites\/promosport-reprendra-la-gestion-du-galmeibad-signer-du-galmeibad-a-partir-du-1er-septembre-2025\/\"},\"wordCount\":325,\"publisher\":{\"@id\":\"https:\/\/vieassociative.be\/actualites\/#organization\"},\"image\":{\"@id\":\"https:\/\/vieassociative.be\/actualites\/promosport-reprendra-la-gestion-du-galmeibad-signer-du-galmeibad-a-partir-du-1er-septembre-2025\/#primaryimage\"},\"thumbnailUrl\":\"https:\/\/vieassociative.be\/actualites\/wp-content\/uploads\/2025\/07\/Promosport-reprendra-la-gestion-du-Galmeibad-Signer-du-Galmeibad.jpg\",\"keywords\":[\"1er\",\"Galmeibad\",\"gestion\",\"partir\",\"Promosport\",\"reprendra\",\"septembre\",\"Signer\"],\"articleSection\":[\"Belgique\"],\"inLanguage\":\"fr-BE\"},{\"@type\":\"WebPage\",\"@id\":\"https:\/\/vieassociative.be\/actualites\/promosport-reprendra-la-gestion-du-galmeibad-signer-du-galmeibad-a-partir-du-1er-septembre-2025\/\",\"url\":\"https:\/\/vieassociative.be\/actualites\/promosport-reprendra-la-gestion-du-galmeibad-signer-du-galmeibad-a-partir-du-1er-septembre-2025\/\",\"name\":\"Promosport reprendra la gestion du Galmeibad - Signer du Galmeibad \u00e0 partir du 1er septembre 2025 | Vie Associative\",\"isPartOf\":{\"@id\":\"https:\/\/vieassociative.be\/actualites\/#website\"},\"primaryImageOfPage\":{\"@id\":\"https:\/\/vieassociative.be\/actualites\/promosport-reprendra-la-gestion-du-galmeibad-signer-du-galmeibad-a-partir-du-1er-septembre-2025\/#primaryimage\"},\"image\":{\"@id\":\"https:\/\/vieassociative.be\/actualites\/promosport-reprendra-la-gestion-du-galmeibad-signer-du-galmeibad-a-partir-du-1er-septembre-2025\/#primaryimage\"},\"thumbnailUrl\":\"https:\/\/vieassociative.be\/actualites\/wp-content\/uploads\/2025\/07\/Promosport-reprendra-la-gestion-du-Galmeibad-Signer-du-Galmeibad.jpg\",\"datePublished\":\"2025-07-30T20:17:57+00:00\",\"dateModified\":\"2025-07-30T20:17:57+00:00\",\"breadcrumb\":{\"@id\":\"https:\/\/vieassociative.be\/actualites\/promosport-reprendra-la-gestion-du-galmeibad-signer-du-galmeibad-a-partir-du-1er-septembre-2025\/#breadcrumb\"},\"inLanguage\":\"fr-BE\",\"potentialAction\":[{\"@type\":\"ReadAction\",\"target\":[\"https:\/\/vieassociative.be\/actualites\/promosport-reprendra-la-gestion-du-galmeibad-signer-du-galmeibad-a-partir-du-1er-septembre-2025\/\"]}]},{\"@type\":\"ImageObject\",\"inLanguage\":\"fr-BE\",\"@id\":\"https:\/\/vieassociative.be\/actualites\/promosport-reprendra-la-gestion-du-galmeibad-signer-du-galmeibad-a-partir-du-1er-septembre-2025\/#primaryimage\",\"url\":\"https:\/\/vieassociative.be\/actualites\/wp-content\/uploads\/2025\/07\/Promosport-reprendra-la-gestion-du-Galmeibad-Signer-du-Galmeibad.jpg\",\"contentUrl\":\"https:\/\/vieassociative.be\/actualites\/wp-content\/uploads\/2025\/07\/Promosport-reprendra-la-gestion-du-Galmeibad-Signer-du-Galmeibad.jpg\",\"width\":1200,\"height\":800,\"caption\":\"Promosport reprendra la gestion du Galmeibad - Signer du Galmeibad \u00e0 partir du 1er septembre 2025\"},{\"@type\":\"BreadcrumbList\",\"@id\":\"https:\/\/vieassociative.be\/actualites\/promosport-reprendra-la-gestion-du-galmeibad-signer-du-galmeibad-a-partir-du-1er-septembre-2025\/#breadcrumb\",\"itemListElement\":[{\"@type\":\"ListItem\",\"position\":1,\"name\":\"Accueil\",\"item\":\"https:\/\/vieassociative.be\/actualites\/\"},{\"@type\":\"ListItem\",\"position\":2,\"name\":\"Promosport reprendra la gestion du Galmeibad &#8211; Signer du Galmeibad \u00e0 partir du 1er septembre 2025\"}]},{\"@type\":\"WebSite\",\"@id\":\"https:\/\/vieassociative.be\/actualites\/#website\",\"url\":\"https:\/\/vieassociative.be\/actualites\/\",\"name\":\"Vie Associative\",\"description\":\"\",\"publisher\":{\"@id\":\"https:\/\/vieassociative.be\/actualites\/#organization\"},\"potentialAction\":[{\"@type\":\"SearchAction\",\"target\":{\"@type\":\"EntryPoint\",\"urlTemplate\":\"https:\/\/vieassociative.be\/actualites\/?s={search_term_string}\"},\"query-input\":{\"@type\":\"PropertyValueSpecification\",\"valueRequired\":true,\"valueName\":\"search_term_string\"}}],\"inLanguage\":\"fr-BE\"},{\"@type\":\"Organization\",\"@id\":\"https:\/\/vieassociative.be\/actualites\/#organization\",\"name\":\"Vie Associative\",\"url\":\"https:\/\/vieassociative.be\/actualites\/\",\"logo\":{\"@type\":\"ImageObject\",\"inLanguage\":\"fr-BE\",\"@id\":\"https:\/\/vieassociative.be\/actualites\/#\/schema\/logo\/image\/\",\"url\":\"https:\/\/vieassociative.be\/actualites\/wp-content\/uploads\/2024\/09\/cropped-vieassociative_favicon.ico.png\",\"contentUrl\":\"https:\/\/vieassociative.be\/actualites\/wp-content\/uploads\/2024\/09\/cropped-vieassociative_favicon.ico.png\",\"width\":512,\"height\":512,\"caption\":\"Vie Associative\"},\"image\":{\"@id\":\"https:\/\/vieassociative.be\/actualites\/#\/schema\/logo\/image\/\"}},{\"@type\":\"Person\",\"@id\":\"https:\/\/vieassociative.be\/actualites\/#\/schema\/person\/b87ac4f82f9d4e7b7cec7395b679edc4\",\"name\":\"Julien\",\"image\":{\"@type\":\"ImageObject\",\"inLanguage\":\"fr-BE\",\"@id\":\"https:\/\/vieassociative.be\/actualites\/#\/schema\/person\/image\/\",\"url\":\"https:\/\/vieassociative.be\/actualites\/wp-content\/uploads\/2024\/09\/vie-associative-1-150x150.jpg\",\"contentUrl\":\"https:\/\/vieassociative.be\/actualites\/wp-content\/uploads\/2024\/09\/vie-associative-1-150x150.jpg\",\"caption\":\"Julien\"},\"description\":\"Je suis Julien, r\u00e9dacteur pour Vie Associative. Passionn\u00e9 par le monde associatif depuis plus de 10 ans, j'ai \u00e0 c\u0153ur de partager des histoires inspirantes et de mettre en lumi\u00e8re les initiatives locales. Mon objectif est de sensibiliser et d'encourager l'engagement communautaire \u00e0 travers mes articles.\",\"sameAs\":[\"https:\/\/vieassociative.be\/\"]}]}<\/script>\n<!-- \/ Yoast SEO plugin. -->","yoast_head_json":{"title":"Promosport reprendra la gestion du Galmeibad - Signer du Galmeibad \u00e0 partir du 1er septembre 2025 | Vie Associative","robots":{"index":"index","follow":"follow","max-snippet":"max-snippet:-1","max-image-preview":"max-image-preview:large","max-video-preview":"max-video-preview:-1"},"canonical":"https:\/\/vieassociative.be\/actualites\/promosport-reprendra-la-gestion-du-galmeibad-signer-du-galmeibad-a-partir-du-1er-septembre-2025\/","og_locale":"fr_FR","og_type":"article","og_title":"Promosport reprendra la gestion du Galmeibad - Signer du Galmeibad \u00e0 partir du 1er septembre 2025 | Vie Associative","og_description":"L&rsquo;avenir du Galmeibad \u00e0 Kelmis est s\u00e9curis\u00e9: mercredi matin, l&rsquo;op\u00e9rateur de la piscine Prom Special a sign\u00e9 un contrat de gestion op\u00e9rationnel avec le municipalgegie","og_url":"https:\/\/vieassociative.be\/actualites\/promosport-reprendra-la-gestion-du-galmeibad-signer-du-galmeibad-a-partir-du-1er-septembre-2025\/","og_site_name":"Vie Associative","article_published_time":"2025-07-30T20:17:57+00:00","og_image":[{"width":279,"height":92,"url":"https:\/\/vieassociative.be\/actualites\/wp-content\/uploads\/2024\/09\/header_backgroundk-01-e1726694325946.png","type":"image\/png"}],"author":"Julien","twitter_card":"summary_large_image","twitter_misc":{"\u00c9crit par":"Julien","Dur\u00e9e de lecture est.":"1 minute"},"schema":{"@context":"https:\/\/schema.org","@graph":[{"@type":"Article","@id":"https:\/\/vieassociative.be\/actualites\/promosport-reprendra-la-gestion-du-galmeibad-signer-du-galmeibad-a-partir-du-1er-septembre-2025\/#article","isPartOf":{"@id":"https:\/\/vieassociative.be\/actualites\/promosport-reprendra-la-gestion-du-galmeibad-signer-du-galmeibad-a-partir-du-1er-septembre-2025\/"},"author":{"name":"Julien","@id":"https:\/\/vieassociative.be\/actualites\/#\/schema\/person\/b87ac4f82f9d4e7b7cec7395b679edc4"},"headline":"Promosport reprendra la gestion du Galmeibad &#8211; Signer du Galmeibad \u00e0 partir du 1er septembre 2025","datePublished":"2025-07-30T20:17:57+00:00","dateModified":"2025-07-30T20:17:57+00:00","mainEntityOfPage":{"@id":"https:\/\/vieassociative.be\/actualites\/promosport-reprendra-la-gestion-du-galmeibad-signer-du-galmeibad-a-partir-du-1er-septembre-2025\/"},"wordCount":325,"publisher":{"@id":"https:\/\/vieassociative.be\/actualites\/#organization"},"image":{"@id":"https:\/\/vieassociative.be\/actualites\/promosport-reprendra-la-gestion-du-galmeibad-signer-du-galmeibad-a-partir-du-1er-septembre-2025\/#primaryimage"},"thumbnailUrl":"https:\/\/vieassociative.be\/actualites\/wp-content\/uploads\/2025\/07\/Promosport-reprendra-la-gestion-du-Galmeibad-Signer-du-Galmeibad.jpg","keywords":["1er","Galmeibad","gestion","partir","Promosport","reprendra","septembre","Signer"],"articleSection":["Belgique"],"inLanguage":"fr-BE"},{"@type":"WebPage","@id":"https:\/\/vieassociative.be\/actualites\/promosport-reprendra-la-gestion-du-galmeibad-signer-du-galmeibad-a-partir-du-1er-septembre-2025\/","url":"https:\/\/vieassociative.be\/actualites\/promosport-reprendra-la-gestion-du-galmeibad-signer-du-galmeibad-a-partir-du-1er-septembre-2025\/","name":"Promosport reprendra la gestion du Galmeibad - Signer du Galmeibad \u00e0 partir du 1er septembre 2025 | Vie Associative","isPartOf":{"@id":"https:\/\/vieassociative.be\/actualites\/#website"},"primaryImageOfPage":{"@id":"https:\/\/vieassociative.be\/actualites\/promosport-reprendra-la-gestion-du-galmeibad-signer-du-galmeibad-a-partir-du-1er-septembre-2025\/#primaryimage"},"image":{"@id":"https:\/\/vieassociative.be\/actualites\/promosport-reprendra-la-gestion-du-galmeibad-signer-du-galmeibad-a-partir-du-1er-septembre-2025\/#primaryimage"},"thumbnailUrl":"https:\/\/vieassociative.be\/actualites\/wp-content\/uploads\/2025\/07\/Promosport-reprendra-la-gestion-du-Galmeibad-Signer-du-Galmeibad.jpg","datePublished":"2025-07-30T20:17:57+00:00","dateModified":"2025-07-30T20:17:57+00:00","breadcrumb":{"@id":"https:\/\/vieassociative.be\/actualites\/promosport-reprendra-la-gestion-du-galmeibad-signer-du-galmeibad-a-partir-du-1er-septembre-2025\/#breadcrumb"},"inLanguage":"fr-BE","potentialAction":[{"@type":"ReadAction","target":["https:\/\/vieassociative.be\/actualites\/promosport-reprendra-la-gestion-du-galmeibad-signer-du-galmeibad-a-partir-du-1er-septembre-2025\/"]}]},{"@type":"ImageObject","inLanguage":"fr-BE","@id":"https:\/\/vieassociative.be\/actualites\/promosport-reprendra-la-gestion-du-galmeibad-signer-du-galmeibad-a-partir-du-1er-septembre-2025\/#primaryimage","url":"https:\/\/vieassociative.be\/actualites\/wp-content\/uploads\/2025\/07\/Promosport-reprendra-la-gestion-du-Galmeibad-Signer-du-Galmeibad.jpg","contentUrl":"https:\/\/vieassociative.be\/actualites\/wp-content\/uploads\/2025\/07\/Promosport-reprendra-la-gestion-du-Galmeibad-Signer-du-Galmeibad.jpg","width":1200,"height":800,"caption":"Promosport reprendra la gestion du Galmeibad - Signer du Galmeibad \u00e0 partir du 1er septembre 2025"},{"@type":"BreadcrumbList","@id":"https:\/\/vieassociative.be\/actualites\/promosport-reprendra-la-gestion-du-galmeibad-signer-du-galmeibad-a-partir-du-1er-septembre-2025\/#breadcrumb","itemListElement":[{"@type":"ListItem","position":1,"name":"Accueil","item":"https:\/\/vieassociative.be\/actualites\/"},{"@type":"ListItem","position":2,"name":"Promosport reprendra la gestion du Galmeibad &#8211; Signer du Galmeibad \u00e0 partir du 1er septembre 2025"}]},{"@type":"WebSite","@id":"https:\/\/vieassociative.be\/actualites\/#website","url":"https:\/\/vieassociative.be\/actualites\/","name":"Vie Associative","description":"","publisher":{"@id":"https:\/\/vieassociative.be\/actualites\/#organization"},"potentialAction":[{"@type":"SearchAction","target":{"@type":"EntryPoint","urlTemplate":"https:\/\/vieassociative.be\/actualites\/?s={search_term_string}"},"query-input":{"@type":"PropertyValueSpecification","valueRequired":true,"valueName":"search_term_string"}}],"inLanguage":"fr-BE"},{"@type":"Organization","@id":"https:\/\/vieassociative.be\/actualites\/#organization","name":"Vie Associative","url":"https:\/\/vieassociative.be\/actualites\/","logo":{"@type":"ImageObject","inLanguage":"fr-BE","@id":"https:\/\/vieassociative.be\/actualites\/#\/schema\/logo\/image\/","url":"https:\/\/vieassociative.be\/actualites\/wp-content\/uploads\/2024\/09\/cropped-vieassociative_favicon.ico.png","contentUrl":"https:\/\/vieassociative.be\/actualites\/wp-content\/uploads\/2024\/09\/cropped-vieassociative_favicon.ico.png","width":512,"height":512,"caption":"Vie Associative"},"image":{"@id":"https:\/\/vieassociative.be\/actualites\/#\/schema\/logo\/image\/"}},{"@type":"Person","@id":"https:\/\/vieassociative.be\/actualites\/#\/schema\/person\/b87ac4f82f9d4e7b7cec7395b679edc4","name":"Julien","image":{"@type":"ImageObject","inLanguage":"fr-BE","@id":"https:\/\/vieassociative.be\/actualites\/#\/schema\/person\/image\/","url":"https:\/\/vieassociative.be\/actualites\/wp-content\/uploads\/2024\/09\/vie-associative-1-150x150.jpg","contentUrl":"https:\/\/vieassociative.be\/actualites\/wp-content\/uploads\/2024\/09\/vie-associative-1-150x150.jpg","caption":"Julien"},"description":"Je suis Julien, r\u00e9dacteur pour Vie Associative. Passionn\u00e9 par le monde associatif depuis plus de 10 ans, j'ai \u00e0 c\u0153ur de partager des histoires inspirantes et de mettre en lumi\u00e8re les initiatives locales. Mon objectif est de sensibiliser et d'encourager l'engagement communautaire \u00e0 travers mes articles.","sameAs":["https:\/\/vieassociative.be\/"]}]}},"_links":{"self":[{"href":"https:\/\/vieassociative.be\/actualites\/wp-json\/wp\/v2\/posts\/9111"}],"collection":[{"href":"https:\/\/vieassociative.be\/actualites\/wp-json\/wp\/v2\/posts"}],"about":[{"href":"https:\/\/vieassociative.be\/actualites\/wp-json\/wp\/v2\/types\/post"}],"author":[{"embeddable":true,"href":"https:\/\/vieassociative.be\/actualites\/wp-json\/wp\/v2\/users\/1"}],"replies":[{"embeddable":true,"href":"https:\/\/vieassociative.be\/actualites\/wp-json\/wp\/v2\/comments?post=9111"}],"version-history":[{"count":0,"href":"https:\/\/vieassociative.be\/actualites\/wp-json\/wp\/v2\/posts\/9111\/revisions"}],"wp:featuredmedia":[{"embeddable":true,"href":"https:\/\/vieassociative.be\/actualites\/wp-json\/wp\/v2\/media\/9112"}],"wp:attachment":[{"href":"https:\/\/vieassociative.be\/actualites\/wp-json\/wp\/v2\/media?parent=9111"}],"wp:term":[{"taxonomy":"category","embeddable":true,"href":"https:\/\/vieassociative.be\/actualites\/wp-json\/wp\/v2\/categories?post=9111"},{"taxonomy":"post_tag","embeddable":true,"href":"https:\/\/vieassociative.be\/actualites\/wp-json\/wp\/v2\/tags?post=9111"}],"curies":[{"name":"wp","href":"https:\/\/api.w.org\/{rel}","templated":true}]}}