{"id":9107,"date":"2025-07-30T16:17:24","date_gmt":"2025-07-30T14:17:24","guid":{"rendered":"https:\/\/vieassociative.be\/actualites\/lancien-star-du-biathlon-dahlmeier-decede-a-salzhungluck\/"},"modified":"2025-07-30T16:17:24","modified_gmt":"2025-07-30T14:17:24","slug":"lancien-star-du-biathlon-dahlmeier-decede-a-salzhungluck","status":"publish","type":"post","link":"https:\/\/vieassociative.be\/actualites\/lancien-star-du-biathlon-dahlmeier-decede-a-salzhungluck\/","title":{"rendered":"L&rsquo;ancien star du biathlon Dahlmeier d\u00e9c\u00e8de \u00e0 Salzhungl\u00fcck"},"content":{"rendered":"<p><strong>Mis \u00e0 jour &#8211; L&rsquo;ancienne biathl\u00e8te allemande Laura Dahlmeier \u00e9tait mortelle accidentellement accidentellement un accident pendant l&rsquo;alpinisme dans les montagnes pakistanaises de Karakorum. Cela a \u00e9t\u00e9 annonc\u00e9e par sa gestion de l&rsquo;agence de presse allemande. L&rsquo;homme de 31 ans a \u00e9t\u00e9 touch\u00e9 par une chute de rock au sommet de Laila sur Laila Peak \u00e0 une hauteur d&rsquo;environ 5 700 m\u00e8tres.<\/strong><\/p>\n<p><span id=\"more-421339\"><\/span>L&rsquo;op\u00e9ration de sauvetage pour le sauvetage a \u00e9chou\u00e9 et a donc \u00e9t\u00e9 interrompue. La veille, un h\u00e9licopt\u00e8re avait survol\u00e9 les lieux de l&rsquo;accident et n&rsquo;avait plus trouv\u00e9 un signe de vie. Selon les descriptions des partenaires de corde, la gravit\u00e9 des blessures peut \u00eatre suppos\u00e9e que Dahlmeier \u00e9tait imm\u00e9diatement mort.<\/p>\n<div id=\"attachment_421345\" class=\"wp-caption alignleft\" style=\"max-width: 300px\"><img fetchpriority=\"high\" decoding=\"async\" class=\"wp-image-421345 size-medium\" src=\"https:\/\/vieassociative.be\/actualites\/wp-content\/uploads\/2025\/07\/Lancien-star-du-biathlon-Dahlmeier-decede-a-Salzhungluck.jpg\" alt=\"\" width=\"300\" height=\"200\"><\/div>\n<p>La r\u00e9cup\u00e9ration du corps pour les secouristes dans les conditions difficiles actuelles est associ\u00e9e \u00e0 la chute de roche et \u00e0 un changement de temps au pic de Laila avec un risque trop \u00e9lev\u00e9 et ne peut pas \u00eatre possible. Une r\u00e9cup\u00e9ration par h\u00e9licopt\u00e8re n&rsquo;\u00e9tait pas non plus possible.<\/p>\n<p>&#8211; Pour le moment, pas de r\u00e9tablissement: \u00ab\u00a0C&rsquo;\u00e9tait l&rsquo;express et la volont\u00e9 de Laura Dahlmeier et \u00e9crit que dans un cas comme personne, personne ne peut risquer sa vie pour la r\u00e9cup\u00e9rer\u00a0\u00bb, a indiqu\u00e9 la direction. \u00ab\u00a0Votre souhait \u00e9tait de laisser son corps sur la montagne dans ce cas. C&rsquo;est aussi dans le sens des proches, qui demandent \u00e9galement express\u00e9ment \u00e0 respecter le dernier souhait de Laura.\u00a0\u00bb<\/p>\n<p>\u00ab\u00a0Nous disons au revoir \u00e0 une personne formidable\u00a0\u00bb, a d\u00e9clar\u00e9 la famille, combin\u00e9e \u00e0 des remerciements aux sauveteurs. \u00ab\u00a0Laura a enrichi nos vies et la vie de beaucoup avec sa nature chaleureuse et directe. Elle nous a dit que cela valait la peine de d\u00e9fendre vos propres r\u00eaves et objectifs et toujours fid\u00e8le.\u00a0\u00bb<\/p>\n<div id=\"attachment_421342\" class=\"wp-caption alignleft\" style=\"max-width: 300px\"><img decoding=\"async\" class=\"wp-image-421342 size-medium\" src=\"https:\/\/vieassociative.be\/actualites\/wp-content\/uploads\/2025\/07\/1753885044_695_Lancien-star-du-biathlon-Dahlmeier-decede-a-Salzhungluck.jpg\" alt=\"\" width=\"300\" height=\"200\"><\/div>\n<p>La Garmisch-Partenkirchenerin avec son partenaire de corde dans le style alpin avec les bagages les plus bas possibles et sans logistique d&rsquo;exp\u00e9dition \u00e9tait sur la route lorsque la frappe en pierre a dur\u00e9 environ 5 700 m\u00e8tres lundi vers midi. L&rsquo;accident s&rsquo;est produit lors d&rsquo;une man\u0153uvre en rappel. Son partenaire de corde non bless\u00e9 a imm\u00e9diatement fait un appel d&rsquo;urgence, une op\u00e9ration de sauvetage a \u00e9t\u00e9 initi\u00e9e imm\u00e9diatement.<\/p>\n<p>Selon les informations, son partenaire d&rsquo;escalade a tent\u00e9 de sauver Dahlmeier pendant de nombreuses heures. Cependant, cela \u00e9tait impossible dans la zone lourde et en raison du froid continu de pierre. Une fois que le partenaire de corde n&rsquo;a pas non plus \u00e9t\u00e9 en mesure de reconna\u00eetre les signes de vie, elle a d\u00e9cid\u00e9 de se retirer de la zone de danger et de la descente suppl\u00e9mentaire de la nuit.<\/p>\n<p>Le partenaire de corde \u00e9tait accompagn\u00e9 des alpinistes grimp\u00e9s vers le camp de base. Elle est indemne et est prise en charge sur place. (DPA)<\/p>\n","protected":false},"excerpt":{"rendered":"<p>Mis \u00e0 jour &#8211; L&rsquo;ancienne biathl\u00e8te allemande Laura Dahlmeier \u00e9tait mortelle accidentellement accidentellement un accident pendant l&rsquo;alpinisme dans les montagnes pakistanaises de Karakorum. Cela a<\/p>\n","protected":false},"author":1,"featured_media":9108,"comment_status":"","ping_status":"","sticky":false,"template":"","format":"standard","meta":{"footnotes":""},"categories":[298],"tags":[7966,7967,1223,4356,7968,7018],"class_list":["post-9107","post","type-post","status-publish","format-standard","has-post-thumbnail","hentry","category-belgique","tag-biathlon","tag-dahlmeier","tag-decede","tag-lancien","tag-salzhungluck","tag-star","generate-columns","tablet-grid-50","mobile-grid-100","grid-parent","grid-33"],"yoast_head":"<!-- This site is optimized with the Yoast SEO plugin v24.0 - https:\/\/yoast.com\/wordpress\/plugins\/seo\/ -->\n<title>L&#039;ancien star du biathlon Dahlmeier d\u00e9c\u00e8de \u00e0 Salzhungl\u00fcck | Vie Associative<\/title>\n<meta name=\"robots\" content=\"index, follow, max-snippet:-1, max-image-preview:large, max-video-preview:-1\" \/>\n<link rel=\"canonical\" href=\"https:\/\/vieassociative.be\/actualites\/lancien-star-du-biathlon-dahlmeier-decede-a-salzhungluck\/\" \/>\n<meta property=\"og:locale\" content=\"fr_FR\" \/>\n<meta property=\"og:type\" content=\"article\" \/>\n<meta property=\"og:title\" content=\"L&#039;ancien star du biathlon Dahlmeier d\u00e9c\u00e8de \u00e0 Salzhungl\u00fcck | Vie Associative\" \/>\n<meta property=\"og:description\" content=\"Mis \u00e0 jour &#8211; L&rsquo;ancienne biathl\u00e8te allemande Laura Dahlmeier \u00e9tait mortelle accidentellement accidentellement un accident pendant l&rsquo;alpinisme dans les montagnes pakistanaises de Karakorum. Cela a\" \/>\n<meta property=\"og:url\" content=\"https:\/\/vieassociative.be\/actualites\/lancien-star-du-biathlon-dahlmeier-decede-a-salzhungluck\/\" \/>\n<meta property=\"og:site_name\" content=\"Vie Associative\" \/>\n<meta property=\"article:published_time\" content=\"2025-07-30T14:17:24+00:00\" \/>\n<meta property=\"og:image\" content=\"https:\/\/vieassociative.be\/actualites\/wp-content\/uploads\/2024\/09\/header_backgroundk-01-e1726694325946.png\" \/>\n\t<meta property=\"og:image:width\" content=\"279\" \/>\n\t<meta property=\"og:image:height\" content=\"92\" \/>\n\t<meta property=\"og:image:type\" content=\"image\/png\" \/>\n<meta name=\"author\" content=\"Julien\" \/>\n<meta name=\"twitter:card\" content=\"summary_large_image\" \/>\n<meta name=\"twitter:label1\" content=\"\u00c9crit par\" \/>\n\t<meta name=\"twitter:data1\" content=\"Julien\" \/>\n\t<meta name=\"twitter:label2\" content=\"Dur\u00e9e de lecture est.\" \/>\n\t<meta name=\"twitter:data2\" content=\"2 minutes\" \/>\n<script type=\"application\/ld+json\" class=\"yoast-schema-graph\">{\"@context\":\"https:\/\/schema.org\",\"@graph\":[{\"@type\":\"Article\",\"@id\":\"https:\/\/vieassociative.be\/actualites\/lancien-star-du-biathlon-dahlmeier-decede-a-salzhungluck\/#article\",\"isPartOf\":{\"@id\":\"https:\/\/vieassociative.be\/actualites\/lancien-star-du-biathlon-dahlmeier-decede-a-salzhungluck\/\"},\"author\":{\"name\":\"Julien\",\"@id\":\"https:\/\/vieassociative.be\/actualites\/#\/schema\/person\/b87ac4f82f9d4e7b7cec7395b679edc4\"},\"headline\":\"L&rsquo;ancien star du biathlon Dahlmeier d\u00e9c\u00e8de \u00e0 Salzhungl\u00fcck\",\"datePublished\":\"2025-07-30T14:17:24+00:00\",\"dateModified\":\"2025-07-30T14:17:24+00:00\",\"mainEntityOfPage\":{\"@id\":\"https:\/\/vieassociative.be\/actualites\/lancien-star-du-biathlon-dahlmeier-decede-a-salzhungluck\/\"},\"wordCount\":496,\"publisher\":{\"@id\":\"https:\/\/vieassociative.be\/actualites\/#organization\"},\"image\":{\"@id\":\"https:\/\/vieassociative.be\/actualites\/lancien-star-du-biathlon-dahlmeier-decede-a-salzhungluck\/#primaryimage\"},\"thumbnailUrl\":\"https:\/\/vieassociative.be\/actualites\/wp-content\/uploads\/2025\/07\/1753885045_Lancien-star-du-biathlon-Dahlmeier-decede-a-Salzhungluck.jpg\",\"keywords\":[\"biathlon\",\"Dahlmeier\",\"d\u00e9c\u00e9d\u00e9\",\"Lancien\",\"Salzhungl\u00fcck\",\"star\"],\"articleSection\":[\"Belgique\"],\"inLanguage\":\"fr-BE\"},{\"@type\":\"WebPage\",\"@id\":\"https:\/\/vieassociative.be\/actualites\/lancien-star-du-biathlon-dahlmeier-decede-a-salzhungluck\/\",\"url\":\"https:\/\/vieassociative.be\/actualites\/lancien-star-du-biathlon-dahlmeier-decede-a-salzhungluck\/\",\"name\":\"L'ancien star du biathlon Dahlmeier d\u00e9c\u00e8de \u00e0 Salzhungl\u00fcck | Vie Associative\",\"isPartOf\":{\"@id\":\"https:\/\/vieassociative.be\/actualites\/#website\"},\"primaryImageOfPage\":{\"@id\":\"https:\/\/vieassociative.be\/actualites\/lancien-star-du-biathlon-dahlmeier-decede-a-salzhungluck\/#primaryimage\"},\"image\":{\"@id\":\"https:\/\/vieassociative.be\/actualites\/lancien-star-du-biathlon-dahlmeier-decede-a-salzhungluck\/#primaryimage\"},\"thumbnailUrl\":\"https:\/\/vieassociative.be\/actualites\/wp-content\/uploads\/2025\/07\/1753885045_Lancien-star-du-biathlon-Dahlmeier-decede-a-Salzhungluck.jpg\",\"datePublished\":\"2025-07-30T14:17:24+00:00\",\"dateModified\":\"2025-07-30T14:17:24+00:00\",\"breadcrumb\":{\"@id\":\"https:\/\/vieassociative.be\/actualites\/lancien-star-du-biathlon-dahlmeier-decede-a-salzhungluck\/#breadcrumb\"},\"inLanguage\":\"fr-BE\",\"potentialAction\":[{\"@type\":\"ReadAction\",\"target\":[\"https:\/\/vieassociative.be\/actualites\/lancien-star-du-biathlon-dahlmeier-decede-a-salzhungluck\/\"]}]},{\"@type\":\"ImageObject\",\"inLanguage\":\"fr-BE\",\"@id\":\"https:\/\/vieassociative.be\/actualites\/lancien-star-du-biathlon-dahlmeier-decede-a-salzhungluck\/#primaryimage\",\"url\":\"https:\/\/vieassociative.be\/actualites\/wp-content\/uploads\/2025\/07\/1753885045_Lancien-star-du-biathlon-Dahlmeier-decede-a-Salzhungluck.jpg\",\"contentUrl\":\"https:\/\/vieassociative.be\/actualites\/wp-content\/uploads\/2025\/07\/1753885045_Lancien-star-du-biathlon-Dahlmeier-decede-a-Salzhungluck.jpg\",\"width\":1200,\"height\":815,\"caption\":\"L'ancien star du biathlon Dahlmeier d\u00e9c\u00e8de \u00e0 Salzhungl\u00fcck\"},{\"@type\":\"BreadcrumbList\",\"@id\":\"https:\/\/vieassociative.be\/actualites\/lancien-star-du-biathlon-dahlmeier-decede-a-salzhungluck\/#breadcrumb\",\"itemListElement\":[{\"@type\":\"ListItem\",\"position\":1,\"name\":\"Accueil\",\"item\":\"https:\/\/vieassociative.be\/actualites\/\"},{\"@type\":\"ListItem\",\"position\":2,\"name\":\"L&rsquo;ancien star du biathlon Dahlmeier d\u00e9c\u00e8de \u00e0 Salzhungl\u00fcck\"}]},{\"@type\":\"WebSite\",\"@id\":\"https:\/\/vieassociative.be\/actualites\/#website\",\"url\":\"https:\/\/vieassociative.be\/actualites\/\",\"name\":\"Vie Associative\",\"description\":\"\",\"publisher\":{\"@id\":\"https:\/\/vieassociative.be\/actualites\/#organization\"},\"potentialAction\":[{\"@type\":\"SearchAction\",\"target\":{\"@type\":\"EntryPoint\",\"urlTemplate\":\"https:\/\/vieassociative.be\/actualites\/?s={search_term_string}\"},\"query-input\":{\"@type\":\"PropertyValueSpecification\",\"valueRequired\":true,\"valueName\":\"search_term_string\"}}],\"inLanguage\":\"fr-BE\"},{\"@type\":\"Organization\",\"@id\":\"https:\/\/vieassociative.be\/actualites\/#organization\",\"name\":\"Vie Associative\",\"url\":\"https:\/\/vieassociative.be\/actualites\/\",\"logo\":{\"@type\":\"ImageObject\",\"inLanguage\":\"fr-BE\",\"@id\":\"https:\/\/vieassociative.be\/actualites\/#\/schema\/logo\/image\/\",\"url\":\"https:\/\/vieassociative.be\/actualites\/wp-content\/uploads\/2024\/09\/cropped-vieassociative_favicon.ico.png\",\"contentUrl\":\"https:\/\/vieassociative.be\/actualites\/wp-content\/uploads\/2024\/09\/cropped-vieassociative_favicon.ico.png\",\"width\":512,\"height\":512,\"caption\":\"Vie Associative\"},\"image\":{\"@id\":\"https:\/\/vieassociative.be\/actualites\/#\/schema\/logo\/image\/\"}},{\"@type\":\"Person\",\"@id\":\"https:\/\/vieassociative.be\/actualites\/#\/schema\/person\/b87ac4f82f9d4e7b7cec7395b679edc4\",\"name\":\"Julien\",\"image\":{\"@type\":\"ImageObject\",\"inLanguage\":\"fr-BE\",\"@id\":\"https:\/\/vieassociative.be\/actualites\/#\/schema\/person\/image\/\",\"url\":\"https:\/\/vieassociative.be\/actualites\/wp-content\/uploads\/2024\/09\/vie-associative-1-150x150.jpg\",\"contentUrl\":\"https:\/\/vieassociative.be\/actualites\/wp-content\/uploads\/2024\/09\/vie-associative-1-150x150.jpg\",\"caption\":\"Julien\"},\"description\":\"Je suis Julien, r\u00e9dacteur pour Vie Associative. Passionn\u00e9 par le monde associatif depuis plus de 10 ans, j'ai \u00e0 c\u0153ur de partager des histoires inspirantes et de mettre en lumi\u00e8re les initiatives locales. Mon objectif est de sensibiliser et d'encourager l'engagement communautaire \u00e0 travers mes articles.\",\"sameAs\":[\"https:\/\/vieassociative.be\/\"]}]}<\/script>\n<!-- \/ Yoast SEO plugin. -->","yoast_head_json":{"title":"L'ancien star du biathlon Dahlmeier d\u00e9c\u00e8de \u00e0 Salzhungl\u00fcck | Vie Associative","robots":{"index":"index","follow":"follow","max-snippet":"max-snippet:-1","max-image-preview":"max-image-preview:large","max-video-preview":"max-video-preview:-1"},"canonical":"https:\/\/vieassociative.be\/actualites\/lancien-star-du-biathlon-dahlmeier-decede-a-salzhungluck\/","og_locale":"fr_FR","og_type":"article","og_title":"L'ancien star du biathlon Dahlmeier d\u00e9c\u00e8de \u00e0 Salzhungl\u00fcck | Vie Associative","og_description":"Mis \u00e0 jour &#8211; L&rsquo;ancienne biathl\u00e8te allemande Laura Dahlmeier \u00e9tait mortelle accidentellement accidentellement un accident pendant l&rsquo;alpinisme dans les montagnes pakistanaises de Karakorum. Cela a","og_url":"https:\/\/vieassociative.be\/actualites\/lancien-star-du-biathlon-dahlmeier-decede-a-salzhungluck\/","og_site_name":"Vie Associative","article_published_time":"2025-07-30T14:17:24+00:00","og_image":[{"width":279,"height":92,"url":"https:\/\/vieassociative.be\/actualites\/wp-content\/uploads\/2024\/09\/header_backgroundk-01-e1726694325946.png","type":"image\/png"}],"author":"Julien","twitter_card":"summary_large_image","twitter_misc":{"\u00c9crit par":"Julien","Dur\u00e9e de lecture est.":"2 minutes"},"schema":{"@context":"https:\/\/schema.org","@graph":[{"@type":"Article","@id":"https:\/\/vieassociative.be\/actualites\/lancien-star-du-biathlon-dahlmeier-decede-a-salzhungluck\/#article","isPartOf":{"@id":"https:\/\/vieassociative.be\/actualites\/lancien-star-du-biathlon-dahlmeier-decede-a-salzhungluck\/"},"author":{"name":"Julien","@id":"https:\/\/vieassociative.be\/actualites\/#\/schema\/person\/b87ac4f82f9d4e7b7cec7395b679edc4"},"headline":"L&rsquo;ancien star du biathlon Dahlmeier d\u00e9c\u00e8de \u00e0 Salzhungl\u00fcck","datePublished":"2025-07-30T14:17:24+00:00","dateModified":"2025-07-30T14:17:24+00:00","mainEntityOfPage":{"@id":"https:\/\/vieassociative.be\/actualites\/lancien-star-du-biathlon-dahlmeier-decede-a-salzhungluck\/"},"wordCount":496,"publisher":{"@id":"https:\/\/vieassociative.be\/actualites\/#organization"},"image":{"@id":"https:\/\/vieassociative.be\/actualites\/lancien-star-du-biathlon-dahlmeier-decede-a-salzhungluck\/#primaryimage"},"thumbnailUrl":"https:\/\/vieassociative.be\/actualites\/wp-content\/uploads\/2025\/07\/1753885045_Lancien-star-du-biathlon-Dahlmeier-decede-a-Salzhungluck.jpg","keywords":["biathlon","Dahlmeier","d\u00e9c\u00e9d\u00e9","Lancien","Salzhungl\u00fcck","star"],"articleSection":["Belgique"],"inLanguage":"fr-BE"},{"@type":"WebPage","@id":"https:\/\/vieassociative.be\/actualites\/lancien-star-du-biathlon-dahlmeier-decede-a-salzhungluck\/","url":"https:\/\/vieassociative.be\/actualites\/lancien-star-du-biathlon-dahlmeier-decede-a-salzhungluck\/","name":"L'ancien star du biathlon Dahlmeier d\u00e9c\u00e8de \u00e0 Salzhungl\u00fcck | Vie Associative","isPartOf":{"@id":"https:\/\/vieassociative.be\/actualites\/#website"},"primaryImageOfPage":{"@id":"https:\/\/vieassociative.be\/actualites\/lancien-star-du-biathlon-dahlmeier-decede-a-salzhungluck\/#primaryimage"},"image":{"@id":"https:\/\/vieassociative.be\/actualites\/lancien-star-du-biathlon-dahlmeier-decede-a-salzhungluck\/#primaryimage"},"thumbnailUrl":"https:\/\/vieassociative.be\/actualites\/wp-content\/uploads\/2025\/07\/1753885045_Lancien-star-du-biathlon-Dahlmeier-decede-a-Salzhungluck.jpg","datePublished":"2025-07-30T14:17:24+00:00","dateModified":"2025-07-30T14:17:24+00:00","breadcrumb":{"@id":"https:\/\/vieassociative.be\/actualites\/lancien-star-du-biathlon-dahlmeier-decede-a-salzhungluck\/#breadcrumb"},"inLanguage":"fr-BE","potentialAction":[{"@type":"ReadAction","target":["https:\/\/vieassociative.be\/actualites\/lancien-star-du-biathlon-dahlmeier-decede-a-salzhungluck\/"]}]},{"@type":"ImageObject","inLanguage":"fr-BE","@id":"https:\/\/vieassociative.be\/actualites\/lancien-star-du-biathlon-dahlmeier-decede-a-salzhungluck\/#primaryimage","url":"https:\/\/vieassociative.be\/actualites\/wp-content\/uploads\/2025\/07\/1753885045_Lancien-star-du-biathlon-Dahlmeier-decede-a-Salzhungluck.jpg","contentUrl":"https:\/\/vieassociative.be\/actualites\/wp-content\/uploads\/2025\/07\/1753885045_Lancien-star-du-biathlon-Dahlmeier-decede-a-Salzhungluck.jpg","width":1200,"height":815,"caption":"L'ancien star du biathlon Dahlmeier d\u00e9c\u00e8de \u00e0 Salzhungl\u00fcck"},{"@type":"BreadcrumbList","@id":"https:\/\/vieassociative.be\/actualites\/lancien-star-du-biathlon-dahlmeier-decede-a-salzhungluck\/#breadcrumb","itemListElement":[{"@type":"ListItem","position":1,"name":"Accueil","item":"https:\/\/vieassociative.be\/actualites\/"},{"@type":"ListItem","position":2,"name":"L&rsquo;ancien star du biathlon Dahlmeier d\u00e9c\u00e8de \u00e0 Salzhungl\u00fcck"}]},{"@type":"WebSite","@id":"https:\/\/vieassociative.be\/actualites\/#website","url":"https:\/\/vieassociative.be\/actualites\/","name":"Vie Associative","description":"","publisher":{"@id":"https:\/\/vieassociative.be\/actualites\/#organization"},"potentialAction":[{"@type":"SearchAction","target":{"@type":"EntryPoint","urlTemplate":"https:\/\/vieassociative.be\/actualites\/?s={search_term_string}"},"query-input":{"@type":"PropertyValueSpecification","valueRequired":true,"valueName":"search_term_string"}}],"inLanguage":"fr-BE"},{"@type":"Organization","@id":"https:\/\/vieassociative.be\/actualites\/#organization","name":"Vie Associative","url":"https:\/\/vieassociative.be\/actualites\/","logo":{"@type":"ImageObject","inLanguage":"fr-BE","@id":"https:\/\/vieassociative.be\/actualites\/#\/schema\/logo\/image\/","url":"https:\/\/vieassociative.be\/actualites\/wp-content\/uploads\/2024\/09\/cropped-vieassociative_favicon.ico.png","contentUrl":"https:\/\/vieassociative.be\/actualites\/wp-content\/uploads\/2024\/09\/cropped-vieassociative_favicon.ico.png","width":512,"height":512,"caption":"Vie Associative"},"image":{"@id":"https:\/\/vieassociative.be\/actualites\/#\/schema\/logo\/image\/"}},{"@type":"Person","@id":"https:\/\/vieassociative.be\/actualites\/#\/schema\/person\/b87ac4f82f9d4e7b7cec7395b679edc4","name":"Julien","image":{"@type":"ImageObject","inLanguage":"fr-BE","@id":"https:\/\/vieassociative.be\/actualites\/#\/schema\/person\/image\/","url":"https:\/\/vieassociative.be\/actualites\/wp-content\/uploads\/2024\/09\/vie-associative-1-150x150.jpg","contentUrl":"https:\/\/vieassociative.be\/actualites\/wp-content\/uploads\/2024\/09\/vie-associative-1-150x150.jpg","caption":"Julien"},"description":"Je suis Julien, r\u00e9dacteur pour Vie Associative. Passionn\u00e9 par le monde associatif depuis plus de 10 ans, j'ai \u00e0 c\u0153ur de partager des histoires inspirantes et de mettre en lumi\u00e8re les initiatives locales. Mon objectif est de sensibiliser et d'encourager l'engagement communautaire \u00e0 travers mes articles.","sameAs":["https:\/\/vieassociative.be\/"]}]}},"_links":{"self":[{"href":"https:\/\/vieassociative.be\/actualites\/wp-json\/wp\/v2\/posts\/9107"}],"collection":[{"href":"https:\/\/vieassociative.be\/actualites\/wp-json\/wp\/v2\/posts"}],"about":[{"href":"https:\/\/vieassociative.be\/actualites\/wp-json\/wp\/v2\/types\/post"}],"author":[{"embeddable":true,"href":"https:\/\/vieassociative.be\/actualites\/wp-json\/wp\/v2\/users\/1"}],"replies":[{"embeddable":true,"href":"https:\/\/vieassociative.be\/actualites\/wp-json\/wp\/v2\/comments?post=9107"}],"version-history":[{"count":0,"href":"https:\/\/vieassociative.be\/actualites\/wp-json\/wp\/v2\/posts\/9107\/revisions"}],"wp:featuredmedia":[{"embeddable":true,"href":"https:\/\/vieassociative.be\/actualites\/wp-json\/wp\/v2\/media\/9108"}],"wp:attachment":[{"href":"https:\/\/vieassociative.be\/actualites\/wp-json\/wp\/v2\/media?parent=9107"}],"wp:term":[{"taxonomy":"category","embeddable":true,"href":"https:\/\/vieassociative.be\/actualites\/wp-json\/wp\/v2\/categories?post=9107"},{"taxonomy":"post_tag","embeddable":true,"href":"https:\/\/vieassociative.be\/actualites\/wp-json\/wp\/v2\/tags?post=9107"}],"curies":[{"name":"wp","href":"https:\/\/api.w.org\/{rel}","templated":true}]}}