{"id":9105,"date":"2025-07-30T15:17:14","date_gmt":"2025-07-30T13:17:14","guid":{"rendered":"https:\/\/vieassociative.be\/actualites\/ces-ecouteurs-de-bose-comelante-au-bruit-sont-a-leur-prix-le-plus-bas-de-tous-les-temps\/"},"modified":"2025-07-30T15:17:14","modified_gmt":"2025-07-30T13:17:14","slug":"ces-ecouteurs-de-bose-comelante-au-bruit-sont-a-leur-prix-le-plus-bas-de-tous-les-temps","status":"publish","type":"post","link":"https:\/\/vieassociative.be\/actualites\/ces-ecouteurs-de-bose-comelante-au-bruit-sont-a-leur-prix-le-plus-bas-de-tous-les-temps\/","title":{"rendered":"Ces \u00e9couteurs de Bose com\u00e9lante au bruit sont \u00e0 leur prix le plus bas de tous les temps"},"content":{"rendered":"<div class=\"mt-4 leading-6 md:mb-8\">Si vous cherchez un ANC stellaire et un ajustement s\u00e9curis\u00e9, c&rsquo;est une affaire solide.<\/div>\n<p><\/p>\n<p>Les Earbuds II de Bose QuietComfort co\u00fbtent maintenant 155,99 $ sur Woot, le prix le plus bas qu&rsquo;ils aient jamais atteint selon les trackers de prix. C&rsquo;est une grande baisse de leur prix d&rsquo;origine de 279,99 $ et toujours bien en dessous de l&rsquo;accord actuel d&rsquo;Amazon \u00e0 229,99 $. Cette annonce particuli\u00e8re fonctionne pour les 12 prochains jours (ou jusqu&rsquo;\u00e0 ce qu&rsquo;elle se vend) et comprend la livraison gratuite pour les membres Prime. Les acheteurs non prisons devront d\u00e9bourser 6 $ suppl\u00e9mentaires pour l&rsquo;exp\u00e9dition. Cela dit, l&rsquo;exp\u00e9dition est limit\u00e9e, sans livraison disponible pour l&rsquo;Alaska, Hawa\u00ef, les adresses APO ou les bo\u00eetes PO. De plus, ces \u00e9couteurs sont livr\u00e9s avec une garantie limit\u00e9e Woot de 90 jours au lieu de la couverture compl\u00e8te de Bose.<\/p>\n<div class=\"pogoClear mb-12 mt-10 rounded-md border-2 border-gray-100 py-7 shadow-xl md:py-6\">\n<div class=\"flex flex-wrap justify-between px-7 text-black no-underline md:flex-nowrap md:px-8\">\n<div class=\"order-1 mx-auto flex flex-col justify-center md:order-2 md:ml-4 md:w-full md:grow\">\n<div class=\"block cursor-pointer text-center font-akshar text-2xl font-medium leading-7 text-brand-green duration-200 ease-in-out hover:text-brand-green-700 md:text-left md:text-xl md:leading-6\">Bose QuietComfort Earbuds II\n                <\/div>\n<div class=\"mt-4 hidden md:flex md:justify-between\">\n<div class=\"self-end\">\n<div class=\"mb-0 h-11 md:flex md:flex-col md:justify-center\">\n<div class=\" font-sans leading-4 text-black\">\n<div class=\"flex flex-wrap items-center justify-center gap-1 md:justify-start\">\n        <span class=\"font-bold\"><\/p>\n<p>            155,99 $<br \/>\n                            <span class=\"font-medium\">\u00e0 Woot <\/span><br \/>\n                    <\/span>\n            <\/div>\n<div class=\"flex items-center justify-center gap-x-1 font-bold md:justify-start\">\n            <span class=\"text-sm line-through\">279,99 $<\/span><br \/>\n            <span class=\"text-sm text-brand-green\">\u00c9conomisez 124,00 $<\/span>\n        <\/div>\n<\/p><\/div>\n<\/p><\/div>\n<\/p><\/div>\n<div class=\"w-44 self-end\">\n                            <button class=\"flex justify-center items-center w-full bg-brand-green text-white text-base font-sans font-medium rounded-md hover:bg-brand-green-700 hover:cursor-pointer md:text-sm h-11\"><\/p>\n<p>    Conclure un accord<br \/>\n<\/button>\n                        <\/div>\n<\/p><\/div>\n<\/p><\/div>\n<div class=\"order-2 mt-5 h-auto w-full md:order-1 md:mt-0 md:hidden\">\n<div class=\"flex aspect-video items-center justify-center\">\n                                            <img decoding=\"async\" class=\"m-0 max-h-full max-w-full rounded-md\" src=\"https:\/\/vieassociative.be\/actualites\/wp-content\/uploads\/2025\/07\/Ces-ecouteurs-de-Bose-comelante-au-bruit-sont-a-leur.png\" alt=\"Bose QuietComfort Earbuds II\" width=\"auto\" height=\"auto\" loading=\"lazy\">\n                                    <\/div>\n<\/p><\/div>\n<div class=\"order-2 ml-2 hidden w-32 shrink-0 items-center md:order-1 md:ml-0 md:flex\">\n<div class=\"flex aspect-video items-center justify-center\">\n                                            <img decoding=\"async\" class=\"m-0 max-h-full max-w-full rounded-md\" src=\"https:\/\/vieassociative.be\/actualites\/wp-content\/uploads\/2025\/07\/Ces-ecouteurs-de-Bose-comelante-au-bruit-sont-a-leur.png\" alt=\"Bose QuietComfort Earbuds II\" width=\"auto\" height=\"auto\" loading=\"lazy\">\n                                    <\/div>\n<\/p><\/div>\n<div class=\"order-3 flex grow flex-wrap md:hidden md:grow-0\">\n<div class=\"mt-4 w-full\">\n                        <button class=\"flex justify-center items-center w-full bg-brand-green text-white text-base font-sans font-medium rounded-md hover:bg-brand-green-700 hover:cursor-pointer md:text-sm h-11\"><\/p>\n<p>    Conclure un accord<br \/>\n<\/button>\n                    <\/div>\n<div class=\"mx-2 mt-4 w-full\">\n<div class=\" font-sans leading-4 text-black\">\n<div class=\"flex flex-wrap items-center justify-center gap-1 md:justify-start\">\n        <span class=\"font-bold\"><\/p>\n<p>            155,99 $<br \/>\n                            <span class=\"font-medium\">\u00e0 Woot <\/span><br \/>\n                    <\/span>\n            <\/div>\n<div class=\"flex items-center justify-center gap-x-1 font-bold md:justify-start\">\n            <span class=\"text-sm line-through\">279,99 $<\/span><br \/>\n            <span class=\"text-sm text-brand-green\">\u00c9conomisez 124,00 $<\/span>\n        <\/div>\n<\/p><\/div>\n<\/p><\/div>\n<\/p><\/div>\n<\/p><\/div>\n<\/div>\n<p>Les \u00e9couteurs de QuietComfort II bloquent \u00e0 la fois de faibles grondements et des sons de fr\u00e9quence plus \u00e9lev\u00e9e d&rsquo;une mani\u00e8re qui semble assez transparente. Cette performance leur a valu le choix de PCMAG pour les meilleurs \u00e9couteurs de 2022. Le son lui-m\u00eame est r\u00e9gl\u00e9 pour favoriser les basses et les aigus, donc les podcasts restent nets et la musique ne perd pas son punch. La dur\u00e9e de vie de la batterie est d\u00e9cente: environ six heures sur les bourgeons, avec 18 heures suppl\u00e9mentaires \u00e0 partir de l&rsquo;affaire. Mais un compromis qui m\u00e9rite d&rsquo;\u00eatre not\u00e9 est que le cas ne prend pas en charge la charge sans fil, ce qui semble \u00eatre un manque dans cette tranche de prix. De plus, il n&rsquo;y a aucun moyen de d\u00e9sactiver compl\u00e8tement l&rsquo;ANC &#8211; vous \u00eates soit en mode de blocage complet, soit en utilisant le param\u00e8tre \u00abconscient\u00bb qui filtre un bruit ambiant.<\/p>\n<p>En ce qui concerne le design, ce sont de vrais bourgeons in-oreilles sans fil ANC avec une cote IPX4 r\u00e9sistante \u00e0 l&rsquo;eau (assez bonne pour les entra\u00eenements ou la pluie l\u00e9g\u00e8re). Vous obtiendrez Bluetooth 5.3, la prise en charge des codecs AAC et SBC (mais pas APTX), et quatre micros int\u00e9gr\u00e9s par \u00e9couteurs qui aident \u00e0 la qualit\u00e9 de l&rsquo;ANC et de l&rsquo;appel. Les commandes tactiles sont assez faciles \u00e0 utiliser, et bien que l&rsquo;application compagnon vous permet de jouer avec les param\u00e8tres EQ, les options sont basiques. Vous pouvez modifier les basses, les m\u00e9diums et les triples, ou dessiner votre propre courbe d&rsquo;\u00e9galisation, mais vous ne pouvez pas enregistrer des pr\u00e9r\u00e9glages, note cette revue PCMAG.<\/p>\n","protected":false},"excerpt":{"rendered":"<p>Si vous cherchez un ANC stellaire et un ajustement s\u00e9curis\u00e9, c&rsquo;est une affaire solide. Les Earbuds II de Bose QuietComfort co\u00fbtent maintenant 155,99 $ sur<\/p>\n","protected":false},"author":1,"featured_media":9106,"comment_status":"","ping_status":"","sticky":false,"template":"","format":"standard","meta":{"footnotes":""},"categories":[13],"tags":[700,2887,629,248,7965,1537,14,958,1399,18,790,546],"class_list":["post-9105","post","type-post","status-publish","format-standard","has-post-thumbnail","hentry","category-technologie","tag-bas","tag-bose","tag-bruit","tag-ces","tag-comelante","tag-ecouteurs","tag-les","tag-leur","tag-prix","tag-sont","tag-temps","tag-tous","generate-columns","tablet-grid-50","mobile-grid-100","grid-parent","grid-33"],"yoast_head":"<!-- This site is optimized with the Yoast SEO plugin v24.0 - https:\/\/yoast.com\/wordpress\/plugins\/seo\/ -->\n<title>Ces \u00e9couteurs de Bose com\u00e9lante au bruit sont \u00e0 leur prix le plus bas de tous les temps | Vie Associative<\/title>\n<meta name=\"robots\" content=\"index, follow, max-snippet:-1, max-image-preview:large, max-video-preview:-1\" \/>\n<link rel=\"canonical\" href=\"https:\/\/vieassociative.be\/actualites\/ces-ecouteurs-de-bose-comelante-au-bruit-sont-a-leur-prix-le-plus-bas-de-tous-les-temps\/\" \/>\n<meta property=\"og:locale\" content=\"fr_FR\" \/>\n<meta property=\"og:type\" content=\"article\" \/>\n<meta property=\"og:title\" content=\"Ces \u00e9couteurs de Bose com\u00e9lante au bruit sont \u00e0 leur prix le plus bas de tous les temps | Vie Associative\" \/>\n<meta property=\"og:description\" content=\"Si vous cherchez un ANC stellaire et un ajustement s\u00e9curis\u00e9, c&rsquo;est une affaire solide. Les Earbuds II de Bose QuietComfort co\u00fbtent maintenant 155,99 $ sur\" \/>\n<meta property=\"og:url\" content=\"https:\/\/vieassociative.be\/actualites\/ces-ecouteurs-de-bose-comelante-au-bruit-sont-a-leur-prix-le-plus-bas-de-tous-les-temps\/\" \/>\n<meta property=\"og:site_name\" content=\"Vie Associative\" \/>\n<meta property=\"article:published_time\" content=\"2025-07-30T13:17:14+00:00\" \/>\n<meta property=\"og:image\" content=\"https:\/\/vieassociative.be\/actualites\/wp-content\/uploads\/2025\/07\/Ces-ecouteurs-de-Bose-comelante-au-bruit-sont-a-leur.png\" \/>\n<meta name=\"author\" content=\"Julien\" \/>\n<meta name=\"twitter:card\" content=\"summary_large_image\" \/>\n<meta name=\"twitter:label1\" content=\"\u00c9crit par\" \/>\n\t<meta name=\"twitter:data1\" content=\"Julien\" \/>\n\t<meta name=\"twitter:label2\" content=\"Dur\u00e9e de lecture est.\" \/>\n\t<meta name=\"twitter:data2\" content=\"2 minutes\" \/>\n<script type=\"application\/ld+json\" class=\"yoast-schema-graph\">{\"@context\":\"https:\/\/schema.org\",\"@graph\":[{\"@type\":\"Article\",\"@id\":\"https:\/\/vieassociative.be\/actualites\/ces-ecouteurs-de-bose-comelante-au-bruit-sont-a-leur-prix-le-plus-bas-de-tous-les-temps\/#article\",\"isPartOf\":{\"@id\":\"https:\/\/vieassociative.be\/actualites\/ces-ecouteurs-de-bose-comelante-au-bruit-sont-a-leur-prix-le-plus-bas-de-tous-les-temps\/\"},\"author\":{\"name\":\"Julien\",\"@id\":\"https:\/\/vieassociative.be\/actualites\/#\/schema\/person\/b87ac4f82f9d4e7b7cec7395b679edc4\"},\"headline\":\"Ces \u00e9couteurs de Bose com\u00e9lante au bruit sont \u00e0 leur prix le plus bas de tous les temps\",\"datePublished\":\"2025-07-30T13:17:14+00:00\",\"dateModified\":\"2025-07-30T13:17:14+00:00\",\"mainEntityOfPage\":{\"@id\":\"https:\/\/vieassociative.be\/actualites\/ces-ecouteurs-de-bose-comelante-au-bruit-sont-a-leur-prix-le-plus-bas-de-tous-les-temps\/\"},\"wordCount\":471,\"publisher\":{\"@id\":\"https:\/\/vieassociative.be\/actualites\/#organization\"},\"image\":{\"@id\":\"https:\/\/vieassociative.be\/actualites\/ces-ecouteurs-de-bose-comelante-au-bruit-sont-a-leur-prix-le-plus-bas-de-tous-les-temps\/#primaryimage\"},\"thumbnailUrl\":\"https:\/\/vieassociative.be\/actualites\/wp-content\/uploads\/2025\/07\/1753881435_Ces-ecouteurs-de-Bose-comelante-au-bruit-sont-a-leur.png\",\"keywords\":[\"bas\",\"Bose\",\"bruit\",\"ces\",\"com\u00e9lante\",\"\u00e9couteurs\",\"Les\",\"leur\",\"prix\",\"sont\",\"temps\",\"tous\"],\"articleSection\":[\"Technologie\"],\"inLanguage\":\"fr-BE\"},{\"@type\":\"WebPage\",\"@id\":\"https:\/\/vieassociative.be\/actualites\/ces-ecouteurs-de-bose-comelante-au-bruit-sont-a-leur-prix-le-plus-bas-de-tous-les-temps\/\",\"url\":\"https:\/\/vieassociative.be\/actualites\/ces-ecouteurs-de-bose-comelante-au-bruit-sont-a-leur-prix-le-plus-bas-de-tous-les-temps\/\",\"name\":\"Ces \u00e9couteurs de Bose com\u00e9lante au bruit sont \u00e0 leur prix le plus bas de tous les temps | Vie Associative\",\"isPartOf\":{\"@id\":\"https:\/\/vieassociative.be\/actualites\/#website\"},\"primaryImageOfPage\":{\"@id\":\"https:\/\/vieassociative.be\/actualites\/ces-ecouteurs-de-bose-comelante-au-bruit-sont-a-leur-prix-le-plus-bas-de-tous-les-temps\/#primaryimage\"},\"image\":{\"@id\":\"https:\/\/vieassociative.be\/actualites\/ces-ecouteurs-de-bose-comelante-au-bruit-sont-a-leur-prix-le-plus-bas-de-tous-les-temps\/#primaryimage\"},\"thumbnailUrl\":\"https:\/\/vieassociative.be\/actualites\/wp-content\/uploads\/2025\/07\/1753881435_Ces-ecouteurs-de-Bose-comelante-au-bruit-sont-a-leur.png\",\"datePublished\":\"2025-07-30T13:17:14+00:00\",\"dateModified\":\"2025-07-30T13:17:14+00:00\",\"breadcrumb\":{\"@id\":\"https:\/\/vieassociative.be\/actualites\/ces-ecouteurs-de-bose-comelante-au-bruit-sont-a-leur-prix-le-plus-bas-de-tous-les-temps\/#breadcrumb\"},\"inLanguage\":\"fr-BE\",\"potentialAction\":[{\"@type\":\"ReadAction\",\"target\":[\"https:\/\/vieassociative.be\/actualites\/ces-ecouteurs-de-bose-comelante-au-bruit-sont-a-leur-prix-le-plus-bas-de-tous-les-temps\/\"]}]},{\"@type\":\"ImageObject\",\"inLanguage\":\"fr-BE\",\"@id\":\"https:\/\/vieassociative.be\/actualites\/ces-ecouteurs-de-bose-comelante-au-bruit-sont-a-leur-prix-le-plus-bas-de-tous-les-temps\/#primaryimage\",\"url\":\"https:\/\/vieassociative.be\/actualites\/wp-content\/uploads\/2025\/07\/1753881435_Ces-ecouteurs-de-Bose-comelante-au-bruit-sont-a-leur.png\",\"contentUrl\":\"https:\/\/vieassociative.be\/actualites\/wp-content\/uploads\/2025\/07\/1753881435_Ces-ecouteurs-de-Bose-comelante-au-bruit-sont-a-leur.png\",\"width\":1200,\"height\":675,\"caption\":\"Ces \u00e9couteurs de Bose com\u00e9lante au bruit sont \u00e0 leur prix le plus bas de tous les temps\"},{\"@type\":\"BreadcrumbList\",\"@id\":\"https:\/\/vieassociative.be\/actualites\/ces-ecouteurs-de-bose-comelante-au-bruit-sont-a-leur-prix-le-plus-bas-de-tous-les-temps\/#breadcrumb\",\"itemListElement\":[{\"@type\":\"ListItem\",\"position\":1,\"name\":\"Accueil\",\"item\":\"https:\/\/vieassociative.be\/actualites\/\"},{\"@type\":\"ListItem\",\"position\":2,\"name\":\"Ces \u00e9couteurs de Bose com\u00e9lante au bruit sont \u00e0 leur prix le plus bas de tous les temps\"}]},{\"@type\":\"WebSite\",\"@id\":\"https:\/\/vieassociative.be\/actualites\/#website\",\"url\":\"https:\/\/vieassociative.be\/actualites\/\",\"name\":\"Vie Associative\",\"description\":\"\",\"publisher\":{\"@id\":\"https:\/\/vieassociative.be\/actualites\/#organization\"},\"potentialAction\":[{\"@type\":\"SearchAction\",\"target\":{\"@type\":\"EntryPoint\",\"urlTemplate\":\"https:\/\/vieassociative.be\/actualites\/?s={search_term_string}\"},\"query-input\":{\"@type\":\"PropertyValueSpecification\",\"valueRequired\":true,\"valueName\":\"search_term_string\"}}],\"inLanguage\":\"fr-BE\"},{\"@type\":\"Organization\",\"@id\":\"https:\/\/vieassociative.be\/actualites\/#organization\",\"name\":\"Vie Associative\",\"url\":\"https:\/\/vieassociative.be\/actualites\/\",\"logo\":{\"@type\":\"ImageObject\",\"inLanguage\":\"fr-BE\",\"@id\":\"https:\/\/vieassociative.be\/actualites\/#\/schema\/logo\/image\/\",\"url\":\"https:\/\/vieassociative.be\/actualites\/wp-content\/uploads\/2024\/09\/cropped-vieassociative_favicon.ico.png\",\"contentUrl\":\"https:\/\/vieassociative.be\/actualites\/wp-content\/uploads\/2024\/09\/cropped-vieassociative_favicon.ico.png\",\"width\":512,\"height\":512,\"caption\":\"Vie Associative\"},\"image\":{\"@id\":\"https:\/\/vieassociative.be\/actualites\/#\/schema\/logo\/image\/\"}},{\"@type\":\"Person\",\"@id\":\"https:\/\/vieassociative.be\/actualites\/#\/schema\/person\/b87ac4f82f9d4e7b7cec7395b679edc4\",\"name\":\"Julien\",\"image\":{\"@type\":\"ImageObject\",\"inLanguage\":\"fr-BE\",\"@id\":\"https:\/\/vieassociative.be\/actualites\/#\/schema\/person\/image\/\",\"url\":\"https:\/\/vieassociative.be\/actualites\/wp-content\/uploads\/2024\/09\/vie-associative-1-150x150.jpg\",\"contentUrl\":\"https:\/\/vieassociative.be\/actualites\/wp-content\/uploads\/2024\/09\/vie-associative-1-150x150.jpg\",\"caption\":\"Julien\"},\"description\":\"Je suis Julien, r\u00e9dacteur pour Vie Associative. Passionn\u00e9 par le monde associatif depuis plus de 10 ans, j'ai \u00e0 c\u0153ur de partager des histoires inspirantes et de mettre en lumi\u00e8re les initiatives locales. Mon objectif est de sensibiliser et d'encourager l'engagement communautaire \u00e0 travers mes articles.\",\"sameAs\":[\"https:\/\/vieassociative.be\/\"]}]}<\/script>\n<!-- \/ Yoast SEO plugin. -->","yoast_head_json":{"title":"Ces \u00e9couteurs de Bose com\u00e9lante au bruit sont \u00e0 leur prix le plus bas de tous les temps | Vie Associative","robots":{"index":"index","follow":"follow","max-snippet":"max-snippet:-1","max-image-preview":"max-image-preview:large","max-video-preview":"max-video-preview:-1"},"canonical":"https:\/\/vieassociative.be\/actualites\/ces-ecouteurs-de-bose-comelante-au-bruit-sont-a-leur-prix-le-plus-bas-de-tous-les-temps\/","og_locale":"fr_FR","og_type":"article","og_title":"Ces \u00e9couteurs de Bose com\u00e9lante au bruit sont \u00e0 leur prix le plus bas de tous les temps | Vie Associative","og_description":"Si vous cherchez un ANC stellaire et un ajustement s\u00e9curis\u00e9, c&rsquo;est une affaire solide. Les Earbuds II de Bose QuietComfort co\u00fbtent maintenant 155,99 $ sur","og_url":"https:\/\/vieassociative.be\/actualites\/ces-ecouteurs-de-bose-comelante-au-bruit-sont-a-leur-prix-le-plus-bas-de-tous-les-temps\/","og_site_name":"Vie Associative","article_published_time":"2025-07-30T13:17:14+00:00","og_image":[{"url":"https:\/\/vieassociative.be\/actualites\/wp-content\/uploads\/2025\/07\/Ces-ecouteurs-de-Bose-comelante-au-bruit-sont-a-leur.png","type":"","width":"","height":""}],"author":"Julien","twitter_card":"summary_large_image","twitter_misc":{"\u00c9crit par":"Julien","Dur\u00e9e de lecture est.":"2 minutes"},"schema":{"@context":"https:\/\/schema.org","@graph":[{"@type":"Article","@id":"https:\/\/vieassociative.be\/actualites\/ces-ecouteurs-de-bose-comelante-au-bruit-sont-a-leur-prix-le-plus-bas-de-tous-les-temps\/#article","isPartOf":{"@id":"https:\/\/vieassociative.be\/actualites\/ces-ecouteurs-de-bose-comelante-au-bruit-sont-a-leur-prix-le-plus-bas-de-tous-les-temps\/"},"author":{"name":"Julien","@id":"https:\/\/vieassociative.be\/actualites\/#\/schema\/person\/b87ac4f82f9d4e7b7cec7395b679edc4"},"headline":"Ces \u00e9couteurs de Bose com\u00e9lante au bruit sont \u00e0 leur prix le plus bas de tous les temps","datePublished":"2025-07-30T13:17:14+00:00","dateModified":"2025-07-30T13:17:14+00:00","mainEntityOfPage":{"@id":"https:\/\/vieassociative.be\/actualites\/ces-ecouteurs-de-bose-comelante-au-bruit-sont-a-leur-prix-le-plus-bas-de-tous-les-temps\/"},"wordCount":471,"publisher":{"@id":"https:\/\/vieassociative.be\/actualites\/#organization"},"image":{"@id":"https:\/\/vieassociative.be\/actualites\/ces-ecouteurs-de-bose-comelante-au-bruit-sont-a-leur-prix-le-plus-bas-de-tous-les-temps\/#primaryimage"},"thumbnailUrl":"https:\/\/vieassociative.be\/actualites\/wp-content\/uploads\/2025\/07\/1753881435_Ces-ecouteurs-de-Bose-comelante-au-bruit-sont-a-leur.png","keywords":["bas","Bose","bruit","ces","com\u00e9lante","\u00e9couteurs","Les","leur","prix","sont","temps","tous"],"articleSection":["Technologie"],"inLanguage":"fr-BE"},{"@type":"WebPage","@id":"https:\/\/vieassociative.be\/actualites\/ces-ecouteurs-de-bose-comelante-au-bruit-sont-a-leur-prix-le-plus-bas-de-tous-les-temps\/","url":"https:\/\/vieassociative.be\/actualites\/ces-ecouteurs-de-bose-comelante-au-bruit-sont-a-leur-prix-le-plus-bas-de-tous-les-temps\/","name":"Ces \u00e9couteurs de Bose com\u00e9lante au bruit sont \u00e0 leur prix le plus bas de tous les temps | Vie Associative","isPartOf":{"@id":"https:\/\/vieassociative.be\/actualites\/#website"},"primaryImageOfPage":{"@id":"https:\/\/vieassociative.be\/actualites\/ces-ecouteurs-de-bose-comelante-au-bruit-sont-a-leur-prix-le-plus-bas-de-tous-les-temps\/#primaryimage"},"image":{"@id":"https:\/\/vieassociative.be\/actualites\/ces-ecouteurs-de-bose-comelante-au-bruit-sont-a-leur-prix-le-plus-bas-de-tous-les-temps\/#primaryimage"},"thumbnailUrl":"https:\/\/vieassociative.be\/actualites\/wp-content\/uploads\/2025\/07\/1753881435_Ces-ecouteurs-de-Bose-comelante-au-bruit-sont-a-leur.png","datePublished":"2025-07-30T13:17:14+00:00","dateModified":"2025-07-30T13:17:14+00:00","breadcrumb":{"@id":"https:\/\/vieassociative.be\/actualites\/ces-ecouteurs-de-bose-comelante-au-bruit-sont-a-leur-prix-le-plus-bas-de-tous-les-temps\/#breadcrumb"},"inLanguage":"fr-BE","potentialAction":[{"@type":"ReadAction","target":["https:\/\/vieassociative.be\/actualites\/ces-ecouteurs-de-bose-comelante-au-bruit-sont-a-leur-prix-le-plus-bas-de-tous-les-temps\/"]}]},{"@type":"ImageObject","inLanguage":"fr-BE","@id":"https:\/\/vieassociative.be\/actualites\/ces-ecouteurs-de-bose-comelante-au-bruit-sont-a-leur-prix-le-plus-bas-de-tous-les-temps\/#primaryimage","url":"https:\/\/vieassociative.be\/actualites\/wp-content\/uploads\/2025\/07\/1753881435_Ces-ecouteurs-de-Bose-comelante-au-bruit-sont-a-leur.png","contentUrl":"https:\/\/vieassociative.be\/actualites\/wp-content\/uploads\/2025\/07\/1753881435_Ces-ecouteurs-de-Bose-comelante-au-bruit-sont-a-leur.png","width":1200,"height":675,"caption":"Ces \u00e9couteurs de Bose com\u00e9lante au bruit sont \u00e0 leur prix le plus bas de tous les temps"},{"@type":"BreadcrumbList","@id":"https:\/\/vieassociative.be\/actualites\/ces-ecouteurs-de-bose-comelante-au-bruit-sont-a-leur-prix-le-plus-bas-de-tous-les-temps\/#breadcrumb","itemListElement":[{"@type":"ListItem","position":1,"name":"Accueil","item":"https:\/\/vieassociative.be\/actualites\/"},{"@type":"ListItem","position":2,"name":"Ces \u00e9couteurs de Bose com\u00e9lante au bruit sont \u00e0 leur prix le plus bas de tous les temps"}]},{"@type":"WebSite","@id":"https:\/\/vieassociative.be\/actualites\/#website","url":"https:\/\/vieassociative.be\/actualites\/","name":"Vie Associative","description":"","publisher":{"@id":"https:\/\/vieassociative.be\/actualites\/#organization"},"potentialAction":[{"@type":"SearchAction","target":{"@type":"EntryPoint","urlTemplate":"https:\/\/vieassociative.be\/actualites\/?s={search_term_string}"},"query-input":{"@type":"PropertyValueSpecification","valueRequired":true,"valueName":"search_term_string"}}],"inLanguage":"fr-BE"},{"@type":"Organization","@id":"https:\/\/vieassociative.be\/actualites\/#organization","name":"Vie Associative","url":"https:\/\/vieassociative.be\/actualites\/","logo":{"@type":"ImageObject","inLanguage":"fr-BE","@id":"https:\/\/vieassociative.be\/actualites\/#\/schema\/logo\/image\/","url":"https:\/\/vieassociative.be\/actualites\/wp-content\/uploads\/2024\/09\/cropped-vieassociative_favicon.ico.png","contentUrl":"https:\/\/vieassociative.be\/actualites\/wp-content\/uploads\/2024\/09\/cropped-vieassociative_favicon.ico.png","width":512,"height":512,"caption":"Vie Associative"},"image":{"@id":"https:\/\/vieassociative.be\/actualites\/#\/schema\/logo\/image\/"}},{"@type":"Person","@id":"https:\/\/vieassociative.be\/actualites\/#\/schema\/person\/b87ac4f82f9d4e7b7cec7395b679edc4","name":"Julien","image":{"@type":"ImageObject","inLanguage":"fr-BE","@id":"https:\/\/vieassociative.be\/actualites\/#\/schema\/person\/image\/","url":"https:\/\/vieassociative.be\/actualites\/wp-content\/uploads\/2024\/09\/vie-associative-1-150x150.jpg","contentUrl":"https:\/\/vieassociative.be\/actualites\/wp-content\/uploads\/2024\/09\/vie-associative-1-150x150.jpg","caption":"Julien"},"description":"Je suis Julien, r\u00e9dacteur pour Vie Associative. Passionn\u00e9 par le monde associatif depuis plus de 10 ans, j'ai \u00e0 c\u0153ur de partager des histoires inspirantes et de mettre en lumi\u00e8re les initiatives locales. Mon objectif est de sensibiliser et d'encourager l'engagement communautaire \u00e0 travers mes articles.","sameAs":["https:\/\/vieassociative.be\/"]}]}},"_links":{"self":[{"href":"https:\/\/vieassociative.be\/actualites\/wp-json\/wp\/v2\/posts\/9105"}],"collection":[{"href":"https:\/\/vieassociative.be\/actualites\/wp-json\/wp\/v2\/posts"}],"about":[{"href":"https:\/\/vieassociative.be\/actualites\/wp-json\/wp\/v2\/types\/post"}],"author":[{"embeddable":true,"href":"https:\/\/vieassociative.be\/actualites\/wp-json\/wp\/v2\/users\/1"}],"replies":[{"embeddable":true,"href":"https:\/\/vieassociative.be\/actualites\/wp-json\/wp\/v2\/comments?post=9105"}],"version-history":[{"count":0,"href":"https:\/\/vieassociative.be\/actualites\/wp-json\/wp\/v2\/posts\/9105\/revisions"}],"wp:featuredmedia":[{"embeddable":true,"href":"https:\/\/vieassociative.be\/actualites\/wp-json\/wp\/v2\/media\/9106"}],"wp:attachment":[{"href":"https:\/\/vieassociative.be\/actualites\/wp-json\/wp\/v2\/media?parent=9105"}],"wp:term":[{"taxonomy":"category","embeddable":true,"href":"https:\/\/vieassociative.be\/actualites\/wp-json\/wp\/v2\/categories?post=9105"},{"taxonomy":"post_tag","embeddable":true,"href":"https:\/\/vieassociative.be\/actualites\/wp-json\/wp\/v2\/tags?post=9105"}],"curies":[{"name":"wp","href":"https:\/\/api.w.org\/{rel}","templated":true}]}}