{"id":9100,"date":"2025-07-30T10:16:56","date_gmt":"2025-07-30T08:16:56","guid":{"rendered":"https:\/\/vieassociative.be\/actualites\/apres-le-tremblement-de-terre-alarme-de-tsunami-dans-la-salle-du-pacifique\/"},"modified":"2025-07-30T10:16:56","modified_gmt":"2025-07-30T08:16:56","slug":"apres-le-tremblement-de-terre-alarme-de-tsunami-dans-la-salle-du-pacifique","status":"publish","type":"post","link":"https:\/\/vieassociative.be\/actualites\/apres-le-tremblement-de-terre-alarme-de-tsunami-dans-la-salle-du-pacifique\/","title":{"rendered":"Apr\u00e8s le tremblement de terre: alarme de tsunami dans la salle du Pacifique"},"content":{"rendered":"<p><strong>Apr\u00e8s un fort tremblement de terre devant la p\u00e9ninsule russe Kamchatka, des pays du Japon aux \u00c9tats-Unis en Am\u00e9rique latine menacent de parfois des vagues de tsunami de haut de haut.<\/strong><\/p>\n<p><span id=\"more-421328\"><\/span>Un lourd tremblement de terre devant la p\u00e9ninsule russe de Kamchatka a mis de nombreux pays du Japon et des Philippines au-dessus d&rsquo;Hawa\u00ef sur la c\u00f4te ouest am\u00e9ricaine et l&rsquo;Am\u00e9rique latine dans la r\u00e9gion du Pacifique. Averti des vagues de tsunami en partie du m\u00e8tre de haut \u00e0 la suite du grave tremblement de terre en Extr\u00eame-Orient de la Russie.<\/p>\n<p>\u00c0 8,8, selon le Terre-Terre am\u00e9ricain, USGS, le plus fort du monde a \u00e9t\u00e9 le plus fort du monde depuis la catastrophe de Fukushima en mars 2011 et n&rsquo;a \u00e9t\u00e9 d\u00e9pass\u00e9 que par cinq tremblements de terre depuis le d\u00e9but des mesures. L&rsquo;agence de presse russe de l&rsquo;\u00c9tat Tass a d\u00e9clar\u00e9 la force avec 8,7, l&rsquo;allemand Geoforschungszentrum (GFZ) \u00e0 Potsdam avec 7,8. Selon les informations, le centre du tremblement de terre \u00e9tait en plein air, \u00e0 environ 130 kilom\u00e8tres devant la seule c\u00f4te peu peupl\u00e9e de Kamchatka, et relativement profond\u00e9ment sous le fond marin.<\/p>\n<div id=\"attachment_421331\" class=\"wp-caption alignleft\" style=\"max-width: 300px\"><img fetchpriority=\"high\" decoding=\"async\" class=\"wp-image-421331 size-medium\" src=\"https:\/\/vieassociative.be\/actualites\/wp-content\/uploads\/2025\/07\/Apres-le-tremblement-de-terre-alarme-de-tsunami-dans-la.jpg\" alt=\"\" width=\"300\" height=\"192\"  ><\/div>\n<p><strong>&#8211; vagues de mar\u00e9e sup\u00e9rieures d\u00e9j\u00e0 avant la c\u00f4te japonaise:<\/strong> Dans le nord du Japon &#8211; la r\u00e9gion est toujours g\u00e9ographiquement situ\u00e9e avec la zone du tremblement de terre &#8211; les ondes de mar\u00e9e plus \u00e9lev\u00e9es ont d\u00e9j\u00e0 \u00e9t\u00e9 de plus en plus enregistr\u00e9es. Comme l&rsquo;a rapport\u00e9 la cha\u00eene de t\u00e9l\u00e9vision japonaise NHK, les ondes de mar\u00e9e sur la c\u00f4te de la pr\u00e9fecture nord Hokkaido et la pr\u00e9fecture iWate dans le nord-est ont maintenant atteint une hauteur de 60 centim\u00e8tres. Les autorit\u00e9s ont \u00e9mis des avertissements d&rsquo;un tsunami jusqu&rsquo;\u00e0 trois m\u00e8tres de haut. Avec un tsunami, les vagues s&rsquo;accumulent parfois par \u00e9tapes.<\/p>\n<p>Selon la t\u00e9l\u00e9vision d&rsquo;\u00c9tat, les autorit\u00e9s en Chine ont publi\u00e9 un tsunami avertissant du niveau jaune. \u00c0 Ta\u00efwan, la Central Weather Authority a appel\u00e9 les r\u00e9sidents de la r\u00e9gion c\u00f4ti\u00e8re de rester vigilants et de prendre les pr\u00e9cautions n\u00e9cessaires.<\/p>\n<p><strong>&#8211; En Asie, les souvenirs de tsunami de 2004 arrivent:<\/strong> Les Philippines et l&rsquo;Indon\u00e9sie ont \u00e9galement demand\u00e9 aux gens pr\u00e8s de la c\u00f4te de se rendre en s\u00e9curit\u00e9. Dans les deux \u00c9tats insulaires, des vagues de moins d&rsquo;un m\u00e8tre \u00e9taient attendues dans plusieurs provinces, mais qui pourraient durer longtemps.<\/p>\n<p>\u00ab\u00a0\u00c9loignez-vous des plages et n&rsquo;allez pas sur la c\u00f4te\u00a0\u00bb, a d\u00e9clar\u00e9 un avertissement de l&rsquo;Institut philippin pour la vulcanologie et la sismologie (Phivolcs). Un porte-parole officiel en Indon\u00e9sie a annonc\u00e9 qu&rsquo;il \u00e9tait difficile de pr\u00e9dire l&rsquo;\u00e9tendue exacte des vagues.<\/p>\n<p>L\u00e0, pas mal de gens qui ont certainement appel\u00e9 les avertissements des mauvais souvenirs: le 26 d\u00e9cembre 2004, un \u00e9norme tremblement de taille sous-grave 9.1 avait d\u00e9clench\u00e9 un \u00e9norme raz de mar\u00e9e au large de Sumatra. En plus de l&rsquo;Indon\u00e9sie, il y avait \u00e9galement de nombreuses victimes dans d&rsquo;autres pays, de la Tha\u00eflande \u00e0 l&rsquo;Inde \u00e0 la Tanzanie. Environ 230 000 personnes ont \u00e9t\u00e9 tu\u00e9es.<\/p>\n<p><strong>&#8211; USA d&rsquo;Hawa\u00ef \u00e0 l&rsquo;Alaska \u00e0 la Californie dans l&rsquo;\u00c9tat d&rsquo;alarme:<\/strong> Sur la plus grande \u00eele d&rsquo;Hawa\u00ef d&rsquo;Hawa\u00ef &#8211; \u00e9galement appel\u00e9e Big Island &#8211; les plages ont \u00e9t\u00e9 \u00e9vacu\u00e9es. Tous les ports de l&rsquo;archipel appartenant aux \u00c9tats-Unis sont ferm\u00e9s au trafic d&rsquo;exp\u00e9dition.<\/p>\n<div id=\"attachment_421333\" class=\"wp-caption alignleft\" style=\"max-width: 300px\"><img decoding=\"async\" class=\"wp-image-421333 size-medium\" src=\"https:\/\/vieassociative.be\/actualites\/wp-content\/uploads\/2025\/07\/1753863416_258_Apres-le-tremblement-de-terre-alarme-de-tsunami-dans-la.jpg\" alt=\"\" width=\"300\" height=\"200\"><\/div>\n<p>Aux \u00c9tats-Unis, le syst\u00e8me d&rsquo;alerte pr\u00e9coce du tsunami des \u00c9tats-Unis a parl\u00e9 de vagues pouvant aller jusqu&rsquo;\u00e0 trois m\u00e8tres de haut, ce qui pourrait atteindre la c\u00f4te des milliers de kilom\u00e8tres du centre de l&rsquo;\u00c9tat de l&rsquo;\u00c9tat peu apr\u00e8s 7 heures du matin en allemand. Les habitants des c\u00f4tes devraient quitter imm\u00e9diatement les zones menac\u00e9es ou rechercher une protection dans au moins dix b\u00e2timents \u00e9tages, a-t-il d\u00e9clar\u00e9.<\/p>\n<p>Le long de la c\u00f4te ouest am\u00e9ricaine, comme la Californie, les autorit\u00e9s ont mis en garde contre les vagues et ont appel\u00e9 les r\u00e9sidents de certaines villes c\u00f4ti\u00e8res pour aller dans des zones sup\u00e9rieures. L&rsquo;Alaska s&rsquo;est \u00e9galement ajust\u00e9 \u00e0 des vagues plus \u00e9lev\u00e9es. Plusieurs pays d&rsquo;Am\u00e9rique latine ont \u00e9galement averti des vagues d&rsquo;inondation, notamment le Mexique, le Guatemala, l&rsquo;\u00c9quateur, le P\u00e9rou et le Chili.<\/p>\n<p>Avec un tsunami, la premi\u00e8re vague n&rsquo;a pas besoin d&rsquo;\u00eatre la plus violente. Cela s&rsquo;accumule parfois par \u00e9tapes. Donc, s&rsquo;il reste moins d&rsquo;un m\u00e8tre au d\u00e9but, il n&rsquo;y a pas de tout-cercle, ce que les autorit\u00e9s soulignent \u00e9galement sans rel\u00e2che.<\/p>\n<p><strong>&#8211; Les gens effray\u00e9s fuient dans les rues:<\/strong> Selon l&rsquo;Acad\u00e9mie russe des sciences, il s&rsquo;agissait du tremblement de terre le plus violent du Kamchatka depuis 1952. D&rsquo;autres r\u00e9pliques peuvent encore \u00eatre attendues pendant environ un mois, ils pourraient atteindre jusqu&rsquo;\u00e0 7,5.<\/p>\n<p>Dans la capitale r\u00e9gionale, Petropawlowsk-Kamtschatki, selon Tass, des gens effray\u00e9s ont couru pieds nus \u00e0 l&rsquo;ext\u00e9rieur. Les armoires sont tomb\u00e9es, les voitures ont gliss\u00e9 sur les routes vacillantes et un immeuble de maternelle a \u00e9t\u00e9 gravement endommag\u00e9. Parfois, le r\u00e9seau d&rsquo;\u00e9lectricit\u00e9 et de t\u00e9l\u00e9phone s&rsquo;est effondr\u00e9.<\/p>\n<p>Par pr\u00e9caution, les habitants des c\u00f4tes ont \u00e9t\u00e9 \u00e9vacu\u00e9s dans la r\u00e9gion russe de Sachak\u00e4rin. Par endroits, selon les vagues de tsunami \u00e0 Tass de trois \u00e0 quatre m\u00e8tres, le tsunami. Il n&rsquo;y avait initialement aucun rapport sur les blessures ou m\u00eame les d\u00e9c\u00e8s. (DPA)<\/p>\n","protected":false},"excerpt":{"rendered":"<p>Apr\u00e8s un fort tremblement de terre devant la p\u00e9ninsule russe Kamchatka, des pays du Japon aux \u00c9tats-Unis en Am\u00e9rique latine menacent de parfois des vagues<\/p>\n","protected":false},"author":1,"featured_media":9101,"comment_status":"","ping_status":"","sticky":false,"template":"","format":"standard","meta":{"footnotes":""},"categories":[298],"tags":[6980,472,166,7964,194,1166,7963,4192],"class_list":["post-9100","post","type-post","status-publish","format-standard","has-post-thumbnail","hentry","category-belgique","tag-alarme","tag-apres","tag-dans","tag-pacifique","tag-salle","tag-terre","tag-tremblement","tag-tsunami","generate-columns","tablet-grid-50","mobile-grid-100","grid-parent","grid-33"],"yoast_head":"<!-- This site is optimized with the Yoast SEO plugin v24.0 - https:\/\/yoast.com\/wordpress\/plugins\/seo\/ -->\n<title>Apr\u00e8s le tremblement de terre: alarme de tsunami dans la salle du Pacifique | Vie Associative<\/title>\n<meta name=\"robots\" content=\"index, follow, max-snippet:-1, max-image-preview:large, max-video-preview:-1\" \/>\n<link rel=\"canonical\" href=\"https:\/\/vieassociative.be\/actualites\/apres-le-tremblement-de-terre-alarme-de-tsunami-dans-la-salle-du-pacifique\/\" \/>\n<meta property=\"og:locale\" content=\"fr_FR\" \/>\n<meta property=\"og:type\" content=\"article\" \/>\n<meta property=\"og:title\" content=\"Apr\u00e8s le tremblement de terre: alarme de tsunami dans la salle du Pacifique | Vie Associative\" \/>\n<meta property=\"og:description\" content=\"Apr\u00e8s un fort tremblement de terre devant la p\u00e9ninsule russe Kamchatka, des pays du Japon aux \u00c9tats-Unis en Am\u00e9rique latine menacent de parfois des vagues\" \/>\n<meta property=\"og:url\" content=\"https:\/\/vieassociative.be\/actualites\/apres-le-tremblement-de-terre-alarme-de-tsunami-dans-la-salle-du-pacifique\/\" \/>\n<meta property=\"og:site_name\" content=\"Vie Associative\" \/>\n<meta property=\"article:published_time\" content=\"2025-07-30T08:16:56+00:00\" \/>\n<meta property=\"og:image\" content=\"https:\/\/vieassociative.be\/actualites\/wp-content\/uploads\/2024\/09\/header_backgroundk-01-e1726694325946.png\" \/>\n\t<meta property=\"og:image:width\" content=\"279\" \/>\n\t<meta property=\"og:image:height\" content=\"92\" \/>\n\t<meta property=\"og:image:type\" content=\"image\/png\" \/>\n<meta name=\"author\" content=\"Julien\" \/>\n<meta name=\"twitter:card\" content=\"summary_large_image\" \/>\n<meta name=\"twitter:label1\" content=\"\u00c9crit par\" \/>\n\t<meta name=\"twitter:data1\" content=\"Julien\" \/>\n\t<meta name=\"twitter:label2\" content=\"Dur\u00e9e de lecture est.\" \/>\n\t<meta name=\"twitter:data2\" content=\"5 minutes\" \/>\n<script type=\"application\/ld+json\" class=\"yoast-schema-graph\">{\"@context\":\"https:\/\/schema.org\",\"@graph\":[{\"@type\":\"Article\",\"@id\":\"https:\/\/vieassociative.be\/actualites\/apres-le-tremblement-de-terre-alarme-de-tsunami-dans-la-salle-du-pacifique\/#article\",\"isPartOf\":{\"@id\":\"https:\/\/vieassociative.be\/actualites\/apres-le-tremblement-de-terre-alarme-de-tsunami-dans-la-salle-du-pacifique\/\"},\"author\":{\"name\":\"Julien\",\"@id\":\"https:\/\/vieassociative.be\/actualites\/#\/schema\/person\/b87ac4f82f9d4e7b7cec7395b679edc4\"},\"headline\":\"Apr\u00e8s le tremblement de terre: alarme de tsunami dans la salle du Pacifique\",\"datePublished\":\"2025-07-30T08:16:56+00:00\",\"dateModified\":\"2025-07-30T08:16:56+00:00\",\"mainEntityOfPage\":{\"@id\":\"https:\/\/vieassociative.be\/actualites\/apres-le-tremblement-de-terre-alarme-de-tsunami-dans-la-salle-du-pacifique\/\"},\"wordCount\":971,\"publisher\":{\"@id\":\"https:\/\/vieassociative.be\/actualites\/#organization\"},\"image\":{\"@id\":\"https:\/\/vieassociative.be\/actualites\/apres-le-tremblement-de-terre-alarme-de-tsunami-dans-la-salle-du-pacifique\/#primaryimage\"},\"thumbnailUrl\":\"https:\/\/vieassociative.be\/actualites\/wp-content\/uploads\/2025\/07\/1753863416_Apres-le-tremblement-de-terre-alarme-de-tsunami-dans-la.jpg\",\"keywords\":[\"Alarme\",\"Apr\u00e8s\",\"dans\",\"Pacifique\",\"salle\",\"terre\",\"tremblement\",\"tsunami\"],\"articleSection\":[\"Belgique\"],\"inLanguage\":\"fr-BE\"},{\"@type\":\"WebPage\",\"@id\":\"https:\/\/vieassociative.be\/actualites\/apres-le-tremblement-de-terre-alarme-de-tsunami-dans-la-salle-du-pacifique\/\",\"url\":\"https:\/\/vieassociative.be\/actualites\/apres-le-tremblement-de-terre-alarme-de-tsunami-dans-la-salle-du-pacifique\/\",\"name\":\"Apr\u00e8s le tremblement de terre: alarme de tsunami dans la salle du Pacifique | Vie Associative\",\"isPartOf\":{\"@id\":\"https:\/\/vieassociative.be\/actualites\/#website\"},\"primaryImageOfPage\":{\"@id\":\"https:\/\/vieassociative.be\/actualites\/apres-le-tremblement-de-terre-alarme-de-tsunami-dans-la-salle-du-pacifique\/#primaryimage\"},\"image\":{\"@id\":\"https:\/\/vieassociative.be\/actualites\/apres-le-tremblement-de-terre-alarme-de-tsunami-dans-la-salle-du-pacifique\/#primaryimage\"},\"thumbnailUrl\":\"https:\/\/vieassociative.be\/actualites\/wp-content\/uploads\/2025\/07\/1753863416_Apres-le-tremblement-de-terre-alarme-de-tsunami-dans-la.jpg\",\"datePublished\":\"2025-07-30T08:16:56+00:00\",\"dateModified\":\"2025-07-30T08:16:56+00:00\",\"breadcrumb\":{\"@id\":\"https:\/\/vieassociative.be\/actualites\/apres-le-tremblement-de-terre-alarme-de-tsunami-dans-la-salle-du-pacifique\/#breadcrumb\"},\"inLanguage\":\"fr-BE\",\"potentialAction\":[{\"@type\":\"ReadAction\",\"target\":[\"https:\/\/vieassociative.be\/actualites\/apres-le-tremblement-de-terre-alarme-de-tsunami-dans-la-salle-du-pacifique\/\"]}]},{\"@type\":\"ImageObject\",\"inLanguage\":\"fr-BE\",\"@id\":\"https:\/\/vieassociative.be\/actualites\/apres-le-tremblement-de-terre-alarme-de-tsunami-dans-la-salle-du-pacifique\/#primaryimage\",\"url\":\"https:\/\/vieassociative.be\/actualites\/wp-content\/uploads\/2025\/07\/1753863416_Apres-le-tremblement-de-terre-alarme-de-tsunami-dans-la.jpg\",\"contentUrl\":\"https:\/\/vieassociative.be\/actualites\/wp-content\/uploads\/2025\/07\/1753863416_Apres-le-tremblement-de-terre-alarme-de-tsunami-dans-la.jpg\",\"width\":1200,\"height\":800,\"caption\":\"Apr\u00e8s le tremblement de terre: alarme de tsunami dans la salle du Pacifique\"},{\"@type\":\"BreadcrumbList\",\"@id\":\"https:\/\/vieassociative.be\/actualites\/apres-le-tremblement-de-terre-alarme-de-tsunami-dans-la-salle-du-pacifique\/#breadcrumb\",\"itemListElement\":[{\"@type\":\"ListItem\",\"position\":1,\"name\":\"Accueil\",\"item\":\"https:\/\/vieassociative.be\/actualites\/\"},{\"@type\":\"ListItem\",\"position\":2,\"name\":\"Apr\u00e8s le tremblement de terre: alarme de tsunami dans la salle du Pacifique\"}]},{\"@type\":\"WebSite\",\"@id\":\"https:\/\/vieassociative.be\/actualites\/#website\",\"url\":\"https:\/\/vieassociative.be\/actualites\/\",\"name\":\"Vie Associative\",\"description\":\"\",\"publisher\":{\"@id\":\"https:\/\/vieassociative.be\/actualites\/#organization\"},\"potentialAction\":[{\"@type\":\"SearchAction\",\"target\":{\"@type\":\"EntryPoint\",\"urlTemplate\":\"https:\/\/vieassociative.be\/actualites\/?s={search_term_string}\"},\"query-input\":{\"@type\":\"PropertyValueSpecification\",\"valueRequired\":true,\"valueName\":\"search_term_string\"}}],\"inLanguage\":\"fr-BE\"},{\"@type\":\"Organization\",\"@id\":\"https:\/\/vieassociative.be\/actualites\/#organization\",\"name\":\"Vie Associative\",\"url\":\"https:\/\/vieassociative.be\/actualites\/\",\"logo\":{\"@type\":\"ImageObject\",\"inLanguage\":\"fr-BE\",\"@id\":\"https:\/\/vieassociative.be\/actualites\/#\/schema\/logo\/image\/\",\"url\":\"https:\/\/vieassociative.be\/actualites\/wp-content\/uploads\/2024\/09\/cropped-vieassociative_favicon.ico.png\",\"contentUrl\":\"https:\/\/vieassociative.be\/actualites\/wp-content\/uploads\/2024\/09\/cropped-vieassociative_favicon.ico.png\",\"width\":512,\"height\":512,\"caption\":\"Vie Associative\"},\"image\":{\"@id\":\"https:\/\/vieassociative.be\/actualites\/#\/schema\/logo\/image\/\"}},{\"@type\":\"Person\",\"@id\":\"https:\/\/vieassociative.be\/actualites\/#\/schema\/person\/b87ac4f82f9d4e7b7cec7395b679edc4\",\"name\":\"Julien\",\"image\":{\"@type\":\"ImageObject\",\"inLanguage\":\"fr-BE\",\"@id\":\"https:\/\/vieassociative.be\/actualites\/#\/schema\/person\/image\/\",\"url\":\"https:\/\/vieassociative.be\/actualites\/wp-content\/uploads\/2024\/09\/vie-associative-1-150x150.jpg\",\"contentUrl\":\"https:\/\/vieassociative.be\/actualites\/wp-content\/uploads\/2024\/09\/vie-associative-1-150x150.jpg\",\"caption\":\"Julien\"},\"description\":\"Je suis Julien, r\u00e9dacteur pour Vie Associative. Passionn\u00e9 par le monde associatif depuis plus de 10 ans, j'ai \u00e0 c\u0153ur de partager des histoires inspirantes et de mettre en lumi\u00e8re les initiatives locales. Mon objectif est de sensibiliser et d'encourager l'engagement communautaire \u00e0 travers mes articles.\",\"sameAs\":[\"https:\/\/vieassociative.be\/\"]}]}<\/script>\n<!-- \/ Yoast SEO plugin. -->","yoast_head_json":{"title":"Apr\u00e8s le tremblement de terre: alarme de tsunami dans la salle du Pacifique | Vie Associative","robots":{"index":"index","follow":"follow","max-snippet":"max-snippet:-1","max-image-preview":"max-image-preview:large","max-video-preview":"max-video-preview:-1"},"canonical":"https:\/\/vieassociative.be\/actualites\/apres-le-tremblement-de-terre-alarme-de-tsunami-dans-la-salle-du-pacifique\/","og_locale":"fr_FR","og_type":"article","og_title":"Apr\u00e8s le tremblement de terre: alarme de tsunami dans la salle du Pacifique | Vie Associative","og_description":"Apr\u00e8s un fort tremblement de terre devant la p\u00e9ninsule russe Kamchatka, des pays du Japon aux \u00c9tats-Unis en Am\u00e9rique latine menacent de parfois des vagues","og_url":"https:\/\/vieassociative.be\/actualites\/apres-le-tremblement-de-terre-alarme-de-tsunami-dans-la-salle-du-pacifique\/","og_site_name":"Vie Associative","article_published_time":"2025-07-30T08:16:56+00:00","og_image":[{"width":279,"height":92,"url":"https:\/\/vieassociative.be\/actualites\/wp-content\/uploads\/2024\/09\/header_backgroundk-01-e1726694325946.png","type":"image\/png"}],"author":"Julien","twitter_card":"summary_large_image","twitter_misc":{"\u00c9crit par":"Julien","Dur\u00e9e de lecture est.":"5 minutes"},"schema":{"@context":"https:\/\/schema.org","@graph":[{"@type":"Article","@id":"https:\/\/vieassociative.be\/actualites\/apres-le-tremblement-de-terre-alarme-de-tsunami-dans-la-salle-du-pacifique\/#article","isPartOf":{"@id":"https:\/\/vieassociative.be\/actualites\/apres-le-tremblement-de-terre-alarme-de-tsunami-dans-la-salle-du-pacifique\/"},"author":{"name":"Julien","@id":"https:\/\/vieassociative.be\/actualites\/#\/schema\/person\/b87ac4f82f9d4e7b7cec7395b679edc4"},"headline":"Apr\u00e8s le tremblement de terre: alarme de tsunami dans la salle du Pacifique","datePublished":"2025-07-30T08:16:56+00:00","dateModified":"2025-07-30T08:16:56+00:00","mainEntityOfPage":{"@id":"https:\/\/vieassociative.be\/actualites\/apres-le-tremblement-de-terre-alarme-de-tsunami-dans-la-salle-du-pacifique\/"},"wordCount":971,"publisher":{"@id":"https:\/\/vieassociative.be\/actualites\/#organization"},"image":{"@id":"https:\/\/vieassociative.be\/actualites\/apres-le-tremblement-de-terre-alarme-de-tsunami-dans-la-salle-du-pacifique\/#primaryimage"},"thumbnailUrl":"https:\/\/vieassociative.be\/actualites\/wp-content\/uploads\/2025\/07\/1753863416_Apres-le-tremblement-de-terre-alarme-de-tsunami-dans-la.jpg","keywords":["Alarme","Apr\u00e8s","dans","Pacifique","salle","terre","tremblement","tsunami"],"articleSection":["Belgique"],"inLanguage":"fr-BE"},{"@type":"WebPage","@id":"https:\/\/vieassociative.be\/actualites\/apres-le-tremblement-de-terre-alarme-de-tsunami-dans-la-salle-du-pacifique\/","url":"https:\/\/vieassociative.be\/actualites\/apres-le-tremblement-de-terre-alarme-de-tsunami-dans-la-salle-du-pacifique\/","name":"Apr\u00e8s le tremblement de terre: alarme de tsunami dans la salle du Pacifique | Vie Associative","isPartOf":{"@id":"https:\/\/vieassociative.be\/actualites\/#website"},"primaryImageOfPage":{"@id":"https:\/\/vieassociative.be\/actualites\/apres-le-tremblement-de-terre-alarme-de-tsunami-dans-la-salle-du-pacifique\/#primaryimage"},"image":{"@id":"https:\/\/vieassociative.be\/actualites\/apres-le-tremblement-de-terre-alarme-de-tsunami-dans-la-salle-du-pacifique\/#primaryimage"},"thumbnailUrl":"https:\/\/vieassociative.be\/actualites\/wp-content\/uploads\/2025\/07\/1753863416_Apres-le-tremblement-de-terre-alarme-de-tsunami-dans-la.jpg","datePublished":"2025-07-30T08:16:56+00:00","dateModified":"2025-07-30T08:16:56+00:00","breadcrumb":{"@id":"https:\/\/vieassociative.be\/actualites\/apres-le-tremblement-de-terre-alarme-de-tsunami-dans-la-salle-du-pacifique\/#breadcrumb"},"inLanguage":"fr-BE","potentialAction":[{"@type":"ReadAction","target":["https:\/\/vieassociative.be\/actualites\/apres-le-tremblement-de-terre-alarme-de-tsunami-dans-la-salle-du-pacifique\/"]}]},{"@type":"ImageObject","inLanguage":"fr-BE","@id":"https:\/\/vieassociative.be\/actualites\/apres-le-tremblement-de-terre-alarme-de-tsunami-dans-la-salle-du-pacifique\/#primaryimage","url":"https:\/\/vieassociative.be\/actualites\/wp-content\/uploads\/2025\/07\/1753863416_Apres-le-tremblement-de-terre-alarme-de-tsunami-dans-la.jpg","contentUrl":"https:\/\/vieassociative.be\/actualites\/wp-content\/uploads\/2025\/07\/1753863416_Apres-le-tremblement-de-terre-alarme-de-tsunami-dans-la.jpg","width":1200,"height":800,"caption":"Apr\u00e8s le tremblement de terre: alarme de tsunami dans la salle du Pacifique"},{"@type":"BreadcrumbList","@id":"https:\/\/vieassociative.be\/actualites\/apres-le-tremblement-de-terre-alarme-de-tsunami-dans-la-salle-du-pacifique\/#breadcrumb","itemListElement":[{"@type":"ListItem","position":1,"name":"Accueil","item":"https:\/\/vieassociative.be\/actualites\/"},{"@type":"ListItem","position":2,"name":"Apr\u00e8s le tremblement de terre: alarme de tsunami dans la salle du Pacifique"}]},{"@type":"WebSite","@id":"https:\/\/vieassociative.be\/actualites\/#website","url":"https:\/\/vieassociative.be\/actualites\/","name":"Vie Associative","description":"","publisher":{"@id":"https:\/\/vieassociative.be\/actualites\/#organization"},"potentialAction":[{"@type":"SearchAction","target":{"@type":"EntryPoint","urlTemplate":"https:\/\/vieassociative.be\/actualites\/?s={search_term_string}"},"query-input":{"@type":"PropertyValueSpecification","valueRequired":true,"valueName":"search_term_string"}}],"inLanguage":"fr-BE"},{"@type":"Organization","@id":"https:\/\/vieassociative.be\/actualites\/#organization","name":"Vie Associative","url":"https:\/\/vieassociative.be\/actualites\/","logo":{"@type":"ImageObject","inLanguage":"fr-BE","@id":"https:\/\/vieassociative.be\/actualites\/#\/schema\/logo\/image\/","url":"https:\/\/vieassociative.be\/actualites\/wp-content\/uploads\/2024\/09\/cropped-vieassociative_favicon.ico.png","contentUrl":"https:\/\/vieassociative.be\/actualites\/wp-content\/uploads\/2024\/09\/cropped-vieassociative_favicon.ico.png","width":512,"height":512,"caption":"Vie Associative"},"image":{"@id":"https:\/\/vieassociative.be\/actualites\/#\/schema\/logo\/image\/"}},{"@type":"Person","@id":"https:\/\/vieassociative.be\/actualites\/#\/schema\/person\/b87ac4f82f9d4e7b7cec7395b679edc4","name":"Julien","image":{"@type":"ImageObject","inLanguage":"fr-BE","@id":"https:\/\/vieassociative.be\/actualites\/#\/schema\/person\/image\/","url":"https:\/\/vieassociative.be\/actualites\/wp-content\/uploads\/2024\/09\/vie-associative-1-150x150.jpg","contentUrl":"https:\/\/vieassociative.be\/actualites\/wp-content\/uploads\/2024\/09\/vie-associative-1-150x150.jpg","caption":"Julien"},"description":"Je suis Julien, r\u00e9dacteur pour Vie Associative. Passionn\u00e9 par le monde associatif depuis plus de 10 ans, j'ai \u00e0 c\u0153ur de partager des histoires inspirantes et de mettre en lumi\u00e8re les initiatives locales. Mon objectif est de sensibiliser et d'encourager l'engagement communautaire \u00e0 travers mes articles.","sameAs":["https:\/\/vieassociative.be\/"]}]}},"_links":{"self":[{"href":"https:\/\/vieassociative.be\/actualites\/wp-json\/wp\/v2\/posts\/9100"}],"collection":[{"href":"https:\/\/vieassociative.be\/actualites\/wp-json\/wp\/v2\/posts"}],"about":[{"href":"https:\/\/vieassociative.be\/actualites\/wp-json\/wp\/v2\/types\/post"}],"author":[{"embeddable":true,"href":"https:\/\/vieassociative.be\/actualites\/wp-json\/wp\/v2\/users\/1"}],"replies":[{"embeddable":true,"href":"https:\/\/vieassociative.be\/actualites\/wp-json\/wp\/v2\/comments?post=9100"}],"version-history":[{"count":0,"href":"https:\/\/vieassociative.be\/actualites\/wp-json\/wp\/v2\/posts\/9100\/revisions"}],"wp:featuredmedia":[{"embeddable":true,"href":"https:\/\/vieassociative.be\/actualites\/wp-json\/wp\/v2\/media\/9101"}],"wp:attachment":[{"href":"https:\/\/vieassociative.be\/actualites\/wp-json\/wp\/v2\/media?parent=9100"}],"wp:term":[{"taxonomy":"category","embeddable":true,"href":"https:\/\/vieassociative.be\/actualites\/wp-json\/wp\/v2\/categories?post=9100"},{"taxonomy":"post_tag","embeddable":true,"href":"https:\/\/vieassociative.be\/actualites\/wp-json\/wp\/v2\/tags?post=9100"}],"curies":[{"name":"wp","href":"https:\/\/api.w.org\/{rel}","templated":true}]}}