{"id":9098,"date":"2025-07-30T09:18:23","date_gmt":"2025-07-30T07:18:23","guid":{"rendered":"https:\/\/vieassociative.be\/actualites\/mes-six-assaisonnements-preferes-pour-les-frites-de-frite\/"},"modified":"2025-07-30T09:18:23","modified_gmt":"2025-07-30T07:18:23","slug":"mes-six-assaisonnements-preferes-pour-les-frites-de-frite","status":"publish","type":"post","link":"https:\/\/vieassociative.be\/actualites\/mes-six-assaisonnements-preferes-pour-les-frites-de-frite\/","title":{"rendered":"Mes six assaisonnements pr\u00e9f\u00e9r\u00e9s pour les frites de frite"},"content":{"rendered":"<div class=\"mt-4 leading-6 md:mb-8\">Voici ce que j&rsquo;utilise pour rendre ma friteuse \u00e0 air les frites plus savoureuses, \u00e9pic\u00e9es ou m\u00eame sucr\u00e9es.<\/div>\n<p><\/p>\n<p>Bien qu&rsquo;il y ait des formes et des tailles sans fin pour les frites \u00e0 \u00e9picerie surgel\u00e9es, il y a une s\u00e9lection limit\u00e9e de saveurs. Je pense que le plus de branchement que j&rsquo;ai vu dans les compagnies de frite est le poivre noir et l&rsquo;assaisonnement orange un peu docile sur les frites boucl\u00e9es. Pour une collation aussi tr\u00e8s appr\u00e9ci\u00e9e, nous avons vraiment pris un si\u00e8ge arri\u00e8re sur l&rsquo;exploration des saveurs. Les frites sont la puce de tortilla de l&rsquo;all\u00e9e du cong\u00e9lateur &#8211; les donnent un assaisonnement au niveau des takis (ou du moins au niveau du ma\u00efs de la bouilloire). Voici quelques fa\u00e7ons de faire preuve de cr\u00e9ativit\u00e9 avec votre prochain lot de frites. <\/p>\n<p>Naturellement, je fais mes frites gel\u00e9es dans la friteuse \u00e0 air. Bien s\u00fbr, vous pouvez utiliser votre four conventionnel, mais si vous avez une friteuse \u00e0 air, ne vous volez pas le temps et ne croquez pas. Les frites aux frites \u00e0 air sont toujours sup\u00e9rieures et prennent une fraction du temps des frites r\u00f4ties au four. C&rsquo;est m\u00eame la meilleure fa\u00e7on de revitaliser les frites d\u00e9tremp\u00e9es, froides et restantes le lendemain. Si vous magasinez pour une friteuse \u00e0 air, jetez un \u0153il \u00e0 mon tour d&rsquo;horizon et aux critiques de mes meilleurs choix de friteaux pour cette ann\u00e9e.<\/p>\n<h2 id=\"best-seasonings-for-air-fryer-french-fries\">Meilleurs assaisonnements pour les frites de frite<\/h2>\n<div class=\"eloquent-imagery-image\">\n<div class=\"flex justify-center\">\n                    <img decoding=\"async\" class=\"border border-gray-100\" src=\"https:\/\/vieassociative.be\/actualites\/wp-content\/uploads\/2025\/07\/Mes-six-assaisonnements-preferes-pour-les-frites-de-frite.jpg\" alt=\"Des frites avec une poudre rouge jet\u00e9e sur le dessus.\" width=\"2000\" height=\"1124\" loading=\"lazy\"  >\n            <\/div>\n<\/p><\/div>\n<p>Pour appliquer des poudres d&rsquo;assaisonnement \u00e0 sec, j&rsquo;ajoute g\u00e9n\u00e9ralement les frites chaudes \u00e0 un grand bol \u00e0 m\u00e9langer et secoue largement la poudre autour de la surface. Ensuite, utilisez le bol pour jeter les frites et enrober plus uniform\u00e9ment. Si vous voulez que la poudre colle encore mieux, envisagez d&rsquo;utiliser un pulv\u00e9risateur d&rsquo;huile pour donner aux frites un rev\u00eatement <em>avant<\/em> Ils vont dans la friteuse \u00e0 air. Ils conserveront une partie de cette huile suppl\u00e9mentaire lorsque vous lancerez la poussi\u00e8re d&rsquo;assaisonnement plus tard et la poudre collera dans une couche plus \u00e9paisse. Le rapport de poudre \u00e0 faire frire est personnel, mais je trouve que les erreurs du c\u00f4t\u00e9 de plus &#8211; c&rsquo;est mieux fonctionne mieux pour moi.<\/p>\n<h3>Poudre de bouillon<\/h3>\n<p>Si vous pensiez que les frites savoureuses signifiaient ajouter du sel, mon gar\u00e7on vous manque. Vous pouvez rendre vos frites un peu plus charni\u00e8res avec une secousse de poudre de bouillon. J&rsquo;utilise la poudre de bouillon aromatis\u00e9e du poulet Maggi qui est une poudre l\u00e2che. Vous pouvez utiliser les cubes secs (pas les trucs semi-hydrat\u00e9s) et les \u00e9craser en poudre si vous ne trouvez pas les trucs l\u00e2ches. <\/p>\n<h3>Poudre de vinaigrette de ranch<\/h3>\n<p>Pas de surprise ici, mais la vinaigrette du ranch est un plaisir de foule, m\u00eame lorsqu&rsquo;il est sec. Je pense que c&rsquo;est le babeurre. Utilisez la m\u00eame m\u00e9thode pour \u00e9pousseter la poudre sur votre bol de frites fra\u00eechement frites et m\u00e9langer.<\/p>\n<h3>Tajin<\/h3>\n<div class=\"eloquent-imagery-image\">\n<div class=\"flex justify-center\">\n                    <img decoding=\"async\" class=\"border border-gray-100\" src=\"https:\/\/vieassociative.be\/actualites\/wp-content\/uploads\/2025\/07\/1753859903_868_Mes-six-assaisonnements-preferes-pour-les-frites-de-frite.jpg\" alt=\"Tajin dans un petit mortier et pilon.\" width=\"2000\" height=\"1124\" loading=\"lazy\"  >\n            <\/div>\n<\/p><\/div>\n<p>Je n&rsquo;aime pas les jantes Tajin sur mes cocktails mais je <em>faire<\/em> J&rsquo;adore la poudre de tajin sur mes frites. Si vous n&rsquo;avez pas suivi l&rsquo;engouement Taijn, c&rsquo;est une poudre rouge vif qui m\u00e9lange les assaisonnements \u00e9pic\u00e9s avec de l&rsquo;acide citrique. C&rsquo;est une touche aigre avec une finition \u00e9pic\u00e9e, et le combo \u00e9pineux est irr\u00e9sistible sur les frites. <\/p>\n<p>Tajin est de la poudre mais c&rsquo;est une taille granule plus grande que quelque chose comme la poudre de vinaigrette de ranch. J&rsquo;ai deux tactiques pour l&rsquo;aider \u00e0 respecter les frites. Je recommande d&rsquo;utiliser un spritz d&rsquo;huile sur les frites avant de frire pour que la poudre colle mieux plus tard. En conjonction avec cela, utilisez un mortier et un pilon pour broyer le tajin en une poudre encore plus fine. Si vous ne trouvez pas de tajin, vous pouvez reproduire le profil de saveur avec une forte pression de jus de citron vert et un m\u00e9lange de sel et de poudre de cayenne saupoudr\u00e9 sur les frites.<\/p>\n<h3>Buldak (ou autre) paquet d&rsquo;assaisonnement ramen<\/h3>\n<div class=\"eloquent-imagery-image\">\n<div class=\"flex justify-center\">\n                    <img decoding=\"async\" class=\"border border-gray-100\" src=\"https:\/\/vieassociative.be\/actualites\/wp-content\/uploads\/2025\/07\/1753859903_909_Mes-six-assaisonnements-preferes-pour-les-frites-de-frite.jpg\" alt=\"Un petit paquet d'assaisonnement de fromage Buldak devant un bol de frites.\" width=\"2000\" height=\"1124\" loading=\"lazy\"  >\n            <\/div>\n<\/p><\/div>\n<p>C&rsquo;est presque comme les trois anciennes suggestions qui ont toutes roul\u00e9es en une seule. Les paquets sal\u00e9s, \u00e9pic\u00e9s, aigres et un peu cr\u00e9meux, les ramen Buldak ont des paquets d&rsquo;assaisonnement sec nich\u00e9s \u00e0 l&rsquo;int\u00e9rieur avec les nouilles. Ils sont essentiellement de la poudre de bouillon, mais les nouilles instantan\u00e9es de la marque Buldak et Shin incluent toujours un \u00e9l\u00e9ment \u00e9pic\u00e9 ou ont un paquet d&rsquo;\u00e9pices en option. Mon Buldak \u00e9tait du fromage \u00abQuattro\u00bb et est venu avec une poudre de fromage savoureuse que j&rsquo;ai jet\u00e9 sur mes frites coup\u00e9es droites. <\/p>\n<h3>Sucre \u00e0 la cannelle<\/h3>\n<div class=\"eloquent-imagery-image\">\n<div class=\"flex justify-center\">\n                    <img decoding=\"async\" class=\"border border-gray-100\" src=\"https:\/\/vieassociative.be\/actualites\/wp-content\/uploads\/2025\/07\/1753859903_728_Mes-six-assaisonnements-preferes-pour-les-frites-de-frite.jpg\" alt=\"Des frites de gaufres saupoudr\u00e9es de sucre en poudre.\" width=\"2000\" height=\"1124\" loading=\"lazy\"  >\n            <\/div>\n<\/p><\/div>\n<p>Restez avec moi \u00e0 ce sujet. Les frites de sucre \u00e0 la cannelle sont en fait super. Si nous sommes tous d&rsquo;accord avec quelque chose comme le poulet sucr\u00e9 et aigre et les nach\u00e9s rapides (beignets \u00e0 base de pommes de terre), vous pouvez accepter l&rsquo;id\u00e9e d&rsquo;ajouter du sucre \u00e0 vos frites. <\/p>\n<p>J&rsquo;ajouterai quelques cuill\u00e8res \u00e0 caf\u00e9 de sucre, une pinc\u00e9e de sel et une lourde secousse de cannelle \u00e0 mon mortier et \u00e0 mon pilon, et je la broyez en poudre fine. Vous pouvez utiliser du sucre en poudre et de la cannelle \u00e0 la place si vous n&rsquo;avez pas de mortier et de pilon. D\u00e9poussi\u00e9rez-le sur vos frites et profitez d&rsquo;une version de pommes de terre du g\u00e2teau en entonnoir. <\/p>\n<h3>Sel et vinaigre<\/h3>\n<p>Je sais que ce n&rsquo;est pas tout \u00e0 fait nouveau, mais pensez \u00e0 cela comme un rappel que vous pouvez ajouter du sel et du vinaigre \u00e0 vos frites \u00e0 la maison. Je l&rsquo;ai fait pour des frites r\u00f4ties au four il y a quelque temps il y a quelque temps, mais cela fonctionne aussi bien dans la friteuse \u00e0 air. Faites cela en tant que pr\u00e9traitement ou poste. Si vous n&rsquo;aimez pas d&rsquo;abord les frites mouill\u00e9es, arrosez d&rsquo;abord de du vinaigre sur vos frites congel\u00e9es, ajoutez-les \u00e0 la friteuse \u00e0 cuire. Apr\u00e8s leur sortie, jetez-les rapidement avec du sel. La morsure de vinaigre est beaucoup plus douce de cette fa\u00e7on. Si vous aimez l&rsquo;exp\u00e9rience du vinaigre pointu, utilisez une bouteille de spritz ou arrosez du vinaigre de malt sur vos frites apr\u00e8s leur sortie de la friteuse \u00e0 air et terminez avec du sel. <\/p>\n<p>Ce sont mes exp\u00e9riences d&rsquo;assaisonnement Fry pr\u00e9f\u00e9r\u00e9es jusqu&rsquo;\u00e0 pr\u00e9sent, mais gardez \u00e0 l&rsquo;esprit que vous pouvez prendre la m\u00e9thode de base et courir avec pour r\u00e9pondre \u00e0 vos go\u00fbts. La cl\u00e9, comme avec l&rsquo;ajout d&rsquo;assaisonnement aux croustilles de pop-corn ou de tortilla, est d&rsquo;utiliser une poudre fine afin qu&rsquo;elle colle \u00e0 la surface, ou cr\u00e9ant un l\u00e9ger \u00abadh\u00e9sif\u00bb avec une brume d&rsquo;huile ou une pinc\u00e9e de liquide (comme le jus de lime ou le vinaigre) afin que l&rsquo;assaisonnement sec puisse s&rsquo;en tenir \u00e0 cela. <\/p>\n","protected":false},"excerpt":{"rendered":"<p>Voici ce que j&rsquo;utilise pour rendre ma friteuse \u00e0 air les frites plus savoureuses, \u00e9pic\u00e9es ou m\u00eame sucr\u00e9es. Bien qu&rsquo;il y ait des formes et<\/p>\n","protected":false},"author":1,"featured_media":9099,"comment_status":"","ping_status":"","sticky":false,"template":"","format":"standard","meta":{"footnotes":""},"categories":[1],"tags":[7961,7962,6211,14,87,81,89],"class_list":["post-9098","post","type-post","status-publish","format-standard","has-post-thumbnail","hentry","category-non-classe","tag-assaisonnements","tag-frite","tag-frites","tag-les","tag-mes","tag-pour","tag-preferes","generate-columns","tablet-grid-50","mobile-grid-100","grid-parent","grid-33"],"yoast_head":"<!-- This site is optimized with the Yoast SEO plugin v24.0 - https:\/\/yoast.com\/wordpress\/plugins\/seo\/ -->\n<title>Mes six assaisonnements pr\u00e9f\u00e9r\u00e9s pour les frites de frite | Vie Associative<\/title>\n<meta name=\"robots\" content=\"index, follow, max-snippet:-1, max-image-preview:large, max-video-preview:-1\" \/>\n<link rel=\"canonical\" href=\"https:\/\/vieassociative.be\/actualites\/mes-six-assaisonnements-preferes-pour-les-frites-de-frite\/\" \/>\n<meta property=\"og:locale\" content=\"fr_FR\" \/>\n<meta property=\"og:type\" content=\"article\" \/>\n<meta property=\"og:title\" content=\"Mes six assaisonnements pr\u00e9f\u00e9r\u00e9s pour les frites de frite | Vie Associative\" \/>\n<meta property=\"og:description\" content=\"Voici ce que j&rsquo;utilise pour rendre ma friteuse \u00e0 air les frites plus savoureuses, \u00e9pic\u00e9es ou m\u00eame sucr\u00e9es. Bien qu&rsquo;il y ait des formes et\" \/>\n<meta property=\"og:url\" content=\"https:\/\/vieassociative.be\/actualites\/mes-six-assaisonnements-preferes-pour-les-frites-de-frite\/\" \/>\n<meta property=\"og:site_name\" content=\"Vie Associative\" \/>\n<meta property=\"article:published_time\" content=\"2025-07-30T07:18:23+00:00\" \/>\n<meta property=\"og:image\" content=\"https:\/\/vieassociative.be\/actualites\/wp-content\/uploads\/2025\/07\/Mes-six-assaisonnements-preferes-pour-les-frites-de-frite.jpg\" \/>\n<meta name=\"author\" content=\"Julien\" \/>\n<meta name=\"twitter:card\" content=\"summary_large_image\" \/>\n<meta name=\"twitter:label1\" content=\"\u00c9crit par\" \/>\n\t<meta name=\"twitter:data1\" content=\"Julien\" \/>\n\t<meta name=\"twitter:label2\" content=\"Dur\u00e9e de lecture est.\" \/>\n\t<meta name=\"twitter:data2\" content=\"6 minutes\" \/>\n<script type=\"application\/ld+json\" class=\"yoast-schema-graph\">{\"@context\":\"https:\/\/schema.org\",\"@graph\":[{\"@type\":\"Article\",\"@id\":\"https:\/\/vieassociative.be\/actualites\/mes-six-assaisonnements-preferes-pour-les-frites-de-frite\/#article\",\"isPartOf\":{\"@id\":\"https:\/\/vieassociative.be\/actualites\/mes-six-assaisonnements-preferes-pour-les-frites-de-frite\/\"},\"author\":{\"name\":\"Julien\",\"@id\":\"https:\/\/vieassociative.be\/actualites\/#\/schema\/person\/b87ac4f82f9d4e7b7cec7395b679edc4\"},\"headline\":\"Mes six assaisonnements pr\u00e9f\u00e9r\u00e9s pour les frites de frite\",\"datePublished\":\"2025-07-30T07:18:23+00:00\",\"dateModified\":\"2025-07-30T07:18:23+00:00\",\"mainEntityOfPage\":{\"@id\":\"https:\/\/vieassociative.be\/actualites\/mes-six-assaisonnements-preferes-pour-les-frites-de-frite\/\"},\"wordCount\":1215,\"publisher\":{\"@id\":\"https:\/\/vieassociative.be\/actualites\/#organization\"},\"image\":{\"@id\":\"https:\/\/vieassociative.be\/actualites\/mes-six-assaisonnements-preferes-pour-les-frites-de-frite\/#primaryimage\"},\"thumbnailUrl\":\"https:\/\/vieassociative.be\/actualites\/wp-content\/uploads\/2025\/07\/1753859905_Mes-six-assaisonnements-preferes-pour-les-frites-de-frite.jpg\",\"keywords\":[\"assaisonnements\",\"frite\",\"frites\",\"Les\",\"Mes\",\"pour\",\"pr\u00e9f\u00e9r\u00e9s\"],\"inLanguage\":\"fr-BE\"},{\"@type\":\"WebPage\",\"@id\":\"https:\/\/vieassociative.be\/actualites\/mes-six-assaisonnements-preferes-pour-les-frites-de-frite\/\",\"url\":\"https:\/\/vieassociative.be\/actualites\/mes-six-assaisonnements-preferes-pour-les-frites-de-frite\/\",\"name\":\"Mes six assaisonnements pr\u00e9f\u00e9r\u00e9s pour les frites de frite | Vie Associative\",\"isPartOf\":{\"@id\":\"https:\/\/vieassociative.be\/actualites\/#website\"},\"primaryImageOfPage\":{\"@id\":\"https:\/\/vieassociative.be\/actualites\/mes-six-assaisonnements-preferes-pour-les-frites-de-frite\/#primaryimage\"},\"image\":{\"@id\":\"https:\/\/vieassociative.be\/actualites\/mes-six-assaisonnements-preferes-pour-les-frites-de-frite\/#primaryimage\"},\"thumbnailUrl\":\"https:\/\/vieassociative.be\/actualites\/wp-content\/uploads\/2025\/07\/1753859905_Mes-six-assaisonnements-preferes-pour-les-frites-de-frite.jpg\",\"datePublished\":\"2025-07-30T07:18:23+00:00\",\"dateModified\":\"2025-07-30T07:18:23+00:00\",\"breadcrumb\":{\"@id\":\"https:\/\/vieassociative.be\/actualites\/mes-six-assaisonnements-preferes-pour-les-frites-de-frite\/#breadcrumb\"},\"inLanguage\":\"fr-BE\",\"potentialAction\":[{\"@type\":\"ReadAction\",\"target\":[\"https:\/\/vieassociative.be\/actualites\/mes-six-assaisonnements-preferes-pour-les-frites-de-frite\/\"]}]},{\"@type\":\"ImageObject\",\"inLanguage\":\"fr-BE\",\"@id\":\"https:\/\/vieassociative.be\/actualites\/mes-six-assaisonnements-preferes-pour-les-frites-de-frite\/#primaryimage\",\"url\":\"https:\/\/vieassociative.be\/actualites\/wp-content\/uploads\/2025\/07\/1753859905_Mes-six-assaisonnements-preferes-pour-les-frites-de-frite.jpg\",\"contentUrl\":\"https:\/\/vieassociative.be\/actualites\/wp-content\/uploads\/2025\/07\/1753859905_Mes-six-assaisonnements-preferes-pour-les-frites-de-frite.jpg\",\"width\":1200,\"height\":675,\"caption\":\"Mes six assaisonnements pr\u00e9f\u00e9r\u00e9s pour les frites de frite\"},{\"@type\":\"BreadcrumbList\",\"@id\":\"https:\/\/vieassociative.be\/actualites\/mes-six-assaisonnements-preferes-pour-les-frites-de-frite\/#breadcrumb\",\"itemListElement\":[{\"@type\":\"ListItem\",\"position\":1,\"name\":\"Accueil\",\"item\":\"https:\/\/vieassociative.be\/actualites\/\"},{\"@type\":\"ListItem\",\"position\":2,\"name\":\"Mes six assaisonnements pr\u00e9f\u00e9r\u00e9s pour les frites de frite\"}]},{\"@type\":\"WebSite\",\"@id\":\"https:\/\/vieassociative.be\/actualites\/#website\",\"url\":\"https:\/\/vieassociative.be\/actualites\/\",\"name\":\"Vie Associative\",\"description\":\"\",\"publisher\":{\"@id\":\"https:\/\/vieassociative.be\/actualites\/#organization\"},\"potentialAction\":[{\"@type\":\"SearchAction\",\"target\":{\"@type\":\"EntryPoint\",\"urlTemplate\":\"https:\/\/vieassociative.be\/actualites\/?s={search_term_string}\"},\"query-input\":{\"@type\":\"PropertyValueSpecification\",\"valueRequired\":true,\"valueName\":\"search_term_string\"}}],\"inLanguage\":\"fr-BE\"},{\"@type\":\"Organization\",\"@id\":\"https:\/\/vieassociative.be\/actualites\/#organization\",\"name\":\"Vie Associative\",\"url\":\"https:\/\/vieassociative.be\/actualites\/\",\"logo\":{\"@type\":\"ImageObject\",\"inLanguage\":\"fr-BE\",\"@id\":\"https:\/\/vieassociative.be\/actualites\/#\/schema\/logo\/image\/\",\"url\":\"https:\/\/vieassociative.be\/actualites\/wp-content\/uploads\/2024\/09\/cropped-vieassociative_favicon.ico.png\",\"contentUrl\":\"https:\/\/vieassociative.be\/actualites\/wp-content\/uploads\/2024\/09\/cropped-vieassociative_favicon.ico.png\",\"width\":512,\"height\":512,\"caption\":\"Vie Associative\"},\"image\":{\"@id\":\"https:\/\/vieassociative.be\/actualites\/#\/schema\/logo\/image\/\"}},{\"@type\":\"Person\",\"@id\":\"https:\/\/vieassociative.be\/actualites\/#\/schema\/person\/b87ac4f82f9d4e7b7cec7395b679edc4\",\"name\":\"Julien\",\"image\":{\"@type\":\"ImageObject\",\"inLanguage\":\"fr-BE\",\"@id\":\"https:\/\/vieassociative.be\/actualites\/#\/schema\/person\/image\/\",\"url\":\"https:\/\/vieassociative.be\/actualites\/wp-content\/uploads\/2024\/09\/vie-associative-1-150x150.jpg\",\"contentUrl\":\"https:\/\/vieassociative.be\/actualites\/wp-content\/uploads\/2024\/09\/vie-associative-1-150x150.jpg\",\"caption\":\"Julien\"},\"description\":\"Je suis Julien, r\u00e9dacteur pour Vie Associative. Passionn\u00e9 par le monde associatif depuis plus de 10 ans, j'ai \u00e0 c\u0153ur de partager des histoires inspirantes et de mettre en lumi\u00e8re les initiatives locales. Mon objectif est de sensibiliser et d'encourager l'engagement communautaire \u00e0 travers mes articles.\",\"sameAs\":[\"https:\/\/vieassociative.be\/\"]}]}<\/script>\n<!-- \/ Yoast SEO plugin. -->","yoast_head_json":{"title":"Mes six assaisonnements pr\u00e9f\u00e9r\u00e9s pour les frites de frite | Vie Associative","robots":{"index":"index","follow":"follow","max-snippet":"max-snippet:-1","max-image-preview":"max-image-preview:large","max-video-preview":"max-video-preview:-1"},"canonical":"https:\/\/vieassociative.be\/actualites\/mes-six-assaisonnements-preferes-pour-les-frites-de-frite\/","og_locale":"fr_FR","og_type":"article","og_title":"Mes six assaisonnements pr\u00e9f\u00e9r\u00e9s pour les frites de frite | Vie Associative","og_description":"Voici ce que j&rsquo;utilise pour rendre ma friteuse \u00e0 air les frites plus savoureuses, \u00e9pic\u00e9es ou m\u00eame sucr\u00e9es. Bien qu&rsquo;il y ait des formes et","og_url":"https:\/\/vieassociative.be\/actualites\/mes-six-assaisonnements-preferes-pour-les-frites-de-frite\/","og_site_name":"Vie Associative","article_published_time":"2025-07-30T07:18:23+00:00","og_image":[{"url":"https:\/\/vieassociative.be\/actualites\/wp-content\/uploads\/2025\/07\/Mes-six-assaisonnements-preferes-pour-les-frites-de-frite.jpg","type":"","width":"","height":""}],"author":"Julien","twitter_card":"summary_large_image","twitter_misc":{"\u00c9crit par":"Julien","Dur\u00e9e de lecture est.":"6 minutes"},"schema":{"@context":"https:\/\/schema.org","@graph":[{"@type":"Article","@id":"https:\/\/vieassociative.be\/actualites\/mes-six-assaisonnements-preferes-pour-les-frites-de-frite\/#article","isPartOf":{"@id":"https:\/\/vieassociative.be\/actualites\/mes-six-assaisonnements-preferes-pour-les-frites-de-frite\/"},"author":{"name":"Julien","@id":"https:\/\/vieassociative.be\/actualites\/#\/schema\/person\/b87ac4f82f9d4e7b7cec7395b679edc4"},"headline":"Mes six assaisonnements pr\u00e9f\u00e9r\u00e9s pour les frites de frite","datePublished":"2025-07-30T07:18:23+00:00","dateModified":"2025-07-30T07:18:23+00:00","mainEntityOfPage":{"@id":"https:\/\/vieassociative.be\/actualites\/mes-six-assaisonnements-preferes-pour-les-frites-de-frite\/"},"wordCount":1215,"publisher":{"@id":"https:\/\/vieassociative.be\/actualites\/#organization"},"image":{"@id":"https:\/\/vieassociative.be\/actualites\/mes-six-assaisonnements-preferes-pour-les-frites-de-frite\/#primaryimage"},"thumbnailUrl":"https:\/\/vieassociative.be\/actualites\/wp-content\/uploads\/2025\/07\/1753859905_Mes-six-assaisonnements-preferes-pour-les-frites-de-frite.jpg","keywords":["assaisonnements","frite","frites","Les","Mes","pour","pr\u00e9f\u00e9r\u00e9s"],"inLanguage":"fr-BE"},{"@type":"WebPage","@id":"https:\/\/vieassociative.be\/actualites\/mes-six-assaisonnements-preferes-pour-les-frites-de-frite\/","url":"https:\/\/vieassociative.be\/actualites\/mes-six-assaisonnements-preferes-pour-les-frites-de-frite\/","name":"Mes six assaisonnements pr\u00e9f\u00e9r\u00e9s pour les frites de frite | Vie Associative","isPartOf":{"@id":"https:\/\/vieassociative.be\/actualites\/#website"},"primaryImageOfPage":{"@id":"https:\/\/vieassociative.be\/actualites\/mes-six-assaisonnements-preferes-pour-les-frites-de-frite\/#primaryimage"},"image":{"@id":"https:\/\/vieassociative.be\/actualites\/mes-six-assaisonnements-preferes-pour-les-frites-de-frite\/#primaryimage"},"thumbnailUrl":"https:\/\/vieassociative.be\/actualites\/wp-content\/uploads\/2025\/07\/1753859905_Mes-six-assaisonnements-preferes-pour-les-frites-de-frite.jpg","datePublished":"2025-07-30T07:18:23+00:00","dateModified":"2025-07-30T07:18:23+00:00","breadcrumb":{"@id":"https:\/\/vieassociative.be\/actualites\/mes-six-assaisonnements-preferes-pour-les-frites-de-frite\/#breadcrumb"},"inLanguage":"fr-BE","potentialAction":[{"@type":"ReadAction","target":["https:\/\/vieassociative.be\/actualites\/mes-six-assaisonnements-preferes-pour-les-frites-de-frite\/"]}]},{"@type":"ImageObject","inLanguage":"fr-BE","@id":"https:\/\/vieassociative.be\/actualites\/mes-six-assaisonnements-preferes-pour-les-frites-de-frite\/#primaryimage","url":"https:\/\/vieassociative.be\/actualites\/wp-content\/uploads\/2025\/07\/1753859905_Mes-six-assaisonnements-preferes-pour-les-frites-de-frite.jpg","contentUrl":"https:\/\/vieassociative.be\/actualites\/wp-content\/uploads\/2025\/07\/1753859905_Mes-six-assaisonnements-preferes-pour-les-frites-de-frite.jpg","width":1200,"height":675,"caption":"Mes six assaisonnements pr\u00e9f\u00e9r\u00e9s pour les frites de frite"},{"@type":"BreadcrumbList","@id":"https:\/\/vieassociative.be\/actualites\/mes-six-assaisonnements-preferes-pour-les-frites-de-frite\/#breadcrumb","itemListElement":[{"@type":"ListItem","position":1,"name":"Accueil","item":"https:\/\/vieassociative.be\/actualites\/"},{"@type":"ListItem","position":2,"name":"Mes six assaisonnements pr\u00e9f\u00e9r\u00e9s pour les frites de frite"}]},{"@type":"WebSite","@id":"https:\/\/vieassociative.be\/actualites\/#website","url":"https:\/\/vieassociative.be\/actualites\/","name":"Vie Associative","description":"","publisher":{"@id":"https:\/\/vieassociative.be\/actualites\/#organization"},"potentialAction":[{"@type":"SearchAction","target":{"@type":"EntryPoint","urlTemplate":"https:\/\/vieassociative.be\/actualites\/?s={search_term_string}"},"query-input":{"@type":"PropertyValueSpecification","valueRequired":true,"valueName":"search_term_string"}}],"inLanguage":"fr-BE"},{"@type":"Organization","@id":"https:\/\/vieassociative.be\/actualites\/#organization","name":"Vie Associative","url":"https:\/\/vieassociative.be\/actualites\/","logo":{"@type":"ImageObject","inLanguage":"fr-BE","@id":"https:\/\/vieassociative.be\/actualites\/#\/schema\/logo\/image\/","url":"https:\/\/vieassociative.be\/actualites\/wp-content\/uploads\/2024\/09\/cropped-vieassociative_favicon.ico.png","contentUrl":"https:\/\/vieassociative.be\/actualites\/wp-content\/uploads\/2024\/09\/cropped-vieassociative_favicon.ico.png","width":512,"height":512,"caption":"Vie Associative"},"image":{"@id":"https:\/\/vieassociative.be\/actualites\/#\/schema\/logo\/image\/"}},{"@type":"Person","@id":"https:\/\/vieassociative.be\/actualites\/#\/schema\/person\/b87ac4f82f9d4e7b7cec7395b679edc4","name":"Julien","image":{"@type":"ImageObject","inLanguage":"fr-BE","@id":"https:\/\/vieassociative.be\/actualites\/#\/schema\/person\/image\/","url":"https:\/\/vieassociative.be\/actualites\/wp-content\/uploads\/2024\/09\/vie-associative-1-150x150.jpg","contentUrl":"https:\/\/vieassociative.be\/actualites\/wp-content\/uploads\/2024\/09\/vie-associative-1-150x150.jpg","caption":"Julien"},"description":"Je suis Julien, r\u00e9dacteur pour Vie Associative. Passionn\u00e9 par le monde associatif depuis plus de 10 ans, j'ai \u00e0 c\u0153ur de partager des histoires inspirantes et de mettre en lumi\u00e8re les initiatives locales. Mon objectif est de sensibiliser et d'encourager l'engagement communautaire \u00e0 travers mes articles.","sameAs":["https:\/\/vieassociative.be\/"]}]}},"_links":{"self":[{"href":"https:\/\/vieassociative.be\/actualites\/wp-json\/wp\/v2\/posts\/9098"}],"collection":[{"href":"https:\/\/vieassociative.be\/actualites\/wp-json\/wp\/v2\/posts"}],"about":[{"href":"https:\/\/vieassociative.be\/actualites\/wp-json\/wp\/v2\/types\/post"}],"author":[{"embeddable":true,"href":"https:\/\/vieassociative.be\/actualites\/wp-json\/wp\/v2\/users\/1"}],"replies":[{"embeddable":true,"href":"https:\/\/vieassociative.be\/actualites\/wp-json\/wp\/v2\/comments?post=9098"}],"version-history":[{"count":0,"href":"https:\/\/vieassociative.be\/actualites\/wp-json\/wp\/v2\/posts\/9098\/revisions"}],"wp:featuredmedia":[{"embeddable":true,"href":"https:\/\/vieassociative.be\/actualites\/wp-json\/wp\/v2\/media\/9099"}],"wp:attachment":[{"href":"https:\/\/vieassociative.be\/actualites\/wp-json\/wp\/v2\/media?parent=9098"}],"wp:term":[{"taxonomy":"category","embeddable":true,"href":"https:\/\/vieassociative.be\/actualites\/wp-json\/wp\/v2\/categories?post=9098"},{"taxonomy":"post_tag","embeddable":true,"href":"https:\/\/vieassociative.be\/actualites\/wp-json\/wp\/v2\/tags?post=9098"}],"curies":[{"name":"wp","href":"https:\/\/api.w.org\/{rel}","templated":true}]}}