{"id":9091,"date":"2025-07-29T22:17:24","date_gmt":"2025-07-29T20:17:24","guid":{"rendered":"https:\/\/vieassociative.be\/actualites\/dossier-de-visiteur-de-sondage-dans-spa-francorchamps-quest-ce-qui-pousse-tant-de-gens-sur-la-piste-de-course\/"},"modified":"2025-07-29T22:17:24","modified_gmt":"2025-07-29T20:17:24","slug":"dossier-de-visiteur-de-sondage-dans-spa-francorchamps-quest-ce-qui-pousse-tant-de-gens-sur-la-piste-de-course","status":"publish","type":"post","link":"https:\/\/vieassociative.be\/actualites\/dossier-de-visiteur-de-sondage-dans-spa-francorchamps-quest-ce-qui-pousse-tant-de-gens-sur-la-piste-de-course\/","title":{"rendered":"Dossier de visiteur de sondage dans Spa-Francorchamps: Qu&rsquo;est-ce qui pousse tant de gens sur la piste de course?"},"content":{"rendered":"<p><strong>Des centaines de milliers de spectateurs sur l&rsquo;hippodrome de Spa-Francorchamps: le Grand Prix 2025 a cr\u00e9\u00e9 un nouveau record de visiteurs le week-end dernier. Qu&rsquo;est-ce qui est si fascinant \u00e0 propos de la Formule 1 que les fans de sport automobile du monde entier affluent vers l&rsquo;hippodrome pour beaucoup d&rsquo;argent et avec un bon moment? Dans un vote, \u00abOrient Belgique directement\u00bb demande \u00e0 ses lecteurs. <\/strong><\/p>\n<p><span id=\"more-421296\"><\/span>Le Grand Prix de la Belgique 2025 a attir\u00e9 encore plus de spectateurs que l&rsquo;ann\u00e9e derni\u00e8re. Avec un nouveau record de visiteurs, un nouveau chapitre a \u00e9t\u00e9 ouvert dans l&rsquo;histoire de la piste de course fascinante.<\/p>\n<p>Avec 389 000 spectateurs ce week-end, l&rsquo;\u00e9dition 2025 a d\u00e9pass\u00e9 le record pr\u00e9c\u00e9dent de 380 000 spectateurs \u00e0 partir de 2024. Ce nombre impressionnant de visiteurs pr\u00e9sente le m\u00e9decin g\u00e9n\u00e9raliste de SPA devant des \u00e9v\u00e9nements majeurs tels que Tomorrowland et en fait l&rsquo;\u00e9v\u00e9nement le plus visit\u00e9 du pays un week-end.<\/p>\n<div id=\"attachment_421097\" class=\"wp-caption alignleft\" style=\"max-width: 300px\"><img fetchpriority=\"high\" decoding=\"async\" class=\"wp-image-421097 size-medium\" src=\"https:\/\/vieassociative.be\/actualites\/wp-content\/uploads\/2025\/07\/Dossier-de-visiteur-de-sondage-dans-Spa-Francorchamps-Quest-ce-qui-pousse.jpg\" alt=\"\" width=\"300\" height=\"184\"><\/div>\n<p>L&rsquo;enthousiasme pour la Formule 1 dans le SPA est ind\u00e9niable et est confirm\u00e9 ann\u00e9e apr\u00e8s ann\u00e9e, donc ce week-end sportif est devenu un ph\u00e9nom\u00e8ne du vrai.<\/p>\n<p>Malgr\u00e9 des conditions m\u00e9t\u00e9orologiques difficiles et des pluies persistantes, les spectateurs sont entr\u00e9s en masse depuis le d\u00e9but du week-end et ont transform\u00e9 l&rsquo;hippodrome en une mer de parapluies et de drapeaux.<\/p>\n<p>Malgr\u00e9 la pluie battante, des dizaines de milliers \u00e9taient \u00e9galement pr\u00e9sents sur la piste de course dimanche. Bien que le d\u00e9but de la course ait d\u00fb \u00eatre report\u00e9 en raison de la pluie, le public a patiemment attendu que la piste de course soit publi\u00e9e.<\/p>\n<p>Le grand afflux pour la course de Formule 1 est d&rsquo;autant plus \u00e9tonnant qu&rsquo;au moins en Belgique, tous les prix principaux sont diffus\u00e9s en direct, les co\u00fbts de la visite sont tr\u00e8s \u00e9lev\u00e9s et vous ne pouvez pas suivre les \u00e9v\u00e9nements de course sur place aussi pr\u00e9cis\u00e9ment que \u00e0 la t\u00e9l\u00e9vision. M\u00eame s&rsquo;il pleut en ruisseaux, la visite devient un v\u00e9ritable d\u00e9fi, d&rsquo;autant plus que toutes les courses n&rsquo;offrent pas la tension que vous esp\u00e9riez.<\/p>\n<p>La question se pose donc: qu&rsquo;est-ce qui pousse tant de fans de sport automobile \u00e0 l&rsquo;hippodrome de Formule 1 de Spa-Francorchamps? C&rsquo;est aussi ce que \u00abl&rsquo;est de la Belgique directement\u00bb demande \u00e0 ses lecteurs dans le vote.<\/p>\n<p><em>Votez maintenant. Comme toujours, vous avez plusieurs options de r\u00e9ponse. D\u00e8s que vous avez d\u00e9cid\u00e9 de r\u00e9pondre, vous devez confirmer votre choix en cliquant sur le champ \u00ab\u00a0Vote\u00a0\u00bb!<br \/>\n<\/em><\/p>\n<p><em><\/p>\n<div id=\"polls-82\" class=\"wp-polls\">\n<form id=\"polls_form_82\" class=\"wp-polls-form\" action=\"\/index.php\" method=\"post\">\n<p style=\"display: none;\"><input type=\"hidden\" id=\"poll_82_nonce\" name=\"wp-polls-nonce\" value=\"8d06bb28d5\"><\/p>\n<p style=\"display: none;\"><input type=\"hidden\" name=\"poll_id\" value=\"82\"><\/p>\n<h4>Cela vaut-il la peine de visiter la course de Formule 1 en spa malgr\u00e9 la pluie, le temps et les co\u00fbts?<\/h4>\n<div id=\"polls-82-ans\" class=\"wp-polls-ans\">\n<ul class=\"wp-polls-ul\" style=\"margin-top: 10px\">\n<li class=\"poll-question\">\n  <label><br \/>\n      <input type=\"radio\" id=\"poll-answer-493\" name=\"poll_82\" value=\"493\"><br \/>\n      <span><\/p>\n<p>        Oui &#8211; Pouvoir suivre le prix important sur place dans Spa -Francorchamps, sur la plus belle piste de course du monde, est une exp\u00e9rience unique. Cela ne peut pas offrir de t\u00e9l\u00e9vision.<br \/>\n      <\/span><br \/>\n  <\/label>\n<\/li>\n<li class=\"poll-question\">\n  <label><br \/>\n      <input type=\"radio\" id=\"poll-answer-494\" name=\"poll_82\" value=\"494\"><br \/>\n      <span><\/p>\n<p>        Non &#8211; Je pr\u00e9f\u00e8re regarder la course \u00e0 la t\u00e9l\u00e9vision, vous pouvez en voir plus, vous ne perdez pas autant de temps et vous \u00e9conomisez beaucoup d&rsquo;argent.<br \/>\n      <\/span><br \/>\n  <\/label>\n<\/li>\n<li class=\"poll-question\">\n  <label><br \/>\n      <input type=\"radio\" id=\"poll-answer-495\" name=\"poll_82\" value=\"495\"><br \/>\n      <span><\/p>\n<p>        Je ne regarde pas la course sur place ou \u00e0 la t\u00e9l\u00e9vision. Je ne suis pas int\u00e9ress\u00e9 par la formule 1 ou plus.<br \/>\n      <\/span><br \/>\n  <\/label>\n<\/li>\n<li class=\"poll-question\">\n  <label><br \/>\n      <input type=\"radio\" id=\"poll-answer-497\" name=\"poll_82\" value=\"497\"><br \/>\n      <span><\/p>\n<p>        Je n&rsquo;ai aucune opinion \/ Je m&rsquo;en fiche.<br \/>\n      <\/span><br \/>\n  <\/label>\n<\/li>\n<\/ul>\n<div class=\"text-center\">\n<input type=\"button\" name=\"vote\" value=\" Abstimmen \" class=\"button\" onclick=\"poll_vote(82);\">\n<\/div>\n<\/div><\/form>\n<\/div>\n<div id=\"polls-82-loading\" class=\"wp-polls-loading\"><img decoding=\"async\" src=\"https:\/\/vieassociative.be\/actualites\/wp-content\/uploads\/2025\/06\/Enquete-Qui-des-dix-entraineurs-de-lAS-Eupen-depuis.gif\" width=\"16\" height=\"16\" alt=\"Est le chargement ...\" title=\"Est le chargement ...\" class=\"wp-polls-image\"> Est le chargement &#8230;<\/div>\n<p>\n<\/em><\/p>\n","protected":false},"excerpt":{"rendered":"<p>Des centaines de milliers de spectateurs sur l&rsquo;hippodrome de Spa-Francorchamps: le Grand Prix 2025 a cr\u00e9\u00e9 un nouveau record de visiteurs le week-end dernier. Qu&rsquo;est-ce<\/p>\n","protected":false},"author":1,"featured_media":9041,"comment_status":"","ping_status":"","sticky":false,"template":"","format":"standard","meta":{"footnotes":""},"categories":[298],"tags":[166,6301,1046,4029,7348,2006,99,7957,4612,33,1745,7956],"class_list":["post-9091","post","type-post","status-publish","format-standard","has-post-thumbnail","hentry","category-belgique","tag-dans","tag-dossier","tag-gens","tag-piste","tag-pousse","tag-questce","tag-qui","tag-sondage","tag-spafrancorchamps","tag-sur","tag-tant","tag-visiteur","generate-columns","tablet-grid-50","mobile-grid-100","grid-parent","grid-33"],"yoast_head":"<!-- This site is optimized with the Yoast SEO plugin v24.0 - https:\/\/yoast.com\/wordpress\/plugins\/seo\/ -->\n<title>Dossier de visiteur de sondage dans Spa-Francorchamps: Qu&#039;est-ce qui pousse tant de gens sur la piste de course? | Vie Associative<\/title>\n<meta name=\"robots\" content=\"index, follow, max-snippet:-1, max-image-preview:large, max-video-preview:-1\" \/>\n<link rel=\"canonical\" href=\"https:\/\/vieassociative.be\/actualites\/dossier-de-visiteur-de-sondage-dans-spa-francorchamps-quest-ce-qui-pousse-tant-de-gens-sur-la-piste-de-course\/\" \/>\n<meta property=\"og:locale\" content=\"fr_FR\" \/>\n<meta property=\"og:type\" content=\"article\" \/>\n<meta property=\"og:title\" content=\"Dossier de visiteur de sondage dans Spa-Francorchamps: Qu&#039;est-ce qui pousse tant de gens sur la piste de course? | Vie Associative\" \/>\n<meta property=\"og:description\" content=\"Des centaines de milliers de spectateurs sur l&rsquo;hippodrome de Spa-Francorchamps: le Grand Prix 2025 a cr\u00e9\u00e9 un nouveau record de visiteurs le week-end dernier. Qu&rsquo;est-ce\" \/>\n<meta property=\"og:url\" content=\"https:\/\/vieassociative.be\/actualites\/dossier-de-visiteur-de-sondage-dans-spa-francorchamps-quest-ce-qui-pousse-tant-de-gens-sur-la-piste-de-course\/\" \/>\n<meta property=\"og:site_name\" content=\"Vie Associative\" \/>\n<meta property=\"article:published_time\" content=\"2025-07-29T20:17:24+00:00\" \/>\n<meta property=\"og:image\" content=\"https:\/\/vieassociative.be\/actualites\/wp-content\/uploads\/2024\/09\/header_backgroundk-01-e1726694325946.png\" \/>\n\t<meta property=\"og:image:width\" content=\"279\" \/>\n\t<meta property=\"og:image:height\" content=\"92\" \/>\n\t<meta property=\"og:image:type\" content=\"image\/png\" \/>\n<meta name=\"author\" content=\"Julien\" \/>\n<meta name=\"twitter:card\" content=\"summary_large_image\" \/>\n<meta name=\"twitter:label1\" content=\"\u00c9crit par\" \/>\n\t<meta name=\"twitter:data1\" content=\"Julien\" \/>\n\t<meta name=\"twitter:label2\" content=\"Dur\u00e9e de lecture est.\" \/>\n\t<meta name=\"twitter:data2\" content=\"3 minutes\" \/>\n<script type=\"application\/ld+json\" class=\"yoast-schema-graph\">{\"@context\":\"https:\/\/schema.org\",\"@graph\":[{\"@type\":\"Article\",\"@id\":\"https:\/\/vieassociative.be\/actualites\/dossier-de-visiteur-de-sondage-dans-spa-francorchamps-quest-ce-qui-pousse-tant-de-gens-sur-la-piste-de-course\/#article\",\"isPartOf\":{\"@id\":\"https:\/\/vieassociative.be\/actualites\/dossier-de-visiteur-de-sondage-dans-spa-francorchamps-quest-ce-qui-pousse-tant-de-gens-sur-la-piste-de-course\/\"},\"author\":{\"name\":\"Julien\",\"@id\":\"https:\/\/vieassociative.be\/actualites\/#\/schema\/person\/b87ac4f82f9d4e7b7cec7395b679edc4\"},\"headline\":\"Dossier de visiteur de sondage dans Spa-Francorchamps: Qu&rsquo;est-ce qui pousse tant de gens sur la piste de course?\",\"datePublished\":\"2025-07-29T20:17:24+00:00\",\"dateModified\":\"2025-07-29T20:17:24+00:00\",\"mainEntityOfPage\":{\"@id\":\"https:\/\/vieassociative.be\/actualites\/dossier-de-visiteur-de-sondage-dans-spa-francorchamps-quest-ce-qui-pousse-tant-de-gens-sur-la-piste-de-course\/\"},\"wordCount\":578,\"publisher\":{\"@id\":\"https:\/\/vieassociative.be\/actualites\/#organization\"},\"image\":{\"@id\":\"https:\/\/vieassociative.be\/actualites\/dossier-de-visiteur-de-sondage-dans-spa-francorchamps-quest-ce-qui-pousse-tant-de-gens-sur-la-piste-de-course\/#primaryimage\"},\"thumbnailUrl\":\"https:\/\/vieassociative.be\/actualites\/wp-content\/uploads\/2025\/07\/1753626072_La-formule-1-commence-en-Belgique-en-raison-de-la.jpg\",\"keywords\":[\"dans\",\"dossier\",\"gens\",\"piste\",\"pouss\u00e9\",\"Questce\",\"qui\",\"sondage\",\"SpaFrancorchamps\",\"sur\",\"tant\",\"visiteur\"],\"articleSection\":[\"Belgique\"],\"inLanguage\":\"fr-BE\"},{\"@type\":\"WebPage\",\"@id\":\"https:\/\/vieassociative.be\/actualites\/dossier-de-visiteur-de-sondage-dans-spa-francorchamps-quest-ce-qui-pousse-tant-de-gens-sur-la-piste-de-course\/\",\"url\":\"https:\/\/vieassociative.be\/actualites\/dossier-de-visiteur-de-sondage-dans-spa-francorchamps-quest-ce-qui-pousse-tant-de-gens-sur-la-piste-de-course\/\",\"name\":\"Dossier de visiteur de sondage dans Spa-Francorchamps: Qu'est-ce qui pousse tant de gens sur la piste de course? | Vie Associative\",\"isPartOf\":{\"@id\":\"https:\/\/vieassociative.be\/actualites\/#website\"},\"primaryImageOfPage\":{\"@id\":\"https:\/\/vieassociative.be\/actualites\/dossier-de-visiteur-de-sondage-dans-spa-francorchamps-quest-ce-qui-pousse-tant-de-gens-sur-la-piste-de-course\/#primaryimage\"},\"image\":{\"@id\":\"https:\/\/vieassociative.be\/actualites\/dossier-de-visiteur-de-sondage-dans-spa-francorchamps-quest-ce-qui-pousse-tant-de-gens-sur-la-piste-de-course\/#primaryimage\"},\"thumbnailUrl\":\"https:\/\/vieassociative.be\/actualites\/wp-content\/uploads\/2025\/07\/1753626072_La-formule-1-commence-en-Belgique-en-raison-de-la.jpg\",\"datePublished\":\"2025-07-29T20:17:24+00:00\",\"dateModified\":\"2025-07-29T20:17:24+00:00\",\"breadcrumb\":{\"@id\":\"https:\/\/vieassociative.be\/actualites\/dossier-de-visiteur-de-sondage-dans-spa-francorchamps-quest-ce-qui-pousse-tant-de-gens-sur-la-piste-de-course\/#breadcrumb\"},\"inLanguage\":\"fr-BE\",\"potentialAction\":[{\"@type\":\"ReadAction\",\"target\":[\"https:\/\/vieassociative.be\/actualites\/dossier-de-visiteur-de-sondage-dans-spa-francorchamps-quest-ce-qui-pousse-tant-de-gens-sur-la-piste-de-course\/\"]}]},{\"@type\":\"ImageObject\",\"inLanguage\":\"fr-BE\",\"@id\":\"https:\/\/vieassociative.be\/actualites\/dossier-de-visiteur-de-sondage-dans-spa-francorchamps-quest-ce-qui-pousse-tant-de-gens-sur-la-piste-de-course\/#primaryimage\",\"url\":\"https:\/\/vieassociative.be\/actualites\/wp-content\/uploads\/2025\/07\/1753626072_La-formule-1-commence-en-Belgique-en-raison-de-la.jpg\",\"contentUrl\":\"https:\/\/vieassociative.be\/actualites\/wp-content\/uploads\/2025\/07\/1753626072_La-formule-1-commence-en-Belgique-en-raison-de-la.jpg\",\"width\":1200,\"height\":800,\"caption\":\"La formule 1 commence en Belgique en raison de la pluie\"},{\"@type\":\"BreadcrumbList\",\"@id\":\"https:\/\/vieassociative.be\/actualites\/dossier-de-visiteur-de-sondage-dans-spa-francorchamps-quest-ce-qui-pousse-tant-de-gens-sur-la-piste-de-course\/#breadcrumb\",\"itemListElement\":[{\"@type\":\"ListItem\",\"position\":1,\"name\":\"Accueil\",\"item\":\"https:\/\/vieassociative.be\/actualites\/\"},{\"@type\":\"ListItem\",\"position\":2,\"name\":\"Dossier de visiteur de sondage dans Spa-Francorchamps: Qu&rsquo;est-ce qui pousse tant de gens sur la piste de course?\"}]},{\"@type\":\"WebSite\",\"@id\":\"https:\/\/vieassociative.be\/actualites\/#website\",\"url\":\"https:\/\/vieassociative.be\/actualites\/\",\"name\":\"Vie Associative\",\"description\":\"\",\"publisher\":{\"@id\":\"https:\/\/vieassociative.be\/actualites\/#organization\"},\"potentialAction\":[{\"@type\":\"SearchAction\",\"target\":{\"@type\":\"EntryPoint\",\"urlTemplate\":\"https:\/\/vieassociative.be\/actualites\/?s={search_term_string}\"},\"query-input\":{\"@type\":\"PropertyValueSpecification\",\"valueRequired\":true,\"valueName\":\"search_term_string\"}}],\"inLanguage\":\"fr-BE\"},{\"@type\":\"Organization\",\"@id\":\"https:\/\/vieassociative.be\/actualites\/#organization\",\"name\":\"Vie Associative\",\"url\":\"https:\/\/vieassociative.be\/actualites\/\",\"logo\":{\"@type\":\"ImageObject\",\"inLanguage\":\"fr-BE\",\"@id\":\"https:\/\/vieassociative.be\/actualites\/#\/schema\/logo\/image\/\",\"url\":\"https:\/\/vieassociative.be\/actualites\/wp-content\/uploads\/2024\/09\/cropped-vieassociative_favicon.ico.png\",\"contentUrl\":\"https:\/\/vieassociative.be\/actualites\/wp-content\/uploads\/2024\/09\/cropped-vieassociative_favicon.ico.png\",\"width\":512,\"height\":512,\"caption\":\"Vie Associative\"},\"image\":{\"@id\":\"https:\/\/vieassociative.be\/actualites\/#\/schema\/logo\/image\/\"}},{\"@type\":\"Person\",\"@id\":\"https:\/\/vieassociative.be\/actualites\/#\/schema\/person\/b87ac4f82f9d4e7b7cec7395b679edc4\",\"name\":\"Julien\",\"image\":{\"@type\":\"ImageObject\",\"inLanguage\":\"fr-BE\",\"@id\":\"https:\/\/vieassociative.be\/actualites\/#\/schema\/person\/image\/\",\"url\":\"https:\/\/vieassociative.be\/actualites\/wp-content\/uploads\/2024\/09\/vie-associative-1-150x150.jpg\",\"contentUrl\":\"https:\/\/vieassociative.be\/actualites\/wp-content\/uploads\/2024\/09\/vie-associative-1-150x150.jpg\",\"caption\":\"Julien\"},\"description\":\"Je suis Julien, r\u00e9dacteur pour Vie Associative. Passionn\u00e9 par le monde associatif depuis plus de 10 ans, j'ai \u00e0 c\u0153ur de partager des histoires inspirantes et de mettre en lumi\u00e8re les initiatives locales. Mon objectif est de sensibiliser et d'encourager l'engagement communautaire \u00e0 travers mes articles.\",\"sameAs\":[\"https:\/\/vieassociative.be\/\"]}]}<\/script>\n<!-- \/ Yoast SEO plugin. -->","yoast_head_json":{"title":"Dossier de visiteur de sondage dans Spa-Francorchamps: Qu'est-ce qui pousse tant de gens sur la piste de course? | Vie Associative","robots":{"index":"index","follow":"follow","max-snippet":"max-snippet:-1","max-image-preview":"max-image-preview:large","max-video-preview":"max-video-preview:-1"},"canonical":"https:\/\/vieassociative.be\/actualites\/dossier-de-visiteur-de-sondage-dans-spa-francorchamps-quest-ce-qui-pousse-tant-de-gens-sur-la-piste-de-course\/","og_locale":"fr_FR","og_type":"article","og_title":"Dossier de visiteur de sondage dans Spa-Francorchamps: Qu'est-ce qui pousse tant de gens sur la piste de course? | Vie Associative","og_description":"Des centaines de milliers de spectateurs sur l&rsquo;hippodrome de Spa-Francorchamps: le Grand Prix 2025 a cr\u00e9\u00e9 un nouveau record de visiteurs le week-end dernier. Qu&rsquo;est-ce","og_url":"https:\/\/vieassociative.be\/actualites\/dossier-de-visiteur-de-sondage-dans-spa-francorchamps-quest-ce-qui-pousse-tant-de-gens-sur-la-piste-de-course\/","og_site_name":"Vie Associative","article_published_time":"2025-07-29T20:17:24+00:00","og_image":[{"width":279,"height":92,"url":"https:\/\/vieassociative.be\/actualites\/wp-content\/uploads\/2024\/09\/header_backgroundk-01-e1726694325946.png","type":"image\/png"}],"author":"Julien","twitter_card":"summary_large_image","twitter_misc":{"\u00c9crit par":"Julien","Dur\u00e9e de lecture est.":"3 minutes"},"schema":{"@context":"https:\/\/schema.org","@graph":[{"@type":"Article","@id":"https:\/\/vieassociative.be\/actualites\/dossier-de-visiteur-de-sondage-dans-spa-francorchamps-quest-ce-qui-pousse-tant-de-gens-sur-la-piste-de-course\/#article","isPartOf":{"@id":"https:\/\/vieassociative.be\/actualites\/dossier-de-visiteur-de-sondage-dans-spa-francorchamps-quest-ce-qui-pousse-tant-de-gens-sur-la-piste-de-course\/"},"author":{"name":"Julien","@id":"https:\/\/vieassociative.be\/actualites\/#\/schema\/person\/b87ac4f82f9d4e7b7cec7395b679edc4"},"headline":"Dossier de visiteur de sondage dans Spa-Francorchamps: Qu&rsquo;est-ce qui pousse tant de gens sur la piste de course?","datePublished":"2025-07-29T20:17:24+00:00","dateModified":"2025-07-29T20:17:24+00:00","mainEntityOfPage":{"@id":"https:\/\/vieassociative.be\/actualites\/dossier-de-visiteur-de-sondage-dans-spa-francorchamps-quest-ce-qui-pousse-tant-de-gens-sur-la-piste-de-course\/"},"wordCount":578,"publisher":{"@id":"https:\/\/vieassociative.be\/actualites\/#organization"},"image":{"@id":"https:\/\/vieassociative.be\/actualites\/dossier-de-visiteur-de-sondage-dans-spa-francorchamps-quest-ce-qui-pousse-tant-de-gens-sur-la-piste-de-course\/#primaryimage"},"thumbnailUrl":"https:\/\/vieassociative.be\/actualites\/wp-content\/uploads\/2025\/07\/1753626072_La-formule-1-commence-en-Belgique-en-raison-de-la.jpg","keywords":["dans","dossier","gens","piste","pouss\u00e9","Questce","qui","sondage","SpaFrancorchamps","sur","tant","visiteur"],"articleSection":["Belgique"],"inLanguage":"fr-BE"},{"@type":"WebPage","@id":"https:\/\/vieassociative.be\/actualites\/dossier-de-visiteur-de-sondage-dans-spa-francorchamps-quest-ce-qui-pousse-tant-de-gens-sur-la-piste-de-course\/","url":"https:\/\/vieassociative.be\/actualites\/dossier-de-visiteur-de-sondage-dans-spa-francorchamps-quest-ce-qui-pousse-tant-de-gens-sur-la-piste-de-course\/","name":"Dossier de visiteur de sondage dans Spa-Francorchamps: Qu'est-ce qui pousse tant de gens sur la piste de course? | Vie Associative","isPartOf":{"@id":"https:\/\/vieassociative.be\/actualites\/#website"},"primaryImageOfPage":{"@id":"https:\/\/vieassociative.be\/actualites\/dossier-de-visiteur-de-sondage-dans-spa-francorchamps-quest-ce-qui-pousse-tant-de-gens-sur-la-piste-de-course\/#primaryimage"},"image":{"@id":"https:\/\/vieassociative.be\/actualites\/dossier-de-visiteur-de-sondage-dans-spa-francorchamps-quest-ce-qui-pousse-tant-de-gens-sur-la-piste-de-course\/#primaryimage"},"thumbnailUrl":"https:\/\/vieassociative.be\/actualites\/wp-content\/uploads\/2025\/07\/1753626072_La-formule-1-commence-en-Belgique-en-raison-de-la.jpg","datePublished":"2025-07-29T20:17:24+00:00","dateModified":"2025-07-29T20:17:24+00:00","breadcrumb":{"@id":"https:\/\/vieassociative.be\/actualites\/dossier-de-visiteur-de-sondage-dans-spa-francorchamps-quest-ce-qui-pousse-tant-de-gens-sur-la-piste-de-course\/#breadcrumb"},"inLanguage":"fr-BE","potentialAction":[{"@type":"ReadAction","target":["https:\/\/vieassociative.be\/actualites\/dossier-de-visiteur-de-sondage-dans-spa-francorchamps-quest-ce-qui-pousse-tant-de-gens-sur-la-piste-de-course\/"]}]},{"@type":"ImageObject","inLanguage":"fr-BE","@id":"https:\/\/vieassociative.be\/actualites\/dossier-de-visiteur-de-sondage-dans-spa-francorchamps-quest-ce-qui-pousse-tant-de-gens-sur-la-piste-de-course\/#primaryimage","url":"https:\/\/vieassociative.be\/actualites\/wp-content\/uploads\/2025\/07\/1753626072_La-formule-1-commence-en-Belgique-en-raison-de-la.jpg","contentUrl":"https:\/\/vieassociative.be\/actualites\/wp-content\/uploads\/2025\/07\/1753626072_La-formule-1-commence-en-Belgique-en-raison-de-la.jpg","width":1200,"height":800,"caption":"La formule 1 commence en Belgique en raison de la pluie"},{"@type":"BreadcrumbList","@id":"https:\/\/vieassociative.be\/actualites\/dossier-de-visiteur-de-sondage-dans-spa-francorchamps-quest-ce-qui-pousse-tant-de-gens-sur-la-piste-de-course\/#breadcrumb","itemListElement":[{"@type":"ListItem","position":1,"name":"Accueil","item":"https:\/\/vieassociative.be\/actualites\/"},{"@type":"ListItem","position":2,"name":"Dossier de visiteur de sondage dans Spa-Francorchamps: Qu&rsquo;est-ce qui pousse tant de gens sur la piste de course?"}]},{"@type":"WebSite","@id":"https:\/\/vieassociative.be\/actualites\/#website","url":"https:\/\/vieassociative.be\/actualites\/","name":"Vie Associative","description":"","publisher":{"@id":"https:\/\/vieassociative.be\/actualites\/#organization"},"potentialAction":[{"@type":"SearchAction","target":{"@type":"EntryPoint","urlTemplate":"https:\/\/vieassociative.be\/actualites\/?s={search_term_string}"},"query-input":{"@type":"PropertyValueSpecification","valueRequired":true,"valueName":"search_term_string"}}],"inLanguage":"fr-BE"},{"@type":"Organization","@id":"https:\/\/vieassociative.be\/actualites\/#organization","name":"Vie Associative","url":"https:\/\/vieassociative.be\/actualites\/","logo":{"@type":"ImageObject","inLanguage":"fr-BE","@id":"https:\/\/vieassociative.be\/actualites\/#\/schema\/logo\/image\/","url":"https:\/\/vieassociative.be\/actualites\/wp-content\/uploads\/2024\/09\/cropped-vieassociative_favicon.ico.png","contentUrl":"https:\/\/vieassociative.be\/actualites\/wp-content\/uploads\/2024\/09\/cropped-vieassociative_favicon.ico.png","width":512,"height":512,"caption":"Vie Associative"},"image":{"@id":"https:\/\/vieassociative.be\/actualites\/#\/schema\/logo\/image\/"}},{"@type":"Person","@id":"https:\/\/vieassociative.be\/actualites\/#\/schema\/person\/b87ac4f82f9d4e7b7cec7395b679edc4","name":"Julien","image":{"@type":"ImageObject","inLanguage":"fr-BE","@id":"https:\/\/vieassociative.be\/actualites\/#\/schema\/person\/image\/","url":"https:\/\/vieassociative.be\/actualites\/wp-content\/uploads\/2024\/09\/vie-associative-1-150x150.jpg","contentUrl":"https:\/\/vieassociative.be\/actualites\/wp-content\/uploads\/2024\/09\/vie-associative-1-150x150.jpg","caption":"Julien"},"description":"Je suis Julien, r\u00e9dacteur pour Vie Associative. Passionn\u00e9 par le monde associatif depuis plus de 10 ans, j'ai \u00e0 c\u0153ur de partager des histoires inspirantes et de mettre en lumi\u00e8re les initiatives locales. Mon objectif est de sensibiliser et d'encourager l'engagement communautaire \u00e0 travers mes articles.","sameAs":["https:\/\/vieassociative.be\/"]}]}},"_links":{"self":[{"href":"https:\/\/vieassociative.be\/actualites\/wp-json\/wp\/v2\/posts\/9091"}],"collection":[{"href":"https:\/\/vieassociative.be\/actualites\/wp-json\/wp\/v2\/posts"}],"about":[{"href":"https:\/\/vieassociative.be\/actualites\/wp-json\/wp\/v2\/types\/post"}],"author":[{"embeddable":true,"href":"https:\/\/vieassociative.be\/actualites\/wp-json\/wp\/v2\/users\/1"}],"replies":[{"embeddable":true,"href":"https:\/\/vieassociative.be\/actualites\/wp-json\/wp\/v2\/comments?post=9091"}],"version-history":[{"count":0,"href":"https:\/\/vieassociative.be\/actualites\/wp-json\/wp\/v2\/posts\/9091\/revisions"}],"wp:featuredmedia":[{"embeddable":true,"href":"https:\/\/vieassociative.be\/actualites\/wp-json\/wp\/v2\/media\/9041"}],"wp:attachment":[{"href":"https:\/\/vieassociative.be\/actualites\/wp-json\/wp\/v2\/media?parent=9091"}],"wp:term":[{"taxonomy":"category","embeddable":true,"href":"https:\/\/vieassociative.be\/actualites\/wp-json\/wp\/v2\/categories?post=9091"},{"taxonomy":"post_tag","embeddable":true,"href":"https:\/\/vieassociative.be\/actualites\/wp-json\/wp\/v2\/tags?post=9091"}],"curies":[{"name":"wp","href":"https:\/\/api.w.org\/{rel}","templated":true}]}}