{"id":9089,"date":"2025-07-29T21:17:07","date_gmt":"2025-07-29T19:17:07","guid":{"rendered":"https:\/\/vieassociative.be\/actualites\/ces-macbook-pros-alimentes-par-m4-sont-tous-a-leurs-prix-les-plus-bas-pour-ce-moment\/"},"modified":"2025-07-29T21:17:07","modified_gmt":"2025-07-29T19:17:07","slug":"ces-macbook-pros-alimentes-par-m4-sont-tous-a-leurs-prix-les-plus-bas-pour-ce-moment","status":"publish","type":"post","link":"https:\/\/vieassociative.be\/actualites\/ces-macbook-pros-alimentes-par-m4-sont-tous-a-leurs-prix-les-plus-bas-pour-ce-moment\/","title":{"rendered":"Ces MacBook Pros aliment\u00e9s par M4 sont tous \u00e0 leurs prix les plus bas pour ce moment"},"content":{"rendered":"<div class=\"mt-4 leading-6 md:mb-8\">Que votre priorit\u00e9 soit la portabilit\u00e9, la performance maximale ou le respect du budget, il est peut-\u00eatre temps d&rsquo;investir dans l&rsquo;une de ces machines aliment\u00e9es par M4.<\/div>\n<p><\/p>\n<p>Selon Price Trackers, Amazon propose plusieurs de ses derniers mod\u00e8les MacBook Pro pour les prix les plus bas de tous les temps. Que votre priorit\u00e9 soit la portabilit\u00e9, les performances maximales ou le fait de rester dans le budget, ce pourrait \u00eatre le bon moment pour investir dans l&rsquo;une de ces machines aliment\u00e9es par M4 si vous cherchez \u00e0 mettre \u00e0 niveau votre ordinateur portable. La puce M4, introduite en 2024, offre des gains de performances majeurs par rapport aux g\u00e9n\u00e9rations pr\u00e9c\u00e9dentes, y compris une consommation d&rsquo;\u00e9nergie plus faible et un rendu plus rapide. <\/p>\n<div class=\"shadow-b-2 mb-12 mt-10 rounded-md border-2 border-(#F0F0F0) px-6 py-2 shadow-lg md:px-12\" role=\"region\" aria-label=\"Products List\" x-data=\"{ showMore: false }\">\n<div class=\"flex w-full gap-x-5\">\n<div class=\"flex w-full flex-col flex-nowrap justify-center gap-2 text-black no-underline md:order-2 md:gap-y-6\">\n<div class=\"flex flex-col justify-between gap-y-2 md:w-full md:gap-y-1\">\n<div class=\"block w-fit cursor-pointer font-akshar text-lg font-medium leading-5 text-brand-green duration-200 ease-in-out hover:text-brand-green-700 md:text-xl md:leading-6\">\n<p>                            14 \u201dMacBook Pro M4 (16 Go de RAM, 512 Go SSD)\n                        <\/p><\/div>\n<\/p><\/div>\n<div class=\"hidden md:flex md:justify-between md:gap-x-4\">\n<div class=\"w-full mb-0 md:flex md:flex-col md:justify-center font-sans leading-4 text-black\">\n<div class=\"flex flex-wrap items-center justify-center gap-1 md:justify-start\">\n        <span class=\"font-bold\"><\/p>\n<p>            1 299,00 $<br \/>\n                            <span class=\"font-medium\">\u00e0 Amazon<\/span><br \/>\n                    <\/span>\n            <\/div>\n<div class=\"flex items-center justify-center gap-x-1 font-bold md:justify-start\">\n            <span class=\"text-sm line-through\">1 599,00 $<\/span><br \/>\n            <span class=\"text-sm text-brand-green\">\u00c9conomisez 300,00 $<\/span>\n        <\/div>\n<\/p><\/div>\n<p>                            <button class=\"flex justify-center items-center w-full bg-brand-green text-white text-base font-sans font-medium rounded-md hover:bg-brand-green-700 hover:cursor-pointer md:text-sm hidden self-end h-12 max-w-(10rem) duration-200 ease-in-out hover:bg-brand-green-700 md:flex md:h-10\"><\/p>\n<p>    Conclure un accord<br \/>\n<\/button>\n                        <\/div>\n<\/p><\/div>\n<div class=\"flex aspect-video h-(90px) shrink-0 items-center justify-center self-center md:order-1\">\n                        <img decoding=\"async\" class=\"m-0 max-h-full max-w-full rounded-md\" src=\"https:\/\/vieassociative.be\/actualites\/wp-content\/uploads\/2025\/07\/Ces-MacBook-Pros-alimentes-par-M4-sont-tous-a-leurs.jpg\" alt=\"14 \u201dMacBook Pro M4 - (16 Go de Ram, 1 To SSD, 2024)\" width=\"auto\" height=\"auto\" loading=\"lazy\">\n                    <\/div>\n<\/p><\/div>\n<p>                            <button class=\"flex justify-center items-center w-full bg-brand-green text-white text-base font-sans font-medium rounded-md hover:bg-brand-green-700 hover:cursor-pointer md:text-sm w-full h-12 duration-200 ease-in-out hover:bg-brand-green-700 md:hidden md:h-10\"><\/p>\n<p>    Conclure un accord<br \/>\n<\/button><\/p>\n<div class=\"flex flex-col items-center w-full md:hidden font-sans leading-4 text-black\">\n<div class=\"flex flex-wrap items-center justify-center gap-1 md:justify-start\">\n        <span class=\"font-bold\"><\/p>\n<p>            1 299,00 $<br \/>\n                            <span class=\"font-medium\">\u00e0 Amazon<\/span><br \/>\n                    <\/span>\n            <\/div>\n<div class=\"flex items-center justify-center gap-x-1 font-bold md:justify-start\">\n            <span class=\"text-sm line-through\">1 599,00 $<\/span><br \/>\n            <span class=\"text-sm text-brand-green\">\u00c9conomisez 300,00 $<\/span>\n        <\/div>\n<\/p><\/div>\n<div class=\"flex w-full gap-x-5\">\n<div class=\"flex w-full flex-col flex-nowrap justify-center gap-2 text-black no-underline md:order-2 md:gap-y-6\">\n<div class=\"flex flex-col justify-between gap-y-2 md:w-full md:gap-y-1\">\n<div class=\"block w-fit cursor-pointer font-akshar text-lg font-medium leading-5 text-brand-green duration-200 ease-in-out hover:text-brand-green-700 md:text-xl md:leading-6\">\n<p>                            14 \u201dMacBook Pro M4 &#8211; (16 Go de Ram, 1 To SSD, 2024)\n                        <\/p><\/div>\n<\/p><\/div>\n<div class=\"hidden md:flex md:justify-between md:gap-x-4\">\n<div class=\"w-full mb-0 md:flex md:flex-col md:justify-center font-sans leading-4 text-black\">\n<div class=\"flex flex-wrap items-center justify-center gap-1 md:justify-start\">\n        <span class=\"font-bold\"><\/p>\n<p>            1 499,00 $<br \/>\n                            <span class=\"font-medium\">\u00e0 Amazon<\/span><br \/>\n                    <\/span>\n            <\/div>\n<div class=\"flex items-center justify-center gap-x-1 font-bold md:justify-start\">\n            <span class=\"text-sm line-through\">1 798,89 $<\/span><br \/>\n            <span class=\"text-sm text-brand-green\">\u00c9conomisez 299,89 $<\/span>\n        <\/div>\n<\/p><\/div>\n<p>                            <button class=\"flex justify-center items-center w-full bg-brand-green text-white text-base font-sans font-medium rounded-md hover:bg-brand-green-700 hover:cursor-pointer md:text-sm hidden self-end h-12 max-w-(10rem) duration-200 ease-in-out hover:bg-brand-green-700 md:flex md:h-10\"><\/p>\n<p>    Conclure un accord<br \/>\n<\/button>\n                        <\/div>\n<\/p><\/div>\n<div class=\"flex aspect-video h-(90px) shrink-0 items-center justify-center self-center md:order-1\">\n                        <img decoding=\"async\" class=\"m-0 max-h-full max-w-full rounded-md\" src=\"https:\/\/vieassociative.be\/actualites\/wp-content\/uploads\/2025\/07\/1753816627_153_Ces-MacBook-Pros-alimentes-par-M4-sont-tous-a-leurs.jpg\" alt=\"14 \u201dMacBook Pro M4 - (16 Go de Ram, 1 To SSD, 2024)\" width=\"auto\" height=\"auto\" loading=\"lazy\">\n                    <\/div>\n<\/p><\/div>\n<p>                            <button class=\"flex justify-center items-center w-full bg-brand-green text-white text-base font-sans font-medium rounded-md hover:bg-brand-green-700 hover:cursor-pointer md:text-sm w-full h-12 duration-200 ease-in-out hover:bg-brand-green-700 md:hidden md:h-10\"><\/p>\n<p>    Conclure un accord<br \/>\n<\/button><\/p>\n<div class=\"flex flex-col items-center w-full md:hidden font-sans leading-4 text-black\">\n<div class=\"flex flex-wrap items-center justify-center gap-1 md:justify-start\">\n        <span class=\"font-bold\"><\/p>\n<p>            1 499,00 $<br \/>\n                            <span class=\"font-medium\">\u00e0 Amazon<\/span><br \/>\n                    <\/span>\n            <\/div>\n<div class=\"flex items-center justify-center gap-x-1 font-bold md:justify-start\">\n            <span class=\"text-sm line-through\">1 798,89 $<\/span><br \/>\n            <span class=\"text-sm text-brand-green\">\u00c9conomisez 299,89 $<\/span>\n        <\/div>\n<\/p><\/div>\n<div class=\"flex w-full gap-x-5\">\n<div class=\"flex w-full flex-col flex-nowrap justify-center gap-2 text-black no-underline md:order-2 md:gap-y-6\">\n<div class=\"flex flex-col justify-between gap-y-2 md:w-full md:gap-y-1\">\n<div class=\"block w-fit cursor-pointer font-akshar text-lg font-medium leading-5 text-brand-green duration-200 ease-in-out hover:text-brand-green-700 md:text-xl md:leading-6\">\n<p>                            14 \u201dMacBook Pro M4 &#8211; (24 Go de RAM, 1 To SSD, 2024)\n                        <\/p><\/div>\n<\/p><\/div>\n<div class=\"hidden md:flex md:justify-between md:gap-x-4\">\n<div class=\"w-full mb-0 md:flex md:flex-col md:justify-center font-sans leading-4 text-black\">\n<div class=\"flex flex-wrap items-center justify-center gap-1 md:justify-start\">\n        <span class=\"font-bold\"><\/p>\n<p>            1 699,00 $<br \/>\n                            <span class=\"font-medium\">\u00e0 Amazon<\/span><br \/>\n                    <\/span>\n            <\/div>\n<div class=\"flex items-center justify-center gap-x-1 font-bold md:justify-start\">\n            <span class=\"text-sm line-through\">1 999,00 $<\/span><br \/>\n            <span class=\"text-sm text-brand-green\">\u00c9conomisez 300,00 $<\/span>\n        <\/div>\n<\/p><\/div>\n<p>                            <button class=\"flex justify-center items-center w-full bg-brand-green text-white text-base font-sans font-medium rounded-md hover:bg-brand-green-700 hover:cursor-pointer md:text-sm hidden self-end h-12 max-w-(10rem) duration-200 ease-in-out hover:bg-brand-green-700 md:flex md:h-10\"><\/p>\n<p>    Conclure un accord<br \/>\n<\/button>\n                        <\/div>\n<\/p><\/div>\n<div class=\"flex aspect-video h-(90px) shrink-0 items-center justify-center self-center md:order-1\">\n                        <img decoding=\"async\" class=\"m-0 max-h-full max-w-full rounded-md\" src=\"https:\/\/vieassociative.be\/actualites\/wp-content\/uploads\/2025\/07\/1753816627_511_Ces-MacBook-Pros-alimentes-par-M4-sont-tous-a-leurs.jpg\" alt=\"14 \u201dMacBook Pro M4 - (24 Go de RAM, 1 To SSD, 2024)\" width=\"auto\" height=\"auto\" loading=\"lazy\">\n                    <\/div>\n<\/p><\/div>\n<p>                            <button class=\"flex justify-center items-center w-full bg-brand-green text-white text-base font-sans font-medium rounded-md hover:bg-brand-green-700 hover:cursor-pointer md:text-sm w-full h-12 duration-200 ease-in-out hover:bg-brand-green-700 md:hidden md:h-10\"><\/p>\n<p>    Conclure un accord<br \/>\n<\/button><\/p>\n<div class=\"flex flex-col items-center w-full md:hidden font-sans leading-4 text-black\">\n<div class=\"flex flex-wrap items-center justify-center gap-1 md:justify-start\">\n        <span class=\"font-bold\"><\/p>\n<p>            1 699,00 $<br \/>\n                            <span class=\"font-medium\">\u00e0 Amazon<\/span><br \/>\n                    <\/span>\n            <\/div>\n<div class=\"flex items-center justify-center gap-x-1 font-bold md:justify-start\">\n            <span class=\"text-sm line-through\">1 999,00 $<\/span><br \/>\n            <span class=\"text-sm text-brand-green\">\u00c9conomisez 300,00 $<\/span>\n        <\/div>\n<\/p><\/div>\n<\/div>\n<p>Le MacBook Pro 14 pouces poss\u00e8de 24 Go de RAM et offre des performances de niveau pro, avec le capteur d&#8217;empreintes digitales Touch ID Signature ID de l&rsquo;ordinateur portable sur ses derniers mod\u00e8les et un affichage Liquid Retina XDR vibrant avec un taux de rafra\u00eechissement jusqu&rsquo;\u00e0 120 Hz. La plupart des utilisateurs trouveront le mod\u00e8le 16 Go suffisant pour une utilisation quotidienne, mod\u00e9r\u00e9 \u00e0 l&rsquo;\u00e9preuve du futur et travaillant avec les applications Adobe. La dur\u00e9e de vie de la batterie peut \u00e9galement \u00eatre l\u00e9g\u00e8rement plus efficace par rapport au mod\u00e8le 24 Go, ce qui est meilleur pour les utilisateurs qui veulent des chevaux plus intenses pour des t\u00e2ches comme le streaming pendant le jeu, fortement multit\u00e2che, la mod\u00e9lisation 3D et plus de place pour la croissance du syst\u00e8me d&rsquo;exploitation et des applications dans les ann\u00e9es \u00e0 venir. <\/p>\n<p>Aller avec un stockage de 1 To est livr\u00e9 avec un prix plus \u00e9lev\u00e9, mais permet de stocker des fichiers volumineux comme des jeux, des photos haute r\u00e9solution ou des fichiers vid\u00e9o. Bien qu&rsquo;il soit plus cher, le renforcement de la capacit\u00e9 peut faire une diff\u00e9rence pour les utilisateurs qui s&rsquo;int\u00e8grent dans cette cat\u00e9gorie.<\/p>\n<p>Dans l&rsquo;ensemble, ces ordinateurs portables MacBook Pro sont connus pour leur autonomie et leur vitesse impressionnantes, ainsi que pour la construction haut de gamme globale, y compris les pav\u00e9s tactiles et les claviers ultra-r\u00e9actifs. Si vous cherchez \u00e0 \u00e9conomiser encore plus, consultez les mod\u00e8les M4 MacBook Air, \u00e9galement en vente. <\/p>\n","protected":false},"excerpt":{"rendered":"<p>Que votre priorit\u00e9 soit la portabilit\u00e9, la performance maximale ou le respect du budget, il est peut-\u00eatre temps d&rsquo;investir dans l&rsquo;une de ces machines aliment\u00e9es<\/p>\n","protected":false},"author":1,"featured_media":9090,"comment_status":"","ping_status":"","sticky":false,"template":"","format":"standard","meta":{"footnotes":""},"categories":[13],"tags":[5699,700,248,14,845,686,1429,676,81,1399,7678,18,546],"class_list":["post-9089","post","type-post","status-publish","format-standard","has-post-thumbnail","hentry","category-technologie","tag-alimentes","tag-bas","tag-ces","tag-les","tag-leurs","tag-macbook","tag-moment","tag-par","tag-pour","tag-prix","tag-pros","tag-sont","tag-tous","generate-columns","tablet-grid-50","mobile-grid-100","grid-parent","grid-33"],"yoast_head":"<!-- This site is optimized with the Yoast SEO plugin v24.0 - https:\/\/yoast.com\/wordpress\/plugins\/seo\/ -->\n<title>Ces MacBook Pros aliment\u00e9s par M4 sont tous \u00e0 leurs prix les plus bas pour ce moment | Vie Associative<\/title>\n<meta name=\"robots\" content=\"index, follow, max-snippet:-1, max-image-preview:large, max-video-preview:-1\" \/>\n<link rel=\"canonical\" href=\"https:\/\/vieassociative.be\/actualites\/ces-macbook-pros-alimentes-par-m4-sont-tous-a-leurs-prix-les-plus-bas-pour-ce-moment\/\" \/>\n<meta property=\"og:locale\" content=\"fr_FR\" \/>\n<meta property=\"og:type\" content=\"article\" \/>\n<meta property=\"og:title\" content=\"Ces MacBook Pros aliment\u00e9s par M4 sont tous \u00e0 leurs prix les plus bas pour ce moment | Vie Associative\" \/>\n<meta property=\"og:description\" content=\"Que votre priorit\u00e9 soit la portabilit\u00e9, la performance maximale ou le respect du budget, il est peut-\u00eatre temps d&rsquo;investir dans l&rsquo;une de ces machines aliment\u00e9es\" \/>\n<meta property=\"og:url\" content=\"https:\/\/vieassociative.be\/actualites\/ces-macbook-pros-alimentes-par-m4-sont-tous-a-leurs-prix-les-plus-bas-pour-ce-moment\/\" \/>\n<meta property=\"og:site_name\" content=\"Vie Associative\" \/>\n<meta property=\"article:published_time\" content=\"2025-07-29T19:17:07+00:00\" \/>\n<meta property=\"og:image\" content=\"https:\/\/vieassociative.be\/actualites\/wp-content\/uploads\/2025\/07\/Ces-MacBook-Pros-alimentes-par-M4-sont-tous-a-leurs.jpg\" \/>\n<meta name=\"author\" content=\"Julien\" \/>\n<meta name=\"twitter:card\" content=\"summary_large_image\" \/>\n<meta name=\"twitter:label1\" content=\"\u00c9crit par\" \/>\n\t<meta name=\"twitter:data1\" content=\"Julien\" \/>\n\t<meta name=\"twitter:label2\" content=\"Dur\u00e9e de lecture est.\" \/>\n\t<meta name=\"twitter:data2\" content=\"2 minutes\" \/>\n<script type=\"application\/ld+json\" class=\"yoast-schema-graph\">{\"@context\":\"https:\/\/schema.org\",\"@graph\":[{\"@type\":\"Article\",\"@id\":\"https:\/\/vieassociative.be\/actualites\/ces-macbook-pros-alimentes-par-m4-sont-tous-a-leurs-prix-les-plus-bas-pour-ce-moment\/#article\",\"isPartOf\":{\"@id\":\"https:\/\/vieassociative.be\/actualites\/ces-macbook-pros-alimentes-par-m4-sont-tous-a-leurs-prix-les-plus-bas-pour-ce-moment\/\"},\"author\":{\"name\":\"Julien\",\"@id\":\"https:\/\/vieassociative.be\/actualites\/#\/schema\/person\/b87ac4f82f9d4e7b7cec7395b679edc4\"},\"headline\":\"Ces MacBook Pros aliment\u00e9s par M4 sont tous \u00e0 leurs prix les plus bas pour ce moment\",\"datePublished\":\"2025-07-29T19:17:07+00:00\",\"dateModified\":\"2025-07-29T19:17:07+00:00\",\"mainEntityOfPage\":{\"@id\":\"https:\/\/vieassociative.be\/actualites\/ces-macbook-pros-alimentes-par-m4-sont-tous-a-leurs-prix-les-plus-bas-pour-ce-moment\/\"},\"wordCount\":464,\"publisher\":{\"@id\":\"https:\/\/vieassociative.be\/actualites\/#organization\"},\"image\":{\"@id\":\"https:\/\/vieassociative.be\/actualites\/ces-macbook-pros-alimentes-par-m4-sont-tous-a-leurs-prix-les-plus-bas-pour-ce-moment\/#primaryimage\"},\"thumbnailUrl\":\"https:\/\/vieassociative.be\/actualites\/wp-content\/uploads\/2025\/07\/Ces-MacBook-Pros-alimentes-par-M4-sont-tous-a-leurs.png\",\"keywords\":[\"aliment\u00e9s\",\"bas\",\"ces\",\"Les\",\"leurs\",\"MacBook\",\"moment\",\"par\",\"pour\",\"prix\",\"Pros\",\"sont\",\"tous\"],\"articleSection\":[\"Technologie\"],\"inLanguage\":\"fr-BE\"},{\"@type\":\"WebPage\",\"@id\":\"https:\/\/vieassociative.be\/actualites\/ces-macbook-pros-alimentes-par-m4-sont-tous-a-leurs-prix-les-plus-bas-pour-ce-moment\/\",\"url\":\"https:\/\/vieassociative.be\/actualites\/ces-macbook-pros-alimentes-par-m4-sont-tous-a-leurs-prix-les-plus-bas-pour-ce-moment\/\",\"name\":\"Ces MacBook Pros aliment\u00e9s par M4 sont tous \u00e0 leurs prix les plus bas pour ce moment | Vie Associative\",\"isPartOf\":{\"@id\":\"https:\/\/vieassociative.be\/actualites\/#website\"},\"primaryImageOfPage\":{\"@id\":\"https:\/\/vieassociative.be\/actualites\/ces-macbook-pros-alimentes-par-m4-sont-tous-a-leurs-prix-les-plus-bas-pour-ce-moment\/#primaryimage\"},\"image\":{\"@id\":\"https:\/\/vieassociative.be\/actualites\/ces-macbook-pros-alimentes-par-m4-sont-tous-a-leurs-prix-les-plus-bas-pour-ce-moment\/#primaryimage\"},\"thumbnailUrl\":\"https:\/\/vieassociative.be\/actualites\/wp-content\/uploads\/2025\/07\/Ces-MacBook-Pros-alimentes-par-M4-sont-tous-a-leurs.png\",\"datePublished\":\"2025-07-29T19:17:07+00:00\",\"dateModified\":\"2025-07-29T19:17:07+00:00\",\"breadcrumb\":{\"@id\":\"https:\/\/vieassociative.be\/actualites\/ces-macbook-pros-alimentes-par-m4-sont-tous-a-leurs-prix-les-plus-bas-pour-ce-moment\/#breadcrumb\"},\"inLanguage\":\"fr-BE\",\"potentialAction\":[{\"@type\":\"ReadAction\",\"target\":[\"https:\/\/vieassociative.be\/actualites\/ces-macbook-pros-alimentes-par-m4-sont-tous-a-leurs-prix-les-plus-bas-pour-ce-moment\/\"]}]},{\"@type\":\"ImageObject\",\"inLanguage\":\"fr-BE\",\"@id\":\"https:\/\/vieassociative.be\/actualites\/ces-macbook-pros-alimentes-par-m4-sont-tous-a-leurs-prix-les-plus-bas-pour-ce-moment\/#primaryimage\",\"url\":\"https:\/\/vieassociative.be\/actualites\/wp-content\/uploads\/2025\/07\/Ces-MacBook-Pros-alimentes-par-M4-sont-tous-a-leurs.png\",\"contentUrl\":\"https:\/\/vieassociative.be\/actualites\/wp-content\/uploads\/2025\/07\/Ces-MacBook-Pros-alimentes-par-M4-sont-tous-a-leurs.png\",\"width\":1200,\"height\":675,\"caption\":\"Ces MacBook Pros aliment\u00e9s par M4 sont tous \u00e0 leurs prix les plus bas pour ce moment\"},{\"@type\":\"BreadcrumbList\",\"@id\":\"https:\/\/vieassociative.be\/actualites\/ces-macbook-pros-alimentes-par-m4-sont-tous-a-leurs-prix-les-plus-bas-pour-ce-moment\/#breadcrumb\",\"itemListElement\":[{\"@type\":\"ListItem\",\"position\":1,\"name\":\"Accueil\",\"item\":\"https:\/\/vieassociative.be\/actualites\/\"},{\"@type\":\"ListItem\",\"position\":2,\"name\":\"Ces MacBook Pros aliment\u00e9s par M4 sont tous \u00e0 leurs prix les plus bas pour ce moment\"}]},{\"@type\":\"WebSite\",\"@id\":\"https:\/\/vieassociative.be\/actualites\/#website\",\"url\":\"https:\/\/vieassociative.be\/actualites\/\",\"name\":\"Vie Associative\",\"description\":\"\",\"publisher\":{\"@id\":\"https:\/\/vieassociative.be\/actualites\/#organization\"},\"potentialAction\":[{\"@type\":\"SearchAction\",\"target\":{\"@type\":\"EntryPoint\",\"urlTemplate\":\"https:\/\/vieassociative.be\/actualites\/?s={search_term_string}\"},\"query-input\":{\"@type\":\"PropertyValueSpecification\",\"valueRequired\":true,\"valueName\":\"search_term_string\"}}],\"inLanguage\":\"fr-BE\"},{\"@type\":\"Organization\",\"@id\":\"https:\/\/vieassociative.be\/actualites\/#organization\",\"name\":\"Vie Associative\",\"url\":\"https:\/\/vieassociative.be\/actualites\/\",\"logo\":{\"@type\":\"ImageObject\",\"inLanguage\":\"fr-BE\",\"@id\":\"https:\/\/vieassociative.be\/actualites\/#\/schema\/logo\/image\/\",\"url\":\"https:\/\/vieassociative.be\/actualites\/wp-content\/uploads\/2024\/09\/cropped-vieassociative_favicon.ico.png\",\"contentUrl\":\"https:\/\/vieassociative.be\/actualites\/wp-content\/uploads\/2024\/09\/cropped-vieassociative_favicon.ico.png\",\"width\":512,\"height\":512,\"caption\":\"Vie Associative\"},\"image\":{\"@id\":\"https:\/\/vieassociative.be\/actualites\/#\/schema\/logo\/image\/\"}},{\"@type\":\"Person\",\"@id\":\"https:\/\/vieassociative.be\/actualites\/#\/schema\/person\/b87ac4f82f9d4e7b7cec7395b679edc4\",\"name\":\"Julien\",\"image\":{\"@type\":\"ImageObject\",\"inLanguage\":\"fr-BE\",\"@id\":\"https:\/\/vieassociative.be\/actualites\/#\/schema\/person\/image\/\",\"url\":\"https:\/\/vieassociative.be\/actualites\/wp-content\/uploads\/2024\/09\/vie-associative-1-150x150.jpg\",\"contentUrl\":\"https:\/\/vieassociative.be\/actualites\/wp-content\/uploads\/2024\/09\/vie-associative-1-150x150.jpg\",\"caption\":\"Julien\"},\"description\":\"Je suis Julien, r\u00e9dacteur pour Vie Associative. Passionn\u00e9 par le monde associatif depuis plus de 10 ans, j'ai \u00e0 c\u0153ur de partager des histoires inspirantes et de mettre en lumi\u00e8re les initiatives locales. Mon objectif est de sensibiliser et d'encourager l'engagement communautaire \u00e0 travers mes articles.\",\"sameAs\":[\"https:\/\/vieassociative.be\/\"]}]}<\/script>\n<!-- \/ Yoast SEO plugin. -->","yoast_head_json":{"title":"Ces MacBook Pros aliment\u00e9s par M4 sont tous \u00e0 leurs prix les plus bas pour ce moment | Vie Associative","robots":{"index":"index","follow":"follow","max-snippet":"max-snippet:-1","max-image-preview":"max-image-preview:large","max-video-preview":"max-video-preview:-1"},"canonical":"https:\/\/vieassociative.be\/actualites\/ces-macbook-pros-alimentes-par-m4-sont-tous-a-leurs-prix-les-plus-bas-pour-ce-moment\/","og_locale":"fr_FR","og_type":"article","og_title":"Ces MacBook Pros aliment\u00e9s par M4 sont tous \u00e0 leurs prix les plus bas pour ce moment | Vie Associative","og_description":"Que votre priorit\u00e9 soit la portabilit\u00e9, la performance maximale ou le respect du budget, il est peut-\u00eatre temps d&rsquo;investir dans l&rsquo;une de ces machines aliment\u00e9es","og_url":"https:\/\/vieassociative.be\/actualites\/ces-macbook-pros-alimentes-par-m4-sont-tous-a-leurs-prix-les-plus-bas-pour-ce-moment\/","og_site_name":"Vie Associative","article_published_time":"2025-07-29T19:17:07+00:00","og_image":[{"url":"https:\/\/vieassociative.be\/actualites\/wp-content\/uploads\/2025\/07\/Ces-MacBook-Pros-alimentes-par-M4-sont-tous-a-leurs.jpg","type":"","width":"","height":""}],"author":"Julien","twitter_card":"summary_large_image","twitter_misc":{"\u00c9crit par":"Julien","Dur\u00e9e de lecture est.":"2 minutes"},"schema":{"@context":"https:\/\/schema.org","@graph":[{"@type":"Article","@id":"https:\/\/vieassociative.be\/actualites\/ces-macbook-pros-alimentes-par-m4-sont-tous-a-leurs-prix-les-plus-bas-pour-ce-moment\/#article","isPartOf":{"@id":"https:\/\/vieassociative.be\/actualites\/ces-macbook-pros-alimentes-par-m4-sont-tous-a-leurs-prix-les-plus-bas-pour-ce-moment\/"},"author":{"name":"Julien","@id":"https:\/\/vieassociative.be\/actualites\/#\/schema\/person\/b87ac4f82f9d4e7b7cec7395b679edc4"},"headline":"Ces MacBook Pros aliment\u00e9s par M4 sont tous \u00e0 leurs prix les plus bas pour ce moment","datePublished":"2025-07-29T19:17:07+00:00","dateModified":"2025-07-29T19:17:07+00:00","mainEntityOfPage":{"@id":"https:\/\/vieassociative.be\/actualites\/ces-macbook-pros-alimentes-par-m4-sont-tous-a-leurs-prix-les-plus-bas-pour-ce-moment\/"},"wordCount":464,"publisher":{"@id":"https:\/\/vieassociative.be\/actualites\/#organization"},"image":{"@id":"https:\/\/vieassociative.be\/actualites\/ces-macbook-pros-alimentes-par-m4-sont-tous-a-leurs-prix-les-plus-bas-pour-ce-moment\/#primaryimage"},"thumbnailUrl":"https:\/\/vieassociative.be\/actualites\/wp-content\/uploads\/2025\/07\/Ces-MacBook-Pros-alimentes-par-M4-sont-tous-a-leurs.png","keywords":["aliment\u00e9s","bas","ces","Les","leurs","MacBook","moment","par","pour","prix","Pros","sont","tous"],"articleSection":["Technologie"],"inLanguage":"fr-BE"},{"@type":"WebPage","@id":"https:\/\/vieassociative.be\/actualites\/ces-macbook-pros-alimentes-par-m4-sont-tous-a-leurs-prix-les-plus-bas-pour-ce-moment\/","url":"https:\/\/vieassociative.be\/actualites\/ces-macbook-pros-alimentes-par-m4-sont-tous-a-leurs-prix-les-plus-bas-pour-ce-moment\/","name":"Ces MacBook Pros aliment\u00e9s par M4 sont tous \u00e0 leurs prix les plus bas pour ce moment | Vie Associative","isPartOf":{"@id":"https:\/\/vieassociative.be\/actualites\/#website"},"primaryImageOfPage":{"@id":"https:\/\/vieassociative.be\/actualites\/ces-macbook-pros-alimentes-par-m4-sont-tous-a-leurs-prix-les-plus-bas-pour-ce-moment\/#primaryimage"},"image":{"@id":"https:\/\/vieassociative.be\/actualites\/ces-macbook-pros-alimentes-par-m4-sont-tous-a-leurs-prix-les-plus-bas-pour-ce-moment\/#primaryimage"},"thumbnailUrl":"https:\/\/vieassociative.be\/actualites\/wp-content\/uploads\/2025\/07\/Ces-MacBook-Pros-alimentes-par-M4-sont-tous-a-leurs.png","datePublished":"2025-07-29T19:17:07+00:00","dateModified":"2025-07-29T19:17:07+00:00","breadcrumb":{"@id":"https:\/\/vieassociative.be\/actualites\/ces-macbook-pros-alimentes-par-m4-sont-tous-a-leurs-prix-les-plus-bas-pour-ce-moment\/#breadcrumb"},"inLanguage":"fr-BE","potentialAction":[{"@type":"ReadAction","target":["https:\/\/vieassociative.be\/actualites\/ces-macbook-pros-alimentes-par-m4-sont-tous-a-leurs-prix-les-plus-bas-pour-ce-moment\/"]}]},{"@type":"ImageObject","inLanguage":"fr-BE","@id":"https:\/\/vieassociative.be\/actualites\/ces-macbook-pros-alimentes-par-m4-sont-tous-a-leurs-prix-les-plus-bas-pour-ce-moment\/#primaryimage","url":"https:\/\/vieassociative.be\/actualites\/wp-content\/uploads\/2025\/07\/Ces-MacBook-Pros-alimentes-par-M4-sont-tous-a-leurs.png","contentUrl":"https:\/\/vieassociative.be\/actualites\/wp-content\/uploads\/2025\/07\/Ces-MacBook-Pros-alimentes-par-M4-sont-tous-a-leurs.png","width":1200,"height":675,"caption":"Ces MacBook Pros aliment\u00e9s par M4 sont tous \u00e0 leurs prix les plus bas pour ce moment"},{"@type":"BreadcrumbList","@id":"https:\/\/vieassociative.be\/actualites\/ces-macbook-pros-alimentes-par-m4-sont-tous-a-leurs-prix-les-plus-bas-pour-ce-moment\/#breadcrumb","itemListElement":[{"@type":"ListItem","position":1,"name":"Accueil","item":"https:\/\/vieassociative.be\/actualites\/"},{"@type":"ListItem","position":2,"name":"Ces MacBook Pros aliment\u00e9s par M4 sont tous \u00e0 leurs prix les plus bas pour ce moment"}]},{"@type":"WebSite","@id":"https:\/\/vieassociative.be\/actualites\/#website","url":"https:\/\/vieassociative.be\/actualites\/","name":"Vie Associative","description":"","publisher":{"@id":"https:\/\/vieassociative.be\/actualites\/#organization"},"potentialAction":[{"@type":"SearchAction","target":{"@type":"EntryPoint","urlTemplate":"https:\/\/vieassociative.be\/actualites\/?s={search_term_string}"},"query-input":{"@type":"PropertyValueSpecification","valueRequired":true,"valueName":"search_term_string"}}],"inLanguage":"fr-BE"},{"@type":"Organization","@id":"https:\/\/vieassociative.be\/actualites\/#organization","name":"Vie Associative","url":"https:\/\/vieassociative.be\/actualites\/","logo":{"@type":"ImageObject","inLanguage":"fr-BE","@id":"https:\/\/vieassociative.be\/actualites\/#\/schema\/logo\/image\/","url":"https:\/\/vieassociative.be\/actualites\/wp-content\/uploads\/2024\/09\/cropped-vieassociative_favicon.ico.png","contentUrl":"https:\/\/vieassociative.be\/actualites\/wp-content\/uploads\/2024\/09\/cropped-vieassociative_favicon.ico.png","width":512,"height":512,"caption":"Vie Associative"},"image":{"@id":"https:\/\/vieassociative.be\/actualites\/#\/schema\/logo\/image\/"}},{"@type":"Person","@id":"https:\/\/vieassociative.be\/actualites\/#\/schema\/person\/b87ac4f82f9d4e7b7cec7395b679edc4","name":"Julien","image":{"@type":"ImageObject","inLanguage":"fr-BE","@id":"https:\/\/vieassociative.be\/actualites\/#\/schema\/person\/image\/","url":"https:\/\/vieassociative.be\/actualites\/wp-content\/uploads\/2024\/09\/vie-associative-1-150x150.jpg","contentUrl":"https:\/\/vieassociative.be\/actualites\/wp-content\/uploads\/2024\/09\/vie-associative-1-150x150.jpg","caption":"Julien"},"description":"Je suis Julien, r\u00e9dacteur pour Vie Associative. Passionn\u00e9 par le monde associatif depuis plus de 10 ans, j'ai \u00e0 c\u0153ur de partager des histoires inspirantes et de mettre en lumi\u00e8re les initiatives locales. Mon objectif est de sensibiliser et d'encourager l'engagement communautaire \u00e0 travers mes articles.","sameAs":["https:\/\/vieassociative.be\/"]}]}},"_links":{"self":[{"href":"https:\/\/vieassociative.be\/actualites\/wp-json\/wp\/v2\/posts\/9089"}],"collection":[{"href":"https:\/\/vieassociative.be\/actualites\/wp-json\/wp\/v2\/posts"}],"about":[{"href":"https:\/\/vieassociative.be\/actualites\/wp-json\/wp\/v2\/types\/post"}],"author":[{"embeddable":true,"href":"https:\/\/vieassociative.be\/actualites\/wp-json\/wp\/v2\/users\/1"}],"replies":[{"embeddable":true,"href":"https:\/\/vieassociative.be\/actualites\/wp-json\/wp\/v2\/comments?post=9089"}],"version-history":[{"count":0,"href":"https:\/\/vieassociative.be\/actualites\/wp-json\/wp\/v2\/posts\/9089\/revisions"}],"wp:featuredmedia":[{"embeddable":true,"href":"https:\/\/vieassociative.be\/actualites\/wp-json\/wp\/v2\/media\/9090"}],"wp:attachment":[{"href":"https:\/\/vieassociative.be\/actualites\/wp-json\/wp\/v2\/media?parent=9089"}],"wp:term":[{"taxonomy":"category","embeddable":true,"href":"https:\/\/vieassociative.be\/actualites\/wp-json\/wp\/v2\/categories?post=9089"},{"taxonomy":"post_tag","embeddable":true,"href":"https:\/\/vieassociative.be\/actualites\/wp-json\/wp\/v2\/tags?post=9089"}],"curies":[{"name":"wp","href":"https:\/\/api.w.org\/{rel}","templated":true}]}}