{"id":9087,"date":"2025-07-29T20:17:16","date_gmt":"2025-07-29T18:17:16","guid":{"rendered":"https:\/\/vieassociative.be\/actualites\/ma-scie-a-mitre-combinee-preferee-est-de-43-de-rabais-chez-home-depot-en-ce-moment\/"},"modified":"2025-07-29T20:17:16","modified_gmt":"2025-07-29T18:17:16","slug":"ma-scie-a-mitre-combinee-preferee-est-de-43-de-rabais-chez-home-depot-en-ce-moment","status":"publish","type":"post","link":"https:\/\/vieassociative.be\/actualites\/ma-scie-a-mitre-combinee-preferee-est-de-43-de-rabais-chez-home-depot-en-ce-moment\/","title":{"rendered":"Ma scie \u00e0 mitre combin\u00e9e pr\u00e9f\u00e9r\u00e9e est de 43% de rabais chez Home Depot en ce moment"},"content":{"rendered":"<div class=\"mt-4 leading-6 md:mb-8\">Et il est livr\u00e9 avec un stand.<\/div>\n<p><\/p>\n<p>Si vous pr\u00e9voyez de faire du travail du bois &#8211; et surtout si vous coupez des garnitures &#8211; une scie \u00e0 onglets est un outil essentiel. Si vous travaillez sur des projets plus grands, vous pourriez \u00eatre pr\u00eat \u00e0 passer d&rsquo;une bo\u00eete \u00e0 onglets \u00e0 une scie \u00e9lectrique pour plus de vitesse et \u00e0 couper des mat\u00e9riaux plus gros. Dans tous les cas, une scie de qualit\u00e9 facilitera des coupes pr\u00e9cises, mais si vous songez \u00e0 faire la mise \u00e0 niveau, il n&rsquo;y a pas de contournement du fait que les scies \u00e0 ongle peuvent \u00eatre co\u00fbteuses. <\/p>\n<p>Mais ils peuvent \u00eatre moins chers. \u00c0 l&rsquo;heure actuelle, le meilleur compos\u00e9 \u00e0 double adh\u00e9rence de 12 pouces de Dewalt et la scie \u00e0 mitre de mitre sont en vente pour 499 $ au Home Depot. C&rsquo;est 43% de r\u00e9duction sur son prix r\u00e9gulier &#8211; et il est livr\u00e9 avec un stand.<\/p>\n<div class=\"pogoClear mb-12 mt-10 rounded-md border-2 border-gray-100 py-7 shadow-xl md:py-6\">\n<div class=\"flex flex-wrap justify-between px-7 text-black no-underline md:flex-nowrap md:px-8\">\n<div class=\"order-1 mx-auto flex flex-col justify-center md:order-2 md:ml-4 md:w-full md:grow\">\n<div class=\"block cursor-pointer text-center font-akshar text-2xl font-medium leading-7 text-brand-green duration-200 ease-in-out hover:text-brand-green-700 md:text-left md:text-xl md:leading-6\">Dewalt Cord\u00e9 de 12 pouces.\n                <\/div>\n<div class=\"mt-4 hidden md:flex md:justify-between\">\n<div class=\"self-end\">\n<div class=\"mb-0 h-11 md:flex md:flex-col md:justify-center\">\n<div class=\" font-sans leading-4 text-black\">\n<div class=\"flex flex-wrap items-center justify-center gap-1 md:justify-start\">\n        <span class=\"font-bold\"><\/p>\n<p>            499,00 $<br \/>\n                            <span class=\"font-medium\">au Home Depot<\/span><br \/>\n                    <\/span>\n            <\/div>\n<div class=\"flex items-center justify-center gap-x-1 font-bold md:justify-start\">\n            <span class=\"text-sm line-through\">868,00 $<\/span><br \/>\n            <span class=\"text-sm text-brand-green\">\u00c9conomisez 369,00 $<\/span>\n        <\/div>\n<\/p><\/div>\n<\/p><\/div>\n<\/p><\/div>\n<div class=\"w-44 self-end\">\n                            <button class=\"flex justify-center items-center w-full bg-brand-green text-white text-base font-sans font-medium rounded-md hover:bg-brand-green-700 hover:cursor-pointer md:text-sm h-11\"><\/p>\n<p>    Conclure un accord<br \/>\n<\/button>\n                        <\/div>\n<\/p><\/div>\n<\/p><\/div>\n<div class=\"order-2 mt-5 h-auto w-full md:order-1 md:mt-0 md:hidden\">\n<div class=\"flex aspect-video items-center justify-center\">\n                                            <img decoding=\"async\" class=\"m-0 max-h-full max-w-full rounded-md\" src=\"https:\/\/vieassociative.be\/actualites\/wp-content\/uploads\/2025\/07\/Ma-scie-a-mitre-combinee-preferee-est-de-43-de.png\" alt=\"Image du produit SAW DEWALT MITER\" width=\"auto\" height=\"auto\" loading=\"lazy\">\n                                    <\/div>\n<\/p><\/div>\n<div class=\"order-2 ml-2 hidden w-32 shrink-0 items-center md:order-1 md:ml-0 md:flex\">\n<div class=\"flex aspect-video items-center justify-center\">\n                                            <img decoding=\"async\" class=\"m-0 max-h-full max-w-full rounded-md\" src=\"https:\/\/vieassociative.be\/actualites\/wp-content\/uploads\/2025\/07\/Ma-scie-a-mitre-combinee-preferee-est-de-43-de.png\" alt=\"Image du produit SAW DEWALT MITER\" width=\"auto\" height=\"auto\" loading=\"lazy\">\n                                    <\/div>\n<\/p><\/div>\n<div class=\"order-3 flex grow flex-wrap md:hidden md:grow-0\">\n<div class=\"mt-4 w-full\">\n                        <button class=\"flex justify-center items-center w-full bg-brand-green text-white text-base font-sans font-medium rounded-md hover:bg-brand-green-700 hover:cursor-pointer md:text-sm h-11\"><\/p>\n<p>    Conclure un accord<br \/>\n<\/button>\n                    <\/div>\n<div class=\"mx-2 mt-4 w-full\">\n<div class=\" font-sans leading-4 text-black\">\n<div class=\"flex flex-wrap items-center justify-center gap-1 md:justify-start\">\n        <span class=\"font-bold\"><\/p>\n<p>            499,00 $<br \/>\n                            <span class=\"font-medium\">au Home Depot<\/span><br \/>\n                    <\/span>\n            <\/div>\n<div class=\"flex items-center justify-center gap-x-1 font-bold md:justify-start\">\n            <span class=\"text-sm line-through\">868,00 $<\/span><br \/>\n            <span class=\"text-sm text-brand-green\">\u00c9conomisez 369,00 $<\/span>\n        <\/div>\n<\/p><\/div>\n<\/p><\/div>\n<\/p><\/div>\n<\/p><\/div>\n<\/div>\n<h2 id=\"why-i-love-this-saw\">Pourquoi j&rsquo;aime cette scie<\/h2>\n<p>Une scie \u00e0 hacher combin\u00e9e et une scie \u00e0 onglets vous permet de faire des coupes inclin\u00e9es ainsi que des coupes droites \u00e0 90 degr\u00e9s, et le double biseau vous permet \u00e9galement de faire des coupes inclin\u00e9es compos\u00e9es pour des choses comme le moulage de la couronne. Cette scie peut couper \u00e0 travers des planches jusqu&rsquo;\u00e0 14 pouces de large, ainsi que des coupes pour mourir en couronne sur un biseau double jusqu&rsquo;\u00e0 7 \u00bd pouces de large. Vous pouvez \u00e9galement utiliser cette scie pour faire des coupes carr\u00e9es, comme la coupe de 2&#215;4 pour le cadrage, ou vous pouvez l&rsquo;utiliser pour des coupes pr\u00e9cises pour les garnitures.<\/p>\n<p>Si vous avez d\u00e9j\u00e0 essay\u00e9 l&rsquo;installation de garnitures, vous saurez que dans de nombreux cas, les choses qui sont cens\u00e9es \u00eatre carr\u00e9es (comme les coins d&rsquo;une pi\u00e8ce) pourraient en fait \u00eatre de 91 degr\u00e9s ou 89 degr\u00e9s au lieu de 90 degr\u00e9s. Dans ces cas, une scie \u00e0 onglets qui peut couper plusieurs angles dans plus d&rsquo;une direction \u00e0 la fois est indispensable.<\/p>\n<p>J&rsquo;utilise une scie c\u00f4tel\u00e9e \u00e0 double vitesse Dewalt depuis plus d&rsquo;une d\u00e9cennie, et ce mod\u00e8le s&rsquo;est av\u00e9r\u00e9 fiable et durable. Le m\u00e9canisme de r\u00e9glage des coupes \u00e0 onglets est facile \u00e0 utiliser et se verrouille fermement pour garder votre angle en s\u00e9curit\u00e9. J&rsquo;utilise le mien fr\u00e9quemment pour couper le cadrage, mais je l&rsquo;utilise aussi parfois pour la coupe de pr\u00e9cision pour fabriquer des meubles ou installer des garnitures; Sa polyvalence signifie que je n&rsquo;ai besoin que d&rsquo;un seul outil pour tous ces travaux. <\/p>\n<p>Je recommanderais cependant de cueillir une lame de nombre de dents plus \u00e9lev\u00e9 pour couper des garnitures ou pour la fabrication de meubles, car une lame plus fine provoquera moins de d\u00e9chirures et de faire des coupes plus lisses et plus r\u00e9guli\u00e8res. Pour faciliter la coupe de pr\u00e9cision, j&rsquo;opte g\u00e9n\u00e9ralement pour une lame de combinaison de 80 dents qui permettra \u00e0 la fois des coupes transversales et des coupes.<\/p>\n<h2 id=\"whats-included-in-the-kit\">Ce qui est inclus dans le kit<\/h2>\n<p>La scie \u00e0 onglets coulissants de 12 pouces Dewalt de 12 pouces est livr\u00e9e avec la scie; une lame de 12 pouces et 32 dents; une cl\u00e9 pour \u00e9changer des lames; une pince de mat\u00e9riau; et un sac \u00e0 poussi\u00e8re. Bien que la lame polyvalente incluse soit id\u00e9ale pour le cadrage, un nombre de dents plus \u00e9lev\u00e9 sera plus efficace pour les projets avec moins de marge d&rsquo;erreur, comme la coupe de coupe. La pince de mat\u00e9riau peut \u00eatre utile si vous souhaitez configurer un foc ou pour \u00e9viter le mouvement dans votre mat\u00e9riau pendant que vous coupez. <\/p>\n<p>Cet ensemble est \u00e9galement inclus dans un support de scie pliante avec des supports de ruissellement de mat\u00e9riau r\u00e9glables. Le support est une option relativement robuste qui permet \u00e9galement \u00e0 la scie d&rsquo;\u00eatre portable, car elle est d\u00e9compte.<\/p>\n<h2 id=\"why-i-recommend-dewalt-tools\">Pourquoi je recommande les outils Dewalt<\/h2>\n<p>La mitre et la scie \u00e0 hacher de la combinaison Dewalt est un favori des menuiseurs car le r\u00e9glage de la mitre est fiable et facile \u00e0 utiliser. La r\u00e9putation de cette gamme particuli\u00e8re d&rsquo;outils remonte \u00e0 une centaine d&rsquo;ann\u00e9es, \u00e0 l&rsquo;invention de la premi\u00e8re scie \u00e0 bras radial en 1920. La scie radiale du bras et la scie \u00e0 bras radiale r\u00e9glable \u00e9taient les premiers de leurs types, produits pour la premi\u00e8re fois par la soci\u00e9t\u00e9 d&rsquo;outils Dewalt commen\u00e7ant en 1924. Depuis, ils ont maintenu leur statut en tant que marque fid\u00e8le pour les travailleurs bois\u00e9s.<\/p>\n","protected":false},"excerpt":{"rendered":"<p>Et il est livr\u00e9 avec un stand. Si vous pr\u00e9voyez de faire du travail du bois &#8211; et surtout si vous coupez des garnitures &#8211;<\/p>\n","protected":false},"author":1,"featured_media":9088,"comment_status":"","ping_status":"","sticky":false,"template":"","format":"standard","meta":{"footnotes":""},"categories":[40],"tags":[1287,7955,1314,76,453,7954,1429,52,5472,7953],"class_list":["post-9087","post","type-post","status-publish","format-standard","has-post-thumbnail","hentry","category-maison","tag-chez","tag-combinee","tag-depot","tag-est","tag-home","tag-mitre","tag-moment","tag-preferee","tag-rabais","tag-scie","generate-columns","tablet-grid-50","mobile-grid-100","grid-parent","grid-33"],"yoast_head":"<!-- This site is optimized with the Yoast SEO plugin v24.0 - https:\/\/yoast.com\/wordpress\/plugins\/seo\/ -->\n<title>Ma scie \u00e0 mitre combin\u00e9e pr\u00e9f\u00e9r\u00e9e est de 43% de rabais chez Home Depot en ce moment | Vie Associative<\/title>\n<meta name=\"robots\" content=\"index, follow, max-snippet:-1, max-image-preview:large, max-video-preview:-1\" \/>\n<link rel=\"canonical\" href=\"https:\/\/vieassociative.be\/actualites\/ma-scie-a-mitre-combinee-preferee-est-de-43-de-rabais-chez-home-depot-en-ce-moment\/\" \/>\n<meta property=\"og:locale\" content=\"fr_FR\" \/>\n<meta property=\"og:type\" content=\"article\" \/>\n<meta property=\"og:title\" content=\"Ma scie \u00e0 mitre combin\u00e9e pr\u00e9f\u00e9r\u00e9e est de 43% de rabais chez Home Depot en ce moment | Vie Associative\" \/>\n<meta property=\"og:description\" content=\"Et il est livr\u00e9 avec un stand. Si vous pr\u00e9voyez de faire du travail du bois &#8211; et surtout si vous coupez des garnitures &#8211;\" \/>\n<meta property=\"og:url\" content=\"https:\/\/vieassociative.be\/actualites\/ma-scie-a-mitre-combinee-preferee-est-de-43-de-rabais-chez-home-depot-en-ce-moment\/\" \/>\n<meta property=\"og:site_name\" content=\"Vie Associative\" \/>\n<meta property=\"article:published_time\" content=\"2025-07-29T18:17:16+00:00\" \/>\n<meta property=\"og:image\" content=\"https:\/\/vieassociative.be\/actualites\/wp-content\/uploads\/2025\/07\/Ma-scie-a-mitre-combinee-preferee-est-de-43-de.png\" \/>\n<meta name=\"author\" content=\"Julien\" \/>\n<meta name=\"twitter:card\" content=\"summary_large_image\" \/>\n<meta name=\"twitter:label1\" content=\"\u00c9crit par\" \/>\n\t<meta name=\"twitter:data1\" content=\"Julien\" \/>\n\t<meta name=\"twitter:label2\" content=\"Dur\u00e9e de lecture est.\" \/>\n\t<meta name=\"twitter:data2\" content=\"4 minutes\" \/>\n<script type=\"application\/ld+json\" class=\"yoast-schema-graph\">{\"@context\":\"https:\/\/schema.org\",\"@graph\":[{\"@type\":\"Article\",\"@id\":\"https:\/\/vieassociative.be\/actualites\/ma-scie-a-mitre-combinee-preferee-est-de-43-de-rabais-chez-home-depot-en-ce-moment\/#article\",\"isPartOf\":{\"@id\":\"https:\/\/vieassociative.be\/actualites\/ma-scie-a-mitre-combinee-preferee-est-de-43-de-rabais-chez-home-depot-en-ce-moment\/\"},\"author\":{\"name\":\"Julien\",\"@id\":\"https:\/\/vieassociative.be\/actualites\/#\/schema\/person\/b87ac4f82f9d4e7b7cec7395b679edc4\"},\"headline\":\"Ma scie \u00e0 mitre combin\u00e9e pr\u00e9f\u00e9r\u00e9e est de 43% de rabais chez Home Depot en ce moment\",\"datePublished\":\"2025-07-29T18:17:16+00:00\",\"dateModified\":\"2025-07-29T18:17:16+00:00\",\"mainEntityOfPage\":{\"@id\":\"https:\/\/vieassociative.be\/actualites\/ma-scie-a-mitre-combinee-preferee-est-de-43-de-rabais-chez-home-depot-en-ce-moment\/\"},\"wordCount\":800,\"publisher\":{\"@id\":\"https:\/\/vieassociative.be\/actualites\/#organization\"},\"image\":{\"@id\":\"https:\/\/vieassociative.be\/actualites\/ma-scie-a-mitre-combinee-preferee-est-de-43-de-rabais-chez-home-depot-en-ce-moment\/#primaryimage\"},\"thumbnailUrl\":\"https:\/\/vieassociative.be\/actualites\/wp-content\/uploads\/2025\/07\/1753813038_Ma-scie-a-mitre-combinee-preferee-est-de-43-de.png\",\"keywords\":[\"chez\",\"combin\u00e9e\",\"Depot\",\"est\",\"Home\",\"mitre\",\"moment\",\"pr\u00e9f\u00e9r\u00e9e\",\"rabais\",\"scie\"],\"articleSection\":[\"Maison\"],\"inLanguage\":\"fr-BE\"},{\"@type\":\"WebPage\",\"@id\":\"https:\/\/vieassociative.be\/actualites\/ma-scie-a-mitre-combinee-preferee-est-de-43-de-rabais-chez-home-depot-en-ce-moment\/\",\"url\":\"https:\/\/vieassociative.be\/actualites\/ma-scie-a-mitre-combinee-preferee-est-de-43-de-rabais-chez-home-depot-en-ce-moment\/\",\"name\":\"Ma scie \u00e0 mitre combin\u00e9e pr\u00e9f\u00e9r\u00e9e est de 43% de rabais chez Home Depot en ce moment | Vie Associative\",\"isPartOf\":{\"@id\":\"https:\/\/vieassociative.be\/actualites\/#website\"},\"primaryImageOfPage\":{\"@id\":\"https:\/\/vieassociative.be\/actualites\/ma-scie-a-mitre-combinee-preferee-est-de-43-de-rabais-chez-home-depot-en-ce-moment\/#primaryimage\"},\"image\":{\"@id\":\"https:\/\/vieassociative.be\/actualites\/ma-scie-a-mitre-combinee-preferee-est-de-43-de-rabais-chez-home-depot-en-ce-moment\/#primaryimage\"},\"thumbnailUrl\":\"https:\/\/vieassociative.be\/actualites\/wp-content\/uploads\/2025\/07\/1753813038_Ma-scie-a-mitre-combinee-preferee-est-de-43-de.png\",\"datePublished\":\"2025-07-29T18:17:16+00:00\",\"dateModified\":\"2025-07-29T18:17:16+00:00\",\"breadcrumb\":{\"@id\":\"https:\/\/vieassociative.be\/actualites\/ma-scie-a-mitre-combinee-preferee-est-de-43-de-rabais-chez-home-depot-en-ce-moment\/#breadcrumb\"},\"inLanguage\":\"fr-BE\",\"potentialAction\":[{\"@type\":\"ReadAction\",\"target\":[\"https:\/\/vieassociative.be\/actualites\/ma-scie-a-mitre-combinee-preferee-est-de-43-de-rabais-chez-home-depot-en-ce-moment\/\"]}]},{\"@type\":\"ImageObject\",\"inLanguage\":\"fr-BE\",\"@id\":\"https:\/\/vieassociative.be\/actualites\/ma-scie-a-mitre-combinee-preferee-est-de-43-de-rabais-chez-home-depot-en-ce-moment\/#primaryimage\",\"url\":\"https:\/\/vieassociative.be\/actualites\/wp-content\/uploads\/2025\/07\/1753813038_Ma-scie-a-mitre-combinee-preferee-est-de-43-de.png\",\"contentUrl\":\"https:\/\/vieassociative.be\/actualites\/wp-content\/uploads\/2025\/07\/1753813038_Ma-scie-a-mitre-combinee-preferee-est-de-43-de.png\",\"width\":1200,\"height\":675,\"caption\":\"Ma scie \u00e0 mitre combin\u00e9e pr\u00e9f\u00e9r\u00e9e est de 43% de rabais chez Home Depot en ce moment\"},{\"@type\":\"BreadcrumbList\",\"@id\":\"https:\/\/vieassociative.be\/actualites\/ma-scie-a-mitre-combinee-preferee-est-de-43-de-rabais-chez-home-depot-en-ce-moment\/#breadcrumb\",\"itemListElement\":[{\"@type\":\"ListItem\",\"position\":1,\"name\":\"Accueil\",\"item\":\"https:\/\/vieassociative.be\/actualites\/\"},{\"@type\":\"ListItem\",\"position\":2,\"name\":\"Ma scie \u00e0 mitre combin\u00e9e pr\u00e9f\u00e9r\u00e9e est de 43% de rabais chez Home Depot en ce moment\"}]},{\"@type\":\"WebSite\",\"@id\":\"https:\/\/vieassociative.be\/actualites\/#website\",\"url\":\"https:\/\/vieassociative.be\/actualites\/\",\"name\":\"Vie Associative\",\"description\":\"\",\"publisher\":{\"@id\":\"https:\/\/vieassociative.be\/actualites\/#organization\"},\"potentialAction\":[{\"@type\":\"SearchAction\",\"target\":{\"@type\":\"EntryPoint\",\"urlTemplate\":\"https:\/\/vieassociative.be\/actualites\/?s={search_term_string}\"},\"query-input\":{\"@type\":\"PropertyValueSpecification\",\"valueRequired\":true,\"valueName\":\"search_term_string\"}}],\"inLanguage\":\"fr-BE\"},{\"@type\":\"Organization\",\"@id\":\"https:\/\/vieassociative.be\/actualites\/#organization\",\"name\":\"Vie Associative\",\"url\":\"https:\/\/vieassociative.be\/actualites\/\",\"logo\":{\"@type\":\"ImageObject\",\"inLanguage\":\"fr-BE\",\"@id\":\"https:\/\/vieassociative.be\/actualites\/#\/schema\/logo\/image\/\",\"url\":\"https:\/\/vieassociative.be\/actualites\/wp-content\/uploads\/2024\/09\/cropped-vieassociative_favicon.ico.png\",\"contentUrl\":\"https:\/\/vieassociative.be\/actualites\/wp-content\/uploads\/2024\/09\/cropped-vieassociative_favicon.ico.png\",\"width\":512,\"height\":512,\"caption\":\"Vie Associative\"},\"image\":{\"@id\":\"https:\/\/vieassociative.be\/actualites\/#\/schema\/logo\/image\/\"}},{\"@type\":\"Person\",\"@id\":\"https:\/\/vieassociative.be\/actualites\/#\/schema\/person\/b87ac4f82f9d4e7b7cec7395b679edc4\",\"name\":\"Julien\",\"image\":{\"@type\":\"ImageObject\",\"inLanguage\":\"fr-BE\",\"@id\":\"https:\/\/vieassociative.be\/actualites\/#\/schema\/person\/image\/\",\"url\":\"https:\/\/vieassociative.be\/actualites\/wp-content\/uploads\/2024\/09\/vie-associative-1-150x150.jpg\",\"contentUrl\":\"https:\/\/vieassociative.be\/actualites\/wp-content\/uploads\/2024\/09\/vie-associative-1-150x150.jpg\",\"caption\":\"Julien\"},\"description\":\"Je suis Julien, r\u00e9dacteur pour Vie Associative. Passionn\u00e9 par le monde associatif depuis plus de 10 ans, j'ai \u00e0 c\u0153ur de partager des histoires inspirantes et de mettre en lumi\u00e8re les initiatives locales. Mon objectif est de sensibiliser et d'encourager l'engagement communautaire \u00e0 travers mes articles.\",\"sameAs\":[\"https:\/\/vieassociative.be\/\"]}]}<\/script>\n<!-- \/ Yoast SEO plugin. -->","yoast_head_json":{"title":"Ma scie \u00e0 mitre combin\u00e9e pr\u00e9f\u00e9r\u00e9e est de 43% de rabais chez Home Depot en ce moment | Vie Associative","robots":{"index":"index","follow":"follow","max-snippet":"max-snippet:-1","max-image-preview":"max-image-preview:large","max-video-preview":"max-video-preview:-1"},"canonical":"https:\/\/vieassociative.be\/actualites\/ma-scie-a-mitre-combinee-preferee-est-de-43-de-rabais-chez-home-depot-en-ce-moment\/","og_locale":"fr_FR","og_type":"article","og_title":"Ma scie \u00e0 mitre combin\u00e9e pr\u00e9f\u00e9r\u00e9e est de 43% de rabais chez Home Depot en ce moment | Vie Associative","og_description":"Et il est livr\u00e9 avec un stand. Si vous pr\u00e9voyez de faire du travail du bois &#8211; et surtout si vous coupez des garnitures &#8211;","og_url":"https:\/\/vieassociative.be\/actualites\/ma-scie-a-mitre-combinee-preferee-est-de-43-de-rabais-chez-home-depot-en-ce-moment\/","og_site_name":"Vie Associative","article_published_time":"2025-07-29T18:17:16+00:00","og_image":[{"url":"https:\/\/vieassociative.be\/actualites\/wp-content\/uploads\/2025\/07\/Ma-scie-a-mitre-combinee-preferee-est-de-43-de.png","type":"","width":"","height":""}],"author":"Julien","twitter_card":"summary_large_image","twitter_misc":{"\u00c9crit par":"Julien","Dur\u00e9e de lecture est.":"4 minutes"},"schema":{"@context":"https:\/\/schema.org","@graph":[{"@type":"Article","@id":"https:\/\/vieassociative.be\/actualites\/ma-scie-a-mitre-combinee-preferee-est-de-43-de-rabais-chez-home-depot-en-ce-moment\/#article","isPartOf":{"@id":"https:\/\/vieassociative.be\/actualites\/ma-scie-a-mitre-combinee-preferee-est-de-43-de-rabais-chez-home-depot-en-ce-moment\/"},"author":{"name":"Julien","@id":"https:\/\/vieassociative.be\/actualites\/#\/schema\/person\/b87ac4f82f9d4e7b7cec7395b679edc4"},"headline":"Ma scie \u00e0 mitre combin\u00e9e pr\u00e9f\u00e9r\u00e9e est de 43% de rabais chez Home Depot en ce moment","datePublished":"2025-07-29T18:17:16+00:00","dateModified":"2025-07-29T18:17:16+00:00","mainEntityOfPage":{"@id":"https:\/\/vieassociative.be\/actualites\/ma-scie-a-mitre-combinee-preferee-est-de-43-de-rabais-chez-home-depot-en-ce-moment\/"},"wordCount":800,"publisher":{"@id":"https:\/\/vieassociative.be\/actualites\/#organization"},"image":{"@id":"https:\/\/vieassociative.be\/actualites\/ma-scie-a-mitre-combinee-preferee-est-de-43-de-rabais-chez-home-depot-en-ce-moment\/#primaryimage"},"thumbnailUrl":"https:\/\/vieassociative.be\/actualites\/wp-content\/uploads\/2025\/07\/1753813038_Ma-scie-a-mitre-combinee-preferee-est-de-43-de.png","keywords":["chez","combin\u00e9e","Depot","est","Home","mitre","moment","pr\u00e9f\u00e9r\u00e9e","rabais","scie"],"articleSection":["Maison"],"inLanguage":"fr-BE"},{"@type":"WebPage","@id":"https:\/\/vieassociative.be\/actualites\/ma-scie-a-mitre-combinee-preferee-est-de-43-de-rabais-chez-home-depot-en-ce-moment\/","url":"https:\/\/vieassociative.be\/actualites\/ma-scie-a-mitre-combinee-preferee-est-de-43-de-rabais-chez-home-depot-en-ce-moment\/","name":"Ma scie \u00e0 mitre combin\u00e9e pr\u00e9f\u00e9r\u00e9e est de 43% de rabais chez Home Depot en ce moment | Vie Associative","isPartOf":{"@id":"https:\/\/vieassociative.be\/actualites\/#website"},"primaryImageOfPage":{"@id":"https:\/\/vieassociative.be\/actualites\/ma-scie-a-mitre-combinee-preferee-est-de-43-de-rabais-chez-home-depot-en-ce-moment\/#primaryimage"},"image":{"@id":"https:\/\/vieassociative.be\/actualites\/ma-scie-a-mitre-combinee-preferee-est-de-43-de-rabais-chez-home-depot-en-ce-moment\/#primaryimage"},"thumbnailUrl":"https:\/\/vieassociative.be\/actualites\/wp-content\/uploads\/2025\/07\/1753813038_Ma-scie-a-mitre-combinee-preferee-est-de-43-de.png","datePublished":"2025-07-29T18:17:16+00:00","dateModified":"2025-07-29T18:17:16+00:00","breadcrumb":{"@id":"https:\/\/vieassociative.be\/actualites\/ma-scie-a-mitre-combinee-preferee-est-de-43-de-rabais-chez-home-depot-en-ce-moment\/#breadcrumb"},"inLanguage":"fr-BE","potentialAction":[{"@type":"ReadAction","target":["https:\/\/vieassociative.be\/actualites\/ma-scie-a-mitre-combinee-preferee-est-de-43-de-rabais-chez-home-depot-en-ce-moment\/"]}]},{"@type":"ImageObject","inLanguage":"fr-BE","@id":"https:\/\/vieassociative.be\/actualites\/ma-scie-a-mitre-combinee-preferee-est-de-43-de-rabais-chez-home-depot-en-ce-moment\/#primaryimage","url":"https:\/\/vieassociative.be\/actualites\/wp-content\/uploads\/2025\/07\/1753813038_Ma-scie-a-mitre-combinee-preferee-est-de-43-de.png","contentUrl":"https:\/\/vieassociative.be\/actualites\/wp-content\/uploads\/2025\/07\/1753813038_Ma-scie-a-mitre-combinee-preferee-est-de-43-de.png","width":1200,"height":675,"caption":"Ma scie \u00e0 mitre combin\u00e9e pr\u00e9f\u00e9r\u00e9e est de 43% de rabais chez Home Depot en ce moment"},{"@type":"BreadcrumbList","@id":"https:\/\/vieassociative.be\/actualites\/ma-scie-a-mitre-combinee-preferee-est-de-43-de-rabais-chez-home-depot-en-ce-moment\/#breadcrumb","itemListElement":[{"@type":"ListItem","position":1,"name":"Accueil","item":"https:\/\/vieassociative.be\/actualites\/"},{"@type":"ListItem","position":2,"name":"Ma scie \u00e0 mitre combin\u00e9e pr\u00e9f\u00e9r\u00e9e est de 43% de rabais chez Home Depot en ce moment"}]},{"@type":"WebSite","@id":"https:\/\/vieassociative.be\/actualites\/#website","url":"https:\/\/vieassociative.be\/actualites\/","name":"Vie Associative","description":"","publisher":{"@id":"https:\/\/vieassociative.be\/actualites\/#organization"},"potentialAction":[{"@type":"SearchAction","target":{"@type":"EntryPoint","urlTemplate":"https:\/\/vieassociative.be\/actualites\/?s={search_term_string}"},"query-input":{"@type":"PropertyValueSpecification","valueRequired":true,"valueName":"search_term_string"}}],"inLanguage":"fr-BE"},{"@type":"Organization","@id":"https:\/\/vieassociative.be\/actualites\/#organization","name":"Vie Associative","url":"https:\/\/vieassociative.be\/actualites\/","logo":{"@type":"ImageObject","inLanguage":"fr-BE","@id":"https:\/\/vieassociative.be\/actualites\/#\/schema\/logo\/image\/","url":"https:\/\/vieassociative.be\/actualites\/wp-content\/uploads\/2024\/09\/cropped-vieassociative_favicon.ico.png","contentUrl":"https:\/\/vieassociative.be\/actualites\/wp-content\/uploads\/2024\/09\/cropped-vieassociative_favicon.ico.png","width":512,"height":512,"caption":"Vie Associative"},"image":{"@id":"https:\/\/vieassociative.be\/actualites\/#\/schema\/logo\/image\/"}},{"@type":"Person","@id":"https:\/\/vieassociative.be\/actualites\/#\/schema\/person\/b87ac4f82f9d4e7b7cec7395b679edc4","name":"Julien","image":{"@type":"ImageObject","inLanguage":"fr-BE","@id":"https:\/\/vieassociative.be\/actualites\/#\/schema\/person\/image\/","url":"https:\/\/vieassociative.be\/actualites\/wp-content\/uploads\/2024\/09\/vie-associative-1-150x150.jpg","contentUrl":"https:\/\/vieassociative.be\/actualites\/wp-content\/uploads\/2024\/09\/vie-associative-1-150x150.jpg","caption":"Julien"},"description":"Je suis Julien, r\u00e9dacteur pour Vie Associative. Passionn\u00e9 par le monde associatif depuis plus de 10 ans, j'ai \u00e0 c\u0153ur de partager des histoires inspirantes et de mettre en lumi\u00e8re les initiatives locales. Mon objectif est de sensibiliser et d'encourager l'engagement communautaire \u00e0 travers mes articles.","sameAs":["https:\/\/vieassociative.be\/"]}]}},"_links":{"self":[{"href":"https:\/\/vieassociative.be\/actualites\/wp-json\/wp\/v2\/posts\/9087"}],"collection":[{"href":"https:\/\/vieassociative.be\/actualites\/wp-json\/wp\/v2\/posts"}],"about":[{"href":"https:\/\/vieassociative.be\/actualites\/wp-json\/wp\/v2\/types\/post"}],"author":[{"embeddable":true,"href":"https:\/\/vieassociative.be\/actualites\/wp-json\/wp\/v2\/users\/1"}],"replies":[{"embeddable":true,"href":"https:\/\/vieassociative.be\/actualites\/wp-json\/wp\/v2\/comments?post=9087"}],"version-history":[{"count":0,"href":"https:\/\/vieassociative.be\/actualites\/wp-json\/wp\/v2\/posts\/9087\/revisions"}],"wp:featuredmedia":[{"embeddable":true,"href":"https:\/\/vieassociative.be\/actualites\/wp-json\/wp\/v2\/media\/9088"}],"wp:attachment":[{"href":"https:\/\/vieassociative.be\/actualites\/wp-json\/wp\/v2\/media?parent=9087"}],"wp:term":[{"taxonomy":"category","embeddable":true,"href":"https:\/\/vieassociative.be\/actualites\/wp-json\/wp\/v2\/categories?post=9087"},{"taxonomy":"post_tag","embeddable":true,"href":"https:\/\/vieassociative.be\/actualites\/wp-json\/wp\/v2\/tags?post=9087"}],"curies":[{"name":"wp","href":"https:\/\/api.w.org\/{rel}","templated":true}]}}