{"id":9079,"date":"2025-07-29T10:17:25","date_gmt":"2025-07-29T08:17:25","guid":{"rendered":"https:\/\/vieassociative.be\/actualites\/le-spectacle-de-montmartre-transforme-la-tournee-a-la-fin-de-la-chance-de-van-aert-pour-van-aert\/"},"modified":"2025-07-29T10:17:25","modified_gmt":"2025-07-29T08:17:25","slug":"le-spectacle-de-montmartre-transforme-la-tournee-a-la-fin-de-la-chance-de-van-aert-pour-van-aert","status":"publish","type":"post","link":"https:\/\/vieassociative.be\/actualites\/le-spectacle-de-montmartre-transforme-la-tournee-a-la-fin-de-la-chance-de-van-aert-pour-van-aert\/","title":{"rendered":"Le spectacle de Montmartre transforme la tourn\u00e9e \u00e0 la fin de la chance de van Aert pour Van Aert"},"content":{"rendered":"<p><strong>Sinon, le sprinter pourrait \u00eatre c\u00e9l\u00e9br\u00e9 \u00e0 la derni\u00e8re \u00e9tape de Paris. Mais il y a de grands changements. Et cela devrait \u00eatre condamn\u00e9 \u00e0 la fin &#8211; des professionnels rapides &#8211; ou non?<\/strong><\/p>\n<p><span id=\"more-421083\"><\/span>Les sprinters n&rsquo;ont pas la t\u00e2che du Tour de France. Des professionnels du cyclisme tels que Jonathan Milan, Tim Merlier ou Arnaud de Lie se sont tortur\u00e9s \u00e0 travers les Alpes avec beaucoup d&rsquo;efforts et dimanche \u00e0 la finale de la France, la finale traditionnelle du sprint aux Champs \u00c9lys\u00e9es est tr\u00e8s probable.<\/p>\n<p>Les organisateurs de l&rsquo;Amaury Sport Organisation (ASO) ont \u00e9quip\u00e9 la derni\u00e8re \u00e9tape de trois travers\u00e9es du district de Parisien vallonn\u00e9 \u00e0 Montmartre. L&rsquo;ann\u00e9e derni\u00e8re, la course aux v\u00e9los de route des Jeux olympiques a servi de mod\u00e8le. Avec le changement, les planificateurs veulent \u00e9galement c\u00e9l\u00e9brer qu&rsquo;il y a 50 ans, les professionnels du cyclisme sont arriv\u00e9s aux Champs-\u00c9lys\u00e9es pour la premi\u00e8re fois.<\/p>\n<div id=\"attachment_421085\" class=\"wp-caption alignleft\" style=\"max-width: 300px\"><img fetchpriority=\"high\" decoding=\"async\" class=\"wp-image-421085 size-medium\" src=\"https:\/\/vieassociative.be\/actualites\/wp-content\/uploads\/2025\/07\/Le-spectacle-de-Montmartre-transforme-la-tournee-a-la-fin.jpg\" alt=\"\" width=\"300\" height=\"200\"><\/div>\n<p>Dans les passages \u00e0 niveau, une inclinaison en moyenne de 5,9% est de 1,1 kilom\u00e8tre &#8211; probablement trop difficile pour la plupart des sprinter. En cons\u00e9quence, les conducteurs d&rsquo;un groupe d&rsquo;\u00e9vasion pourraient passer et sur la 21e \u00e9tape apr\u00e8s 132,5 kilom\u00e8tres voler le spectacle.<\/p>\n<p>La tourn\u00e9e traditionnelle d&rsquo;Honneur est-elle que les pilotes de notation g\u00e9n\u00e9raux n&rsquo;attaquent pas les contints de leader global pour le vainqueur de la tourn\u00e9e rapide Tadej Pogacar? Le conducteur exceptionnel slov\u00e8ne a d\u00e9clar\u00e9 qu&rsquo;il n&rsquo;\u00e9tait pas n\u00e9cessaire de prendre des risques. \u00ab\u00a0Nous verrons comment est la course. Si nous pouvons \u00eatre l\u00e0 \u00e0 l&rsquo;avant, nous essayons. Sinon, alors nous voulons profiter de Paris.\u00a0\u00bb<\/p>\n<p>Il n&rsquo;\u00e9tait pas l\u00e0 aux Jeux olympiques l&rsquo;ann\u00e9e derni\u00e8re. \u00c0 ce moment-l\u00e0, le Belge Remco Evenepoel a gagn\u00e9 apr\u00e8s avoir pr\u00e9c\u00e9demment remport\u00e9 la m\u00e9daille d&rsquo;or lors du contre-la-montre individuel.<\/p>\n<p>Les amis des groupes d&rsquo;\u00e9vasion devraient \u00eatre tr\u00e8s heureux d&rsquo;ennuyer le sprinter. Ainsi aussi la star du v\u00e9lo belge Wout Van Aert: \u00ab\u00a0Maintenant, avec Montmartre, c&rsquo;est plus une course classique, bien que ce soit une course courte et explosive. Mais c&rsquo;est \u00e0 moi\u00a0\u00bb, a-t-il d\u00e9clar\u00e9 \u00e0 Sporza. \u00ab\u00a0J&rsquo;esp\u00e8re que Pogacar ne s&rsquo;implique pas\u00a0\u00bb, a-t-il d\u00e9clar\u00e9. \u00ab\u00a0Pour \u00eatre honn\u00eate, il ne semble plus tr\u00e8s motiv\u00e9\u00a0\u00bb, a ensuite repouss\u00e9 le joueur de 30 ans. (DPA \/ CRE)<\/p>\n","protected":false},"excerpt":{"rendered":"<p>Sinon, le sprinter pourrait \u00eatre c\u00e9l\u00e9br\u00e9 \u00e0 la derni\u00e8re \u00e9tape de Paris. Mais il y a de grands changements. Et cela devrait \u00eatre condamn\u00e9 \u00e0<\/p>\n","protected":false},"author":1,"featured_media":9080,"comment_status":"","ping_status":"","sticky":false,"template":"","format":"standard","meta":{"footnotes":""},"categories":[298],"tags":[6144,5810,1908,7927,81,5101,7589,1302,4100],"class_list":["post-9079","post","type-post","status-publish","format-standard","has-post-thumbnail","hentry","category-belgique","tag-aert","tag-chance","tag-fin","tag-montmartre","tag-pour","tag-spectacle","tag-tournee","tag-transforme","tag-van","generate-columns","tablet-grid-50","mobile-grid-100","grid-parent","grid-33"],"yoast_head":"<!-- This site is optimized with the Yoast SEO plugin v24.0 - https:\/\/yoast.com\/wordpress\/plugins\/seo\/ -->\n<title>Le spectacle de Montmartre transforme la tourn\u00e9e \u00e0 la fin de la chance de van Aert pour Van Aert | Vie Associative<\/title>\n<meta name=\"robots\" content=\"index, follow, max-snippet:-1, max-image-preview:large, max-video-preview:-1\" \/>\n<link rel=\"canonical\" href=\"https:\/\/vieassociative.be\/actualites\/le-spectacle-de-montmartre-transforme-la-tournee-a-la-fin-de-la-chance-de-van-aert-pour-van-aert\/\" \/>\n<meta property=\"og:locale\" content=\"fr_FR\" \/>\n<meta property=\"og:type\" content=\"article\" \/>\n<meta property=\"og:title\" content=\"Le spectacle de Montmartre transforme la tourn\u00e9e \u00e0 la fin de la chance de van Aert pour Van Aert | Vie Associative\" \/>\n<meta property=\"og:description\" content=\"Sinon, le sprinter pourrait \u00eatre c\u00e9l\u00e9br\u00e9 \u00e0 la derni\u00e8re \u00e9tape de Paris. Mais il y a de grands changements. Et cela devrait \u00eatre condamn\u00e9 \u00e0\" \/>\n<meta property=\"og:url\" content=\"https:\/\/vieassociative.be\/actualites\/le-spectacle-de-montmartre-transforme-la-tournee-a-la-fin-de-la-chance-de-van-aert-pour-van-aert\/\" \/>\n<meta property=\"og:site_name\" content=\"Vie Associative\" \/>\n<meta property=\"article:published_time\" content=\"2025-07-29T08:17:25+00:00\" \/>\n<meta property=\"og:image\" content=\"https:\/\/vieassociative.be\/actualites\/wp-content\/uploads\/2024\/09\/header_backgroundk-01-e1726694325946.png\" \/>\n\t<meta property=\"og:image:width\" content=\"279\" \/>\n\t<meta property=\"og:image:height\" content=\"92\" \/>\n\t<meta property=\"og:image:type\" content=\"image\/png\" \/>\n<meta name=\"author\" content=\"Julien\" \/>\n<meta name=\"twitter:card\" content=\"summary_large_image\" \/>\n<meta name=\"twitter:label1\" content=\"\u00c9crit par\" \/>\n\t<meta name=\"twitter:data1\" content=\"Julien\" \/>\n\t<meta name=\"twitter:label2\" content=\"Dur\u00e9e de lecture est.\" \/>\n\t<meta name=\"twitter:data2\" content=\"2 minutes\" \/>\n<script type=\"application\/ld+json\" class=\"yoast-schema-graph\">{\"@context\":\"https:\/\/schema.org\",\"@graph\":[{\"@type\":\"Article\",\"@id\":\"https:\/\/vieassociative.be\/actualites\/le-spectacle-de-montmartre-transforme-la-tournee-a-la-fin-de-la-chance-de-van-aert-pour-van-aert\/#article\",\"isPartOf\":{\"@id\":\"https:\/\/vieassociative.be\/actualites\/le-spectacle-de-montmartre-transforme-la-tournee-a-la-fin-de-la-chance-de-van-aert-pour-van-aert\/\"},\"author\":{\"name\":\"Julien\",\"@id\":\"https:\/\/vieassociative.be\/actualites\/#\/schema\/person\/b87ac4f82f9d4e7b7cec7395b679edc4\"},\"headline\":\"Le spectacle de Montmartre transforme la tourn\u00e9e \u00e0 la fin de la chance de van Aert pour Van Aert\",\"datePublished\":\"2025-07-29T08:17:25+00:00\",\"dateModified\":\"2025-07-29T08:17:25+00:00\",\"mainEntityOfPage\":{\"@id\":\"https:\/\/vieassociative.be\/actualites\/le-spectacle-de-montmartre-transforme-la-tournee-a-la-fin-de-la-chance-de-van-aert-pour-van-aert\/\"},\"wordCount\":427,\"publisher\":{\"@id\":\"https:\/\/vieassociative.be\/actualites\/#organization\"},\"image\":{\"@id\":\"https:\/\/vieassociative.be\/actualites\/le-spectacle-de-montmartre-transforme-la-tournee-a-la-fin-de-la-chance-de-van-aert-pour-van-aert\/#primaryimage\"},\"thumbnailUrl\":\"https:\/\/vieassociative.be\/actualites\/wp-content\/uploads\/2025\/07\/1753777046_Le-spectacle-de-Montmartre-transforme-la-tournee-a-la-fin.jpg\",\"keywords\":[\"aert\",\"chance\",\"fin\",\"Montmartre\",\"pour\",\"Spectacle\",\"tourn\u00e9e\",\"transforme\",\"Van\"],\"articleSection\":[\"Belgique\"],\"inLanguage\":\"fr-BE\"},{\"@type\":\"WebPage\",\"@id\":\"https:\/\/vieassociative.be\/actualites\/le-spectacle-de-montmartre-transforme-la-tournee-a-la-fin-de-la-chance-de-van-aert-pour-van-aert\/\",\"url\":\"https:\/\/vieassociative.be\/actualites\/le-spectacle-de-montmartre-transforme-la-tournee-a-la-fin-de-la-chance-de-van-aert-pour-van-aert\/\",\"name\":\"Le spectacle de Montmartre transforme la tourn\u00e9e \u00e0 la fin de la chance de van Aert pour Van Aert | Vie Associative\",\"isPartOf\":{\"@id\":\"https:\/\/vieassociative.be\/actualites\/#website\"},\"primaryImageOfPage\":{\"@id\":\"https:\/\/vieassociative.be\/actualites\/le-spectacle-de-montmartre-transforme-la-tournee-a-la-fin-de-la-chance-de-van-aert-pour-van-aert\/#primaryimage\"},\"image\":{\"@id\":\"https:\/\/vieassociative.be\/actualites\/le-spectacle-de-montmartre-transforme-la-tournee-a-la-fin-de-la-chance-de-van-aert-pour-van-aert\/#primaryimage\"},\"thumbnailUrl\":\"https:\/\/vieassociative.be\/actualites\/wp-content\/uploads\/2025\/07\/1753777046_Le-spectacle-de-Montmartre-transforme-la-tournee-a-la-fin.jpg\",\"datePublished\":\"2025-07-29T08:17:25+00:00\",\"dateModified\":\"2025-07-29T08:17:25+00:00\",\"breadcrumb\":{\"@id\":\"https:\/\/vieassociative.be\/actualites\/le-spectacle-de-montmartre-transforme-la-tournee-a-la-fin-de-la-chance-de-van-aert-pour-van-aert\/#breadcrumb\"},\"inLanguage\":\"fr-BE\",\"potentialAction\":[{\"@type\":\"ReadAction\",\"target\":[\"https:\/\/vieassociative.be\/actualites\/le-spectacle-de-montmartre-transforme-la-tournee-a-la-fin-de-la-chance-de-van-aert-pour-van-aert\/\"]}]},{\"@type\":\"ImageObject\",\"inLanguage\":\"fr-BE\",\"@id\":\"https:\/\/vieassociative.be\/actualites\/le-spectacle-de-montmartre-transforme-la-tournee-a-la-fin-de-la-chance-de-van-aert-pour-van-aert\/#primaryimage\",\"url\":\"https:\/\/vieassociative.be\/actualites\/wp-content\/uploads\/2025\/07\/1753777046_Le-spectacle-de-Montmartre-transforme-la-tournee-a-la-fin.jpg\",\"contentUrl\":\"https:\/\/vieassociative.be\/actualites\/wp-content\/uploads\/2025\/07\/1753777046_Le-spectacle-de-Montmartre-transforme-la-tournee-a-la-fin.jpg\",\"width\":1200,\"height\":800,\"caption\":\"Le spectacle de Montmartre transforme la tourn\u00e9e \u00e0 la fin de la chance de van Aert pour Van Aert\"},{\"@type\":\"BreadcrumbList\",\"@id\":\"https:\/\/vieassociative.be\/actualites\/le-spectacle-de-montmartre-transforme-la-tournee-a-la-fin-de-la-chance-de-van-aert-pour-van-aert\/#breadcrumb\",\"itemListElement\":[{\"@type\":\"ListItem\",\"position\":1,\"name\":\"Accueil\",\"item\":\"https:\/\/vieassociative.be\/actualites\/\"},{\"@type\":\"ListItem\",\"position\":2,\"name\":\"Le spectacle de Montmartre transforme la tourn\u00e9e \u00e0 la fin de la chance de van Aert pour Van Aert\"}]},{\"@type\":\"WebSite\",\"@id\":\"https:\/\/vieassociative.be\/actualites\/#website\",\"url\":\"https:\/\/vieassociative.be\/actualites\/\",\"name\":\"Vie Associative\",\"description\":\"\",\"publisher\":{\"@id\":\"https:\/\/vieassociative.be\/actualites\/#organization\"},\"potentialAction\":[{\"@type\":\"SearchAction\",\"target\":{\"@type\":\"EntryPoint\",\"urlTemplate\":\"https:\/\/vieassociative.be\/actualites\/?s={search_term_string}\"},\"query-input\":{\"@type\":\"PropertyValueSpecification\",\"valueRequired\":true,\"valueName\":\"search_term_string\"}}],\"inLanguage\":\"fr-BE\"},{\"@type\":\"Organization\",\"@id\":\"https:\/\/vieassociative.be\/actualites\/#organization\",\"name\":\"Vie Associative\",\"url\":\"https:\/\/vieassociative.be\/actualites\/\",\"logo\":{\"@type\":\"ImageObject\",\"inLanguage\":\"fr-BE\",\"@id\":\"https:\/\/vieassociative.be\/actualites\/#\/schema\/logo\/image\/\",\"url\":\"https:\/\/vieassociative.be\/actualites\/wp-content\/uploads\/2024\/09\/cropped-vieassociative_favicon.ico.png\",\"contentUrl\":\"https:\/\/vieassociative.be\/actualites\/wp-content\/uploads\/2024\/09\/cropped-vieassociative_favicon.ico.png\",\"width\":512,\"height\":512,\"caption\":\"Vie Associative\"},\"image\":{\"@id\":\"https:\/\/vieassociative.be\/actualites\/#\/schema\/logo\/image\/\"}},{\"@type\":\"Person\",\"@id\":\"https:\/\/vieassociative.be\/actualites\/#\/schema\/person\/b87ac4f82f9d4e7b7cec7395b679edc4\",\"name\":\"Julien\",\"image\":{\"@type\":\"ImageObject\",\"inLanguage\":\"fr-BE\",\"@id\":\"https:\/\/vieassociative.be\/actualites\/#\/schema\/person\/image\/\",\"url\":\"https:\/\/vieassociative.be\/actualites\/wp-content\/uploads\/2024\/09\/vie-associative-1-150x150.jpg\",\"contentUrl\":\"https:\/\/vieassociative.be\/actualites\/wp-content\/uploads\/2024\/09\/vie-associative-1-150x150.jpg\",\"caption\":\"Julien\"},\"description\":\"Je suis Julien, r\u00e9dacteur pour Vie Associative. Passionn\u00e9 par le monde associatif depuis plus de 10 ans, j'ai \u00e0 c\u0153ur de partager des histoires inspirantes et de mettre en lumi\u00e8re les initiatives locales. Mon objectif est de sensibiliser et d'encourager l'engagement communautaire \u00e0 travers mes articles.\",\"sameAs\":[\"https:\/\/vieassociative.be\/\"]}]}<\/script>\n<!-- \/ Yoast SEO plugin. -->","yoast_head_json":{"title":"Le spectacle de Montmartre transforme la tourn\u00e9e \u00e0 la fin de la chance de van Aert pour Van Aert | Vie Associative","robots":{"index":"index","follow":"follow","max-snippet":"max-snippet:-1","max-image-preview":"max-image-preview:large","max-video-preview":"max-video-preview:-1"},"canonical":"https:\/\/vieassociative.be\/actualites\/le-spectacle-de-montmartre-transforme-la-tournee-a-la-fin-de-la-chance-de-van-aert-pour-van-aert\/","og_locale":"fr_FR","og_type":"article","og_title":"Le spectacle de Montmartre transforme la tourn\u00e9e \u00e0 la fin de la chance de van Aert pour Van Aert | Vie Associative","og_description":"Sinon, le sprinter pourrait \u00eatre c\u00e9l\u00e9br\u00e9 \u00e0 la derni\u00e8re \u00e9tape de Paris. Mais il y a de grands changements. Et cela devrait \u00eatre condamn\u00e9 \u00e0","og_url":"https:\/\/vieassociative.be\/actualites\/le-spectacle-de-montmartre-transforme-la-tournee-a-la-fin-de-la-chance-de-van-aert-pour-van-aert\/","og_site_name":"Vie Associative","article_published_time":"2025-07-29T08:17:25+00:00","og_image":[{"width":279,"height":92,"url":"https:\/\/vieassociative.be\/actualites\/wp-content\/uploads\/2024\/09\/header_backgroundk-01-e1726694325946.png","type":"image\/png"}],"author":"Julien","twitter_card":"summary_large_image","twitter_misc":{"\u00c9crit par":"Julien","Dur\u00e9e de lecture est.":"2 minutes"},"schema":{"@context":"https:\/\/schema.org","@graph":[{"@type":"Article","@id":"https:\/\/vieassociative.be\/actualites\/le-spectacle-de-montmartre-transforme-la-tournee-a-la-fin-de-la-chance-de-van-aert-pour-van-aert\/#article","isPartOf":{"@id":"https:\/\/vieassociative.be\/actualites\/le-spectacle-de-montmartre-transforme-la-tournee-a-la-fin-de-la-chance-de-van-aert-pour-van-aert\/"},"author":{"name":"Julien","@id":"https:\/\/vieassociative.be\/actualites\/#\/schema\/person\/b87ac4f82f9d4e7b7cec7395b679edc4"},"headline":"Le spectacle de Montmartre transforme la tourn\u00e9e \u00e0 la fin de la chance de van Aert pour Van Aert","datePublished":"2025-07-29T08:17:25+00:00","dateModified":"2025-07-29T08:17:25+00:00","mainEntityOfPage":{"@id":"https:\/\/vieassociative.be\/actualites\/le-spectacle-de-montmartre-transforme-la-tournee-a-la-fin-de-la-chance-de-van-aert-pour-van-aert\/"},"wordCount":427,"publisher":{"@id":"https:\/\/vieassociative.be\/actualites\/#organization"},"image":{"@id":"https:\/\/vieassociative.be\/actualites\/le-spectacle-de-montmartre-transforme-la-tournee-a-la-fin-de-la-chance-de-van-aert-pour-van-aert\/#primaryimage"},"thumbnailUrl":"https:\/\/vieassociative.be\/actualites\/wp-content\/uploads\/2025\/07\/1753777046_Le-spectacle-de-Montmartre-transforme-la-tournee-a-la-fin.jpg","keywords":["aert","chance","fin","Montmartre","pour","Spectacle","tourn\u00e9e","transforme","Van"],"articleSection":["Belgique"],"inLanguage":"fr-BE"},{"@type":"WebPage","@id":"https:\/\/vieassociative.be\/actualites\/le-spectacle-de-montmartre-transforme-la-tournee-a-la-fin-de-la-chance-de-van-aert-pour-van-aert\/","url":"https:\/\/vieassociative.be\/actualites\/le-spectacle-de-montmartre-transforme-la-tournee-a-la-fin-de-la-chance-de-van-aert-pour-van-aert\/","name":"Le spectacle de Montmartre transforme la tourn\u00e9e \u00e0 la fin de la chance de van Aert pour Van Aert | Vie Associative","isPartOf":{"@id":"https:\/\/vieassociative.be\/actualites\/#website"},"primaryImageOfPage":{"@id":"https:\/\/vieassociative.be\/actualites\/le-spectacle-de-montmartre-transforme-la-tournee-a-la-fin-de-la-chance-de-van-aert-pour-van-aert\/#primaryimage"},"image":{"@id":"https:\/\/vieassociative.be\/actualites\/le-spectacle-de-montmartre-transforme-la-tournee-a-la-fin-de-la-chance-de-van-aert-pour-van-aert\/#primaryimage"},"thumbnailUrl":"https:\/\/vieassociative.be\/actualites\/wp-content\/uploads\/2025\/07\/1753777046_Le-spectacle-de-Montmartre-transforme-la-tournee-a-la-fin.jpg","datePublished":"2025-07-29T08:17:25+00:00","dateModified":"2025-07-29T08:17:25+00:00","breadcrumb":{"@id":"https:\/\/vieassociative.be\/actualites\/le-spectacle-de-montmartre-transforme-la-tournee-a-la-fin-de-la-chance-de-van-aert-pour-van-aert\/#breadcrumb"},"inLanguage":"fr-BE","potentialAction":[{"@type":"ReadAction","target":["https:\/\/vieassociative.be\/actualites\/le-spectacle-de-montmartre-transforme-la-tournee-a-la-fin-de-la-chance-de-van-aert-pour-van-aert\/"]}]},{"@type":"ImageObject","inLanguage":"fr-BE","@id":"https:\/\/vieassociative.be\/actualites\/le-spectacle-de-montmartre-transforme-la-tournee-a-la-fin-de-la-chance-de-van-aert-pour-van-aert\/#primaryimage","url":"https:\/\/vieassociative.be\/actualites\/wp-content\/uploads\/2025\/07\/1753777046_Le-spectacle-de-Montmartre-transforme-la-tournee-a-la-fin.jpg","contentUrl":"https:\/\/vieassociative.be\/actualites\/wp-content\/uploads\/2025\/07\/1753777046_Le-spectacle-de-Montmartre-transforme-la-tournee-a-la-fin.jpg","width":1200,"height":800,"caption":"Le spectacle de Montmartre transforme la tourn\u00e9e \u00e0 la fin de la chance de van Aert pour Van Aert"},{"@type":"BreadcrumbList","@id":"https:\/\/vieassociative.be\/actualites\/le-spectacle-de-montmartre-transforme-la-tournee-a-la-fin-de-la-chance-de-van-aert-pour-van-aert\/#breadcrumb","itemListElement":[{"@type":"ListItem","position":1,"name":"Accueil","item":"https:\/\/vieassociative.be\/actualites\/"},{"@type":"ListItem","position":2,"name":"Le spectacle de Montmartre transforme la tourn\u00e9e \u00e0 la fin de la chance de van Aert pour Van Aert"}]},{"@type":"WebSite","@id":"https:\/\/vieassociative.be\/actualites\/#website","url":"https:\/\/vieassociative.be\/actualites\/","name":"Vie Associative","description":"","publisher":{"@id":"https:\/\/vieassociative.be\/actualites\/#organization"},"potentialAction":[{"@type":"SearchAction","target":{"@type":"EntryPoint","urlTemplate":"https:\/\/vieassociative.be\/actualites\/?s={search_term_string}"},"query-input":{"@type":"PropertyValueSpecification","valueRequired":true,"valueName":"search_term_string"}}],"inLanguage":"fr-BE"},{"@type":"Organization","@id":"https:\/\/vieassociative.be\/actualites\/#organization","name":"Vie Associative","url":"https:\/\/vieassociative.be\/actualites\/","logo":{"@type":"ImageObject","inLanguage":"fr-BE","@id":"https:\/\/vieassociative.be\/actualites\/#\/schema\/logo\/image\/","url":"https:\/\/vieassociative.be\/actualites\/wp-content\/uploads\/2024\/09\/cropped-vieassociative_favicon.ico.png","contentUrl":"https:\/\/vieassociative.be\/actualites\/wp-content\/uploads\/2024\/09\/cropped-vieassociative_favicon.ico.png","width":512,"height":512,"caption":"Vie Associative"},"image":{"@id":"https:\/\/vieassociative.be\/actualites\/#\/schema\/logo\/image\/"}},{"@type":"Person","@id":"https:\/\/vieassociative.be\/actualites\/#\/schema\/person\/b87ac4f82f9d4e7b7cec7395b679edc4","name":"Julien","image":{"@type":"ImageObject","inLanguage":"fr-BE","@id":"https:\/\/vieassociative.be\/actualites\/#\/schema\/person\/image\/","url":"https:\/\/vieassociative.be\/actualites\/wp-content\/uploads\/2024\/09\/vie-associative-1-150x150.jpg","contentUrl":"https:\/\/vieassociative.be\/actualites\/wp-content\/uploads\/2024\/09\/vie-associative-1-150x150.jpg","caption":"Julien"},"description":"Je suis Julien, r\u00e9dacteur pour Vie Associative. Passionn\u00e9 par le monde associatif depuis plus de 10 ans, j'ai \u00e0 c\u0153ur de partager des histoires inspirantes et de mettre en lumi\u00e8re les initiatives locales. Mon objectif est de sensibiliser et d'encourager l'engagement communautaire \u00e0 travers mes articles.","sameAs":["https:\/\/vieassociative.be\/"]}]}},"_links":{"self":[{"href":"https:\/\/vieassociative.be\/actualites\/wp-json\/wp\/v2\/posts\/9079"}],"collection":[{"href":"https:\/\/vieassociative.be\/actualites\/wp-json\/wp\/v2\/posts"}],"about":[{"href":"https:\/\/vieassociative.be\/actualites\/wp-json\/wp\/v2\/types\/post"}],"author":[{"embeddable":true,"href":"https:\/\/vieassociative.be\/actualites\/wp-json\/wp\/v2\/users\/1"}],"replies":[{"embeddable":true,"href":"https:\/\/vieassociative.be\/actualites\/wp-json\/wp\/v2\/comments?post=9079"}],"version-history":[{"count":0,"href":"https:\/\/vieassociative.be\/actualites\/wp-json\/wp\/v2\/posts\/9079\/revisions"}],"wp:featuredmedia":[{"embeddable":true,"href":"https:\/\/vieassociative.be\/actualites\/wp-json\/wp\/v2\/media\/9080"}],"wp:attachment":[{"href":"https:\/\/vieassociative.be\/actualites\/wp-json\/wp\/v2\/media?parent=9079"}],"wp:term":[{"taxonomy":"category","embeddable":true,"href":"https:\/\/vieassociative.be\/actualites\/wp-json\/wp\/v2\/categories?post=9079"},{"taxonomy":"post_tag","embeddable":true,"href":"https:\/\/vieassociative.be\/actualites\/wp-json\/wp\/v2\/tags?post=9079"}],"curies":[{"name":"wp","href":"https:\/\/api.w.org\/{rel}","templated":true}]}}