{"id":9074,"date":"2025-07-29T04:18:36","date_gmt":"2025-07-29T02:18:36","guid":{"rendered":"https:\/\/vieassociative.be\/actualites\/apres-genk-et-bruxelles-les-red-devils-jouent-leurs-trois-prochains-matchs-a-domicile-a-anderlecht-gand-et-liege\/"},"modified":"2025-07-29T04:18:36","modified_gmt":"2025-07-29T02:18:36","slug":"apres-genk-et-bruxelles-les-red-devils-jouent-leurs-trois-prochains-matchs-a-domicile-a-anderlecht-gand-et-liege","status":"publish","type":"post","link":"https:\/\/vieassociative.be\/actualites\/apres-genk-et-bruxelles-les-red-devils-jouent-leurs-trois-prochains-matchs-a-domicile-a-anderlecht-gand-et-liege\/","title":{"rendered":"Apr\u00e8s Genk et Bruxelles, les Red Devils jouent leurs trois prochains matchs \u00e0 domicile \u00e0 Anderlecht, Gand et Li\u00e8ge"},"content":{"rendered":"<p><strong>La deuxi\u00e8me \u00e9tape des s\u00e9ries \u00e9liminatoires pour le lieu o\u00f9 se trouve la A-League de la Ligue des nations contre l&rsquo;Ukraine, qui s&rsquo;est tenue au stade KRC Genk et a remport\u00e9 3-0, a encourag\u00e9 la Belgian Football Association \u00e0 jouer \u00e9galement trois des quatre qualifications suivantes pour la Coupe du monde 2026 aux \u00c9tats-Unis, au Mexique et au Canada dans des \u00e9tages plus petits mais plus atmosph\u00e9riques.<\/strong><\/p>\n<p><span id=\"more-421167\"><\/span>Apr\u00e8s le match contre le Pays de Galles, qui a eu lieu dans le stade de Bruxelles K\u00f6nig-Bau-Douin, les Red Devils recevront les trois prochaines pi\u00e8ces \u00e0 domicile \u00e0 Anderlecht, Gand et Li\u00e8ge.<\/p>\n<p>Les Red Devils ont re\u00e7u le Kazakhstan le 7 septembre \u00e0 Lotto Park \u00e0 Anderlecht et dans le nord de la Mac\u00e9doine le 10 octobre au Planet Group Arena \u00e0 Gand.<\/p>\n<p>Son dernier match de qualification pour la Coupe du monde 2026 joue l&rsquo;\u00e9quipe de l&rsquo;entra\u00eeneur Rudi Garcia dans le stade Maurice-Dufrasne \u00e0 Li\u00e8ge (Sclesnin). L\u00e0, ils ont re\u00e7u le Liechtenstein le 18 novembre, comme l&rsquo;a annonc\u00e9 lundi la Belgian Football Association (URBSFA).<\/p>\n<p>Ce jeu est le huiti\u00e8me et dernier de la s\u00e9rie de qualification pour la Coupe du monde aux \u00c9tats-Unis, au Mexique et au Canada. Les Red Devils de Rudi Garcia sont dans le groupe J avec le nord de la Mac\u00e9doine, du Pays de Galles, du Kazakhstan et du Liechtenstein. Ils ont commenc\u00e9 leurs qualifications en juin avec un match nul 1-1 dans le nord de la Mac\u00e9doine et une victoire de 4: 3 contre le Pays de Galles dans le stade K\u00f6nig-Bau-Douin. (Cre)<\/p>\n","protected":false},"excerpt":{"rendered":"<p>La deuxi\u00e8me \u00e9tape des s\u00e9ries \u00e9liminatoires pour le lieu o\u00f9 se trouve la A-League de la Ligue des nations contre l&rsquo;Ukraine, qui s&rsquo;est tenue au<\/p>\n","protected":false},"author":1,"featured_media":9075,"comment_status":"","ping_status":"","sticky":false,"template":"","format":"standard","meta":{"footnotes":""},"categories":[298],"tags":[2623,472,455,3313,2351,7153,932,984,14,845,6554,3023,5700,3312,771],"class_list":["post-9074","post","type-post","status-publish","format-standard","has-post-thumbnail","hentry","category-belgique","tag-anderlecht","tag-apres","tag-bruxelles","tag-devils","tag-domicile","tag-gand","tag-genk","tag-jouent","tag-les","tag-leurs","tag-liege","tag-matchs","tag-prochains","tag-red","tag-trois","generate-columns","tablet-grid-50","mobile-grid-100","grid-parent","grid-33"],"yoast_head":"<!-- This site is optimized with the Yoast SEO plugin v24.0 - https:\/\/yoast.com\/wordpress\/plugins\/seo\/ -->\n<title>Apr\u00e8s Genk et Bruxelles, les Red Devils jouent leurs trois prochains matchs \u00e0 domicile \u00e0 Anderlecht, Gand et Li\u00e8ge | Vie Associative<\/title>\n<meta name=\"robots\" content=\"index, follow, max-snippet:-1, max-image-preview:large, max-video-preview:-1\" \/>\n<link rel=\"canonical\" href=\"https:\/\/vieassociative.be\/actualites\/apres-genk-et-bruxelles-les-red-devils-jouent-leurs-trois-prochains-matchs-a-domicile-a-anderlecht-gand-et-liege\/\" \/>\n<meta property=\"og:locale\" content=\"fr_FR\" \/>\n<meta property=\"og:type\" content=\"article\" \/>\n<meta property=\"og:title\" content=\"Apr\u00e8s Genk et Bruxelles, les Red Devils jouent leurs trois prochains matchs \u00e0 domicile \u00e0 Anderlecht, Gand et Li\u00e8ge | Vie Associative\" \/>\n<meta property=\"og:description\" content=\"La deuxi\u00e8me \u00e9tape des s\u00e9ries \u00e9liminatoires pour le lieu o\u00f9 se trouve la A-League de la Ligue des nations contre l&rsquo;Ukraine, qui s&rsquo;est tenue au\" \/>\n<meta property=\"og:url\" content=\"https:\/\/vieassociative.be\/actualites\/apres-genk-et-bruxelles-les-red-devils-jouent-leurs-trois-prochains-matchs-a-domicile-a-anderlecht-gand-et-liege\/\" \/>\n<meta property=\"og:site_name\" content=\"Vie Associative\" \/>\n<meta property=\"article:published_time\" content=\"2025-07-29T02:18:36+00:00\" \/>\n<meta property=\"og:image\" content=\"https:\/\/vieassociative.be\/actualites\/wp-content\/uploads\/2024\/09\/header_backgroundk-01-e1726694325946.png\" \/>\n\t<meta property=\"og:image:width\" content=\"279\" \/>\n\t<meta property=\"og:image:height\" content=\"92\" \/>\n\t<meta property=\"og:image:type\" content=\"image\/png\" \/>\n<meta name=\"author\" content=\"Julien\" \/>\n<meta name=\"twitter:card\" content=\"summary_large_image\" \/>\n<meta name=\"twitter:label1\" content=\"\u00c9crit par\" \/>\n\t<meta name=\"twitter:data1\" content=\"Julien\" \/>\n\t<meta name=\"twitter:label2\" content=\"Dur\u00e9e de lecture est.\" \/>\n\t<meta name=\"twitter:data2\" content=\"1 minute\" \/>\n<script type=\"application\/ld+json\" class=\"yoast-schema-graph\">{\"@context\":\"https:\/\/schema.org\",\"@graph\":[{\"@type\":\"Article\",\"@id\":\"https:\/\/vieassociative.be\/actualites\/apres-genk-et-bruxelles-les-red-devils-jouent-leurs-trois-prochains-matchs-a-domicile-a-anderlecht-gand-et-liege\/#article\",\"isPartOf\":{\"@id\":\"https:\/\/vieassociative.be\/actualites\/apres-genk-et-bruxelles-les-red-devils-jouent-leurs-trois-prochains-matchs-a-domicile-a-anderlecht-gand-et-liege\/\"},\"author\":{\"name\":\"Julien\",\"@id\":\"https:\/\/vieassociative.be\/actualites\/#\/schema\/person\/b87ac4f82f9d4e7b7cec7395b679edc4\"},\"headline\":\"Apr\u00e8s Genk et Bruxelles, les Red Devils jouent leurs trois prochains matchs \u00e0 domicile \u00e0 Anderlecht, Gand et Li\u00e8ge\",\"datePublished\":\"2025-07-29T02:18:36+00:00\",\"dateModified\":\"2025-07-29T02:18:36+00:00\",\"mainEntityOfPage\":{\"@id\":\"https:\/\/vieassociative.be\/actualites\/apres-genk-et-bruxelles-les-red-devils-jouent-leurs-trois-prochains-matchs-a-domicile-a-anderlecht-gand-et-liege\/\"},\"wordCount\":284,\"publisher\":{\"@id\":\"https:\/\/vieassociative.be\/actualites\/#organization\"},\"image\":{\"@id\":\"https:\/\/vieassociative.be\/actualites\/apres-genk-et-bruxelles-les-red-devils-jouent-leurs-trois-prochains-matchs-a-domicile-a-anderlecht-gand-et-liege\/#primaryimage\"},\"thumbnailUrl\":\"https:\/\/vieassociative.be\/actualites\/wp-content\/uploads\/2025\/07\/Apres-Genk-et-Bruxelles-les-Red-Devils-jouent-leurs-trois.jpeg\",\"keywords\":[\"Anderlecht\",\"Apr\u00e8s\",\"Bruxelles\",\"Devils\",\"domicile\",\"Gand\",\"Genk\",\"jouent\",\"Les\",\"leurs\",\"Li\u00e8ge\",\"matchs\",\"prochains\",\"Red\",\"trois\"],\"articleSection\":[\"Belgique\"],\"inLanguage\":\"fr-BE\"},{\"@type\":\"WebPage\",\"@id\":\"https:\/\/vieassociative.be\/actualites\/apres-genk-et-bruxelles-les-red-devils-jouent-leurs-trois-prochains-matchs-a-domicile-a-anderlecht-gand-et-liege\/\",\"url\":\"https:\/\/vieassociative.be\/actualites\/apres-genk-et-bruxelles-les-red-devils-jouent-leurs-trois-prochains-matchs-a-domicile-a-anderlecht-gand-et-liege\/\",\"name\":\"Apr\u00e8s Genk et Bruxelles, les Red Devils jouent leurs trois prochains matchs \u00e0 domicile \u00e0 Anderlecht, Gand et Li\u00e8ge | Vie Associative\",\"isPartOf\":{\"@id\":\"https:\/\/vieassociative.be\/actualites\/#website\"},\"primaryImageOfPage\":{\"@id\":\"https:\/\/vieassociative.be\/actualites\/apres-genk-et-bruxelles-les-red-devils-jouent-leurs-trois-prochains-matchs-a-domicile-a-anderlecht-gand-et-liege\/#primaryimage\"},\"image\":{\"@id\":\"https:\/\/vieassociative.be\/actualites\/apres-genk-et-bruxelles-les-red-devils-jouent-leurs-trois-prochains-matchs-a-domicile-a-anderlecht-gand-et-liege\/#primaryimage\"},\"thumbnailUrl\":\"https:\/\/vieassociative.be\/actualites\/wp-content\/uploads\/2025\/07\/Apres-Genk-et-Bruxelles-les-Red-Devils-jouent-leurs-trois.jpeg\",\"datePublished\":\"2025-07-29T02:18:36+00:00\",\"dateModified\":\"2025-07-29T02:18:36+00:00\",\"breadcrumb\":{\"@id\":\"https:\/\/vieassociative.be\/actualites\/apres-genk-et-bruxelles-les-red-devils-jouent-leurs-trois-prochains-matchs-a-domicile-a-anderlecht-gand-et-liege\/#breadcrumb\"},\"inLanguage\":\"fr-BE\",\"potentialAction\":[{\"@type\":\"ReadAction\",\"target\":[\"https:\/\/vieassociative.be\/actualites\/apres-genk-et-bruxelles-les-red-devils-jouent-leurs-trois-prochains-matchs-a-domicile-a-anderlecht-gand-et-liege\/\"]}]},{\"@type\":\"ImageObject\",\"inLanguage\":\"fr-BE\",\"@id\":\"https:\/\/vieassociative.be\/actualites\/apres-genk-et-bruxelles-les-red-devils-jouent-leurs-trois-prochains-matchs-a-domicile-a-anderlecht-gand-et-liege\/#primaryimage\",\"url\":\"https:\/\/vieassociative.be\/actualites\/wp-content\/uploads\/2025\/07\/Apres-Genk-et-Bruxelles-les-Red-Devils-jouent-leurs-trois.jpeg\",\"contentUrl\":\"https:\/\/vieassociative.be\/actualites\/wp-content\/uploads\/2025\/07\/Apres-Genk-et-Bruxelles-les-Red-Devils-jouent-leurs-trois.jpeg\",\"width\":1000,\"height\":666,\"caption\":\"Apr\u00e8s Genk et Bruxelles, les Red Devils jouent leurs trois prochains matchs \u00e0 domicile \u00e0 Anderlecht, Gand et Li\u00e8ge\"},{\"@type\":\"BreadcrumbList\",\"@id\":\"https:\/\/vieassociative.be\/actualites\/apres-genk-et-bruxelles-les-red-devils-jouent-leurs-trois-prochains-matchs-a-domicile-a-anderlecht-gand-et-liege\/#breadcrumb\",\"itemListElement\":[{\"@type\":\"ListItem\",\"position\":1,\"name\":\"Accueil\",\"item\":\"https:\/\/vieassociative.be\/actualites\/\"},{\"@type\":\"ListItem\",\"position\":2,\"name\":\"Apr\u00e8s Genk et Bruxelles, les Red Devils jouent leurs trois prochains matchs \u00e0 domicile \u00e0 Anderlecht, Gand et Li\u00e8ge\"}]},{\"@type\":\"WebSite\",\"@id\":\"https:\/\/vieassociative.be\/actualites\/#website\",\"url\":\"https:\/\/vieassociative.be\/actualites\/\",\"name\":\"Vie Associative\",\"description\":\"\",\"publisher\":{\"@id\":\"https:\/\/vieassociative.be\/actualites\/#organization\"},\"potentialAction\":[{\"@type\":\"SearchAction\",\"target\":{\"@type\":\"EntryPoint\",\"urlTemplate\":\"https:\/\/vieassociative.be\/actualites\/?s={search_term_string}\"},\"query-input\":{\"@type\":\"PropertyValueSpecification\",\"valueRequired\":true,\"valueName\":\"search_term_string\"}}],\"inLanguage\":\"fr-BE\"},{\"@type\":\"Organization\",\"@id\":\"https:\/\/vieassociative.be\/actualites\/#organization\",\"name\":\"Vie Associative\",\"url\":\"https:\/\/vieassociative.be\/actualites\/\",\"logo\":{\"@type\":\"ImageObject\",\"inLanguage\":\"fr-BE\",\"@id\":\"https:\/\/vieassociative.be\/actualites\/#\/schema\/logo\/image\/\",\"url\":\"https:\/\/vieassociative.be\/actualites\/wp-content\/uploads\/2024\/09\/cropped-vieassociative_favicon.ico.png\",\"contentUrl\":\"https:\/\/vieassociative.be\/actualites\/wp-content\/uploads\/2024\/09\/cropped-vieassociative_favicon.ico.png\",\"width\":512,\"height\":512,\"caption\":\"Vie Associative\"},\"image\":{\"@id\":\"https:\/\/vieassociative.be\/actualites\/#\/schema\/logo\/image\/\"}},{\"@type\":\"Person\",\"@id\":\"https:\/\/vieassociative.be\/actualites\/#\/schema\/person\/b87ac4f82f9d4e7b7cec7395b679edc4\",\"name\":\"Julien\",\"image\":{\"@type\":\"ImageObject\",\"inLanguage\":\"fr-BE\",\"@id\":\"https:\/\/vieassociative.be\/actualites\/#\/schema\/person\/image\/\",\"url\":\"https:\/\/vieassociative.be\/actualites\/wp-content\/uploads\/2024\/09\/vie-associative-1-150x150.jpg\",\"contentUrl\":\"https:\/\/vieassociative.be\/actualites\/wp-content\/uploads\/2024\/09\/vie-associative-1-150x150.jpg\",\"caption\":\"Julien\"},\"description\":\"Je suis Julien, r\u00e9dacteur pour Vie Associative. Passionn\u00e9 par le monde associatif depuis plus de 10 ans, j'ai \u00e0 c\u0153ur de partager des histoires inspirantes et de mettre en lumi\u00e8re les initiatives locales. Mon objectif est de sensibiliser et d'encourager l'engagement communautaire \u00e0 travers mes articles.\",\"sameAs\":[\"https:\/\/vieassociative.be\/\"]}]}<\/script>\n<!-- \/ Yoast SEO plugin. -->","yoast_head_json":{"title":"Apr\u00e8s Genk et Bruxelles, les Red Devils jouent leurs trois prochains matchs \u00e0 domicile \u00e0 Anderlecht, Gand et Li\u00e8ge | Vie Associative","robots":{"index":"index","follow":"follow","max-snippet":"max-snippet:-1","max-image-preview":"max-image-preview:large","max-video-preview":"max-video-preview:-1"},"canonical":"https:\/\/vieassociative.be\/actualites\/apres-genk-et-bruxelles-les-red-devils-jouent-leurs-trois-prochains-matchs-a-domicile-a-anderlecht-gand-et-liege\/","og_locale":"fr_FR","og_type":"article","og_title":"Apr\u00e8s Genk et Bruxelles, les Red Devils jouent leurs trois prochains matchs \u00e0 domicile \u00e0 Anderlecht, Gand et Li\u00e8ge | Vie Associative","og_description":"La deuxi\u00e8me \u00e9tape des s\u00e9ries \u00e9liminatoires pour le lieu o\u00f9 se trouve la A-League de la Ligue des nations contre l&rsquo;Ukraine, qui s&rsquo;est tenue au","og_url":"https:\/\/vieassociative.be\/actualites\/apres-genk-et-bruxelles-les-red-devils-jouent-leurs-trois-prochains-matchs-a-domicile-a-anderlecht-gand-et-liege\/","og_site_name":"Vie Associative","article_published_time":"2025-07-29T02:18:36+00:00","og_image":[{"width":279,"height":92,"url":"https:\/\/vieassociative.be\/actualites\/wp-content\/uploads\/2024\/09\/header_backgroundk-01-e1726694325946.png","type":"image\/png"}],"author":"Julien","twitter_card":"summary_large_image","twitter_misc":{"\u00c9crit par":"Julien","Dur\u00e9e de lecture est.":"1 minute"},"schema":{"@context":"https:\/\/schema.org","@graph":[{"@type":"Article","@id":"https:\/\/vieassociative.be\/actualites\/apres-genk-et-bruxelles-les-red-devils-jouent-leurs-trois-prochains-matchs-a-domicile-a-anderlecht-gand-et-liege\/#article","isPartOf":{"@id":"https:\/\/vieassociative.be\/actualites\/apres-genk-et-bruxelles-les-red-devils-jouent-leurs-trois-prochains-matchs-a-domicile-a-anderlecht-gand-et-liege\/"},"author":{"name":"Julien","@id":"https:\/\/vieassociative.be\/actualites\/#\/schema\/person\/b87ac4f82f9d4e7b7cec7395b679edc4"},"headline":"Apr\u00e8s Genk et Bruxelles, les Red Devils jouent leurs trois prochains matchs \u00e0 domicile \u00e0 Anderlecht, Gand et Li\u00e8ge","datePublished":"2025-07-29T02:18:36+00:00","dateModified":"2025-07-29T02:18:36+00:00","mainEntityOfPage":{"@id":"https:\/\/vieassociative.be\/actualites\/apres-genk-et-bruxelles-les-red-devils-jouent-leurs-trois-prochains-matchs-a-domicile-a-anderlecht-gand-et-liege\/"},"wordCount":284,"publisher":{"@id":"https:\/\/vieassociative.be\/actualites\/#organization"},"image":{"@id":"https:\/\/vieassociative.be\/actualites\/apres-genk-et-bruxelles-les-red-devils-jouent-leurs-trois-prochains-matchs-a-domicile-a-anderlecht-gand-et-liege\/#primaryimage"},"thumbnailUrl":"https:\/\/vieassociative.be\/actualites\/wp-content\/uploads\/2025\/07\/Apres-Genk-et-Bruxelles-les-Red-Devils-jouent-leurs-trois.jpeg","keywords":["Anderlecht","Apr\u00e8s","Bruxelles","Devils","domicile","Gand","Genk","jouent","Les","leurs","Li\u00e8ge","matchs","prochains","Red","trois"],"articleSection":["Belgique"],"inLanguage":"fr-BE"},{"@type":"WebPage","@id":"https:\/\/vieassociative.be\/actualites\/apres-genk-et-bruxelles-les-red-devils-jouent-leurs-trois-prochains-matchs-a-domicile-a-anderlecht-gand-et-liege\/","url":"https:\/\/vieassociative.be\/actualites\/apres-genk-et-bruxelles-les-red-devils-jouent-leurs-trois-prochains-matchs-a-domicile-a-anderlecht-gand-et-liege\/","name":"Apr\u00e8s Genk et Bruxelles, les Red Devils jouent leurs trois prochains matchs \u00e0 domicile \u00e0 Anderlecht, Gand et Li\u00e8ge | Vie Associative","isPartOf":{"@id":"https:\/\/vieassociative.be\/actualites\/#website"},"primaryImageOfPage":{"@id":"https:\/\/vieassociative.be\/actualites\/apres-genk-et-bruxelles-les-red-devils-jouent-leurs-trois-prochains-matchs-a-domicile-a-anderlecht-gand-et-liege\/#primaryimage"},"image":{"@id":"https:\/\/vieassociative.be\/actualites\/apres-genk-et-bruxelles-les-red-devils-jouent-leurs-trois-prochains-matchs-a-domicile-a-anderlecht-gand-et-liege\/#primaryimage"},"thumbnailUrl":"https:\/\/vieassociative.be\/actualites\/wp-content\/uploads\/2025\/07\/Apres-Genk-et-Bruxelles-les-Red-Devils-jouent-leurs-trois.jpeg","datePublished":"2025-07-29T02:18:36+00:00","dateModified":"2025-07-29T02:18:36+00:00","breadcrumb":{"@id":"https:\/\/vieassociative.be\/actualites\/apres-genk-et-bruxelles-les-red-devils-jouent-leurs-trois-prochains-matchs-a-domicile-a-anderlecht-gand-et-liege\/#breadcrumb"},"inLanguage":"fr-BE","potentialAction":[{"@type":"ReadAction","target":["https:\/\/vieassociative.be\/actualites\/apres-genk-et-bruxelles-les-red-devils-jouent-leurs-trois-prochains-matchs-a-domicile-a-anderlecht-gand-et-liege\/"]}]},{"@type":"ImageObject","inLanguage":"fr-BE","@id":"https:\/\/vieassociative.be\/actualites\/apres-genk-et-bruxelles-les-red-devils-jouent-leurs-trois-prochains-matchs-a-domicile-a-anderlecht-gand-et-liege\/#primaryimage","url":"https:\/\/vieassociative.be\/actualites\/wp-content\/uploads\/2025\/07\/Apres-Genk-et-Bruxelles-les-Red-Devils-jouent-leurs-trois.jpeg","contentUrl":"https:\/\/vieassociative.be\/actualites\/wp-content\/uploads\/2025\/07\/Apres-Genk-et-Bruxelles-les-Red-Devils-jouent-leurs-trois.jpeg","width":1000,"height":666,"caption":"Apr\u00e8s Genk et Bruxelles, les Red Devils jouent leurs trois prochains matchs \u00e0 domicile \u00e0 Anderlecht, Gand et Li\u00e8ge"},{"@type":"BreadcrumbList","@id":"https:\/\/vieassociative.be\/actualites\/apres-genk-et-bruxelles-les-red-devils-jouent-leurs-trois-prochains-matchs-a-domicile-a-anderlecht-gand-et-liege\/#breadcrumb","itemListElement":[{"@type":"ListItem","position":1,"name":"Accueil","item":"https:\/\/vieassociative.be\/actualites\/"},{"@type":"ListItem","position":2,"name":"Apr\u00e8s Genk et Bruxelles, les Red Devils jouent leurs trois prochains matchs \u00e0 domicile \u00e0 Anderlecht, Gand et Li\u00e8ge"}]},{"@type":"WebSite","@id":"https:\/\/vieassociative.be\/actualites\/#website","url":"https:\/\/vieassociative.be\/actualites\/","name":"Vie Associative","description":"","publisher":{"@id":"https:\/\/vieassociative.be\/actualites\/#organization"},"potentialAction":[{"@type":"SearchAction","target":{"@type":"EntryPoint","urlTemplate":"https:\/\/vieassociative.be\/actualites\/?s={search_term_string}"},"query-input":{"@type":"PropertyValueSpecification","valueRequired":true,"valueName":"search_term_string"}}],"inLanguage":"fr-BE"},{"@type":"Organization","@id":"https:\/\/vieassociative.be\/actualites\/#organization","name":"Vie Associative","url":"https:\/\/vieassociative.be\/actualites\/","logo":{"@type":"ImageObject","inLanguage":"fr-BE","@id":"https:\/\/vieassociative.be\/actualites\/#\/schema\/logo\/image\/","url":"https:\/\/vieassociative.be\/actualites\/wp-content\/uploads\/2024\/09\/cropped-vieassociative_favicon.ico.png","contentUrl":"https:\/\/vieassociative.be\/actualites\/wp-content\/uploads\/2024\/09\/cropped-vieassociative_favicon.ico.png","width":512,"height":512,"caption":"Vie Associative"},"image":{"@id":"https:\/\/vieassociative.be\/actualites\/#\/schema\/logo\/image\/"}},{"@type":"Person","@id":"https:\/\/vieassociative.be\/actualites\/#\/schema\/person\/b87ac4f82f9d4e7b7cec7395b679edc4","name":"Julien","image":{"@type":"ImageObject","inLanguage":"fr-BE","@id":"https:\/\/vieassociative.be\/actualites\/#\/schema\/person\/image\/","url":"https:\/\/vieassociative.be\/actualites\/wp-content\/uploads\/2024\/09\/vie-associative-1-150x150.jpg","contentUrl":"https:\/\/vieassociative.be\/actualites\/wp-content\/uploads\/2024\/09\/vie-associative-1-150x150.jpg","caption":"Julien"},"description":"Je suis Julien, r\u00e9dacteur pour Vie Associative. Passionn\u00e9 par le monde associatif depuis plus de 10 ans, j'ai \u00e0 c\u0153ur de partager des histoires inspirantes et de mettre en lumi\u00e8re les initiatives locales. Mon objectif est de sensibiliser et d'encourager l'engagement communautaire \u00e0 travers mes articles.","sameAs":["https:\/\/vieassociative.be\/"]}]}},"_links":{"self":[{"href":"https:\/\/vieassociative.be\/actualites\/wp-json\/wp\/v2\/posts\/9074"}],"collection":[{"href":"https:\/\/vieassociative.be\/actualites\/wp-json\/wp\/v2\/posts"}],"about":[{"href":"https:\/\/vieassociative.be\/actualites\/wp-json\/wp\/v2\/types\/post"}],"author":[{"embeddable":true,"href":"https:\/\/vieassociative.be\/actualites\/wp-json\/wp\/v2\/users\/1"}],"replies":[{"embeddable":true,"href":"https:\/\/vieassociative.be\/actualites\/wp-json\/wp\/v2\/comments?post=9074"}],"version-history":[{"count":0,"href":"https:\/\/vieassociative.be\/actualites\/wp-json\/wp\/v2\/posts\/9074\/revisions"}],"wp:featuredmedia":[{"embeddable":true,"href":"https:\/\/vieassociative.be\/actualites\/wp-json\/wp\/v2\/media\/9075"}],"wp:attachment":[{"href":"https:\/\/vieassociative.be\/actualites\/wp-json\/wp\/v2\/media?parent=9074"}],"wp:term":[{"taxonomy":"category","embeddable":true,"href":"https:\/\/vieassociative.be\/actualites\/wp-json\/wp\/v2\/categories?post=9074"},{"taxonomy":"post_tag","embeddable":true,"href":"https:\/\/vieassociative.be\/actualites\/wp-json\/wp\/v2\/tags?post=9074"}],"curies":[{"name":"wp","href":"https:\/\/api.w.org\/{rel}","templated":true}]}}