{"id":9068,"date":"2025-07-28T22:17:00","date_gmt":"2025-07-28T20:17:00","guid":{"rendered":"https:\/\/vieassociative.be\/actualites\/alors-queupen-recueille-une-baisse-de-0-6-aux-defaites-krc-genk-quatre-et-un-match-nul-dans-cinq-jeux-de-test\/"},"modified":"2025-07-28T22:17:00","modified_gmt":"2025-07-28T20:17:00","slug":"alors-queupen-recueille-une-baisse-de-0-6-aux-defaites-krc-genk-quatre-et-un-match-nul-dans-cinq-jeux-de-test","status":"publish","type":"post","link":"https:\/\/vieassociative.be\/actualites\/alors-queupen-recueille-une-baisse-de-0-6-aux-defaites-krc-genk-quatre-et-un-match-nul-dans-cinq-jeux-de-test\/","title":{"rendered":"Alors qu&rsquo;Eupen recueille une baisse de 0: 6 aux d\u00e9faites KRC Genk-quatre et un match nul dans cinq jeux de test"},"content":{"rendered":"<p><strong>D\u00e9j\u00e0 le lendemain de la d\u00e9faite 1-2 au FC Br\u00fcgge le 1er match de la Jupil Pro League dimanche, le KRC Genk a jou\u00e9 un ami amical contre le club de deuxi\u00e8me division en tant qu&rsquo;Eupen, qui s&rsquo;est termin\u00e9 par un r\u00e9sultat de tennis: les documents en noir et blanc de l&rsquo;\u00e9quipe de l&rsquo;entra\u00eeneur Thorsten Fink clairement 0: 6.<\/strong><\/p>\n<p><span id=\"more-421220\"><\/span>Le jeu a eu lieu dans l&rsquo;exclusion du public. Comme l&rsquo;a rapport\u00e9 Voetbalkrant.com et Walfoot.be, se tenait \u00e0 Genk Lawal, Nkuba, Congolo, Palacios, Medina, Bangoura, Hrosovsky, Oyen, Heymans, Sor et Arokodare dans le onze d\u00e9butant.<\/p>\n<p>\u00c0 l&rsquo;exception de Palacios et Oyen, les joueurs substituts du match de dimanche dans le stade Jan Breydel contre le FC Bruges \u00e9taient.<\/p>\n<div id=\"attachment_342834\" class=\"wp-caption alignleft\" style=\"max-width: 300px\"><img fetchpriority=\"high\" decoding=\"async\" class=\"wp-image-342834 size-medium\" src=\"https:\/\/vieassociative.be\/actualites\/wp-content\/uploads\/2025\/07\/Alors-quEupen-recueille-une-baisse-de-0-6-aux-defaites.jpeg\" alt=\"\" width=\"300\" height=\"300\"><\/div>\n<p>Apr\u00e8s huit minutes, Heymans a marqu\u00e9 la t\u00eate. Une minute plus tard, le SOR est pass\u00e9 \u00e0 2-0. Arokodare a ensuite marqu\u00e9 3-0. Avec ce r\u00e9sultat, il est entr\u00e9 dans la pause \u00e0 mi-temps. Sor avait auparavant frapp\u00e9 le poteau.<\/p>\n<p>Apr\u00e8s le changement, Heymans a marqu\u00e9 4-0, Nkuba a marqu\u00e9 5-0 apr\u00e8s qu&rsquo;un mod\u00e8le d&rsquo;Arokodare et Mirisola ont fait le score final de 6: 0.<\/p>\n<p>L&rsquo;AS Eupen a concouru \u00e0 Genk avec les joueurs suivants: Hiller &#8211; Van Genecht, Paeshuyse, Plastun, Kennedy &#8211; Keita, Piron, M\u00f6hwald, Caliskan &#8211; Kasper, Nuhu.<\/p>\n<p>Exterleases: Bakkali pour Keita (46.), Gavory pour Kasper (58e), Bagou pour Piron (58e), Busquets pour Plastun (58.), Filorizzo pour Bagou (88.)<\/p>\n<p>Remarque: Jusqu&rsquo;\u00e0 pr\u00e9sent, l&rsquo;AS Eupen n&rsquo;a \u00e9t\u00e9 en mesure de gagner aucun de ses jeux pr\u00e9paratoires:<\/p>\n<ul>\n<li>Krc Genk &#8211; comme Eupen 6: 0<\/li>\n<li>FC Wiltz &#8211; comme Eupen 2: 1<\/li>\n<li>R. Antwerp FC &#8211; comme Eupen 2: 0<\/li>\n<li>Bonner Sc &#8211; comme Eupen 1: 1<\/li>\n<li>Sv Eintracht Trier &#8211; comme Eupen 3: 0<\/li>\n<\/ul>\n<p>Le dernier match pr\u00e9paratoire se poursuit samedi &#8211; cette fois \u00e0 domicile dans le stade Kehrweg. \u00c0 16 h, l&rsquo;\u00e9quipe de l&rsquo;entra\u00eeneur Bruno Pinheiro re\u00e7oit le club de deuxi\u00e8me division n\u00e9erlandais Willem II Tilburg. Une semaine plus tard, le noir et blanc jouent leur premier match de championnat dans la Challenger Pro League contre le FC Li\u00e8ge. (Cre)<\/p>\n","protected":false},"excerpt":{"rendered":"<p>D\u00e9j\u00e0 le lendemain de la d\u00e9faite 1-2 au FC Br\u00fcgge le 1er match de la Jupil Pro League dimanche, le KRC Genk a jou\u00e9 un<\/p>\n","protected":false},"author":1,"featured_media":9069,"comment_status":"","ping_status":"","sticky":false,"template":"","format":"standard","meta":{"footnotes":""},"categories":[298],"tags":[422,289,4786,317,166,7948,7949,350,931,2685,4158,5094,5261,186,110],"class_list":["post-9068","post","type-post","status-publish","format-standard","has-post-thumbnail","hentry","category-belgique","tag-alors","tag-aux","tag-baisse","tag-cinq","tag-dans","tag-defaites","tag-genkquatre","tag-jeux","tag-krc","tag-match","tag-nul","tag-queupen","tag-recueille","tag-test","tag-une","generate-columns","tablet-grid-50","mobile-grid-100","grid-parent","grid-33"],"yoast_head":"<!-- This site is optimized with the Yoast SEO plugin v24.0 - https:\/\/yoast.com\/wordpress\/plugins\/seo\/ -->\n<title>Alors qu&#039;Eupen recueille une baisse de 0: 6 aux d\u00e9faites KRC Genk-quatre et un match nul dans cinq jeux de test | Vie Associative<\/title>\n<meta name=\"robots\" content=\"index, follow, max-snippet:-1, max-image-preview:large, max-video-preview:-1\" \/>\n<link rel=\"canonical\" href=\"https:\/\/vieassociative.be\/actualites\/alors-queupen-recueille-une-baisse-de-0-6-aux-defaites-krc-genk-quatre-et-un-match-nul-dans-cinq-jeux-de-test\/\" \/>\n<meta property=\"og:locale\" content=\"fr_FR\" \/>\n<meta property=\"og:type\" content=\"article\" \/>\n<meta property=\"og:title\" content=\"Alors qu&#039;Eupen recueille une baisse de 0: 6 aux d\u00e9faites KRC Genk-quatre et un match nul dans cinq jeux de test | Vie Associative\" \/>\n<meta property=\"og:description\" content=\"D\u00e9j\u00e0 le lendemain de la d\u00e9faite 1-2 au FC Br\u00fcgge le 1er match de la Jupil Pro League dimanche, le KRC Genk a jou\u00e9 un\" \/>\n<meta property=\"og:url\" content=\"https:\/\/vieassociative.be\/actualites\/alors-queupen-recueille-une-baisse-de-0-6-aux-defaites-krc-genk-quatre-et-un-match-nul-dans-cinq-jeux-de-test\/\" \/>\n<meta property=\"og:site_name\" content=\"Vie Associative\" \/>\n<meta property=\"article:published_time\" content=\"2025-07-28T20:17:00+00:00\" \/>\n<meta property=\"og:image\" content=\"https:\/\/vieassociative.be\/actualites\/wp-content\/uploads\/2024\/09\/header_backgroundk-01-e1726694325946.png\" \/>\n\t<meta property=\"og:image:width\" content=\"279\" \/>\n\t<meta property=\"og:image:height\" content=\"92\" \/>\n\t<meta property=\"og:image:type\" content=\"image\/png\" \/>\n<meta name=\"author\" content=\"Julien\" \/>\n<meta name=\"twitter:card\" content=\"summary_large_image\" \/>\n<meta name=\"twitter:label1\" content=\"\u00c9crit par\" \/>\n\t<meta name=\"twitter:data1\" content=\"Julien\" \/>\n\t<meta name=\"twitter:label2\" content=\"Dur\u00e9e de lecture est.\" \/>\n\t<meta name=\"twitter:data2\" content=\"2 minutes\" \/>\n<script type=\"application\/ld+json\" class=\"yoast-schema-graph\">{\"@context\":\"https:\/\/schema.org\",\"@graph\":[{\"@type\":\"Article\",\"@id\":\"https:\/\/vieassociative.be\/actualites\/alors-queupen-recueille-une-baisse-de-0-6-aux-defaites-krc-genk-quatre-et-un-match-nul-dans-cinq-jeux-de-test\/#article\",\"isPartOf\":{\"@id\":\"https:\/\/vieassociative.be\/actualites\/alors-queupen-recueille-une-baisse-de-0-6-aux-defaites-krc-genk-quatre-et-un-match-nul-dans-cinq-jeux-de-test\/\"},\"author\":{\"name\":\"Julien\",\"@id\":\"https:\/\/vieassociative.be\/actualites\/#\/schema\/person\/b87ac4f82f9d4e7b7cec7395b679edc4\"},\"headline\":\"Alors qu&rsquo;Eupen recueille une baisse de 0: 6 aux d\u00e9faites KRC Genk-quatre et un match nul dans cinq jeux de test\",\"datePublished\":\"2025-07-28T20:17:00+00:00\",\"dateModified\":\"2025-07-28T20:17:00+00:00\",\"mainEntityOfPage\":{\"@id\":\"https:\/\/vieassociative.be\/actualites\/alors-queupen-recueille-une-baisse-de-0-6-aux-defaites-krc-genk-quatre-et-un-match-nul-dans-cinq-jeux-de-test\/\"},\"wordCount\":373,\"publisher\":{\"@id\":\"https:\/\/vieassociative.be\/actualites\/#organization\"},\"image\":{\"@id\":\"https:\/\/vieassociative.be\/actualites\/alors-queupen-recueille-une-baisse-de-0-6-aux-defaites-krc-genk-quatre-et-un-match-nul-dans-cinq-jeux-de-test\/#primaryimage\"},\"thumbnailUrl\":\"https:\/\/vieassociative.be\/actualites\/wp-content\/uploads\/2025\/07\/Alors-quEupen-recueille-une-baisse-de-0-6-aux-defaites.jpg\",\"keywords\":[\"Alors\",\"aux\",\"baisse\",\"Cinq\",\"dans\",\"d\u00e9faites\",\"Genkquatre\",\"jeux\",\"KRC\",\"match\",\"nul\",\"quEupen\",\"recueille\",\"test\",\"une\"],\"articleSection\":[\"Belgique\"],\"inLanguage\":\"fr-BE\"},{\"@type\":\"WebPage\",\"@id\":\"https:\/\/vieassociative.be\/actualites\/alors-queupen-recueille-une-baisse-de-0-6-aux-defaites-krc-genk-quatre-et-un-match-nul-dans-cinq-jeux-de-test\/\",\"url\":\"https:\/\/vieassociative.be\/actualites\/alors-queupen-recueille-une-baisse-de-0-6-aux-defaites-krc-genk-quatre-et-un-match-nul-dans-cinq-jeux-de-test\/\",\"name\":\"Alors qu'Eupen recueille une baisse de 0: 6 aux d\u00e9faites KRC Genk-quatre et un match nul dans cinq jeux de test | Vie Associative\",\"isPartOf\":{\"@id\":\"https:\/\/vieassociative.be\/actualites\/#website\"},\"primaryImageOfPage\":{\"@id\":\"https:\/\/vieassociative.be\/actualites\/alors-queupen-recueille-une-baisse-de-0-6-aux-defaites-krc-genk-quatre-et-un-match-nul-dans-cinq-jeux-de-test\/#primaryimage\"},\"image\":{\"@id\":\"https:\/\/vieassociative.be\/actualites\/alors-queupen-recueille-une-baisse-de-0-6-aux-defaites-krc-genk-quatre-et-un-match-nul-dans-cinq-jeux-de-test\/#primaryimage\"},\"thumbnailUrl\":\"https:\/\/vieassociative.be\/actualites\/wp-content\/uploads\/2025\/07\/Alors-quEupen-recueille-une-baisse-de-0-6-aux-defaites.jpg\",\"datePublished\":\"2025-07-28T20:17:00+00:00\",\"dateModified\":\"2025-07-28T20:17:00+00:00\",\"breadcrumb\":{\"@id\":\"https:\/\/vieassociative.be\/actualites\/alors-queupen-recueille-une-baisse-de-0-6-aux-defaites-krc-genk-quatre-et-un-match-nul-dans-cinq-jeux-de-test\/#breadcrumb\"},\"inLanguage\":\"fr-BE\",\"potentialAction\":[{\"@type\":\"ReadAction\",\"target\":[\"https:\/\/vieassociative.be\/actualites\/alors-queupen-recueille-une-baisse-de-0-6-aux-defaites-krc-genk-quatre-et-un-match-nul-dans-cinq-jeux-de-test\/\"]}]},{\"@type\":\"ImageObject\",\"inLanguage\":\"fr-BE\",\"@id\":\"https:\/\/vieassociative.be\/actualites\/alors-queupen-recueille-une-baisse-de-0-6-aux-defaites-krc-genk-quatre-et-un-match-nul-dans-cinq-jeux-de-test\/#primaryimage\",\"url\":\"https:\/\/vieassociative.be\/actualites\/wp-content\/uploads\/2025\/07\/Alors-quEupen-recueille-une-baisse-de-0-6-aux-defaites.jpg\",\"contentUrl\":\"https:\/\/vieassociative.be\/actualites\/wp-content\/uploads\/2025\/07\/Alors-quEupen-recueille-une-baisse-de-0-6-aux-defaites.jpg\",\"width\":1300,\"height\":869,\"caption\":\"Alors qu'Eupen recueille une baisse de 0: 6 aux d\u00e9faites KRC Genk-quatre et un match nul dans cinq jeux de test\"},{\"@type\":\"BreadcrumbList\",\"@id\":\"https:\/\/vieassociative.be\/actualites\/alors-queupen-recueille-une-baisse-de-0-6-aux-defaites-krc-genk-quatre-et-un-match-nul-dans-cinq-jeux-de-test\/#breadcrumb\",\"itemListElement\":[{\"@type\":\"ListItem\",\"position\":1,\"name\":\"Accueil\",\"item\":\"https:\/\/vieassociative.be\/actualites\/\"},{\"@type\":\"ListItem\",\"position\":2,\"name\":\"Alors qu&rsquo;Eupen recueille une baisse de 0: 6 aux d\u00e9faites KRC Genk-quatre et un match nul dans cinq jeux de test\"}]},{\"@type\":\"WebSite\",\"@id\":\"https:\/\/vieassociative.be\/actualites\/#website\",\"url\":\"https:\/\/vieassociative.be\/actualites\/\",\"name\":\"Vie Associative\",\"description\":\"\",\"publisher\":{\"@id\":\"https:\/\/vieassociative.be\/actualites\/#organization\"},\"potentialAction\":[{\"@type\":\"SearchAction\",\"target\":{\"@type\":\"EntryPoint\",\"urlTemplate\":\"https:\/\/vieassociative.be\/actualites\/?s={search_term_string}\"},\"query-input\":{\"@type\":\"PropertyValueSpecification\",\"valueRequired\":true,\"valueName\":\"search_term_string\"}}],\"inLanguage\":\"fr-BE\"},{\"@type\":\"Organization\",\"@id\":\"https:\/\/vieassociative.be\/actualites\/#organization\",\"name\":\"Vie Associative\",\"url\":\"https:\/\/vieassociative.be\/actualites\/\",\"logo\":{\"@type\":\"ImageObject\",\"inLanguage\":\"fr-BE\",\"@id\":\"https:\/\/vieassociative.be\/actualites\/#\/schema\/logo\/image\/\",\"url\":\"https:\/\/vieassociative.be\/actualites\/wp-content\/uploads\/2024\/09\/cropped-vieassociative_favicon.ico.png\",\"contentUrl\":\"https:\/\/vieassociative.be\/actualites\/wp-content\/uploads\/2024\/09\/cropped-vieassociative_favicon.ico.png\",\"width\":512,\"height\":512,\"caption\":\"Vie Associative\"},\"image\":{\"@id\":\"https:\/\/vieassociative.be\/actualites\/#\/schema\/logo\/image\/\"}},{\"@type\":\"Person\",\"@id\":\"https:\/\/vieassociative.be\/actualites\/#\/schema\/person\/b87ac4f82f9d4e7b7cec7395b679edc4\",\"name\":\"Julien\",\"image\":{\"@type\":\"ImageObject\",\"inLanguage\":\"fr-BE\",\"@id\":\"https:\/\/vieassociative.be\/actualites\/#\/schema\/person\/image\/\",\"url\":\"https:\/\/vieassociative.be\/actualites\/wp-content\/uploads\/2024\/09\/vie-associative-1-150x150.jpg\",\"contentUrl\":\"https:\/\/vieassociative.be\/actualites\/wp-content\/uploads\/2024\/09\/vie-associative-1-150x150.jpg\",\"caption\":\"Julien\"},\"description\":\"Je suis Julien, r\u00e9dacteur pour Vie Associative. Passionn\u00e9 par le monde associatif depuis plus de 10 ans, j'ai \u00e0 c\u0153ur de partager des histoires inspirantes et de mettre en lumi\u00e8re les initiatives locales. Mon objectif est de sensibiliser et d'encourager l'engagement communautaire \u00e0 travers mes articles.\",\"sameAs\":[\"https:\/\/vieassociative.be\/\"]}]}<\/script>\n<!-- \/ Yoast SEO plugin. -->","yoast_head_json":{"title":"Alors qu'Eupen recueille une baisse de 0: 6 aux d\u00e9faites KRC Genk-quatre et un match nul dans cinq jeux de test | Vie Associative","robots":{"index":"index","follow":"follow","max-snippet":"max-snippet:-1","max-image-preview":"max-image-preview:large","max-video-preview":"max-video-preview:-1"},"canonical":"https:\/\/vieassociative.be\/actualites\/alors-queupen-recueille-une-baisse-de-0-6-aux-defaites-krc-genk-quatre-et-un-match-nul-dans-cinq-jeux-de-test\/","og_locale":"fr_FR","og_type":"article","og_title":"Alors qu'Eupen recueille une baisse de 0: 6 aux d\u00e9faites KRC Genk-quatre et un match nul dans cinq jeux de test | Vie Associative","og_description":"D\u00e9j\u00e0 le lendemain de la d\u00e9faite 1-2 au FC Br\u00fcgge le 1er match de la Jupil Pro League dimanche, le KRC Genk a jou\u00e9 un","og_url":"https:\/\/vieassociative.be\/actualites\/alors-queupen-recueille-une-baisse-de-0-6-aux-defaites-krc-genk-quatre-et-un-match-nul-dans-cinq-jeux-de-test\/","og_site_name":"Vie Associative","article_published_time":"2025-07-28T20:17:00+00:00","og_image":[{"width":279,"height":92,"url":"https:\/\/vieassociative.be\/actualites\/wp-content\/uploads\/2024\/09\/header_backgroundk-01-e1726694325946.png","type":"image\/png"}],"author":"Julien","twitter_card":"summary_large_image","twitter_misc":{"\u00c9crit par":"Julien","Dur\u00e9e de lecture est.":"2 minutes"},"schema":{"@context":"https:\/\/schema.org","@graph":[{"@type":"Article","@id":"https:\/\/vieassociative.be\/actualites\/alors-queupen-recueille-une-baisse-de-0-6-aux-defaites-krc-genk-quatre-et-un-match-nul-dans-cinq-jeux-de-test\/#article","isPartOf":{"@id":"https:\/\/vieassociative.be\/actualites\/alors-queupen-recueille-une-baisse-de-0-6-aux-defaites-krc-genk-quatre-et-un-match-nul-dans-cinq-jeux-de-test\/"},"author":{"name":"Julien","@id":"https:\/\/vieassociative.be\/actualites\/#\/schema\/person\/b87ac4f82f9d4e7b7cec7395b679edc4"},"headline":"Alors qu&rsquo;Eupen recueille une baisse de 0: 6 aux d\u00e9faites KRC Genk-quatre et un match nul dans cinq jeux de test","datePublished":"2025-07-28T20:17:00+00:00","dateModified":"2025-07-28T20:17:00+00:00","mainEntityOfPage":{"@id":"https:\/\/vieassociative.be\/actualites\/alors-queupen-recueille-une-baisse-de-0-6-aux-defaites-krc-genk-quatre-et-un-match-nul-dans-cinq-jeux-de-test\/"},"wordCount":373,"publisher":{"@id":"https:\/\/vieassociative.be\/actualites\/#organization"},"image":{"@id":"https:\/\/vieassociative.be\/actualites\/alors-queupen-recueille-une-baisse-de-0-6-aux-defaites-krc-genk-quatre-et-un-match-nul-dans-cinq-jeux-de-test\/#primaryimage"},"thumbnailUrl":"https:\/\/vieassociative.be\/actualites\/wp-content\/uploads\/2025\/07\/Alors-quEupen-recueille-une-baisse-de-0-6-aux-defaites.jpg","keywords":["Alors","aux","baisse","Cinq","dans","d\u00e9faites","Genkquatre","jeux","KRC","match","nul","quEupen","recueille","test","une"],"articleSection":["Belgique"],"inLanguage":"fr-BE"},{"@type":"WebPage","@id":"https:\/\/vieassociative.be\/actualites\/alors-queupen-recueille-une-baisse-de-0-6-aux-defaites-krc-genk-quatre-et-un-match-nul-dans-cinq-jeux-de-test\/","url":"https:\/\/vieassociative.be\/actualites\/alors-queupen-recueille-une-baisse-de-0-6-aux-defaites-krc-genk-quatre-et-un-match-nul-dans-cinq-jeux-de-test\/","name":"Alors qu'Eupen recueille une baisse de 0: 6 aux d\u00e9faites KRC Genk-quatre et un match nul dans cinq jeux de test | Vie Associative","isPartOf":{"@id":"https:\/\/vieassociative.be\/actualites\/#website"},"primaryImageOfPage":{"@id":"https:\/\/vieassociative.be\/actualites\/alors-queupen-recueille-une-baisse-de-0-6-aux-defaites-krc-genk-quatre-et-un-match-nul-dans-cinq-jeux-de-test\/#primaryimage"},"image":{"@id":"https:\/\/vieassociative.be\/actualites\/alors-queupen-recueille-une-baisse-de-0-6-aux-defaites-krc-genk-quatre-et-un-match-nul-dans-cinq-jeux-de-test\/#primaryimage"},"thumbnailUrl":"https:\/\/vieassociative.be\/actualites\/wp-content\/uploads\/2025\/07\/Alors-quEupen-recueille-une-baisse-de-0-6-aux-defaites.jpg","datePublished":"2025-07-28T20:17:00+00:00","dateModified":"2025-07-28T20:17:00+00:00","breadcrumb":{"@id":"https:\/\/vieassociative.be\/actualites\/alors-queupen-recueille-une-baisse-de-0-6-aux-defaites-krc-genk-quatre-et-un-match-nul-dans-cinq-jeux-de-test\/#breadcrumb"},"inLanguage":"fr-BE","potentialAction":[{"@type":"ReadAction","target":["https:\/\/vieassociative.be\/actualites\/alors-queupen-recueille-une-baisse-de-0-6-aux-defaites-krc-genk-quatre-et-un-match-nul-dans-cinq-jeux-de-test\/"]}]},{"@type":"ImageObject","inLanguage":"fr-BE","@id":"https:\/\/vieassociative.be\/actualites\/alors-queupen-recueille-une-baisse-de-0-6-aux-defaites-krc-genk-quatre-et-un-match-nul-dans-cinq-jeux-de-test\/#primaryimage","url":"https:\/\/vieassociative.be\/actualites\/wp-content\/uploads\/2025\/07\/Alors-quEupen-recueille-une-baisse-de-0-6-aux-defaites.jpg","contentUrl":"https:\/\/vieassociative.be\/actualites\/wp-content\/uploads\/2025\/07\/Alors-quEupen-recueille-une-baisse-de-0-6-aux-defaites.jpg","width":1300,"height":869,"caption":"Alors qu'Eupen recueille une baisse de 0: 6 aux d\u00e9faites KRC Genk-quatre et un match nul dans cinq jeux de test"},{"@type":"BreadcrumbList","@id":"https:\/\/vieassociative.be\/actualites\/alors-queupen-recueille-une-baisse-de-0-6-aux-defaites-krc-genk-quatre-et-un-match-nul-dans-cinq-jeux-de-test\/#breadcrumb","itemListElement":[{"@type":"ListItem","position":1,"name":"Accueil","item":"https:\/\/vieassociative.be\/actualites\/"},{"@type":"ListItem","position":2,"name":"Alors qu&rsquo;Eupen recueille une baisse de 0: 6 aux d\u00e9faites KRC Genk-quatre et un match nul dans cinq jeux de test"}]},{"@type":"WebSite","@id":"https:\/\/vieassociative.be\/actualites\/#website","url":"https:\/\/vieassociative.be\/actualites\/","name":"Vie Associative","description":"","publisher":{"@id":"https:\/\/vieassociative.be\/actualites\/#organization"},"potentialAction":[{"@type":"SearchAction","target":{"@type":"EntryPoint","urlTemplate":"https:\/\/vieassociative.be\/actualites\/?s={search_term_string}"},"query-input":{"@type":"PropertyValueSpecification","valueRequired":true,"valueName":"search_term_string"}}],"inLanguage":"fr-BE"},{"@type":"Organization","@id":"https:\/\/vieassociative.be\/actualites\/#organization","name":"Vie Associative","url":"https:\/\/vieassociative.be\/actualites\/","logo":{"@type":"ImageObject","inLanguage":"fr-BE","@id":"https:\/\/vieassociative.be\/actualites\/#\/schema\/logo\/image\/","url":"https:\/\/vieassociative.be\/actualites\/wp-content\/uploads\/2024\/09\/cropped-vieassociative_favicon.ico.png","contentUrl":"https:\/\/vieassociative.be\/actualites\/wp-content\/uploads\/2024\/09\/cropped-vieassociative_favicon.ico.png","width":512,"height":512,"caption":"Vie Associative"},"image":{"@id":"https:\/\/vieassociative.be\/actualites\/#\/schema\/logo\/image\/"}},{"@type":"Person","@id":"https:\/\/vieassociative.be\/actualites\/#\/schema\/person\/b87ac4f82f9d4e7b7cec7395b679edc4","name":"Julien","image":{"@type":"ImageObject","inLanguage":"fr-BE","@id":"https:\/\/vieassociative.be\/actualites\/#\/schema\/person\/image\/","url":"https:\/\/vieassociative.be\/actualites\/wp-content\/uploads\/2024\/09\/vie-associative-1-150x150.jpg","contentUrl":"https:\/\/vieassociative.be\/actualites\/wp-content\/uploads\/2024\/09\/vie-associative-1-150x150.jpg","caption":"Julien"},"description":"Je suis Julien, r\u00e9dacteur pour Vie Associative. Passionn\u00e9 par le monde associatif depuis plus de 10 ans, j'ai \u00e0 c\u0153ur de partager des histoires inspirantes et de mettre en lumi\u00e8re les initiatives locales. Mon objectif est de sensibiliser et d'encourager l'engagement communautaire \u00e0 travers mes articles.","sameAs":["https:\/\/vieassociative.be\/"]}]}},"_links":{"self":[{"href":"https:\/\/vieassociative.be\/actualites\/wp-json\/wp\/v2\/posts\/9068"}],"collection":[{"href":"https:\/\/vieassociative.be\/actualites\/wp-json\/wp\/v2\/posts"}],"about":[{"href":"https:\/\/vieassociative.be\/actualites\/wp-json\/wp\/v2\/types\/post"}],"author":[{"embeddable":true,"href":"https:\/\/vieassociative.be\/actualites\/wp-json\/wp\/v2\/users\/1"}],"replies":[{"embeddable":true,"href":"https:\/\/vieassociative.be\/actualites\/wp-json\/wp\/v2\/comments?post=9068"}],"version-history":[{"count":0,"href":"https:\/\/vieassociative.be\/actualites\/wp-json\/wp\/v2\/posts\/9068\/revisions"}],"wp:featuredmedia":[{"embeddable":true,"href":"https:\/\/vieassociative.be\/actualites\/wp-json\/wp\/v2\/media\/9069"}],"wp:attachment":[{"href":"https:\/\/vieassociative.be\/actualites\/wp-json\/wp\/v2\/media?parent=9068"}],"wp:term":[{"taxonomy":"category","embeddable":true,"href":"https:\/\/vieassociative.be\/actualites\/wp-json\/wp\/v2\/categories?post=9068"},{"taxonomy":"post_tag","embeddable":true,"href":"https:\/\/vieassociative.be\/actualites\/wp-json\/wp\/v2\/tags?post=9068"}],"curies":[{"name":"wp","href":"https:\/\/api.w.org\/{rel}","templated":true}]}}