{"id":9066,"date":"2025-07-28T21:17:37","date_gmt":"2025-07-28T19:17:37","guid":{"rendered":"https:\/\/vieassociative.be\/actualites\/malgre-lavertissement-de-la-tsa-les-chargeurs-daeroport-ne-sont-probablement-pas-dangereux\/"},"modified":"2025-07-28T21:17:37","modified_gmt":"2025-07-28T19:17:37","slug":"malgre-lavertissement-de-la-tsa-les-chargeurs-daeroport-ne-sont-probablement-pas-dangereux","status":"publish","type":"post","link":"https:\/\/vieassociative.be\/actualites\/malgre-lavertissement-de-la-tsa-les-chargeurs-daeroport-ne-sont-probablement-pas-dangereux\/","title":{"rendered":"Malgr\u00e9 l&rsquo;avertissement de la TSA, les chargeurs d&rsquo;a\u00e9roport ne sont probablement pas dangereux"},"content":{"rendered":"<div class=\"mt-4 leading-6 md:mb-8\">Mais il y a des mesures que vous pouvez prendre pour prot\u00e9ger contre les risques hypoth\u00e9tiques.<\/div>\n<p><\/p>\n<p>On vous a-t-on dit de ne pas charger votre t\u00e9l\u00e9phone \u00e0 l&rsquo;a\u00e9roport? Beaucoup d&rsquo;entre nous ont, par des agences gouvernementales majeures comme le FBI, pas moins. La conversation est de retour dans les nouvelles, de mani\u00e8re confuse, \u00e0 partir d&rsquo;un article de mars sur la page Facebook officielle de la TSA. Comme le FBI, la TSA nous avertit d&rsquo;\u00e9viter \u00e0 la fois les ports USB et les r\u00e9seaux WiFi dans les lieux publics, comme les a\u00e9roports &#8211; et cela ne semble pas que beaucoup de choses ont chang\u00e9 de leur point de vue dans les quatre mois que ils ont affich\u00e9. <\/p>\n<p>Le message lui-m\u00eame, \u00e0 mon humble avis, est bizarre. Il se lit moins comme un PSA d&rsquo;une agence de s\u00e9curit\u00e9 officielle, et plus comme une publication de m\u00e9dias sociaux tap\u00e9e par un stagiaire d&rsquo;\u00e9t\u00e9. Le plus gros drapeau rouge pour moi est cette phrase, qui se lit Je voudrais penser qu&rsquo;une agence comme la TSA n&rsquo;aurait pas besoin de se dire \u00e0 quel point une menace de s\u00e9curit\u00e9 suppos\u00e9e est appel\u00e9e. <\/p>\n<p>Mais ignorant le manque d&rsquo;autorit\u00e9 dans le style du poteau, les avertissements eux-m\u00eames sont un peu \u00e9tranges. D&rsquo;o\u00f9 je suis assis, il y a peu de raisons l\u00e9gitimes pour susciter la panique sur ces deux probl\u00e8mes de s\u00e9curit\u00e9. Regardons chacun individuellement:<\/p>\n<h2 id=\"are-public-usb-ports-safe\">Les ports USB publics sont-ils s\u00fbrs?<\/h2>\n<p>L&rsquo;inqui\u00e9tude ici est que les mauvais acteurs peuvent infecter ces ports accessibles au public avec des logiciels malveillants, donc lorsque vous vous branchez, le malware s&rsquo;installe sur votre appareil. C&rsquo;est ce que l&rsquo;on appelle la prise de jus ou la prise de port.  <\/p>\n<p>Ce n&rsquo;est pas que la prise de jus semble impossible: les logiciels malveillants peuvent \u00eatre livr\u00e9s de plusieurs fa\u00e7ons. C&rsquo;est plus le fait qu&rsquo;il n&rsquo;y ait pas eu de cas connu de ce qui se passe dans la nature &#8211; \u00e0 l&rsquo;\u00e9gard d&rsquo;un exemple \u00e9ducatif \u00e0 DefCon 2011. Le FBI et la TSA pourraient-ils \u00eatre conscients des attaques que le public n&rsquo;est pas? Bien s\u00fbr. Mais je ne suis pas s\u00fbr que les ports USB de l&rsquo;a\u00e9roport soient des \u00e9pandeurs de logiciels malveillants massifs mais silencieux. Cela obligerait les mauvais acteurs \u00e0 acheter des billets d&rsquo;avion, \u00e0 entrer dans la zone s\u00e9curis\u00e9e de chaque a\u00e9roport et \u00e0 prendre le temps d&rsquo;infecter chaque port. Encore une fois, possible, mais, \u00e0 mon avis, peu probable. Pourquoi faire cela alors qu&rsquo;il est beaucoup plus facile de inciter les utilisateurs \u00e0 installer des logiciels malveillants \u00e0 partir de sites Web frauduleux? <\/p>\n<p>Les mauvais acteurs devraient \u00e9galement faire face aux c\u00e2bles USB qui ne facturent que, sans support pour le transfert de donn\u00e9es. Peut-\u00eatre que votre c\u00e2ble permet le transfert de donn\u00e9es, mais peut-\u00eatre que quelqu&rsquo;un d&rsquo;autre ne le fait pas. M\u00eame si le v\u00f4tre le fait, de nombreux smartphones modernes vous obligent \u00e0 accorder la permission d&rsquo;acc\u00e9der \u00e0 l&rsquo;appareil USB avant de pouvoir lancer un transfert de donn\u00e9es. Sans cette autorisation, la connexion ne facturera que votre appareil. S&rsquo;il est vrai que les chercheurs ont trouv\u00e9 des moyens de contourner ces d\u00e9fenses, il y a trop de variables pour que ce soit une m\u00e9thode d&rsquo;installation de logiciels malveillants efficace, et si j&rsquo;\u00e9tais un pirate, je ne pense pas que le jus valait la peine.<\/p>\n<p>Cela \u00e9tant dit, il y a peut-\u00eatre des ports USB manipul\u00e9s dans les a\u00e9roports, et les cas de Juice Jacking du FBI et de la TSA sont conscients, mais ne divulguent pas au public. Vous avez quelques options si vous devez facturer \u00e0 l&rsquo;a\u00e9roport en toute s\u00e9curit\u00e9.<\/p>\n<p>La premi\u00e8re consiste \u00e0 utiliser un pr\u00e9servatif USB \u00ab\u00a0\u00a0\u00bb: \u00ab\u00a0Les pr\u00e9servatifs USB transforment essentiellement n&rsquo;importe quel c\u00e2ble en c\u00e2ble de charge uniquement, en bloquant toutes les capacit\u00e9s de transfert de donn\u00e9es. Si vous avez un c\u00e2ble USB qui autrement installerait joyeusement les logiciels malveillants sur votre appareil, un pr\u00e9servatif USB bloquera cette activit\u00e9, afin que vous puissiez charger en toute s\u00e9curit\u00e9 et en toute s\u00e9curit\u00e9. Mais vous n&rsquo;avez pas besoin d&rsquo;un de ces appareils pour charger vos appareils en toute s\u00e9curit\u00e9 \u00e0 l&rsquo;a\u00e9roport: utilisez simplement les sorties murales. Ceux-ci ne pr\u00e9sentent aucun risque de prise de jus, car il n&rsquo;y a pas de capacit\u00e9s de transfert de donn\u00e9es ici. Branchez simplement votre adaptateur d&rsquo;alimentation dans la prise comme vous le feriez normalement et chargez la tranquillit\u00e9 d&rsquo;esprit.<\/p>\n<h2 id=\"is-public-wifi-safe\">Le WiFi public est-il s\u00fbr?<\/h2>\n<p>Le deuxi\u00e8me avertissement conseille aux voyageurs de ne pas utiliser le WiFi public gratuit, en particulier pour les achats en ligne ou de saisir des informations sensibles. C&rsquo;est un bon conseil, pour 2015. \u00c0 l&rsquo;\u00e9poque, la plupart des sites Web n&rsquo;\u00e9taient pas crypt\u00e9s, ce qui signifiait que votre trafic Internet \u00e9tait expos\u00e9 \u00e0 quiconque savait y acc\u00e9der. C&rsquo;est une chose si vous avez v\u00e9rifi\u00e9 les titres du New York Times, ou si vous avez regard\u00e9 une vid\u00e9o YouTube: les pirates pourraient voir ce trafic, mais il n&rsquo;y avait pas grand-chose \u00e0 voir avec cela \u00e0 part violer votre vie priv\u00e9e. Mais si vous avez entr\u00e9 des informations sensibles sur les sites, comme les mots de passe ou les sites accessibles avec des donn\u00e9es priv\u00e9es, comme le site Web de votre banque, vous avez une situation de s\u00e9curit\u00e9. C&rsquo;est pourquoi le (bon) conseil d&rsquo;ancien \u00e9tait d&rsquo;\u00e9viter d&rsquo;utiliser le WiFi public, en particulier pour ces types d&rsquo;activit\u00e9s.  <\/p>\n<p>Depuis 2018, cependant, la grande majorit\u00e9 des sites Web que vous visitez sont crypt\u00e9s. Cela signifie m\u00eame si vous utilisez le WiFi public <em>sans<\/em> cryptage, le trafic Web r\u00e9el est prot\u00e9g\u00e9. Les pirates ne pourront pas voir les informations que vous entrez sur ces sites, tant qu&rsquo;elles sont effectivement crypt\u00e9es. <\/p>\n<p>Donc, si vous utilisez le WiFi public &#8211; en particulier le WiFi public sans un certain type de protection par mot de passe &#8211; il suffit de rem\u00e9dier au site Web lui-m\u00eame crypt\u00e9 avant de vous connecter.<\/p>\n<p>Maintenant, vous voudrez toujours vous assurer que le site Web que vous visitez est non seulement crypt\u00e9, mais l\u00e9gitime. Les sites de phishing peuvent \u00e9galement utiliser HTTPS, alors assurez-vous que vous visitez r\u00e9ellement le site Web de votre banque avant de brancher vos informations. Ce conseil, bien s\u00fbr, s&rsquo;applique si vous utilisez le WiFi public ou votre WiFi \u00e0 domicile, de toute fa\u00e7on. Vous pouvez \u00e9galement prot\u00e9ger encore plus votre navigation sur le Web avec un VPN, ce qui r\u00e9duit votre trafic pour le rendre beaucoup plus difficile \u00e0 vous suivre. Vous pourriez vous connecter via l&rsquo;a\u00e9roport de Denver, mais votre trafic pourrait sembler provenir du Japon, du Panama ou de l&rsquo;Islande.<\/p>\n","protected":false},"excerpt":{"rendered":"<p>Mais il y a des mesures que vous pouvez prendre pour prot\u00e9ger contre les risques hypoth\u00e9tiques. On vous a-t-on dit de ne pas charger votre<\/p>\n","protected":false},"author":1,"featured_media":9067,"comment_status":"","ping_status":"","sticky":false,"template":"","format":"standard","meta":{"footnotes":""},"categories":[13],"tags":[7946,7947,1898,7945,14,4205,126,419,18,7251],"class_list":["post-9066","post","type-post","status-publish","format-standard","has-post-thumbnail","hentry","category-technologie","tag-chargeurs","tag-daeroport","tag-dangereux","tag-lavertissement","tag-les","tag-malgre","tag-pas","tag-probablement","tag-sont","tag-tsa","generate-columns","tablet-grid-50","mobile-grid-100","grid-parent","grid-33"],"yoast_head":"<!-- This site is optimized with the Yoast SEO plugin v24.0 - https:\/\/yoast.com\/wordpress\/plugins\/seo\/ -->\n<title>Malgr\u00e9 l&#039;avertissement de la TSA, les chargeurs d&#039;a\u00e9roport ne sont probablement pas dangereux | Vie Associative<\/title>\n<meta name=\"robots\" content=\"index, follow, max-snippet:-1, max-image-preview:large, max-video-preview:-1\" \/>\n<link rel=\"canonical\" href=\"https:\/\/vieassociative.be\/actualites\/malgre-lavertissement-de-la-tsa-les-chargeurs-daeroport-ne-sont-probablement-pas-dangereux\/\" \/>\n<meta property=\"og:locale\" content=\"fr_FR\" \/>\n<meta property=\"og:type\" content=\"article\" \/>\n<meta property=\"og:title\" content=\"Malgr\u00e9 l&#039;avertissement de la TSA, les chargeurs d&#039;a\u00e9roport ne sont probablement pas dangereux | Vie Associative\" \/>\n<meta property=\"og:description\" content=\"Mais il y a des mesures que vous pouvez prendre pour prot\u00e9ger contre les risques hypoth\u00e9tiques. On vous a-t-on dit de ne pas charger votre\" \/>\n<meta property=\"og:url\" content=\"https:\/\/vieassociative.be\/actualites\/malgre-lavertissement-de-la-tsa-les-chargeurs-daeroport-ne-sont-probablement-pas-dangereux\/\" \/>\n<meta property=\"og:site_name\" content=\"Vie Associative\" \/>\n<meta property=\"article:published_time\" content=\"2025-07-28T19:17:37+00:00\" \/>\n<meta property=\"og:image\" content=\"https:\/\/vieassociative.be\/actualites\/wp-content\/uploads\/2024\/09\/header_backgroundk-01-e1726694325946.png\" \/>\n\t<meta property=\"og:image:width\" content=\"279\" \/>\n\t<meta property=\"og:image:height\" content=\"92\" \/>\n\t<meta property=\"og:image:type\" content=\"image\/png\" \/>\n<meta name=\"author\" content=\"Julien\" \/>\n<meta name=\"twitter:card\" content=\"summary_large_image\" \/>\n<meta name=\"twitter:label1\" content=\"\u00c9crit par\" \/>\n\t<meta name=\"twitter:data1\" content=\"Julien\" \/>\n\t<meta name=\"twitter:label2\" content=\"Dur\u00e9e de lecture est.\" \/>\n\t<meta name=\"twitter:data2\" content=\"6 minutes\" \/>\n<script type=\"application\/ld+json\" class=\"yoast-schema-graph\">{\"@context\":\"https:\/\/schema.org\",\"@graph\":[{\"@type\":\"Article\",\"@id\":\"https:\/\/vieassociative.be\/actualites\/malgre-lavertissement-de-la-tsa-les-chargeurs-daeroport-ne-sont-probablement-pas-dangereux\/#article\",\"isPartOf\":{\"@id\":\"https:\/\/vieassociative.be\/actualites\/malgre-lavertissement-de-la-tsa-les-chargeurs-daeroport-ne-sont-probablement-pas-dangereux\/\"},\"author\":{\"name\":\"Julien\",\"@id\":\"https:\/\/vieassociative.be\/actualites\/#\/schema\/person\/b87ac4f82f9d4e7b7cec7395b679edc4\"},\"headline\":\"Malgr\u00e9 l&rsquo;avertissement de la TSA, les chargeurs d&rsquo;a\u00e9roport ne sont probablement pas dangereux\",\"datePublished\":\"2025-07-28T19:17:37+00:00\",\"dateModified\":\"2025-07-28T19:17:37+00:00\",\"mainEntityOfPage\":{\"@id\":\"https:\/\/vieassociative.be\/actualites\/malgre-lavertissement-de-la-tsa-les-chargeurs-daeroport-ne-sont-probablement-pas-dangereux\/\"},\"wordCount\":1210,\"publisher\":{\"@id\":\"https:\/\/vieassociative.be\/actualites\/#organization\"},\"image\":{\"@id\":\"https:\/\/vieassociative.be\/actualites\/malgre-lavertissement-de-la-tsa-les-chargeurs-daeroport-ne-sont-probablement-pas-dangereux\/#primaryimage\"},\"thumbnailUrl\":\"https:\/\/vieassociative.be\/actualites\/wp-content\/uploads\/2025\/07\/Malgre-lavertissement-de-la-TSA-les-chargeurs-daeroport-ne-sont.png\",\"keywords\":[\"chargeurs\",\"da\u00e9roport\",\"dangereux\",\"lavertissement\",\"Les\",\"malgr\u00e9\",\"pas\",\"probablement\",\"sont\",\"TSA\"],\"articleSection\":[\"Technologie\"],\"inLanguage\":\"fr-BE\"},{\"@type\":\"WebPage\",\"@id\":\"https:\/\/vieassociative.be\/actualites\/malgre-lavertissement-de-la-tsa-les-chargeurs-daeroport-ne-sont-probablement-pas-dangereux\/\",\"url\":\"https:\/\/vieassociative.be\/actualites\/malgre-lavertissement-de-la-tsa-les-chargeurs-daeroport-ne-sont-probablement-pas-dangereux\/\",\"name\":\"Malgr\u00e9 l'avertissement de la TSA, les chargeurs d'a\u00e9roport ne sont probablement pas dangereux | Vie Associative\",\"isPartOf\":{\"@id\":\"https:\/\/vieassociative.be\/actualites\/#website\"},\"primaryImageOfPage\":{\"@id\":\"https:\/\/vieassociative.be\/actualites\/malgre-lavertissement-de-la-tsa-les-chargeurs-daeroport-ne-sont-probablement-pas-dangereux\/#primaryimage\"},\"image\":{\"@id\":\"https:\/\/vieassociative.be\/actualites\/malgre-lavertissement-de-la-tsa-les-chargeurs-daeroport-ne-sont-probablement-pas-dangereux\/#primaryimage\"},\"thumbnailUrl\":\"https:\/\/vieassociative.be\/actualites\/wp-content\/uploads\/2025\/07\/Malgre-lavertissement-de-la-TSA-les-chargeurs-daeroport-ne-sont.png\",\"datePublished\":\"2025-07-28T19:17:37+00:00\",\"dateModified\":\"2025-07-28T19:17:37+00:00\",\"breadcrumb\":{\"@id\":\"https:\/\/vieassociative.be\/actualites\/malgre-lavertissement-de-la-tsa-les-chargeurs-daeroport-ne-sont-probablement-pas-dangereux\/#breadcrumb\"},\"inLanguage\":\"fr-BE\",\"potentialAction\":[{\"@type\":\"ReadAction\",\"target\":[\"https:\/\/vieassociative.be\/actualites\/malgre-lavertissement-de-la-tsa-les-chargeurs-daeroport-ne-sont-probablement-pas-dangereux\/\"]}]},{\"@type\":\"ImageObject\",\"inLanguage\":\"fr-BE\",\"@id\":\"https:\/\/vieassociative.be\/actualites\/malgre-lavertissement-de-la-tsa-les-chargeurs-daeroport-ne-sont-probablement-pas-dangereux\/#primaryimage\",\"url\":\"https:\/\/vieassociative.be\/actualites\/wp-content\/uploads\/2025\/07\/Malgre-lavertissement-de-la-TSA-les-chargeurs-daeroport-ne-sont.png\",\"contentUrl\":\"https:\/\/vieassociative.be\/actualites\/wp-content\/uploads\/2025\/07\/Malgre-lavertissement-de-la-TSA-les-chargeurs-daeroport-ne-sont.png\",\"width\":1200,\"height\":675,\"caption\":\"Malgr\u00e9 l'avertissement de la TSA, les chargeurs d'a\u00e9roport ne sont probablement pas dangereux\"},{\"@type\":\"BreadcrumbList\",\"@id\":\"https:\/\/vieassociative.be\/actualites\/malgre-lavertissement-de-la-tsa-les-chargeurs-daeroport-ne-sont-probablement-pas-dangereux\/#breadcrumb\",\"itemListElement\":[{\"@type\":\"ListItem\",\"position\":1,\"name\":\"Accueil\",\"item\":\"https:\/\/vieassociative.be\/actualites\/\"},{\"@type\":\"ListItem\",\"position\":2,\"name\":\"Malgr\u00e9 l&rsquo;avertissement de la TSA, les chargeurs d&rsquo;a\u00e9roport ne sont probablement pas dangereux\"}]},{\"@type\":\"WebSite\",\"@id\":\"https:\/\/vieassociative.be\/actualites\/#website\",\"url\":\"https:\/\/vieassociative.be\/actualites\/\",\"name\":\"Vie Associative\",\"description\":\"\",\"publisher\":{\"@id\":\"https:\/\/vieassociative.be\/actualites\/#organization\"},\"potentialAction\":[{\"@type\":\"SearchAction\",\"target\":{\"@type\":\"EntryPoint\",\"urlTemplate\":\"https:\/\/vieassociative.be\/actualites\/?s={search_term_string}\"},\"query-input\":{\"@type\":\"PropertyValueSpecification\",\"valueRequired\":true,\"valueName\":\"search_term_string\"}}],\"inLanguage\":\"fr-BE\"},{\"@type\":\"Organization\",\"@id\":\"https:\/\/vieassociative.be\/actualites\/#organization\",\"name\":\"Vie Associative\",\"url\":\"https:\/\/vieassociative.be\/actualites\/\",\"logo\":{\"@type\":\"ImageObject\",\"inLanguage\":\"fr-BE\",\"@id\":\"https:\/\/vieassociative.be\/actualites\/#\/schema\/logo\/image\/\",\"url\":\"https:\/\/vieassociative.be\/actualites\/wp-content\/uploads\/2024\/09\/cropped-vieassociative_favicon.ico.png\",\"contentUrl\":\"https:\/\/vieassociative.be\/actualites\/wp-content\/uploads\/2024\/09\/cropped-vieassociative_favicon.ico.png\",\"width\":512,\"height\":512,\"caption\":\"Vie Associative\"},\"image\":{\"@id\":\"https:\/\/vieassociative.be\/actualites\/#\/schema\/logo\/image\/\"}},{\"@type\":\"Person\",\"@id\":\"https:\/\/vieassociative.be\/actualites\/#\/schema\/person\/b87ac4f82f9d4e7b7cec7395b679edc4\",\"name\":\"Julien\",\"image\":{\"@type\":\"ImageObject\",\"inLanguage\":\"fr-BE\",\"@id\":\"https:\/\/vieassociative.be\/actualites\/#\/schema\/person\/image\/\",\"url\":\"https:\/\/vieassociative.be\/actualites\/wp-content\/uploads\/2024\/09\/vie-associative-1-150x150.jpg\",\"contentUrl\":\"https:\/\/vieassociative.be\/actualites\/wp-content\/uploads\/2024\/09\/vie-associative-1-150x150.jpg\",\"caption\":\"Julien\"},\"description\":\"Je suis Julien, r\u00e9dacteur pour Vie Associative. Passionn\u00e9 par le monde associatif depuis plus de 10 ans, j'ai \u00e0 c\u0153ur de partager des histoires inspirantes et de mettre en lumi\u00e8re les initiatives locales. Mon objectif est de sensibiliser et d'encourager l'engagement communautaire \u00e0 travers mes articles.\",\"sameAs\":[\"https:\/\/vieassociative.be\/\"]}]}<\/script>\n<!-- \/ Yoast SEO plugin. -->","yoast_head_json":{"title":"Malgr\u00e9 l'avertissement de la TSA, les chargeurs d'a\u00e9roport ne sont probablement pas dangereux | Vie Associative","robots":{"index":"index","follow":"follow","max-snippet":"max-snippet:-1","max-image-preview":"max-image-preview:large","max-video-preview":"max-video-preview:-1"},"canonical":"https:\/\/vieassociative.be\/actualites\/malgre-lavertissement-de-la-tsa-les-chargeurs-daeroport-ne-sont-probablement-pas-dangereux\/","og_locale":"fr_FR","og_type":"article","og_title":"Malgr\u00e9 l'avertissement de la TSA, les chargeurs d'a\u00e9roport ne sont probablement pas dangereux | Vie Associative","og_description":"Mais il y a des mesures que vous pouvez prendre pour prot\u00e9ger contre les risques hypoth\u00e9tiques. On vous a-t-on dit de ne pas charger votre","og_url":"https:\/\/vieassociative.be\/actualites\/malgre-lavertissement-de-la-tsa-les-chargeurs-daeroport-ne-sont-probablement-pas-dangereux\/","og_site_name":"Vie Associative","article_published_time":"2025-07-28T19:17:37+00:00","og_image":[{"width":279,"height":92,"url":"https:\/\/vieassociative.be\/actualites\/wp-content\/uploads\/2024\/09\/header_backgroundk-01-e1726694325946.png","type":"image\/png"}],"author":"Julien","twitter_card":"summary_large_image","twitter_misc":{"\u00c9crit par":"Julien","Dur\u00e9e de lecture est.":"6 minutes"},"schema":{"@context":"https:\/\/schema.org","@graph":[{"@type":"Article","@id":"https:\/\/vieassociative.be\/actualites\/malgre-lavertissement-de-la-tsa-les-chargeurs-daeroport-ne-sont-probablement-pas-dangereux\/#article","isPartOf":{"@id":"https:\/\/vieassociative.be\/actualites\/malgre-lavertissement-de-la-tsa-les-chargeurs-daeroport-ne-sont-probablement-pas-dangereux\/"},"author":{"name":"Julien","@id":"https:\/\/vieassociative.be\/actualites\/#\/schema\/person\/b87ac4f82f9d4e7b7cec7395b679edc4"},"headline":"Malgr\u00e9 l&rsquo;avertissement de la TSA, les chargeurs d&rsquo;a\u00e9roport ne sont probablement pas dangereux","datePublished":"2025-07-28T19:17:37+00:00","dateModified":"2025-07-28T19:17:37+00:00","mainEntityOfPage":{"@id":"https:\/\/vieassociative.be\/actualites\/malgre-lavertissement-de-la-tsa-les-chargeurs-daeroport-ne-sont-probablement-pas-dangereux\/"},"wordCount":1210,"publisher":{"@id":"https:\/\/vieassociative.be\/actualites\/#organization"},"image":{"@id":"https:\/\/vieassociative.be\/actualites\/malgre-lavertissement-de-la-tsa-les-chargeurs-daeroport-ne-sont-probablement-pas-dangereux\/#primaryimage"},"thumbnailUrl":"https:\/\/vieassociative.be\/actualites\/wp-content\/uploads\/2025\/07\/Malgre-lavertissement-de-la-TSA-les-chargeurs-daeroport-ne-sont.png","keywords":["chargeurs","da\u00e9roport","dangereux","lavertissement","Les","malgr\u00e9","pas","probablement","sont","TSA"],"articleSection":["Technologie"],"inLanguage":"fr-BE"},{"@type":"WebPage","@id":"https:\/\/vieassociative.be\/actualites\/malgre-lavertissement-de-la-tsa-les-chargeurs-daeroport-ne-sont-probablement-pas-dangereux\/","url":"https:\/\/vieassociative.be\/actualites\/malgre-lavertissement-de-la-tsa-les-chargeurs-daeroport-ne-sont-probablement-pas-dangereux\/","name":"Malgr\u00e9 l'avertissement de la TSA, les chargeurs d'a\u00e9roport ne sont probablement pas dangereux | Vie Associative","isPartOf":{"@id":"https:\/\/vieassociative.be\/actualites\/#website"},"primaryImageOfPage":{"@id":"https:\/\/vieassociative.be\/actualites\/malgre-lavertissement-de-la-tsa-les-chargeurs-daeroport-ne-sont-probablement-pas-dangereux\/#primaryimage"},"image":{"@id":"https:\/\/vieassociative.be\/actualites\/malgre-lavertissement-de-la-tsa-les-chargeurs-daeroport-ne-sont-probablement-pas-dangereux\/#primaryimage"},"thumbnailUrl":"https:\/\/vieassociative.be\/actualites\/wp-content\/uploads\/2025\/07\/Malgre-lavertissement-de-la-TSA-les-chargeurs-daeroport-ne-sont.png","datePublished":"2025-07-28T19:17:37+00:00","dateModified":"2025-07-28T19:17:37+00:00","breadcrumb":{"@id":"https:\/\/vieassociative.be\/actualites\/malgre-lavertissement-de-la-tsa-les-chargeurs-daeroport-ne-sont-probablement-pas-dangereux\/#breadcrumb"},"inLanguage":"fr-BE","potentialAction":[{"@type":"ReadAction","target":["https:\/\/vieassociative.be\/actualites\/malgre-lavertissement-de-la-tsa-les-chargeurs-daeroport-ne-sont-probablement-pas-dangereux\/"]}]},{"@type":"ImageObject","inLanguage":"fr-BE","@id":"https:\/\/vieassociative.be\/actualites\/malgre-lavertissement-de-la-tsa-les-chargeurs-daeroport-ne-sont-probablement-pas-dangereux\/#primaryimage","url":"https:\/\/vieassociative.be\/actualites\/wp-content\/uploads\/2025\/07\/Malgre-lavertissement-de-la-TSA-les-chargeurs-daeroport-ne-sont.png","contentUrl":"https:\/\/vieassociative.be\/actualites\/wp-content\/uploads\/2025\/07\/Malgre-lavertissement-de-la-TSA-les-chargeurs-daeroport-ne-sont.png","width":1200,"height":675,"caption":"Malgr\u00e9 l'avertissement de la TSA, les chargeurs d'a\u00e9roport ne sont probablement pas dangereux"},{"@type":"BreadcrumbList","@id":"https:\/\/vieassociative.be\/actualites\/malgre-lavertissement-de-la-tsa-les-chargeurs-daeroport-ne-sont-probablement-pas-dangereux\/#breadcrumb","itemListElement":[{"@type":"ListItem","position":1,"name":"Accueil","item":"https:\/\/vieassociative.be\/actualites\/"},{"@type":"ListItem","position":2,"name":"Malgr\u00e9 l&rsquo;avertissement de la TSA, les chargeurs d&rsquo;a\u00e9roport ne sont probablement pas dangereux"}]},{"@type":"WebSite","@id":"https:\/\/vieassociative.be\/actualites\/#website","url":"https:\/\/vieassociative.be\/actualites\/","name":"Vie Associative","description":"","publisher":{"@id":"https:\/\/vieassociative.be\/actualites\/#organization"},"potentialAction":[{"@type":"SearchAction","target":{"@type":"EntryPoint","urlTemplate":"https:\/\/vieassociative.be\/actualites\/?s={search_term_string}"},"query-input":{"@type":"PropertyValueSpecification","valueRequired":true,"valueName":"search_term_string"}}],"inLanguage":"fr-BE"},{"@type":"Organization","@id":"https:\/\/vieassociative.be\/actualites\/#organization","name":"Vie Associative","url":"https:\/\/vieassociative.be\/actualites\/","logo":{"@type":"ImageObject","inLanguage":"fr-BE","@id":"https:\/\/vieassociative.be\/actualites\/#\/schema\/logo\/image\/","url":"https:\/\/vieassociative.be\/actualites\/wp-content\/uploads\/2024\/09\/cropped-vieassociative_favicon.ico.png","contentUrl":"https:\/\/vieassociative.be\/actualites\/wp-content\/uploads\/2024\/09\/cropped-vieassociative_favicon.ico.png","width":512,"height":512,"caption":"Vie Associative"},"image":{"@id":"https:\/\/vieassociative.be\/actualites\/#\/schema\/logo\/image\/"}},{"@type":"Person","@id":"https:\/\/vieassociative.be\/actualites\/#\/schema\/person\/b87ac4f82f9d4e7b7cec7395b679edc4","name":"Julien","image":{"@type":"ImageObject","inLanguage":"fr-BE","@id":"https:\/\/vieassociative.be\/actualites\/#\/schema\/person\/image\/","url":"https:\/\/vieassociative.be\/actualites\/wp-content\/uploads\/2024\/09\/vie-associative-1-150x150.jpg","contentUrl":"https:\/\/vieassociative.be\/actualites\/wp-content\/uploads\/2024\/09\/vie-associative-1-150x150.jpg","caption":"Julien"},"description":"Je suis Julien, r\u00e9dacteur pour Vie Associative. Passionn\u00e9 par le monde associatif depuis plus de 10 ans, j'ai \u00e0 c\u0153ur de partager des histoires inspirantes et de mettre en lumi\u00e8re les initiatives locales. Mon objectif est de sensibiliser et d'encourager l'engagement communautaire \u00e0 travers mes articles.","sameAs":["https:\/\/vieassociative.be\/"]}]}},"_links":{"self":[{"href":"https:\/\/vieassociative.be\/actualites\/wp-json\/wp\/v2\/posts\/9066"}],"collection":[{"href":"https:\/\/vieassociative.be\/actualites\/wp-json\/wp\/v2\/posts"}],"about":[{"href":"https:\/\/vieassociative.be\/actualites\/wp-json\/wp\/v2\/types\/post"}],"author":[{"embeddable":true,"href":"https:\/\/vieassociative.be\/actualites\/wp-json\/wp\/v2\/users\/1"}],"replies":[{"embeddable":true,"href":"https:\/\/vieassociative.be\/actualites\/wp-json\/wp\/v2\/comments?post=9066"}],"version-history":[{"count":0,"href":"https:\/\/vieassociative.be\/actualites\/wp-json\/wp\/v2\/posts\/9066\/revisions"}],"wp:featuredmedia":[{"embeddable":true,"href":"https:\/\/vieassociative.be\/actualites\/wp-json\/wp\/v2\/media\/9067"}],"wp:attachment":[{"href":"https:\/\/vieassociative.be\/actualites\/wp-json\/wp\/v2\/media?parent=9066"}],"wp:term":[{"taxonomy":"category","embeddable":true,"href":"https:\/\/vieassociative.be\/actualites\/wp-json\/wp\/v2\/categories?post=9066"},{"taxonomy":"post_tag","embeddable":true,"href":"https:\/\/vieassociative.be\/actualites\/wp-json\/wp\/v2\/tags?post=9066"}],"curies":[{"name":"wp","href":"https:\/\/api.w.org\/{rel}","templated":true}]}}