{"id":9064,"date":"2025-07-28T20:17:13","date_gmt":"2025-07-28T18:17:13","guid":{"rendered":"https:\/\/vieassociative.be\/actualites\/le-guide-des-adultes-deconnectes-de-la-culture-des-enfants-gen-alpha-tue-la-blague-de-pet\/"},"modified":"2025-07-28T20:17:13","modified_gmt":"2025-07-28T18:17:13","slug":"le-guide-des-adultes-deconnectes-de-la-culture-des-enfants-gen-alpha-tue-la-blague-de-pet","status":"publish","type":"post","link":"https:\/\/vieassociative.be\/actualites\/le-guide-des-adultes-deconnectes-de-la-culture-des-enfants-gen-alpha-tue-la-blague-de-pet\/","title":{"rendered":"Le guide des adultes d\u00e9connect\u00e9s de la culture des enfants: Gen Alpha tue la blague de pet"},"content":{"rendered":"<div class=\"mt-4 leading-6 md:mb-8\">Le temps n&rsquo;est pas vraiment un cercle plat; C&rsquo;est une spirale vers le bas, chaque r\u00e9volution vous m\u00e8nant plus loin de la compr\u00e9hension de ce dont parlent les 16 ans.<\/div>\n<p><\/p>\n<p>Le temps n&rsquo;est pas vraiment un cercle plat; C&rsquo;est une spirale vers le bas, chaque r\u00e9volution vous m\u00e8nant plus loin de la compr\u00e9hension de ce dont parlent les 16 ans.<\/p>\n<p>\u00abL&rsquo;enfer est\u00ab baignant \u00bb?\u00bb Je vous entends vous demander. \u00abLa\u00ab perception polyphonique \u00bbest-elle un probl\u00e8me de sant\u00e9?\u00bb Vous continuez. \u00abEt pourquoi les enfants ne sont-ils pas<em> <\/em>Riant des pets plus!<em>? \u00ab\u00a0<\/em> Vous demandez plaintivement, une seule d\u00e9chirure coulant sur votre joue.<\/p>\n<p>C&rsquo;est une bonne chose que je sois ici, parce que j&rsquo;ai des r\u00e9ponses \u00e0 ces questions et bien d&rsquo;autres que vous n&rsquo;aviez m\u00eame pas pens\u00e9 \u00e0 poser. Alors pr\u00e9parez-vous \u00e0 engager votre ma\u00eetrise s\u00e9mantique contextuelle compl\u00e8te pour donner un sens au monde secret tout autour de vous. <\/p>\n<h2 id=\"is-gen-alpha-normalizing-farts\">Gen Alpha normalise-t-il les pets?<\/h2>\n<p>Nous devrons peut-\u00eatre affronter la possibilit\u00e9 troublante que Gen Alpha soit \u00e9motionnellement bien ajust\u00e9 et que les blagues de pet appartiennent au pass\u00e9.<\/p>\n<p>Rappelez-vous quand vous \u00e9tiez \u00e0 l&rsquo;\u00e9cole primaire, et que quelqu&rsquo;un coupait un pet et que tout le monde riait? Apparemment, cela n&rsquo;arrive plus. Il y a quelques vid\u00e9os qui explosent sur Tiktok o\u00f9 les jeunes enfants sont interview\u00e9s au sujet de l&rsquo;administration, et ils disent des choses vraiment sens\u00e9es comme \u00ab\u00a0c&rsquo;est normal\u00a0\u00bb et \u00ab\u00a0c&rsquo;est comme rire des hoquets\u00a0\u00bb. Le Gen A Kids dans ces vid\u00e9os rapporte \u00e9galement que personne n&rsquo;est choisi pour p\u00e9ter plus \u00e0 l&rsquo;\u00e9cole, m\u00eame si c&rsquo;est vraiment malodorant. Quel genre de monde sommes-nous <em>vivre dans<\/em>?<\/p>\n<p>V\u00e9rifiez-les:<\/p>\n<blockquote class=\"tiktokEmbed tiktok-embed\" data-video-id=\"7529160117644692767\" style=\"max-width: 605px;min-width: 325px;\">\n<section><\/section>\n<\/blockquote>\n<blockquote class=\"tiktokEmbed tiktok-embed\" data-video-id=\"7528969722163940638\" style=\"max-width: 605px;min-width: 325px;\">\n<section><\/section>\n<\/blockquote>\n<p>\u00ab\u00a0Quelques vid\u00e9os Tiktok\u00a0\u00bb est la d\u00e9finition de \u00ab\u00a0preuves rares et anecdotiques\u00a0\u00bb, mais \u00e7a <em>se sentir<\/em> Certes, et il y a quelque chose de convaincant dans la fa\u00e7on dont les enfants r\u00e9pondent, m\u00eame si vous ne pouvez pas en tirer absolument une conclusion. Ces enfants ne semblent pas \u00eatre <em>en essayant<\/em> accepter les autres, ou m\u00fbrir; Ils semblent vraiment perplexes par la question, comme s&rsquo;ils ne comprenaient pas pourquoi quelqu&rsquo;un pense que les pets sont dr\u00f4les. <\/p>\n<p>Je ne sais pas comment ressentir cela \u00e0 ce sujet. Il <em>est<\/em> Natural, mais d&rsquo;un autre c\u00f4t\u00e9, o\u00f9 est la fantaisie? Qu&rsquo;en est-il de la joie que vous obtenez lorsque quelqu&rsquo;un vous accuse de p\u00e9ter, et vous pouvez dire: \u00ab\u00a0Les odeurs sont le choqu\u00e9?\u00a0\u00bb Qu&rsquo;en est-il de ce rite de passe-temps qui d\u00e9finit la maturit\u00e9 lorsque vous p\u00e9tez devant d&rsquo;autres personnes et juste <em>propre<\/em> il? Les enfants ne comprendront pas <em>Selles flamboyantes<\/em> du tout, et ils ne sauront pas ce que Rodney Dangerfield signifie quand il dit: \u00ab\u00a0Quelqu&rsquo;un a-t-il march\u00e9 sur un canard?\u00a0\u00bb dans <em>Caddyhack<\/em>. Vraiment, un nouveau monde courageux. <\/p>\n<h2 id=\"what-are-dwerking-pwerking-and-bwerking\">Qu&rsquo;est-ce que \u00ab\u00a0Daiking\u00a0\u00bb, \u00ab\u00a0Pwerking\u00a0\u00bb et \u00ab\u00a0Bwerking?\u00a0\u00bb<\/h2>\n<p>Qu&rsquo;il s&rsquo;agisse du WAP, du mercredi ou de la bo\u00eete, Tiktok a toujours \u00e9t\u00e9 connu pour ses danses, et il y a trois nouvelles \u00e9tapes qui d\u00e9collent sur la plate-forme: Baiking, Pwerking et Bwerking. Les termes sont des variations de \u00abtwerking\u00bb. Le baignade est une variation centr\u00e9e sur les hommes du twerking, une d\u00e9finition approximative: \u00ab\u00a0Danse sexuellement suggestive caract\u00e9ris\u00e9e par des pouss\u00e9es de hanche rapides et r\u00e9p\u00e9t\u00e9es et des tremblements de la (argot pour les organes g\u00e9nitaux masculins).\u00a0\u00bb Le \u00ab\u00a0P\u00a0\u00bb dans \u00ab\u00a0Pwerking\u00a0\u00bb tremble du P, et le B dans \u00ab\u00a0Bwerking\u00a0\u00bb signifie \u00ab\u00a0Boobs\u00a0\u00bb. Voici des vid\u00e9os pour illustrer chacun:<\/p>\n<blockquote class=\"tiktokEmbed tiktok-embed\" data-video-id=\"7501014618861505835\" style=\"max-width: 605px;min-width: 325px;\">\n<section><\/section>\n<\/blockquote>\n<blockquote class=\"tiktokEmbed tiktok-embed\" data-video-id=\"7528899678205660471\" style=\"max-width: 605px;min-width: 325px;\">\n<section><\/section>\n<\/blockquote>\n<blockquote class=\"tiktokEmbed tiktok-embed\" data-video-id=\"7529185425567599886\" style=\"max-width: 605px;min-width: 325px;\">\n<section><\/section>\n<\/blockquote>\n<p>Les mouvements n&rsquo;ont rien de nouveau, bien s\u00fbr. Les gens dansent bizarres depuis toujours, c&rsquo;est donc un autre exemple de jeunes donnant un nouveau nom \u00e0 une vieille chose et pensant qu&rsquo;ils l&rsquo;ont invent\u00e9. Je suis all\u00e9 plus en d\u00e9tail dans ce post. <\/p>\n<p>(Pour plus de d\u00e9finitions d&rsquo;argot, consultez mon glossaire en constante augmentation de l&rsquo;argot de Gen Z et Gen Alpha.)<\/p>\n<h2 id=\"what-is-polyphonic-perception\">Qu&rsquo;est-ce que la \u00ab\u00a0perception polyphonique?\u00a0\u00bb<\/h2>\n<p>En parlant d&rsquo;enfants pensant qu&rsquo;ils ont tout invent\u00e9, Tiktoker Brelle a quelques r\u00e9flexions sur la th\u00e9orie musicale. Dans une vid\u00e9o r\u00e9cente, intitul\u00e9e \u00ab\u00a0Une repr\u00e9sentation visuelle de la perception polyphonique\u00a0\u00bb Elle d\u00e9compose comment elle entend \u00ab\u00a0My Love\u00a0\u00bb de Justin Timberlake, soulignant sa capacit\u00e9 \u00e0 \u00ab\u00a0entendre chaque composant et \u00e0 y r\u00e9pondre diff\u00e9remment\u00a0\u00bb et se vanter qu&rsquo;elle peut \u00ab\u00a0m\u00eame entendre le doux \u00ab\u00a0hhhhhs\u00a0\u00bb entre la m\u00e9lodie de ses piles vocales \u00ab\u00a0.<\/p>\n<blockquote class=\"tiktokEmbed tiktok-embed\" data-video-id=\"7525913570593213726\" style=\"max-width: 605px;min-width: 325px;\">\n<section><\/section>\n<\/blockquote>\n<p>Les commentateurs de Brelle ont rapidement fait le clown sur elle avec des messages comme \u00ab\u00a0Je tuerais pour cette combinaison d&rsquo;illusion et d&rsquo;\u00e9nergie du caract\u00e8re principal\u00a0\u00bb et \u00ab\u00a0J&rsquo;ai une polyvision. Je peux voir des deux yeux. C&rsquo;est honn\u00eatement un cadeau. Veuillez respecter mon voyage.\u00a0\u00bb <\/p>\n<p>Des blagues dr\u00f4les, mais je pense qu&rsquo;elle a un point (en quelque sorte). L&rsquo;appeler \u00abperception polyphonique\u00bb est ridicule (la plupart des gens per\u00e7oivent la polyphonie), mais certaines personnes sont vraiment meilleures \u00e0 entendre de la musique que d&rsquo;autres. Certaines personnes peuvent reconna\u00eetre facilement les intervalles ou avoir une hauteur parfaite. De plus, le reconna\u00eetre n&rsquo;est pas nouveau.<\/p>\n<p>De retour \u00e0 l&rsquo;or de jazz des ann\u00e9es 50, les Hepcats complimenteraient les gens en disant quelque chose comme: \u00ab\u00a0Ce gars a <em>oreilles<\/em>l&rsquo;homme, \u00ab\u00a0signifiant quelque chose comme\u00a0\u00bb, ce gars a un sentiment de musicalit\u00e9 tr\u00e8s d\u00e9velopp\u00e9. \u00ab\u00a0Parfois, il se r\u00e9f\u00e8re \u00e0 un musicien qui joue facilement \u00e0 l&rsquo;oreille, mais parfois cela signifiait plus\u00a0\u00bb qu&rsquo;ils sont une personne qui peut appr\u00e9cier et comprendre la musique plus que les autres \u00ab\u00a0. musique. <em>doit<\/em> Soyez pire \u00e0 entendre des sons, non?<\/p>\n<h2 id=\"what-is-meltmaxxing\">Qu&rsquo;est-ce que MeltMaxxing?<\/h2>\n<p>Gen Z <em>a fait<\/em> inventer MeltMaxxing. Le nom est d\u00e9riv\u00e9 de \u00ab\u00a0looksmaxxing\u00a0\u00bb, mais ce n&rsquo;est pas une merde effrayante comme des os qui se sont effondr\u00e9s des coins incel sordides d&rsquo;Internet o\u00f9 tout ce qui est + maxxing est une chose. Au lieu de cela, c&rsquo;est un m\u00e8me sain o\u00f9 vous vous filmez vous-m\u00eame en train de \u00abfaire fondre\u00bb, passant de 0% fondu, \u00e0 50% fondu, \u00e0 100% et au-del\u00e0. La fusion n&rsquo;est pas r\u00e9alis\u00e9e via un filtre Instagram, mais en laissant votre visage se rel\u00e2cher et double \u00e0 la t\u00eate, laisser votre bouche s&rsquo;ouvrir et s&rsquo;affronter s\u00e9rieusement. Vous \u00ab\u00a0\u00e9crasez votre visage en vous jusqu&rsquo;\u00e0 ce que vous vous retrouviez avec six mentons\u00a0\u00bb, explique Aryan &#038; Remi. Vous pourriez m\u00eame baver.<\/p>\n<p>Voici quelques vid\u00e9os pour vous donner une id\u00e9e:<\/p>\n<blockquote class=\"tiktokEmbed tiktok-embed\" data-video-id=\"7530482385633266957\" style=\"max-width: 605px;min-width: 325px;\">\n<section><\/section>\n<\/blockquote>\n<blockquote class=\"tiktokEmbed tiktok-embed\" data-video-id=\"7529335812622683405\" style=\"max-width: 605px;min-width: 325px;\">\n<section><\/section>\n<\/blockquote>\n<blockquote class=\"tiktokEmbed tiktok-embed\" data-video-id=\"7529950390578711830\" style=\"max-width: 605px;min-width: 325px;\">\n<section><\/section>\n<\/blockquote>\n<h2 id=\"viral-video-of-the-week-blackpink-jump-mv\">Vid\u00e9o virale de la semaine: BlackPink &#8211; &lsquo;\ub6f0\uc5b4 (Jump)&rsquo; M \/ V<\/h2>\n<div class=\"mx-auto mt-8 w-full max-w-4xl aspect-video\">\n<div id=\"video-container-01K191CF0WKM8A2SP28352MAVN\"><\/div>\n<\/div>\n<p>La perception polyphonique collective et la polyvision des jeunes du monde ont d\u00e9termin\u00e9 que la vid\u00e9o de Blackpink du groupe de K-pop pour leur chanson \u00ab\u00a0Jump\u00a0\u00bb est g\u00e9niale, et qui suis-je pour argumenter? Publi\u00e9 il y a environ deux semaines, la vid\u00e9o a d\u00e9j\u00e0 \u00e9t\u00e9 lue plus de 100 millions de fois. BlackPink, si vous n&rsquo;\u00eates pas au courant, est l&rsquo;un des groupes de vagues cor\u00e9ens les plus influents et les plus populaires. Contrairement aux autres dans le genre K-Pop, ils ont une s\u00e9rieuse puissance: BlackPink existe depuis pr\u00e8s d&rsquo;une d\u00e9cennie et \u00e9teint toujours des succ\u00e8s. Quant \u00e0 la chanson, je suis \u00e9videmment en dehors de la d\u00e9mographie cible, mais vous n&rsquo;avez pas besoin de perception polyphonique raffin\u00e9e pour entendre ce qui fonctionne ici: <em>massif<\/em> Les crochets et la production, si nettoyez-le, il sonne comme de la musique de l&rsquo;espace. <\/p>\n<p><script async src=\"\/\/www.tiktok.com\/embed.js\"><\/script><\/p>\n","protected":false},"excerpt":{"rendered":"<p>Le temps n&rsquo;est pas vraiment un cercle plat; C&rsquo;est une spirale vers le bas, chaque r\u00e9volution vous m\u00e8nant plus loin de la compr\u00e9hension de ce<\/p>\n","protected":false},"author":1,"featured_media":9065,"comment_status":"","ping_status":"","sticky":false,"template":"","format":"standard","meta":{"footnotes":""},"categories":[36],"tags":[899,2749,6727,2805,2806,29,324,5089,461,7944,4814],"class_list":["post-9064","post","type-post","status-publish","format-standard","has-post-thumbnail","hentry","category-divertissement","tag-adultes","tag-alpha","tag-blague","tag-culture","tag-deconnectes","tag-des","tag-enfants","tag-gen","tag-guide","tag-pet","tag-tue","generate-columns","tablet-grid-50","mobile-grid-100","grid-parent","grid-33"],"yoast_head":"<!-- This site is optimized with the Yoast SEO plugin v24.0 - https:\/\/yoast.com\/wordpress\/plugins\/seo\/ -->\n<title>Le guide des adultes d\u00e9connect\u00e9s de la culture des enfants: Gen Alpha tue la blague de pet | Vie Associative<\/title>\n<meta name=\"robots\" content=\"index, follow, max-snippet:-1, max-image-preview:large, max-video-preview:-1\" \/>\n<link rel=\"canonical\" href=\"https:\/\/vieassociative.be\/actualites\/le-guide-des-adultes-deconnectes-de-la-culture-des-enfants-gen-alpha-tue-la-blague-de-pet\/\" \/>\n<meta property=\"og:locale\" content=\"fr_FR\" \/>\n<meta property=\"og:type\" content=\"article\" \/>\n<meta property=\"og:title\" content=\"Le guide des adultes d\u00e9connect\u00e9s de la culture des enfants: Gen Alpha tue la blague de pet | Vie Associative\" \/>\n<meta property=\"og:description\" content=\"Le temps n&rsquo;est pas vraiment un cercle plat; C&rsquo;est une spirale vers le bas, chaque r\u00e9volution vous m\u00e8nant plus loin de la compr\u00e9hension de ce\" \/>\n<meta property=\"og:url\" content=\"https:\/\/vieassociative.be\/actualites\/le-guide-des-adultes-deconnectes-de-la-culture-des-enfants-gen-alpha-tue-la-blague-de-pet\/\" \/>\n<meta property=\"og:site_name\" content=\"Vie Associative\" \/>\n<meta property=\"article:published_time\" content=\"2025-07-28T18:17:13+00:00\" \/>\n<meta property=\"og:image\" content=\"https:\/\/vieassociative.be\/actualites\/wp-content\/uploads\/2024\/09\/header_backgroundk-01-e1726694325946.png\" \/>\n\t<meta property=\"og:image:width\" content=\"279\" \/>\n\t<meta property=\"og:image:height\" content=\"92\" \/>\n\t<meta property=\"og:image:type\" content=\"image\/png\" \/>\n<meta name=\"author\" content=\"Julien\" \/>\n<meta name=\"twitter:card\" content=\"summary_large_image\" \/>\n<meta name=\"twitter:label1\" content=\"\u00c9crit par\" \/>\n\t<meta name=\"twitter:data1\" content=\"Julien\" \/>\n\t<meta name=\"twitter:label2\" content=\"Dur\u00e9e de lecture est.\" \/>\n\t<meta name=\"twitter:data2\" content=\"6 minutes\" \/>\n<script type=\"application\/ld+json\" class=\"yoast-schema-graph\">{\"@context\":\"https:\/\/schema.org\",\"@graph\":[{\"@type\":\"Article\",\"@id\":\"https:\/\/vieassociative.be\/actualites\/le-guide-des-adultes-deconnectes-de-la-culture-des-enfants-gen-alpha-tue-la-blague-de-pet\/#article\",\"isPartOf\":{\"@id\":\"https:\/\/vieassociative.be\/actualites\/le-guide-des-adultes-deconnectes-de-la-culture-des-enfants-gen-alpha-tue-la-blague-de-pet\/\"},\"author\":{\"name\":\"Julien\",\"@id\":\"https:\/\/vieassociative.be\/actualites\/#\/schema\/person\/b87ac4f82f9d4e7b7cec7395b679edc4\"},\"headline\":\"Le guide des adultes d\u00e9connect\u00e9s de la culture des enfants: Gen Alpha tue la blague de pet\",\"datePublished\":\"2025-07-28T18:17:13+00:00\",\"dateModified\":\"2025-07-28T18:17:13+00:00\",\"mainEntityOfPage\":{\"@id\":\"https:\/\/vieassociative.be\/actualites\/le-guide-des-adultes-deconnectes-de-la-culture-des-enfants-gen-alpha-tue-la-blague-de-pet\/\"},\"wordCount\":1288,\"publisher\":{\"@id\":\"https:\/\/vieassociative.be\/actualites\/#organization\"},\"image\":{\"@id\":\"https:\/\/vieassociative.be\/actualites\/le-guide-des-adultes-deconnectes-de-la-culture-des-enfants-gen-alpha-tue-la-blague-de-pet\/#primaryimage\"},\"thumbnailUrl\":\"https:\/\/vieassociative.be\/actualites\/wp-content\/uploads\/2025\/07\/Le-guide-des-adultes-deconnectes-de-la-culture-des-enfants.png\",\"keywords\":[\"adultes\",\"Alpha\",\"blague\",\"culture\",\"d\u00e9connect\u00e9s\",\"Des\",\"enfants\",\"Gen\",\"Guide\",\"pet\",\"tue\"],\"articleSection\":[\"Divertissement\"],\"inLanguage\":\"fr-BE\"},{\"@type\":\"WebPage\",\"@id\":\"https:\/\/vieassociative.be\/actualites\/le-guide-des-adultes-deconnectes-de-la-culture-des-enfants-gen-alpha-tue-la-blague-de-pet\/\",\"url\":\"https:\/\/vieassociative.be\/actualites\/le-guide-des-adultes-deconnectes-de-la-culture-des-enfants-gen-alpha-tue-la-blague-de-pet\/\",\"name\":\"Le guide des adultes d\u00e9connect\u00e9s de la culture des enfants: Gen Alpha tue la blague de pet | Vie Associative\",\"isPartOf\":{\"@id\":\"https:\/\/vieassociative.be\/actualites\/#website\"},\"primaryImageOfPage\":{\"@id\":\"https:\/\/vieassociative.be\/actualites\/le-guide-des-adultes-deconnectes-de-la-culture-des-enfants-gen-alpha-tue-la-blague-de-pet\/#primaryimage\"},\"image\":{\"@id\":\"https:\/\/vieassociative.be\/actualites\/le-guide-des-adultes-deconnectes-de-la-culture-des-enfants-gen-alpha-tue-la-blague-de-pet\/#primaryimage\"},\"thumbnailUrl\":\"https:\/\/vieassociative.be\/actualites\/wp-content\/uploads\/2025\/07\/Le-guide-des-adultes-deconnectes-de-la-culture-des-enfants.png\",\"datePublished\":\"2025-07-28T18:17:13+00:00\",\"dateModified\":\"2025-07-28T18:17:13+00:00\",\"breadcrumb\":{\"@id\":\"https:\/\/vieassociative.be\/actualites\/le-guide-des-adultes-deconnectes-de-la-culture-des-enfants-gen-alpha-tue-la-blague-de-pet\/#breadcrumb\"},\"inLanguage\":\"fr-BE\",\"potentialAction\":[{\"@type\":\"ReadAction\",\"target\":[\"https:\/\/vieassociative.be\/actualites\/le-guide-des-adultes-deconnectes-de-la-culture-des-enfants-gen-alpha-tue-la-blague-de-pet\/\"]}]},{\"@type\":\"ImageObject\",\"inLanguage\":\"fr-BE\",\"@id\":\"https:\/\/vieassociative.be\/actualites\/le-guide-des-adultes-deconnectes-de-la-culture-des-enfants-gen-alpha-tue-la-blague-de-pet\/#primaryimage\",\"url\":\"https:\/\/vieassociative.be\/actualites\/wp-content\/uploads\/2025\/07\/Le-guide-des-adultes-deconnectes-de-la-culture-des-enfants.png\",\"contentUrl\":\"https:\/\/vieassociative.be\/actualites\/wp-content\/uploads\/2025\/07\/Le-guide-des-adultes-deconnectes-de-la-culture-des-enfants.png\",\"width\":1200,\"height\":675,\"caption\":\"Le guide des adultes d\u00e9connect\u00e9s de la culture des enfants: Gen Alpha tue la blague de pet\"},{\"@type\":\"BreadcrumbList\",\"@id\":\"https:\/\/vieassociative.be\/actualites\/le-guide-des-adultes-deconnectes-de-la-culture-des-enfants-gen-alpha-tue-la-blague-de-pet\/#breadcrumb\",\"itemListElement\":[{\"@type\":\"ListItem\",\"position\":1,\"name\":\"Accueil\",\"item\":\"https:\/\/vieassociative.be\/actualites\/\"},{\"@type\":\"ListItem\",\"position\":2,\"name\":\"Le guide des adultes d\u00e9connect\u00e9s de la culture des enfants: Gen Alpha tue la blague de pet\"}]},{\"@type\":\"WebSite\",\"@id\":\"https:\/\/vieassociative.be\/actualites\/#website\",\"url\":\"https:\/\/vieassociative.be\/actualites\/\",\"name\":\"Vie Associative\",\"description\":\"\",\"publisher\":{\"@id\":\"https:\/\/vieassociative.be\/actualites\/#organization\"},\"potentialAction\":[{\"@type\":\"SearchAction\",\"target\":{\"@type\":\"EntryPoint\",\"urlTemplate\":\"https:\/\/vieassociative.be\/actualites\/?s={search_term_string}\"},\"query-input\":{\"@type\":\"PropertyValueSpecification\",\"valueRequired\":true,\"valueName\":\"search_term_string\"}}],\"inLanguage\":\"fr-BE\"},{\"@type\":\"Organization\",\"@id\":\"https:\/\/vieassociative.be\/actualites\/#organization\",\"name\":\"Vie Associative\",\"url\":\"https:\/\/vieassociative.be\/actualites\/\",\"logo\":{\"@type\":\"ImageObject\",\"inLanguage\":\"fr-BE\",\"@id\":\"https:\/\/vieassociative.be\/actualites\/#\/schema\/logo\/image\/\",\"url\":\"https:\/\/vieassociative.be\/actualites\/wp-content\/uploads\/2024\/09\/cropped-vieassociative_favicon.ico.png\",\"contentUrl\":\"https:\/\/vieassociative.be\/actualites\/wp-content\/uploads\/2024\/09\/cropped-vieassociative_favicon.ico.png\",\"width\":512,\"height\":512,\"caption\":\"Vie Associative\"},\"image\":{\"@id\":\"https:\/\/vieassociative.be\/actualites\/#\/schema\/logo\/image\/\"}},{\"@type\":\"Person\",\"@id\":\"https:\/\/vieassociative.be\/actualites\/#\/schema\/person\/b87ac4f82f9d4e7b7cec7395b679edc4\",\"name\":\"Julien\",\"image\":{\"@type\":\"ImageObject\",\"inLanguage\":\"fr-BE\",\"@id\":\"https:\/\/vieassociative.be\/actualites\/#\/schema\/person\/image\/\",\"url\":\"https:\/\/vieassociative.be\/actualites\/wp-content\/uploads\/2024\/09\/vie-associative-1-150x150.jpg\",\"contentUrl\":\"https:\/\/vieassociative.be\/actualites\/wp-content\/uploads\/2024\/09\/vie-associative-1-150x150.jpg\",\"caption\":\"Julien\"},\"description\":\"Je suis Julien, r\u00e9dacteur pour Vie Associative. Passionn\u00e9 par le monde associatif depuis plus de 10 ans, j'ai \u00e0 c\u0153ur de partager des histoires inspirantes et de mettre en lumi\u00e8re les initiatives locales. Mon objectif est de sensibiliser et d'encourager l'engagement communautaire \u00e0 travers mes articles.\",\"sameAs\":[\"https:\/\/vieassociative.be\/\"]}]}<\/script>\n<!-- \/ Yoast SEO plugin. -->","yoast_head_json":{"title":"Le guide des adultes d\u00e9connect\u00e9s de la culture des enfants: Gen Alpha tue la blague de pet | Vie Associative","robots":{"index":"index","follow":"follow","max-snippet":"max-snippet:-1","max-image-preview":"max-image-preview:large","max-video-preview":"max-video-preview:-1"},"canonical":"https:\/\/vieassociative.be\/actualites\/le-guide-des-adultes-deconnectes-de-la-culture-des-enfants-gen-alpha-tue-la-blague-de-pet\/","og_locale":"fr_FR","og_type":"article","og_title":"Le guide des adultes d\u00e9connect\u00e9s de la culture des enfants: Gen Alpha tue la blague de pet | Vie Associative","og_description":"Le temps n&rsquo;est pas vraiment un cercle plat; C&rsquo;est une spirale vers le bas, chaque r\u00e9volution vous m\u00e8nant plus loin de la compr\u00e9hension de ce","og_url":"https:\/\/vieassociative.be\/actualites\/le-guide-des-adultes-deconnectes-de-la-culture-des-enfants-gen-alpha-tue-la-blague-de-pet\/","og_site_name":"Vie Associative","article_published_time":"2025-07-28T18:17:13+00:00","og_image":[{"width":279,"height":92,"url":"https:\/\/vieassociative.be\/actualites\/wp-content\/uploads\/2024\/09\/header_backgroundk-01-e1726694325946.png","type":"image\/png"}],"author":"Julien","twitter_card":"summary_large_image","twitter_misc":{"\u00c9crit par":"Julien","Dur\u00e9e de lecture est.":"6 minutes"},"schema":{"@context":"https:\/\/schema.org","@graph":[{"@type":"Article","@id":"https:\/\/vieassociative.be\/actualites\/le-guide-des-adultes-deconnectes-de-la-culture-des-enfants-gen-alpha-tue-la-blague-de-pet\/#article","isPartOf":{"@id":"https:\/\/vieassociative.be\/actualites\/le-guide-des-adultes-deconnectes-de-la-culture-des-enfants-gen-alpha-tue-la-blague-de-pet\/"},"author":{"name":"Julien","@id":"https:\/\/vieassociative.be\/actualites\/#\/schema\/person\/b87ac4f82f9d4e7b7cec7395b679edc4"},"headline":"Le guide des adultes d\u00e9connect\u00e9s de la culture des enfants: Gen Alpha tue la blague de pet","datePublished":"2025-07-28T18:17:13+00:00","dateModified":"2025-07-28T18:17:13+00:00","mainEntityOfPage":{"@id":"https:\/\/vieassociative.be\/actualites\/le-guide-des-adultes-deconnectes-de-la-culture-des-enfants-gen-alpha-tue-la-blague-de-pet\/"},"wordCount":1288,"publisher":{"@id":"https:\/\/vieassociative.be\/actualites\/#organization"},"image":{"@id":"https:\/\/vieassociative.be\/actualites\/le-guide-des-adultes-deconnectes-de-la-culture-des-enfants-gen-alpha-tue-la-blague-de-pet\/#primaryimage"},"thumbnailUrl":"https:\/\/vieassociative.be\/actualites\/wp-content\/uploads\/2025\/07\/Le-guide-des-adultes-deconnectes-de-la-culture-des-enfants.png","keywords":["adultes","Alpha","blague","culture","d\u00e9connect\u00e9s","Des","enfants","Gen","Guide","pet","tue"],"articleSection":["Divertissement"],"inLanguage":"fr-BE"},{"@type":"WebPage","@id":"https:\/\/vieassociative.be\/actualites\/le-guide-des-adultes-deconnectes-de-la-culture-des-enfants-gen-alpha-tue-la-blague-de-pet\/","url":"https:\/\/vieassociative.be\/actualites\/le-guide-des-adultes-deconnectes-de-la-culture-des-enfants-gen-alpha-tue-la-blague-de-pet\/","name":"Le guide des adultes d\u00e9connect\u00e9s de la culture des enfants: Gen Alpha tue la blague de pet | Vie Associative","isPartOf":{"@id":"https:\/\/vieassociative.be\/actualites\/#website"},"primaryImageOfPage":{"@id":"https:\/\/vieassociative.be\/actualites\/le-guide-des-adultes-deconnectes-de-la-culture-des-enfants-gen-alpha-tue-la-blague-de-pet\/#primaryimage"},"image":{"@id":"https:\/\/vieassociative.be\/actualites\/le-guide-des-adultes-deconnectes-de-la-culture-des-enfants-gen-alpha-tue-la-blague-de-pet\/#primaryimage"},"thumbnailUrl":"https:\/\/vieassociative.be\/actualites\/wp-content\/uploads\/2025\/07\/Le-guide-des-adultes-deconnectes-de-la-culture-des-enfants.png","datePublished":"2025-07-28T18:17:13+00:00","dateModified":"2025-07-28T18:17:13+00:00","breadcrumb":{"@id":"https:\/\/vieassociative.be\/actualites\/le-guide-des-adultes-deconnectes-de-la-culture-des-enfants-gen-alpha-tue-la-blague-de-pet\/#breadcrumb"},"inLanguage":"fr-BE","potentialAction":[{"@type":"ReadAction","target":["https:\/\/vieassociative.be\/actualites\/le-guide-des-adultes-deconnectes-de-la-culture-des-enfants-gen-alpha-tue-la-blague-de-pet\/"]}]},{"@type":"ImageObject","inLanguage":"fr-BE","@id":"https:\/\/vieassociative.be\/actualites\/le-guide-des-adultes-deconnectes-de-la-culture-des-enfants-gen-alpha-tue-la-blague-de-pet\/#primaryimage","url":"https:\/\/vieassociative.be\/actualites\/wp-content\/uploads\/2025\/07\/Le-guide-des-adultes-deconnectes-de-la-culture-des-enfants.png","contentUrl":"https:\/\/vieassociative.be\/actualites\/wp-content\/uploads\/2025\/07\/Le-guide-des-adultes-deconnectes-de-la-culture-des-enfants.png","width":1200,"height":675,"caption":"Le guide des adultes d\u00e9connect\u00e9s de la culture des enfants: Gen Alpha tue la blague de pet"},{"@type":"BreadcrumbList","@id":"https:\/\/vieassociative.be\/actualites\/le-guide-des-adultes-deconnectes-de-la-culture-des-enfants-gen-alpha-tue-la-blague-de-pet\/#breadcrumb","itemListElement":[{"@type":"ListItem","position":1,"name":"Accueil","item":"https:\/\/vieassociative.be\/actualites\/"},{"@type":"ListItem","position":2,"name":"Le guide des adultes d\u00e9connect\u00e9s de la culture des enfants: Gen Alpha tue la blague de pet"}]},{"@type":"WebSite","@id":"https:\/\/vieassociative.be\/actualites\/#website","url":"https:\/\/vieassociative.be\/actualites\/","name":"Vie Associative","description":"","publisher":{"@id":"https:\/\/vieassociative.be\/actualites\/#organization"},"potentialAction":[{"@type":"SearchAction","target":{"@type":"EntryPoint","urlTemplate":"https:\/\/vieassociative.be\/actualites\/?s={search_term_string}"},"query-input":{"@type":"PropertyValueSpecification","valueRequired":true,"valueName":"search_term_string"}}],"inLanguage":"fr-BE"},{"@type":"Organization","@id":"https:\/\/vieassociative.be\/actualites\/#organization","name":"Vie Associative","url":"https:\/\/vieassociative.be\/actualites\/","logo":{"@type":"ImageObject","inLanguage":"fr-BE","@id":"https:\/\/vieassociative.be\/actualites\/#\/schema\/logo\/image\/","url":"https:\/\/vieassociative.be\/actualites\/wp-content\/uploads\/2024\/09\/cropped-vieassociative_favicon.ico.png","contentUrl":"https:\/\/vieassociative.be\/actualites\/wp-content\/uploads\/2024\/09\/cropped-vieassociative_favicon.ico.png","width":512,"height":512,"caption":"Vie Associative"},"image":{"@id":"https:\/\/vieassociative.be\/actualites\/#\/schema\/logo\/image\/"}},{"@type":"Person","@id":"https:\/\/vieassociative.be\/actualites\/#\/schema\/person\/b87ac4f82f9d4e7b7cec7395b679edc4","name":"Julien","image":{"@type":"ImageObject","inLanguage":"fr-BE","@id":"https:\/\/vieassociative.be\/actualites\/#\/schema\/person\/image\/","url":"https:\/\/vieassociative.be\/actualites\/wp-content\/uploads\/2024\/09\/vie-associative-1-150x150.jpg","contentUrl":"https:\/\/vieassociative.be\/actualites\/wp-content\/uploads\/2024\/09\/vie-associative-1-150x150.jpg","caption":"Julien"},"description":"Je suis Julien, r\u00e9dacteur pour Vie Associative. Passionn\u00e9 par le monde associatif depuis plus de 10 ans, j'ai \u00e0 c\u0153ur de partager des histoires inspirantes et de mettre en lumi\u00e8re les initiatives locales. Mon objectif est de sensibiliser et d'encourager l'engagement communautaire \u00e0 travers mes articles.","sameAs":["https:\/\/vieassociative.be\/"]}]}},"_links":{"self":[{"href":"https:\/\/vieassociative.be\/actualites\/wp-json\/wp\/v2\/posts\/9064"}],"collection":[{"href":"https:\/\/vieassociative.be\/actualites\/wp-json\/wp\/v2\/posts"}],"about":[{"href":"https:\/\/vieassociative.be\/actualites\/wp-json\/wp\/v2\/types\/post"}],"author":[{"embeddable":true,"href":"https:\/\/vieassociative.be\/actualites\/wp-json\/wp\/v2\/users\/1"}],"replies":[{"embeddable":true,"href":"https:\/\/vieassociative.be\/actualites\/wp-json\/wp\/v2\/comments?post=9064"}],"version-history":[{"count":0,"href":"https:\/\/vieassociative.be\/actualites\/wp-json\/wp\/v2\/posts\/9064\/revisions"}],"wp:featuredmedia":[{"embeddable":true,"href":"https:\/\/vieassociative.be\/actualites\/wp-json\/wp\/v2\/media\/9065"}],"wp:attachment":[{"href":"https:\/\/vieassociative.be\/actualites\/wp-json\/wp\/v2\/media?parent=9064"}],"wp:term":[{"taxonomy":"category","embeddable":true,"href":"https:\/\/vieassociative.be\/actualites\/wp-json\/wp\/v2\/categories?post=9064"},{"taxonomy":"post_tag","embeddable":true,"href":"https:\/\/vieassociative.be\/actualites\/wp-json\/wp\/v2\/tags?post=9064"}],"curies":[{"name":"wp","href":"https:\/\/api.w.org\/{rel}","templated":true}]}}