{"id":9062,"date":"2025-07-28T16:17:12","date_gmt":"2025-07-28T14:17:12","guid":{"rendered":"https:\/\/vieassociative.be\/actualites\/seiser-alm-est-une-region-invitee-de-levenement-eupener-tyrolean-festival-lovos-beepiz-se-deroule-pour-la-43e-fois\/"},"modified":"2025-07-28T16:17:12","modified_gmt":"2025-07-28T14:17:12","slug":"seiser-alm-est-une-region-invitee-de-levenement-eupener-tyrolean-festival-lovos-beepiz-se-deroule-pour-la-43e-fois","status":"publish","type":"post","link":"https:\/\/vieassociative.be\/actualites\/seiser-alm-est-une-region-invitee-de-levenement-eupener-tyrolean-festival-lovos-beepiz-se-deroule-pour-la-43e-fois\/","title":{"rendered":"Seiser Alm est une r\u00e9gion invit\u00e9e de l&rsquo;\u00e9v\u00e9nement Eupener Tyrolean Festival-Lovos Beepiz se d\u00e9roule pour la 43e fois"},"content":{"rendered":"<p><strong>Le festival tyrolien aura lieu \u00e0 Eupen pour la 43e heure du vendredi 1er ao\u00fbt 2025 au dimanche 3 ao\u00fbt 2025. La gastregion de l&rsquo;\u00e9v\u00e9nement traditionnel de la prestation Lovos cette ann\u00e9e est le Seiser ALM dans le sud du Tyrol.<\/strong><\/p>\n<p><span id=\"more-421162\"><\/span>L&rsquo;alm (italien: alpe di siisi) Seiser est l&rsquo;un des plus hauts aum\u00f4nes les plus connus d&rsquo;Europe. Il est situ\u00e9 \u00e0 une altitude d&rsquo;environ 1 680 \u00e0 2 350 m\u00e8tres au-dessus du niveau de la mer et s&rsquo;\u00e9tend sur environ 56 kilom\u00e8tres carr\u00e9s. Il appartient \u00e0 la province de Bozen et fait partie du parc naturel de Schlen-Rosengarten.<\/p>\n<div id=\"attachment_421182\" class=\"wp-caption alignleft\" style=\"max-width: 300px\"><img fetchpriority=\"high\" decoding=\"async\" class=\"wp-image-421182 size-medium\" src=\"https:\/\/vieassociative.be\/actualites\/wp-content\/uploads\/2025\/07\/Seiser-Alm-est-une-region-invitee-de-levenement-Eupener-Tyrolean.jpg\" alt=\"\" width=\"300\" height=\"199\"  ><\/div>\n<p>Les montagnes environnantes comprennent le Schlern, le Langkofel et le Plattkofel. L&rsquo;alm est situ\u00e9 au-dessus des villes de SEIS de Schlern, Kastelruth et St. Ulrich \u00e0 Val Gardena.<\/p>\n<p>Le Seiser ALM est sans voiture. Les visiteurs ne peuvent atteindre que le t\u00e9l\u00e9ph\u00e9rique (par exemple depuis les SEIS) ou avec une navette. Il existe des restrictions d&rsquo;acc\u00e8s strictes pour les v\u00e9hicules priv\u00e9s.<\/p>\n<p>La r\u00e9gion est parfaitement d\u00e9velopp\u00e9e avec des sentiers de randonn\u00e9e, des sentiers et des ascenseurs crois\u00e9s. Des prairies alpines larges et vertes avec une toile de fond impressionnante de pics de dolomite. En \u00e9t\u00e9, d&rsquo;innombrables fleurs alpines fleurissent, en automne, il y a une vue claire des montagnes. En hiver, l&rsquo;ALM Seiser se transforme en un domaine skiable familial avec des sentiers crois\u00e9s et des sentiers de randonn\u00e9e d&rsquo;hiver.<\/p>\n<div id=\"attachment_104301\" class=\"wp-caption alignleft\" style=\"max-width: 300px\"><img decoding=\"async\" class=\"wp-image-104301 size-medium\" src=\"https:\/\/vieassociative.be\/actualites\/wp-content\/uploads\/2025\/07\/Seiser-Alm-est-une-region-invitee-de-levenement-Eupener-Tyrolean.jpeg\" alt=\"\" width=\"300\" height=\"199\"  ><\/div>\n<p>Les activit\u00e9s de loisirs populaires sont la randonn\u00e9e, le VTT, le parapente, la marche nordique, l&rsquo;escalade en \u00e9t\u00e9. Les destinations de randonn\u00e9e populaires sont le Schlenhaus, le Langkofelh\u00fctte, Plattkofel Round.<\/p>\n<p>En hiver, le ski (une partie du domaine de ski Dolomiti Superski), le snowboard, le ski cross-pays (plus de 80 km de sentiers), la randonn\u00e9e en raquette et les trajets en tra\u00eeneau dessin\u00e9s par des chevaux sont n\u00e9cessaires.<\/p>\n<p>La majorit\u00e9 de la r\u00e9gion autour de l&rsquo;ALM de Seiser est r\u00e9parti en allemand, avec des influences Ladin et italiennes. Kastelruth est connue pour sa sc\u00e8ne de musique folklorique (par exemple le \u00ab\u00a0Kastelruther Spatzen\u00a0\u00bb).<\/p>\n<p>Le p\u00e2turage alpin est utilis\u00e9 depuis des si\u00e8cles, en particulier pour le b\u00e9tail et les pneumistes. Il fait partie des \u00ab\u00a0Dolomites\u00a0\u00bb du patrimoine mondial de l&rsquo;UNESCO depuis 2009, tr\u00e8s familiaux et connus pour le tourisme de Sanften.<\/p>\n<p>L&rsquo;ALM Seiser est un excellent exemple de la combinaison de la nature, de la tradition et du tourisme durable.<\/p>\n<p>Le Tyrol du Sud \u00e9tait d\u00e9j\u00e0 en 2015 (province autonome de Bozen-S\u00fcdtirol avec l&rsquo;\u00c9tat du Tyrol), 2018 (Tyrol du Sud) et 2023 (Bruneck) R\u00e9gion partenaire du Festival tyrolien Eupener. (Cre)<\/p>\n<p><strong><em>Remarque &#8211; Programme et informations suppl\u00e9mentaires sur le 43e festival tyrolien au <u>www.eupener-pilerfest.com<\/u><\/em><\/strong><\/p>\n<p><em>Vous trouverez ci-dessous le programme du 43rd Eupener Tyrolean Festival avec des invit\u00e9s vedettes tels que Ladiner, Musikkapelle V\u00f6ls sur Schlern, Rosanna Rocci, le duo Schlernwind et Alpler Plattlergitschen (cliquez sur l&rsquo;image pour agrandir):<\/em><\/p>\n<p><img decoding=\"async\" class=\"wp-image-421189 size-medium aligncenter\" src=\"https:\/\/vieassociative.be\/actualites\/wp-content\/uploads\/2025\/07\/Seiser-Alm-est-une-region-invitee-de-levenement-Eupener-Tyrolean.webp.webp\" alt=\"\" width=\"300\" height=\"201\"  ><\/p>\n","protected":false},"excerpt":{"rendered":"<p>Le festival tyrolien aura lieu \u00e0 Eupen pour la 43e heure du vendredi 1er ao\u00fbt 2025 au dimanche 3 ao\u00fbt 2025. La gastregion de l&rsquo;\u00e9v\u00e9nement<\/p>\n","protected":false},"author":1,"featured_media":9063,"comment_status":"","ping_status":"","sticky":false,"template":"","format":"standard","meta":{"footnotes":""},"categories":[298],"tags":[7943,7938,7942,5657,76,5049,7941,774,7939,7556,81,4041,7937,7940,110],"class_list":["post-9062","post","type-post","status-publish","format-standard","has-post-thumbnail","hentry","category-belgique","tag-43e","tag-alm","tag-beepiz","tag-deroule","tag-est","tag-eupener","tag-festivallovos","tag-fois","tag-invitee","tag-levenement","tag-pour","tag-region","tag-seiser","tag-tyrolean","tag-une","generate-columns","tablet-grid-50","mobile-grid-100","grid-parent","grid-33"],"yoast_head":"<!-- This site is optimized with the Yoast SEO plugin v24.0 - https:\/\/yoast.com\/wordpress\/plugins\/seo\/ -->\n<title>Seiser Alm est une r\u00e9gion invit\u00e9e de l&#039;\u00e9v\u00e9nement Eupener Tyrolean Festival-Lovos Beepiz se d\u00e9roule pour la 43e fois | Vie Associative<\/title>\n<meta name=\"robots\" content=\"index, follow, max-snippet:-1, max-image-preview:large, max-video-preview:-1\" \/>\n<link rel=\"canonical\" href=\"https:\/\/vieassociative.be\/actualites\/seiser-alm-est-une-region-invitee-de-levenement-eupener-tyrolean-festival-lovos-beepiz-se-deroule-pour-la-43e-fois\/\" \/>\n<meta property=\"og:locale\" content=\"fr_FR\" \/>\n<meta property=\"og:type\" content=\"article\" \/>\n<meta property=\"og:title\" content=\"Seiser Alm est une r\u00e9gion invit\u00e9e de l&#039;\u00e9v\u00e9nement Eupener Tyrolean Festival-Lovos Beepiz se d\u00e9roule pour la 43e fois | Vie Associative\" \/>\n<meta property=\"og:description\" content=\"Le festival tyrolien aura lieu \u00e0 Eupen pour la 43e heure du vendredi 1er ao\u00fbt 2025 au dimanche 3 ao\u00fbt 2025. La gastregion de l&rsquo;\u00e9v\u00e9nement\" \/>\n<meta property=\"og:url\" content=\"https:\/\/vieassociative.be\/actualites\/seiser-alm-est-une-region-invitee-de-levenement-eupener-tyrolean-festival-lovos-beepiz-se-deroule-pour-la-43e-fois\/\" \/>\n<meta property=\"og:site_name\" content=\"Vie Associative\" \/>\n<meta property=\"article:published_time\" content=\"2025-07-28T14:17:12+00:00\" \/>\n<meta property=\"og:image\" content=\"https:\/\/vieassociative.be\/actualites\/wp-content\/uploads\/2024\/09\/header_backgroundk-01-e1726694325946.png\" \/>\n\t<meta property=\"og:image:width\" content=\"279\" \/>\n\t<meta property=\"og:image:height\" content=\"92\" \/>\n\t<meta property=\"og:image:type\" content=\"image\/png\" \/>\n<meta name=\"author\" content=\"Julien\" \/>\n<meta name=\"twitter:card\" content=\"summary_large_image\" \/>\n<meta name=\"twitter:label1\" content=\"\u00c9crit par\" \/>\n\t<meta name=\"twitter:data1\" content=\"Julien\" \/>\n\t<meta name=\"twitter:label2\" content=\"Dur\u00e9e de lecture est.\" \/>\n\t<meta name=\"twitter:data2\" content=\"2 minutes\" \/>\n<script type=\"application\/ld+json\" class=\"yoast-schema-graph\">{\"@context\":\"https:\/\/schema.org\",\"@graph\":[{\"@type\":\"Article\",\"@id\":\"https:\/\/vieassociative.be\/actualites\/seiser-alm-est-une-region-invitee-de-levenement-eupener-tyrolean-festival-lovos-beepiz-se-deroule-pour-la-43e-fois\/#article\",\"isPartOf\":{\"@id\":\"https:\/\/vieassociative.be\/actualites\/seiser-alm-est-une-region-invitee-de-levenement-eupener-tyrolean-festival-lovos-beepiz-se-deroule-pour-la-43e-fois\/\"},\"author\":{\"name\":\"Julien\",\"@id\":\"https:\/\/vieassociative.be\/actualites\/#\/schema\/person\/b87ac4f82f9d4e7b7cec7395b679edc4\"},\"headline\":\"Seiser Alm est une r\u00e9gion invit\u00e9e de l&rsquo;\u00e9v\u00e9nement Eupener Tyrolean Festival-Lovos Beepiz se d\u00e9roule pour la 43e fois\",\"datePublished\":\"2025-07-28T14:17:12+00:00\",\"dateModified\":\"2025-07-28T14:17:12+00:00\",\"mainEntityOfPage\":{\"@id\":\"https:\/\/vieassociative.be\/actualites\/seiser-alm-est-une-region-invitee-de-levenement-eupener-tyrolean-festival-lovos-beepiz-se-deroule-pour-la-43e-fois\/\"},\"wordCount\":529,\"publisher\":{\"@id\":\"https:\/\/vieassociative.be\/actualites\/#organization\"},\"image\":{\"@id\":\"https:\/\/vieassociative.be\/actualites\/seiser-alm-est-une-region-invitee-de-levenement-eupener-tyrolean-festival-lovos-beepiz-se-deroule-pour-la-43e-fois\/#primaryimage\"},\"thumbnailUrl\":\"https:\/\/vieassociative.be\/actualites\/wp-content\/uploads\/2025\/07\/1753712233_Seiser-Alm-est-une-region-invitee-de-levenement-Eupener-Tyrolean.jpg\",\"keywords\":[\"43e\",\"Alm\",\"Beepiz\",\"d\u00e9roule\",\"est\",\"Eupener\",\"FestivalLovos\",\"fois\",\"invit\u00e9e\",\"l\u00e9v\u00e9nement\",\"pour\",\"R\u00e9gion\",\"Seiser\",\"Tyrolean\",\"une\"],\"articleSection\":[\"Belgique\"],\"inLanguage\":\"fr-BE\"},{\"@type\":\"WebPage\",\"@id\":\"https:\/\/vieassociative.be\/actualites\/seiser-alm-est-une-region-invitee-de-levenement-eupener-tyrolean-festival-lovos-beepiz-se-deroule-pour-la-43e-fois\/\",\"url\":\"https:\/\/vieassociative.be\/actualites\/seiser-alm-est-une-region-invitee-de-levenement-eupener-tyrolean-festival-lovos-beepiz-se-deroule-pour-la-43e-fois\/\",\"name\":\"Seiser Alm est une r\u00e9gion invit\u00e9e de l'\u00e9v\u00e9nement Eupener Tyrolean Festival-Lovos Beepiz se d\u00e9roule pour la 43e fois | Vie Associative\",\"isPartOf\":{\"@id\":\"https:\/\/vieassociative.be\/actualites\/#website\"},\"primaryImageOfPage\":{\"@id\":\"https:\/\/vieassociative.be\/actualites\/seiser-alm-est-une-region-invitee-de-levenement-eupener-tyrolean-festival-lovos-beepiz-se-deroule-pour-la-43e-fois\/#primaryimage\"},\"image\":{\"@id\":\"https:\/\/vieassociative.be\/actualites\/seiser-alm-est-une-region-invitee-de-levenement-eupener-tyrolean-festival-lovos-beepiz-se-deroule-pour-la-43e-fois\/#primaryimage\"},\"thumbnailUrl\":\"https:\/\/vieassociative.be\/actualites\/wp-content\/uploads\/2025\/07\/1753712233_Seiser-Alm-est-une-region-invitee-de-levenement-Eupener-Tyrolean.jpg\",\"datePublished\":\"2025-07-28T14:17:12+00:00\",\"dateModified\":\"2025-07-28T14:17:12+00:00\",\"breadcrumb\":{\"@id\":\"https:\/\/vieassociative.be\/actualites\/seiser-alm-est-une-region-invitee-de-levenement-eupener-tyrolean-festival-lovos-beepiz-se-deroule-pour-la-43e-fois\/#breadcrumb\"},\"inLanguage\":\"fr-BE\",\"potentialAction\":[{\"@type\":\"ReadAction\",\"target\":[\"https:\/\/vieassociative.be\/actualites\/seiser-alm-est-une-region-invitee-de-levenement-eupener-tyrolean-festival-lovos-beepiz-se-deroule-pour-la-43e-fois\/\"]}]},{\"@type\":\"ImageObject\",\"inLanguage\":\"fr-BE\",\"@id\":\"https:\/\/vieassociative.be\/actualites\/seiser-alm-est-une-region-invitee-de-levenement-eupener-tyrolean-festival-lovos-beepiz-se-deroule-pour-la-43e-fois\/#primaryimage\",\"url\":\"https:\/\/vieassociative.be\/actualites\/wp-content\/uploads\/2025\/07\/1753712233_Seiser-Alm-est-une-region-invitee-de-levenement-Eupener-Tyrolean.jpg\",\"contentUrl\":\"https:\/\/vieassociative.be\/actualites\/wp-content\/uploads\/2025\/07\/1753712233_Seiser-Alm-est-une-region-invitee-de-levenement-Eupener-Tyrolean.jpg\",\"width\":1200,\"height\":800,\"caption\":\"Seiser Alm est une r\u00e9gion invit\u00e9e de l'\u00e9v\u00e9nement Eupener Tyrolean Festival-Lovos Beepiz se d\u00e9roule pour la 43e fois\"},{\"@type\":\"BreadcrumbList\",\"@id\":\"https:\/\/vieassociative.be\/actualites\/seiser-alm-est-une-region-invitee-de-levenement-eupener-tyrolean-festival-lovos-beepiz-se-deroule-pour-la-43e-fois\/#breadcrumb\",\"itemListElement\":[{\"@type\":\"ListItem\",\"position\":1,\"name\":\"Accueil\",\"item\":\"https:\/\/vieassociative.be\/actualites\/\"},{\"@type\":\"ListItem\",\"position\":2,\"name\":\"Seiser Alm est une r\u00e9gion invit\u00e9e de l&rsquo;\u00e9v\u00e9nement Eupener Tyrolean Festival-Lovos Beepiz se d\u00e9roule pour la 43e fois\"}]},{\"@type\":\"WebSite\",\"@id\":\"https:\/\/vieassociative.be\/actualites\/#website\",\"url\":\"https:\/\/vieassociative.be\/actualites\/\",\"name\":\"Vie Associative\",\"description\":\"\",\"publisher\":{\"@id\":\"https:\/\/vieassociative.be\/actualites\/#organization\"},\"potentialAction\":[{\"@type\":\"SearchAction\",\"target\":{\"@type\":\"EntryPoint\",\"urlTemplate\":\"https:\/\/vieassociative.be\/actualites\/?s={search_term_string}\"},\"query-input\":{\"@type\":\"PropertyValueSpecification\",\"valueRequired\":true,\"valueName\":\"search_term_string\"}}],\"inLanguage\":\"fr-BE\"},{\"@type\":\"Organization\",\"@id\":\"https:\/\/vieassociative.be\/actualites\/#organization\",\"name\":\"Vie Associative\",\"url\":\"https:\/\/vieassociative.be\/actualites\/\",\"logo\":{\"@type\":\"ImageObject\",\"inLanguage\":\"fr-BE\",\"@id\":\"https:\/\/vieassociative.be\/actualites\/#\/schema\/logo\/image\/\",\"url\":\"https:\/\/vieassociative.be\/actualites\/wp-content\/uploads\/2024\/09\/cropped-vieassociative_favicon.ico.png\",\"contentUrl\":\"https:\/\/vieassociative.be\/actualites\/wp-content\/uploads\/2024\/09\/cropped-vieassociative_favicon.ico.png\",\"width\":512,\"height\":512,\"caption\":\"Vie Associative\"},\"image\":{\"@id\":\"https:\/\/vieassociative.be\/actualites\/#\/schema\/logo\/image\/\"}},{\"@type\":\"Person\",\"@id\":\"https:\/\/vieassociative.be\/actualites\/#\/schema\/person\/b87ac4f82f9d4e7b7cec7395b679edc4\",\"name\":\"Julien\",\"image\":{\"@type\":\"ImageObject\",\"inLanguage\":\"fr-BE\",\"@id\":\"https:\/\/vieassociative.be\/actualites\/#\/schema\/person\/image\/\",\"url\":\"https:\/\/vieassociative.be\/actualites\/wp-content\/uploads\/2024\/09\/vie-associative-1-150x150.jpg\",\"contentUrl\":\"https:\/\/vieassociative.be\/actualites\/wp-content\/uploads\/2024\/09\/vie-associative-1-150x150.jpg\",\"caption\":\"Julien\"},\"description\":\"Je suis Julien, r\u00e9dacteur pour Vie Associative. Passionn\u00e9 par le monde associatif depuis plus de 10 ans, j'ai \u00e0 c\u0153ur de partager des histoires inspirantes et de mettre en lumi\u00e8re les initiatives locales. Mon objectif est de sensibiliser et d'encourager l'engagement communautaire \u00e0 travers mes articles.\",\"sameAs\":[\"https:\/\/vieassociative.be\/\"]}]}<\/script>\n<!-- \/ Yoast SEO plugin. -->","yoast_head_json":{"title":"Seiser Alm est une r\u00e9gion invit\u00e9e de l'\u00e9v\u00e9nement Eupener Tyrolean Festival-Lovos Beepiz se d\u00e9roule pour la 43e fois | Vie Associative","robots":{"index":"index","follow":"follow","max-snippet":"max-snippet:-1","max-image-preview":"max-image-preview:large","max-video-preview":"max-video-preview:-1"},"canonical":"https:\/\/vieassociative.be\/actualites\/seiser-alm-est-une-region-invitee-de-levenement-eupener-tyrolean-festival-lovos-beepiz-se-deroule-pour-la-43e-fois\/","og_locale":"fr_FR","og_type":"article","og_title":"Seiser Alm est une r\u00e9gion invit\u00e9e de l'\u00e9v\u00e9nement Eupener Tyrolean Festival-Lovos Beepiz se d\u00e9roule pour la 43e fois | Vie Associative","og_description":"Le festival tyrolien aura lieu \u00e0 Eupen pour la 43e heure du vendredi 1er ao\u00fbt 2025 au dimanche 3 ao\u00fbt 2025. La gastregion de l&rsquo;\u00e9v\u00e9nement","og_url":"https:\/\/vieassociative.be\/actualites\/seiser-alm-est-une-region-invitee-de-levenement-eupener-tyrolean-festival-lovos-beepiz-se-deroule-pour-la-43e-fois\/","og_site_name":"Vie Associative","article_published_time":"2025-07-28T14:17:12+00:00","og_image":[{"width":279,"height":92,"url":"https:\/\/vieassociative.be\/actualites\/wp-content\/uploads\/2024\/09\/header_backgroundk-01-e1726694325946.png","type":"image\/png"}],"author":"Julien","twitter_card":"summary_large_image","twitter_misc":{"\u00c9crit par":"Julien","Dur\u00e9e de lecture est.":"2 minutes"},"schema":{"@context":"https:\/\/schema.org","@graph":[{"@type":"Article","@id":"https:\/\/vieassociative.be\/actualites\/seiser-alm-est-une-region-invitee-de-levenement-eupener-tyrolean-festival-lovos-beepiz-se-deroule-pour-la-43e-fois\/#article","isPartOf":{"@id":"https:\/\/vieassociative.be\/actualites\/seiser-alm-est-une-region-invitee-de-levenement-eupener-tyrolean-festival-lovos-beepiz-se-deroule-pour-la-43e-fois\/"},"author":{"name":"Julien","@id":"https:\/\/vieassociative.be\/actualites\/#\/schema\/person\/b87ac4f82f9d4e7b7cec7395b679edc4"},"headline":"Seiser Alm est une r\u00e9gion invit\u00e9e de l&rsquo;\u00e9v\u00e9nement Eupener Tyrolean Festival-Lovos Beepiz se d\u00e9roule pour la 43e fois","datePublished":"2025-07-28T14:17:12+00:00","dateModified":"2025-07-28T14:17:12+00:00","mainEntityOfPage":{"@id":"https:\/\/vieassociative.be\/actualites\/seiser-alm-est-une-region-invitee-de-levenement-eupener-tyrolean-festival-lovos-beepiz-se-deroule-pour-la-43e-fois\/"},"wordCount":529,"publisher":{"@id":"https:\/\/vieassociative.be\/actualites\/#organization"},"image":{"@id":"https:\/\/vieassociative.be\/actualites\/seiser-alm-est-une-region-invitee-de-levenement-eupener-tyrolean-festival-lovos-beepiz-se-deroule-pour-la-43e-fois\/#primaryimage"},"thumbnailUrl":"https:\/\/vieassociative.be\/actualites\/wp-content\/uploads\/2025\/07\/1753712233_Seiser-Alm-est-une-region-invitee-de-levenement-Eupener-Tyrolean.jpg","keywords":["43e","Alm","Beepiz","d\u00e9roule","est","Eupener","FestivalLovos","fois","invit\u00e9e","l\u00e9v\u00e9nement","pour","R\u00e9gion","Seiser","Tyrolean","une"],"articleSection":["Belgique"],"inLanguage":"fr-BE"},{"@type":"WebPage","@id":"https:\/\/vieassociative.be\/actualites\/seiser-alm-est-une-region-invitee-de-levenement-eupener-tyrolean-festival-lovos-beepiz-se-deroule-pour-la-43e-fois\/","url":"https:\/\/vieassociative.be\/actualites\/seiser-alm-est-une-region-invitee-de-levenement-eupener-tyrolean-festival-lovos-beepiz-se-deroule-pour-la-43e-fois\/","name":"Seiser Alm est une r\u00e9gion invit\u00e9e de l'\u00e9v\u00e9nement Eupener Tyrolean Festival-Lovos Beepiz se d\u00e9roule pour la 43e fois | Vie Associative","isPartOf":{"@id":"https:\/\/vieassociative.be\/actualites\/#website"},"primaryImageOfPage":{"@id":"https:\/\/vieassociative.be\/actualites\/seiser-alm-est-une-region-invitee-de-levenement-eupener-tyrolean-festival-lovos-beepiz-se-deroule-pour-la-43e-fois\/#primaryimage"},"image":{"@id":"https:\/\/vieassociative.be\/actualites\/seiser-alm-est-une-region-invitee-de-levenement-eupener-tyrolean-festival-lovos-beepiz-se-deroule-pour-la-43e-fois\/#primaryimage"},"thumbnailUrl":"https:\/\/vieassociative.be\/actualites\/wp-content\/uploads\/2025\/07\/1753712233_Seiser-Alm-est-une-region-invitee-de-levenement-Eupener-Tyrolean.jpg","datePublished":"2025-07-28T14:17:12+00:00","dateModified":"2025-07-28T14:17:12+00:00","breadcrumb":{"@id":"https:\/\/vieassociative.be\/actualites\/seiser-alm-est-une-region-invitee-de-levenement-eupener-tyrolean-festival-lovos-beepiz-se-deroule-pour-la-43e-fois\/#breadcrumb"},"inLanguage":"fr-BE","potentialAction":[{"@type":"ReadAction","target":["https:\/\/vieassociative.be\/actualites\/seiser-alm-est-une-region-invitee-de-levenement-eupener-tyrolean-festival-lovos-beepiz-se-deroule-pour-la-43e-fois\/"]}]},{"@type":"ImageObject","inLanguage":"fr-BE","@id":"https:\/\/vieassociative.be\/actualites\/seiser-alm-est-une-region-invitee-de-levenement-eupener-tyrolean-festival-lovos-beepiz-se-deroule-pour-la-43e-fois\/#primaryimage","url":"https:\/\/vieassociative.be\/actualites\/wp-content\/uploads\/2025\/07\/1753712233_Seiser-Alm-est-une-region-invitee-de-levenement-Eupener-Tyrolean.jpg","contentUrl":"https:\/\/vieassociative.be\/actualites\/wp-content\/uploads\/2025\/07\/1753712233_Seiser-Alm-est-une-region-invitee-de-levenement-Eupener-Tyrolean.jpg","width":1200,"height":800,"caption":"Seiser Alm est une r\u00e9gion invit\u00e9e de l'\u00e9v\u00e9nement Eupener Tyrolean Festival-Lovos Beepiz se d\u00e9roule pour la 43e fois"},{"@type":"BreadcrumbList","@id":"https:\/\/vieassociative.be\/actualites\/seiser-alm-est-une-region-invitee-de-levenement-eupener-tyrolean-festival-lovos-beepiz-se-deroule-pour-la-43e-fois\/#breadcrumb","itemListElement":[{"@type":"ListItem","position":1,"name":"Accueil","item":"https:\/\/vieassociative.be\/actualites\/"},{"@type":"ListItem","position":2,"name":"Seiser Alm est une r\u00e9gion invit\u00e9e de l&rsquo;\u00e9v\u00e9nement Eupener Tyrolean Festival-Lovos Beepiz se d\u00e9roule pour la 43e fois"}]},{"@type":"WebSite","@id":"https:\/\/vieassociative.be\/actualites\/#website","url":"https:\/\/vieassociative.be\/actualites\/","name":"Vie Associative","description":"","publisher":{"@id":"https:\/\/vieassociative.be\/actualites\/#organization"},"potentialAction":[{"@type":"SearchAction","target":{"@type":"EntryPoint","urlTemplate":"https:\/\/vieassociative.be\/actualites\/?s={search_term_string}"},"query-input":{"@type":"PropertyValueSpecification","valueRequired":true,"valueName":"search_term_string"}}],"inLanguage":"fr-BE"},{"@type":"Organization","@id":"https:\/\/vieassociative.be\/actualites\/#organization","name":"Vie Associative","url":"https:\/\/vieassociative.be\/actualites\/","logo":{"@type":"ImageObject","inLanguage":"fr-BE","@id":"https:\/\/vieassociative.be\/actualites\/#\/schema\/logo\/image\/","url":"https:\/\/vieassociative.be\/actualites\/wp-content\/uploads\/2024\/09\/cropped-vieassociative_favicon.ico.png","contentUrl":"https:\/\/vieassociative.be\/actualites\/wp-content\/uploads\/2024\/09\/cropped-vieassociative_favicon.ico.png","width":512,"height":512,"caption":"Vie Associative"},"image":{"@id":"https:\/\/vieassociative.be\/actualites\/#\/schema\/logo\/image\/"}},{"@type":"Person","@id":"https:\/\/vieassociative.be\/actualites\/#\/schema\/person\/b87ac4f82f9d4e7b7cec7395b679edc4","name":"Julien","image":{"@type":"ImageObject","inLanguage":"fr-BE","@id":"https:\/\/vieassociative.be\/actualites\/#\/schema\/person\/image\/","url":"https:\/\/vieassociative.be\/actualites\/wp-content\/uploads\/2024\/09\/vie-associative-1-150x150.jpg","contentUrl":"https:\/\/vieassociative.be\/actualites\/wp-content\/uploads\/2024\/09\/vie-associative-1-150x150.jpg","caption":"Julien"},"description":"Je suis Julien, r\u00e9dacteur pour Vie Associative. Passionn\u00e9 par le monde associatif depuis plus de 10 ans, j'ai \u00e0 c\u0153ur de partager des histoires inspirantes et de mettre en lumi\u00e8re les initiatives locales. Mon objectif est de sensibiliser et d'encourager l'engagement communautaire \u00e0 travers mes articles.","sameAs":["https:\/\/vieassociative.be\/"]}]}},"_links":{"self":[{"href":"https:\/\/vieassociative.be\/actualites\/wp-json\/wp\/v2\/posts\/9062"}],"collection":[{"href":"https:\/\/vieassociative.be\/actualites\/wp-json\/wp\/v2\/posts"}],"about":[{"href":"https:\/\/vieassociative.be\/actualites\/wp-json\/wp\/v2\/types\/post"}],"author":[{"embeddable":true,"href":"https:\/\/vieassociative.be\/actualites\/wp-json\/wp\/v2\/users\/1"}],"replies":[{"embeddable":true,"href":"https:\/\/vieassociative.be\/actualites\/wp-json\/wp\/v2\/comments?post=9062"}],"version-history":[{"count":0,"href":"https:\/\/vieassociative.be\/actualites\/wp-json\/wp\/v2\/posts\/9062\/revisions"}],"wp:featuredmedia":[{"embeddable":true,"href":"https:\/\/vieassociative.be\/actualites\/wp-json\/wp\/v2\/media\/9063"}],"wp:attachment":[{"href":"https:\/\/vieassociative.be\/actualites\/wp-json\/wp\/v2\/media?parent=9062"}],"wp:term":[{"taxonomy":"category","embeddable":true,"href":"https:\/\/vieassociative.be\/actualites\/wp-json\/wp\/v2\/categories?post=9062"},{"taxonomy":"post_tag","embeddable":true,"href":"https:\/\/vieassociative.be\/actualites\/wp-json\/wp\/v2\/tags?post=9062"}],"curies":[{"name":"wp","href":"https:\/\/api.w.org\/{rel}","templated":true}]}}