{"id":9060,"date":"2025-07-28T15:17:34","date_gmt":"2025-07-28T13:17:34","guid":{"rendered":"https:\/\/vieassociative.be\/actualites\/ces-ecouteurs-sony-tres-bien-notes-sont-a-plus-de-la-moitie-en-ce-moment\/"},"modified":"2025-07-28T15:17:34","modified_gmt":"2025-07-28T13:17:34","slug":"ces-ecouteurs-sony-tres-bien-notes-sont-a-plus-de-la-moitie-en-ce-moment","status":"publish","type":"post","link":"https:\/\/vieassociative.be\/actualites\/ces-ecouteurs-sony-tres-bien-notes-sont-a-plus-de-la-moitie-en-ce-moment\/","title":{"rendered":"Ces \u00e9couteurs Sony tr\u00e8s bien not\u00e9s sont \u00e0 plus de la moiti\u00e9 en ce moment"},"content":{"rendered":"<div class=\"mt-4 leading-6 md:mb-8\">Ces \u00e9couteurs r\u00e9nov\u00e9s offrent une bonne annulation de bruit, un ajustement s\u00e9curis\u00e9 et une prise en charge LDAC pour moins de la moiti\u00e9 du prix des nouveaux.<\/div>\n<p><\/p>\n<p>Pour tous ceux qui voulaient une paire d&rsquo;\u00e9couteurs Sony sans payer les prix de Sony, cela pourrait \u00eatre un compromis d\u00e9cent. Le Sony Linkbuds Fit r\u00e9nov\u00e9 de grade A co\u00fbte actuellement 89,99 $ sur Woot (pendant cinq jours ou jusqu&rsquo;\u00e0 ce qu&rsquo;ils soient vendus), soit moins de la moiti\u00e9 du prix d&rsquo;une nouvelle paire sur Amazon. Ceux-ci ont \u00e9t\u00e9 test\u00e9s, nettoy\u00e9s et sont livr\u00e9s avec tous les accessoires d&rsquo;origine, y compris trois paires de boutons d&rsquo;oreilles et un c\u00e2ble USB-C pour la charge, ainsi qu&rsquo;une garantie limit\u00e9e d&rsquo;un an. La livraison gratuite est incluse pour les membres Prime; Sinon, cela vous co\u00fbtera six dollars.<\/p>\n<div class=\"pogoClear mb-12 mt-10 rounded-md border-2 border-gray-100 py-7 shadow-xl md:py-6\">\n<div class=\"flex flex-wrap justify-between px-7 text-black no-underline md:flex-nowrap md:px-8\">\n<div class=\"order-1 mx-auto flex flex-col justify-center md:order-2 md:ml-4 md:w-full md:grow\">\n<div class=\"block cursor-pointer text-center font-akshar text-2xl font-medium leading-7 text-brand-green duration-200 ease-in-out hover:text-brand-green-700 md:text-left md:text-xl md:leading-6\">Grade A r\u00e9nov\u00e9 Sony Linkbuds ajust\u00e9\n                <\/div>\n<div class=\"mt-4 hidden md:flex md:justify-between\">\n<div class=\"self-end\">\n<div class=\"mb-0 h-11 md:flex md:flex-col md:justify-center\">\n<div class=\" font-sans leading-4 text-black\">\n<div class=\"flex flex-wrap items-center justify-center gap-1 md:justify-start\">\n        <span class=\"font-bold\"><\/p>\n<p>            89,99 $<br \/>\n                            <span class=\"font-medium\">\u00e0 Woot<\/span><br \/>\n                    <\/span>\n            <\/div>\n<div class=\"flex items-center justify-center gap-x-1 font-bold md:justify-start\">\n            <span class=\"text-sm line-through\">198,00 $<\/span><br \/>\n            <span class=\"text-sm text-brand-green\">\u00c9conomisez 108,01 $<\/span>\n        <\/div>\n<\/p><\/div>\n<\/p><\/div>\n<\/p><\/div>\n<div class=\"w-44 self-end\">\n                            <button class=\"flex justify-center items-center w-full bg-brand-green text-white text-base font-sans font-medium rounded-md hover:bg-brand-green-700 hover:cursor-pointer md:text-sm h-11\"><\/p>\n<p>    Conclure un accord<br \/>\n<\/button>\n                        <\/div>\n<\/p><\/div>\n<\/p><\/div>\n<div class=\"order-2 mt-5 h-auto w-full md:order-1 md:mt-0 md:hidden\">\n<div class=\"flex aspect-video items-center justify-center\">\n                                            <img decoding=\"async\" class=\"m-0 max-h-full max-w-full rounded-md\" src=\"https:\/\/vieassociative.be\/actualites\/wp-content\/uploads\/2025\/07\/Ces-ecouteurs-Sony-tres-bien-notes-sont-a-plus-de.png\" alt=\"Grade A r\u00e9nov\u00e9 Sony Linkbuds ajust\u00e9\" width=\"auto\" height=\"auto\" loading=\"lazy\">\n                                    <\/div>\n<\/p><\/div>\n<div class=\"order-2 ml-2 hidden w-32 shrink-0 items-center md:order-1 md:ml-0 md:flex\">\n<div class=\"flex aspect-video items-center justify-center\">\n                                            <img decoding=\"async\" class=\"m-0 max-h-full max-w-full rounded-md\" src=\"https:\/\/vieassociative.be\/actualites\/wp-content\/uploads\/2025\/07\/Ces-ecouteurs-Sony-tres-bien-notes-sont-a-plus-de.png\" alt=\"Grade A r\u00e9nov\u00e9 Sony Linkbuds ajust\u00e9\" width=\"auto\" height=\"auto\" loading=\"lazy\">\n                                    <\/div>\n<\/p><\/div>\n<div class=\"order-3 flex grow flex-wrap md:hidden md:grow-0\">\n<div class=\"mt-4 w-full\">\n                        <button class=\"flex justify-center items-center w-full bg-brand-green text-white text-base font-sans font-medium rounded-md hover:bg-brand-green-700 hover:cursor-pointer md:text-sm h-11\"><\/p>\n<p>    Conclure un accord<br \/>\n<\/button>\n                    <\/div>\n<div class=\"mx-2 mt-4 w-full\">\n<div class=\" font-sans leading-4 text-black\">\n<div class=\"flex flex-wrap items-center justify-center gap-1 md:justify-start\">\n        <span class=\"font-bold\"><\/p>\n<p>            89,99 $<br \/>\n                            <span class=\"font-medium\">\u00e0 Woot<\/span><br \/>\n                    <\/span>\n            <\/div>\n<div class=\"flex items-center justify-center gap-x-1 font-bold md:justify-start\">\n            <span class=\"text-sm line-through\">198,00 $<\/span><br \/>\n            <span class=\"text-sm text-brand-green\">\u00c9conomisez 108,01 $<\/span>\n        <\/div>\n<\/p><\/div>\n<\/p><\/div>\n<\/p><\/div>\n<\/p><\/div>\n<\/div>\n<p>En ce qui concerne le design, les liens Fit optent pour un look arrondi sans tige avec des ailes flexibles qui les aident \u00e0 rester en place pendant les s\u00e9ances d&rsquo;entra\u00eenement ou les d\u00e9placements. Leur r\u00e9sistance \u00e0 l&rsquo;eau IPX4 n&rsquo;est rien de sauvage, mais c&rsquo;est assez bon pour g\u00e9rer les courses en sueur ou un peu de pluie. La prise en charge de l&rsquo;application ici est solide &#8211; vous pouvez basculer les modes de bruit, ajuster l&rsquo;\u00e9quation et m\u00eame d\u00e9finir des gestes de t\u00eate pour r\u00e9pondre ou rejeter les appels. Les commandes tactiles sont int\u00e9gr\u00e9es dans les deux bourgeons, et vous pouvez r\u00e9affecter la plupart d&rsquo;entre eux en fonction de vos habitudes. Ils prennent \u00e9galement en charge Bluetooth Multipoint, vous pouvez donc rester connect\u00e9 \u00e0 votre ordinateur portable et \u00e0 votre t\u00e9l\u00e9phone en m\u00eame temps.<\/p>\n<p>La dur\u00e9e de vie de la batterie est l&rsquo;endroit o\u00f9 les compromis apparaissent. Vous regardez environ 5,5 heures par charge avec un annulation de bruit, et le cas vous donne quelques frais suppl\u00e9mentaires en fonction de la fa\u00e7on dont vous les utilisez, mais il ne prend pas en charge la charge sans fil. L&rsquo;ANC fait un bon travail avec des grondements bas, et le mode de transparence est impressionnant, m\u00eame s&rsquo;il a un peu de sifflement, note cette revue PCMAG. Si vous \u00eates sur Android, le codec LDAC aide le son plus expansif et plus clair, bien que l&rsquo;audio spatial ne fonctionne que dans des applications s\u00e9lectionn\u00e9es. Ainsi, bien que la dur\u00e9e de vie de la batterie et le manque de charge sans fil puissent d\u00e9sactiver certaines personnes, il y a encore beaucoup de choses ici pour moins de 90 $, surtout si vous \u00eates plus int\u00e9ress\u00e9 par les fonctionnalit\u00e9s de l&rsquo;ajustement, de la qualit\u00e9 sonore et des fonctionnalit\u00e9s intelligentes.<\/p>\n","protected":false},"excerpt":{"rendered":"<p>Ces \u00e9couteurs r\u00e9nov\u00e9s offrent une bonne annulation de bruit, un ajustement s\u00e9curis\u00e9 et une prise en charge LDAC pour moins de la moiti\u00e9 du prix<\/p>\n","protected":false},"author":1,"featured_media":9061,"comment_status":"","ping_status":"","sticky":false,"template":"","format":"standard","meta":{"footnotes":""},"categories":[13],"tags":[254,248,1537,4637,1429,145,18,2243,2493],"class_list":["post-9060","post","type-post","status-publish","format-standard","has-post-thumbnail","hentry","category-technologie","tag-bien","tag-ces","tag-ecouteurs","tag-moitie","tag-moment","tag-notes","tag-sont","tag-sony","tag-tres","generate-columns","tablet-grid-50","mobile-grid-100","grid-parent","grid-33"],"yoast_head":"<!-- This site is optimized with the Yoast SEO plugin v24.0 - https:\/\/yoast.com\/wordpress\/plugins\/seo\/ -->\n<title>Ces \u00e9couteurs Sony tr\u00e8s bien not\u00e9s sont \u00e0 plus de la moiti\u00e9 en ce moment | Vie Associative<\/title>\n<meta name=\"robots\" content=\"index, follow, max-snippet:-1, max-image-preview:large, max-video-preview:-1\" \/>\n<link rel=\"canonical\" href=\"https:\/\/vieassociative.be\/actualites\/ces-ecouteurs-sony-tres-bien-notes-sont-a-plus-de-la-moitie-en-ce-moment\/\" \/>\n<meta property=\"og:locale\" content=\"fr_FR\" \/>\n<meta property=\"og:type\" content=\"article\" \/>\n<meta property=\"og:title\" content=\"Ces \u00e9couteurs Sony tr\u00e8s bien not\u00e9s sont \u00e0 plus de la moiti\u00e9 en ce moment | Vie Associative\" \/>\n<meta property=\"og:description\" content=\"Ces \u00e9couteurs r\u00e9nov\u00e9s offrent une bonne annulation de bruit, un ajustement s\u00e9curis\u00e9 et une prise en charge LDAC pour moins de la moiti\u00e9 du prix\" \/>\n<meta property=\"og:url\" content=\"https:\/\/vieassociative.be\/actualites\/ces-ecouteurs-sony-tres-bien-notes-sont-a-plus-de-la-moitie-en-ce-moment\/\" \/>\n<meta property=\"og:site_name\" content=\"Vie Associative\" \/>\n<meta property=\"article:published_time\" content=\"2025-07-28T13:17:34+00:00\" \/>\n<meta property=\"og:image\" content=\"https:\/\/vieassociative.be\/actualites\/wp-content\/uploads\/2025\/07\/Ces-ecouteurs-Sony-tres-bien-notes-sont-a-plus-de.png\" \/>\n<meta name=\"author\" content=\"Julien\" \/>\n<meta name=\"twitter:card\" content=\"summary_large_image\" \/>\n<meta name=\"twitter:label1\" content=\"\u00c9crit par\" \/>\n\t<meta name=\"twitter:data1\" content=\"Julien\" \/>\n\t<meta name=\"twitter:label2\" content=\"Dur\u00e9e de lecture est.\" \/>\n\t<meta name=\"twitter:data2\" content=\"2 minutes\" \/>\n<script type=\"application\/ld+json\" class=\"yoast-schema-graph\">{\"@context\":\"https:\/\/schema.org\",\"@graph\":[{\"@type\":\"Article\",\"@id\":\"https:\/\/vieassociative.be\/actualites\/ces-ecouteurs-sony-tres-bien-notes-sont-a-plus-de-la-moitie-en-ce-moment\/#article\",\"isPartOf\":{\"@id\":\"https:\/\/vieassociative.be\/actualites\/ces-ecouteurs-sony-tres-bien-notes-sont-a-plus-de-la-moitie-en-ce-moment\/\"},\"author\":{\"name\":\"Julien\",\"@id\":\"https:\/\/vieassociative.be\/actualites\/#\/schema\/person\/b87ac4f82f9d4e7b7cec7395b679edc4\"},\"headline\":\"Ces \u00e9couteurs Sony tr\u00e8s bien not\u00e9s sont \u00e0 plus de la moiti\u00e9 en ce moment\",\"datePublished\":\"2025-07-28T13:17:34+00:00\",\"dateModified\":\"2025-07-28T13:17:34+00:00\",\"mainEntityOfPage\":{\"@id\":\"https:\/\/vieassociative.be\/actualites\/ces-ecouteurs-sony-tres-bien-notes-sont-a-plus-de-la-moitie-en-ce-moment\/\"},\"wordCount\":507,\"publisher\":{\"@id\":\"https:\/\/vieassociative.be\/actualites\/#organization\"},\"image\":{\"@id\":\"https:\/\/vieassociative.be\/actualites\/ces-ecouteurs-sony-tres-bien-notes-sont-a-plus-de-la-moitie-en-ce-moment\/#primaryimage\"},\"thumbnailUrl\":\"https:\/\/vieassociative.be\/actualites\/wp-content\/uploads\/2025\/07\/1753708655_Ces-ecouteurs-Sony-tres-bien-notes-sont-a-plus-de.png\",\"keywords\":[\"bien\",\"ces\",\"\u00e9couteurs\",\"moiti\u00e9\",\"moment\",\"notes\",\"sont\",\"Sony\",\"tr\u00e8s\"],\"articleSection\":[\"Technologie\"],\"inLanguage\":\"fr-BE\"},{\"@type\":\"WebPage\",\"@id\":\"https:\/\/vieassociative.be\/actualites\/ces-ecouteurs-sony-tres-bien-notes-sont-a-plus-de-la-moitie-en-ce-moment\/\",\"url\":\"https:\/\/vieassociative.be\/actualites\/ces-ecouteurs-sony-tres-bien-notes-sont-a-plus-de-la-moitie-en-ce-moment\/\",\"name\":\"Ces \u00e9couteurs Sony tr\u00e8s bien not\u00e9s sont \u00e0 plus de la moiti\u00e9 en ce moment | Vie Associative\",\"isPartOf\":{\"@id\":\"https:\/\/vieassociative.be\/actualites\/#website\"},\"primaryImageOfPage\":{\"@id\":\"https:\/\/vieassociative.be\/actualites\/ces-ecouteurs-sony-tres-bien-notes-sont-a-plus-de-la-moitie-en-ce-moment\/#primaryimage\"},\"image\":{\"@id\":\"https:\/\/vieassociative.be\/actualites\/ces-ecouteurs-sony-tres-bien-notes-sont-a-plus-de-la-moitie-en-ce-moment\/#primaryimage\"},\"thumbnailUrl\":\"https:\/\/vieassociative.be\/actualites\/wp-content\/uploads\/2025\/07\/1753708655_Ces-ecouteurs-Sony-tres-bien-notes-sont-a-plus-de.png\",\"datePublished\":\"2025-07-28T13:17:34+00:00\",\"dateModified\":\"2025-07-28T13:17:34+00:00\",\"breadcrumb\":{\"@id\":\"https:\/\/vieassociative.be\/actualites\/ces-ecouteurs-sony-tres-bien-notes-sont-a-plus-de-la-moitie-en-ce-moment\/#breadcrumb\"},\"inLanguage\":\"fr-BE\",\"potentialAction\":[{\"@type\":\"ReadAction\",\"target\":[\"https:\/\/vieassociative.be\/actualites\/ces-ecouteurs-sony-tres-bien-notes-sont-a-plus-de-la-moitie-en-ce-moment\/\"]}]},{\"@type\":\"ImageObject\",\"inLanguage\":\"fr-BE\",\"@id\":\"https:\/\/vieassociative.be\/actualites\/ces-ecouteurs-sony-tres-bien-notes-sont-a-plus-de-la-moitie-en-ce-moment\/#primaryimage\",\"url\":\"https:\/\/vieassociative.be\/actualites\/wp-content\/uploads\/2025\/07\/1753708655_Ces-ecouteurs-Sony-tres-bien-notes-sont-a-plus-de.png\",\"contentUrl\":\"https:\/\/vieassociative.be\/actualites\/wp-content\/uploads\/2025\/07\/1753708655_Ces-ecouteurs-Sony-tres-bien-notes-sont-a-plus-de.png\",\"width\":1200,\"height\":675,\"caption\":\"Ces \u00e9couteurs Sony tr\u00e8s bien not\u00e9s sont \u00e0 plus de la moiti\u00e9 en ce moment\"},{\"@type\":\"BreadcrumbList\",\"@id\":\"https:\/\/vieassociative.be\/actualites\/ces-ecouteurs-sony-tres-bien-notes-sont-a-plus-de-la-moitie-en-ce-moment\/#breadcrumb\",\"itemListElement\":[{\"@type\":\"ListItem\",\"position\":1,\"name\":\"Accueil\",\"item\":\"https:\/\/vieassociative.be\/actualites\/\"},{\"@type\":\"ListItem\",\"position\":2,\"name\":\"Ces \u00e9couteurs Sony tr\u00e8s bien not\u00e9s sont \u00e0 plus de la moiti\u00e9 en ce moment\"}]},{\"@type\":\"WebSite\",\"@id\":\"https:\/\/vieassociative.be\/actualites\/#website\",\"url\":\"https:\/\/vieassociative.be\/actualites\/\",\"name\":\"Vie Associative\",\"description\":\"\",\"publisher\":{\"@id\":\"https:\/\/vieassociative.be\/actualites\/#organization\"},\"potentialAction\":[{\"@type\":\"SearchAction\",\"target\":{\"@type\":\"EntryPoint\",\"urlTemplate\":\"https:\/\/vieassociative.be\/actualites\/?s={search_term_string}\"},\"query-input\":{\"@type\":\"PropertyValueSpecification\",\"valueRequired\":true,\"valueName\":\"search_term_string\"}}],\"inLanguage\":\"fr-BE\"},{\"@type\":\"Organization\",\"@id\":\"https:\/\/vieassociative.be\/actualites\/#organization\",\"name\":\"Vie Associative\",\"url\":\"https:\/\/vieassociative.be\/actualites\/\",\"logo\":{\"@type\":\"ImageObject\",\"inLanguage\":\"fr-BE\",\"@id\":\"https:\/\/vieassociative.be\/actualites\/#\/schema\/logo\/image\/\",\"url\":\"https:\/\/vieassociative.be\/actualites\/wp-content\/uploads\/2024\/09\/cropped-vieassociative_favicon.ico.png\",\"contentUrl\":\"https:\/\/vieassociative.be\/actualites\/wp-content\/uploads\/2024\/09\/cropped-vieassociative_favicon.ico.png\",\"width\":512,\"height\":512,\"caption\":\"Vie Associative\"},\"image\":{\"@id\":\"https:\/\/vieassociative.be\/actualites\/#\/schema\/logo\/image\/\"}},{\"@type\":\"Person\",\"@id\":\"https:\/\/vieassociative.be\/actualites\/#\/schema\/person\/b87ac4f82f9d4e7b7cec7395b679edc4\",\"name\":\"Julien\",\"image\":{\"@type\":\"ImageObject\",\"inLanguage\":\"fr-BE\",\"@id\":\"https:\/\/vieassociative.be\/actualites\/#\/schema\/person\/image\/\",\"url\":\"https:\/\/vieassociative.be\/actualites\/wp-content\/uploads\/2024\/09\/vie-associative-1-150x150.jpg\",\"contentUrl\":\"https:\/\/vieassociative.be\/actualites\/wp-content\/uploads\/2024\/09\/vie-associative-1-150x150.jpg\",\"caption\":\"Julien\"},\"description\":\"Je suis Julien, r\u00e9dacteur pour Vie Associative. Passionn\u00e9 par le monde associatif depuis plus de 10 ans, j'ai \u00e0 c\u0153ur de partager des histoires inspirantes et de mettre en lumi\u00e8re les initiatives locales. Mon objectif est de sensibiliser et d'encourager l'engagement communautaire \u00e0 travers mes articles.\",\"sameAs\":[\"https:\/\/vieassociative.be\/\"]}]}<\/script>\n<!-- \/ Yoast SEO plugin. -->","yoast_head_json":{"title":"Ces \u00e9couteurs Sony tr\u00e8s bien not\u00e9s sont \u00e0 plus de la moiti\u00e9 en ce moment | Vie Associative","robots":{"index":"index","follow":"follow","max-snippet":"max-snippet:-1","max-image-preview":"max-image-preview:large","max-video-preview":"max-video-preview:-1"},"canonical":"https:\/\/vieassociative.be\/actualites\/ces-ecouteurs-sony-tres-bien-notes-sont-a-plus-de-la-moitie-en-ce-moment\/","og_locale":"fr_FR","og_type":"article","og_title":"Ces \u00e9couteurs Sony tr\u00e8s bien not\u00e9s sont \u00e0 plus de la moiti\u00e9 en ce moment | Vie Associative","og_description":"Ces \u00e9couteurs r\u00e9nov\u00e9s offrent une bonne annulation de bruit, un ajustement s\u00e9curis\u00e9 et une prise en charge LDAC pour moins de la moiti\u00e9 du prix","og_url":"https:\/\/vieassociative.be\/actualites\/ces-ecouteurs-sony-tres-bien-notes-sont-a-plus-de-la-moitie-en-ce-moment\/","og_site_name":"Vie Associative","article_published_time":"2025-07-28T13:17:34+00:00","og_image":[{"url":"https:\/\/vieassociative.be\/actualites\/wp-content\/uploads\/2025\/07\/Ces-ecouteurs-Sony-tres-bien-notes-sont-a-plus-de.png","type":"","width":"","height":""}],"author":"Julien","twitter_card":"summary_large_image","twitter_misc":{"\u00c9crit par":"Julien","Dur\u00e9e de lecture est.":"2 minutes"},"schema":{"@context":"https:\/\/schema.org","@graph":[{"@type":"Article","@id":"https:\/\/vieassociative.be\/actualites\/ces-ecouteurs-sony-tres-bien-notes-sont-a-plus-de-la-moitie-en-ce-moment\/#article","isPartOf":{"@id":"https:\/\/vieassociative.be\/actualites\/ces-ecouteurs-sony-tres-bien-notes-sont-a-plus-de-la-moitie-en-ce-moment\/"},"author":{"name":"Julien","@id":"https:\/\/vieassociative.be\/actualites\/#\/schema\/person\/b87ac4f82f9d4e7b7cec7395b679edc4"},"headline":"Ces \u00e9couteurs Sony tr\u00e8s bien not\u00e9s sont \u00e0 plus de la moiti\u00e9 en ce moment","datePublished":"2025-07-28T13:17:34+00:00","dateModified":"2025-07-28T13:17:34+00:00","mainEntityOfPage":{"@id":"https:\/\/vieassociative.be\/actualites\/ces-ecouteurs-sony-tres-bien-notes-sont-a-plus-de-la-moitie-en-ce-moment\/"},"wordCount":507,"publisher":{"@id":"https:\/\/vieassociative.be\/actualites\/#organization"},"image":{"@id":"https:\/\/vieassociative.be\/actualites\/ces-ecouteurs-sony-tres-bien-notes-sont-a-plus-de-la-moitie-en-ce-moment\/#primaryimage"},"thumbnailUrl":"https:\/\/vieassociative.be\/actualites\/wp-content\/uploads\/2025\/07\/1753708655_Ces-ecouteurs-Sony-tres-bien-notes-sont-a-plus-de.png","keywords":["bien","ces","\u00e9couteurs","moiti\u00e9","moment","notes","sont","Sony","tr\u00e8s"],"articleSection":["Technologie"],"inLanguage":"fr-BE"},{"@type":"WebPage","@id":"https:\/\/vieassociative.be\/actualites\/ces-ecouteurs-sony-tres-bien-notes-sont-a-plus-de-la-moitie-en-ce-moment\/","url":"https:\/\/vieassociative.be\/actualites\/ces-ecouteurs-sony-tres-bien-notes-sont-a-plus-de-la-moitie-en-ce-moment\/","name":"Ces \u00e9couteurs Sony tr\u00e8s bien not\u00e9s sont \u00e0 plus de la moiti\u00e9 en ce moment | Vie Associative","isPartOf":{"@id":"https:\/\/vieassociative.be\/actualites\/#website"},"primaryImageOfPage":{"@id":"https:\/\/vieassociative.be\/actualites\/ces-ecouteurs-sony-tres-bien-notes-sont-a-plus-de-la-moitie-en-ce-moment\/#primaryimage"},"image":{"@id":"https:\/\/vieassociative.be\/actualites\/ces-ecouteurs-sony-tres-bien-notes-sont-a-plus-de-la-moitie-en-ce-moment\/#primaryimage"},"thumbnailUrl":"https:\/\/vieassociative.be\/actualites\/wp-content\/uploads\/2025\/07\/1753708655_Ces-ecouteurs-Sony-tres-bien-notes-sont-a-plus-de.png","datePublished":"2025-07-28T13:17:34+00:00","dateModified":"2025-07-28T13:17:34+00:00","breadcrumb":{"@id":"https:\/\/vieassociative.be\/actualites\/ces-ecouteurs-sony-tres-bien-notes-sont-a-plus-de-la-moitie-en-ce-moment\/#breadcrumb"},"inLanguage":"fr-BE","potentialAction":[{"@type":"ReadAction","target":["https:\/\/vieassociative.be\/actualites\/ces-ecouteurs-sony-tres-bien-notes-sont-a-plus-de-la-moitie-en-ce-moment\/"]}]},{"@type":"ImageObject","inLanguage":"fr-BE","@id":"https:\/\/vieassociative.be\/actualites\/ces-ecouteurs-sony-tres-bien-notes-sont-a-plus-de-la-moitie-en-ce-moment\/#primaryimage","url":"https:\/\/vieassociative.be\/actualites\/wp-content\/uploads\/2025\/07\/1753708655_Ces-ecouteurs-Sony-tres-bien-notes-sont-a-plus-de.png","contentUrl":"https:\/\/vieassociative.be\/actualites\/wp-content\/uploads\/2025\/07\/1753708655_Ces-ecouteurs-Sony-tres-bien-notes-sont-a-plus-de.png","width":1200,"height":675,"caption":"Ces \u00e9couteurs Sony tr\u00e8s bien not\u00e9s sont \u00e0 plus de la moiti\u00e9 en ce moment"},{"@type":"BreadcrumbList","@id":"https:\/\/vieassociative.be\/actualites\/ces-ecouteurs-sony-tres-bien-notes-sont-a-plus-de-la-moitie-en-ce-moment\/#breadcrumb","itemListElement":[{"@type":"ListItem","position":1,"name":"Accueil","item":"https:\/\/vieassociative.be\/actualites\/"},{"@type":"ListItem","position":2,"name":"Ces \u00e9couteurs Sony tr\u00e8s bien not\u00e9s sont \u00e0 plus de la moiti\u00e9 en ce moment"}]},{"@type":"WebSite","@id":"https:\/\/vieassociative.be\/actualites\/#website","url":"https:\/\/vieassociative.be\/actualites\/","name":"Vie Associative","description":"","publisher":{"@id":"https:\/\/vieassociative.be\/actualites\/#organization"},"potentialAction":[{"@type":"SearchAction","target":{"@type":"EntryPoint","urlTemplate":"https:\/\/vieassociative.be\/actualites\/?s={search_term_string}"},"query-input":{"@type":"PropertyValueSpecification","valueRequired":true,"valueName":"search_term_string"}}],"inLanguage":"fr-BE"},{"@type":"Organization","@id":"https:\/\/vieassociative.be\/actualites\/#organization","name":"Vie Associative","url":"https:\/\/vieassociative.be\/actualites\/","logo":{"@type":"ImageObject","inLanguage":"fr-BE","@id":"https:\/\/vieassociative.be\/actualites\/#\/schema\/logo\/image\/","url":"https:\/\/vieassociative.be\/actualites\/wp-content\/uploads\/2024\/09\/cropped-vieassociative_favicon.ico.png","contentUrl":"https:\/\/vieassociative.be\/actualites\/wp-content\/uploads\/2024\/09\/cropped-vieassociative_favicon.ico.png","width":512,"height":512,"caption":"Vie Associative"},"image":{"@id":"https:\/\/vieassociative.be\/actualites\/#\/schema\/logo\/image\/"}},{"@type":"Person","@id":"https:\/\/vieassociative.be\/actualites\/#\/schema\/person\/b87ac4f82f9d4e7b7cec7395b679edc4","name":"Julien","image":{"@type":"ImageObject","inLanguage":"fr-BE","@id":"https:\/\/vieassociative.be\/actualites\/#\/schema\/person\/image\/","url":"https:\/\/vieassociative.be\/actualites\/wp-content\/uploads\/2024\/09\/vie-associative-1-150x150.jpg","contentUrl":"https:\/\/vieassociative.be\/actualites\/wp-content\/uploads\/2024\/09\/vie-associative-1-150x150.jpg","caption":"Julien"},"description":"Je suis Julien, r\u00e9dacteur pour Vie Associative. Passionn\u00e9 par le monde associatif depuis plus de 10 ans, j'ai \u00e0 c\u0153ur de partager des histoires inspirantes et de mettre en lumi\u00e8re les initiatives locales. Mon objectif est de sensibiliser et d'encourager l'engagement communautaire \u00e0 travers mes articles.","sameAs":["https:\/\/vieassociative.be\/"]}]}},"_links":{"self":[{"href":"https:\/\/vieassociative.be\/actualites\/wp-json\/wp\/v2\/posts\/9060"}],"collection":[{"href":"https:\/\/vieassociative.be\/actualites\/wp-json\/wp\/v2\/posts"}],"about":[{"href":"https:\/\/vieassociative.be\/actualites\/wp-json\/wp\/v2\/types\/post"}],"author":[{"embeddable":true,"href":"https:\/\/vieassociative.be\/actualites\/wp-json\/wp\/v2\/users\/1"}],"replies":[{"embeddable":true,"href":"https:\/\/vieassociative.be\/actualites\/wp-json\/wp\/v2\/comments?post=9060"}],"version-history":[{"count":0,"href":"https:\/\/vieassociative.be\/actualites\/wp-json\/wp\/v2\/posts\/9060\/revisions"}],"wp:featuredmedia":[{"embeddable":true,"href":"https:\/\/vieassociative.be\/actualites\/wp-json\/wp\/v2\/media\/9061"}],"wp:attachment":[{"href":"https:\/\/vieassociative.be\/actualites\/wp-json\/wp\/v2\/media?parent=9060"}],"wp:term":[{"taxonomy":"category","embeddable":true,"href":"https:\/\/vieassociative.be\/actualites\/wp-json\/wp\/v2\/categories?post=9060"},{"taxonomy":"post_tag","embeddable":true,"href":"https:\/\/vieassociative.be\/actualites\/wp-json\/wp\/v2\/tags?post=9060"}],"curies":[{"name":"wp","href":"https:\/\/api.w.org\/{rel}","templated":true}]}}