{"id":9058,"date":"2025-07-28T10:19:31","date_gmt":"2025-07-28T08:19:31","guid":{"rendered":"https:\/\/vieassociative.be\/actualites\/dispute-douaniere-reglee-quest-ce-que-cela-signifie-pour-leconomie-et-le-consommateur-europeen-questions-et-reponses\/"},"modified":"2025-07-28T10:19:31","modified_gmt":"2025-07-28T08:19:31","slug":"dispute-douaniere-reglee-quest-ce-que-cela-signifie-pour-leconomie-et-le-consommateur-europeen-questions-et-reponses","status":"publish","type":"post","link":"https:\/\/vieassociative.be\/actualites\/dispute-douaniere-reglee-quest-ce-que-cela-signifie-pour-leconomie-et-le-consommateur-europeen-questions-et-reponses\/","title":{"rendered":"Dispute douani\u00e8re r\u00e9gl\u00e9e: Qu&rsquo;est-ce que cela signifie pour l&rsquo;\u00e9conomie et le consommateur europ\u00e9en? (Questions et r\u00e9ponses)"},"content":{"rendered":"<p><strong>Le risque d&rsquo;une guerre commerciale entre les \u00c9tats-Unis et l&rsquo;UE a \u00e9t\u00e9 \u00e9vit\u00e9 pour le moment. Apr\u00e8s de longues n\u00e9gociations, les deux parties publient une explication du diff\u00e9rend sur les douanes. Y a-t-il un gagnant?<\/strong><\/p>\n<p><span id=\"more-421149\"><\/span>La pr\u00e9sidente de Donald Trump et de la Commission de l&rsquo;UE, Ursula von der Leyen, se sont assis c\u00f4te \u00e0 c\u00f4te lorsqu&rsquo;ils ont annonc\u00e9 la fin du litige mensuel. \u00ab\u00a0C&rsquo;est un \u00e9norme probl\u00e8me avec de nombreux pays\u00a0\u00bb, a d\u00e9clar\u00e9 Trump dans la grande salle de sa station de golf \u00e9cossaise. \u00ab\u00a0Je pense que c&rsquo;est la plus grande affaire qui ait jamais \u00e9t\u00e9 conclue.\u00a0\u00bb Les employ\u00e9s des deux parties ont applaudi. Mais que signifie l&rsquo;accord que l&rsquo;Europe et les \u00c9tats-Unis \u00ab\u00a0r\u00e9uniront\u00a0\u00bb selon Trump.<\/p>\n<p><strong>&#8211; Sur quoi l&rsquo;UE et les \u00c9tats-Unis ont-ils convenu?<\/strong><\/p>\n<p>Les tarifs de 30% menac\u00e9s le 1er ao\u00fbt sont \u00e9vit\u00e9s \u00e0 l&rsquo;importation de produits europ\u00e9ens. Au lieu de cela, il devrait y avoir un ensemble de douanes de base de 15% sur la plupart des produits. Selon le Leyen, cela s&rsquo;applique \u00e9galement aux voitures, semi-conducteurs et produits pharmaceutiques. L&rsquo;accord cr\u00e9e un cadre pour la r\u00e9duction future des tarifs \u00e0 d&rsquo;autres produits.<\/p>\n<div id=\"attachment_421153\" class=\"wp-caption alignleft\" style=\"max-width: 300px\"><img fetchpriority=\"high\" decoding=\"async\" class=\"wp-image-421153 size-medium\" src=\"https:\/\/vieassociative.be\/actualites\/wp-content\/uploads\/2025\/07\/Dispute-douaniere-reglee-Quest-ce-que-cela-signifie-pour-leconomie-et.jpg\" alt=\"\" width=\"300\" height=\"198\"><\/div>\n<p><strong>-La y a-t-il eu d&rsquo;autres concessions du c\u00f4t\u00e9 de l&rsquo;UE?<\/strong><\/p>\n<p>Selon Trump, l&rsquo;UE assure \u00e0 Trump d&rsquo;acheter de l&rsquo;\u00e9nergie d&rsquo;une valeur de 750 milliards de dollars et d&rsquo;investir 600 milliards de dollars suppl\u00e9mentaires aux \u00c9tats-Unis. Il devrait \u00e9galement y avoir plus de transactions d&rsquo;armes. Selon le Leyen, il y aurait des tolls z\u00e9ro puits \u00e0 z\u00e9ro pour un certain nombre de produits strat\u00e9giques, y compris des pi\u00e8ces d&rsquo;avions et d&rsquo;avions, certains produits chimiques et certains produits agricoles.<\/p>\n<p><strong>&#8211; Pourquoi l&rsquo;UE a-t-il accept\u00e9 l&rsquo;accord?<\/strong><\/p>\n<p>S&rsquo;il n&rsquo;y avait eu aucun accord, d&rsquo;autres tarifs am\u00e9ricains avaient menac\u00e9. L&rsquo;UE voulait pr\u00e9venir l&rsquo;escalade car cela aurait menac\u00e9 le commerce et les emplois. En outre, on craignait que Trump puisse cr\u00e9er de nouvelles menaces en cas de conflit resserr\u00e9, par exemple en remettant en question une aide militaire au sein de l&rsquo;OTAN ou en soutenant \u00e0 nouveau le soutien de l&rsquo;Ukraine &#8211; les deux sont des probl\u00e8mes extr\u00eamement sensibles compte tenu des menaces de la Russie.<\/p>\n<p>Si les Europ\u00e9ens ne d\u00e9pendaient pas si des \u00c9tats-Unis dans le domaine de la d\u00e9fense, ils n&rsquo;auraient peut-\u00eatre pas accept\u00e9 l&rsquo;accord. Sur le plan \u00e9conomique, l&rsquo;UE, avec environ 450 millions de citoyens dans 27 pays, est un v\u00e9ritable pouvoir de march\u00e9 qui pourrait difficilement affecter les \u00c9tats-Unis dans un conflit commercial.<\/p>\n<p><strong>&#8211; Quels tarifs avaient d\u00e9j\u00e0 impos\u00e9 Trump?<\/strong><\/p>\n<p>En plus d&rsquo;un ensemble de douanes de base de dix pour cent, le gouvernement am\u00e9ricain sous Trump avait introduit Extrac\u00f6lle de 25% sur l&rsquo;importation de voitures et de pi\u00e8ces automobiles, de sorte que l&rsquo;ensemble des douanes \u00e9tait de 27,5% avant l&rsquo;accord. Les 15% d\u00e9sormais valables sont les meilleurs \u00e0 r\u00e9aliser, a d\u00e9clar\u00e9 Von der Leyen. Selon Trump, l&rsquo;ensemble des douanes reste 50% pour les produits en acier et en aluminium. Selon les informations des cercles de l&rsquo;UE, cependant, certaines quantit\u00e9s devraient \u00eatre exclues, comme ce fut le cas avant que Trump ne prenne ses fonctions.<\/p>\n<div id=\"attachment_421155\" class=\"wp-caption alignleft\" style=\"max-width: 300px\"><img decoding=\"async\" class=\"wp-image-421155 size-medium\" src=\"https:\/\/vieassociative.be\/actualites\/wp-content\/uploads\/2025\/07\/1753690771_639_Dispute-douaniere-reglee-Quest-ce-que-cela-signifie-pour-leconomie-et.jpg\" alt=\"\" width=\"300\" height=\"200\"><\/div>\n<p><strong>&#8211; Que gagne Trump?<\/strong><\/p>\n<p>Le fait que Trump puisse maintenir l&rsquo;ensemble des douanes de base de 15% est susceptible de vider des revenus suppl\u00e9mentaires dans le fonds d&rsquo;\u00c9tat am\u00e9ricain \u00e0 une hauteur d&rsquo;un milliard de dollars. Selon les informations de l&rsquo;UE, l&rsquo;ensemble des douanes am\u00e9ricaines moyens \u00e9tait sur les importations de l&rsquo;UE dans la pratique avant que Trump ne prenne ses fonctions, seulement environ 1% et donc tout aussi bas que le taux de droits de l&rsquo;UE sur les importations am\u00e9ricaines, au moins si vous n&rsquo;utilisez que le trading r\u00e9el entre l&rsquo;UE et les \u00c9tats-Unis.<\/p>\n<p>En 2023, les \u00c9tats-Unis ont soulev\u00e9 des tarifs d&rsquo;environ sept milliards d&rsquo;euros aux exportations de l&rsquo;UE, et l&rsquo;UE a relev\u00e9 des tarifs d&rsquo;environ trois milliards d&rsquo;euros vers les exportations am\u00e9ricaines.<\/p>\n<p><strong>&#8211; Que signifie l&rsquo;accord pour l&rsquo;\u00e9conomie et les consommateurs europ\u00e9ens?<\/strong><\/p>\n<p>Cela ne sera probablement \u00e9vident que dans les prochains mois. Il est bon que l&rsquo;incertitude soit un peu r\u00e9duite. Il est mauvais qu&rsquo;une partie des tarifs am\u00e9ricains soit maintenue. Les douanes rendent g\u00e9n\u00e9ralement les produits plus chers et freinent ainsi le m\u00e9tier. Il est donc encore concevable que les entreprises europ\u00e9ennes doivent perdre des affaires aux \u00c9tats-Unis et r\u00e9duire les emplois.<\/p>\n<p><strong>&#8211; Comment l&rsquo;UE aurait-elle r\u00e9agi en cas d&rsquo;escalade?<\/strong><\/p>\n<p>La Commission de l&rsquo;UE avait menac\u00e9 de repr\u00e9sailles. Cela comprenait des tarifs sur les produits am\u00e9ricains tels que les avions, les motos, le b\u0153uf, le whisky et les agrumes. De plus, les restrictions d&rsquo;exportation pour certains produits telles que la ferraille en acier ou les produits chimiques ainsi qu&rsquo;une taxe de vente pour les groupes technologiques am\u00e9ricains ont \u00e9t\u00e9 prises en compte.<\/p>\n<p><strong>&#8211; Comment Trump a-t-il justifi\u00e9 son cours de douane?<\/strong><\/p>\n<p>Trump s&rsquo;est disput\u00e9 avec un poids commercial pr\u00e9sum\u00e9 entre les \u00c9tats-Unis et l&rsquo;UE. Il voulait \u00e9galement ramener la production industrielle aux \u00c9tats-Unis avec son cours sous la devise \u00ab\u00a0America First\u00a0\u00bb. Le revenu douanier suppl\u00e9mentaire devrait \u00e9galement aider \u00e0 contrer ses r\u00e9ductions d&rsquo;imp\u00f4ts approfondies.<\/p>\n<div id=\"attachment_421154\" class=\"wp-caption alignleft\" style=\"max-width: 300px\"><img decoding=\"async\" class=\"wp-image-421154 size-medium\" src=\"https:\/\/vieassociative.be\/actualites\/wp-content\/uploads\/2025\/07\/1753690771_834_Dispute-douaniere-reglee-Quest-ce-que-cela-signifie-pour-leconomie-et.jpg\" alt=\"\" width=\"300\" height=\"200\"  ><\/div>\n<p><strong>&#8211; Comment les tarifs du juge de l&rsquo;UE Trump?<\/strong><\/p>\n<p>La Commission europ\u00e9enne consid\u00e8re essentiellement les nouveaux tarifs am\u00e9ricains injustifi\u00e9s. \u00c0 leur avis, ils violent \u00e9galement clairement et manifestement les r\u00e8gles fondamentales de l&rsquo;Organisation mondiale du commerce (OMC).<\/p>\n<p><strong>&#8211; L&rsquo;accord est-il permanent ou simplement une solution temporaire?<\/strong><\/p>\n<p>Imm\u00e9diatement avant la premi\u00e8re conversation, Trump a d\u00e9clar\u00e9 que le diff\u00e9rend sur les douanes se terminerait par un accord. Il suppose que dans un tel cas, il faudrait au moins quelques ann\u00e9es avant que les discussions ne soient \u00e0 nouveau n\u00e9cessaires.<\/p>\n<p><strong>&#8211; De quel type de volume de trading s&rsquo;agit-il?<\/strong><\/p>\n<p>Selon l&rsquo;UE, l&rsquo;Union europ\u00e9enne et les \u00c9tats-Unis ont les relations commerciales et d&rsquo;investissement bilat\u00e9rales les plus compl\u00e8tes dans le monde et les \u00e9conomies les plus proches qui se d\u00e9passent ensemble. Ensemble, ils repr\u00e9sentent pr\u00e8s de 30% du commerce mondial des biens et services et 43% de la production \u00e9conomique mondiale. En 2024, le commerce transatlantique des biens et services \u00e9tait de plus de 1,68 billion d&rsquo;euros selon les chiffres de l&rsquo;UE. L&rsquo;UE et les \u00c9tats-Unis \u00e9taient le partenaire de trading de marchandises le plus important l&rsquo;un pour l&rsquo;autre.<\/p>\n<p><strong>&#8211; Les \u00c9tats-Unis ont-ils vraiment un d\u00e9ficit commercial clair?<\/strong><\/p>\n<p>Selon les derniers chiffres de l&rsquo;Eurostat Statistics Office, l&rsquo;UE a affich\u00e9 un exc\u00e9dent important d&rsquo;environ 198 milliards d&rsquo;euros de marchandises avec les \u00c9tats-Unis en 2024. En 2024, par exemple, environ 533 milliards d&rsquo;euros ont \u00e9t\u00e9 effectu\u00e9s aux \u00c9tats-Unis et seulement des marchandises import\u00e9es d&rsquo;une valeur d&rsquo;environ 335 milliards d&rsquo;euros des \u00c9tats-Unis.<\/p>\n<p>Dans le secteur des services, en revanche, l&rsquo;UE a un d\u00e9ficit commercial avec les \u00c9tats-Unis, de sorte que l&rsquo;UE pr\u00e9tend avoir un exc\u00e9dent commercial de 50 milliards d&rsquo;euros en 2024. \u00ab\u00a0Cela correspondait \u00e0 moins de 3% du commerce total entre l&rsquo;UE et les \u00c9tats-Unis\u00a0\u00bb, est argument\u00e9 \u00e0 Bruxelles. (DPA)<\/p>\n","protected":false},"excerpt":{"rendered":"<p>Le risque d&rsquo;une guerre commerciale entre les \u00c9tats-Unis et l&rsquo;UE a \u00e9t\u00e9 \u00e9vit\u00e9 pour le moment. Apr\u00e8s de longues n\u00e9gociations, les deux parties publient une<\/p>\n","protected":false},"author":1,"featured_media":9059,"comment_status":"","ping_status":"","sticky":false,"template":"","format":"standard","meta":{"footnotes":""},"categories":[298],"tags":[1610,7936,1495,7934,2896,6702,81,2006,481,7935,1882,1872],"class_list":["post-9058","post","type-post","status-publish","format-standard","has-post-thumbnail","hentry","category-belgique","tag-cela","tag-consommateur","tag-dispute","tag-douaniere","tag-europeen","tag-leconomie","tag-pour","tag-questce","tag-questions","tag-reglee","tag-reponses","tag-signifie","generate-columns","tablet-grid-50","mobile-grid-100","grid-parent","grid-33"],"yoast_head":"<!-- This site is optimized with the Yoast SEO plugin v24.0 - https:\/\/yoast.com\/wordpress\/plugins\/seo\/ -->\n<title>Dispute douani\u00e8re r\u00e9gl\u00e9e: Qu&#039;est-ce que cela signifie pour l&#039;\u00e9conomie et le consommateur europ\u00e9en? (Questions et r\u00e9ponses) | Vie Associative<\/title>\n<meta name=\"robots\" content=\"index, follow, max-snippet:-1, max-image-preview:large, max-video-preview:-1\" \/>\n<link rel=\"canonical\" href=\"https:\/\/vieassociative.be\/actualites\/dispute-douaniere-reglee-quest-ce-que-cela-signifie-pour-leconomie-et-le-consommateur-europeen-questions-et-reponses\/\" \/>\n<meta property=\"og:locale\" content=\"fr_FR\" \/>\n<meta property=\"og:type\" content=\"article\" \/>\n<meta property=\"og:title\" content=\"Dispute douani\u00e8re r\u00e9gl\u00e9e: Qu&#039;est-ce que cela signifie pour l&#039;\u00e9conomie et le consommateur europ\u00e9en? (Questions et r\u00e9ponses) | Vie Associative\" \/>\n<meta property=\"og:description\" content=\"Le risque d&rsquo;une guerre commerciale entre les \u00c9tats-Unis et l&rsquo;UE a \u00e9t\u00e9 \u00e9vit\u00e9 pour le moment. Apr\u00e8s de longues n\u00e9gociations, les deux parties publient une\" \/>\n<meta property=\"og:url\" content=\"https:\/\/vieassociative.be\/actualites\/dispute-douaniere-reglee-quest-ce-que-cela-signifie-pour-leconomie-et-le-consommateur-europeen-questions-et-reponses\/\" \/>\n<meta property=\"og:site_name\" content=\"Vie Associative\" \/>\n<meta property=\"article:published_time\" content=\"2025-07-28T08:19:31+00:00\" \/>\n<meta property=\"og:image\" content=\"https:\/\/vieassociative.be\/actualites\/wp-content\/uploads\/2024\/09\/header_backgroundk-01-e1726694325946.png\" \/>\n\t<meta property=\"og:image:width\" content=\"279\" \/>\n\t<meta property=\"og:image:height\" content=\"92\" \/>\n\t<meta property=\"og:image:type\" content=\"image\/png\" \/>\n<meta name=\"author\" content=\"Julien\" \/>\n<meta name=\"twitter:card\" content=\"summary_large_image\" \/>\n<meta name=\"twitter:label1\" content=\"\u00c9crit par\" \/>\n\t<meta name=\"twitter:data1\" content=\"Julien\" \/>\n\t<meta name=\"twitter:label2\" content=\"Dur\u00e9e de lecture est.\" \/>\n\t<meta name=\"twitter:data2\" content=\"6 minutes\" \/>\n<script type=\"application\/ld+json\" class=\"yoast-schema-graph\">{\"@context\":\"https:\/\/schema.org\",\"@graph\":[{\"@type\":\"Article\",\"@id\":\"https:\/\/vieassociative.be\/actualites\/dispute-douaniere-reglee-quest-ce-que-cela-signifie-pour-leconomie-et-le-consommateur-europeen-questions-et-reponses\/#article\",\"isPartOf\":{\"@id\":\"https:\/\/vieassociative.be\/actualites\/dispute-douaniere-reglee-quest-ce-que-cela-signifie-pour-leconomie-et-le-consommateur-europeen-questions-et-reponses\/\"},\"author\":{\"name\":\"Julien\",\"@id\":\"https:\/\/vieassociative.be\/actualites\/#\/schema\/person\/b87ac4f82f9d4e7b7cec7395b679edc4\"},\"headline\":\"Dispute douani\u00e8re r\u00e9gl\u00e9e: Qu&rsquo;est-ce que cela signifie pour l&rsquo;\u00e9conomie et le consommateur europ\u00e9en? (Questions et r\u00e9ponses)\",\"datePublished\":\"2025-07-28T08:19:31+00:00\",\"dateModified\":\"2025-07-28T08:19:31+00:00\",\"mainEntityOfPage\":{\"@id\":\"https:\/\/vieassociative.be\/actualites\/dispute-douaniere-reglee-quest-ce-que-cela-signifie-pour-leconomie-et-le-consommateur-europeen-questions-et-reponses\/\"},\"wordCount\":1275,\"publisher\":{\"@id\":\"https:\/\/vieassociative.be\/actualites\/#organization\"},\"image\":{\"@id\":\"https:\/\/vieassociative.be\/actualites\/dispute-douaniere-reglee-quest-ce-que-cela-signifie-pour-leconomie-et-le-consommateur-europeen-questions-et-reponses\/#primaryimage\"},\"thumbnailUrl\":\"https:\/\/vieassociative.be\/actualites\/wp-content\/uploads\/2025\/07\/1753690771_Dispute-douaniere-reglee-Quest-ce-que-cela-signifie-pour-leconomie-et.jpg\",\"keywords\":[\"cela\",\"consommateur\",\"dispute\",\"douani\u00e8re\",\"europ\u00e9en\",\"l\u00e9conomie\",\"pour\",\"Questce\",\"questions\",\"r\u00e9gl\u00e9e\",\"r\u00e9ponses\",\"signifie\"],\"articleSection\":[\"Belgique\"],\"inLanguage\":\"fr-BE\"},{\"@type\":\"WebPage\",\"@id\":\"https:\/\/vieassociative.be\/actualites\/dispute-douaniere-reglee-quest-ce-que-cela-signifie-pour-leconomie-et-le-consommateur-europeen-questions-et-reponses\/\",\"url\":\"https:\/\/vieassociative.be\/actualites\/dispute-douaniere-reglee-quest-ce-que-cela-signifie-pour-leconomie-et-le-consommateur-europeen-questions-et-reponses\/\",\"name\":\"Dispute douani\u00e8re r\u00e9gl\u00e9e: Qu'est-ce que cela signifie pour l'\u00e9conomie et le consommateur europ\u00e9en? (Questions et r\u00e9ponses) | Vie Associative\",\"isPartOf\":{\"@id\":\"https:\/\/vieassociative.be\/actualites\/#website\"},\"primaryImageOfPage\":{\"@id\":\"https:\/\/vieassociative.be\/actualites\/dispute-douaniere-reglee-quest-ce-que-cela-signifie-pour-leconomie-et-le-consommateur-europeen-questions-et-reponses\/#primaryimage\"},\"image\":{\"@id\":\"https:\/\/vieassociative.be\/actualites\/dispute-douaniere-reglee-quest-ce-que-cela-signifie-pour-leconomie-et-le-consommateur-europeen-questions-et-reponses\/#primaryimage\"},\"thumbnailUrl\":\"https:\/\/vieassociative.be\/actualites\/wp-content\/uploads\/2025\/07\/1753690771_Dispute-douaniere-reglee-Quest-ce-que-cela-signifie-pour-leconomie-et.jpg\",\"datePublished\":\"2025-07-28T08:19:31+00:00\",\"dateModified\":\"2025-07-28T08:19:31+00:00\",\"breadcrumb\":{\"@id\":\"https:\/\/vieassociative.be\/actualites\/dispute-douaniere-reglee-quest-ce-que-cela-signifie-pour-leconomie-et-le-consommateur-europeen-questions-et-reponses\/#breadcrumb\"},\"inLanguage\":\"fr-BE\",\"potentialAction\":[{\"@type\":\"ReadAction\",\"target\":[\"https:\/\/vieassociative.be\/actualites\/dispute-douaniere-reglee-quest-ce-que-cela-signifie-pour-leconomie-et-le-consommateur-europeen-questions-et-reponses\/\"]}]},{\"@type\":\"ImageObject\",\"inLanguage\":\"fr-BE\",\"@id\":\"https:\/\/vieassociative.be\/actualites\/dispute-douaniere-reglee-quest-ce-que-cela-signifie-pour-leconomie-et-le-consommateur-europeen-questions-et-reponses\/#primaryimage\",\"url\":\"https:\/\/vieassociative.be\/actualites\/wp-content\/uploads\/2025\/07\/1753690771_Dispute-douaniere-reglee-Quest-ce-que-cela-signifie-pour-leconomie-et.jpg\",\"contentUrl\":\"https:\/\/vieassociative.be\/actualites\/wp-content\/uploads\/2025\/07\/1753690771_Dispute-douaniere-reglee-Quest-ce-que-cela-signifie-pour-leconomie-et.jpg\",\"width\":1200,\"height\":800,\"caption\":\"Dispute douani\u00e8re r\u00e9gl\u00e9e: Qu'est-ce que cela signifie pour l'\u00e9conomie et le consommateur europ\u00e9en? (Questions et r\u00e9ponses)\"},{\"@type\":\"BreadcrumbList\",\"@id\":\"https:\/\/vieassociative.be\/actualites\/dispute-douaniere-reglee-quest-ce-que-cela-signifie-pour-leconomie-et-le-consommateur-europeen-questions-et-reponses\/#breadcrumb\",\"itemListElement\":[{\"@type\":\"ListItem\",\"position\":1,\"name\":\"Accueil\",\"item\":\"https:\/\/vieassociative.be\/actualites\/\"},{\"@type\":\"ListItem\",\"position\":2,\"name\":\"Dispute douani\u00e8re r\u00e9gl\u00e9e: Qu&rsquo;est-ce que cela signifie pour l&rsquo;\u00e9conomie et le consommateur europ\u00e9en? (Questions et r\u00e9ponses)\"}]},{\"@type\":\"WebSite\",\"@id\":\"https:\/\/vieassociative.be\/actualites\/#website\",\"url\":\"https:\/\/vieassociative.be\/actualites\/\",\"name\":\"Vie Associative\",\"description\":\"\",\"publisher\":{\"@id\":\"https:\/\/vieassociative.be\/actualites\/#organization\"},\"potentialAction\":[{\"@type\":\"SearchAction\",\"target\":{\"@type\":\"EntryPoint\",\"urlTemplate\":\"https:\/\/vieassociative.be\/actualites\/?s={search_term_string}\"},\"query-input\":{\"@type\":\"PropertyValueSpecification\",\"valueRequired\":true,\"valueName\":\"search_term_string\"}}],\"inLanguage\":\"fr-BE\"},{\"@type\":\"Organization\",\"@id\":\"https:\/\/vieassociative.be\/actualites\/#organization\",\"name\":\"Vie Associative\",\"url\":\"https:\/\/vieassociative.be\/actualites\/\",\"logo\":{\"@type\":\"ImageObject\",\"inLanguage\":\"fr-BE\",\"@id\":\"https:\/\/vieassociative.be\/actualites\/#\/schema\/logo\/image\/\",\"url\":\"https:\/\/vieassociative.be\/actualites\/wp-content\/uploads\/2024\/09\/cropped-vieassociative_favicon.ico.png\",\"contentUrl\":\"https:\/\/vieassociative.be\/actualites\/wp-content\/uploads\/2024\/09\/cropped-vieassociative_favicon.ico.png\",\"width\":512,\"height\":512,\"caption\":\"Vie Associative\"},\"image\":{\"@id\":\"https:\/\/vieassociative.be\/actualites\/#\/schema\/logo\/image\/\"}},{\"@type\":\"Person\",\"@id\":\"https:\/\/vieassociative.be\/actualites\/#\/schema\/person\/b87ac4f82f9d4e7b7cec7395b679edc4\",\"name\":\"Julien\",\"image\":{\"@type\":\"ImageObject\",\"inLanguage\":\"fr-BE\",\"@id\":\"https:\/\/vieassociative.be\/actualites\/#\/schema\/person\/image\/\",\"url\":\"https:\/\/vieassociative.be\/actualites\/wp-content\/uploads\/2024\/09\/vie-associative-1-150x150.jpg\",\"contentUrl\":\"https:\/\/vieassociative.be\/actualites\/wp-content\/uploads\/2024\/09\/vie-associative-1-150x150.jpg\",\"caption\":\"Julien\"},\"description\":\"Je suis Julien, r\u00e9dacteur pour Vie Associative. Passionn\u00e9 par le monde associatif depuis plus de 10 ans, j'ai \u00e0 c\u0153ur de partager des histoires inspirantes et de mettre en lumi\u00e8re les initiatives locales. Mon objectif est de sensibiliser et d'encourager l'engagement communautaire \u00e0 travers mes articles.\",\"sameAs\":[\"https:\/\/vieassociative.be\/\"]}]}<\/script>\n<!-- \/ Yoast SEO plugin. -->","yoast_head_json":{"title":"Dispute douani\u00e8re r\u00e9gl\u00e9e: Qu'est-ce que cela signifie pour l'\u00e9conomie et le consommateur europ\u00e9en? (Questions et r\u00e9ponses) | Vie Associative","robots":{"index":"index","follow":"follow","max-snippet":"max-snippet:-1","max-image-preview":"max-image-preview:large","max-video-preview":"max-video-preview:-1"},"canonical":"https:\/\/vieassociative.be\/actualites\/dispute-douaniere-reglee-quest-ce-que-cela-signifie-pour-leconomie-et-le-consommateur-europeen-questions-et-reponses\/","og_locale":"fr_FR","og_type":"article","og_title":"Dispute douani\u00e8re r\u00e9gl\u00e9e: Qu'est-ce que cela signifie pour l'\u00e9conomie et le consommateur europ\u00e9en? (Questions et r\u00e9ponses) | Vie Associative","og_description":"Le risque d&rsquo;une guerre commerciale entre les \u00c9tats-Unis et l&rsquo;UE a \u00e9t\u00e9 \u00e9vit\u00e9 pour le moment. Apr\u00e8s de longues n\u00e9gociations, les deux parties publient une","og_url":"https:\/\/vieassociative.be\/actualites\/dispute-douaniere-reglee-quest-ce-que-cela-signifie-pour-leconomie-et-le-consommateur-europeen-questions-et-reponses\/","og_site_name":"Vie Associative","article_published_time":"2025-07-28T08:19:31+00:00","og_image":[{"width":279,"height":92,"url":"https:\/\/vieassociative.be\/actualites\/wp-content\/uploads\/2024\/09\/header_backgroundk-01-e1726694325946.png","type":"image\/png"}],"author":"Julien","twitter_card":"summary_large_image","twitter_misc":{"\u00c9crit par":"Julien","Dur\u00e9e de lecture est.":"6 minutes"},"schema":{"@context":"https:\/\/schema.org","@graph":[{"@type":"Article","@id":"https:\/\/vieassociative.be\/actualites\/dispute-douaniere-reglee-quest-ce-que-cela-signifie-pour-leconomie-et-le-consommateur-europeen-questions-et-reponses\/#article","isPartOf":{"@id":"https:\/\/vieassociative.be\/actualites\/dispute-douaniere-reglee-quest-ce-que-cela-signifie-pour-leconomie-et-le-consommateur-europeen-questions-et-reponses\/"},"author":{"name":"Julien","@id":"https:\/\/vieassociative.be\/actualites\/#\/schema\/person\/b87ac4f82f9d4e7b7cec7395b679edc4"},"headline":"Dispute douani\u00e8re r\u00e9gl\u00e9e: Qu&rsquo;est-ce que cela signifie pour l&rsquo;\u00e9conomie et le consommateur europ\u00e9en? (Questions et r\u00e9ponses)","datePublished":"2025-07-28T08:19:31+00:00","dateModified":"2025-07-28T08:19:31+00:00","mainEntityOfPage":{"@id":"https:\/\/vieassociative.be\/actualites\/dispute-douaniere-reglee-quest-ce-que-cela-signifie-pour-leconomie-et-le-consommateur-europeen-questions-et-reponses\/"},"wordCount":1275,"publisher":{"@id":"https:\/\/vieassociative.be\/actualites\/#organization"},"image":{"@id":"https:\/\/vieassociative.be\/actualites\/dispute-douaniere-reglee-quest-ce-que-cela-signifie-pour-leconomie-et-le-consommateur-europeen-questions-et-reponses\/#primaryimage"},"thumbnailUrl":"https:\/\/vieassociative.be\/actualites\/wp-content\/uploads\/2025\/07\/1753690771_Dispute-douaniere-reglee-Quest-ce-que-cela-signifie-pour-leconomie-et.jpg","keywords":["cela","consommateur","dispute","douani\u00e8re","europ\u00e9en","l\u00e9conomie","pour","Questce","questions","r\u00e9gl\u00e9e","r\u00e9ponses","signifie"],"articleSection":["Belgique"],"inLanguage":"fr-BE"},{"@type":"WebPage","@id":"https:\/\/vieassociative.be\/actualites\/dispute-douaniere-reglee-quest-ce-que-cela-signifie-pour-leconomie-et-le-consommateur-europeen-questions-et-reponses\/","url":"https:\/\/vieassociative.be\/actualites\/dispute-douaniere-reglee-quest-ce-que-cela-signifie-pour-leconomie-et-le-consommateur-europeen-questions-et-reponses\/","name":"Dispute douani\u00e8re r\u00e9gl\u00e9e: Qu'est-ce que cela signifie pour l'\u00e9conomie et le consommateur europ\u00e9en? (Questions et r\u00e9ponses) | Vie Associative","isPartOf":{"@id":"https:\/\/vieassociative.be\/actualites\/#website"},"primaryImageOfPage":{"@id":"https:\/\/vieassociative.be\/actualites\/dispute-douaniere-reglee-quest-ce-que-cela-signifie-pour-leconomie-et-le-consommateur-europeen-questions-et-reponses\/#primaryimage"},"image":{"@id":"https:\/\/vieassociative.be\/actualites\/dispute-douaniere-reglee-quest-ce-que-cela-signifie-pour-leconomie-et-le-consommateur-europeen-questions-et-reponses\/#primaryimage"},"thumbnailUrl":"https:\/\/vieassociative.be\/actualites\/wp-content\/uploads\/2025\/07\/1753690771_Dispute-douaniere-reglee-Quest-ce-que-cela-signifie-pour-leconomie-et.jpg","datePublished":"2025-07-28T08:19:31+00:00","dateModified":"2025-07-28T08:19:31+00:00","breadcrumb":{"@id":"https:\/\/vieassociative.be\/actualites\/dispute-douaniere-reglee-quest-ce-que-cela-signifie-pour-leconomie-et-le-consommateur-europeen-questions-et-reponses\/#breadcrumb"},"inLanguage":"fr-BE","potentialAction":[{"@type":"ReadAction","target":["https:\/\/vieassociative.be\/actualites\/dispute-douaniere-reglee-quest-ce-que-cela-signifie-pour-leconomie-et-le-consommateur-europeen-questions-et-reponses\/"]}]},{"@type":"ImageObject","inLanguage":"fr-BE","@id":"https:\/\/vieassociative.be\/actualites\/dispute-douaniere-reglee-quest-ce-que-cela-signifie-pour-leconomie-et-le-consommateur-europeen-questions-et-reponses\/#primaryimage","url":"https:\/\/vieassociative.be\/actualites\/wp-content\/uploads\/2025\/07\/1753690771_Dispute-douaniere-reglee-Quest-ce-que-cela-signifie-pour-leconomie-et.jpg","contentUrl":"https:\/\/vieassociative.be\/actualites\/wp-content\/uploads\/2025\/07\/1753690771_Dispute-douaniere-reglee-Quest-ce-que-cela-signifie-pour-leconomie-et.jpg","width":1200,"height":800,"caption":"Dispute douani\u00e8re r\u00e9gl\u00e9e: Qu'est-ce que cela signifie pour l'\u00e9conomie et le consommateur europ\u00e9en? (Questions et r\u00e9ponses)"},{"@type":"BreadcrumbList","@id":"https:\/\/vieassociative.be\/actualites\/dispute-douaniere-reglee-quest-ce-que-cela-signifie-pour-leconomie-et-le-consommateur-europeen-questions-et-reponses\/#breadcrumb","itemListElement":[{"@type":"ListItem","position":1,"name":"Accueil","item":"https:\/\/vieassociative.be\/actualites\/"},{"@type":"ListItem","position":2,"name":"Dispute douani\u00e8re r\u00e9gl\u00e9e: Qu&rsquo;est-ce que cela signifie pour l&rsquo;\u00e9conomie et le consommateur europ\u00e9en? (Questions et r\u00e9ponses)"}]},{"@type":"WebSite","@id":"https:\/\/vieassociative.be\/actualites\/#website","url":"https:\/\/vieassociative.be\/actualites\/","name":"Vie Associative","description":"","publisher":{"@id":"https:\/\/vieassociative.be\/actualites\/#organization"},"potentialAction":[{"@type":"SearchAction","target":{"@type":"EntryPoint","urlTemplate":"https:\/\/vieassociative.be\/actualites\/?s={search_term_string}"},"query-input":{"@type":"PropertyValueSpecification","valueRequired":true,"valueName":"search_term_string"}}],"inLanguage":"fr-BE"},{"@type":"Organization","@id":"https:\/\/vieassociative.be\/actualites\/#organization","name":"Vie Associative","url":"https:\/\/vieassociative.be\/actualites\/","logo":{"@type":"ImageObject","inLanguage":"fr-BE","@id":"https:\/\/vieassociative.be\/actualites\/#\/schema\/logo\/image\/","url":"https:\/\/vieassociative.be\/actualites\/wp-content\/uploads\/2024\/09\/cropped-vieassociative_favicon.ico.png","contentUrl":"https:\/\/vieassociative.be\/actualites\/wp-content\/uploads\/2024\/09\/cropped-vieassociative_favicon.ico.png","width":512,"height":512,"caption":"Vie Associative"},"image":{"@id":"https:\/\/vieassociative.be\/actualites\/#\/schema\/logo\/image\/"}},{"@type":"Person","@id":"https:\/\/vieassociative.be\/actualites\/#\/schema\/person\/b87ac4f82f9d4e7b7cec7395b679edc4","name":"Julien","image":{"@type":"ImageObject","inLanguage":"fr-BE","@id":"https:\/\/vieassociative.be\/actualites\/#\/schema\/person\/image\/","url":"https:\/\/vieassociative.be\/actualites\/wp-content\/uploads\/2024\/09\/vie-associative-1-150x150.jpg","contentUrl":"https:\/\/vieassociative.be\/actualites\/wp-content\/uploads\/2024\/09\/vie-associative-1-150x150.jpg","caption":"Julien"},"description":"Je suis Julien, r\u00e9dacteur pour Vie Associative. Passionn\u00e9 par le monde associatif depuis plus de 10 ans, j'ai \u00e0 c\u0153ur de partager des histoires inspirantes et de mettre en lumi\u00e8re les initiatives locales. Mon objectif est de sensibiliser et d'encourager l'engagement communautaire \u00e0 travers mes articles.","sameAs":["https:\/\/vieassociative.be\/"]}]}},"_links":{"self":[{"href":"https:\/\/vieassociative.be\/actualites\/wp-json\/wp\/v2\/posts\/9058"}],"collection":[{"href":"https:\/\/vieassociative.be\/actualites\/wp-json\/wp\/v2\/posts"}],"about":[{"href":"https:\/\/vieassociative.be\/actualites\/wp-json\/wp\/v2\/types\/post"}],"author":[{"embeddable":true,"href":"https:\/\/vieassociative.be\/actualites\/wp-json\/wp\/v2\/users\/1"}],"replies":[{"embeddable":true,"href":"https:\/\/vieassociative.be\/actualites\/wp-json\/wp\/v2\/comments?post=9058"}],"version-history":[{"count":0,"href":"https:\/\/vieassociative.be\/actualites\/wp-json\/wp\/v2\/posts\/9058\/revisions"}],"wp:featuredmedia":[{"embeddable":true,"href":"https:\/\/vieassociative.be\/actualites\/wp-json\/wp\/v2\/media\/9059"}],"wp:attachment":[{"href":"https:\/\/vieassociative.be\/actualites\/wp-json\/wp\/v2\/media?parent=9058"}],"wp:term":[{"taxonomy":"category","embeddable":true,"href":"https:\/\/vieassociative.be\/actualites\/wp-json\/wp\/v2\/categories?post=9058"},{"taxonomy":"post_tag","embeddable":true,"href":"https:\/\/vieassociative.be\/actualites\/wp-json\/wp\/v2\/tags?post=9058"}],"curies":[{"name":"wp","href":"https:\/\/api.w.org\/{rel}","templated":true}]}}