{"id":9051,"date":"2025-07-28T04:17:50","date_gmt":"2025-07-28T02:17:50","guid":{"rendered":"https:\/\/vieassociative.be\/actualites\/langleterre-gagne-en-finale-contre-lespagne-la-decision-nest-prise-que-lors-de-la-fusillade-de-penalite\/"},"modified":"2025-07-28T04:17:50","modified_gmt":"2025-07-28T02:17:50","slug":"langleterre-gagne-en-finale-contre-lespagne-la-decision-nest-prise-que-lors-de-la-fusillade-de-penalite","status":"publish","type":"post","link":"https:\/\/vieassociative.be\/actualites\/langleterre-gagne-en-finale-contre-lespagne-la-decision-nest-prise-que-lors-de-la-fusillade-de-penalite\/","title":{"rendered":"L&rsquo;Angleterre gagne en finale contre l&rsquo;Espagne: la d\u00e9cision n&rsquo;est prise que lors de la fusillade de p\u00e9nalit\u00e9"},"content":{"rendered":"<p><strong>L&rsquo;Espagne domine en finale de B\u00e2le Lange, mais l&rsquo;Angleterre riposte. Les champions en titre remportent la fusillade de p\u00e9nalit\u00e9. Chloe Kelly a \u00e0 nouveau sa grande apparition.<\/strong><\/p>\n<p><span id=\"more-421134\"><\/span>Les footballeurs de l&rsquo;Angleterre ont dans\u00e9 de mani\u00e8re exub\u00e9rante au classique \u00ab\u00a0Sweet Caroline\u00a0\u00bb, le footballeur mondial espagnol Aitana Bonmat\u00ed se tenait dans le cercle du milieu. Peu de temps apr\u00e8s, le capitaine Leah Williamson a fi\u00e8rement \u00e9lev\u00e9 le troph\u00e9e Silver devant les yeux du prince William, ses co\u00e9quipiers ont rugi \u00ab\u00a0We Are The Champions\u00a0\u00bb sous la pluie de confettis.<\/p>\n<p>Les champions du monde espagnols dans une finale de championnat d&rsquo;Europe captivant et ont d\u00e9fendu leur titre de mani\u00e8re dramatique. Les femmes anglaises ont montr\u00e9 une grande force nerveuse et ont applaudi \u00e0 B\u00e2le un 3-1 dans une fusillade de p\u00e9nalit\u00e9 apr\u00e8s avoir \u00e9t\u00e9 1: 1 (1: 1, 1: 1, 0: 1) apr\u00e8s 120 minutes.<\/p>\n<div id=\"attachment_421136\" class=\"wp-caption alignleft\" style=\"max-width: 300px\"><img fetchpriority=\"high\" decoding=\"async\" class=\"wp-image-421136 size-medium\" src=\"https:\/\/vieassociative.be\/actualites\/wp-content\/uploads\/2025\/07\/LAngleterre-gagne-en-finale-contre-lEspagne-la-decision-nest-prise.jpg\" alt=\"\" width=\"300\" height=\"204\"><\/div>\n<p>\u00ab\u00a0Je suis tellement fier de l&rsquo;\u00e9quipe. Je suis tr\u00e8s reconnaissant de pouvoir rester ici\u00a0\u00bb, a d\u00e9clar\u00e9 l&rsquo;attaquant Chlo\u00e9 Kelly, qui a converti la tentative cruciale de la fusillade de p\u00e9nalit\u00e9. D\u00e9j\u00e0 en finale du Championnat d&rsquo;Europe en 2022 contre l&rsquo;Allemagne, Kelly \u00e9tait le tireur de but gagnant. \u00ab\u00a0J&rsquo;esp\u00e8re que toute l&rsquo;Angleterre sortira et c\u00e9l\u00e9brera avec nous\u00a0\u00bb, a d\u00e9clar\u00e9 le joueur de 27 ans.<\/p>\n<p>Le vainqueur du match devant 34 203 spectateurs dans le St. Jakob-Park \u00e0 guichets ferm\u00e9s \u00e0 B\u00e2le \u00e9tait \u00e9galement une gardienne Hannah Hampton, qui a tenu les balles du point de Mariona Caldentey et Aitana Bonmat\u00ed. Le rempla\u00e7ant Salma Paralluelo a \u00e9galement rat\u00e9. \u00ab\u00a0Cela semble irr\u00e9el. Ce tournoi \u00e9tait un ouragan\u00a0\u00bb, a d\u00e9clar\u00e9 Georgia Stanway, jouant au Bayern.<\/p>\n<p><strong>&#8211; L&rsquo;Espagne domine pendant longtemps, l&rsquo;Angleterre revient:<\/strong> Dans le match long, Caldentey (25e minute) a amen\u00e9 les favoris espagnols en t\u00eate. Mais les Anglais ont combattu leur chemin en jeu, Alessia Russo (57e) a atteint l&rsquo;\u00e9galisation.<\/p>\n<p>Pour l&rsquo;entra\u00eeneur n\u00e9erlandais d&rsquo;Angleterre Sarina Wiegman, la troisi\u00e8me Triumph EM en s\u00e9rie apr\u00e8s succ\u00e8s avec son pays d&rsquo;origine (2017) et l&rsquo;Angleterre (2022) \u00e9taient d\u00e9j\u00e0 dans sa cinqui\u00e8me finale dans un championnat du monde ou d&rsquo;Europe. Avec l&rsquo;ancien entra\u00eeneur de DFB, Tina Theune (1997, 2001 et 2005), elle a tir\u00e9 la m\u00eame chose que le d\u00e9tenteur du record. (DPA)<\/p>\n","protected":false},"excerpt":{"rendered":"<p>L&rsquo;Espagne domine en finale de B\u00e2le Lange, mais l&rsquo;Angleterre riposte. Les champions en titre remportent la fusillade de p\u00e9nalit\u00e9. Chloe Kelly a \u00e0 nouveau sa<\/p>\n","protected":false},"author":1,"featured_media":9052,"comment_status":"","ping_status":"","sticky":false,"template":"","format":"standard","meta":{"footnotes":""},"categories":[298],"tags":[796,7933,879,5828,2299,7932,2511,353,1082,5666,3677],"class_list":["post-9051","post","type-post","status-publish","format-standard","has-post-thumbnail","hentry","category-belgique","tag-contre","tag-decision","tag-finale","tag-fusillade","tag-gagne","tag-langleterre","tag-lespagne","tag-lors","tag-nest","tag-penalite","tag-prise","generate-columns","tablet-grid-50","mobile-grid-100","grid-parent","grid-33"],"yoast_head":"<!-- This site is optimized with the Yoast SEO plugin v24.0 - https:\/\/yoast.com\/wordpress\/plugins\/seo\/ -->\n<title>L&#039;Angleterre gagne en finale contre l&#039;Espagne: la d\u00e9cision n&#039;est prise que lors de la fusillade de p\u00e9nalit\u00e9 | Vie Associative<\/title>\n<meta name=\"robots\" content=\"index, follow, max-snippet:-1, max-image-preview:large, max-video-preview:-1\" \/>\n<link rel=\"canonical\" href=\"https:\/\/vieassociative.be\/actualites\/langleterre-gagne-en-finale-contre-lespagne-la-decision-nest-prise-que-lors-de-la-fusillade-de-penalite\/\" \/>\n<meta property=\"og:locale\" content=\"fr_FR\" \/>\n<meta property=\"og:type\" content=\"article\" \/>\n<meta property=\"og:title\" content=\"L&#039;Angleterre gagne en finale contre l&#039;Espagne: la d\u00e9cision n&#039;est prise que lors de la fusillade de p\u00e9nalit\u00e9 | Vie Associative\" \/>\n<meta property=\"og:description\" content=\"L&rsquo;Espagne domine en finale de B\u00e2le Lange, mais l&rsquo;Angleterre riposte. Les champions en titre remportent la fusillade de p\u00e9nalit\u00e9. Chloe Kelly a \u00e0 nouveau sa\" \/>\n<meta property=\"og:url\" content=\"https:\/\/vieassociative.be\/actualites\/langleterre-gagne-en-finale-contre-lespagne-la-decision-nest-prise-que-lors-de-la-fusillade-de-penalite\/\" \/>\n<meta property=\"og:site_name\" content=\"Vie Associative\" \/>\n<meta property=\"article:published_time\" content=\"2025-07-28T02:17:50+00:00\" \/>\n<meta property=\"og:image\" content=\"https:\/\/vieassociative.be\/actualites\/wp-content\/uploads\/2024\/09\/header_backgroundk-01-e1726694325946.png\" \/>\n\t<meta property=\"og:image:width\" content=\"279\" \/>\n\t<meta property=\"og:image:height\" content=\"92\" \/>\n\t<meta property=\"og:image:type\" content=\"image\/png\" \/>\n<meta name=\"author\" content=\"Julien\" \/>\n<meta name=\"twitter:card\" content=\"summary_large_image\" \/>\n<meta name=\"twitter:label1\" content=\"\u00c9crit par\" \/>\n\t<meta name=\"twitter:data1\" content=\"Julien\" \/>\n\t<meta name=\"twitter:label2\" content=\"Dur\u00e9e de lecture est.\" \/>\n\t<meta name=\"twitter:data2\" content=\"2 minutes\" \/>\n<script type=\"application\/ld+json\" class=\"yoast-schema-graph\">{\"@context\":\"https:\/\/schema.org\",\"@graph\":[{\"@type\":\"Article\",\"@id\":\"https:\/\/vieassociative.be\/actualites\/langleterre-gagne-en-finale-contre-lespagne-la-decision-nest-prise-que-lors-de-la-fusillade-de-penalite\/#article\",\"isPartOf\":{\"@id\":\"https:\/\/vieassociative.be\/actualites\/langleterre-gagne-en-finale-contre-lespagne-la-decision-nest-prise-que-lors-de-la-fusillade-de-penalite\/\"},\"author\":{\"name\":\"Julien\",\"@id\":\"https:\/\/vieassociative.be\/actualites\/#\/schema\/person\/b87ac4f82f9d4e7b7cec7395b679edc4\"},\"headline\":\"L&rsquo;Angleterre gagne en finale contre l&rsquo;Espagne: la d\u00e9cision n&rsquo;est prise que lors de la fusillade de p\u00e9nalit\u00e9\",\"datePublished\":\"2025-07-28T02:17:50+00:00\",\"dateModified\":\"2025-07-28T02:17:50+00:00\",\"mainEntityOfPage\":{\"@id\":\"https:\/\/vieassociative.be\/actualites\/langleterre-gagne-en-finale-contre-lespagne-la-decision-nest-prise-que-lors-de-la-fusillade-de-penalite\/\"},\"wordCount\":414,\"publisher\":{\"@id\":\"https:\/\/vieassociative.be\/actualites\/#organization\"},\"image\":{\"@id\":\"https:\/\/vieassociative.be\/actualites\/langleterre-gagne-en-finale-contre-lespagne-la-decision-nest-prise-que-lors-de-la-fusillade-de-penalite\/#primaryimage\"},\"thumbnailUrl\":\"https:\/\/vieassociative.be\/actualites\/wp-content\/uploads\/2025\/07\/1753669071_LAngleterre-gagne-en-finale-contre-lEspagne-la-decision-nest-prise.jpg\",\"keywords\":[\"contre\",\"d\u00e9cision\",\"finale\",\"fusillade\",\"gagn\u00e9\",\"LAngleterre\",\"LEspagne\",\"lors\",\"nest\",\"p\u00e9nalit\u00e9\",\"prise\"],\"articleSection\":[\"Belgique\"],\"inLanguage\":\"fr-BE\"},{\"@type\":\"WebPage\",\"@id\":\"https:\/\/vieassociative.be\/actualites\/langleterre-gagne-en-finale-contre-lespagne-la-decision-nest-prise-que-lors-de-la-fusillade-de-penalite\/\",\"url\":\"https:\/\/vieassociative.be\/actualites\/langleterre-gagne-en-finale-contre-lespagne-la-decision-nest-prise-que-lors-de-la-fusillade-de-penalite\/\",\"name\":\"L'Angleterre gagne en finale contre l'Espagne: la d\u00e9cision n'est prise que lors de la fusillade de p\u00e9nalit\u00e9 | Vie Associative\",\"isPartOf\":{\"@id\":\"https:\/\/vieassociative.be\/actualites\/#website\"},\"primaryImageOfPage\":{\"@id\":\"https:\/\/vieassociative.be\/actualites\/langleterre-gagne-en-finale-contre-lespagne-la-decision-nest-prise-que-lors-de-la-fusillade-de-penalite\/#primaryimage\"},\"image\":{\"@id\":\"https:\/\/vieassociative.be\/actualites\/langleterre-gagne-en-finale-contre-lespagne-la-decision-nest-prise-que-lors-de-la-fusillade-de-penalite\/#primaryimage\"},\"thumbnailUrl\":\"https:\/\/vieassociative.be\/actualites\/wp-content\/uploads\/2025\/07\/1753669071_LAngleterre-gagne-en-finale-contre-lEspagne-la-decision-nest-prise.jpg\",\"datePublished\":\"2025-07-28T02:17:50+00:00\",\"dateModified\":\"2025-07-28T02:17:50+00:00\",\"breadcrumb\":{\"@id\":\"https:\/\/vieassociative.be\/actualites\/langleterre-gagne-en-finale-contre-lespagne-la-decision-nest-prise-que-lors-de-la-fusillade-de-penalite\/#breadcrumb\"},\"inLanguage\":\"fr-BE\",\"potentialAction\":[{\"@type\":\"ReadAction\",\"target\":[\"https:\/\/vieassociative.be\/actualites\/langleterre-gagne-en-finale-contre-lespagne-la-decision-nest-prise-que-lors-de-la-fusillade-de-penalite\/\"]}]},{\"@type\":\"ImageObject\",\"inLanguage\":\"fr-BE\",\"@id\":\"https:\/\/vieassociative.be\/actualites\/langleterre-gagne-en-finale-contre-lespagne-la-decision-nest-prise-que-lors-de-la-fusillade-de-penalite\/#primaryimage\",\"url\":\"https:\/\/vieassociative.be\/actualites\/wp-content\/uploads\/2025\/07\/1753669071_LAngleterre-gagne-en-finale-contre-lEspagne-la-decision-nest-prise.jpg\",\"contentUrl\":\"https:\/\/vieassociative.be\/actualites\/wp-content\/uploads\/2025\/07\/1753669071_LAngleterre-gagne-en-finale-contre-lEspagne-la-decision-nest-prise.jpg\",\"width\":1200,\"height\":800,\"caption\":\"L'Angleterre gagne en finale contre l'Espagne: la d\u00e9cision n'est prise que lors de la fusillade de p\u00e9nalit\u00e9\"},{\"@type\":\"BreadcrumbList\",\"@id\":\"https:\/\/vieassociative.be\/actualites\/langleterre-gagne-en-finale-contre-lespagne-la-decision-nest-prise-que-lors-de-la-fusillade-de-penalite\/#breadcrumb\",\"itemListElement\":[{\"@type\":\"ListItem\",\"position\":1,\"name\":\"Accueil\",\"item\":\"https:\/\/vieassociative.be\/actualites\/\"},{\"@type\":\"ListItem\",\"position\":2,\"name\":\"L&rsquo;Angleterre gagne en finale contre l&rsquo;Espagne: la d\u00e9cision n&rsquo;est prise que lors de la fusillade de p\u00e9nalit\u00e9\"}]},{\"@type\":\"WebSite\",\"@id\":\"https:\/\/vieassociative.be\/actualites\/#website\",\"url\":\"https:\/\/vieassociative.be\/actualites\/\",\"name\":\"Vie Associative\",\"description\":\"\",\"publisher\":{\"@id\":\"https:\/\/vieassociative.be\/actualites\/#organization\"},\"potentialAction\":[{\"@type\":\"SearchAction\",\"target\":{\"@type\":\"EntryPoint\",\"urlTemplate\":\"https:\/\/vieassociative.be\/actualites\/?s={search_term_string}\"},\"query-input\":{\"@type\":\"PropertyValueSpecification\",\"valueRequired\":true,\"valueName\":\"search_term_string\"}}],\"inLanguage\":\"fr-BE\"},{\"@type\":\"Organization\",\"@id\":\"https:\/\/vieassociative.be\/actualites\/#organization\",\"name\":\"Vie Associative\",\"url\":\"https:\/\/vieassociative.be\/actualites\/\",\"logo\":{\"@type\":\"ImageObject\",\"inLanguage\":\"fr-BE\",\"@id\":\"https:\/\/vieassociative.be\/actualites\/#\/schema\/logo\/image\/\",\"url\":\"https:\/\/vieassociative.be\/actualites\/wp-content\/uploads\/2024\/09\/cropped-vieassociative_favicon.ico.png\",\"contentUrl\":\"https:\/\/vieassociative.be\/actualites\/wp-content\/uploads\/2024\/09\/cropped-vieassociative_favicon.ico.png\",\"width\":512,\"height\":512,\"caption\":\"Vie Associative\"},\"image\":{\"@id\":\"https:\/\/vieassociative.be\/actualites\/#\/schema\/logo\/image\/\"}},{\"@type\":\"Person\",\"@id\":\"https:\/\/vieassociative.be\/actualites\/#\/schema\/person\/b87ac4f82f9d4e7b7cec7395b679edc4\",\"name\":\"Julien\",\"image\":{\"@type\":\"ImageObject\",\"inLanguage\":\"fr-BE\",\"@id\":\"https:\/\/vieassociative.be\/actualites\/#\/schema\/person\/image\/\",\"url\":\"https:\/\/vieassociative.be\/actualites\/wp-content\/uploads\/2024\/09\/vie-associative-1-150x150.jpg\",\"contentUrl\":\"https:\/\/vieassociative.be\/actualites\/wp-content\/uploads\/2024\/09\/vie-associative-1-150x150.jpg\",\"caption\":\"Julien\"},\"description\":\"Je suis Julien, r\u00e9dacteur pour Vie Associative. Passionn\u00e9 par le monde associatif depuis plus de 10 ans, j'ai \u00e0 c\u0153ur de partager des histoires inspirantes et de mettre en lumi\u00e8re les initiatives locales. Mon objectif est de sensibiliser et d'encourager l'engagement communautaire \u00e0 travers mes articles.\",\"sameAs\":[\"https:\/\/vieassociative.be\/\"]}]}<\/script>\n<!-- \/ Yoast SEO plugin. -->","yoast_head_json":{"title":"L'Angleterre gagne en finale contre l'Espagne: la d\u00e9cision n'est prise que lors de la fusillade de p\u00e9nalit\u00e9 | Vie Associative","robots":{"index":"index","follow":"follow","max-snippet":"max-snippet:-1","max-image-preview":"max-image-preview:large","max-video-preview":"max-video-preview:-1"},"canonical":"https:\/\/vieassociative.be\/actualites\/langleterre-gagne-en-finale-contre-lespagne-la-decision-nest-prise-que-lors-de-la-fusillade-de-penalite\/","og_locale":"fr_FR","og_type":"article","og_title":"L'Angleterre gagne en finale contre l'Espagne: la d\u00e9cision n'est prise que lors de la fusillade de p\u00e9nalit\u00e9 | Vie Associative","og_description":"L&rsquo;Espagne domine en finale de B\u00e2le Lange, mais l&rsquo;Angleterre riposte. Les champions en titre remportent la fusillade de p\u00e9nalit\u00e9. Chloe Kelly a \u00e0 nouveau sa","og_url":"https:\/\/vieassociative.be\/actualites\/langleterre-gagne-en-finale-contre-lespagne-la-decision-nest-prise-que-lors-de-la-fusillade-de-penalite\/","og_site_name":"Vie Associative","article_published_time":"2025-07-28T02:17:50+00:00","og_image":[{"width":279,"height":92,"url":"https:\/\/vieassociative.be\/actualites\/wp-content\/uploads\/2024\/09\/header_backgroundk-01-e1726694325946.png","type":"image\/png"}],"author":"Julien","twitter_card":"summary_large_image","twitter_misc":{"\u00c9crit par":"Julien","Dur\u00e9e de lecture est.":"2 minutes"},"schema":{"@context":"https:\/\/schema.org","@graph":[{"@type":"Article","@id":"https:\/\/vieassociative.be\/actualites\/langleterre-gagne-en-finale-contre-lespagne-la-decision-nest-prise-que-lors-de-la-fusillade-de-penalite\/#article","isPartOf":{"@id":"https:\/\/vieassociative.be\/actualites\/langleterre-gagne-en-finale-contre-lespagne-la-decision-nest-prise-que-lors-de-la-fusillade-de-penalite\/"},"author":{"name":"Julien","@id":"https:\/\/vieassociative.be\/actualites\/#\/schema\/person\/b87ac4f82f9d4e7b7cec7395b679edc4"},"headline":"L&rsquo;Angleterre gagne en finale contre l&rsquo;Espagne: la d\u00e9cision n&rsquo;est prise que lors de la fusillade de p\u00e9nalit\u00e9","datePublished":"2025-07-28T02:17:50+00:00","dateModified":"2025-07-28T02:17:50+00:00","mainEntityOfPage":{"@id":"https:\/\/vieassociative.be\/actualites\/langleterre-gagne-en-finale-contre-lespagne-la-decision-nest-prise-que-lors-de-la-fusillade-de-penalite\/"},"wordCount":414,"publisher":{"@id":"https:\/\/vieassociative.be\/actualites\/#organization"},"image":{"@id":"https:\/\/vieassociative.be\/actualites\/langleterre-gagne-en-finale-contre-lespagne-la-decision-nest-prise-que-lors-de-la-fusillade-de-penalite\/#primaryimage"},"thumbnailUrl":"https:\/\/vieassociative.be\/actualites\/wp-content\/uploads\/2025\/07\/1753669071_LAngleterre-gagne-en-finale-contre-lEspagne-la-decision-nest-prise.jpg","keywords":["contre","d\u00e9cision","finale","fusillade","gagn\u00e9","LAngleterre","LEspagne","lors","nest","p\u00e9nalit\u00e9","prise"],"articleSection":["Belgique"],"inLanguage":"fr-BE"},{"@type":"WebPage","@id":"https:\/\/vieassociative.be\/actualites\/langleterre-gagne-en-finale-contre-lespagne-la-decision-nest-prise-que-lors-de-la-fusillade-de-penalite\/","url":"https:\/\/vieassociative.be\/actualites\/langleterre-gagne-en-finale-contre-lespagne-la-decision-nest-prise-que-lors-de-la-fusillade-de-penalite\/","name":"L'Angleterre gagne en finale contre l'Espagne: la d\u00e9cision n'est prise que lors de la fusillade de p\u00e9nalit\u00e9 | Vie Associative","isPartOf":{"@id":"https:\/\/vieassociative.be\/actualites\/#website"},"primaryImageOfPage":{"@id":"https:\/\/vieassociative.be\/actualites\/langleterre-gagne-en-finale-contre-lespagne-la-decision-nest-prise-que-lors-de-la-fusillade-de-penalite\/#primaryimage"},"image":{"@id":"https:\/\/vieassociative.be\/actualites\/langleterre-gagne-en-finale-contre-lespagne-la-decision-nest-prise-que-lors-de-la-fusillade-de-penalite\/#primaryimage"},"thumbnailUrl":"https:\/\/vieassociative.be\/actualites\/wp-content\/uploads\/2025\/07\/1753669071_LAngleterre-gagne-en-finale-contre-lEspagne-la-decision-nest-prise.jpg","datePublished":"2025-07-28T02:17:50+00:00","dateModified":"2025-07-28T02:17:50+00:00","breadcrumb":{"@id":"https:\/\/vieassociative.be\/actualites\/langleterre-gagne-en-finale-contre-lespagne-la-decision-nest-prise-que-lors-de-la-fusillade-de-penalite\/#breadcrumb"},"inLanguage":"fr-BE","potentialAction":[{"@type":"ReadAction","target":["https:\/\/vieassociative.be\/actualites\/langleterre-gagne-en-finale-contre-lespagne-la-decision-nest-prise-que-lors-de-la-fusillade-de-penalite\/"]}]},{"@type":"ImageObject","inLanguage":"fr-BE","@id":"https:\/\/vieassociative.be\/actualites\/langleterre-gagne-en-finale-contre-lespagne-la-decision-nest-prise-que-lors-de-la-fusillade-de-penalite\/#primaryimage","url":"https:\/\/vieassociative.be\/actualites\/wp-content\/uploads\/2025\/07\/1753669071_LAngleterre-gagne-en-finale-contre-lEspagne-la-decision-nest-prise.jpg","contentUrl":"https:\/\/vieassociative.be\/actualites\/wp-content\/uploads\/2025\/07\/1753669071_LAngleterre-gagne-en-finale-contre-lEspagne-la-decision-nest-prise.jpg","width":1200,"height":800,"caption":"L'Angleterre gagne en finale contre l'Espagne: la d\u00e9cision n'est prise que lors de la fusillade de p\u00e9nalit\u00e9"},{"@type":"BreadcrumbList","@id":"https:\/\/vieassociative.be\/actualites\/langleterre-gagne-en-finale-contre-lespagne-la-decision-nest-prise-que-lors-de-la-fusillade-de-penalite\/#breadcrumb","itemListElement":[{"@type":"ListItem","position":1,"name":"Accueil","item":"https:\/\/vieassociative.be\/actualites\/"},{"@type":"ListItem","position":2,"name":"L&rsquo;Angleterre gagne en finale contre l&rsquo;Espagne: la d\u00e9cision n&rsquo;est prise que lors de la fusillade de p\u00e9nalit\u00e9"}]},{"@type":"WebSite","@id":"https:\/\/vieassociative.be\/actualites\/#website","url":"https:\/\/vieassociative.be\/actualites\/","name":"Vie Associative","description":"","publisher":{"@id":"https:\/\/vieassociative.be\/actualites\/#organization"},"potentialAction":[{"@type":"SearchAction","target":{"@type":"EntryPoint","urlTemplate":"https:\/\/vieassociative.be\/actualites\/?s={search_term_string}"},"query-input":{"@type":"PropertyValueSpecification","valueRequired":true,"valueName":"search_term_string"}}],"inLanguage":"fr-BE"},{"@type":"Organization","@id":"https:\/\/vieassociative.be\/actualites\/#organization","name":"Vie Associative","url":"https:\/\/vieassociative.be\/actualites\/","logo":{"@type":"ImageObject","inLanguage":"fr-BE","@id":"https:\/\/vieassociative.be\/actualites\/#\/schema\/logo\/image\/","url":"https:\/\/vieassociative.be\/actualites\/wp-content\/uploads\/2024\/09\/cropped-vieassociative_favicon.ico.png","contentUrl":"https:\/\/vieassociative.be\/actualites\/wp-content\/uploads\/2024\/09\/cropped-vieassociative_favicon.ico.png","width":512,"height":512,"caption":"Vie Associative"},"image":{"@id":"https:\/\/vieassociative.be\/actualites\/#\/schema\/logo\/image\/"}},{"@type":"Person","@id":"https:\/\/vieassociative.be\/actualites\/#\/schema\/person\/b87ac4f82f9d4e7b7cec7395b679edc4","name":"Julien","image":{"@type":"ImageObject","inLanguage":"fr-BE","@id":"https:\/\/vieassociative.be\/actualites\/#\/schema\/person\/image\/","url":"https:\/\/vieassociative.be\/actualites\/wp-content\/uploads\/2024\/09\/vie-associative-1-150x150.jpg","contentUrl":"https:\/\/vieassociative.be\/actualites\/wp-content\/uploads\/2024\/09\/vie-associative-1-150x150.jpg","caption":"Julien"},"description":"Je suis Julien, r\u00e9dacteur pour Vie Associative. Passionn\u00e9 par le monde associatif depuis plus de 10 ans, j'ai \u00e0 c\u0153ur de partager des histoires inspirantes et de mettre en lumi\u00e8re les initiatives locales. Mon objectif est de sensibiliser et d'encourager l'engagement communautaire \u00e0 travers mes articles.","sameAs":["https:\/\/vieassociative.be\/"]}]}},"_links":{"self":[{"href":"https:\/\/vieassociative.be\/actualites\/wp-json\/wp\/v2\/posts\/9051"}],"collection":[{"href":"https:\/\/vieassociative.be\/actualites\/wp-json\/wp\/v2\/posts"}],"about":[{"href":"https:\/\/vieassociative.be\/actualites\/wp-json\/wp\/v2\/types\/post"}],"author":[{"embeddable":true,"href":"https:\/\/vieassociative.be\/actualites\/wp-json\/wp\/v2\/users\/1"}],"replies":[{"embeddable":true,"href":"https:\/\/vieassociative.be\/actualites\/wp-json\/wp\/v2\/comments?post=9051"}],"version-history":[{"count":0,"href":"https:\/\/vieassociative.be\/actualites\/wp-json\/wp\/v2\/posts\/9051\/revisions"}],"wp:featuredmedia":[{"embeddable":true,"href":"https:\/\/vieassociative.be\/actualites\/wp-json\/wp\/v2\/media\/9052"}],"wp:attachment":[{"href":"https:\/\/vieassociative.be\/actualites\/wp-json\/wp\/v2\/media?parent=9051"}],"wp:term":[{"taxonomy":"category","embeddable":true,"href":"https:\/\/vieassociative.be\/actualites\/wp-json\/wp\/v2\/categories?post=9051"},{"taxonomy":"post_tag","embeddable":true,"href":"https:\/\/vieassociative.be\/actualites\/wp-json\/wp\/v2\/tags?post=9051"}],"curies":[{"name":"wp","href":"https:\/\/api.w.org\/{rel}","templated":true}]}}