{"id":9049,"date":"2025-07-28T03:17:56","date_gmt":"2025-07-28T01:17:56","guid":{"rendered":"https:\/\/vieassociative.be\/actualites\/vous-pouvez-maintenant-bloquer-ou-prefere-votre-pilote-lyft\/"},"modified":"2025-07-28T03:17:56","modified_gmt":"2025-07-28T01:17:56","slug":"vous-pouvez-maintenant-bloquer-ou-prefere-votre-pilote-lyft","status":"publish","type":"post","link":"https:\/\/vieassociative.be\/actualites\/vous-pouvez-maintenant-bloquer-ou-prefere-votre-pilote-lyft\/","title":{"rendered":"Vous pouvez maintenant bloquer (ou pr\u00e9f\u00e9r\u00e9) votre pilote Lyft"},"content":{"rendered":"<div class=\"mt-4 leading-6 md:mb-8\">Si vous aviez une exp\u00e9rience particuli\u00e8rement bonne ou mauvaise avec Lyft, vous pouvez maintenant y faire quelque chose.<\/div>\n<p><\/p>\n<p>Voici comment j&rsquo;esp\u00e8re que la plupart des exp\u00e9riences Uber et Lyft vont: j&rsquo;appelle la voiture; Ils s&rsquo;arr\u00eatent. Nous disons bonjour; Nous conduisons sans incident \u00e0 destination. Je dis \u00ab\u00a0merci\u00a0\u00bb, quittez la voiture et me dirigez-vous vers mon chemin. <\/p>\n<p>Ce n&rsquo;est pas ainsi que tous les trajets se d\u00e9roulent. Certains d\u00e9passent ces attentes, et vous quittez le taxi en pensant \u00ab\u00a0wow, ils \u00e9taient en fait g\u00e9niaux\u00a0\u00bb. D&rsquo;autres fois, vous esp\u00e9rez ne plus jamais revoir ce chauffeur. Bien que vous puissiez toujours \u00e9valuer vos chauffeurs en cons\u00e9quence, que vous les voyiez ou non \u00e0 l&rsquo;avenir est vraiment \u00e0 la hauteur. Apr\u00e8s tout, lorsque vous appelez le taxi dans l&rsquo;application, vous n&rsquo;avez pas votre choix dans le conducteur &#8211; juste le type de voiture. <\/p>\n<p>Cela change avec Lyft. La soci\u00e9t\u00e9 a annonc\u00e9 jeudi que les coureurs avaient d\u00e9sormais la possibilit\u00e9 de conducteurs pr\u00e9f\u00e9r\u00e9s qu&rsquo;ils aimaient particuli\u00e8rement, ou des conducteurs qu&rsquo;ils n&rsquo;aimaient particuli\u00e8rement. Je pense que les deux sont d&rsquo;excellents ajouts. <\/p>\n<h2 id=\"favoriting-a-lyft-driver\">Favoriser un chauffeur Lyft<\/h2>\n<p>\u00c0 l&rsquo;avenir, lorsque vous terminez un trajet, vous verrez l&rsquo;\u00e9cran pop-up habituel o\u00f9 vous pouvez \u00e9valuer le pilote, partager les commentaires et ajouter un pourboire. Mais ce qui est nouveau est en bas: vous aurez maintenant la possibilit\u00e9 de \u00ab\u00a0favori ce pilote\u00a0\u00bb, complet avec une case \u00e0 cocher et un message \u00ab\u00a0Nous prioriserons vos pilotes pr\u00e9f\u00e9r\u00e9s pour les man\u00e8ges planifi\u00e9s\u00a0\u00bb.<\/p>\n<p>Appuyez sur cette case \u00e0 cocher et Lyft tiendra compte de votre favori. Cela ne signifie pas que vous pouvez demander personnellement ce chauffeur chaque fois que vous r\u00e9servez un trajet; Lyft essaiera de vous jumeler avec le pilote lorsque cela est possible. Selon cette application, cela ne s&rsquo;applique que lors de la planification des promenades, mais le message d&rsquo;annonce de Lyft dit \u00ab\u00a0Nous prioriserons la connexion avec vos favoris <strong>chaque fois que possible<\/strong>. \u00ab\u00a0J&rsquo;esp\u00e8re que l&rsquo;application vous associera lorsque vous saluez un taxi \u00e0 la vol\u00e9e, pas seulement lors de la r\u00e9servation \u00e0 l&rsquo;avance.<\/p>\n<p>Ne vous y trompez pas: ce n&rsquo;est pas une fonctionnalit\u00e9 priv\u00e9e uniquement visible de votre c\u00f4t\u00e9. Les conducteurs seront inform\u00e9s lorsque vous &#8211; oui, <em>toi<\/em>&#8211; Ajoutez-leur \u00e0 vos favoris. Ils auront ensuite \u00ab\u00a0un acc\u00e8s prioritaire\u00a0\u00bb \u00e0 vos demandes de conduite pr\u00e9vues, afin qu&rsquo;ils puissent vous prendre en tant que cavalier s&rsquo;ils le souhaitent. S&rsquo;il oublie d&rsquo;une mani\u00e8re ou d&rsquo;une autre qui vous \u00eates, votre demande sera \u00e9tiquet\u00e9e comme un cavalier qui a favoris\u00e9 ce chauffeur, pour vous s\u00e9parer des autres demandes.<\/p>\n<h2 id=\"blocking-a-lyft-driver\">Bloquer un pilote Lyft<\/h2>\n<p>Donc, vous avez eu une exp\u00e9rience de Lyft particuli\u00e8rement mauvaise. Maintenant, en plus de noter ce pilote une \u00e9toile, vous pouvez bloquer ce pilote, pour vous assurer de ne plus jamais correspondre avec eux.<\/p>\n<p>Cette option n&rsquo;appara\u00eetra pas \u00e0 la fin de votre trajet. Au lieu de cela, vous pouvez y acc\u00e9der \u00e0 partir du nouveau menu Hub de s\u00e9curit\u00e9 de Lyft. Cette page param\u00e8tres de la page sportive les fonctionnalit\u00e9s de s\u00e9curit\u00e9 les plus r\u00e9centes de Lyft, comme l&rsquo;enregistrement audio, la v\u00e9rification des broches et, maintenant, la possibilit\u00e9 de bloquer les pilotes. <\/p>\n<p>\u00c0 l&rsquo;heure actuelle, je ne vois pas le centre de s\u00e9curit\u00e9 dans mes param\u00e8tres Lyft. Mais sur la base de l&rsquo;annonce de Lyft, voici comment cela semble fonctionner: dans l&rsquo;application, appuyez sur l&rsquo;onglet \u00ab\u00a0You\u00a0\u00bb, puis choisissez <strong>Param\u00e8tres<\/strong> sous <strong>Compte<\/strong>. L\u00e0 o\u00f9 je vois des \u00ab\u00a0outils de s\u00e9curit\u00e9\u00a0\u00bb maintenant, j&rsquo;imagine que \u00ab\u00a0le hub de s\u00e9curit\u00e9\u00a0\u00bb sera. Une fois que vous avez appuy\u00e9 sur ceci, vous verrez \u00ab\u00a0bloquer un pilote\u00a0\u00bb sous <strong>Apparition<\/strong>. Lyft n&rsquo;explique pas plus loin d&rsquo;ici, mais je suppose que vous pourrez choisir parmi une liste de pilotes r\u00e9cents et sp\u00e9cifier ce que vous souhaitez bloquer. <\/p>\n<p>Lyft ne dit pas si les conducteurs sont inform\u00e9s lorsque vous les bloquez, mais je suppose qu&rsquo;ils ne le sont pas. Cependant, si j&rsquo;\u00e9tais Lyft, je tenterais probablement les conducteurs qui commencent \u00e0 \u00eatre bloqu\u00e9s fr\u00e9quemment.<\/p>\n","protected":false},"excerpt":{"rendered":"<p>Si vous aviez une exp\u00e9rience particuli\u00e8rement bonne ou mauvaise avec Lyft, vous pouvez maintenant y faire quelque chose. Voici comment j&rsquo;esp\u00e8re que la plupart des<\/p>\n","protected":false},"author":1,"featured_media":9050,"comment_status":"","ping_status":"","sticky":false,"template":"","format":"standard","meta":{"footnotes":""},"categories":[13],"tags":[2825,6779,233,5773,5,1561,8,4],"class_list":["post-9049","post","type-post","status-publish","format-standard","has-post-thumbnail","hentry","category-technologie","tag-bloquer","tag-lyft","tag-maintenant","tag-pilote","tag-pouvez","tag-prefere","tag-votre","tag-vous","generate-columns","tablet-grid-50","mobile-grid-100","grid-parent","grid-33"],"yoast_head":"<!-- This site is optimized with the Yoast SEO plugin v24.0 - https:\/\/yoast.com\/wordpress\/plugins\/seo\/ -->\n<title>Vous pouvez maintenant bloquer (ou pr\u00e9f\u00e9r\u00e9) votre pilote Lyft | Vie Associative<\/title>\n<meta name=\"robots\" content=\"index, follow, max-snippet:-1, max-image-preview:large, max-video-preview:-1\" \/>\n<link rel=\"canonical\" href=\"https:\/\/vieassociative.be\/actualites\/vous-pouvez-maintenant-bloquer-ou-prefere-votre-pilote-lyft\/\" \/>\n<meta property=\"og:locale\" content=\"fr_FR\" \/>\n<meta property=\"og:type\" content=\"article\" \/>\n<meta property=\"og:title\" content=\"Vous pouvez maintenant bloquer (ou pr\u00e9f\u00e9r\u00e9) votre pilote Lyft | Vie Associative\" \/>\n<meta property=\"og:description\" content=\"Si vous aviez une exp\u00e9rience particuli\u00e8rement bonne ou mauvaise avec Lyft, vous pouvez maintenant y faire quelque chose. Voici comment j&rsquo;esp\u00e8re que la plupart des\" \/>\n<meta property=\"og:url\" content=\"https:\/\/vieassociative.be\/actualites\/vous-pouvez-maintenant-bloquer-ou-prefere-votre-pilote-lyft\/\" \/>\n<meta property=\"og:site_name\" content=\"Vie Associative\" \/>\n<meta property=\"article:published_time\" content=\"2025-07-28T01:17:56+00:00\" \/>\n<meta property=\"og:image\" content=\"https:\/\/vieassociative.be\/actualites\/wp-content\/uploads\/2024\/09\/header_backgroundk-01-e1726694325946.png\" \/>\n\t<meta property=\"og:image:width\" content=\"279\" \/>\n\t<meta property=\"og:image:height\" content=\"92\" \/>\n\t<meta property=\"og:image:type\" content=\"image\/png\" \/>\n<meta name=\"author\" content=\"Julien\" \/>\n<meta name=\"twitter:card\" content=\"summary_large_image\" \/>\n<meta name=\"twitter:label1\" content=\"\u00c9crit par\" \/>\n\t<meta name=\"twitter:data1\" content=\"Julien\" \/>\n\t<meta name=\"twitter:label2\" content=\"Dur\u00e9e de lecture est.\" \/>\n\t<meta name=\"twitter:data2\" content=\"3 minutes\" \/>\n<script type=\"application\/ld+json\" class=\"yoast-schema-graph\">{\"@context\":\"https:\/\/schema.org\",\"@graph\":[{\"@type\":\"Article\",\"@id\":\"https:\/\/vieassociative.be\/actualites\/vous-pouvez-maintenant-bloquer-ou-prefere-votre-pilote-lyft\/#article\",\"isPartOf\":{\"@id\":\"https:\/\/vieassociative.be\/actualites\/vous-pouvez-maintenant-bloquer-ou-prefere-votre-pilote-lyft\/\"},\"author\":{\"name\":\"Julien\",\"@id\":\"https:\/\/vieassociative.be\/actualites\/#\/schema\/person\/b87ac4f82f9d4e7b7cec7395b679edc4\"},\"headline\":\"Vous pouvez maintenant bloquer (ou pr\u00e9f\u00e9r\u00e9) votre pilote Lyft\",\"datePublished\":\"2025-07-28T01:17:56+00:00\",\"dateModified\":\"2025-07-28T01:17:56+00:00\",\"mainEntityOfPage\":{\"@id\":\"https:\/\/vieassociative.be\/actualites\/vous-pouvez-maintenant-bloquer-ou-prefere-votre-pilote-lyft\/\"},\"wordCount\":732,\"publisher\":{\"@id\":\"https:\/\/vieassociative.be\/actualites\/#organization\"},\"image\":{\"@id\":\"https:\/\/vieassociative.be\/actualites\/vous-pouvez-maintenant-bloquer-ou-prefere-votre-pilote-lyft\/#primaryimage\"},\"thumbnailUrl\":\"https:\/\/vieassociative.be\/actualites\/wp-content\/uploads\/2025\/07\/Vous-pouvez-maintenant-bloquer-ou-prefere-votre-pilote-Lyft.jpg\",\"keywords\":[\"bloquer\",\"Lyft\",\"maintenant\",\"pilote\",\"pouvez\",\"pr\u00e9f\u00e9r\u00e9\",\"votre\",\"Vous\"],\"articleSection\":[\"Technologie\"],\"inLanguage\":\"fr-BE\"},{\"@type\":\"WebPage\",\"@id\":\"https:\/\/vieassociative.be\/actualites\/vous-pouvez-maintenant-bloquer-ou-prefere-votre-pilote-lyft\/\",\"url\":\"https:\/\/vieassociative.be\/actualites\/vous-pouvez-maintenant-bloquer-ou-prefere-votre-pilote-lyft\/\",\"name\":\"Vous pouvez maintenant bloquer (ou pr\u00e9f\u00e9r\u00e9) votre pilote Lyft | Vie Associative\",\"isPartOf\":{\"@id\":\"https:\/\/vieassociative.be\/actualites\/#website\"},\"primaryImageOfPage\":{\"@id\":\"https:\/\/vieassociative.be\/actualites\/vous-pouvez-maintenant-bloquer-ou-prefere-votre-pilote-lyft\/#primaryimage\"},\"image\":{\"@id\":\"https:\/\/vieassociative.be\/actualites\/vous-pouvez-maintenant-bloquer-ou-prefere-votre-pilote-lyft\/#primaryimage\"},\"thumbnailUrl\":\"https:\/\/vieassociative.be\/actualites\/wp-content\/uploads\/2025\/07\/Vous-pouvez-maintenant-bloquer-ou-prefere-votre-pilote-Lyft.jpg\",\"datePublished\":\"2025-07-28T01:17:56+00:00\",\"dateModified\":\"2025-07-28T01:17:56+00:00\",\"breadcrumb\":{\"@id\":\"https:\/\/vieassociative.be\/actualites\/vous-pouvez-maintenant-bloquer-ou-prefere-votre-pilote-lyft\/#breadcrumb\"},\"inLanguage\":\"fr-BE\",\"potentialAction\":[{\"@type\":\"ReadAction\",\"target\":[\"https:\/\/vieassociative.be\/actualites\/vous-pouvez-maintenant-bloquer-ou-prefere-votre-pilote-lyft\/\"]}]},{\"@type\":\"ImageObject\",\"inLanguage\":\"fr-BE\",\"@id\":\"https:\/\/vieassociative.be\/actualites\/vous-pouvez-maintenant-bloquer-ou-prefere-votre-pilote-lyft\/#primaryimage\",\"url\":\"https:\/\/vieassociative.be\/actualites\/wp-content\/uploads\/2025\/07\/Vous-pouvez-maintenant-bloquer-ou-prefere-votre-pilote-Lyft.jpg\",\"contentUrl\":\"https:\/\/vieassociative.be\/actualites\/wp-content\/uploads\/2025\/07\/Vous-pouvez-maintenant-bloquer-ou-prefere-votre-pilote-Lyft.jpg\",\"width\":1200,\"height\":675,\"caption\":\"Vous pouvez maintenant bloquer (ou pr\u00e9f\u00e9r\u00e9) votre pilote Lyft\"},{\"@type\":\"BreadcrumbList\",\"@id\":\"https:\/\/vieassociative.be\/actualites\/vous-pouvez-maintenant-bloquer-ou-prefere-votre-pilote-lyft\/#breadcrumb\",\"itemListElement\":[{\"@type\":\"ListItem\",\"position\":1,\"name\":\"Accueil\",\"item\":\"https:\/\/vieassociative.be\/actualites\/\"},{\"@type\":\"ListItem\",\"position\":2,\"name\":\"Vous pouvez maintenant bloquer (ou pr\u00e9f\u00e9r\u00e9) votre pilote Lyft\"}]},{\"@type\":\"WebSite\",\"@id\":\"https:\/\/vieassociative.be\/actualites\/#website\",\"url\":\"https:\/\/vieassociative.be\/actualites\/\",\"name\":\"Vie Associative\",\"description\":\"\",\"publisher\":{\"@id\":\"https:\/\/vieassociative.be\/actualites\/#organization\"},\"potentialAction\":[{\"@type\":\"SearchAction\",\"target\":{\"@type\":\"EntryPoint\",\"urlTemplate\":\"https:\/\/vieassociative.be\/actualites\/?s={search_term_string}\"},\"query-input\":{\"@type\":\"PropertyValueSpecification\",\"valueRequired\":true,\"valueName\":\"search_term_string\"}}],\"inLanguage\":\"fr-BE\"},{\"@type\":\"Organization\",\"@id\":\"https:\/\/vieassociative.be\/actualites\/#organization\",\"name\":\"Vie Associative\",\"url\":\"https:\/\/vieassociative.be\/actualites\/\",\"logo\":{\"@type\":\"ImageObject\",\"inLanguage\":\"fr-BE\",\"@id\":\"https:\/\/vieassociative.be\/actualites\/#\/schema\/logo\/image\/\",\"url\":\"https:\/\/vieassociative.be\/actualites\/wp-content\/uploads\/2024\/09\/cropped-vieassociative_favicon.ico.png\",\"contentUrl\":\"https:\/\/vieassociative.be\/actualites\/wp-content\/uploads\/2024\/09\/cropped-vieassociative_favicon.ico.png\",\"width\":512,\"height\":512,\"caption\":\"Vie Associative\"},\"image\":{\"@id\":\"https:\/\/vieassociative.be\/actualites\/#\/schema\/logo\/image\/\"}},{\"@type\":\"Person\",\"@id\":\"https:\/\/vieassociative.be\/actualites\/#\/schema\/person\/b87ac4f82f9d4e7b7cec7395b679edc4\",\"name\":\"Julien\",\"image\":{\"@type\":\"ImageObject\",\"inLanguage\":\"fr-BE\",\"@id\":\"https:\/\/vieassociative.be\/actualites\/#\/schema\/person\/image\/\",\"url\":\"https:\/\/vieassociative.be\/actualites\/wp-content\/uploads\/2024\/09\/vie-associative-1-150x150.jpg\",\"contentUrl\":\"https:\/\/vieassociative.be\/actualites\/wp-content\/uploads\/2024\/09\/vie-associative-1-150x150.jpg\",\"caption\":\"Julien\"},\"description\":\"Je suis Julien, r\u00e9dacteur pour Vie Associative. Passionn\u00e9 par le monde associatif depuis plus de 10 ans, j'ai \u00e0 c\u0153ur de partager des histoires inspirantes et de mettre en lumi\u00e8re les initiatives locales. Mon objectif est de sensibiliser et d'encourager l'engagement communautaire \u00e0 travers mes articles.\",\"sameAs\":[\"https:\/\/vieassociative.be\/\"]}]}<\/script>\n<!-- \/ Yoast SEO plugin. -->","yoast_head_json":{"title":"Vous pouvez maintenant bloquer (ou pr\u00e9f\u00e9r\u00e9) votre pilote Lyft | Vie Associative","robots":{"index":"index","follow":"follow","max-snippet":"max-snippet:-1","max-image-preview":"max-image-preview:large","max-video-preview":"max-video-preview:-1"},"canonical":"https:\/\/vieassociative.be\/actualites\/vous-pouvez-maintenant-bloquer-ou-prefere-votre-pilote-lyft\/","og_locale":"fr_FR","og_type":"article","og_title":"Vous pouvez maintenant bloquer (ou pr\u00e9f\u00e9r\u00e9) votre pilote Lyft | Vie Associative","og_description":"Si vous aviez une exp\u00e9rience particuli\u00e8rement bonne ou mauvaise avec Lyft, vous pouvez maintenant y faire quelque chose. Voici comment j&rsquo;esp\u00e8re que la plupart des","og_url":"https:\/\/vieassociative.be\/actualites\/vous-pouvez-maintenant-bloquer-ou-prefere-votre-pilote-lyft\/","og_site_name":"Vie Associative","article_published_time":"2025-07-28T01:17:56+00:00","og_image":[{"width":279,"height":92,"url":"https:\/\/vieassociative.be\/actualites\/wp-content\/uploads\/2024\/09\/header_backgroundk-01-e1726694325946.png","type":"image\/png"}],"author":"Julien","twitter_card":"summary_large_image","twitter_misc":{"\u00c9crit par":"Julien","Dur\u00e9e de lecture est.":"3 minutes"},"schema":{"@context":"https:\/\/schema.org","@graph":[{"@type":"Article","@id":"https:\/\/vieassociative.be\/actualites\/vous-pouvez-maintenant-bloquer-ou-prefere-votre-pilote-lyft\/#article","isPartOf":{"@id":"https:\/\/vieassociative.be\/actualites\/vous-pouvez-maintenant-bloquer-ou-prefere-votre-pilote-lyft\/"},"author":{"name":"Julien","@id":"https:\/\/vieassociative.be\/actualites\/#\/schema\/person\/b87ac4f82f9d4e7b7cec7395b679edc4"},"headline":"Vous pouvez maintenant bloquer (ou pr\u00e9f\u00e9r\u00e9) votre pilote Lyft","datePublished":"2025-07-28T01:17:56+00:00","dateModified":"2025-07-28T01:17:56+00:00","mainEntityOfPage":{"@id":"https:\/\/vieassociative.be\/actualites\/vous-pouvez-maintenant-bloquer-ou-prefere-votre-pilote-lyft\/"},"wordCount":732,"publisher":{"@id":"https:\/\/vieassociative.be\/actualites\/#organization"},"image":{"@id":"https:\/\/vieassociative.be\/actualites\/vous-pouvez-maintenant-bloquer-ou-prefere-votre-pilote-lyft\/#primaryimage"},"thumbnailUrl":"https:\/\/vieassociative.be\/actualites\/wp-content\/uploads\/2025\/07\/Vous-pouvez-maintenant-bloquer-ou-prefere-votre-pilote-Lyft.jpg","keywords":["bloquer","Lyft","maintenant","pilote","pouvez","pr\u00e9f\u00e9r\u00e9","votre","Vous"],"articleSection":["Technologie"],"inLanguage":"fr-BE"},{"@type":"WebPage","@id":"https:\/\/vieassociative.be\/actualites\/vous-pouvez-maintenant-bloquer-ou-prefere-votre-pilote-lyft\/","url":"https:\/\/vieassociative.be\/actualites\/vous-pouvez-maintenant-bloquer-ou-prefere-votre-pilote-lyft\/","name":"Vous pouvez maintenant bloquer (ou pr\u00e9f\u00e9r\u00e9) votre pilote Lyft | Vie Associative","isPartOf":{"@id":"https:\/\/vieassociative.be\/actualites\/#website"},"primaryImageOfPage":{"@id":"https:\/\/vieassociative.be\/actualites\/vous-pouvez-maintenant-bloquer-ou-prefere-votre-pilote-lyft\/#primaryimage"},"image":{"@id":"https:\/\/vieassociative.be\/actualites\/vous-pouvez-maintenant-bloquer-ou-prefere-votre-pilote-lyft\/#primaryimage"},"thumbnailUrl":"https:\/\/vieassociative.be\/actualites\/wp-content\/uploads\/2025\/07\/Vous-pouvez-maintenant-bloquer-ou-prefere-votre-pilote-Lyft.jpg","datePublished":"2025-07-28T01:17:56+00:00","dateModified":"2025-07-28T01:17:56+00:00","breadcrumb":{"@id":"https:\/\/vieassociative.be\/actualites\/vous-pouvez-maintenant-bloquer-ou-prefere-votre-pilote-lyft\/#breadcrumb"},"inLanguage":"fr-BE","potentialAction":[{"@type":"ReadAction","target":["https:\/\/vieassociative.be\/actualites\/vous-pouvez-maintenant-bloquer-ou-prefere-votre-pilote-lyft\/"]}]},{"@type":"ImageObject","inLanguage":"fr-BE","@id":"https:\/\/vieassociative.be\/actualites\/vous-pouvez-maintenant-bloquer-ou-prefere-votre-pilote-lyft\/#primaryimage","url":"https:\/\/vieassociative.be\/actualites\/wp-content\/uploads\/2025\/07\/Vous-pouvez-maintenant-bloquer-ou-prefere-votre-pilote-Lyft.jpg","contentUrl":"https:\/\/vieassociative.be\/actualites\/wp-content\/uploads\/2025\/07\/Vous-pouvez-maintenant-bloquer-ou-prefere-votre-pilote-Lyft.jpg","width":1200,"height":675,"caption":"Vous pouvez maintenant bloquer (ou pr\u00e9f\u00e9r\u00e9) votre pilote Lyft"},{"@type":"BreadcrumbList","@id":"https:\/\/vieassociative.be\/actualites\/vous-pouvez-maintenant-bloquer-ou-prefere-votre-pilote-lyft\/#breadcrumb","itemListElement":[{"@type":"ListItem","position":1,"name":"Accueil","item":"https:\/\/vieassociative.be\/actualites\/"},{"@type":"ListItem","position":2,"name":"Vous pouvez maintenant bloquer (ou pr\u00e9f\u00e9r\u00e9) votre pilote Lyft"}]},{"@type":"WebSite","@id":"https:\/\/vieassociative.be\/actualites\/#website","url":"https:\/\/vieassociative.be\/actualites\/","name":"Vie Associative","description":"","publisher":{"@id":"https:\/\/vieassociative.be\/actualites\/#organization"},"potentialAction":[{"@type":"SearchAction","target":{"@type":"EntryPoint","urlTemplate":"https:\/\/vieassociative.be\/actualites\/?s={search_term_string}"},"query-input":{"@type":"PropertyValueSpecification","valueRequired":true,"valueName":"search_term_string"}}],"inLanguage":"fr-BE"},{"@type":"Organization","@id":"https:\/\/vieassociative.be\/actualites\/#organization","name":"Vie Associative","url":"https:\/\/vieassociative.be\/actualites\/","logo":{"@type":"ImageObject","inLanguage":"fr-BE","@id":"https:\/\/vieassociative.be\/actualites\/#\/schema\/logo\/image\/","url":"https:\/\/vieassociative.be\/actualites\/wp-content\/uploads\/2024\/09\/cropped-vieassociative_favicon.ico.png","contentUrl":"https:\/\/vieassociative.be\/actualites\/wp-content\/uploads\/2024\/09\/cropped-vieassociative_favicon.ico.png","width":512,"height":512,"caption":"Vie Associative"},"image":{"@id":"https:\/\/vieassociative.be\/actualites\/#\/schema\/logo\/image\/"}},{"@type":"Person","@id":"https:\/\/vieassociative.be\/actualites\/#\/schema\/person\/b87ac4f82f9d4e7b7cec7395b679edc4","name":"Julien","image":{"@type":"ImageObject","inLanguage":"fr-BE","@id":"https:\/\/vieassociative.be\/actualites\/#\/schema\/person\/image\/","url":"https:\/\/vieassociative.be\/actualites\/wp-content\/uploads\/2024\/09\/vie-associative-1-150x150.jpg","contentUrl":"https:\/\/vieassociative.be\/actualites\/wp-content\/uploads\/2024\/09\/vie-associative-1-150x150.jpg","caption":"Julien"},"description":"Je suis Julien, r\u00e9dacteur pour Vie Associative. Passionn\u00e9 par le monde associatif depuis plus de 10 ans, j'ai \u00e0 c\u0153ur de partager des histoires inspirantes et de mettre en lumi\u00e8re les initiatives locales. Mon objectif est de sensibiliser et d'encourager l'engagement communautaire \u00e0 travers mes articles.","sameAs":["https:\/\/vieassociative.be\/"]}]}},"_links":{"self":[{"href":"https:\/\/vieassociative.be\/actualites\/wp-json\/wp\/v2\/posts\/9049"}],"collection":[{"href":"https:\/\/vieassociative.be\/actualites\/wp-json\/wp\/v2\/posts"}],"about":[{"href":"https:\/\/vieassociative.be\/actualites\/wp-json\/wp\/v2\/types\/post"}],"author":[{"embeddable":true,"href":"https:\/\/vieassociative.be\/actualites\/wp-json\/wp\/v2\/users\/1"}],"replies":[{"embeddable":true,"href":"https:\/\/vieassociative.be\/actualites\/wp-json\/wp\/v2\/comments?post=9049"}],"version-history":[{"count":0,"href":"https:\/\/vieassociative.be\/actualites\/wp-json\/wp\/v2\/posts\/9049\/revisions"}],"wp:featuredmedia":[{"embeddable":true,"href":"https:\/\/vieassociative.be\/actualites\/wp-json\/wp\/v2\/media\/9050"}],"wp:attachment":[{"href":"https:\/\/vieassociative.be\/actualites\/wp-json\/wp\/v2\/media?parent=9049"}],"wp:term":[{"taxonomy":"category","embeddable":true,"href":"https:\/\/vieassociative.be\/actualites\/wp-json\/wp\/v2\/categories?post=9049"},{"taxonomy":"post_tag","embeddable":true,"href":"https:\/\/vieassociative.be\/actualites\/wp-json\/wp\/v2\/tags?post=9049"}],"curies":[{"name":"wp","href":"https:\/\/api.w.org\/{rel}","templated":true}]}}