{"id":9046,"date":"2025-07-27T22:17:32","date_gmt":"2025-07-27T20:17:32","guid":{"rendered":"https:\/\/vieassociative.be\/actualites\/barker-wout-van-aert-depend-du-vainqueur-du-tour-end-tadej-pogacar-et-gagne-sur-champs-elysees\/"},"modified":"2025-07-27T22:17:32","modified_gmt":"2025-07-27T20:17:32","slug":"barker-wout-van-aert-depend-du-vainqueur-du-tour-end-tadej-pogacar-et-gagne-sur-champs-elysees","status":"publish","type":"post","link":"https:\/\/vieassociative.be\/actualites\/barker-wout-van-aert-depend-du-vainqueur-du-tour-end-tadej-pogacar-et-gagne-sur-champs-elysees\/","title":{"rendered":"Barker Wout Van Aert d\u00e9pend du vainqueur du Tour End Tadej Pogacar et gagne sur Champs-Elys\u00e9es"},"content":{"rendered":"<p><strong>Wout Van Aert a pr\u00e9valu sur les Champs-\u00c9lys\u00e9es lors de la derni\u00e8re \u00e9tape du Tour de France 2025. Apr\u00e8s le vainqueur belge, Tadej Pogacar, qui a \u00e9videmment voulu gagner cette derni\u00e8re \u00e9tape prestigieuse, avait quitt\u00e9 la troisi\u00e8me mont\u00e9e sur Montmartre, il a peut-\u00eatre obtenu l&rsquo;une des plus belles victoires de sa carri\u00e8re.<\/strong><\/p>\n<p><span id=\"more-421100\"><\/span>Apr\u00e8s le d\u00e9fil\u00e9 traditionnel dans les rues de la capitale fran\u00e7aise, dans laquelle l&rsquo;\u00e9quipe, par exemple, a pris le temps de c\u00e9l\u00e9brer la future victoire de Tadej Pogacar, a fait le peloton sur le chemin de Paris avec des destinations tr\u00e8s diff\u00e9rentes.<\/p>\n<p>Initialement, Jonathan Milan a obtenu le dernier sprint interm\u00e9diaire et donc finalement le maillot vert, qu&rsquo;il a \u00e9t\u00e9 autoris\u00e9 \u00e0 porter sur le podium apr\u00e8s la sc\u00e8ne.<\/p>\n<\/p>\n<div id=\"attachment_421129\" class=\"wp-caption alignleft\" style=\"max-width: 300px\"><img fetchpriority=\"high\" decoding=\"async\" class=\"wp-image-421129 size-medium\" src=\"https:\/\/vieassociative.be\/actualites\/wp-content\/uploads\/2025\/07\/Barker-Wout-Van-Aert-depend-du-vainqueur-du-Tour-End.jpg\" alt=\"\" width=\"300\" height=\"200\"><\/div>\n<p>Les chauffeurs se sont ensuite positionn\u00e9s pour la c\u00e9l\u00e8bre mont\u00e9e \u00e0 Montmartre (4e cat\u00e9gorie, 1,1 km, 5,9%), que le peloton a d\u00fb ma\u00eetriser trois fois. Le dernier passage a eu lieu six kilom\u00e8tres avant l&rsquo;arriv\u00e9e.<\/p>\n<p>Entre-temps, la direction de la course a d\u00e9cid\u00e9 de geler le Times lors du quatri\u00e8me passage sur les Champs-\u00c9lys\u00e9es, c&rsquo;est-\u00e0-dire devant les trois, de sorte que le sort de la course d\u00e9pendait d\u00e9sormais uniquement de la victoire sur sc\u00e8ne.<\/p>\n<p><strong>&#8211; Pogacar ose faire:<\/strong> Lors de la premi\u00e8re augmentation, l&rsquo;ancien champion du monde Julian Alaphilippe a d&rsquo;abord attaqu\u00e9. Le Belge Arnaud de Lie est apparu dans son slipstream, suivi de Tadej Pogacar et Wout Van Aert. Les deux derniers \u00e9taient \u00e9galement l\u00e0 sur la deuxi\u00e8me mont\u00e9e. Van Aert a pu compter sur le soutien de son co\u00e9quipier Matteo Jorgenson. Matteo Trentin \u00e9tait \u00e9galement dans le groupe sup\u00e9rieur, tout comme Davide Ballerini et Matej Mohoric.<\/p>\n<\/p>\n<div id=\"attachment_421130\" class=\"wp-caption alignleft\" style=\"max-width: 300px\"><img decoding=\"async\" class=\"wp-image-421130 size-medium\" src=\"https:\/\/vieassociative.be\/actualites\/wp-content\/uploads\/2025\/07\/1753647452_205_Barker-Wout-Van-Aert-depend-du-vainqueur-du-Tour-End.jpg\" alt=\"\" width=\"300\" height=\"200\"><\/div>\n<p>Lors de la troisi\u00e8me mont\u00e9e, Van Aert a pu suivre Pogacar, puis m\u00eame tra\u00eener les Slov\u00e8nes, que presque personne ne s&rsquo;attendait. En fin de compte, le tout-arrondi de Belgique a triomph\u00e9 dans la plus belle rue du monde pour la deuxi\u00e8me fois. En 2021, il a remport\u00e9 le sprint de masse, cette fois, il a gagn\u00e9 seul.<\/p>\n<p>Les deux stars du v\u00e9lo Pogacar et Van Aert avaient un duel implacable sur la colline de Montmartre avec la meilleure fin pour le Belge. \u00ab\u00a0En fait, je n&rsquo;avais pas d&rsquo;\u00e9nergie pour me motiver aujourd&rsquo;hui. J&rsquo;\u00e9tais tr\u00e8s heureux que vous ayez neutralis\u00e9 la sc\u00e8ne t\u00f4t. Ensuite, c&rsquo;\u00e9tait beaucoup plus d\u00e9tendu. CHAPE DE WOT, il \u00e9tait incroyablement fort\u00a0\u00bb, a d\u00e9clar\u00e9 Pogacar.<\/p>\n<p>La sixi\u00e8me victoire de la sc\u00e8ne belge de Wout Van Aert a \u00e9t\u00e9 le succ\u00e8s de Jasper Philipsen, Tim Merlier (2), Remco Nirepoel et Tim Welens apr\u00e8s les succ\u00e8s de Jasper Philipsen.<\/p>\n<p>C&rsquo;\u00e9tait aussi la quatri\u00e8me victoire belge cons\u00e9cutive sur le bouquet: en plus des deux victoires de Wout Van Aert 2021 et 2025, Jasper Philipsen 2022 et Jordi Meeus 2023. 2024 ne se sont pas termin\u00e9s \u00e0 Paris \u00e0 cause des Jeux olympiques, mais \u00e0 Nice. (Cre)<\/p>\n","protected":false},"excerpt":{"rendered":"<p>Wout Van Aert a pr\u00e9valu sur les Champs-\u00c9lys\u00e9es lors de la derni\u00e8re \u00e9tape du Tour de France 2025. Apr\u00e8s le vainqueur belge, Tadej Pogacar, qui<\/p>\n","protected":false},"author":1,"featured_media":9047,"comment_status":"","ping_status":"","sticky":false,"template":"","format":"standard","meta":{"footnotes":""},"categories":[298],"tags":[6144,7930,7928,7931,2299,5976,33,6345,2443,3641,4100,6143],"class_list":["post-9046","post","type-post","status-publish","format-standard","has-post-thumbnail","hentry","category-belgique","tag-aert","tag-barker","tag-champselysees","tag-depend","tag-gagne","tag-pogacar","tag-sur","tag-tadej","tag-tour","tag-vainqueur","tag-van","tag-wout","generate-columns","tablet-grid-50","mobile-grid-100","grid-parent","grid-33"],"yoast_head":"<!-- This site is optimized with the Yoast SEO plugin v24.0 - https:\/\/yoast.com\/wordpress\/plugins\/seo\/ -->\n<title>Barker Wout Van Aert d\u00e9pend du vainqueur du Tour End Tadej Pogacar et gagne sur Champs-Elys\u00e9es | Vie Associative<\/title>\n<meta name=\"robots\" content=\"index, follow, max-snippet:-1, max-image-preview:large, max-video-preview:-1\" \/>\n<link rel=\"canonical\" href=\"https:\/\/vieassociative.be\/actualites\/barker-wout-van-aert-depend-du-vainqueur-du-tour-end-tadej-pogacar-et-gagne-sur-champs-elysees\/\" \/>\n<meta property=\"og:locale\" content=\"fr_FR\" \/>\n<meta property=\"og:type\" content=\"article\" \/>\n<meta property=\"og:title\" content=\"Barker Wout Van Aert d\u00e9pend du vainqueur du Tour End Tadej Pogacar et gagne sur Champs-Elys\u00e9es | Vie Associative\" \/>\n<meta property=\"og:description\" content=\"Wout Van Aert a pr\u00e9valu sur les Champs-\u00c9lys\u00e9es lors de la derni\u00e8re \u00e9tape du Tour de France 2025. Apr\u00e8s le vainqueur belge, Tadej Pogacar, qui\" \/>\n<meta property=\"og:url\" content=\"https:\/\/vieassociative.be\/actualites\/barker-wout-van-aert-depend-du-vainqueur-du-tour-end-tadej-pogacar-et-gagne-sur-champs-elysees\/\" \/>\n<meta property=\"og:site_name\" content=\"Vie Associative\" \/>\n<meta property=\"article:published_time\" content=\"2025-07-27T20:17:32+00:00\" \/>\n<meta property=\"og:image\" content=\"https:\/\/vieassociative.be\/actualites\/wp-content\/uploads\/2024\/09\/header_backgroundk-01-e1726694325946.png\" \/>\n\t<meta property=\"og:image:width\" content=\"279\" \/>\n\t<meta property=\"og:image:height\" content=\"92\" \/>\n\t<meta property=\"og:image:type\" content=\"image\/png\" \/>\n<meta name=\"author\" content=\"Julien\" \/>\n<meta name=\"twitter:card\" content=\"summary_large_image\" \/>\n<meta name=\"twitter:label1\" content=\"\u00c9crit par\" \/>\n\t<meta name=\"twitter:data1\" content=\"Julien\" \/>\n\t<meta name=\"twitter:label2\" content=\"Dur\u00e9e de lecture est.\" \/>\n\t<meta name=\"twitter:data2\" content=\"3 minutes\" \/>\n<script type=\"application\/ld+json\" class=\"yoast-schema-graph\">{\"@context\":\"https:\/\/schema.org\",\"@graph\":[{\"@type\":\"Article\",\"@id\":\"https:\/\/vieassociative.be\/actualites\/barker-wout-van-aert-depend-du-vainqueur-du-tour-end-tadej-pogacar-et-gagne-sur-champs-elysees\/#article\",\"isPartOf\":{\"@id\":\"https:\/\/vieassociative.be\/actualites\/barker-wout-van-aert-depend-du-vainqueur-du-tour-end-tadej-pogacar-et-gagne-sur-champs-elysees\/\"},\"author\":{\"name\":\"Julien\",\"@id\":\"https:\/\/vieassociative.be\/actualites\/#\/schema\/person\/b87ac4f82f9d4e7b7cec7395b679edc4\"},\"headline\":\"Barker Wout Van Aert d\u00e9pend du vainqueur du Tour End Tadej Pogacar et gagne sur Champs-Elys\u00e9es\",\"datePublished\":\"2025-07-27T20:17:32+00:00\",\"dateModified\":\"2025-07-27T20:17:32+00:00\",\"mainEntityOfPage\":{\"@id\":\"https:\/\/vieassociative.be\/actualites\/barker-wout-van-aert-depend-du-vainqueur-du-tour-end-tadej-pogacar-et-gagne-sur-champs-elysees\/\"},\"wordCount\":542,\"publisher\":{\"@id\":\"https:\/\/vieassociative.be\/actualites\/#organization\"},\"image\":{\"@id\":\"https:\/\/vieassociative.be\/actualites\/barker-wout-van-aert-depend-du-vainqueur-du-tour-end-tadej-pogacar-et-gagne-sur-champs-elysees\/#primaryimage\"},\"thumbnailUrl\":\"https:\/\/vieassociative.be\/actualites\/wp-content\/uploads\/2025\/07\/1753647453_Barker-Wout-Van-Aert-depend-du-vainqueur-du-Tour-End.jpg\",\"keywords\":[\"aert\",\"Barker\",\"ChampsElys\u00e9es\",\"d\u00e9pend\",\"gagn\u00e9\",\"Pogacar\",\"sur\",\"Tadej\",\"Tour\",\"vainqueur\",\"Van\",\"wout\"],\"articleSection\":[\"Belgique\"],\"inLanguage\":\"fr-BE\"},{\"@type\":\"WebPage\",\"@id\":\"https:\/\/vieassociative.be\/actualites\/barker-wout-van-aert-depend-du-vainqueur-du-tour-end-tadej-pogacar-et-gagne-sur-champs-elysees\/\",\"url\":\"https:\/\/vieassociative.be\/actualites\/barker-wout-van-aert-depend-du-vainqueur-du-tour-end-tadej-pogacar-et-gagne-sur-champs-elysees\/\",\"name\":\"Barker Wout Van Aert d\u00e9pend du vainqueur du Tour End Tadej Pogacar et gagne sur Champs-Elys\u00e9es | Vie Associative\",\"isPartOf\":{\"@id\":\"https:\/\/vieassociative.be\/actualites\/#website\"},\"primaryImageOfPage\":{\"@id\":\"https:\/\/vieassociative.be\/actualites\/barker-wout-van-aert-depend-du-vainqueur-du-tour-end-tadej-pogacar-et-gagne-sur-champs-elysees\/#primaryimage\"},\"image\":{\"@id\":\"https:\/\/vieassociative.be\/actualites\/barker-wout-van-aert-depend-du-vainqueur-du-tour-end-tadej-pogacar-et-gagne-sur-champs-elysees\/#primaryimage\"},\"thumbnailUrl\":\"https:\/\/vieassociative.be\/actualites\/wp-content\/uploads\/2025\/07\/1753647453_Barker-Wout-Van-Aert-depend-du-vainqueur-du-Tour-End.jpg\",\"datePublished\":\"2025-07-27T20:17:32+00:00\",\"dateModified\":\"2025-07-27T20:17:32+00:00\",\"breadcrumb\":{\"@id\":\"https:\/\/vieassociative.be\/actualites\/barker-wout-van-aert-depend-du-vainqueur-du-tour-end-tadej-pogacar-et-gagne-sur-champs-elysees\/#breadcrumb\"},\"inLanguage\":\"fr-BE\",\"potentialAction\":[{\"@type\":\"ReadAction\",\"target\":[\"https:\/\/vieassociative.be\/actualites\/barker-wout-van-aert-depend-du-vainqueur-du-tour-end-tadej-pogacar-et-gagne-sur-champs-elysees\/\"]}]},{\"@type\":\"ImageObject\",\"inLanguage\":\"fr-BE\",\"@id\":\"https:\/\/vieassociative.be\/actualites\/barker-wout-van-aert-depend-du-vainqueur-du-tour-end-tadej-pogacar-et-gagne-sur-champs-elysees\/#primaryimage\",\"url\":\"https:\/\/vieassociative.be\/actualites\/wp-content\/uploads\/2025\/07\/1753647453_Barker-Wout-Van-Aert-depend-du-vainqueur-du-Tour-End.jpg\",\"contentUrl\":\"https:\/\/vieassociative.be\/actualites\/wp-content\/uploads\/2025\/07\/1753647453_Barker-Wout-Van-Aert-depend-du-vainqueur-du-Tour-End.jpg\",\"width\":1200,\"height\":800,\"caption\":\"Barker Wout Van Aert d\u00e9pend du vainqueur du Tour End Tadej Pogacar et gagne sur Champs-Elys\u00e9es\"},{\"@type\":\"BreadcrumbList\",\"@id\":\"https:\/\/vieassociative.be\/actualites\/barker-wout-van-aert-depend-du-vainqueur-du-tour-end-tadej-pogacar-et-gagne-sur-champs-elysees\/#breadcrumb\",\"itemListElement\":[{\"@type\":\"ListItem\",\"position\":1,\"name\":\"Accueil\",\"item\":\"https:\/\/vieassociative.be\/actualites\/\"},{\"@type\":\"ListItem\",\"position\":2,\"name\":\"Barker Wout Van Aert d\u00e9pend du vainqueur du Tour End Tadej Pogacar et gagne sur Champs-Elys\u00e9es\"}]},{\"@type\":\"WebSite\",\"@id\":\"https:\/\/vieassociative.be\/actualites\/#website\",\"url\":\"https:\/\/vieassociative.be\/actualites\/\",\"name\":\"Vie Associative\",\"description\":\"\",\"publisher\":{\"@id\":\"https:\/\/vieassociative.be\/actualites\/#organization\"},\"potentialAction\":[{\"@type\":\"SearchAction\",\"target\":{\"@type\":\"EntryPoint\",\"urlTemplate\":\"https:\/\/vieassociative.be\/actualites\/?s={search_term_string}\"},\"query-input\":{\"@type\":\"PropertyValueSpecification\",\"valueRequired\":true,\"valueName\":\"search_term_string\"}}],\"inLanguage\":\"fr-BE\"},{\"@type\":\"Organization\",\"@id\":\"https:\/\/vieassociative.be\/actualites\/#organization\",\"name\":\"Vie Associative\",\"url\":\"https:\/\/vieassociative.be\/actualites\/\",\"logo\":{\"@type\":\"ImageObject\",\"inLanguage\":\"fr-BE\",\"@id\":\"https:\/\/vieassociative.be\/actualites\/#\/schema\/logo\/image\/\",\"url\":\"https:\/\/vieassociative.be\/actualites\/wp-content\/uploads\/2024\/09\/cropped-vieassociative_favicon.ico.png\",\"contentUrl\":\"https:\/\/vieassociative.be\/actualites\/wp-content\/uploads\/2024\/09\/cropped-vieassociative_favicon.ico.png\",\"width\":512,\"height\":512,\"caption\":\"Vie Associative\"},\"image\":{\"@id\":\"https:\/\/vieassociative.be\/actualites\/#\/schema\/logo\/image\/\"}},{\"@type\":\"Person\",\"@id\":\"https:\/\/vieassociative.be\/actualites\/#\/schema\/person\/b87ac4f82f9d4e7b7cec7395b679edc4\",\"name\":\"Julien\",\"image\":{\"@type\":\"ImageObject\",\"inLanguage\":\"fr-BE\",\"@id\":\"https:\/\/vieassociative.be\/actualites\/#\/schema\/person\/image\/\",\"url\":\"https:\/\/vieassociative.be\/actualites\/wp-content\/uploads\/2024\/09\/vie-associative-1-150x150.jpg\",\"contentUrl\":\"https:\/\/vieassociative.be\/actualites\/wp-content\/uploads\/2024\/09\/vie-associative-1-150x150.jpg\",\"caption\":\"Julien\"},\"description\":\"Je suis Julien, r\u00e9dacteur pour Vie Associative. Passionn\u00e9 par le monde associatif depuis plus de 10 ans, j'ai \u00e0 c\u0153ur de partager des histoires inspirantes et de mettre en lumi\u00e8re les initiatives locales. Mon objectif est de sensibiliser et d'encourager l'engagement communautaire \u00e0 travers mes articles.\",\"sameAs\":[\"https:\/\/vieassociative.be\/\"]}]}<\/script>\n<!-- \/ Yoast SEO plugin. -->","yoast_head_json":{"title":"Barker Wout Van Aert d\u00e9pend du vainqueur du Tour End Tadej Pogacar et gagne sur Champs-Elys\u00e9es | Vie Associative","robots":{"index":"index","follow":"follow","max-snippet":"max-snippet:-1","max-image-preview":"max-image-preview:large","max-video-preview":"max-video-preview:-1"},"canonical":"https:\/\/vieassociative.be\/actualites\/barker-wout-van-aert-depend-du-vainqueur-du-tour-end-tadej-pogacar-et-gagne-sur-champs-elysees\/","og_locale":"fr_FR","og_type":"article","og_title":"Barker Wout Van Aert d\u00e9pend du vainqueur du Tour End Tadej Pogacar et gagne sur Champs-Elys\u00e9es | Vie Associative","og_description":"Wout Van Aert a pr\u00e9valu sur les Champs-\u00c9lys\u00e9es lors de la derni\u00e8re \u00e9tape du Tour de France 2025. Apr\u00e8s le vainqueur belge, Tadej Pogacar, qui","og_url":"https:\/\/vieassociative.be\/actualites\/barker-wout-van-aert-depend-du-vainqueur-du-tour-end-tadej-pogacar-et-gagne-sur-champs-elysees\/","og_site_name":"Vie Associative","article_published_time":"2025-07-27T20:17:32+00:00","og_image":[{"width":279,"height":92,"url":"https:\/\/vieassociative.be\/actualites\/wp-content\/uploads\/2024\/09\/header_backgroundk-01-e1726694325946.png","type":"image\/png"}],"author":"Julien","twitter_card":"summary_large_image","twitter_misc":{"\u00c9crit par":"Julien","Dur\u00e9e de lecture est.":"3 minutes"},"schema":{"@context":"https:\/\/schema.org","@graph":[{"@type":"Article","@id":"https:\/\/vieassociative.be\/actualites\/barker-wout-van-aert-depend-du-vainqueur-du-tour-end-tadej-pogacar-et-gagne-sur-champs-elysees\/#article","isPartOf":{"@id":"https:\/\/vieassociative.be\/actualites\/barker-wout-van-aert-depend-du-vainqueur-du-tour-end-tadej-pogacar-et-gagne-sur-champs-elysees\/"},"author":{"name":"Julien","@id":"https:\/\/vieassociative.be\/actualites\/#\/schema\/person\/b87ac4f82f9d4e7b7cec7395b679edc4"},"headline":"Barker Wout Van Aert d\u00e9pend du vainqueur du Tour End Tadej Pogacar et gagne sur Champs-Elys\u00e9es","datePublished":"2025-07-27T20:17:32+00:00","dateModified":"2025-07-27T20:17:32+00:00","mainEntityOfPage":{"@id":"https:\/\/vieassociative.be\/actualites\/barker-wout-van-aert-depend-du-vainqueur-du-tour-end-tadej-pogacar-et-gagne-sur-champs-elysees\/"},"wordCount":542,"publisher":{"@id":"https:\/\/vieassociative.be\/actualites\/#organization"},"image":{"@id":"https:\/\/vieassociative.be\/actualites\/barker-wout-van-aert-depend-du-vainqueur-du-tour-end-tadej-pogacar-et-gagne-sur-champs-elysees\/#primaryimage"},"thumbnailUrl":"https:\/\/vieassociative.be\/actualites\/wp-content\/uploads\/2025\/07\/1753647453_Barker-Wout-Van-Aert-depend-du-vainqueur-du-Tour-End.jpg","keywords":["aert","Barker","ChampsElys\u00e9es","d\u00e9pend","gagn\u00e9","Pogacar","sur","Tadej","Tour","vainqueur","Van","wout"],"articleSection":["Belgique"],"inLanguage":"fr-BE"},{"@type":"WebPage","@id":"https:\/\/vieassociative.be\/actualites\/barker-wout-van-aert-depend-du-vainqueur-du-tour-end-tadej-pogacar-et-gagne-sur-champs-elysees\/","url":"https:\/\/vieassociative.be\/actualites\/barker-wout-van-aert-depend-du-vainqueur-du-tour-end-tadej-pogacar-et-gagne-sur-champs-elysees\/","name":"Barker Wout Van Aert d\u00e9pend du vainqueur du Tour End Tadej Pogacar et gagne sur Champs-Elys\u00e9es | Vie Associative","isPartOf":{"@id":"https:\/\/vieassociative.be\/actualites\/#website"},"primaryImageOfPage":{"@id":"https:\/\/vieassociative.be\/actualites\/barker-wout-van-aert-depend-du-vainqueur-du-tour-end-tadej-pogacar-et-gagne-sur-champs-elysees\/#primaryimage"},"image":{"@id":"https:\/\/vieassociative.be\/actualites\/barker-wout-van-aert-depend-du-vainqueur-du-tour-end-tadej-pogacar-et-gagne-sur-champs-elysees\/#primaryimage"},"thumbnailUrl":"https:\/\/vieassociative.be\/actualites\/wp-content\/uploads\/2025\/07\/1753647453_Barker-Wout-Van-Aert-depend-du-vainqueur-du-Tour-End.jpg","datePublished":"2025-07-27T20:17:32+00:00","dateModified":"2025-07-27T20:17:32+00:00","breadcrumb":{"@id":"https:\/\/vieassociative.be\/actualites\/barker-wout-van-aert-depend-du-vainqueur-du-tour-end-tadej-pogacar-et-gagne-sur-champs-elysees\/#breadcrumb"},"inLanguage":"fr-BE","potentialAction":[{"@type":"ReadAction","target":["https:\/\/vieassociative.be\/actualites\/barker-wout-van-aert-depend-du-vainqueur-du-tour-end-tadej-pogacar-et-gagne-sur-champs-elysees\/"]}]},{"@type":"ImageObject","inLanguage":"fr-BE","@id":"https:\/\/vieassociative.be\/actualites\/barker-wout-van-aert-depend-du-vainqueur-du-tour-end-tadej-pogacar-et-gagne-sur-champs-elysees\/#primaryimage","url":"https:\/\/vieassociative.be\/actualites\/wp-content\/uploads\/2025\/07\/1753647453_Barker-Wout-Van-Aert-depend-du-vainqueur-du-Tour-End.jpg","contentUrl":"https:\/\/vieassociative.be\/actualites\/wp-content\/uploads\/2025\/07\/1753647453_Barker-Wout-Van-Aert-depend-du-vainqueur-du-Tour-End.jpg","width":1200,"height":800,"caption":"Barker Wout Van Aert d\u00e9pend du vainqueur du Tour End Tadej Pogacar et gagne sur Champs-Elys\u00e9es"},{"@type":"BreadcrumbList","@id":"https:\/\/vieassociative.be\/actualites\/barker-wout-van-aert-depend-du-vainqueur-du-tour-end-tadej-pogacar-et-gagne-sur-champs-elysees\/#breadcrumb","itemListElement":[{"@type":"ListItem","position":1,"name":"Accueil","item":"https:\/\/vieassociative.be\/actualites\/"},{"@type":"ListItem","position":2,"name":"Barker Wout Van Aert d\u00e9pend du vainqueur du Tour End Tadej Pogacar et gagne sur Champs-Elys\u00e9es"}]},{"@type":"WebSite","@id":"https:\/\/vieassociative.be\/actualites\/#website","url":"https:\/\/vieassociative.be\/actualites\/","name":"Vie Associative","description":"","publisher":{"@id":"https:\/\/vieassociative.be\/actualites\/#organization"},"potentialAction":[{"@type":"SearchAction","target":{"@type":"EntryPoint","urlTemplate":"https:\/\/vieassociative.be\/actualites\/?s={search_term_string}"},"query-input":{"@type":"PropertyValueSpecification","valueRequired":true,"valueName":"search_term_string"}}],"inLanguage":"fr-BE"},{"@type":"Organization","@id":"https:\/\/vieassociative.be\/actualites\/#organization","name":"Vie Associative","url":"https:\/\/vieassociative.be\/actualites\/","logo":{"@type":"ImageObject","inLanguage":"fr-BE","@id":"https:\/\/vieassociative.be\/actualites\/#\/schema\/logo\/image\/","url":"https:\/\/vieassociative.be\/actualites\/wp-content\/uploads\/2024\/09\/cropped-vieassociative_favicon.ico.png","contentUrl":"https:\/\/vieassociative.be\/actualites\/wp-content\/uploads\/2024\/09\/cropped-vieassociative_favicon.ico.png","width":512,"height":512,"caption":"Vie Associative"},"image":{"@id":"https:\/\/vieassociative.be\/actualites\/#\/schema\/logo\/image\/"}},{"@type":"Person","@id":"https:\/\/vieassociative.be\/actualites\/#\/schema\/person\/b87ac4f82f9d4e7b7cec7395b679edc4","name":"Julien","image":{"@type":"ImageObject","inLanguage":"fr-BE","@id":"https:\/\/vieassociative.be\/actualites\/#\/schema\/person\/image\/","url":"https:\/\/vieassociative.be\/actualites\/wp-content\/uploads\/2024\/09\/vie-associative-1-150x150.jpg","contentUrl":"https:\/\/vieassociative.be\/actualites\/wp-content\/uploads\/2024\/09\/vie-associative-1-150x150.jpg","caption":"Julien"},"description":"Je suis Julien, r\u00e9dacteur pour Vie Associative. Passionn\u00e9 par le monde associatif depuis plus de 10 ans, j'ai \u00e0 c\u0153ur de partager des histoires inspirantes et de mettre en lumi\u00e8re les initiatives locales. Mon objectif est de sensibiliser et d'encourager l'engagement communautaire \u00e0 travers mes articles.","sameAs":["https:\/\/vieassociative.be\/"]}]}},"_links":{"self":[{"href":"https:\/\/vieassociative.be\/actualites\/wp-json\/wp\/v2\/posts\/9046"}],"collection":[{"href":"https:\/\/vieassociative.be\/actualites\/wp-json\/wp\/v2\/posts"}],"about":[{"href":"https:\/\/vieassociative.be\/actualites\/wp-json\/wp\/v2\/types\/post"}],"author":[{"embeddable":true,"href":"https:\/\/vieassociative.be\/actualites\/wp-json\/wp\/v2\/users\/1"}],"replies":[{"embeddable":true,"href":"https:\/\/vieassociative.be\/actualites\/wp-json\/wp\/v2\/comments?post=9046"}],"version-history":[{"count":0,"href":"https:\/\/vieassociative.be\/actualites\/wp-json\/wp\/v2\/posts\/9046\/revisions"}],"wp:featuredmedia":[{"embeddable":true,"href":"https:\/\/vieassociative.be\/actualites\/wp-json\/wp\/v2\/media\/9047"}],"wp:attachment":[{"href":"https:\/\/vieassociative.be\/actualites\/wp-json\/wp\/v2\/media?parent=9046"}],"wp:term":[{"taxonomy":"category","embeddable":true,"href":"https:\/\/vieassociative.be\/actualites\/wp-json\/wp\/v2\/categories?post=9046"},{"taxonomy":"post_tag","embeddable":true,"href":"https:\/\/vieassociative.be\/actualites\/wp-json\/wp\/v2\/tags?post=9046"}],"curies":[{"name":"wp","href":"https:\/\/api.w.org\/{rel}","templated":true}]}}