{"id":9044,"date":"2025-07-27T21:17:40","date_gmt":"2025-07-27T19:17:40","guid":{"rendered":"https:\/\/vieassociative.be\/actualites\/mon-projecteur-portable-prefere-est-de-170-de-reduction-en-ce-moment\/"},"modified":"2025-07-27T21:17:40","modified_gmt":"2025-07-27T19:17:40","slug":"mon-projecteur-portable-prefere-est-de-170-de-reduction-en-ce-moment","status":"publish","type":"post","link":"https:\/\/vieassociative.be\/actualites\/mon-projecteur-portable-prefere-est-de-170-de-reduction-en-ce-moment\/","title":{"rendered":"Mon projecteur portable pr\u00e9f\u00e9r\u00e9 est de 170 $ de r\u00e9duction en ce moment"},"content":{"rendered":"<div class=\"mt-4 leading-6 md:mb-8\">De plus, il est livr\u00e9 avec un bo\u00eetier de transport et un stand pour le soutenir.<\/div>\n<p><\/p>\n<p>J&rsquo;ai test\u00e9 des projecteurs portables pour un tas de cas d&rsquo;utilisation diff\u00e9rents, mais peu, voire pas, sont approch\u00e9s du package complet offert par le Xgimi Mogo 3 Pro. C&rsquo;est mon pr\u00e9f\u00e9r\u00e9 du lot, et en ce moment, vous pouvez obtenir un bon paquet du projecteur PORTABLE XGIMI MOGO 3 PRO avec le stand Powerbase (dont vous avez honn\u00eatement besoin) et un \u00e9tui de transport pour <strong>399 $, <\/strong>En baisse de 569,98 $. Si vous n&rsquo;avez pas de projecteur d&rsquo;\u00e9cran, vous pouvez en obtenir un au lieu du cas de transport pour seulement 69 $ de plus. Quel que soit votre choix, vous obtiendrez un prix \u00e0 bas prix, selon les outils de suivi des prix.<\/p>\n<div class=\"pogoClear mb-12 mt-10 rounded-md border-2 border-gray-100 py-7 shadow-xl md:py-6\">\n<div class=\"flex flex-wrap justify-between px-7 text-black no-underline md:flex-nowrap md:px-8\">\n<div class=\"order-1 mx-auto flex flex-col justify-center md:order-2 md:ml-4 md:w-full md:grow\">\n<div class=\"block cursor-pointer text-center font-akshar text-2xl font-medium leading-7 text-brand-green duration-200 ease-in-out hover:text-brand-green-700 md:text-left md:text-xl md:leading-6\">Xgimi Mogo 3 Pro\n                <\/div>\n<div class=\"mt-4 hidden md:flex md:justify-between\">\n<div class=\"self-end\">\n<div class=\"mb-0 h-11 md:flex md:flex-col md:justify-center\">\n<div class=\" font-sans leading-4 text-black\">\n<div class=\"flex flex-wrap items-center justify-center gap-1 md:justify-start\">\n        <span class=\"font-bold\"><\/p>\n<p>            399,00 $<br \/>\n                            <span class=\"font-medium\">\u00e0 Amazon<\/span><br \/>\n                    <\/span>\n            <\/div>\n<div class=\"flex items-center justify-center gap-x-1 font-bold md:justify-start\">\n            <span class=\"text-sm line-through\">569,98 $<\/span><br \/>\n            <span class=\"text-sm text-brand-green\">\u00c9conomisez 170,98 $<\/span>\n        <\/div>\n<\/p><\/div>\n<\/p><\/div>\n<\/p><\/div>\n<div class=\"w-44 self-end\">\n                            <button class=\"flex justify-center items-center w-full bg-brand-green text-white text-base font-sans font-medium rounded-md hover:bg-brand-green-700 hover:cursor-pointer md:text-sm h-11\"><\/p>\n<p>    Conclure un accord<br \/>\n<\/button>\n                        <\/div>\n<\/p><\/div>\n<\/p><\/div>\n<div class=\"order-2 mt-5 h-auto w-full md:order-1 md:mt-0 md:hidden\">\n<div class=\"flex aspect-video items-center justify-center\">\n                                            <img decoding=\"async\" class=\"m-0 max-h-full max-w-full rounded-md\" src=\"https:\/\/vieassociative.be\/actualites\/wp-content\/uploads\/2025\/07\/Mon-projecteur-portable-prefere-est-de-170-de-reduction.jpg\" alt=\"Xgimi Mogo 3 Pro\" width=\"auto\" height=\"auto\" loading=\"lazy\">\n                                    <\/div>\n<\/p><\/div>\n<div class=\"order-2 ml-2 hidden w-32 shrink-0 items-center md:order-1 md:ml-0 md:flex\">\n<div class=\"flex aspect-video items-center justify-center\">\n                                            <img decoding=\"async\" class=\"m-0 max-h-full max-w-full rounded-md\" src=\"https:\/\/vieassociative.be\/actualites\/wp-content\/uploads\/2025\/07\/Mon-projecteur-portable-prefere-est-de-170-de-reduction.jpg\" alt=\"Xgimi Mogo 3 Pro\" width=\"auto\" height=\"auto\" loading=\"lazy\">\n                                    <\/div>\n<\/p><\/div>\n<div class=\"order-3 flex grow flex-wrap md:hidden md:grow-0\">\n<div class=\"mt-4 w-full\">\n                        <button class=\"flex justify-center items-center w-full bg-brand-green text-white text-base font-sans font-medium rounded-md hover:bg-brand-green-700 hover:cursor-pointer md:text-sm h-11\"><\/p>\n<p>    Conclure un accord<br \/>\n<\/button>\n                    <\/div>\n<div class=\"mx-2 mt-4 w-full\">\n<div class=\" font-sans leading-4 text-black\">\n<div class=\"flex flex-wrap items-center justify-center gap-1 md:justify-start\">\n        <span class=\"font-bold\"><\/p>\n<p>            399,00 $<br \/>\n                            <span class=\"font-medium\">\u00e0 Amazon<\/span><br \/>\n                    <\/span>\n            <\/div>\n<div class=\"flex items-center justify-center gap-x-1 font-bold md:justify-start\">\n            <span class=\"text-sm line-through\">569,98 $<\/span><br \/>\n            <span class=\"text-sm text-brand-green\">\u00c9conomisez 170,98 $<\/span>\n        <\/div>\n<\/p><\/div>\n<\/p><\/div>\n<\/p><\/div>\n<\/p><\/div>\n<\/div>\n<p>Le projecteur dispose de deux ports &#8211; un USB et un micro HDMI &#8211; vous pouvez donc projeter \u00e0 partir d&rsquo;un ordinateur portable ou d&rsquo;un t\u00e9l\u00e9phone, ou vous pouvez simplement d\u00e9pister le miroir \u00e0 partir de vos appareils, car il utilise le syst\u00e8me d&rsquo;exploitation Google TV. De plus, comme le projecteur est \u00ab\u00a0intelligent\u00a0\u00bb, il est d\u00e9j\u00e0 livr\u00e9 avec les applications typiques comme Netflix, YouTube, Amazon, et vous pouvez t\u00e9l\u00e9charger plus sur le Google Play Store. Avec 450 lumens et 1080p, il est mieux utilis\u00e9 dans les pi\u00e8ces sombres, mais vous pouvez vous en sortir avec une lumi\u00e8re ambiante (c&rsquo;est comme \u00e7a que je l&rsquo;utilise dans mon arri\u00e8re-cour).<\/p>\n<p>O\u00f9 ce projecteur brille vraiment avec la fonction de mise au point Auto Keystone. Si vous le d\u00e9placez n&rsquo;importe o\u00f9, il sera correctement corrig\u00e9 de faire en sorte que l&rsquo;image soit la meilleure, peu importe o\u00f9 vous la configurez. Il est tr\u00e8s convivial et fait pour \u00eatre d\u00e9plac\u00e9. Il est \u00e9galement livr\u00e9 avec un puissant haut-parleur Harman Kardon 5W, qui se produit \u00e0 peu pr\u00e8s avec un point d&rsquo;\u00e9cho.<\/p>\n<p>Une mise en garde: ce projecteur n&rsquo;a pas de batterie interne, qui est une \u00e9norme d\u00e9ception. Vous devez utiliser un chargeur portable, le brancher sur une prise ou, si vous l&rsquo;obtenez avec le support Powerbase, ce que je recommande vivement, il offrira 2,5 heures de dur\u00e9e de vie de la batterie et le rendra vraiment portable. Si vous pr\u00e9voyez de l&rsquo;utiliser principalement \u00e0 l&rsquo;int\u00e9rieur, vous pouvez compter sur le brancher sur un mur et opter pour le projecteur pour <strong>337 $<\/strong> pour \u00e9conomiser de l&rsquo;argent.<\/p>\n","protected":false},"excerpt":{"rendered":"<p>De plus, il est livr\u00e9 avec un bo\u00eetier de transport et un stand pour le soutenir. J&rsquo;ai test\u00e9 des projecteurs portables pour un tas de<\/p>\n","protected":false},"author":1,"featured_media":9045,"comment_status":"","ping_status":"","sticky":false,"template":"","format":"standard","meta":{"footnotes":""},"categories":[13],"tags":[76,1429,49,170,1561,1560,308],"class_list":["post-9044","post","type-post","status-publish","format-standard","has-post-thumbnail","hentry","category-technologie","tag-est","tag-moment","tag-mon","tag-portable","tag-prefere","tag-projecteur","tag-reduction","generate-columns","tablet-grid-50","mobile-grid-100","grid-parent","grid-33"],"yoast_head":"<!-- This site is optimized with the Yoast SEO plugin v24.0 - https:\/\/yoast.com\/wordpress\/plugins\/seo\/ -->\n<title>Mon projecteur portable pr\u00e9f\u00e9r\u00e9 est de 170 $ de r\u00e9duction en ce moment | Vie Associative<\/title>\n<meta name=\"robots\" content=\"index, follow, max-snippet:-1, max-image-preview:large, max-video-preview:-1\" \/>\n<link rel=\"canonical\" href=\"https:\/\/vieassociative.be\/actualites\/mon-projecteur-portable-prefere-est-de-170-de-reduction-en-ce-moment\/\" \/>\n<meta property=\"og:locale\" content=\"fr_FR\" \/>\n<meta property=\"og:type\" content=\"article\" \/>\n<meta property=\"og:title\" content=\"Mon projecteur portable pr\u00e9f\u00e9r\u00e9 est de 170 $ de r\u00e9duction en ce moment | Vie Associative\" \/>\n<meta property=\"og:description\" content=\"De plus, il est livr\u00e9 avec un bo\u00eetier de transport et un stand pour le soutenir. J&rsquo;ai test\u00e9 des projecteurs portables pour un tas de\" \/>\n<meta property=\"og:url\" content=\"https:\/\/vieassociative.be\/actualites\/mon-projecteur-portable-prefere-est-de-170-de-reduction-en-ce-moment\/\" \/>\n<meta property=\"og:site_name\" content=\"Vie Associative\" \/>\n<meta property=\"article:published_time\" content=\"2025-07-27T19:17:40+00:00\" \/>\n<meta property=\"og:image\" content=\"https:\/\/vieassociative.be\/actualites\/wp-content\/uploads\/2025\/07\/Mon-projecteur-portable-prefere-est-de-170-de-reduction.jpg\" \/>\n<meta name=\"author\" content=\"Julien\" \/>\n<meta name=\"twitter:card\" content=\"summary_large_image\" \/>\n<meta name=\"twitter:label1\" content=\"\u00c9crit par\" \/>\n\t<meta name=\"twitter:data1\" content=\"Julien\" \/>\n\t<meta name=\"twitter:label2\" content=\"Dur\u00e9e de lecture est.\" \/>\n\t<meta name=\"twitter:data2\" content=\"2 minutes\" \/>\n<script type=\"application\/ld+json\" class=\"yoast-schema-graph\">{\"@context\":\"https:\/\/schema.org\",\"@graph\":[{\"@type\":\"Article\",\"@id\":\"https:\/\/vieassociative.be\/actualites\/mon-projecteur-portable-prefere-est-de-170-de-reduction-en-ce-moment\/#article\",\"isPartOf\":{\"@id\":\"https:\/\/vieassociative.be\/actualites\/mon-projecteur-portable-prefere-est-de-170-de-reduction-en-ce-moment\/\"},\"author\":{\"name\":\"Julien\",\"@id\":\"https:\/\/vieassociative.be\/actualites\/#\/schema\/person\/b87ac4f82f9d4e7b7cec7395b679edc4\"},\"headline\":\"Mon projecteur portable pr\u00e9f\u00e9r\u00e9 est de 170 $ de r\u00e9duction en ce moment\",\"datePublished\":\"2025-07-27T19:17:40+00:00\",\"dateModified\":\"2025-07-27T19:17:40+00:00\",\"mainEntityOfPage\":{\"@id\":\"https:\/\/vieassociative.be\/actualites\/mon-projecteur-portable-prefere-est-de-170-de-reduction-en-ce-moment\/\"},\"wordCount\":444,\"publisher\":{\"@id\":\"https:\/\/vieassociative.be\/actualites\/#organization\"},\"image\":{\"@id\":\"https:\/\/vieassociative.be\/actualites\/mon-projecteur-portable-prefere-est-de-170-de-reduction-en-ce-moment\/#primaryimage\"},\"thumbnailUrl\":\"https:\/\/vieassociative.be\/actualites\/wp-content\/uploads\/2025\/07\/1753643861_Mon-projecteur-portable-prefere-est-de-170-de-reduction.jpg\",\"keywords\":[\"est\",\"moment\",\"Mon\",\"portable\",\"pr\u00e9f\u00e9r\u00e9\",\"projecteur\",\"r\u00e9duction\"],\"articleSection\":[\"Technologie\"],\"inLanguage\":\"fr-BE\"},{\"@type\":\"WebPage\",\"@id\":\"https:\/\/vieassociative.be\/actualites\/mon-projecteur-portable-prefere-est-de-170-de-reduction-en-ce-moment\/\",\"url\":\"https:\/\/vieassociative.be\/actualites\/mon-projecteur-portable-prefere-est-de-170-de-reduction-en-ce-moment\/\",\"name\":\"Mon projecteur portable pr\u00e9f\u00e9r\u00e9 est de 170 $ de r\u00e9duction en ce moment | Vie Associative\",\"isPartOf\":{\"@id\":\"https:\/\/vieassociative.be\/actualites\/#website\"},\"primaryImageOfPage\":{\"@id\":\"https:\/\/vieassociative.be\/actualites\/mon-projecteur-portable-prefere-est-de-170-de-reduction-en-ce-moment\/#primaryimage\"},\"image\":{\"@id\":\"https:\/\/vieassociative.be\/actualites\/mon-projecteur-portable-prefere-est-de-170-de-reduction-en-ce-moment\/#primaryimage\"},\"thumbnailUrl\":\"https:\/\/vieassociative.be\/actualites\/wp-content\/uploads\/2025\/07\/1753643861_Mon-projecteur-portable-prefere-est-de-170-de-reduction.jpg\",\"datePublished\":\"2025-07-27T19:17:40+00:00\",\"dateModified\":\"2025-07-27T19:17:40+00:00\",\"breadcrumb\":{\"@id\":\"https:\/\/vieassociative.be\/actualites\/mon-projecteur-portable-prefere-est-de-170-de-reduction-en-ce-moment\/#breadcrumb\"},\"inLanguage\":\"fr-BE\",\"potentialAction\":[{\"@type\":\"ReadAction\",\"target\":[\"https:\/\/vieassociative.be\/actualites\/mon-projecteur-portable-prefere-est-de-170-de-reduction-en-ce-moment\/\"]}]},{\"@type\":\"ImageObject\",\"inLanguage\":\"fr-BE\",\"@id\":\"https:\/\/vieassociative.be\/actualites\/mon-projecteur-portable-prefere-est-de-170-de-reduction-en-ce-moment\/#primaryimage\",\"url\":\"https:\/\/vieassociative.be\/actualites\/wp-content\/uploads\/2025\/07\/1753643861_Mon-projecteur-portable-prefere-est-de-170-de-reduction.jpg\",\"contentUrl\":\"https:\/\/vieassociative.be\/actualites\/wp-content\/uploads\/2025\/07\/1753643861_Mon-projecteur-portable-prefere-est-de-170-de-reduction.jpg\",\"width\":1200,\"height\":675,\"caption\":\"Mon projecteur portable pr\u00e9f\u00e9r\u00e9 est de 170 $ de r\u00e9duction en ce moment\"},{\"@type\":\"BreadcrumbList\",\"@id\":\"https:\/\/vieassociative.be\/actualites\/mon-projecteur-portable-prefere-est-de-170-de-reduction-en-ce-moment\/#breadcrumb\",\"itemListElement\":[{\"@type\":\"ListItem\",\"position\":1,\"name\":\"Accueil\",\"item\":\"https:\/\/vieassociative.be\/actualites\/\"},{\"@type\":\"ListItem\",\"position\":2,\"name\":\"Mon projecteur portable pr\u00e9f\u00e9r\u00e9 est de 170 $ de r\u00e9duction en ce moment\"}]},{\"@type\":\"WebSite\",\"@id\":\"https:\/\/vieassociative.be\/actualites\/#website\",\"url\":\"https:\/\/vieassociative.be\/actualites\/\",\"name\":\"Vie Associative\",\"description\":\"\",\"publisher\":{\"@id\":\"https:\/\/vieassociative.be\/actualites\/#organization\"},\"potentialAction\":[{\"@type\":\"SearchAction\",\"target\":{\"@type\":\"EntryPoint\",\"urlTemplate\":\"https:\/\/vieassociative.be\/actualites\/?s={search_term_string}\"},\"query-input\":{\"@type\":\"PropertyValueSpecification\",\"valueRequired\":true,\"valueName\":\"search_term_string\"}}],\"inLanguage\":\"fr-BE\"},{\"@type\":\"Organization\",\"@id\":\"https:\/\/vieassociative.be\/actualites\/#organization\",\"name\":\"Vie Associative\",\"url\":\"https:\/\/vieassociative.be\/actualites\/\",\"logo\":{\"@type\":\"ImageObject\",\"inLanguage\":\"fr-BE\",\"@id\":\"https:\/\/vieassociative.be\/actualites\/#\/schema\/logo\/image\/\",\"url\":\"https:\/\/vieassociative.be\/actualites\/wp-content\/uploads\/2024\/09\/cropped-vieassociative_favicon.ico.png\",\"contentUrl\":\"https:\/\/vieassociative.be\/actualites\/wp-content\/uploads\/2024\/09\/cropped-vieassociative_favicon.ico.png\",\"width\":512,\"height\":512,\"caption\":\"Vie Associative\"},\"image\":{\"@id\":\"https:\/\/vieassociative.be\/actualites\/#\/schema\/logo\/image\/\"}},{\"@type\":\"Person\",\"@id\":\"https:\/\/vieassociative.be\/actualites\/#\/schema\/person\/b87ac4f82f9d4e7b7cec7395b679edc4\",\"name\":\"Julien\",\"image\":{\"@type\":\"ImageObject\",\"inLanguage\":\"fr-BE\",\"@id\":\"https:\/\/vieassociative.be\/actualites\/#\/schema\/person\/image\/\",\"url\":\"https:\/\/vieassociative.be\/actualites\/wp-content\/uploads\/2024\/09\/vie-associative-1-150x150.jpg\",\"contentUrl\":\"https:\/\/vieassociative.be\/actualites\/wp-content\/uploads\/2024\/09\/vie-associative-1-150x150.jpg\",\"caption\":\"Julien\"},\"description\":\"Je suis Julien, r\u00e9dacteur pour Vie Associative. Passionn\u00e9 par le monde associatif depuis plus de 10 ans, j'ai \u00e0 c\u0153ur de partager des histoires inspirantes et de mettre en lumi\u00e8re les initiatives locales. Mon objectif est de sensibiliser et d'encourager l'engagement communautaire \u00e0 travers mes articles.\",\"sameAs\":[\"https:\/\/vieassociative.be\/\"]}]}<\/script>\n<!-- \/ Yoast SEO plugin. -->","yoast_head_json":{"title":"Mon projecteur portable pr\u00e9f\u00e9r\u00e9 est de 170 $ de r\u00e9duction en ce moment | Vie Associative","robots":{"index":"index","follow":"follow","max-snippet":"max-snippet:-1","max-image-preview":"max-image-preview:large","max-video-preview":"max-video-preview:-1"},"canonical":"https:\/\/vieassociative.be\/actualites\/mon-projecteur-portable-prefere-est-de-170-de-reduction-en-ce-moment\/","og_locale":"fr_FR","og_type":"article","og_title":"Mon projecteur portable pr\u00e9f\u00e9r\u00e9 est de 170 $ de r\u00e9duction en ce moment | Vie Associative","og_description":"De plus, il est livr\u00e9 avec un bo\u00eetier de transport et un stand pour le soutenir. J&rsquo;ai test\u00e9 des projecteurs portables pour un tas de","og_url":"https:\/\/vieassociative.be\/actualites\/mon-projecteur-portable-prefere-est-de-170-de-reduction-en-ce-moment\/","og_site_name":"Vie Associative","article_published_time":"2025-07-27T19:17:40+00:00","og_image":[{"url":"https:\/\/vieassociative.be\/actualites\/wp-content\/uploads\/2025\/07\/Mon-projecteur-portable-prefere-est-de-170-de-reduction.jpg","type":"","width":"","height":""}],"author":"Julien","twitter_card":"summary_large_image","twitter_misc":{"\u00c9crit par":"Julien","Dur\u00e9e de lecture est.":"2 minutes"},"schema":{"@context":"https:\/\/schema.org","@graph":[{"@type":"Article","@id":"https:\/\/vieassociative.be\/actualites\/mon-projecteur-portable-prefere-est-de-170-de-reduction-en-ce-moment\/#article","isPartOf":{"@id":"https:\/\/vieassociative.be\/actualites\/mon-projecteur-portable-prefere-est-de-170-de-reduction-en-ce-moment\/"},"author":{"name":"Julien","@id":"https:\/\/vieassociative.be\/actualites\/#\/schema\/person\/b87ac4f82f9d4e7b7cec7395b679edc4"},"headline":"Mon projecteur portable pr\u00e9f\u00e9r\u00e9 est de 170 $ de r\u00e9duction en ce moment","datePublished":"2025-07-27T19:17:40+00:00","dateModified":"2025-07-27T19:17:40+00:00","mainEntityOfPage":{"@id":"https:\/\/vieassociative.be\/actualites\/mon-projecteur-portable-prefere-est-de-170-de-reduction-en-ce-moment\/"},"wordCount":444,"publisher":{"@id":"https:\/\/vieassociative.be\/actualites\/#organization"},"image":{"@id":"https:\/\/vieassociative.be\/actualites\/mon-projecteur-portable-prefere-est-de-170-de-reduction-en-ce-moment\/#primaryimage"},"thumbnailUrl":"https:\/\/vieassociative.be\/actualites\/wp-content\/uploads\/2025\/07\/1753643861_Mon-projecteur-portable-prefere-est-de-170-de-reduction.jpg","keywords":["est","moment","Mon","portable","pr\u00e9f\u00e9r\u00e9","projecteur","r\u00e9duction"],"articleSection":["Technologie"],"inLanguage":"fr-BE"},{"@type":"WebPage","@id":"https:\/\/vieassociative.be\/actualites\/mon-projecteur-portable-prefere-est-de-170-de-reduction-en-ce-moment\/","url":"https:\/\/vieassociative.be\/actualites\/mon-projecteur-portable-prefere-est-de-170-de-reduction-en-ce-moment\/","name":"Mon projecteur portable pr\u00e9f\u00e9r\u00e9 est de 170 $ de r\u00e9duction en ce moment | Vie Associative","isPartOf":{"@id":"https:\/\/vieassociative.be\/actualites\/#website"},"primaryImageOfPage":{"@id":"https:\/\/vieassociative.be\/actualites\/mon-projecteur-portable-prefere-est-de-170-de-reduction-en-ce-moment\/#primaryimage"},"image":{"@id":"https:\/\/vieassociative.be\/actualites\/mon-projecteur-portable-prefere-est-de-170-de-reduction-en-ce-moment\/#primaryimage"},"thumbnailUrl":"https:\/\/vieassociative.be\/actualites\/wp-content\/uploads\/2025\/07\/1753643861_Mon-projecteur-portable-prefere-est-de-170-de-reduction.jpg","datePublished":"2025-07-27T19:17:40+00:00","dateModified":"2025-07-27T19:17:40+00:00","breadcrumb":{"@id":"https:\/\/vieassociative.be\/actualites\/mon-projecteur-portable-prefere-est-de-170-de-reduction-en-ce-moment\/#breadcrumb"},"inLanguage":"fr-BE","potentialAction":[{"@type":"ReadAction","target":["https:\/\/vieassociative.be\/actualites\/mon-projecteur-portable-prefere-est-de-170-de-reduction-en-ce-moment\/"]}]},{"@type":"ImageObject","inLanguage":"fr-BE","@id":"https:\/\/vieassociative.be\/actualites\/mon-projecteur-portable-prefere-est-de-170-de-reduction-en-ce-moment\/#primaryimage","url":"https:\/\/vieassociative.be\/actualites\/wp-content\/uploads\/2025\/07\/1753643861_Mon-projecteur-portable-prefere-est-de-170-de-reduction.jpg","contentUrl":"https:\/\/vieassociative.be\/actualites\/wp-content\/uploads\/2025\/07\/1753643861_Mon-projecteur-portable-prefere-est-de-170-de-reduction.jpg","width":1200,"height":675,"caption":"Mon projecteur portable pr\u00e9f\u00e9r\u00e9 est de 170 $ de r\u00e9duction en ce moment"},{"@type":"BreadcrumbList","@id":"https:\/\/vieassociative.be\/actualites\/mon-projecteur-portable-prefere-est-de-170-de-reduction-en-ce-moment\/#breadcrumb","itemListElement":[{"@type":"ListItem","position":1,"name":"Accueil","item":"https:\/\/vieassociative.be\/actualites\/"},{"@type":"ListItem","position":2,"name":"Mon projecteur portable pr\u00e9f\u00e9r\u00e9 est de 170 $ de r\u00e9duction en ce moment"}]},{"@type":"WebSite","@id":"https:\/\/vieassociative.be\/actualites\/#website","url":"https:\/\/vieassociative.be\/actualites\/","name":"Vie Associative","description":"","publisher":{"@id":"https:\/\/vieassociative.be\/actualites\/#organization"},"potentialAction":[{"@type":"SearchAction","target":{"@type":"EntryPoint","urlTemplate":"https:\/\/vieassociative.be\/actualites\/?s={search_term_string}"},"query-input":{"@type":"PropertyValueSpecification","valueRequired":true,"valueName":"search_term_string"}}],"inLanguage":"fr-BE"},{"@type":"Organization","@id":"https:\/\/vieassociative.be\/actualites\/#organization","name":"Vie Associative","url":"https:\/\/vieassociative.be\/actualites\/","logo":{"@type":"ImageObject","inLanguage":"fr-BE","@id":"https:\/\/vieassociative.be\/actualites\/#\/schema\/logo\/image\/","url":"https:\/\/vieassociative.be\/actualites\/wp-content\/uploads\/2024\/09\/cropped-vieassociative_favicon.ico.png","contentUrl":"https:\/\/vieassociative.be\/actualites\/wp-content\/uploads\/2024\/09\/cropped-vieassociative_favicon.ico.png","width":512,"height":512,"caption":"Vie Associative"},"image":{"@id":"https:\/\/vieassociative.be\/actualites\/#\/schema\/logo\/image\/"}},{"@type":"Person","@id":"https:\/\/vieassociative.be\/actualites\/#\/schema\/person\/b87ac4f82f9d4e7b7cec7395b679edc4","name":"Julien","image":{"@type":"ImageObject","inLanguage":"fr-BE","@id":"https:\/\/vieassociative.be\/actualites\/#\/schema\/person\/image\/","url":"https:\/\/vieassociative.be\/actualites\/wp-content\/uploads\/2024\/09\/vie-associative-1-150x150.jpg","contentUrl":"https:\/\/vieassociative.be\/actualites\/wp-content\/uploads\/2024\/09\/vie-associative-1-150x150.jpg","caption":"Julien"},"description":"Je suis Julien, r\u00e9dacteur pour Vie Associative. Passionn\u00e9 par le monde associatif depuis plus de 10 ans, j'ai \u00e0 c\u0153ur de partager des histoires inspirantes et de mettre en lumi\u00e8re les initiatives locales. Mon objectif est de sensibiliser et d'encourager l'engagement communautaire \u00e0 travers mes articles.","sameAs":["https:\/\/vieassociative.be\/"]}]}},"_links":{"self":[{"href":"https:\/\/vieassociative.be\/actualites\/wp-json\/wp\/v2\/posts\/9044"}],"collection":[{"href":"https:\/\/vieassociative.be\/actualites\/wp-json\/wp\/v2\/posts"}],"about":[{"href":"https:\/\/vieassociative.be\/actualites\/wp-json\/wp\/v2\/types\/post"}],"author":[{"embeddable":true,"href":"https:\/\/vieassociative.be\/actualites\/wp-json\/wp\/v2\/users\/1"}],"replies":[{"embeddable":true,"href":"https:\/\/vieassociative.be\/actualites\/wp-json\/wp\/v2\/comments?post=9044"}],"version-history":[{"count":0,"href":"https:\/\/vieassociative.be\/actualites\/wp-json\/wp\/v2\/posts\/9044\/revisions"}],"wp:featuredmedia":[{"embeddable":true,"href":"https:\/\/vieassociative.be\/actualites\/wp-json\/wp\/v2\/media\/9045"}],"wp:attachment":[{"href":"https:\/\/vieassociative.be\/actualites\/wp-json\/wp\/v2\/media?parent=9044"}],"wp:term":[{"taxonomy":"category","embeddable":true,"href":"https:\/\/vieassociative.be\/actualites\/wp-json\/wp\/v2\/categories?post=9044"},{"taxonomy":"post_tag","embeddable":true,"href":"https:\/\/vieassociative.be\/actualites\/wp-json\/wp\/v2\/tags?post=9044"}],"curies":[{"name":"wp","href":"https:\/\/api.w.org\/{rel}","templated":true}]}}