{"id":9040,"date":"2025-07-27T16:21:12","date_gmt":"2025-07-27T14:21:12","guid":{"rendered":"https:\/\/vieassociative.be\/actualites\/la-formule-1-commence-en-belgique-en-raison-de-la-pluie\/"},"modified":"2025-07-27T16:21:12","modified_gmt":"2025-07-27T14:21:12","slug":"la-formule-1-commence-en-belgique-en-raison-de-la-pluie","status":"publish","type":"post","link":"https:\/\/vieassociative.be\/actualites\/la-formule-1-commence-en-belgique-en-raison-de-la-pluie\/","title":{"rendered":"La formule 1 commence en Belgique en raison de la pluie"},"content":{"rendered":"<p><strong>La m\u00e9t\u00e9o cause des probl\u00e8mes dans le spa-francorchamps. La formule 1 n&rsquo;a pas pu commencer leur course dans les Ardennes comme pr\u00e9vu. La situation rappelle un fiasco il y a quatre ans.<\/strong><\/p>\n<p><span id=\"more-421089\"><\/span>Le d\u00e9but de la course de Formule 1 dans le spa-francorchamp belge a \u00e9t\u00e9 report\u00e9 en raison du mauvais temps. Une forte douche de pluie une bonne demi-heure avant le d\u00e9part pr\u00e9vu \u00e0 15 h. Assur\u00e9 qu&rsquo;il ne pouvait pas \u00eatre d\u00e9marr\u00e9 normalement.<\/p>\n<div id=\"attachment_421091\" class=\"wp-caption alignleft\" style=\"max-width: 300px\"><img fetchpriority=\"high\" decoding=\"async\" class=\"wp-image-421091 size-medium\" src=\"https:\/\/vieassociative.be\/actualites\/wp-content\/uploads\/2025\/07\/La-formule-1-commence-en-Belgique-en-raison-de-la.jpg\" alt=\"\" width=\"300\" height=\"200\"><\/div>\n<p>Une premi\u00e8re tentative derri\u00e8re la voiture de s\u00e9curit\u00e9 sur les pentes humides a \u00e9chou\u00e9 principalement en raison de la mauvaise vue, comme l&rsquo;a annonc\u00e9 la FIA Motorsport Association. Au d\u00e9but, ce n&rsquo;\u00e9tait pas pr\u00e9visible quand il y aurait un red\u00e9marrage.<\/p>\n<p>Avant le premier tour de la 13e course de la Coupe du monde de l&rsquo;ann\u00e9e, les conducteurs ont d\u00fb retourner sur la voie des stands en raison de l&rsquo;interruption et sont retir\u00e9s de leurs v\u00e9hicules. \u00ab\u00a0C&rsquo;est un peu idiot. Je veux dire, vous devriez simplement conduire quelques tours, ma bont\u00e9\u00a0\u00bb, a r\u00e9primand\u00e9 le champion du monde Max Verstappen de Red Bull on the Box Radio: \u00ab\u00a0Ils sont beaucoup trop prudents, maintenant la forte pluie arrive, et puis il y aura un retard de trois heures.\u00a0\u00bb<\/p>\n<p>D\u00e9j\u00e0 en 2021, il y avait eu une situation similaire sur la piste de course traditionnelle dans les Ardennes. Il y a quatre ans, un total de seulement deux tours ont \u00e9t\u00e9 conduits derri\u00e8re la voiture de s\u00e9curit\u00e9, \u00e0 cette \u00e9poque, Verstappen \u00e9tait consid\u00e9r\u00e9 comme le gagnant avec beaucoup d&rsquo;eau sur les pistes dans des conditions encore pires.<\/p>\n<p>Il y a eu des critiques apr\u00e8s car malgr\u00e9 cette farce, les fans n&rsquo;ont pas r\u00e9cup\u00e9r\u00e9 leur argent pour les billets. \u00c0 cette \u00e9poque, il n&rsquo;y avait que la moiti\u00e9 des points habituels de la Coupe du monde pour les pilotes dans les courses les plus courtes de l&rsquo;histoire de la Formule 1. (DPA)<\/p>\n","protected":false},"excerpt":{"rendered":"<p>La m\u00e9t\u00e9o cause des probl\u00e8mes dans le spa-francorchamps. La formule 1 n&rsquo;a pas pu commencer leur course dans les Ardennes comme pr\u00e9vu. La situation rappelle<\/p>\n","protected":false},"author":1,"featured_media":9041,"comment_status":"","ping_status":"","sticky":false,"template":"","format":"standard","meta":{"footnotes":""},"categories":[298],"tags":[383,1051,4614,3161,3261],"class_list":["post-9040","post","type-post","status-publish","format-standard","has-post-thumbnail","hentry","category-belgique","tag-belgique","tag-commence","tag-formule","tag-pluie","tag-raison","generate-columns","tablet-grid-50","mobile-grid-100","grid-parent","grid-33"],"yoast_head":"<!-- This site is optimized with the Yoast SEO plugin v24.0 - https:\/\/yoast.com\/wordpress\/plugins\/seo\/ -->\n<title>La formule 1 commence en Belgique en raison de la pluie | Vie Associative<\/title>\n<meta name=\"robots\" content=\"index, follow, max-snippet:-1, max-image-preview:large, max-video-preview:-1\" \/>\n<link rel=\"canonical\" href=\"https:\/\/vieassociative.be\/actualites\/la-formule-1-commence-en-belgique-en-raison-de-la-pluie\/\" \/>\n<meta property=\"og:locale\" content=\"fr_FR\" \/>\n<meta property=\"og:type\" content=\"article\" \/>\n<meta property=\"og:title\" content=\"La formule 1 commence en Belgique en raison de la pluie | Vie Associative\" \/>\n<meta property=\"og:description\" content=\"La m\u00e9t\u00e9o cause des probl\u00e8mes dans le spa-francorchamps. La formule 1 n&rsquo;a pas pu commencer leur course dans les Ardennes comme pr\u00e9vu. La situation rappelle\" \/>\n<meta property=\"og:url\" content=\"https:\/\/vieassociative.be\/actualites\/la-formule-1-commence-en-belgique-en-raison-de-la-pluie\/\" \/>\n<meta property=\"og:site_name\" content=\"Vie Associative\" \/>\n<meta property=\"article:published_time\" content=\"2025-07-27T14:21:12+00:00\" \/>\n<meta property=\"og:image\" content=\"https:\/\/vieassociative.be\/actualites\/wp-content\/uploads\/2024\/09\/header_backgroundk-01-e1726694325946.png\" \/>\n\t<meta property=\"og:image:width\" content=\"279\" \/>\n\t<meta property=\"og:image:height\" content=\"92\" \/>\n\t<meta property=\"og:image:type\" content=\"image\/png\" \/>\n<meta name=\"author\" content=\"Julien\" \/>\n<meta name=\"twitter:card\" content=\"summary_large_image\" \/>\n<meta name=\"twitter:label1\" content=\"\u00c9crit par\" \/>\n\t<meta name=\"twitter:data1\" content=\"Julien\" \/>\n\t<meta name=\"twitter:label2\" content=\"Dur\u00e9e de lecture est.\" \/>\n\t<meta name=\"twitter:data2\" content=\"2 minutes\" \/>\n<script type=\"application\/ld+json\" class=\"yoast-schema-graph\">{\"@context\":\"https:\/\/schema.org\",\"@graph\":[{\"@type\":\"Article\",\"@id\":\"https:\/\/vieassociative.be\/actualites\/la-formule-1-commence-en-belgique-en-raison-de-la-pluie\/#article\",\"isPartOf\":{\"@id\":\"https:\/\/vieassociative.be\/actualites\/la-formule-1-commence-en-belgique-en-raison-de-la-pluie\/\"},\"author\":{\"name\":\"Julien\",\"@id\":\"https:\/\/vieassociative.be\/actualites\/#\/schema\/person\/b87ac4f82f9d4e7b7cec7395b679edc4\"},\"headline\":\"La formule 1 commence en Belgique en raison de la pluie\",\"datePublished\":\"2025-07-27T14:21:12+00:00\",\"dateModified\":\"2025-07-27T14:21:12+00:00\",\"mainEntityOfPage\":{\"@id\":\"https:\/\/vieassociative.be\/actualites\/la-formule-1-commence-en-belgique-en-raison-de-la-pluie\/\"},\"wordCount\":350,\"publisher\":{\"@id\":\"https:\/\/vieassociative.be\/actualites\/#organization\"},\"image\":{\"@id\":\"https:\/\/vieassociative.be\/actualites\/la-formule-1-commence-en-belgique-en-raison-de-la-pluie\/#primaryimage\"},\"thumbnailUrl\":\"https:\/\/vieassociative.be\/actualites\/wp-content\/uploads\/2025\/07\/1753626072_La-formule-1-commence-en-Belgique-en-raison-de-la.jpg\",\"keywords\":[\"Belgique\",\"commenc\u00e9\",\"Formule\",\"pluie\",\"raison\"],\"articleSection\":[\"Belgique\"],\"inLanguage\":\"fr-BE\"},{\"@type\":\"WebPage\",\"@id\":\"https:\/\/vieassociative.be\/actualites\/la-formule-1-commence-en-belgique-en-raison-de-la-pluie\/\",\"url\":\"https:\/\/vieassociative.be\/actualites\/la-formule-1-commence-en-belgique-en-raison-de-la-pluie\/\",\"name\":\"La formule 1 commence en Belgique en raison de la pluie | Vie Associative\",\"isPartOf\":{\"@id\":\"https:\/\/vieassociative.be\/actualites\/#website\"},\"primaryImageOfPage\":{\"@id\":\"https:\/\/vieassociative.be\/actualites\/la-formule-1-commence-en-belgique-en-raison-de-la-pluie\/#primaryimage\"},\"image\":{\"@id\":\"https:\/\/vieassociative.be\/actualites\/la-formule-1-commence-en-belgique-en-raison-de-la-pluie\/#primaryimage\"},\"thumbnailUrl\":\"https:\/\/vieassociative.be\/actualites\/wp-content\/uploads\/2025\/07\/1753626072_La-formule-1-commence-en-Belgique-en-raison-de-la.jpg\",\"datePublished\":\"2025-07-27T14:21:12+00:00\",\"dateModified\":\"2025-07-27T14:21:12+00:00\",\"breadcrumb\":{\"@id\":\"https:\/\/vieassociative.be\/actualites\/la-formule-1-commence-en-belgique-en-raison-de-la-pluie\/#breadcrumb\"},\"inLanguage\":\"fr-BE\",\"potentialAction\":[{\"@type\":\"ReadAction\",\"target\":[\"https:\/\/vieassociative.be\/actualites\/la-formule-1-commence-en-belgique-en-raison-de-la-pluie\/\"]}]},{\"@type\":\"ImageObject\",\"inLanguage\":\"fr-BE\",\"@id\":\"https:\/\/vieassociative.be\/actualites\/la-formule-1-commence-en-belgique-en-raison-de-la-pluie\/#primaryimage\",\"url\":\"https:\/\/vieassociative.be\/actualites\/wp-content\/uploads\/2025\/07\/1753626072_La-formule-1-commence-en-Belgique-en-raison-de-la.jpg\",\"contentUrl\":\"https:\/\/vieassociative.be\/actualites\/wp-content\/uploads\/2025\/07\/1753626072_La-formule-1-commence-en-Belgique-en-raison-de-la.jpg\",\"width\":1200,\"height\":800,\"caption\":\"La formule 1 commence en Belgique en raison de la pluie\"},{\"@type\":\"BreadcrumbList\",\"@id\":\"https:\/\/vieassociative.be\/actualites\/la-formule-1-commence-en-belgique-en-raison-de-la-pluie\/#breadcrumb\",\"itemListElement\":[{\"@type\":\"ListItem\",\"position\":1,\"name\":\"Accueil\",\"item\":\"https:\/\/vieassociative.be\/actualites\/\"},{\"@type\":\"ListItem\",\"position\":2,\"name\":\"La formule 1 commence en Belgique en raison de la pluie\"}]},{\"@type\":\"WebSite\",\"@id\":\"https:\/\/vieassociative.be\/actualites\/#website\",\"url\":\"https:\/\/vieassociative.be\/actualites\/\",\"name\":\"Vie Associative\",\"description\":\"\",\"publisher\":{\"@id\":\"https:\/\/vieassociative.be\/actualites\/#organization\"},\"potentialAction\":[{\"@type\":\"SearchAction\",\"target\":{\"@type\":\"EntryPoint\",\"urlTemplate\":\"https:\/\/vieassociative.be\/actualites\/?s={search_term_string}\"},\"query-input\":{\"@type\":\"PropertyValueSpecification\",\"valueRequired\":true,\"valueName\":\"search_term_string\"}}],\"inLanguage\":\"fr-BE\"},{\"@type\":\"Organization\",\"@id\":\"https:\/\/vieassociative.be\/actualites\/#organization\",\"name\":\"Vie Associative\",\"url\":\"https:\/\/vieassociative.be\/actualites\/\",\"logo\":{\"@type\":\"ImageObject\",\"inLanguage\":\"fr-BE\",\"@id\":\"https:\/\/vieassociative.be\/actualites\/#\/schema\/logo\/image\/\",\"url\":\"https:\/\/vieassociative.be\/actualites\/wp-content\/uploads\/2024\/09\/cropped-vieassociative_favicon.ico.png\",\"contentUrl\":\"https:\/\/vieassociative.be\/actualites\/wp-content\/uploads\/2024\/09\/cropped-vieassociative_favicon.ico.png\",\"width\":512,\"height\":512,\"caption\":\"Vie Associative\"},\"image\":{\"@id\":\"https:\/\/vieassociative.be\/actualites\/#\/schema\/logo\/image\/\"}},{\"@type\":\"Person\",\"@id\":\"https:\/\/vieassociative.be\/actualites\/#\/schema\/person\/b87ac4f82f9d4e7b7cec7395b679edc4\",\"name\":\"Julien\",\"image\":{\"@type\":\"ImageObject\",\"inLanguage\":\"fr-BE\",\"@id\":\"https:\/\/vieassociative.be\/actualites\/#\/schema\/person\/image\/\",\"url\":\"https:\/\/vieassociative.be\/actualites\/wp-content\/uploads\/2024\/09\/vie-associative-1-150x150.jpg\",\"contentUrl\":\"https:\/\/vieassociative.be\/actualites\/wp-content\/uploads\/2024\/09\/vie-associative-1-150x150.jpg\",\"caption\":\"Julien\"},\"description\":\"Je suis Julien, r\u00e9dacteur pour Vie Associative. Passionn\u00e9 par le monde associatif depuis plus de 10 ans, j'ai \u00e0 c\u0153ur de partager des histoires inspirantes et de mettre en lumi\u00e8re les initiatives locales. Mon objectif est de sensibiliser et d'encourager l'engagement communautaire \u00e0 travers mes articles.\",\"sameAs\":[\"https:\/\/vieassociative.be\/\"]}]}<\/script>\n<!-- \/ Yoast SEO plugin. -->","yoast_head_json":{"title":"La formule 1 commence en Belgique en raison de la pluie | Vie Associative","robots":{"index":"index","follow":"follow","max-snippet":"max-snippet:-1","max-image-preview":"max-image-preview:large","max-video-preview":"max-video-preview:-1"},"canonical":"https:\/\/vieassociative.be\/actualites\/la-formule-1-commence-en-belgique-en-raison-de-la-pluie\/","og_locale":"fr_FR","og_type":"article","og_title":"La formule 1 commence en Belgique en raison de la pluie | Vie Associative","og_description":"La m\u00e9t\u00e9o cause des probl\u00e8mes dans le spa-francorchamps. La formule 1 n&rsquo;a pas pu commencer leur course dans les Ardennes comme pr\u00e9vu. La situation rappelle","og_url":"https:\/\/vieassociative.be\/actualites\/la-formule-1-commence-en-belgique-en-raison-de-la-pluie\/","og_site_name":"Vie Associative","article_published_time":"2025-07-27T14:21:12+00:00","og_image":[{"width":279,"height":92,"url":"https:\/\/vieassociative.be\/actualites\/wp-content\/uploads\/2024\/09\/header_backgroundk-01-e1726694325946.png","type":"image\/png"}],"author":"Julien","twitter_card":"summary_large_image","twitter_misc":{"\u00c9crit par":"Julien","Dur\u00e9e de lecture est.":"2 minutes"},"schema":{"@context":"https:\/\/schema.org","@graph":[{"@type":"Article","@id":"https:\/\/vieassociative.be\/actualites\/la-formule-1-commence-en-belgique-en-raison-de-la-pluie\/#article","isPartOf":{"@id":"https:\/\/vieassociative.be\/actualites\/la-formule-1-commence-en-belgique-en-raison-de-la-pluie\/"},"author":{"name":"Julien","@id":"https:\/\/vieassociative.be\/actualites\/#\/schema\/person\/b87ac4f82f9d4e7b7cec7395b679edc4"},"headline":"La formule 1 commence en Belgique en raison de la pluie","datePublished":"2025-07-27T14:21:12+00:00","dateModified":"2025-07-27T14:21:12+00:00","mainEntityOfPage":{"@id":"https:\/\/vieassociative.be\/actualites\/la-formule-1-commence-en-belgique-en-raison-de-la-pluie\/"},"wordCount":350,"publisher":{"@id":"https:\/\/vieassociative.be\/actualites\/#organization"},"image":{"@id":"https:\/\/vieassociative.be\/actualites\/la-formule-1-commence-en-belgique-en-raison-de-la-pluie\/#primaryimage"},"thumbnailUrl":"https:\/\/vieassociative.be\/actualites\/wp-content\/uploads\/2025\/07\/1753626072_La-formule-1-commence-en-Belgique-en-raison-de-la.jpg","keywords":["Belgique","commenc\u00e9","Formule","pluie","raison"],"articleSection":["Belgique"],"inLanguage":"fr-BE"},{"@type":"WebPage","@id":"https:\/\/vieassociative.be\/actualites\/la-formule-1-commence-en-belgique-en-raison-de-la-pluie\/","url":"https:\/\/vieassociative.be\/actualites\/la-formule-1-commence-en-belgique-en-raison-de-la-pluie\/","name":"La formule 1 commence en Belgique en raison de la pluie | Vie Associative","isPartOf":{"@id":"https:\/\/vieassociative.be\/actualites\/#website"},"primaryImageOfPage":{"@id":"https:\/\/vieassociative.be\/actualites\/la-formule-1-commence-en-belgique-en-raison-de-la-pluie\/#primaryimage"},"image":{"@id":"https:\/\/vieassociative.be\/actualites\/la-formule-1-commence-en-belgique-en-raison-de-la-pluie\/#primaryimage"},"thumbnailUrl":"https:\/\/vieassociative.be\/actualites\/wp-content\/uploads\/2025\/07\/1753626072_La-formule-1-commence-en-Belgique-en-raison-de-la.jpg","datePublished":"2025-07-27T14:21:12+00:00","dateModified":"2025-07-27T14:21:12+00:00","breadcrumb":{"@id":"https:\/\/vieassociative.be\/actualites\/la-formule-1-commence-en-belgique-en-raison-de-la-pluie\/#breadcrumb"},"inLanguage":"fr-BE","potentialAction":[{"@type":"ReadAction","target":["https:\/\/vieassociative.be\/actualites\/la-formule-1-commence-en-belgique-en-raison-de-la-pluie\/"]}]},{"@type":"ImageObject","inLanguage":"fr-BE","@id":"https:\/\/vieassociative.be\/actualites\/la-formule-1-commence-en-belgique-en-raison-de-la-pluie\/#primaryimage","url":"https:\/\/vieassociative.be\/actualites\/wp-content\/uploads\/2025\/07\/1753626072_La-formule-1-commence-en-Belgique-en-raison-de-la.jpg","contentUrl":"https:\/\/vieassociative.be\/actualites\/wp-content\/uploads\/2025\/07\/1753626072_La-formule-1-commence-en-Belgique-en-raison-de-la.jpg","width":1200,"height":800,"caption":"La formule 1 commence en Belgique en raison de la pluie"},{"@type":"BreadcrumbList","@id":"https:\/\/vieassociative.be\/actualites\/la-formule-1-commence-en-belgique-en-raison-de-la-pluie\/#breadcrumb","itemListElement":[{"@type":"ListItem","position":1,"name":"Accueil","item":"https:\/\/vieassociative.be\/actualites\/"},{"@type":"ListItem","position":2,"name":"La formule 1 commence en Belgique en raison de la pluie"}]},{"@type":"WebSite","@id":"https:\/\/vieassociative.be\/actualites\/#website","url":"https:\/\/vieassociative.be\/actualites\/","name":"Vie Associative","description":"","publisher":{"@id":"https:\/\/vieassociative.be\/actualites\/#organization"},"potentialAction":[{"@type":"SearchAction","target":{"@type":"EntryPoint","urlTemplate":"https:\/\/vieassociative.be\/actualites\/?s={search_term_string}"},"query-input":{"@type":"PropertyValueSpecification","valueRequired":true,"valueName":"search_term_string"}}],"inLanguage":"fr-BE"},{"@type":"Organization","@id":"https:\/\/vieassociative.be\/actualites\/#organization","name":"Vie Associative","url":"https:\/\/vieassociative.be\/actualites\/","logo":{"@type":"ImageObject","inLanguage":"fr-BE","@id":"https:\/\/vieassociative.be\/actualites\/#\/schema\/logo\/image\/","url":"https:\/\/vieassociative.be\/actualites\/wp-content\/uploads\/2024\/09\/cropped-vieassociative_favicon.ico.png","contentUrl":"https:\/\/vieassociative.be\/actualites\/wp-content\/uploads\/2024\/09\/cropped-vieassociative_favicon.ico.png","width":512,"height":512,"caption":"Vie Associative"},"image":{"@id":"https:\/\/vieassociative.be\/actualites\/#\/schema\/logo\/image\/"}},{"@type":"Person","@id":"https:\/\/vieassociative.be\/actualites\/#\/schema\/person\/b87ac4f82f9d4e7b7cec7395b679edc4","name":"Julien","image":{"@type":"ImageObject","inLanguage":"fr-BE","@id":"https:\/\/vieassociative.be\/actualites\/#\/schema\/person\/image\/","url":"https:\/\/vieassociative.be\/actualites\/wp-content\/uploads\/2024\/09\/vie-associative-1-150x150.jpg","contentUrl":"https:\/\/vieassociative.be\/actualites\/wp-content\/uploads\/2024\/09\/vie-associative-1-150x150.jpg","caption":"Julien"},"description":"Je suis Julien, r\u00e9dacteur pour Vie Associative. Passionn\u00e9 par le monde associatif depuis plus de 10 ans, j'ai \u00e0 c\u0153ur de partager des histoires inspirantes et de mettre en lumi\u00e8re les initiatives locales. Mon objectif est de sensibiliser et d'encourager l'engagement communautaire \u00e0 travers mes articles.","sameAs":["https:\/\/vieassociative.be\/"]}]}},"_links":{"self":[{"href":"https:\/\/vieassociative.be\/actualites\/wp-json\/wp\/v2\/posts\/9040"}],"collection":[{"href":"https:\/\/vieassociative.be\/actualites\/wp-json\/wp\/v2\/posts"}],"about":[{"href":"https:\/\/vieassociative.be\/actualites\/wp-json\/wp\/v2\/types\/post"}],"author":[{"embeddable":true,"href":"https:\/\/vieassociative.be\/actualites\/wp-json\/wp\/v2\/users\/1"}],"replies":[{"embeddable":true,"href":"https:\/\/vieassociative.be\/actualites\/wp-json\/wp\/v2\/comments?post=9040"}],"version-history":[{"count":0,"href":"https:\/\/vieassociative.be\/actualites\/wp-json\/wp\/v2\/posts\/9040\/revisions"}],"wp:featuredmedia":[{"embeddable":true,"href":"https:\/\/vieassociative.be\/actualites\/wp-json\/wp\/v2\/media\/9041"}],"wp:attachment":[{"href":"https:\/\/vieassociative.be\/actualites\/wp-json\/wp\/v2\/media?parent=9040"}],"wp:term":[{"taxonomy":"category","embeddable":true,"href":"https:\/\/vieassociative.be\/actualites\/wp-json\/wp\/v2\/categories?post=9040"},{"taxonomy":"post_tag","embeddable":true,"href":"https:\/\/vieassociative.be\/actualites\/wp-json\/wp\/v2\/tags?post=9040"}],"curies":[{"name":"wp","href":"https:\/\/api.w.org\/{rel}","templated":true}]}}