{"id":9038,"date":"2025-07-27T15:22:35","date_gmt":"2025-07-27T13:22:35","guid":{"rendered":"https:\/\/vieassociative.be\/actualites\/la-friteuse-a-air-que-jai-classee-le-meilleur-global-est-de-50-de-reduction-en-ce-moment\/"},"modified":"2025-07-27T15:22:35","modified_gmt":"2025-07-27T13:22:35","slug":"la-friteuse-a-air-que-jai-classee-le-meilleur-global-est-de-50-de-reduction-en-ce-moment","status":"publish","type":"post","link":"https:\/\/vieassociative.be\/actualites\/la-friteuse-a-air-que-jai-classee-le-meilleur-global-est-de-50-de-reduction-en-ce-moment\/","title":{"rendered":"La friteuse \u00e0 air que j&rsquo;ai class\u00e9e \u00able meilleur global\u00bb est de 50% de r\u00e9duction en ce moment"},"content":{"rendered":"<div class=\"mt-4 leading-6 md:mb-8\">Cette friteuse d&rsquo;air m&rsquo;a conquis en puissance, un espace de cuisine int\u00e9rieur et une exp\u00e9rience utilisateur.<\/div>\n<p><\/p>\n<p>Peut-\u00eatre que vous achetez un cadeau de cuisine pratique pour votre p\u00e8re ou votre derni\u00e8re friteuse \u00e0 air est sur le point de botter le seau (botter le panier?). Si vous \u00eates sur le march\u00e9 pour une friteuse \u00e0 air, vous devriez en obtenir une qui v\u00e9rifie toutes les cases. La meilleure friteuse \u00e0 air cuisinera uniform\u00e9ment, travaillera rapidement et vous fournira la bonne quantit\u00e9 de zone de cuisson pour r\u00e9pondre \u00e0 vos besoins de repas moyens &#8211; et il devrait \u00e9galement \u00eatre \u00e0 un prix abordable. La friteuse \u00e0 air Cuisinart est \u00e0 50% de r\u00e9duction en ce moment, et c&rsquo;est un vol. <\/p>\n<div class=\"pogoClear mb-12 mt-10 rounded-md border-2 border-gray-100 py-7 shadow-xl md:py-6\">\n<div class=\"flex flex-wrap justify-between px-7 text-black no-underline md:flex-nowrap md:px-8\">\n<div class=\"order-1 mx-auto flex flex-col justify-center md:order-2 md:ml-4 md:w-full md:grow\">\n<div class=\"block cursor-pointer text-center font-akshar text-2xl font-medium leading-7 text-brand-green duration-200 ease-in-out hover:text-brand-green-700 md:text-left md:text-xl md:leading-6\">Cuisinart Air Fryer + Gain de grille-pain de convection, four 8-1 avec cuisson, grill, gril et chauffage, acier inoxydable, TOA-70\n                <\/div>\n<div class=\"mt-4 hidden md:flex md:justify-between\">\n<div class=\"self-end\">\n<div class=\"mb-0 h-11 md:flex md:flex-col md:justify-center\">\n<div class=\" font-sans leading-4 text-black\">\n<div class=\"flex flex-wrap items-center justify-center gap-1 md:justify-start\">\n        <span class=\"font-bold\"><\/p>\n<p>            206,98 $<br \/>\n                            <span class=\"font-medium\">\u00e0 Walmart<\/span><br \/>\n                    <\/span>\n            <\/div>\n<div class=\"flex items-center justify-center gap-x-1 font-bold md:justify-start\">\n            <span class=\"text-sm line-through\">229,99 $<\/span><br \/>\n            <span class=\"text-sm text-brand-green\">\u00c9conomisez 23,01 $<\/span>\n        <\/div>\n<\/p><\/div>\n<\/p><\/div>\n<\/p><\/div>\n<div class=\"w-44 self-end\">\n                            <button class=\"flex justify-center items-center w-full bg-brand-green text-white text-base font-sans font-medium rounded-md hover:bg-brand-green-700 hover:cursor-pointer md:text-sm h-11\"><\/p>\n<p>    Conclure un accord<br \/>\n<\/button>\n                        <\/div>\n<\/p><\/div>\n<\/p><\/div>\n<div class=\"order-2 mt-5 h-auto w-full md:order-1 md:mt-0 md:hidden\">\n<div class=\"flex aspect-video items-center justify-center\">\n                                            <img decoding=\"async\" class=\"m-0 max-h-full max-w-full rounded-md\" src=\"https:\/\/vieassociative.be\/actualites\/wp-content\/uploads\/2025\/03\/1743254421_243_Ce-sont-mes-offres-dappareils-de-cuisine-preferees-lors-de.jpg\" alt=\"Cuisinart Air Fryer + Gain de grille-pain de convection, four 8-1 avec cuisson, grill, gril et chauffage, acier inoxydable, TOA-70\" width=\"auto\" height=\"auto\" loading=\"lazy\">\n                                    <\/div>\n<\/p><\/div>\n<div class=\"order-2 ml-2 hidden w-32 shrink-0 items-center md:order-1 md:ml-0 md:flex\">\n<div class=\"flex aspect-video items-center justify-center\">\n                                            <img decoding=\"async\" class=\"m-0 max-h-full max-w-full rounded-md\" src=\"https:\/\/vieassociative.be\/actualites\/wp-content\/uploads\/2025\/03\/1743254421_243_Ce-sont-mes-offres-dappareils-de-cuisine-preferees-lors-de.jpg\" alt=\"Cuisinart Air Fryer + Gain de grille-pain de convection, four 8-1 avec cuisson, grill, gril et chauffage, acier inoxydable, TOA-70\" width=\"auto\" height=\"auto\" loading=\"lazy\">\n                                    <\/div>\n<\/p><\/div>\n<div class=\"order-3 flex grow flex-wrap md:hidden md:grow-0\">\n<div class=\"mt-4 w-full\">\n                        <button class=\"flex justify-center items-center w-full bg-brand-green text-white text-base font-sans font-medium rounded-md hover:bg-brand-green-700 hover:cursor-pointer md:text-sm h-11\"><\/p>\n<p>    Conclure un accord<br \/>\n<\/button>\n                    <\/div>\n<div class=\"mx-2 mt-4 w-full\">\n<div class=\" font-sans leading-4 text-black\">\n<div class=\"flex flex-wrap items-center justify-center gap-1 md:justify-start\">\n        <span class=\"font-bold\"><\/p>\n<p>            206,98 $<br \/>\n                            <span class=\"font-medium\">\u00e0 Walmart<\/span><br \/>\n                    <\/span>\n            <\/div>\n<div class=\"flex items-center justify-center gap-x-1 font-bold md:justify-start\">\n            <span class=\"text-sm line-through\">229,99 $<\/span><br \/>\n            <span class=\"text-sm text-brand-green\">\u00c9conomisez 23,01 $<\/span>\n        <\/div>\n<\/p><\/div>\n<\/p><\/div>\n<\/p><\/div>\n<\/p><\/div>\n<\/div>\n<p>J&rsquo;ai pass\u00e9 en revue la Cuisinart Air Fryer et j&rsquo;ai ador\u00e9 cuisiner dedans. Habituellement, je suis une fille de friteuse \u00e0 air de panier, mais cette friteuse \u00e0 air de style four m&rsquo;a conquis. Il a suffisamment d&rsquo;espace \u00e0 l&rsquo;int\u00e9rieur pour r\u00f4tir des prot\u00e9ines, comme une longe de porc ou un poulet de chair. Vous pouvez m\u00eame utiliser le deuxi\u00e8me point de rack pour r\u00f4tir rapidement certains l\u00e9gumes pendant que vous obtenez du saumon qui va sur le rack inf\u00e9rieur. <\/p>\n<p>L&rsquo;aspect cuisinier est impeccable &#8211; il cuit, des chips et des bruns uniform\u00e9ment et ne prend pas beaucoup de temps pour pr\u00e9chauffer. Cependant, les fonctionnalit\u00e9s qui m&rsquo;ont vraiment conquis \u00e9taient plus de cuisine <em>exp\u00e9rience<\/em> en rapport. L&rsquo;esth\u00e9tique est simple: un four de comptoir classique. Les cadrans de la temp\u00e9rature, du temps et de la vitesse du ventilateur sont tous des boutons de torsion, ce qui est un changement bienvenu par rapport \u00e0 l&rsquo;\u00e9cran tactile num\u00e9rique habituel, \u00e0 mon avis. Enfin, mais surtout, cet appareil est presque silencieux lorsque vous travaillez. Une friteuse \u00e0 air qui ne ressemble pas \u00e0 un camion tourne au ralenti dans votre cuisine &#8211; pouvez-vous imaginer? C&rsquo;est pourquoi je l&rsquo;ai gouvern\u00e9 la meilleure friteuse \u00e0 air globale de ce tour d&rsquo;horizon.<\/p>\n<p>La raison pour laquelle vous devriez sauter sur cette friteuse \u00e0 air est parce qu&rsquo;elle est normalement 219,95 $, ce qui n&rsquo;est d\u00e9cid\u00e9ment pas bon march\u00e9. Cependant, Walmart l&rsquo;a en vente pour 50% de r\u00e9duction \u00e0 109,98 $. C&rsquo;est une affaire incroyable et je ne sais pas combien de temps cela durera, mais je sais que c&rsquo;est un achat que vous ne regretterez pas. <\/p>\n","protected":false},"excerpt":{"rendered":"<p>Cette friteuse d&rsquo;air m&rsquo;a conquis en puissance, un espace de cuisine int\u00e9rieur et une exp\u00e9rience utilisateur. Peut-\u00eatre que vous achetez un cadeau de cuisine pratique<\/p>\n","protected":false},"author":1,"featured_media":9039,"comment_status":"","ping_status":"","sticky":false,"template":"","format":"standard","meta":{"footnotes":""},"categories":[1],"tags":[1327,2379,76,1326,2689,823,579,1429,308],"class_list":["post-9038","post","type-post","status-publish","format-standard","has-post-thumbnail","hentry","category-non-classe","tag-air","tag-classee","tag-est","tag-friteuse","tag-global","tag-jai","tag-meilleur","tag-moment","tag-reduction","generate-columns","tablet-grid-50","mobile-grid-100","grid-parent","grid-33"],"yoast_head":"<!-- This site is optimized with the Yoast SEO plugin v24.0 - https:\/\/yoast.com\/wordpress\/plugins\/seo\/ -->\n<title>La friteuse \u00e0 air que j&#039;ai class\u00e9e \u00able meilleur global\u00bb est de 50% de r\u00e9duction en ce moment | Vie Associative<\/title>\n<meta name=\"robots\" content=\"index, follow, max-snippet:-1, max-image-preview:large, max-video-preview:-1\" \/>\n<link rel=\"canonical\" href=\"https:\/\/vieassociative.be\/actualites\/la-friteuse-a-air-que-jai-classee-le-meilleur-global-est-de-50-de-reduction-en-ce-moment\/\" \/>\n<meta property=\"og:locale\" content=\"fr_FR\" \/>\n<meta property=\"og:type\" content=\"article\" \/>\n<meta property=\"og:title\" content=\"La friteuse \u00e0 air que j&#039;ai class\u00e9e \u00able meilleur global\u00bb est de 50% de r\u00e9duction en ce moment | Vie Associative\" \/>\n<meta property=\"og:description\" content=\"Cette friteuse d&rsquo;air m&rsquo;a conquis en puissance, un espace de cuisine int\u00e9rieur et une exp\u00e9rience utilisateur. Peut-\u00eatre que vous achetez un cadeau de cuisine pratique\" \/>\n<meta property=\"og:url\" content=\"https:\/\/vieassociative.be\/actualites\/la-friteuse-a-air-que-jai-classee-le-meilleur-global-est-de-50-de-reduction-en-ce-moment\/\" \/>\n<meta property=\"og:site_name\" content=\"Vie Associative\" \/>\n<meta property=\"article:published_time\" content=\"2025-07-27T13:22:35+00:00\" \/>\n<meta property=\"og:image\" content=\"https:\/\/vieassociative.be\/actualites\/wp-content\/uploads\/2025\/03\/1743254421_243_Ce-sont-mes-offres-dappareils-de-cuisine-preferees-lors-de.jpg\" \/>\n<meta name=\"author\" content=\"Julien\" \/>\n<meta name=\"twitter:card\" content=\"summary_large_image\" \/>\n<meta name=\"twitter:label1\" content=\"\u00c9crit par\" \/>\n\t<meta name=\"twitter:data1\" content=\"Julien\" \/>\n\t<meta name=\"twitter:label2\" content=\"Dur\u00e9e de lecture est.\" \/>\n\t<meta name=\"twitter:data2\" content=\"2 minutes\" \/>\n<script type=\"application\/ld+json\" class=\"yoast-schema-graph\">{\"@context\":\"https:\/\/schema.org\",\"@graph\":[{\"@type\":\"Article\",\"@id\":\"https:\/\/vieassociative.be\/actualites\/la-friteuse-a-air-que-jai-classee-le-meilleur-global-est-de-50-de-reduction-en-ce-moment\/#article\",\"isPartOf\":{\"@id\":\"https:\/\/vieassociative.be\/actualites\/la-friteuse-a-air-que-jai-classee-le-meilleur-global-est-de-50-de-reduction-en-ce-moment\/\"},\"author\":{\"name\":\"Julien\",\"@id\":\"https:\/\/vieassociative.be\/actualites\/#\/schema\/person\/b87ac4f82f9d4e7b7cec7395b679edc4\"},\"headline\":\"La friteuse \u00e0 air que j&rsquo;ai class\u00e9e \u00able meilleur global\u00bb est de 50% de r\u00e9duction en ce moment\",\"datePublished\":\"2025-07-27T13:22:35+00:00\",\"dateModified\":\"2025-07-27T13:22:35+00:00\",\"mainEntityOfPage\":{\"@id\":\"https:\/\/vieassociative.be\/actualites\/la-friteuse-a-air-que-jai-classee-le-meilleur-global-est-de-50-de-reduction-en-ce-moment\/\"},\"wordCount\":461,\"publisher\":{\"@id\":\"https:\/\/vieassociative.be\/actualites\/#organization\"},\"image\":{\"@id\":\"https:\/\/vieassociative.be\/actualites\/la-friteuse-a-air-que-jai-classee-le-meilleur-global-est-de-50-de-reduction-en-ce-moment\/#primaryimage\"},\"thumbnailUrl\":\"https:\/\/vieassociative.be\/actualites\/wp-content\/uploads\/2025\/07\/La-friteuse-a-air-que-jai-classee-le-meilleur-global.jpg\",\"keywords\":[\"air\",\"class\u00e9e\",\"est\",\"friteuse\",\"global\",\"Jai\",\"meilleur\",\"moment\",\"r\u00e9duction\"],\"inLanguage\":\"fr-BE\"},{\"@type\":\"WebPage\",\"@id\":\"https:\/\/vieassociative.be\/actualites\/la-friteuse-a-air-que-jai-classee-le-meilleur-global-est-de-50-de-reduction-en-ce-moment\/\",\"url\":\"https:\/\/vieassociative.be\/actualites\/la-friteuse-a-air-que-jai-classee-le-meilleur-global-est-de-50-de-reduction-en-ce-moment\/\",\"name\":\"La friteuse \u00e0 air que j'ai class\u00e9e \u00able meilleur global\u00bb est de 50% de r\u00e9duction en ce moment | Vie Associative\",\"isPartOf\":{\"@id\":\"https:\/\/vieassociative.be\/actualites\/#website\"},\"primaryImageOfPage\":{\"@id\":\"https:\/\/vieassociative.be\/actualites\/la-friteuse-a-air-que-jai-classee-le-meilleur-global-est-de-50-de-reduction-en-ce-moment\/#primaryimage\"},\"image\":{\"@id\":\"https:\/\/vieassociative.be\/actualites\/la-friteuse-a-air-que-jai-classee-le-meilleur-global-est-de-50-de-reduction-en-ce-moment\/#primaryimage\"},\"thumbnailUrl\":\"https:\/\/vieassociative.be\/actualites\/wp-content\/uploads\/2025\/07\/La-friteuse-a-air-que-jai-classee-le-meilleur-global.jpg\",\"datePublished\":\"2025-07-27T13:22:35+00:00\",\"dateModified\":\"2025-07-27T13:22:35+00:00\",\"breadcrumb\":{\"@id\":\"https:\/\/vieassociative.be\/actualites\/la-friteuse-a-air-que-jai-classee-le-meilleur-global-est-de-50-de-reduction-en-ce-moment\/#breadcrumb\"},\"inLanguage\":\"fr-BE\",\"potentialAction\":[{\"@type\":\"ReadAction\",\"target\":[\"https:\/\/vieassociative.be\/actualites\/la-friteuse-a-air-que-jai-classee-le-meilleur-global-est-de-50-de-reduction-en-ce-moment\/\"]}]},{\"@type\":\"ImageObject\",\"inLanguage\":\"fr-BE\",\"@id\":\"https:\/\/vieassociative.be\/actualites\/la-friteuse-a-air-que-jai-classee-le-meilleur-global-est-de-50-de-reduction-en-ce-moment\/#primaryimage\",\"url\":\"https:\/\/vieassociative.be\/actualites\/wp-content\/uploads\/2025\/07\/La-friteuse-a-air-que-jai-classee-le-meilleur-global.jpg\",\"contentUrl\":\"https:\/\/vieassociative.be\/actualites\/wp-content\/uploads\/2025\/07\/La-friteuse-a-air-que-jai-classee-le-meilleur-global.jpg\",\"width\":1200,\"height\":675,\"caption\":\"La friteuse \u00e0 air que j'ai class\u00e9e \u00able meilleur global\u00bb est de 50% de r\u00e9duction en ce moment\"},{\"@type\":\"BreadcrumbList\",\"@id\":\"https:\/\/vieassociative.be\/actualites\/la-friteuse-a-air-que-jai-classee-le-meilleur-global-est-de-50-de-reduction-en-ce-moment\/#breadcrumb\",\"itemListElement\":[{\"@type\":\"ListItem\",\"position\":1,\"name\":\"Accueil\",\"item\":\"https:\/\/vieassociative.be\/actualites\/\"},{\"@type\":\"ListItem\",\"position\":2,\"name\":\"La friteuse \u00e0 air que j&rsquo;ai class\u00e9e \u00able meilleur global\u00bb est de 50% de r\u00e9duction en ce moment\"}]},{\"@type\":\"WebSite\",\"@id\":\"https:\/\/vieassociative.be\/actualites\/#website\",\"url\":\"https:\/\/vieassociative.be\/actualites\/\",\"name\":\"Vie Associative\",\"description\":\"\",\"publisher\":{\"@id\":\"https:\/\/vieassociative.be\/actualites\/#organization\"},\"potentialAction\":[{\"@type\":\"SearchAction\",\"target\":{\"@type\":\"EntryPoint\",\"urlTemplate\":\"https:\/\/vieassociative.be\/actualites\/?s={search_term_string}\"},\"query-input\":{\"@type\":\"PropertyValueSpecification\",\"valueRequired\":true,\"valueName\":\"search_term_string\"}}],\"inLanguage\":\"fr-BE\"},{\"@type\":\"Organization\",\"@id\":\"https:\/\/vieassociative.be\/actualites\/#organization\",\"name\":\"Vie Associative\",\"url\":\"https:\/\/vieassociative.be\/actualites\/\",\"logo\":{\"@type\":\"ImageObject\",\"inLanguage\":\"fr-BE\",\"@id\":\"https:\/\/vieassociative.be\/actualites\/#\/schema\/logo\/image\/\",\"url\":\"https:\/\/vieassociative.be\/actualites\/wp-content\/uploads\/2024\/09\/cropped-vieassociative_favicon.ico.png\",\"contentUrl\":\"https:\/\/vieassociative.be\/actualites\/wp-content\/uploads\/2024\/09\/cropped-vieassociative_favicon.ico.png\",\"width\":512,\"height\":512,\"caption\":\"Vie Associative\"},\"image\":{\"@id\":\"https:\/\/vieassociative.be\/actualites\/#\/schema\/logo\/image\/\"}},{\"@type\":\"Person\",\"@id\":\"https:\/\/vieassociative.be\/actualites\/#\/schema\/person\/b87ac4f82f9d4e7b7cec7395b679edc4\",\"name\":\"Julien\",\"image\":{\"@type\":\"ImageObject\",\"inLanguage\":\"fr-BE\",\"@id\":\"https:\/\/vieassociative.be\/actualites\/#\/schema\/person\/image\/\",\"url\":\"https:\/\/vieassociative.be\/actualites\/wp-content\/uploads\/2024\/09\/vie-associative-1-150x150.jpg\",\"contentUrl\":\"https:\/\/vieassociative.be\/actualites\/wp-content\/uploads\/2024\/09\/vie-associative-1-150x150.jpg\",\"caption\":\"Julien\"},\"description\":\"Je suis Julien, r\u00e9dacteur pour Vie Associative. Passionn\u00e9 par le monde associatif depuis plus de 10 ans, j'ai \u00e0 c\u0153ur de partager des histoires inspirantes et de mettre en lumi\u00e8re les initiatives locales. Mon objectif est de sensibiliser et d'encourager l'engagement communautaire \u00e0 travers mes articles.\",\"sameAs\":[\"https:\/\/vieassociative.be\/\"]}]}<\/script>\n<!-- \/ Yoast SEO plugin. -->","yoast_head_json":{"title":"La friteuse \u00e0 air que j'ai class\u00e9e \u00able meilleur global\u00bb est de 50% de r\u00e9duction en ce moment | Vie Associative","robots":{"index":"index","follow":"follow","max-snippet":"max-snippet:-1","max-image-preview":"max-image-preview:large","max-video-preview":"max-video-preview:-1"},"canonical":"https:\/\/vieassociative.be\/actualites\/la-friteuse-a-air-que-jai-classee-le-meilleur-global-est-de-50-de-reduction-en-ce-moment\/","og_locale":"fr_FR","og_type":"article","og_title":"La friteuse \u00e0 air que j'ai class\u00e9e \u00able meilleur global\u00bb est de 50% de r\u00e9duction en ce moment | Vie Associative","og_description":"Cette friteuse d&rsquo;air m&rsquo;a conquis en puissance, un espace de cuisine int\u00e9rieur et une exp\u00e9rience utilisateur. Peut-\u00eatre que vous achetez un cadeau de cuisine pratique","og_url":"https:\/\/vieassociative.be\/actualites\/la-friteuse-a-air-que-jai-classee-le-meilleur-global-est-de-50-de-reduction-en-ce-moment\/","og_site_name":"Vie Associative","article_published_time":"2025-07-27T13:22:35+00:00","og_image":[{"url":"https:\/\/vieassociative.be\/actualites\/wp-content\/uploads\/2025\/03\/1743254421_243_Ce-sont-mes-offres-dappareils-de-cuisine-preferees-lors-de.jpg","type":"","width":"","height":""}],"author":"Julien","twitter_card":"summary_large_image","twitter_misc":{"\u00c9crit par":"Julien","Dur\u00e9e de lecture est.":"2 minutes"},"schema":{"@context":"https:\/\/schema.org","@graph":[{"@type":"Article","@id":"https:\/\/vieassociative.be\/actualites\/la-friteuse-a-air-que-jai-classee-le-meilleur-global-est-de-50-de-reduction-en-ce-moment\/#article","isPartOf":{"@id":"https:\/\/vieassociative.be\/actualites\/la-friteuse-a-air-que-jai-classee-le-meilleur-global-est-de-50-de-reduction-en-ce-moment\/"},"author":{"name":"Julien","@id":"https:\/\/vieassociative.be\/actualites\/#\/schema\/person\/b87ac4f82f9d4e7b7cec7395b679edc4"},"headline":"La friteuse \u00e0 air que j&rsquo;ai class\u00e9e \u00able meilleur global\u00bb est de 50% de r\u00e9duction en ce moment","datePublished":"2025-07-27T13:22:35+00:00","dateModified":"2025-07-27T13:22:35+00:00","mainEntityOfPage":{"@id":"https:\/\/vieassociative.be\/actualites\/la-friteuse-a-air-que-jai-classee-le-meilleur-global-est-de-50-de-reduction-en-ce-moment\/"},"wordCount":461,"publisher":{"@id":"https:\/\/vieassociative.be\/actualites\/#organization"},"image":{"@id":"https:\/\/vieassociative.be\/actualites\/la-friteuse-a-air-que-jai-classee-le-meilleur-global-est-de-50-de-reduction-en-ce-moment\/#primaryimage"},"thumbnailUrl":"https:\/\/vieassociative.be\/actualites\/wp-content\/uploads\/2025\/07\/La-friteuse-a-air-que-jai-classee-le-meilleur-global.jpg","keywords":["air","class\u00e9e","est","friteuse","global","Jai","meilleur","moment","r\u00e9duction"],"inLanguage":"fr-BE"},{"@type":"WebPage","@id":"https:\/\/vieassociative.be\/actualites\/la-friteuse-a-air-que-jai-classee-le-meilleur-global-est-de-50-de-reduction-en-ce-moment\/","url":"https:\/\/vieassociative.be\/actualites\/la-friteuse-a-air-que-jai-classee-le-meilleur-global-est-de-50-de-reduction-en-ce-moment\/","name":"La friteuse \u00e0 air que j'ai class\u00e9e \u00able meilleur global\u00bb est de 50% de r\u00e9duction en ce moment | Vie Associative","isPartOf":{"@id":"https:\/\/vieassociative.be\/actualites\/#website"},"primaryImageOfPage":{"@id":"https:\/\/vieassociative.be\/actualites\/la-friteuse-a-air-que-jai-classee-le-meilleur-global-est-de-50-de-reduction-en-ce-moment\/#primaryimage"},"image":{"@id":"https:\/\/vieassociative.be\/actualites\/la-friteuse-a-air-que-jai-classee-le-meilleur-global-est-de-50-de-reduction-en-ce-moment\/#primaryimage"},"thumbnailUrl":"https:\/\/vieassociative.be\/actualites\/wp-content\/uploads\/2025\/07\/La-friteuse-a-air-que-jai-classee-le-meilleur-global.jpg","datePublished":"2025-07-27T13:22:35+00:00","dateModified":"2025-07-27T13:22:35+00:00","breadcrumb":{"@id":"https:\/\/vieassociative.be\/actualites\/la-friteuse-a-air-que-jai-classee-le-meilleur-global-est-de-50-de-reduction-en-ce-moment\/#breadcrumb"},"inLanguage":"fr-BE","potentialAction":[{"@type":"ReadAction","target":["https:\/\/vieassociative.be\/actualites\/la-friteuse-a-air-que-jai-classee-le-meilleur-global-est-de-50-de-reduction-en-ce-moment\/"]}]},{"@type":"ImageObject","inLanguage":"fr-BE","@id":"https:\/\/vieassociative.be\/actualites\/la-friteuse-a-air-que-jai-classee-le-meilleur-global-est-de-50-de-reduction-en-ce-moment\/#primaryimage","url":"https:\/\/vieassociative.be\/actualites\/wp-content\/uploads\/2025\/07\/La-friteuse-a-air-que-jai-classee-le-meilleur-global.jpg","contentUrl":"https:\/\/vieassociative.be\/actualites\/wp-content\/uploads\/2025\/07\/La-friteuse-a-air-que-jai-classee-le-meilleur-global.jpg","width":1200,"height":675,"caption":"La friteuse \u00e0 air que j'ai class\u00e9e \u00able meilleur global\u00bb est de 50% de r\u00e9duction en ce moment"},{"@type":"BreadcrumbList","@id":"https:\/\/vieassociative.be\/actualites\/la-friteuse-a-air-que-jai-classee-le-meilleur-global-est-de-50-de-reduction-en-ce-moment\/#breadcrumb","itemListElement":[{"@type":"ListItem","position":1,"name":"Accueil","item":"https:\/\/vieassociative.be\/actualites\/"},{"@type":"ListItem","position":2,"name":"La friteuse \u00e0 air que j&rsquo;ai class\u00e9e \u00able meilleur global\u00bb est de 50% de r\u00e9duction en ce moment"}]},{"@type":"WebSite","@id":"https:\/\/vieassociative.be\/actualites\/#website","url":"https:\/\/vieassociative.be\/actualites\/","name":"Vie Associative","description":"","publisher":{"@id":"https:\/\/vieassociative.be\/actualites\/#organization"},"potentialAction":[{"@type":"SearchAction","target":{"@type":"EntryPoint","urlTemplate":"https:\/\/vieassociative.be\/actualites\/?s={search_term_string}"},"query-input":{"@type":"PropertyValueSpecification","valueRequired":true,"valueName":"search_term_string"}}],"inLanguage":"fr-BE"},{"@type":"Organization","@id":"https:\/\/vieassociative.be\/actualites\/#organization","name":"Vie Associative","url":"https:\/\/vieassociative.be\/actualites\/","logo":{"@type":"ImageObject","inLanguage":"fr-BE","@id":"https:\/\/vieassociative.be\/actualites\/#\/schema\/logo\/image\/","url":"https:\/\/vieassociative.be\/actualites\/wp-content\/uploads\/2024\/09\/cropped-vieassociative_favicon.ico.png","contentUrl":"https:\/\/vieassociative.be\/actualites\/wp-content\/uploads\/2024\/09\/cropped-vieassociative_favicon.ico.png","width":512,"height":512,"caption":"Vie Associative"},"image":{"@id":"https:\/\/vieassociative.be\/actualites\/#\/schema\/logo\/image\/"}},{"@type":"Person","@id":"https:\/\/vieassociative.be\/actualites\/#\/schema\/person\/b87ac4f82f9d4e7b7cec7395b679edc4","name":"Julien","image":{"@type":"ImageObject","inLanguage":"fr-BE","@id":"https:\/\/vieassociative.be\/actualites\/#\/schema\/person\/image\/","url":"https:\/\/vieassociative.be\/actualites\/wp-content\/uploads\/2024\/09\/vie-associative-1-150x150.jpg","contentUrl":"https:\/\/vieassociative.be\/actualites\/wp-content\/uploads\/2024\/09\/vie-associative-1-150x150.jpg","caption":"Julien"},"description":"Je suis Julien, r\u00e9dacteur pour Vie Associative. Passionn\u00e9 par le monde associatif depuis plus de 10 ans, j'ai \u00e0 c\u0153ur de partager des histoires inspirantes et de mettre en lumi\u00e8re les initiatives locales. Mon objectif est de sensibiliser et d'encourager l'engagement communautaire \u00e0 travers mes articles.","sameAs":["https:\/\/vieassociative.be\/"]}]}},"_links":{"self":[{"href":"https:\/\/vieassociative.be\/actualites\/wp-json\/wp\/v2\/posts\/9038"}],"collection":[{"href":"https:\/\/vieassociative.be\/actualites\/wp-json\/wp\/v2\/posts"}],"about":[{"href":"https:\/\/vieassociative.be\/actualites\/wp-json\/wp\/v2\/types\/post"}],"author":[{"embeddable":true,"href":"https:\/\/vieassociative.be\/actualites\/wp-json\/wp\/v2\/users\/1"}],"replies":[{"embeddable":true,"href":"https:\/\/vieassociative.be\/actualites\/wp-json\/wp\/v2\/comments?post=9038"}],"version-history":[{"count":0,"href":"https:\/\/vieassociative.be\/actualites\/wp-json\/wp\/v2\/posts\/9038\/revisions"}],"wp:featuredmedia":[{"embeddable":true,"href":"https:\/\/vieassociative.be\/actualites\/wp-json\/wp\/v2\/media\/9039"}],"wp:attachment":[{"href":"https:\/\/vieassociative.be\/actualites\/wp-json\/wp\/v2\/media?parent=9038"}],"wp:term":[{"taxonomy":"category","embeddable":true,"href":"https:\/\/vieassociative.be\/actualites\/wp-json\/wp\/v2\/categories?post=9038"},{"taxonomy":"post_tag","embeddable":true,"href":"https:\/\/vieassociative.be\/actualites\/wp-json\/wp\/v2\/tags?post=9038"}],"curies":[{"name":"wp","href":"https:\/\/api.w.org\/{rel}","templated":true}]}}