{"id":9032,"date":"2025-07-27T04:17:20","date_gmt":"2025-07-27T02:17:20","guid":{"rendered":"https:\/\/vieassociative.be\/actualites\/geoblocking-taskforce-rapporte-jeux-de-la-bundesliga-dans-la-dg-a-lavenir\/"},"modified":"2025-07-27T04:17:20","modified_gmt":"2025-07-27T02:17:20","slug":"geoblocking-taskforce-rapporte-jeux-de-la-bundesliga-dans-la-dg-a-lavenir","status":"publish","type":"post","link":"https:\/\/vieassociative.be\/actualites\/geoblocking-taskforce-rapporte-jeux-de-la-bundesliga-dans-la-dg-a-lavenir\/","title":{"rendered":"GeoBlocking-TaskForce rapporte: \u00ab\u00a0Jeux de la Bundesliga dans la DG \u00e0 l&rsquo;avenir\u00a0\u00bb"},"content":{"rendered":"<p><strong>Le Geoblocking-Taskforce sous la direction du Premier ministre Oliver Paasch (ProDG), du d\u00e9put\u00e9 de l&rsquo;UE Pascal Arimont (CSP-EVP), du ministre des m\u00e9dias Gregor Schelles (PFF) et du s\u00e9nateur Liesa Scholzen (Prodg), selon ses propres mots, a \u00e9t\u00e9 capable de \u00ab\u00a0r\u00e9aliser une perc\u00e9e importante contre les restrictions gr\u00e2ce \u00e0 GeoBlocking Words,.<\/strong><\/p>\n<p><span id=\"more-421032\"><\/span>Gr\u00e2ce \u00e0 des n\u00e9gociations intensives avec Dazn, un progr\u00e8s crucial pour les fans de football de langue allemande en Belgique orientale pourrait \u00eatre r\u00e9alis\u00e9: de la saison \u00e0 venir, la conf\u00e9rence Bundesliga samedi et les Jeux de Bundesliga seront probablement disponibles avec un commentaire original allemand pour les abonn\u00e9s DAZN dans la DG.<\/p>\n<p>Vendredi, les jeux individuels et les jeux s\u00e9lectionn\u00e9s du samedi sont \u00e9galement accessibles, mais initialement sans commentaire allemand &#8211; \u00e0 moins que des commentateurs ne soient trouv\u00e9s sur le site.<br \/>\nEn ce qui concerne l&rsquo;accord obtenu, le contact pr\u00e9alable avec la \u00ab\u00a0DFL Deutsche Fu\u00dfball Liga GmbH\u00a0\u00bb &#8211; La soci\u00e9t\u00e9 qui est responsable de la commercialisation des droits de transfert des jeux de la Bundesliga allemande est responsable.<\/p>\n<\/p>\n<div id=\"attachment_322216\" class=\"wp-caption alignleft\" style=\"max-width: 300px\"><img fetchpriority=\"high\" decoding=\"async\" class=\"wp-image-322216 size-medium\" src=\"https:\/\/vieassociative.be\/actualites\/wp-content\/uploads\/2025\/07\/GeoBlocking-TaskForce-rapporte-Jeux-de-la-Bundesliga-dans-la-DG-a.jpeg\" alt=\"\" width=\"300\" height=\"200\"  ><\/div>\n<p>\u00abDans notre \u00e9change avec les repr\u00e9sentants de la DFL, nous avions d\u00e9j\u00e0 appel\u00e9<br \/>\n<\/p>\n<p>Les Belges germanophones doivent \u00eatre trouv\u00e9s une solution qui lui permet d&rsquo;\u00eatre l\u00e9galement accessible \u00e0 tous les jeux de Bundesliga en allemand. Cette affirmation a \u00e9t\u00e9 sp\u00e9cifiquement relev\u00e9e par la DFL et lorsque l&rsquo;appel d&rsquo;offres pour l&rsquo;attribution des droits d&rsquo;exploitation, l&rsquo;Est de la Belgique a \u00e9t\u00e9 explicitement mentionn\u00e9 pour les Four Seasons 2025-2027, 2027-2028 et 2028-2029 pour la premi\u00e8re fois. C&rsquo;\u00e9tait la condition de base que les jeux en allemand de la saison \u00e0 venir peuvent \u00e9galement \u00eatre disponibles aupr\u00e8s de nous \u00bb, ont d\u00e9clar\u00e9 les repr\u00e9sentants du groupe de travail.<\/p>\n<p>Ce succ\u00e8s est une \u00e9tape importante dans la poursuite de l&rsquo;utilisation contre la discrimination num\u00e9rique contre le g\u00e9oblocage, a-t-il d\u00e9clar\u00e9. \u00abLe groupe de travail poursuivra le dialogue avec Dazn et maintiendra en m\u00eame temps la pression sur d&rsquo;autres fournisseurs tels que Netflix, Disney et le diffuseur public Ard et ZDF. L&rsquo;objectif reste une solution \u00e9quitable et permanente pour toute la population de la communaut\u00e9 germanophone et un acc\u00e8s discriminatoire au contenu num\u00e9rique dans la langue maternelle.<br \/>\nLes offres audiovisuelles ont un caract\u00e8re mod\u00e8le qui sont actuellement emp\u00each\u00e9es par le g\u00e9obloquerie en Belgique de l&rsquo;Est. \u00ab\u00a0<\/p>\n","protected":false},"excerpt":{"rendered":"<p>Le Geoblocking-Taskforce sous la direction du Premier ministre Oliver Paasch (ProDG), du d\u00e9put\u00e9 de l&rsquo;UE Pascal Arimont (CSP-EVP), du ministre des m\u00e9dias Gregor Schelles (PFF)<\/p>\n","protected":false},"author":1,"featured_media":3105,"comment_status":"","ping_status":"","sticky":false,"template":"","format":"standard","meta":{"footnotes":""},"categories":[298],"tags":[3644,166,7929,350,2274,5506],"class_list":["post-9032","post","type-post","status-publish","format-standard","has-post-thumbnail","hentry","category-belgique","tag-bundesliga","tag-dans","tag-geoblockingtaskforce","tag-jeux","tag-lavenir","tag-rapporte","generate-columns","tablet-grid-50","mobile-grid-100","grid-parent","grid-33"],"yoast_head":"<!-- This site is optimized with the Yoast SEO plugin v24.0 - https:\/\/yoast.com\/wordpress\/plugins\/seo\/ -->\n<title>GeoBlocking-TaskForce rapporte: &quot;Jeux de la Bundesliga dans la DG \u00e0 l&#039;avenir&quot; | Vie Associative<\/title>\n<meta name=\"robots\" content=\"index, follow, max-snippet:-1, max-image-preview:large, max-video-preview:-1\" \/>\n<link rel=\"canonical\" href=\"https:\/\/vieassociative.be\/actualites\/geoblocking-taskforce-rapporte-jeux-de-la-bundesliga-dans-la-dg-a-lavenir\/\" \/>\n<meta property=\"og:locale\" content=\"fr_FR\" \/>\n<meta property=\"og:type\" content=\"article\" \/>\n<meta property=\"og:title\" content=\"GeoBlocking-TaskForce rapporte: &quot;Jeux de la Bundesliga dans la DG \u00e0 l&#039;avenir&quot; | Vie Associative\" \/>\n<meta property=\"og:description\" content=\"Le Geoblocking-Taskforce sous la direction du Premier ministre Oliver Paasch (ProDG), du d\u00e9put\u00e9 de l&rsquo;UE Pascal Arimont (CSP-EVP), du ministre des m\u00e9dias Gregor Schelles (PFF)\" \/>\n<meta property=\"og:url\" content=\"https:\/\/vieassociative.be\/actualites\/geoblocking-taskforce-rapporte-jeux-de-la-bundesliga-dans-la-dg-a-lavenir\/\" \/>\n<meta property=\"og:site_name\" content=\"Vie Associative\" \/>\n<meta property=\"article:published_time\" content=\"2025-07-27T02:17:20+00:00\" \/>\n<meta property=\"og:image\" content=\"https:\/\/vieassociative.be\/actualites\/wp-content\/uploads\/2024\/09\/header_backgroundk-01-e1726694325946.png\" \/>\n\t<meta property=\"og:image:width\" content=\"279\" \/>\n\t<meta property=\"og:image:height\" content=\"92\" \/>\n\t<meta property=\"og:image:type\" content=\"image\/png\" \/>\n<meta name=\"author\" content=\"Julien\" \/>\n<meta name=\"twitter:card\" content=\"summary_large_image\" \/>\n<meta name=\"twitter:label1\" content=\"\u00c9crit par\" \/>\n\t<meta name=\"twitter:data1\" content=\"Julien\" \/>\n\t<meta name=\"twitter:label2\" content=\"Dur\u00e9e de lecture est.\" \/>\n\t<meta name=\"twitter:data2\" content=\"2 minutes\" \/>\n<script type=\"application\/ld+json\" class=\"yoast-schema-graph\">{\"@context\":\"https:\/\/schema.org\",\"@graph\":[{\"@type\":\"Article\",\"@id\":\"https:\/\/vieassociative.be\/actualites\/geoblocking-taskforce-rapporte-jeux-de-la-bundesliga-dans-la-dg-a-lavenir\/#article\",\"isPartOf\":{\"@id\":\"https:\/\/vieassociative.be\/actualites\/geoblocking-taskforce-rapporte-jeux-de-la-bundesliga-dans-la-dg-a-lavenir\/\"},\"author\":{\"name\":\"Julien\",\"@id\":\"https:\/\/vieassociative.be\/actualites\/#\/schema\/person\/b87ac4f82f9d4e7b7cec7395b679edc4\"},\"headline\":\"GeoBlocking-TaskForce rapporte: \u00ab\u00a0Jeux de la Bundesliga dans la DG \u00e0 l&rsquo;avenir\u00a0\u00bb\",\"datePublished\":\"2025-07-27T02:17:20+00:00\",\"dateModified\":\"2025-07-27T02:17:20+00:00\",\"mainEntityOfPage\":{\"@id\":\"https:\/\/vieassociative.be\/actualites\/geoblocking-taskforce-rapporte-jeux-de-la-bundesliga-dans-la-dg-a-lavenir\/\"},\"wordCount\":425,\"publisher\":{\"@id\":\"https:\/\/vieassociative.be\/actualites\/#organization\"},\"image\":{\"@id\":\"https:\/\/vieassociative.be\/actualites\/geoblocking-taskforce-rapporte-jeux-de-la-bundesliga-dans-la-dg-a-lavenir\/#primaryimage\"},\"thumbnailUrl\":\"https:\/\/vieassociative.be\/actualites\/wp-content\/uploads\/2024\/12\/1733451519_Le-Sportschau-restera-pour-les-fans-de-Bundesliga.jpeg\",\"keywords\":[\"Bundesliga\",\"dans\",\"GeoBlockingTaskForce\",\"jeux\",\"lavenir\",\"rapporte\"],\"articleSection\":[\"Belgique\"],\"inLanguage\":\"fr-BE\"},{\"@type\":\"WebPage\",\"@id\":\"https:\/\/vieassociative.be\/actualites\/geoblocking-taskforce-rapporte-jeux-de-la-bundesliga-dans-la-dg-a-lavenir\/\",\"url\":\"https:\/\/vieassociative.be\/actualites\/geoblocking-taskforce-rapporte-jeux-de-la-bundesliga-dans-la-dg-a-lavenir\/\",\"name\":\"GeoBlocking-TaskForce rapporte: \\\"Jeux de la Bundesliga dans la DG \u00e0 l'avenir\\\" | Vie Associative\",\"isPartOf\":{\"@id\":\"https:\/\/vieassociative.be\/actualites\/#website\"},\"primaryImageOfPage\":{\"@id\":\"https:\/\/vieassociative.be\/actualites\/geoblocking-taskforce-rapporte-jeux-de-la-bundesliga-dans-la-dg-a-lavenir\/#primaryimage\"},\"image\":{\"@id\":\"https:\/\/vieassociative.be\/actualites\/geoblocking-taskforce-rapporte-jeux-de-la-bundesliga-dans-la-dg-a-lavenir\/#primaryimage\"},\"thumbnailUrl\":\"https:\/\/vieassociative.be\/actualites\/wp-content\/uploads\/2024\/12\/1733451519_Le-Sportschau-restera-pour-les-fans-de-Bundesliga.jpeg\",\"datePublished\":\"2025-07-27T02:17:20+00:00\",\"dateModified\":\"2025-07-27T02:17:20+00:00\",\"breadcrumb\":{\"@id\":\"https:\/\/vieassociative.be\/actualites\/geoblocking-taskforce-rapporte-jeux-de-la-bundesliga-dans-la-dg-a-lavenir\/#breadcrumb\"},\"inLanguage\":\"fr-BE\",\"potentialAction\":[{\"@type\":\"ReadAction\",\"target\":[\"https:\/\/vieassociative.be\/actualites\/geoblocking-taskforce-rapporte-jeux-de-la-bundesliga-dans-la-dg-a-lavenir\/\"]}]},{\"@type\":\"ImageObject\",\"inLanguage\":\"fr-BE\",\"@id\":\"https:\/\/vieassociative.be\/actualites\/geoblocking-taskforce-rapporte-jeux-de-la-bundesliga-dans-la-dg-a-lavenir\/#primaryimage\",\"url\":\"https:\/\/vieassociative.be\/actualites\/wp-content\/uploads\/2024\/12\/1733451519_Le-Sportschau-restera-pour-les-fans-de-Bundesliga.jpeg\",\"contentUrl\":\"https:\/\/vieassociative.be\/actualites\/wp-content\/uploads\/2024\/12\/1733451519_Le-Sportschau-restera-pour-les-fans-de-Bundesliga.jpeg\",\"width\":1300,\"height\":867,\"caption\":\"Le \u00ab Sportschau \u00bb restera pour les fans de Bundesliga\"},{\"@type\":\"BreadcrumbList\",\"@id\":\"https:\/\/vieassociative.be\/actualites\/geoblocking-taskforce-rapporte-jeux-de-la-bundesliga-dans-la-dg-a-lavenir\/#breadcrumb\",\"itemListElement\":[{\"@type\":\"ListItem\",\"position\":1,\"name\":\"Accueil\",\"item\":\"https:\/\/vieassociative.be\/actualites\/\"},{\"@type\":\"ListItem\",\"position\":2,\"name\":\"GeoBlocking-TaskForce rapporte: \u00ab\u00a0Jeux de la Bundesliga dans la DG \u00e0 l&rsquo;avenir\u00a0\u00bb\"}]},{\"@type\":\"WebSite\",\"@id\":\"https:\/\/vieassociative.be\/actualites\/#website\",\"url\":\"https:\/\/vieassociative.be\/actualites\/\",\"name\":\"Vie Associative\",\"description\":\"\",\"publisher\":{\"@id\":\"https:\/\/vieassociative.be\/actualites\/#organization\"},\"potentialAction\":[{\"@type\":\"SearchAction\",\"target\":{\"@type\":\"EntryPoint\",\"urlTemplate\":\"https:\/\/vieassociative.be\/actualites\/?s={search_term_string}\"},\"query-input\":{\"@type\":\"PropertyValueSpecification\",\"valueRequired\":true,\"valueName\":\"search_term_string\"}}],\"inLanguage\":\"fr-BE\"},{\"@type\":\"Organization\",\"@id\":\"https:\/\/vieassociative.be\/actualites\/#organization\",\"name\":\"Vie Associative\",\"url\":\"https:\/\/vieassociative.be\/actualites\/\",\"logo\":{\"@type\":\"ImageObject\",\"inLanguage\":\"fr-BE\",\"@id\":\"https:\/\/vieassociative.be\/actualites\/#\/schema\/logo\/image\/\",\"url\":\"https:\/\/vieassociative.be\/actualites\/wp-content\/uploads\/2024\/09\/cropped-vieassociative_favicon.ico.png\",\"contentUrl\":\"https:\/\/vieassociative.be\/actualites\/wp-content\/uploads\/2024\/09\/cropped-vieassociative_favicon.ico.png\",\"width\":512,\"height\":512,\"caption\":\"Vie Associative\"},\"image\":{\"@id\":\"https:\/\/vieassociative.be\/actualites\/#\/schema\/logo\/image\/\"}},{\"@type\":\"Person\",\"@id\":\"https:\/\/vieassociative.be\/actualites\/#\/schema\/person\/b87ac4f82f9d4e7b7cec7395b679edc4\",\"name\":\"Julien\",\"image\":{\"@type\":\"ImageObject\",\"inLanguage\":\"fr-BE\",\"@id\":\"https:\/\/vieassociative.be\/actualites\/#\/schema\/person\/image\/\",\"url\":\"https:\/\/vieassociative.be\/actualites\/wp-content\/uploads\/2024\/09\/vie-associative-1-150x150.jpg\",\"contentUrl\":\"https:\/\/vieassociative.be\/actualites\/wp-content\/uploads\/2024\/09\/vie-associative-1-150x150.jpg\",\"caption\":\"Julien\"},\"description\":\"Je suis Julien, r\u00e9dacteur pour Vie Associative. Passionn\u00e9 par le monde associatif depuis plus de 10 ans, j'ai \u00e0 c\u0153ur de partager des histoires inspirantes et de mettre en lumi\u00e8re les initiatives locales. Mon objectif est de sensibiliser et d'encourager l'engagement communautaire \u00e0 travers mes articles.\",\"sameAs\":[\"https:\/\/vieassociative.be\/\"]}]}<\/script>\n<!-- \/ Yoast SEO plugin. -->","yoast_head_json":{"title":"GeoBlocking-TaskForce rapporte: \"Jeux de la Bundesliga dans la DG \u00e0 l'avenir\" | Vie Associative","robots":{"index":"index","follow":"follow","max-snippet":"max-snippet:-1","max-image-preview":"max-image-preview:large","max-video-preview":"max-video-preview:-1"},"canonical":"https:\/\/vieassociative.be\/actualites\/geoblocking-taskforce-rapporte-jeux-de-la-bundesliga-dans-la-dg-a-lavenir\/","og_locale":"fr_FR","og_type":"article","og_title":"GeoBlocking-TaskForce rapporte: \"Jeux de la Bundesliga dans la DG \u00e0 l'avenir\" | Vie Associative","og_description":"Le Geoblocking-Taskforce sous la direction du Premier ministre Oliver Paasch (ProDG), du d\u00e9put\u00e9 de l&rsquo;UE Pascal Arimont (CSP-EVP), du ministre des m\u00e9dias Gregor Schelles (PFF)","og_url":"https:\/\/vieassociative.be\/actualites\/geoblocking-taskforce-rapporte-jeux-de-la-bundesliga-dans-la-dg-a-lavenir\/","og_site_name":"Vie Associative","article_published_time":"2025-07-27T02:17:20+00:00","og_image":[{"width":279,"height":92,"url":"https:\/\/vieassociative.be\/actualites\/wp-content\/uploads\/2024\/09\/header_backgroundk-01-e1726694325946.png","type":"image\/png"}],"author":"Julien","twitter_card":"summary_large_image","twitter_misc":{"\u00c9crit par":"Julien","Dur\u00e9e de lecture est.":"2 minutes"},"schema":{"@context":"https:\/\/schema.org","@graph":[{"@type":"Article","@id":"https:\/\/vieassociative.be\/actualites\/geoblocking-taskforce-rapporte-jeux-de-la-bundesliga-dans-la-dg-a-lavenir\/#article","isPartOf":{"@id":"https:\/\/vieassociative.be\/actualites\/geoblocking-taskforce-rapporte-jeux-de-la-bundesliga-dans-la-dg-a-lavenir\/"},"author":{"name":"Julien","@id":"https:\/\/vieassociative.be\/actualites\/#\/schema\/person\/b87ac4f82f9d4e7b7cec7395b679edc4"},"headline":"GeoBlocking-TaskForce rapporte: \u00ab\u00a0Jeux de la Bundesliga dans la DG \u00e0 l&rsquo;avenir\u00a0\u00bb","datePublished":"2025-07-27T02:17:20+00:00","dateModified":"2025-07-27T02:17:20+00:00","mainEntityOfPage":{"@id":"https:\/\/vieassociative.be\/actualites\/geoblocking-taskforce-rapporte-jeux-de-la-bundesliga-dans-la-dg-a-lavenir\/"},"wordCount":425,"publisher":{"@id":"https:\/\/vieassociative.be\/actualites\/#organization"},"image":{"@id":"https:\/\/vieassociative.be\/actualites\/geoblocking-taskforce-rapporte-jeux-de-la-bundesliga-dans-la-dg-a-lavenir\/#primaryimage"},"thumbnailUrl":"https:\/\/vieassociative.be\/actualites\/wp-content\/uploads\/2024\/12\/1733451519_Le-Sportschau-restera-pour-les-fans-de-Bundesliga.jpeg","keywords":["Bundesliga","dans","GeoBlockingTaskForce","jeux","lavenir","rapporte"],"articleSection":["Belgique"],"inLanguage":"fr-BE"},{"@type":"WebPage","@id":"https:\/\/vieassociative.be\/actualites\/geoblocking-taskforce-rapporte-jeux-de-la-bundesliga-dans-la-dg-a-lavenir\/","url":"https:\/\/vieassociative.be\/actualites\/geoblocking-taskforce-rapporte-jeux-de-la-bundesliga-dans-la-dg-a-lavenir\/","name":"GeoBlocking-TaskForce rapporte: \"Jeux de la Bundesliga dans la DG \u00e0 l'avenir\" | Vie Associative","isPartOf":{"@id":"https:\/\/vieassociative.be\/actualites\/#website"},"primaryImageOfPage":{"@id":"https:\/\/vieassociative.be\/actualites\/geoblocking-taskforce-rapporte-jeux-de-la-bundesliga-dans-la-dg-a-lavenir\/#primaryimage"},"image":{"@id":"https:\/\/vieassociative.be\/actualites\/geoblocking-taskforce-rapporte-jeux-de-la-bundesliga-dans-la-dg-a-lavenir\/#primaryimage"},"thumbnailUrl":"https:\/\/vieassociative.be\/actualites\/wp-content\/uploads\/2024\/12\/1733451519_Le-Sportschau-restera-pour-les-fans-de-Bundesliga.jpeg","datePublished":"2025-07-27T02:17:20+00:00","dateModified":"2025-07-27T02:17:20+00:00","breadcrumb":{"@id":"https:\/\/vieassociative.be\/actualites\/geoblocking-taskforce-rapporte-jeux-de-la-bundesliga-dans-la-dg-a-lavenir\/#breadcrumb"},"inLanguage":"fr-BE","potentialAction":[{"@type":"ReadAction","target":["https:\/\/vieassociative.be\/actualites\/geoblocking-taskforce-rapporte-jeux-de-la-bundesliga-dans-la-dg-a-lavenir\/"]}]},{"@type":"ImageObject","inLanguage":"fr-BE","@id":"https:\/\/vieassociative.be\/actualites\/geoblocking-taskforce-rapporte-jeux-de-la-bundesliga-dans-la-dg-a-lavenir\/#primaryimage","url":"https:\/\/vieassociative.be\/actualites\/wp-content\/uploads\/2024\/12\/1733451519_Le-Sportschau-restera-pour-les-fans-de-Bundesliga.jpeg","contentUrl":"https:\/\/vieassociative.be\/actualites\/wp-content\/uploads\/2024\/12\/1733451519_Le-Sportschau-restera-pour-les-fans-de-Bundesliga.jpeg","width":1300,"height":867,"caption":"Le \u00ab Sportschau \u00bb restera pour les fans de Bundesliga"},{"@type":"BreadcrumbList","@id":"https:\/\/vieassociative.be\/actualites\/geoblocking-taskforce-rapporte-jeux-de-la-bundesliga-dans-la-dg-a-lavenir\/#breadcrumb","itemListElement":[{"@type":"ListItem","position":1,"name":"Accueil","item":"https:\/\/vieassociative.be\/actualites\/"},{"@type":"ListItem","position":2,"name":"GeoBlocking-TaskForce rapporte: \u00ab\u00a0Jeux de la Bundesliga dans la DG \u00e0 l&rsquo;avenir\u00a0\u00bb"}]},{"@type":"WebSite","@id":"https:\/\/vieassociative.be\/actualites\/#website","url":"https:\/\/vieassociative.be\/actualites\/","name":"Vie Associative","description":"","publisher":{"@id":"https:\/\/vieassociative.be\/actualites\/#organization"},"potentialAction":[{"@type":"SearchAction","target":{"@type":"EntryPoint","urlTemplate":"https:\/\/vieassociative.be\/actualites\/?s={search_term_string}"},"query-input":{"@type":"PropertyValueSpecification","valueRequired":true,"valueName":"search_term_string"}}],"inLanguage":"fr-BE"},{"@type":"Organization","@id":"https:\/\/vieassociative.be\/actualites\/#organization","name":"Vie Associative","url":"https:\/\/vieassociative.be\/actualites\/","logo":{"@type":"ImageObject","inLanguage":"fr-BE","@id":"https:\/\/vieassociative.be\/actualites\/#\/schema\/logo\/image\/","url":"https:\/\/vieassociative.be\/actualites\/wp-content\/uploads\/2024\/09\/cropped-vieassociative_favicon.ico.png","contentUrl":"https:\/\/vieassociative.be\/actualites\/wp-content\/uploads\/2024\/09\/cropped-vieassociative_favicon.ico.png","width":512,"height":512,"caption":"Vie Associative"},"image":{"@id":"https:\/\/vieassociative.be\/actualites\/#\/schema\/logo\/image\/"}},{"@type":"Person","@id":"https:\/\/vieassociative.be\/actualites\/#\/schema\/person\/b87ac4f82f9d4e7b7cec7395b679edc4","name":"Julien","image":{"@type":"ImageObject","inLanguage":"fr-BE","@id":"https:\/\/vieassociative.be\/actualites\/#\/schema\/person\/image\/","url":"https:\/\/vieassociative.be\/actualites\/wp-content\/uploads\/2024\/09\/vie-associative-1-150x150.jpg","contentUrl":"https:\/\/vieassociative.be\/actualites\/wp-content\/uploads\/2024\/09\/vie-associative-1-150x150.jpg","caption":"Julien"},"description":"Je suis Julien, r\u00e9dacteur pour Vie Associative. Passionn\u00e9 par le monde associatif depuis plus de 10 ans, j'ai \u00e0 c\u0153ur de partager des histoires inspirantes et de mettre en lumi\u00e8re les initiatives locales. Mon objectif est de sensibiliser et d'encourager l'engagement communautaire \u00e0 travers mes articles.","sameAs":["https:\/\/vieassociative.be\/"]}]}},"_links":{"self":[{"href":"https:\/\/vieassociative.be\/actualites\/wp-json\/wp\/v2\/posts\/9032"}],"collection":[{"href":"https:\/\/vieassociative.be\/actualites\/wp-json\/wp\/v2\/posts"}],"about":[{"href":"https:\/\/vieassociative.be\/actualites\/wp-json\/wp\/v2\/types\/post"}],"author":[{"embeddable":true,"href":"https:\/\/vieassociative.be\/actualites\/wp-json\/wp\/v2\/users\/1"}],"replies":[{"embeddable":true,"href":"https:\/\/vieassociative.be\/actualites\/wp-json\/wp\/v2\/comments?post=9032"}],"version-history":[{"count":0,"href":"https:\/\/vieassociative.be\/actualites\/wp-json\/wp\/v2\/posts\/9032\/revisions"}],"wp:featuredmedia":[{"embeddable":true,"href":"https:\/\/vieassociative.be\/actualites\/wp-json\/wp\/v2\/media\/3105"}],"wp:attachment":[{"href":"https:\/\/vieassociative.be\/actualites\/wp-json\/wp\/v2\/media?parent=9032"}],"wp:term":[{"taxonomy":"category","embeddable":true,"href":"https:\/\/vieassociative.be\/actualites\/wp-json\/wp\/v2\/categories?post=9032"},{"taxonomy":"post_tag","embeddable":true,"href":"https:\/\/vieassociative.be\/actualites\/wp-json\/wp\/v2\/tags?post=9032"}],"curies":[{"name":"wp","href":"https:\/\/api.w.org\/{rel}","templated":true}]}}