{"id":9030,"date":"2025-07-27T03:20:44","date_gmt":"2025-07-27T01:20:44","guid":{"rendered":"https:\/\/vieassociative.be\/actualites\/pourquoi-le-nouveau-kindle-colorsoft-probablement-moins-cher-ne-vaut-pas-les-economies\/"},"modified":"2025-07-27T03:20:44","modified_gmt":"2025-07-27T01:20:44","slug":"pourquoi-le-nouveau-kindle-colorsoft-probablement-moins-cher-ne-vaut-pas-les-economies","status":"publish","type":"post","link":"https:\/\/vieassociative.be\/actualites\/pourquoi-le-nouveau-kindle-colorsoft-probablement-moins-cher-ne-vaut-pas-les-economies\/","title":{"rendered":"Pourquoi le nouveau Kindle Colorsoft (probablement) moins cher ne vaut pas les \u00e9conomies"},"content":{"rendered":"<div class=\"mt-4 leading-6 md:mb-8\">Le nouveau Kindle Colorsoft co\u00fbte 30 $ moins cher, mais que perdez-vous?<\/div>\n<p><\/p>\n<p>Soit Amazon, Kindle Colorsoft ne se vend pas assez bien, soit la concurrence se vend mieux, car la soci\u00e9t\u00e9 semble avoir discr\u00e8tement publi\u00e9 une nouvelle version moins ch\u00e8re \u00e0 partir de la fin hier. C&rsquo;\u00e9tait partout dans mon application Amazon quand je l&rsquo;ai ouverte cet apr\u00e8s-midi, et il est promu au point o\u00f9 je ne trouve pas l&rsquo;ancien mod\u00e8le en dehors des backs et des liens directs vers lui. Le probl\u00e8me? Il est livr\u00e9 avec un tas de compromis, et n&rsquo;est que 30 $ de moins.<\/p>\n<p>Il remplit cependant un trou dans la gamme Kindle. Auparavant, le Kindle Colorsoft n&rsquo;\u00e9tait disponible que comme une \u00ab\u00e9dition de signature\u00bb, ce qui signifie qu&rsquo;il avait des bonus comme la charge sans fil, l&rsquo;auto-brillance et le stockage suppl\u00e9mentaire lanc\u00e9. Ce nouveau mod\u00e8le donne enfin \u00e0 ColorSoft une version \u00abstandard\u00bb, mais ce compromis en vaut-il la peine?<\/p>\n<p>En tant que plus, il ne vient pas avec des annonces sur l&rsquo;\u00e9cran de verrouillage, quelque chose que vous devez payer sur d&rsquo;autres Kindles d&rsquo;\u00e9dition non signature. Mais pour le rabais bas et bas de 30 $, vous obtenez \u00e9galement le strict minimum. Si vous \u00eates comme moi, vous pouvez probablement vivre sans charge sans fil et auto-brillance, mais le nouveau Kindle Colorsoft a \u00e9galement la moiti\u00e9 du stockage, \u00e0 16 Go au lieu de 32 Go.<\/p>\n<p>C&rsquo;est beaucoup d&rsquo;espace pour abandonner seulement une \u00e9conomie de 30 $. Pour \u00eatre juste, vous pourrez contenir des dizaines de milliers de livres de texte avec cela, mais jetez des livres audio ou des bandes dessin\u00e9es que le Kindle Colordeft semble pratiquement con\u00e7u, et vous pourriez commencer \u00e0 rafra\u00eechir davantage ces limites de stockage.<\/p>\n<p>Dans cet esprit, j&rsquo;irais probablement encore pour l&rsquo;\u00e9dition Signature, d&rsquo;autant plus que vous pouvez obtenir des mod\u00e8les de couleurs budg\u00e9taires concurrents comme la couleur Kobo Clara, et m\u00eame la couleur Kobo Libra plus ch\u00e8re, pour moins cher que ce que vous pouvez obtenir ce nouveau budget Colorsoft. Vous perdrez sur un pouce de taille d&rsquo;\u00e9cran avec la Clara, mais la Balance am\u00e9liore r\u00e9ellement le Colorsoft de plusieurs mani\u00e8res, comme les boutons de virage de page et la prise en charge du stylet. Il a \u00e9galement 32 Go de stockage, comme l&rsquo;\u00e9dition Colorsoft Signature.<\/p>\n<p>Dans mes tests, je dois admettre que l&rsquo;approche d&rsquo;Amazon sur la couleur E-ink a tendance \u00e0 \u00eatre plus dynamique et \u00e0 avoir moins d&rsquo;artefacts que la concurrence, mais c&rsquo;est toujours une exp\u00e9rience compromise par rapport aux \u00e9crans plus traditionnels. Si vous \u00eates d\u00e9j\u00e0 pr\u00eat \u00e0 faire des sacrifices, vous pourriez \u00eatre le type de personne qui est pr\u00eat \u00e0 perdre un peu de fid\u00e9lit\u00e9 pour les \u00e9conomies. Si l&rsquo;argent est ce qui vous importe, puis m\u00eame r\u00e9dig\u00e9, le nouveau Colorsoft n&rsquo;est pas votre meilleure option, d&rsquo;autant plus qu&rsquo;il vous enferme dans l&rsquo;\u00e9cosyst\u00e8me du Kindle d&rsquo;Amazon &#8211; et ses prix.<\/p>\n<p>Si vous \u00eates pr\u00eat \u00e0 payer un peu plus et \u00e0 faire face \u00e0 l&rsquo;\u00e9cosyst\u00e8me Kindle, j&rsquo;ai encore beaucoup de choses positives \u00e0 dire sur l&rsquo;\u00e9dition ColorDoft Signature. Il est difficile de trouver en ce moment, car Amazon semble \u00eatre la recherche de recherches pour que des paquets avec des couvertures et des chargeurs sans fil jettent, plut\u00f4t que l&rsquo;appareil lui-m\u00eame. Mais il est toujours disponible sur le lien direct ici. Vous pouvez \u00e9galement ajouter un peu plus de valeur au nouveau Kindle Colorsoft en achetant la version Kids, qui co\u00fbte 20 $ de plus mais lance un an d&rsquo;Amazon Kids +, qui co\u00fbte normalement 8 $ par mois.<\/p>\n","protected":false},"excerpt":{"rendered":"<p>Le nouveau Kindle Colorsoft co\u00fbte 30 $ moins cher, mais que perdez-vous? Soit Amazon, Kindle Colorsoft ne se vend pas assez bien, soit la concurrence<\/p>\n","protected":false},"author":1,"featured_media":9031,"comment_status":"","ping_status":"","sticky":false,"template":"","format":"standard","meta":{"footnotes":""},"categories":[13],"tags":[657,4834,2931,2263,14,469,553,126,734,419,522],"class_list":["post-9030","post","type-post","status-publish","format-standard","has-post-thumbnail","hentry","category-technologie","tag-cher","tag-colorsoft","tag-economies","tag-kindle","tag-les","tag-moins","tag-nouveau","tag-pas","tag-pourquoi","tag-probablement","tag-vaut","generate-columns","tablet-grid-50","mobile-grid-100","grid-parent","grid-33"],"yoast_head":"<!-- This site is optimized with the Yoast SEO plugin v24.0 - https:\/\/yoast.com\/wordpress\/plugins\/seo\/ -->\n<title>Pourquoi le nouveau Kindle Colorsoft (probablement) moins cher ne vaut pas les \u00e9conomies | Vie Associative<\/title>\n<meta name=\"robots\" content=\"index, follow, max-snippet:-1, max-image-preview:large, max-video-preview:-1\" \/>\n<link rel=\"canonical\" href=\"https:\/\/vieassociative.be\/actualites\/pourquoi-le-nouveau-kindle-colorsoft-probablement-moins-cher-ne-vaut-pas-les-economies\/\" \/>\n<meta property=\"og:locale\" content=\"fr_FR\" \/>\n<meta property=\"og:type\" content=\"article\" \/>\n<meta property=\"og:title\" content=\"Pourquoi le nouveau Kindle Colorsoft (probablement) moins cher ne vaut pas les \u00e9conomies | Vie Associative\" \/>\n<meta property=\"og:description\" content=\"Le nouveau Kindle Colorsoft co\u00fbte 30 $ moins cher, mais que perdez-vous? Soit Amazon, Kindle Colorsoft ne se vend pas assez bien, soit la concurrence\" \/>\n<meta property=\"og:url\" content=\"https:\/\/vieassociative.be\/actualites\/pourquoi-le-nouveau-kindle-colorsoft-probablement-moins-cher-ne-vaut-pas-les-economies\/\" \/>\n<meta property=\"og:site_name\" content=\"Vie Associative\" \/>\n<meta property=\"article:published_time\" content=\"2025-07-27T01:20:44+00:00\" \/>\n<meta property=\"og:image\" content=\"https:\/\/vieassociative.be\/actualites\/wp-content\/uploads\/2024\/09\/header_backgroundk-01-e1726694325946.png\" \/>\n\t<meta property=\"og:image:width\" content=\"279\" \/>\n\t<meta property=\"og:image:height\" content=\"92\" \/>\n\t<meta property=\"og:image:type\" content=\"image\/png\" \/>\n<meta name=\"author\" content=\"Julien\" \/>\n<meta name=\"twitter:card\" content=\"summary_large_image\" \/>\n<meta name=\"twitter:label1\" content=\"\u00c9crit par\" \/>\n\t<meta name=\"twitter:data1\" content=\"Julien\" \/>\n\t<meta name=\"twitter:label2\" content=\"Dur\u00e9e de lecture est.\" \/>\n\t<meta name=\"twitter:data2\" content=\"3 minutes\" \/>\n<script type=\"application\/ld+json\" class=\"yoast-schema-graph\">{\"@context\":\"https:\/\/schema.org\",\"@graph\":[{\"@type\":\"Article\",\"@id\":\"https:\/\/vieassociative.be\/actualites\/pourquoi-le-nouveau-kindle-colorsoft-probablement-moins-cher-ne-vaut-pas-les-economies\/#article\",\"isPartOf\":{\"@id\":\"https:\/\/vieassociative.be\/actualites\/pourquoi-le-nouveau-kindle-colorsoft-probablement-moins-cher-ne-vaut-pas-les-economies\/\"},\"author\":{\"name\":\"Julien\",\"@id\":\"https:\/\/vieassociative.be\/actualites\/#\/schema\/person\/b87ac4f82f9d4e7b7cec7395b679edc4\"},\"headline\":\"Pourquoi le nouveau Kindle Colorsoft (probablement) moins cher ne vaut pas les \u00e9conomies\",\"datePublished\":\"2025-07-27T01:20:44+00:00\",\"dateModified\":\"2025-07-27T01:20:44+00:00\",\"mainEntityOfPage\":{\"@id\":\"https:\/\/vieassociative.be\/actualites\/pourquoi-le-nouveau-kindle-colorsoft-probablement-moins-cher-ne-vaut-pas-les-economies\/\"},\"wordCount\":636,\"publisher\":{\"@id\":\"https:\/\/vieassociative.be\/actualites\/#organization\"},\"image\":{\"@id\":\"https:\/\/vieassociative.be\/actualites\/pourquoi-le-nouveau-kindle-colorsoft-probablement-moins-cher-ne-vaut-pas-les-economies\/#primaryimage\"},\"thumbnailUrl\":\"https:\/\/vieassociative.be\/actualites\/wp-content\/uploads\/2025\/07\/Pourquoi-le-nouveau-Kindle-Colorsoft-probablement-moins-cher-ne-vaut.jpg\",\"keywords\":[\"cher\",\"Colorsoft\",\"\u00c9conomies\",\"Kindle\",\"Les\",\"moins\",\"nouveau\",\"pas\",\"Pourquoi\",\"probablement\",\"vaut\"],\"articleSection\":[\"Technologie\"],\"inLanguage\":\"fr-BE\"},{\"@type\":\"WebPage\",\"@id\":\"https:\/\/vieassociative.be\/actualites\/pourquoi-le-nouveau-kindle-colorsoft-probablement-moins-cher-ne-vaut-pas-les-economies\/\",\"url\":\"https:\/\/vieassociative.be\/actualites\/pourquoi-le-nouveau-kindle-colorsoft-probablement-moins-cher-ne-vaut-pas-les-economies\/\",\"name\":\"Pourquoi le nouveau Kindle Colorsoft (probablement) moins cher ne vaut pas les \u00e9conomies | Vie Associative\",\"isPartOf\":{\"@id\":\"https:\/\/vieassociative.be\/actualites\/#website\"},\"primaryImageOfPage\":{\"@id\":\"https:\/\/vieassociative.be\/actualites\/pourquoi-le-nouveau-kindle-colorsoft-probablement-moins-cher-ne-vaut-pas-les-economies\/#primaryimage\"},\"image\":{\"@id\":\"https:\/\/vieassociative.be\/actualites\/pourquoi-le-nouveau-kindle-colorsoft-probablement-moins-cher-ne-vaut-pas-les-economies\/#primaryimage\"},\"thumbnailUrl\":\"https:\/\/vieassociative.be\/actualites\/wp-content\/uploads\/2025\/07\/Pourquoi-le-nouveau-Kindle-Colorsoft-probablement-moins-cher-ne-vaut.jpg\",\"datePublished\":\"2025-07-27T01:20:44+00:00\",\"dateModified\":\"2025-07-27T01:20:44+00:00\",\"breadcrumb\":{\"@id\":\"https:\/\/vieassociative.be\/actualites\/pourquoi-le-nouveau-kindle-colorsoft-probablement-moins-cher-ne-vaut-pas-les-economies\/#breadcrumb\"},\"inLanguage\":\"fr-BE\",\"potentialAction\":[{\"@type\":\"ReadAction\",\"target\":[\"https:\/\/vieassociative.be\/actualites\/pourquoi-le-nouveau-kindle-colorsoft-probablement-moins-cher-ne-vaut-pas-les-economies\/\"]}]},{\"@type\":\"ImageObject\",\"inLanguage\":\"fr-BE\",\"@id\":\"https:\/\/vieassociative.be\/actualites\/pourquoi-le-nouveau-kindle-colorsoft-probablement-moins-cher-ne-vaut-pas-les-economies\/#primaryimage\",\"url\":\"https:\/\/vieassociative.be\/actualites\/wp-content\/uploads\/2025\/07\/Pourquoi-le-nouveau-Kindle-Colorsoft-probablement-moins-cher-ne-vaut.jpg\",\"contentUrl\":\"https:\/\/vieassociative.be\/actualites\/wp-content\/uploads\/2025\/07\/Pourquoi-le-nouveau-Kindle-Colorsoft-probablement-moins-cher-ne-vaut.jpg\",\"width\":1200,\"height\":675,\"caption\":\"Pourquoi le nouveau Kindle Colorsoft (probablement) moins cher ne vaut pas les \u00e9conomies\"},{\"@type\":\"BreadcrumbList\",\"@id\":\"https:\/\/vieassociative.be\/actualites\/pourquoi-le-nouveau-kindle-colorsoft-probablement-moins-cher-ne-vaut-pas-les-economies\/#breadcrumb\",\"itemListElement\":[{\"@type\":\"ListItem\",\"position\":1,\"name\":\"Accueil\",\"item\":\"https:\/\/vieassociative.be\/actualites\/\"},{\"@type\":\"ListItem\",\"position\":2,\"name\":\"Pourquoi le nouveau Kindle Colorsoft (probablement) moins cher ne vaut pas les \u00e9conomies\"}]},{\"@type\":\"WebSite\",\"@id\":\"https:\/\/vieassociative.be\/actualites\/#website\",\"url\":\"https:\/\/vieassociative.be\/actualites\/\",\"name\":\"Vie Associative\",\"description\":\"\",\"publisher\":{\"@id\":\"https:\/\/vieassociative.be\/actualites\/#organization\"},\"potentialAction\":[{\"@type\":\"SearchAction\",\"target\":{\"@type\":\"EntryPoint\",\"urlTemplate\":\"https:\/\/vieassociative.be\/actualites\/?s={search_term_string}\"},\"query-input\":{\"@type\":\"PropertyValueSpecification\",\"valueRequired\":true,\"valueName\":\"search_term_string\"}}],\"inLanguage\":\"fr-BE\"},{\"@type\":\"Organization\",\"@id\":\"https:\/\/vieassociative.be\/actualites\/#organization\",\"name\":\"Vie Associative\",\"url\":\"https:\/\/vieassociative.be\/actualites\/\",\"logo\":{\"@type\":\"ImageObject\",\"inLanguage\":\"fr-BE\",\"@id\":\"https:\/\/vieassociative.be\/actualites\/#\/schema\/logo\/image\/\",\"url\":\"https:\/\/vieassociative.be\/actualites\/wp-content\/uploads\/2024\/09\/cropped-vieassociative_favicon.ico.png\",\"contentUrl\":\"https:\/\/vieassociative.be\/actualites\/wp-content\/uploads\/2024\/09\/cropped-vieassociative_favicon.ico.png\",\"width\":512,\"height\":512,\"caption\":\"Vie Associative\"},\"image\":{\"@id\":\"https:\/\/vieassociative.be\/actualites\/#\/schema\/logo\/image\/\"}},{\"@type\":\"Person\",\"@id\":\"https:\/\/vieassociative.be\/actualites\/#\/schema\/person\/b87ac4f82f9d4e7b7cec7395b679edc4\",\"name\":\"Julien\",\"image\":{\"@type\":\"ImageObject\",\"inLanguage\":\"fr-BE\",\"@id\":\"https:\/\/vieassociative.be\/actualites\/#\/schema\/person\/image\/\",\"url\":\"https:\/\/vieassociative.be\/actualites\/wp-content\/uploads\/2024\/09\/vie-associative-1-150x150.jpg\",\"contentUrl\":\"https:\/\/vieassociative.be\/actualites\/wp-content\/uploads\/2024\/09\/vie-associative-1-150x150.jpg\",\"caption\":\"Julien\"},\"description\":\"Je suis Julien, r\u00e9dacteur pour Vie Associative. Passionn\u00e9 par le monde associatif depuis plus de 10 ans, j'ai \u00e0 c\u0153ur de partager des histoires inspirantes et de mettre en lumi\u00e8re les initiatives locales. Mon objectif est de sensibiliser et d'encourager l'engagement communautaire \u00e0 travers mes articles.\",\"sameAs\":[\"https:\/\/vieassociative.be\/\"]}]}<\/script>\n<!-- \/ Yoast SEO plugin. -->","yoast_head_json":{"title":"Pourquoi le nouveau Kindle Colorsoft (probablement) moins cher ne vaut pas les \u00e9conomies | Vie Associative","robots":{"index":"index","follow":"follow","max-snippet":"max-snippet:-1","max-image-preview":"max-image-preview:large","max-video-preview":"max-video-preview:-1"},"canonical":"https:\/\/vieassociative.be\/actualites\/pourquoi-le-nouveau-kindle-colorsoft-probablement-moins-cher-ne-vaut-pas-les-economies\/","og_locale":"fr_FR","og_type":"article","og_title":"Pourquoi le nouveau Kindle Colorsoft (probablement) moins cher ne vaut pas les \u00e9conomies | Vie Associative","og_description":"Le nouveau Kindle Colorsoft co\u00fbte 30 $ moins cher, mais que perdez-vous? Soit Amazon, Kindle Colorsoft ne se vend pas assez bien, soit la concurrence","og_url":"https:\/\/vieassociative.be\/actualites\/pourquoi-le-nouveau-kindle-colorsoft-probablement-moins-cher-ne-vaut-pas-les-economies\/","og_site_name":"Vie Associative","article_published_time":"2025-07-27T01:20:44+00:00","og_image":[{"width":279,"height":92,"url":"https:\/\/vieassociative.be\/actualites\/wp-content\/uploads\/2024\/09\/header_backgroundk-01-e1726694325946.png","type":"image\/png"}],"author":"Julien","twitter_card":"summary_large_image","twitter_misc":{"\u00c9crit par":"Julien","Dur\u00e9e de lecture est.":"3 minutes"},"schema":{"@context":"https:\/\/schema.org","@graph":[{"@type":"Article","@id":"https:\/\/vieassociative.be\/actualites\/pourquoi-le-nouveau-kindle-colorsoft-probablement-moins-cher-ne-vaut-pas-les-economies\/#article","isPartOf":{"@id":"https:\/\/vieassociative.be\/actualites\/pourquoi-le-nouveau-kindle-colorsoft-probablement-moins-cher-ne-vaut-pas-les-economies\/"},"author":{"name":"Julien","@id":"https:\/\/vieassociative.be\/actualites\/#\/schema\/person\/b87ac4f82f9d4e7b7cec7395b679edc4"},"headline":"Pourquoi le nouveau Kindle Colorsoft (probablement) moins cher ne vaut pas les \u00e9conomies","datePublished":"2025-07-27T01:20:44+00:00","dateModified":"2025-07-27T01:20:44+00:00","mainEntityOfPage":{"@id":"https:\/\/vieassociative.be\/actualites\/pourquoi-le-nouveau-kindle-colorsoft-probablement-moins-cher-ne-vaut-pas-les-economies\/"},"wordCount":636,"publisher":{"@id":"https:\/\/vieassociative.be\/actualites\/#organization"},"image":{"@id":"https:\/\/vieassociative.be\/actualites\/pourquoi-le-nouveau-kindle-colorsoft-probablement-moins-cher-ne-vaut-pas-les-economies\/#primaryimage"},"thumbnailUrl":"https:\/\/vieassociative.be\/actualites\/wp-content\/uploads\/2025\/07\/Pourquoi-le-nouveau-Kindle-Colorsoft-probablement-moins-cher-ne-vaut.jpg","keywords":["cher","Colorsoft","\u00c9conomies","Kindle","Les","moins","nouveau","pas","Pourquoi","probablement","vaut"],"articleSection":["Technologie"],"inLanguage":"fr-BE"},{"@type":"WebPage","@id":"https:\/\/vieassociative.be\/actualites\/pourquoi-le-nouveau-kindle-colorsoft-probablement-moins-cher-ne-vaut-pas-les-economies\/","url":"https:\/\/vieassociative.be\/actualites\/pourquoi-le-nouveau-kindle-colorsoft-probablement-moins-cher-ne-vaut-pas-les-economies\/","name":"Pourquoi le nouveau Kindle Colorsoft (probablement) moins cher ne vaut pas les \u00e9conomies | Vie Associative","isPartOf":{"@id":"https:\/\/vieassociative.be\/actualites\/#website"},"primaryImageOfPage":{"@id":"https:\/\/vieassociative.be\/actualites\/pourquoi-le-nouveau-kindle-colorsoft-probablement-moins-cher-ne-vaut-pas-les-economies\/#primaryimage"},"image":{"@id":"https:\/\/vieassociative.be\/actualites\/pourquoi-le-nouveau-kindle-colorsoft-probablement-moins-cher-ne-vaut-pas-les-economies\/#primaryimage"},"thumbnailUrl":"https:\/\/vieassociative.be\/actualites\/wp-content\/uploads\/2025\/07\/Pourquoi-le-nouveau-Kindle-Colorsoft-probablement-moins-cher-ne-vaut.jpg","datePublished":"2025-07-27T01:20:44+00:00","dateModified":"2025-07-27T01:20:44+00:00","breadcrumb":{"@id":"https:\/\/vieassociative.be\/actualites\/pourquoi-le-nouveau-kindle-colorsoft-probablement-moins-cher-ne-vaut-pas-les-economies\/#breadcrumb"},"inLanguage":"fr-BE","potentialAction":[{"@type":"ReadAction","target":["https:\/\/vieassociative.be\/actualites\/pourquoi-le-nouveau-kindle-colorsoft-probablement-moins-cher-ne-vaut-pas-les-economies\/"]}]},{"@type":"ImageObject","inLanguage":"fr-BE","@id":"https:\/\/vieassociative.be\/actualites\/pourquoi-le-nouveau-kindle-colorsoft-probablement-moins-cher-ne-vaut-pas-les-economies\/#primaryimage","url":"https:\/\/vieassociative.be\/actualites\/wp-content\/uploads\/2025\/07\/Pourquoi-le-nouveau-Kindle-Colorsoft-probablement-moins-cher-ne-vaut.jpg","contentUrl":"https:\/\/vieassociative.be\/actualites\/wp-content\/uploads\/2025\/07\/Pourquoi-le-nouveau-Kindle-Colorsoft-probablement-moins-cher-ne-vaut.jpg","width":1200,"height":675,"caption":"Pourquoi le nouveau Kindle Colorsoft (probablement) moins cher ne vaut pas les \u00e9conomies"},{"@type":"BreadcrumbList","@id":"https:\/\/vieassociative.be\/actualites\/pourquoi-le-nouveau-kindle-colorsoft-probablement-moins-cher-ne-vaut-pas-les-economies\/#breadcrumb","itemListElement":[{"@type":"ListItem","position":1,"name":"Accueil","item":"https:\/\/vieassociative.be\/actualites\/"},{"@type":"ListItem","position":2,"name":"Pourquoi le nouveau Kindle Colorsoft (probablement) moins cher ne vaut pas les \u00e9conomies"}]},{"@type":"WebSite","@id":"https:\/\/vieassociative.be\/actualites\/#website","url":"https:\/\/vieassociative.be\/actualites\/","name":"Vie Associative","description":"","publisher":{"@id":"https:\/\/vieassociative.be\/actualites\/#organization"},"potentialAction":[{"@type":"SearchAction","target":{"@type":"EntryPoint","urlTemplate":"https:\/\/vieassociative.be\/actualites\/?s={search_term_string}"},"query-input":{"@type":"PropertyValueSpecification","valueRequired":true,"valueName":"search_term_string"}}],"inLanguage":"fr-BE"},{"@type":"Organization","@id":"https:\/\/vieassociative.be\/actualites\/#organization","name":"Vie Associative","url":"https:\/\/vieassociative.be\/actualites\/","logo":{"@type":"ImageObject","inLanguage":"fr-BE","@id":"https:\/\/vieassociative.be\/actualites\/#\/schema\/logo\/image\/","url":"https:\/\/vieassociative.be\/actualites\/wp-content\/uploads\/2024\/09\/cropped-vieassociative_favicon.ico.png","contentUrl":"https:\/\/vieassociative.be\/actualites\/wp-content\/uploads\/2024\/09\/cropped-vieassociative_favicon.ico.png","width":512,"height":512,"caption":"Vie Associative"},"image":{"@id":"https:\/\/vieassociative.be\/actualites\/#\/schema\/logo\/image\/"}},{"@type":"Person","@id":"https:\/\/vieassociative.be\/actualites\/#\/schema\/person\/b87ac4f82f9d4e7b7cec7395b679edc4","name":"Julien","image":{"@type":"ImageObject","inLanguage":"fr-BE","@id":"https:\/\/vieassociative.be\/actualites\/#\/schema\/person\/image\/","url":"https:\/\/vieassociative.be\/actualites\/wp-content\/uploads\/2024\/09\/vie-associative-1-150x150.jpg","contentUrl":"https:\/\/vieassociative.be\/actualites\/wp-content\/uploads\/2024\/09\/vie-associative-1-150x150.jpg","caption":"Julien"},"description":"Je suis Julien, r\u00e9dacteur pour Vie Associative. Passionn\u00e9 par le monde associatif depuis plus de 10 ans, j'ai \u00e0 c\u0153ur de partager des histoires inspirantes et de mettre en lumi\u00e8re les initiatives locales. Mon objectif est de sensibiliser et d'encourager l'engagement communautaire \u00e0 travers mes articles.","sameAs":["https:\/\/vieassociative.be\/"]}]}},"_links":{"self":[{"href":"https:\/\/vieassociative.be\/actualites\/wp-json\/wp\/v2\/posts\/9030"}],"collection":[{"href":"https:\/\/vieassociative.be\/actualites\/wp-json\/wp\/v2\/posts"}],"about":[{"href":"https:\/\/vieassociative.be\/actualites\/wp-json\/wp\/v2\/types\/post"}],"author":[{"embeddable":true,"href":"https:\/\/vieassociative.be\/actualites\/wp-json\/wp\/v2\/users\/1"}],"replies":[{"embeddable":true,"href":"https:\/\/vieassociative.be\/actualites\/wp-json\/wp\/v2\/comments?post=9030"}],"version-history":[{"count":0,"href":"https:\/\/vieassociative.be\/actualites\/wp-json\/wp\/v2\/posts\/9030\/revisions"}],"wp:featuredmedia":[{"embeddable":true,"href":"https:\/\/vieassociative.be\/actualites\/wp-json\/wp\/v2\/media\/9031"}],"wp:attachment":[{"href":"https:\/\/vieassociative.be\/actualites\/wp-json\/wp\/v2\/media?parent=9030"}],"wp:term":[{"taxonomy":"category","embeddable":true,"href":"https:\/\/vieassociative.be\/actualites\/wp-json\/wp\/v2\/categories?post=9030"},{"taxonomy":"post_tag","embeddable":true,"href":"https:\/\/vieassociative.be\/actualites\/wp-json\/wp\/v2\/tags?post=9030"}],"curies":[{"name":"wp","href":"https:\/\/api.w.org\/{rel}","templated":true}]}}