{"id":9027,"date":"2025-07-26T22:18:02","date_gmt":"2025-07-26T20:18:02","guid":{"rendered":"https:\/\/vieassociative.be\/actualites\/tour-de-france-grove-remporte-la-20e-etape-dimanche-la-finale-du-grand-tour-a-paris-via-montmartre-champs-elysees\/"},"modified":"2025-07-26T22:18:02","modified_gmt":"2025-07-26T20:18:02","slug":"tour-de-france-grove-remporte-la-20e-etape-dimanche-la-finale-du-grand-tour-a-paris-via-montmartre-champs-elysees","status":"publish","type":"post","link":"https:\/\/vieassociative.be\/actualites\/tour-de-france-grove-remporte-la-20e-etape-dimanche-la-finale-du-grand-tour-a-paris-via-montmartre-champs-elysees\/","title":{"rendered":"Tour de France: Grove remporte la 20e \u00e9tape dimanche la finale du grand tour \u00e0 Paris via Montmartre + Champs-Elys\u00e9es"},"content":{"rendered":"<p><strong>Kaden Groves a remport\u00e9 le 20e et avant-derni\u00e8re \u00e9tape du Tour de France. Apr\u00e8s 184,2 kilom\u00e8tres vallonn\u00e9s de Nantua \u00e0 Pontarlier devant Frank van den Broek des Pays-Bas et son compatriote Pascal Eenkhoorn, l&rsquo;Australien de 26 ans a gagn\u00e9.<\/strong><\/p>\n<p><span id=\"more-421052\"><\/span>La superstar Tadej Pogacar est pratiquement impossible de prendre le quatri\u00e8me triomphe du Tour de France. Seule une chute ou une maladie pourrait encore arr\u00eater l&rsquo;homme en jaune. Dans le classement g\u00e9n\u00e9ral, le Slov\u00e8ne de 26 ans a une avance claire de 4:24 minutes sur son rival permanent Jonas Vingegaard du Danemark.<\/p>\n<\/p>\n<div id=\"attachment_421054\" class=\"wp-caption alignnone\" style=\"max-width: 300px\"><img fetchpriority=\"high\" decoding=\"async\" src=\"https:\/\/vieassociative.be\/actualites\/wp-content\/uploads\/2025\/07\/Tour-de-France-Grove-remporte-la-20e-etape-dimanche-la.jpg\" alt=\"\" width=\"300\" height=\"200\" class=\"size-medium wp-image-421054\"><\/div>\n<p>Dimanche, la visite de la France se termine par une finale spectaculaire \u00e0 Paris. 50 ans apr\u00e8s la premi\u00e8re arriv\u00e9e sur les Champs-\u00c9lys\u00e9es, il y a un changement d\u00e9cisif cette ann\u00e9e. Pour l&rsquo;anniversaire, les planificateurs de la tourn\u00e9e ont install\u00e9 trois travers\u00e9es du district vallonn\u00e9 de Montmartre devant le dernier sprint sur le c\u00e9l\u00e8bre boulevard.<\/p>\n<p>L&rsquo;ann\u00e9e derni\u00e8re, la course aux v\u00e9los de route des Jeux olympiques a servi de mod\u00e8le. Apr\u00e8s 132,5 kilom\u00e8tres, les conducteurs d&rsquo;un groupe d&rsquo;\u00e9vasion ont pu voler le spectacle \u00e0 la finale pr\u00e8s de l&rsquo;Arc de Triomphe. Pourquoi pas une victoire du Wout Van Aert belge? Ce serait la sixi\u00e8me victoire de la sc\u00e8ne belge lors de cette tourn\u00e9e apr\u00e8s Jasper Philipsen, Tim Merlier (2), Remco Evenepoel et Tim Welens. (DPA \/ CRE)<\/p>\n","protected":false},"excerpt":{"rendered":"<p>Kaden Groves a remport\u00e9 le 20e et avant-derni\u00e8re \u00e9tape du Tour de France. Apr\u00e8s 184,2 kilom\u00e8tres vallonn\u00e9s de Nantua \u00e0 Pontarlier devant Frank van den<\/p>\n","protected":false},"author":1,"featured_media":9028,"comment_status":"","ping_status":"","sticky":false,"template":"","format":"standard","meta":{"footnotes":""},"categories":[298],"tags":[7926,7928,471,3763,879,2444,1119,7925,7927,2447,2809,2443],"class_list":["post-9027","post","type-post","status-publish","format-standard","has-post-thumbnail","hentry","category-belgique","tag-20e","tag-champselysees","tag-dimanche","tag-etape","tag-finale","tag-france","tag-grand","tag-grove","tag-montmartre","tag-paris","tag-remporte","tag-tour","generate-columns","tablet-grid-50","mobile-grid-100","grid-parent","grid-33"],"yoast_head":"<!-- This site is optimized with the Yoast SEO plugin v24.0 - https:\/\/yoast.com\/wordpress\/plugins\/seo\/ -->\n<title>Tour de France: Grove remporte la 20e \u00e9tape dimanche la finale du grand tour \u00e0 Paris via Montmartre + Champs-Elys\u00e9es | Vie Associative<\/title>\n<meta name=\"robots\" content=\"index, follow, max-snippet:-1, max-image-preview:large, max-video-preview:-1\" \/>\n<link rel=\"canonical\" href=\"https:\/\/vieassociative.be\/actualites\/tour-de-france-grove-remporte-la-20e-etape-dimanche-la-finale-du-grand-tour-a-paris-via-montmartre-champs-elysees\/\" \/>\n<meta property=\"og:locale\" content=\"fr_FR\" \/>\n<meta property=\"og:type\" content=\"article\" \/>\n<meta property=\"og:title\" content=\"Tour de France: Grove remporte la 20e \u00e9tape dimanche la finale du grand tour \u00e0 Paris via Montmartre + Champs-Elys\u00e9es | Vie Associative\" \/>\n<meta property=\"og:description\" content=\"Kaden Groves a remport\u00e9 le 20e et avant-derni\u00e8re \u00e9tape du Tour de France. Apr\u00e8s 184,2 kilom\u00e8tres vallonn\u00e9s de Nantua \u00e0 Pontarlier devant Frank van den\" \/>\n<meta property=\"og:url\" content=\"https:\/\/vieassociative.be\/actualites\/tour-de-france-grove-remporte-la-20e-etape-dimanche-la-finale-du-grand-tour-a-paris-via-montmartre-champs-elysees\/\" \/>\n<meta property=\"og:site_name\" content=\"Vie Associative\" \/>\n<meta property=\"article:published_time\" content=\"2025-07-26T20:18:02+00:00\" \/>\n<meta property=\"og:image\" content=\"https:\/\/vieassociative.be\/actualites\/wp-content\/uploads\/2024\/09\/header_backgroundk-01-e1726694325946.png\" \/>\n\t<meta property=\"og:image:width\" content=\"279\" \/>\n\t<meta property=\"og:image:height\" content=\"92\" \/>\n\t<meta property=\"og:image:type\" content=\"image\/png\" \/>\n<meta name=\"author\" content=\"Julien\" \/>\n<meta name=\"twitter:card\" content=\"summary_large_image\" \/>\n<meta name=\"twitter:label1\" content=\"\u00c9crit par\" \/>\n\t<meta name=\"twitter:data1\" content=\"Julien\" \/>\n\t<meta name=\"twitter:label2\" content=\"Dur\u00e9e de lecture est.\" \/>\n\t<meta name=\"twitter:data2\" content=\"1 minute\" \/>\n<script type=\"application\/ld+json\" class=\"yoast-schema-graph\">{\"@context\":\"https:\/\/schema.org\",\"@graph\":[{\"@type\":\"Article\",\"@id\":\"https:\/\/vieassociative.be\/actualites\/tour-de-france-grove-remporte-la-20e-etape-dimanche-la-finale-du-grand-tour-a-paris-via-montmartre-champs-elysees\/#article\",\"isPartOf\":{\"@id\":\"https:\/\/vieassociative.be\/actualites\/tour-de-france-grove-remporte-la-20e-etape-dimanche-la-finale-du-grand-tour-a-paris-via-montmartre-champs-elysees\/\"},\"author\":{\"name\":\"Julien\",\"@id\":\"https:\/\/vieassociative.be\/actualites\/#\/schema\/person\/b87ac4f82f9d4e7b7cec7395b679edc4\"},\"headline\":\"Tour de France: Grove remporte la 20e \u00e9tape dimanche la finale du grand tour \u00e0 Paris via Montmartre + Champs-Elys\u00e9es\",\"datePublished\":\"2025-07-26T20:18:02+00:00\",\"dateModified\":\"2025-07-26T20:18:02+00:00\",\"mainEntityOfPage\":{\"@id\":\"https:\/\/vieassociative.be\/actualites\/tour-de-france-grove-remporte-la-20e-etape-dimanche-la-finale-du-grand-tour-a-paris-via-montmartre-champs-elysees\/\"},\"wordCount\":264,\"publisher\":{\"@id\":\"https:\/\/vieassociative.be\/actualites\/#organization\"},\"image\":{\"@id\":\"https:\/\/vieassociative.be\/actualites\/tour-de-france-grove-remporte-la-20e-etape-dimanche-la-finale-du-grand-tour-a-paris-via-montmartre-champs-elysees\/#primaryimage\"},\"thumbnailUrl\":\"https:\/\/vieassociative.be\/actualites\/wp-content\/uploads\/2025\/07\/1753561083_Tour-de-France-Grove-remporte-la-20e-etape-dimanche-la.jpg\",\"keywords\":[\"20e\",\"ChampsElys\u00e9es\",\"dimanche\",\"\u00e9tape\",\"finale\",\"France\",\"grand\",\"Grove\",\"Montmartre\",\"Paris\",\"remport\u00e9\",\"Tour\"],\"articleSection\":[\"Belgique\"],\"inLanguage\":\"fr-BE\"},{\"@type\":\"WebPage\",\"@id\":\"https:\/\/vieassociative.be\/actualites\/tour-de-france-grove-remporte-la-20e-etape-dimanche-la-finale-du-grand-tour-a-paris-via-montmartre-champs-elysees\/\",\"url\":\"https:\/\/vieassociative.be\/actualites\/tour-de-france-grove-remporte-la-20e-etape-dimanche-la-finale-du-grand-tour-a-paris-via-montmartre-champs-elysees\/\",\"name\":\"Tour de France: Grove remporte la 20e \u00e9tape dimanche la finale du grand tour \u00e0 Paris via Montmartre + Champs-Elys\u00e9es | Vie Associative\",\"isPartOf\":{\"@id\":\"https:\/\/vieassociative.be\/actualites\/#website\"},\"primaryImageOfPage\":{\"@id\":\"https:\/\/vieassociative.be\/actualites\/tour-de-france-grove-remporte-la-20e-etape-dimanche-la-finale-du-grand-tour-a-paris-via-montmartre-champs-elysees\/#primaryimage\"},\"image\":{\"@id\":\"https:\/\/vieassociative.be\/actualites\/tour-de-france-grove-remporte-la-20e-etape-dimanche-la-finale-du-grand-tour-a-paris-via-montmartre-champs-elysees\/#primaryimage\"},\"thumbnailUrl\":\"https:\/\/vieassociative.be\/actualites\/wp-content\/uploads\/2025\/07\/1753561083_Tour-de-France-Grove-remporte-la-20e-etape-dimanche-la.jpg\",\"datePublished\":\"2025-07-26T20:18:02+00:00\",\"dateModified\":\"2025-07-26T20:18:02+00:00\",\"breadcrumb\":{\"@id\":\"https:\/\/vieassociative.be\/actualites\/tour-de-france-grove-remporte-la-20e-etape-dimanche-la-finale-du-grand-tour-a-paris-via-montmartre-champs-elysees\/#breadcrumb\"},\"inLanguage\":\"fr-BE\",\"potentialAction\":[{\"@type\":\"ReadAction\",\"target\":[\"https:\/\/vieassociative.be\/actualites\/tour-de-france-grove-remporte-la-20e-etape-dimanche-la-finale-du-grand-tour-a-paris-via-montmartre-champs-elysees\/\"]}]},{\"@type\":\"ImageObject\",\"inLanguage\":\"fr-BE\",\"@id\":\"https:\/\/vieassociative.be\/actualites\/tour-de-france-grove-remporte-la-20e-etape-dimanche-la-finale-du-grand-tour-a-paris-via-montmartre-champs-elysees\/#primaryimage\",\"url\":\"https:\/\/vieassociative.be\/actualites\/wp-content\/uploads\/2025\/07\/1753561083_Tour-de-France-Grove-remporte-la-20e-etape-dimanche-la.jpg\",\"contentUrl\":\"https:\/\/vieassociative.be\/actualites\/wp-content\/uploads\/2025\/07\/1753561083_Tour-de-France-Grove-remporte-la-20e-etape-dimanche-la.jpg\",\"width\":1184,\"height\":789,\"caption\":\"Tour de France: Grove remporte la 20e \u00e9tape dimanche la finale du grand tour \u00e0 Paris via Montmartre + Champs-Elys\u00e9es\"},{\"@type\":\"BreadcrumbList\",\"@id\":\"https:\/\/vieassociative.be\/actualites\/tour-de-france-grove-remporte-la-20e-etape-dimanche-la-finale-du-grand-tour-a-paris-via-montmartre-champs-elysees\/#breadcrumb\",\"itemListElement\":[{\"@type\":\"ListItem\",\"position\":1,\"name\":\"Accueil\",\"item\":\"https:\/\/vieassociative.be\/actualites\/\"},{\"@type\":\"ListItem\",\"position\":2,\"name\":\"Tour de France: Grove remporte la 20e \u00e9tape dimanche la finale du grand tour \u00e0 Paris via Montmartre + Champs-Elys\u00e9es\"}]},{\"@type\":\"WebSite\",\"@id\":\"https:\/\/vieassociative.be\/actualites\/#website\",\"url\":\"https:\/\/vieassociative.be\/actualites\/\",\"name\":\"Vie Associative\",\"description\":\"\",\"publisher\":{\"@id\":\"https:\/\/vieassociative.be\/actualites\/#organization\"},\"potentialAction\":[{\"@type\":\"SearchAction\",\"target\":{\"@type\":\"EntryPoint\",\"urlTemplate\":\"https:\/\/vieassociative.be\/actualites\/?s={search_term_string}\"},\"query-input\":{\"@type\":\"PropertyValueSpecification\",\"valueRequired\":true,\"valueName\":\"search_term_string\"}}],\"inLanguage\":\"fr-BE\"},{\"@type\":\"Organization\",\"@id\":\"https:\/\/vieassociative.be\/actualites\/#organization\",\"name\":\"Vie Associative\",\"url\":\"https:\/\/vieassociative.be\/actualites\/\",\"logo\":{\"@type\":\"ImageObject\",\"inLanguage\":\"fr-BE\",\"@id\":\"https:\/\/vieassociative.be\/actualites\/#\/schema\/logo\/image\/\",\"url\":\"https:\/\/vieassociative.be\/actualites\/wp-content\/uploads\/2024\/09\/cropped-vieassociative_favicon.ico.png\",\"contentUrl\":\"https:\/\/vieassociative.be\/actualites\/wp-content\/uploads\/2024\/09\/cropped-vieassociative_favicon.ico.png\",\"width\":512,\"height\":512,\"caption\":\"Vie Associative\"},\"image\":{\"@id\":\"https:\/\/vieassociative.be\/actualites\/#\/schema\/logo\/image\/\"}},{\"@type\":\"Person\",\"@id\":\"https:\/\/vieassociative.be\/actualites\/#\/schema\/person\/b87ac4f82f9d4e7b7cec7395b679edc4\",\"name\":\"Julien\",\"image\":{\"@type\":\"ImageObject\",\"inLanguage\":\"fr-BE\",\"@id\":\"https:\/\/vieassociative.be\/actualites\/#\/schema\/person\/image\/\",\"url\":\"https:\/\/vieassociative.be\/actualites\/wp-content\/uploads\/2024\/09\/vie-associative-1-150x150.jpg\",\"contentUrl\":\"https:\/\/vieassociative.be\/actualites\/wp-content\/uploads\/2024\/09\/vie-associative-1-150x150.jpg\",\"caption\":\"Julien\"},\"description\":\"Je suis Julien, r\u00e9dacteur pour Vie Associative. Passionn\u00e9 par le monde associatif depuis plus de 10 ans, j'ai \u00e0 c\u0153ur de partager des histoires inspirantes et de mettre en lumi\u00e8re les initiatives locales. Mon objectif est de sensibiliser et d'encourager l'engagement communautaire \u00e0 travers mes articles.\",\"sameAs\":[\"https:\/\/vieassociative.be\/\"]}]}<\/script>\n<!-- \/ Yoast SEO plugin. -->","yoast_head_json":{"title":"Tour de France: Grove remporte la 20e \u00e9tape dimanche la finale du grand tour \u00e0 Paris via Montmartre + Champs-Elys\u00e9es | Vie Associative","robots":{"index":"index","follow":"follow","max-snippet":"max-snippet:-1","max-image-preview":"max-image-preview:large","max-video-preview":"max-video-preview:-1"},"canonical":"https:\/\/vieassociative.be\/actualites\/tour-de-france-grove-remporte-la-20e-etape-dimanche-la-finale-du-grand-tour-a-paris-via-montmartre-champs-elysees\/","og_locale":"fr_FR","og_type":"article","og_title":"Tour de France: Grove remporte la 20e \u00e9tape dimanche la finale du grand tour \u00e0 Paris via Montmartre + Champs-Elys\u00e9es | Vie Associative","og_description":"Kaden Groves a remport\u00e9 le 20e et avant-derni\u00e8re \u00e9tape du Tour de France. Apr\u00e8s 184,2 kilom\u00e8tres vallonn\u00e9s de Nantua \u00e0 Pontarlier devant Frank van den","og_url":"https:\/\/vieassociative.be\/actualites\/tour-de-france-grove-remporte-la-20e-etape-dimanche-la-finale-du-grand-tour-a-paris-via-montmartre-champs-elysees\/","og_site_name":"Vie Associative","article_published_time":"2025-07-26T20:18:02+00:00","og_image":[{"width":279,"height":92,"url":"https:\/\/vieassociative.be\/actualites\/wp-content\/uploads\/2024\/09\/header_backgroundk-01-e1726694325946.png","type":"image\/png"}],"author":"Julien","twitter_card":"summary_large_image","twitter_misc":{"\u00c9crit par":"Julien","Dur\u00e9e de lecture est.":"1 minute"},"schema":{"@context":"https:\/\/schema.org","@graph":[{"@type":"Article","@id":"https:\/\/vieassociative.be\/actualites\/tour-de-france-grove-remporte-la-20e-etape-dimanche-la-finale-du-grand-tour-a-paris-via-montmartre-champs-elysees\/#article","isPartOf":{"@id":"https:\/\/vieassociative.be\/actualites\/tour-de-france-grove-remporte-la-20e-etape-dimanche-la-finale-du-grand-tour-a-paris-via-montmartre-champs-elysees\/"},"author":{"name":"Julien","@id":"https:\/\/vieassociative.be\/actualites\/#\/schema\/person\/b87ac4f82f9d4e7b7cec7395b679edc4"},"headline":"Tour de France: Grove remporte la 20e \u00e9tape dimanche la finale du grand tour \u00e0 Paris via Montmartre + Champs-Elys\u00e9es","datePublished":"2025-07-26T20:18:02+00:00","dateModified":"2025-07-26T20:18:02+00:00","mainEntityOfPage":{"@id":"https:\/\/vieassociative.be\/actualites\/tour-de-france-grove-remporte-la-20e-etape-dimanche-la-finale-du-grand-tour-a-paris-via-montmartre-champs-elysees\/"},"wordCount":264,"publisher":{"@id":"https:\/\/vieassociative.be\/actualites\/#organization"},"image":{"@id":"https:\/\/vieassociative.be\/actualites\/tour-de-france-grove-remporte-la-20e-etape-dimanche-la-finale-du-grand-tour-a-paris-via-montmartre-champs-elysees\/#primaryimage"},"thumbnailUrl":"https:\/\/vieassociative.be\/actualites\/wp-content\/uploads\/2025\/07\/1753561083_Tour-de-France-Grove-remporte-la-20e-etape-dimanche-la.jpg","keywords":["20e","ChampsElys\u00e9es","dimanche","\u00e9tape","finale","France","grand","Grove","Montmartre","Paris","remport\u00e9","Tour"],"articleSection":["Belgique"],"inLanguage":"fr-BE"},{"@type":"WebPage","@id":"https:\/\/vieassociative.be\/actualites\/tour-de-france-grove-remporte-la-20e-etape-dimanche-la-finale-du-grand-tour-a-paris-via-montmartre-champs-elysees\/","url":"https:\/\/vieassociative.be\/actualites\/tour-de-france-grove-remporte-la-20e-etape-dimanche-la-finale-du-grand-tour-a-paris-via-montmartre-champs-elysees\/","name":"Tour de France: Grove remporte la 20e \u00e9tape dimanche la finale du grand tour \u00e0 Paris via Montmartre + Champs-Elys\u00e9es | Vie Associative","isPartOf":{"@id":"https:\/\/vieassociative.be\/actualites\/#website"},"primaryImageOfPage":{"@id":"https:\/\/vieassociative.be\/actualites\/tour-de-france-grove-remporte-la-20e-etape-dimanche-la-finale-du-grand-tour-a-paris-via-montmartre-champs-elysees\/#primaryimage"},"image":{"@id":"https:\/\/vieassociative.be\/actualites\/tour-de-france-grove-remporte-la-20e-etape-dimanche-la-finale-du-grand-tour-a-paris-via-montmartre-champs-elysees\/#primaryimage"},"thumbnailUrl":"https:\/\/vieassociative.be\/actualites\/wp-content\/uploads\/2025\/07\/1753561083_Tour-de-France-Grove-remporte-la-20e-etape-dimanche-la.jpg","datePublished":"2025-07-26T20:18:02+00:00","dateModified":"2025-07-26T20:18:02+00:00","breadcrumb":{"@id":"https:\/\/vieassociative.be\/actualites\/tour-de-france-grove-remporte-la-20e-etape-dimanche-la-finale-du-grand-tour-a-paris-via-montmartre-champs-elysees\/#breadcrumb"},"inLanguage":"fr-BE","potentialAction":[{"@type":"ReadAction","target":["https:\/\/vieassociative.be\/actualites\/tour-de-france-grove-remporte-la-20e-etape-dimanche-la-finale-du-grand-tour-a-paris-via-montmartre-champs-elysees\/"]}]},{"@type":"ImageObject","inLanguage":"fr-BE","@id":"https:\/\/vieassociative.be\/actualites\/tour-de-france-grove-remporte-la-20e-etape-dimanche-la-finale-du-grand-tour-a-paris-via-montmartre-champs-elysees\/#primaryimage","url":"https:\/\/vieassociative.be\/actualites\/wp-content\/uploads\/2025\/07\/1753561083_Tour-de-France-Grove-remporte-la-20e-etape-dimanche-la.jpg","contentUrl":"https:\/\/vieassociative.be\/actualites\/wp-content\/uploads\/2025\/07\/1753561083_Tour-de-France-Grove-remporte-la-20e-etape-dimanche-la.jpg","width":1184,"height":789,"caption":"Tour de France: Grove remporte la 20e \u00e9tape dimanche la finale du grand tour \u00e0 Paris via Montmartre + Champs-Elys\u00e9es"},{"@type":"BreadcrumbList","@id":"https:\/\/vieassociative.be\/actualites\/tour-de-france-grove-remporte-la-20e-etape-dimanche-la-finale-du-grand-tour-a-paris-via-montmartre-champs-elysees\/#breadcrumb","itemListElement":[{"@type":"ListItem","position":1,"name":"Accueil","item":"https:\/\/vieassociative.be\/actualites\/"},{"@type":"ListItem","position":2,"name":"Tour de France: Grove remporte la 20e \u00e9tape dimanche la finale du grand tour \u00e0 Paris via Montmartre + Champs-Elys\u00e9es"}]},{"@type":"WebSite","@id":"https:\/\/vieassociative.be\/actualites\/#website","url":"https:\/\/vieassociative.be\/actualites\/","name":"Vie Associative","description":"","publisher":{"@id":"https:\/\/vieassociative.be\/actualites\/#organization"},"potentialAction":[{"@type":"SearchAction","target":{"@type":"EntryPoint","urlTemplate":"https:\/\/vieassociative.be\/actualites\/?s={search_term_string}"},"query-input":{"@type":"PropertyValueSpecification","valueRequired":true,"valueName":"search_term_string"}}],"inLanguage":"fr-BE"},{"@type":"Organization","@id":"https:\/\/vieassociative.be\/actualites\/#organization","name":"Vie Associative","url":"https:\/\/vieassociative.be\/actualites\/","logo":{"@type":"ImageObject","inLanguage":"fr-BE","@id":"https:\/\/vieassociative.be\/actualites\/#\/schema\/logo\/image\/","url":"https:\/\/vieassociative.be\/actualites\/wp-content\/uploads\/2024\/09\/cropped-vieassociative_favicon.ico.png","contentUrl":"https:\/\/vieassociative.be\/actualites\/wp-content\/uploads\/2024\/09\/cropped-vieassociative_favicon.ico.png","width":512,"height":512,"caption":"Vie Associative"},"image":{"@id":"https:\/\/vieassociative.be\/actualites\/#\/schema\/logo\/image\/"}},{"@type":"Person","@id":"https:\/\/vieassociative.be\/actualites\/#\/schema\/person\/b87ac4f82f9d4e7b7cec7395b679edc4","name":"Julien","image":{"@type":"ImageObject","inLanguage":"fr-BE","@id":"https:\/\/vieassociative.be\/actualites\/#\/schema\/person\/image\/","url":"https:\/\/vieassociative.be\/actualites\/wp-content\/uploads\/2024\/09\/vie-associative-1-150x150.jpg","contentUrl":"https:\/\/vieassociative.be\/actualites\/wp-content\/uploads\/2024\/09\/vie-associative-1-150x150.jpg","caption":"Julien"},"description":"Je suis Julien, r\u00e9dacteur pour Vie Associative. Passionn\u00e9 par le monde associatif depuis plus de 10 ans, j'ai \u00e0 c\u0153ur de partager des histoires inspirantes et de mettre en lumi\u00e8re les initiatives locales. Mon objectif est de sensibiliser et d'encourager l'engagement communautaire \u00e0 travers mes articles.","sameAs":["https:\/\/vieassociative.be\/"]}]}},"_links":{"self":[{"href":"https:\/\/vieassociative.be\/actualites\/wp-json\/wp\/v2\/posts\/9027"}],"collection":[{"href":"https:\/\/vieassociative.be\/actualites\/wp-json\/wp\/v2\/posts"}],"about":[{"href":"https:\/\/vieassociative.be\/actualites\/wp-json\/wp\/v2\/types\/post"}],"author":[{"embeddable":true,"href":"https:\/\/vieassociative.be\/actualites\/wp-json\/wp\/v2\/users\/1"}],"replies":[{"embeddable":true,"href":"https:\/\/vieassociative.be\/actualites\/wp-json\/wp\/v2\/comments?post=9027"}],"version-history":[{"count":0,"href":"https:\/\/vieassociative.be\/actualites\/wp-json\/wp\/v2\/posts\/9027\/revisions"}],"wp:featuredmedia":[{"embeddable":true,"href":"https:\/\/vieassociative.be\/actualites\/wp-json\/wp\/v2\/media\/9028"}],"wp:attachment":[{"href":"https:\/\/vieassociative.be\/actualites\/wp-json\/wp\/v2\/media?parent=9027"}],"wp:term":[{"taxonomy":"category","embeddable":true,"href":"https:\/\/vieassociative.be\/actualites\/wp-json\/wp\/v2\/categories?post=9027"},{"taxonomy":"post_tag","embeddable":true,"href":"https:\/\/vieassociative.be\/actualites\/wp-json\/wp\/v2\/tags?post=9027"}],"curies":[{"name":"wp","href":"https:\/\/api.w.org\/{rel}","templated":true}]}}