{"id":9020,"date":"2025-07-26T14:17:29","date_gmt":"2025-07-26T12:17:29","guid":{"rendered":"https:\/\/vieassociative.be\/actualites\/jai-compris-comment-utiliser-la-fonction-audio-spatiale-sur-le-wh-1000xm6-et-il-regle\/"},"modified":"2025-07-26T14:17:29","modified_gmt":"2025-07-26T12:17:29","slug":"jai-compris-comment-utiliser-la-fonction-audio-spatiale-sur-le-wh-1000xm6-et-il-regle","status":"publish","type":"post","link":"https:\/\/vieassociative.be\/actualites\/jai-compris-comment-utiliser-la-fonction-audio-spatiale-sur-le-wh-1000xm6-et-il-regle\/","title":{"rendered":"J&rsquo;ai compris comment utiliser la fonction audio spatiale sur le WH-1000XM6, et il r\u00e8gle"},"content":{"rendered":"<div class=\"mt-4 leading-6 md:mb-8\">Il semble que vous ayez un syst\u00e8me de son surround complet dans votre t\u00eate.<\/div>\n<p><\/p>\n<p>Le WH-1000XM6 de Sony est mon choix pour les meilleurs \u00e9couteurs premium de 2025. Lorsque je les ai revus, j&rsquo;ai trouv\u00e9 qu&rsquo;ils excelaient dans presque toutes les cat\u00e9gories. Mais une fa\u00e7on dont je pense que Sony pourrait am\u00e9liorer m\u00eame ces bo\u00eetes fantastiques (autres que la baisse du prix), c&rsquo;est en les rendant plus conviviaux. Quand je les testais, je ne pouvais pas comprendre comment utiliser leur version de l&rsquo;audio spatial, le mode film immersif qui donne l&rsquo;impression que l&rsquo;audio vient de tout autour de vous. J&rsquo;ai donc contact\u00e9 Sony pour le comprendre. <\/p>\n<h2 id=\"sony-has-its-own-name-for-spatial-audio\">Sony a son propre nom pour l&rsquo;audio spatial<\/h2>\n<p>Sony appelle sa fonction audio spatiale \u00ab\u00a0360 Reality Audio Upmix\u00a0\u00bb, mais c&rsquo;est essentiellement la m\u00eame chose: le casque upmix L&rsquo;audio que vous \u00e9coutez et le traitez pour cr\u00e9er un effet 3D (ou audio spatial). Cela signifie que vous pouvez \u00e9couter des choses qui ne sont pas cens\u00e9es \u00eatre immersives et que les \u00e9couteurs feront de leur mieux pour les faire sonner comme ils le sont. Et ils en font un tr\u00e8s bon travail.<\/p>\n<h2 id=\"how-to-turn-on-spatial-audio-on-wh-1000xm6\">Comment activer l&rsquo;audio spatial sur WH-1000XM6<\/h2>\n<div class=\"eloquent-imagery-image\">\n<div class=\"flex justify-center\">\n                    <img decoding=\"async\" class=\"border border-gray-100\" src=\"https:\/\/vieassociative.be\/actualites\/wp-content\/uploads\/2025\/07\/Jai-compris-comment-utiliser-la-fonction-audio-spatiale-sur-le.png\" alt=\"Trois captures d'\u00e9cran de l'application Sony.\" width=\"2000\" height=\"1125\" loading=\"lazy\"  >\n            <\/div>\n<\/p><\/div>\n<p>Pour activer la fonctionnalit\u00e9 360 Reality Audio Upmix, ouvrez l&rsquo;application Sony et dirigez-vous vers \u00ab\u00a0Mon appareil\u00a0\u00bb dans le menu principal. En mode d&rsquo;\u00e9coute, s\u00e9lectionnez \u00ab\u00a0cin\u00e9ma\u00a0\u00bb. C&rsquo;est \u00e7a. Il n&rsquo;y a aucune indication dans l&rsquo;application que vous utilisez maintenant la fonctionnalit\u00e9 360 Reality Audio Upmix, mais vous pourrez entendre la diff\u00e9rence tout de suite. C&rsquo;est plus \u00e9vident lorsque vous r\u00e9alisez un film avec Dolby \u00e0 partir d&rsquo;une cha\u00eene de streaming comme Netflix (ou dans des tests audio YouTube comme celui-ci, ce qui semblera assez cool sur votre t\u00e9l\u00e9phone).<\/p>\n<p>Bien que la fonctionnalit\u00e9 UPMix audio 360 r\u00e9alit\u00e9 ne corresponde jamais au son vrai surround, il fait un tr\u00e8s bon travail dans le son non immersif Upmixing. J&rsquo;ai \u00e9t\u00e9 agr\u00e9ablement surpris par la fa\u00e7on dont cela fonctionne &#8211; je souhaite juste que Sony rende son application plus conviviale, donc c&rsquo;\u00e9tait plus facile \u00e0 trouver.<\/p>\n","protected":false},"excerpt":{"rendered":"<p>Il semble que vous ayez un syst\u00e8me de son surround complet dans votre t\u00eate. Le WH-1000XM6 de Sony est mon choix pour les meilleurs \u00e9couteurs<\/p>\n","protected":false},"author":1,"featured_media":9021,"comment_status":"","ping_status":"","sticky":false,"template":"","format":"standard","meta":{"footnotes":""},"categories":[13],"tags":[7923,44,4779,6967,823,3908,3980,33,239,7509],"class_list":["post-9020","post","type-post","status-publish","format-standard","has-post-thumbnail","hentry","category-technologie","tag-audio","tag-comment","tag-compris","tag-fonction","tag-jai","tag-regle","tag-spatiale","tag-sur","tag-utiliser","tag-wh1000xm6","generate-columns","tablet-grid-50","mobile-grid-100","grid-parent","grid-33"],"yoast_head":"<!-- This site is optimized with the Yoast SEO plugin v24.0 - https:\/\/yoast.com\/wordpress\/plugins\/seo\/ -->\n<title>J&#039;ai compris comment utiliser la fonction audio spatiale sur le WH-1000XM6, et il r\u00e8gle | Vie Associative<\/title>\n<meta name=\"robots\" content=\"index, follow, max-snippet:-1, max-image-preview:large, max-video-preview:-1\" \/>\n<link rel=\"canonical\" href=\"https:\/\/vieassociative.be\/actualites\/jai-compris-comment-utiliser-la-fonction-audio-spatiale-sur-le-wh-1000xm6-et-il-regle\/\" \/>\n<meta property=\"og:locale\" content=\"fr_FR\" \/>\n<meta property=\"og:type\" content=\"article\" \/>\n<meta property=\"og:title\" content=\"J&#039;ai compris comment utiliser la fonction audio spatiale sur le WH-1000XM6, et il r\u00e8gle | Vie Associative\" \/>\n<meta property=\"og:description\" content=\"Il semble que vous ayez un syst\u00e8me de son surround complet dans votre t\u00eate. Le WH-1000XM6 de Sony est mon choix pour les meilleurs \u00e9couteurs\" \/>\n<meta property=\"og:url\" content=\"https:\/\/vieassociative.be\/actualites\/jai-compris-comment-utiliser-la-fonction-audio-spatiale-sur-le-wh-1000xm6-et-il-regle\/\" \/>\n<meta property=\"og:site_name\" content=\"Vie Associative\" \/>\n<meta property=\"article:published_time\" content=\"2025-07-26T12:17:29+00:00\" \/>\n<meta property=\"og:image\" content=\"https:\/\/vieassociative.be\/actualites\/wp-content\/uploads\/2025\/07\/Jai-compris-comment-utiliser-la-fonction-audio-spatiale-sur-le.png\" \/>\n<meta name=\"author\" content=\"Julien\" \/>\n<meta name=\"twitter:card\" content=\"summary_large_image\" \/>\n<meta name=\"twitter:label1\" content=\"\u00c9crit par\" \/>\n\t<meta name=\"twitter:data1\" content=\"Julien\" \/>\n\t<meta name=\"twitter:label2\" content=\"Dur\u00e9e de lecture est.\" \/>\n\t<meta name=\"twitter:data2\" content=\"2 minutes\" \/>\n<script type=\"application\/ld+json\" class=\"yoast-schema-graph\">{\"@context\":\"https:\/\/schema.org\",\"@graph\":[{\"@type\":\"Article\",\"@id\":\"https:\/\/vieassociative.be\/actualites\/jai-compris-comment-utiliser-la-fonction-audio-spatiale-sur-le-wh-1000xm6-et-il-regle\/#article\",\"isPartOf\":{\"@id\":\"https:\/\/vieassociative.be\/actualites\/jai-compris-comment-utiliser-la-fonction-audio-spatiale-sur-le-wh-1000xm6-et-il-regle\/\"},\"author\":{\"name\":\"Julien\",\"@id\":\"https:\/\/vieassociative.be\/actualites\/#\/schema\/person\/b87ac4f82f9d4e7b7cec7395b679edc4\"},\"headline\":\"J&rsquo;ai compris comment utiliser la fonction audio spatiale sur le WH-1000XM6, et il r\u00e8gle\",\"datePublished\":\"2025-07-26T12:17:29+00:00\",\"dateModified\":\"2025-07-26T12:17:29+00:00\",\"mainEntityOfPage\":{\"@id\":\"https:\/\/vieassociative.be\/actualites\/jai-compris-comment-utiliser-la-fonction-audio-spatiale-sur-le-wh-1000xm6-et-il-regle\/\"},\"wordCount\":388,\"publisher\":{\"@id\":\"https:\/\/vieassociative.be\/actualites\/#organization\"},\"image\":{\"@id\":\"https:\/\/vieassociative.be\/actualites\/jai-compris-comment-utiliser-la-fonction-audio-spatiale-sur-le-wh-1000xm6-et-il-regle\/#primaryimage\"},\"thumbnailUrl\":\"https:\/\/vieassociative.be\/actualites\/wp-content\/uploads\/2025\/07\/Jai-compris-comment-utiliser-la-fonction-audio-spatiale-sur-le.jpg\",\"keywords\":[\"audio\",\"Comment\",\"compris\",\"fonction\",\"Jai\",\"r\u00e8gle\",\"spatiale\",\"sur\",\"utiliser\",\"WH1000XM6\"],\"articleSection\":[\"Technologie\"],\"inLanguage\":\"fr-BE\"},{\"@type\":\"WebPage\",\"@id\":\"https:\/\/vieassociative.be\/actualites\/jai-compris-comment-utiliser-la-fonction-audio-spatiale-sur-le-wh-1000xm6-et-il-regle\/\",\"url\":\"https:\/\/vieassociative.be\/actualites\/jai-compris-comment-utiliser-la-fonction-audio-spatiale-sur-le-wh-1000xm6-et-il-regle\/\",\"name\":\"J'ai compris comment utiliser la fonction audio spatiale sur le WH-1000XM6, et il r\u00e8gle | Vie Associative\",\"isPartOf\":{\"@id\":\"https:\/\/vieassociative.be\/actualites\/#website\"},\"primaryImageOfPage\":{\"@id\":\"https:\/\/vieassociative.be\/actualites\/jai-compris-comment-utiliser-la-fonction-audio-spatiale-sur-le-wh-1000xm6-et-il-regle\/#primaryimage\"},\"image\":{\"@id\":\"https:\/\/vieassociative.be\/actualites\/jai-compris-comment-utiliser-la-fonction-audio-spatiale-sur-le-wh-1000xm6-et-il-regle\/#primaryimage\"},\"thumbnailUrl\":\"https:\/\/vieassociative.be\/actualites\/wp-content\/uploads\/2025\/07\/Jai-compris-comment-utiliser-la-fonction-audio-spatiale-sur-le.jpg\",\"datePublished\":\"2025-07-26T12:17:29+00:00\",\"dateModified\":\"2025-07-26T12:17:29+00:00\",\"breadcrumb\":{\"@id\":\"https:\/\/vieassociative.be\/actualites\/jai-compris-comment-utiliser-la-fonction-audio-spatiale-sur-le-wh-1000xm6-et-il-regle\/#breadcrumb\"},\"inLanguage\":\"fr-BE\",\"potentialAction\":[{\"@type\":\"ReadAction\",\"target\":[\"https:\/\/vieassociative.be\/actualites\/jai-compris-comment-utiliser-la-fonction-audio-spatiale-sur-le-wh-1000xm6-et-il-regle\/\"]}]},{\"@type\":\"ImageObject\",\"inLanguage\":\"fr-BE\",\"@id\":\"https:\/\/vieassociative.be\/actualites\/jai-compris-comment-utiliser-la-fonction-audio-spatiale-sur-le-wh-1000xm6-et-il-regle\/#primaryimage\",\"url\":\"https:\/\/vieassociative.be\/actualites\/wp-content\/uploads\/2025\/07\/Jai-compris-comment-utiliser-la-fonction-audio-spatiale-sur-le.jpg\",\"contentUrl\":\"https:\/\/vieassociative.be\/actualites\/wp-content\/uploads\/2025\/07\/Jai-compris-comment-utiliser-la-fonction-audio-spatiale-sur-le.jpg\",\"width\":1200,\"height\":675,\"caption\":\"J'ai compris comment utiliser la fonction audio spatiale sur le WH-1000XM6, et il r\u00e8gle\"},{\"@type\":\"BreadcrumbList\",\"@id\":\"https:\/\/vieassociative.be\/actualites\/jai-compris-comment-utiliser-la-fonction-audio-spatiale-sur-le-wh-1000xm6-et-il-regle\/#breadcrumb\",\"itemListElement\":[{\"@type\":\"ListItem\",\"position\":1,\"name\":\"Accueil\",\"item\":\"https:\/\/vieassociative.be\/actualites\/\"},{\"@type\":\"ListItem\",\"position\":2,\"name\":\"J&rsquo;ai compris comment utiliser la fonction audio spatiale sur le WH-1000XM6, et il r\u00e8gle\"}]},{\"@type\":\"WebSite\",\"@id\":\"https:\/\/vieassociative.be\/actualites\/#website\",\"url\":\"https:\/\/vieassociative.be\/actualites\/\",\"name\":\"Vie Associative\",\"description\":\"\",\"publisher\":{\"@id\":\"https:\/\/vieassociative.be\/actualites\/#organization\"},\"potentialAction\":[{\"@type\":\"SearchAction\",\"target\":{\"@type\":\"EntryPoint\",\"urlTemplate\":\"https:\/\/vieassociative.be\/actualites\/?s={search_term_string}\"},\"query-input\":{\"@type\":\"PropertyValueSpecification\",\"valueRequired\":true,\"valueName\":\"search_term_string\"}}],\"inLanguage\":\"fr-BE\"},{\"@type\":\"Organization\",\"@id\":\"https:\/\/vieassociative.be\/actualites\/#organization\",\"name\":\"Vie Associative\",\"url\":\"https:\/\/vieassociative.be\/actualites\/\",\"logo\":{\"@type\":\"ImageObject\",\"inLanguage\":\"fr-BE\",\"@id\":\"https:\/\/vieassociative.be\/actualites\/#\/schema\/logo\/image\/\",\"url\":\"https:\/\/vieassociative.be\/actualites\/wp-content\/uploads\/2024\/09\/cropped-vieassociative_favicon.ico.png\",\"contentUrl\":\"https:\/\/vieassociative.be\/actualites\/wp-content\/uploads\/2024\/09\/cropped-vieassociative_favicon.ico.png\",\"width\":512,\"height\":512,\"caption\":\"Vie Associative\"},\"image\":{\"@id\":\"https:\/\/vieassociative.be\/actualites\/#\/schema\/logo\/image\/\"}},{\"@type\":\"Person\",\"@id\":\"https:\/\/vieassociative.be\/actualites\/#\/schema\/person\/b87ac4f82f9d4e7b7cec7395b679edc4\",\"name\":\"Julien\",\"image\":{\"@type\":\"ImageObject\",\"inLanguage\":\"fr-BE\",\"@id\":\"https:\/\/vieassociative.be\/actualites\/#\/schema\/person\/image\/\",\"url\":\"https:\/\/vieassociative.be\/actualites\/wp-content\/uploads\/2024\/09\/vie-associative-1-150x150.jpg\",\"contentUrl\":\"https:\/\/vieassociative.be\/actualites\/wp-content\/uploads\/2024\/09\/vie-associative-1-150x150.jpg\",\"caption\":\"Julien\"},\"description\":\"Je suis Julien, r\u00e9dacteur pour Vie Associative. Passionn\u00e9 par le monde associatif depuis plus de 10 ans, j'ai \u00e0 c\u0153ur de partager des histoires inspirantes et de mettre en lumi\u00e8re les initiatives locales. Mon objectif est de sensibiliser et d'encourager l'engagement communautaire \u00e0 travers mes articles.\",\"sameAs\":[\"https:\/\/vieassociative.be\/\"]}]}<\/script>\n<!-- \/ Yoast SEO plugin. -->","yoast_head_json":{"title":"J'ai compris comment utiliser la fonction audio spatiale sur le WH-1000XM6, et il r\u00e8gle | Vie Associative","robots":{"index":"index","follow":"follow","max-snippet":"max-snippet:-1","max-image-preview":"max-image-preview:large","max-video-preview":"max-video-preview:-1"},"canonical":"https:\/\/vieassociative.be\/actualites\/jai-compris-comment-utiliser-la-fonction-audio-spatiale-sur-le-wh-1000xm6-et-il-regle\/","og_locale":"fr_FR","og_type":"article","og_title":"J'ai compris comment utiliser la fonction audio spatiale sur le WH-1000XM6, et il r\u00e8gle | Vie Associative","og_description":"Il semble que vous ayez un syst\u00e8me de son surround complet dans votre t\u00eate. Le WH-1000XM6 de Sony est mon choix pour les meilleurs \u00e9couteurs","og_url":"https:\/\/vieassociative.be\/actualites\/jai-compris-comment-utiliser-la-fonction-audio-spatiale-sur-le-wh-1000xm6-et-il-regle\/","og_site_name":"Vie Associative","article_published_time":"2025-07-26T12:17:29+00:00","og_image":[{"url":"https:\/\/vieassociative.be\/actualites\/wp-content\/uploads\/2025\/07\/Jai-compris-comment-utiliser-la-fonction-audio-spatiale-sur-le.png","type":"","width":"","height":""}],"author":"Julien","twitter_card":"summary_large_image","twitter_misc":{"\u00c9crit par":"Julien","Dur\u00e9e de lecture est.":"2 minutes"},"schema":{"@context":"https:\/\/schema.org","@graph":[{"@type":"Article","@id":"https:\/\/vieassociative.be\/actualites\/jai-compris-comment-utiliser-la-fonction-audio-spatiale-sur-le-wh-1000xm6-et-il-regle\/#article","isPartOf":{"@id":"https:\/\/vieassociative.be\/actualites\/jai-compris-comment-utiliser-la-fonction-audio-spatiale-sur-le-wh-1000xm6-et-il-regle\/"},"author":{"name":"Julien","@id":"https:\/\/vieassociative.be\/actualites\/#\/schema\/person\/b87ac4f82f9d4e7b7cec7395b679edc4"},"headline":"J&rsquo;ai compris comment utiliser la fonction audio spatiale sur le WH-1000XM6, et il r\u00e8gle","datePublished":"2025-07-26T12:17:29+00:00","dateModified":"2025-07-26T12:17:29+00:00","mainEntityOfPage":{"@id":"https:\/\/vieassociative.be\/actualites\/jai-compris-comment-utiliser-la-fonction-audio-spatiale-sur-le-wh-1000xm6-et-il-regle\/"},"wordCount":388,"publisher":{"@id":"https:\/\/vieassociative.be\/actualites\/#organization"},"image":{"@id":"https:\/\/vieassociative.be\/actualites\/jai-compris-comment-utiliser-la-fonction-audio-spatiale-sur-le-wh-1000xm6-et-il-regle\/#primaryimage"},"thumbnailUrl":"https:\/\/vieassociative.be\/actualites\/wp-content\/uploads\/2025\/07\/Jai-compris-comment-utiliser-la-fonction-audio-spatiale-sur-le.jpg","keywords":["audio","Comment","compris","fonction","Jai","r\u00e8gle","spatiale","sur","utiliser","WH1000XM6"],"articleSection":["Technologie"],"inLanguage":"fr-BE"},{"@type":"WebPage","@id":"https:\/\/vieassociative.be\/actualites\/jai-compris-comment-utiliser-la-fonction-audio-spatiale-sur-le-wh-1000xm6-et-il-regle\/","url":"https:\/\/vieassociative.be\/actualites\/jai-compris-comment-utiliser-la-fonction-audio-spatiale-sur-le-wh-1000xm6-et-il-regle\/","name":"J'ai compris comment utiliser la fonction audio spatiale sur le WH-1000XM6, et il r\u00e8gle | Vie Associative","isPartOf":{"@id":"https:\/\/vieassociative.be\/actualites\/#website"},"primaryImageOfPage":{"@id":"https:\/\/vieassociative.be\/actualites\/jai-compris-comment-utiliser-la-fonction-audio-spatiale-sur-le-wh-1000xm6-et-il-regle\/#primaryimage"},"image":{"@id":"https:\/\/vieassociative.be\/actualites\/jai-compris-comment-utiliser-la-fonction-audio-spatiale-sur-le-wh-1000xm6-et-il-regle\/#primaryimage"},"thumbnailUrl":"https:\/\/vieassociative.be\/actualites\/wp-content\/uploads\/2025\/07\/Jai-compris-comment-utiliser-la-fonction-audio-spatiale-sur-le.jpg","datePublished":"2025-07-26T12:17:29+00:00","dateModified":"2025-07-26T12:17:29+00:00","breadcrumb":{"@id":"https:\/\/vieassociative.be\/actualites\/jai-compris-comment-utiliser-la-fonction-audio-spatiale-sur-le-wh-1000xm6-et-il-regle\/#breadcrumb"},"inLanguage":"fr-BE","potentialAction":[{"@type":"ReadAction","target":["https:\/\/vieassociative.be\/actualites\/jai-compris-comment-utiliser-la-fonction-audio-spatiale-sur-le-wh-1000xm6-et-il-regle\/"]}]},{"@type":"ImageObject","inLanguage":"fr-BE","@id":"https:\/\/vieassociative.be\/actualites\/jai-compris-comment-utiliser-la-fonction-audio-spatiale-sur-le-wh-1000xm6-et-il-regle\/#primaryimage","url":"https:\/\/vieassociative.be\/actualites\/wp-content\/uploads\/2025\/07\/Jai-compris-comment-utiliser-la-fonction-audio-spatiale-sur-le.jpg","contentUrl":"https:\/\/vieassociative.be\/actualites\/wp-content\/uploads\/2025\/07\/Jai-compris-comment-utiliser-la-fonction-audio-spatiale-sur-le.jpg","width":1200,"height":675,"caption":"J'ai compris comment utiliser la fonction audio spatiale sur le WH-1000XM6, et il r\u00e8gle"},{"@type":"BreadcrumbList","@id":"https:\/\/vieassociative.be\/actualites\/jai-compris-comment-utiliser-la-fonction-audio-spatiale-sur-le-wh-1000xm6-et-il-regle\/#breadcrumb","itemListElement":[{"@type":"ListItem","position":1,"name":"Accueil","item":"https:\/\/vieassociative.be\/actualites\/"},{"@type":"ListItem","position":2,"name":"J&rsquo;ai compris comment utiliser la fonction audio spatiale sur le WH-1000XM6, et il r\u00e8gle"}]},{"@type":"WebSite","@id":"https:\/\/vieassociative.be\/actualites\/#website","url":"https:\/\/vieassociative.be\/actualites\/","name":"Vie Associative","description":"","publisher":{"@id":"https:\/\/vieassociative.be\/actualites\/#organization"},"potentialAction":[{"@type":"SearchAction","target":{"@type":"EntryPoint","urlTemplate":"https:\/\/vieassociative.be\/actualites\/?s={search_term_string}"},"query-input":{"@type":"PropertyValueSpecification","valueRequired":true,"valueName":"search_term_string"}}],"inLanguage":"fr-BE"},{"@type":"Organization","@id":"https:\/\/vieassociative.be\/actualites\/#organization","name":"Vie Associative","url":"https:\/\/vieassociative.be\/actualites\/","logo":{"@type":"ImageObject","inLanguage":"fr-BE","@id":"https:\/\/vieassociative.be\/actualites\/#\/schema\/logo\/image\/","url":"https:\/\/vieassociative.be\/actualites\/wp-content\/uploads\/2024\/09\/cropped-vieassociative_favicon.ico.png","contentUrl":"https:\/\/vieassociative.be\/actualites\/wp-content\/uploads\/2024\/09\/cropped-vieassociative_favicon.ico.png","width":512,"height":512,"caption":"Vie Associative"},"image":{"@id":"https:\/\/vieassociative.be\/actualites\/#\/schema\/logo\/image\/"}},{"@type":"Person","@id":"https:\/\/vieassociative.be\/actualites\/#\/schema\/person\/b87ac4f82f9d4e7b7cec7395b679edc4","name":"Julien","image":{"@type":"ImageObject","inLanguage":"fr-BE","@id":"https:\/\/vieassociative.be\/actualites\/#\/schema\/person\/image\/","url":"https:\/\/vieassociative.be\/actualites\/wp-content\/uploads\/2024\/09\/vie-associative-1-150x150.jpg","contentUrl":"https:\/\/vieassociative.be\/actualites\/wp-content\/uploads\/2024\/09\/vie-associative-1-150x150.jpg","caption":"Julien"},"description":"Je suis Julien, r\u00e9dacteur pour Vie Associative. Passionn\u00e9 par le monde associatif depuis plus de 10 ans, j'ai \u00e0 c\u0153ur de partager des histoires inspirantes et de mettre en lumi\u00e8re les initiatives locales. Mon objectif est de sensibiliser et d'encourager l'engagement communautaire \u00e0 travers mes articles.","sameAs":["https:\/\/vieassociative.be\/"]}]}},"_links":{"self":[{"href":"https:\/\/vieassociative.be\/actualites\/wp-json\/wp\/v2\/posts\/9020"}],"collection":[{"href":"https:\/\/vieassociative.be\/actualites\/wp-json\/wp\/v2\/posts"}],"about":[{"href":"https:\/\/vieassociative.be\/actualites\/wp-json\/wp\/v2\/types\/post"}],"author":[{"embeddable":true,"href":"https:\/\/vieassociative.be\/actualites\/wp-json\/wp\/v2\/users\/1"}],"replies":[{"embeddable":true,"href":"https:\/\/vieassociative.be\/actualites\/wp-json\/wp\/v2\/comments?post=9020"}],"version-history":[{"count":0,"href":"https:\/\/vieassociative.be\/actualites\/wp-json\/wp\/v2\/posts\/9020\/revisions"}],"wp:featuredmedia":[{"embeddable":true,"href":"https:\/\/vieassociative.be\/actualites\/wp-json\/wp\/v2\/media\/9021"}],"wp:attachment":[{"href":"https:\/\/vieassociative.be\/actualites\/wp-json\/wp\/v2\/media?parent=9020"}],"wp:term":[{"taxonomy":"category","embeddable":true,"href":"https:\/\/vieassociative.be\/actualites\/wp-json\/wp\/v2\/categories?post=9020"},{"taxonomy":"post_tag","embeddable":true,"href":"https:\/\/vieassociative.be\/actualites\/wp-json\/wp\/v2\/tags?post=9020"}],"curies":[{"name":"wp","href":"https:\/\/api.w.org\/{rel}","templated":true}]}}