{"id":9018,"date":"2025-07-26T10:17:43","date_gmt":"2025-07-26T08:17:43","guid":{"rendered":"https:\/\/vieassociative.be\/actualites\/le-park-hotel-a-kelmis-ferme-une-periode-indefinie-du-1er-aout-2025-agr-retards-ordonne\/"},"modified":"2025-07-26T10:17:43","modified_gmt":"2025-07-26T08:17:43","slug":"le-park-hotel-a-kelmis-ferme-une-periode-indefinie-du-1er-aout-2025-agr-retards-ordonne","status":"publish","type":"post","link":"https:\/\/vieassociative.be\/actualites\/le-park-hotel-a-kelmis-ferme-une-periode-indefinie-du-1er-aout-2025-agr-retards-ordonne\/","title":{"rendered":"Le Park Hotel \u00e0 Kelmis ferme une p\u00e9riode ind\u00e9finie du 1er ao\u00fbt 2025 &#8211; AGR: \u00ab\u00a0Retards ordonn\u00e9\u00a0\u00bb"},"content":{"rendered":"<p><strong>Dans la municipalit\u00e9 de Kelmis, le conseil d&rsquo;administration de la municipalgegie autonome de Galmei a d\u00e9cid\u00e9 \u00e0 l&rsquo;unanimit\u00e9 d&rsquo;arr\u00eater le fonctionnement de l&rsquo;h\u00f4tel Park \u00e0 Kelmis le 1er ao\u00fbt 2025 ind\u00e9finiment.<\/strong><\/p>\n<p><span id=\"more-421009\"><\/span>La raison de cette d\u00e9cision est l&rsquo;\u00e9laboration actuelle du personnel, qui ne garantit plus plus de fonctionnement r\u00e9glement\u00e9 et fiable, selon un communiqu\u00e9 de presse.<\/p>\n<p>\u00ab\u00a0Nous voulons \u00e9viter que les invit\u00e9s &#8211; en particulier les familles avec enfants &#8211; soient soudainement devant des portes ferm\u00e9es pendant leur voyage ou leur s\u00e9jour\u00a0\u00bb, explique Bj\u00f6rn Klinkenberg, g\u00e9rant l&rsquo;administrateur de l&rsquo;AGR. Pour cette raison, le chemin d&rsquo;une \u00ab\u00a0fermeture ordonn\u00e9e\u00a0\u00bb a \u00e9t\u00e9 d\u00e9lib\u00e9r\u00e9ment choisi.<\/p>\n<div id=\"attachment_394090\" class=\"wp-caption alignleft\" style=\"max-width: 300px\"><img fetchpriority=\"high\" decoding=\"async\" class=\"wp-image-394090 size-medium\" src=\"https:\/\/vieassociative.be\/actualites\/wp-content\/uploads\/2025\/07\/Le-Park-Hotel-a-Kelmis-ferme-une-periode-indefinie-du.jpg\" alt=\"\" width=\"300\" height=\"200\"><\/div>\n<p>Malgr\u00e9 les circonstances difficiles, l&rsquo;AGR cherche les mois \u00e0 venir, se poursuit. Lors des prochaines r\u00e9unions du conseil d&rsquo;administration, toutes les factions conseilleront sur le r\u00e9alignement moyen du complexe h\u00f4telier. L&rsquo;objectif est de d\u00e9velopper des solutions durables et durables pour une utilisation future.<\/p>\n<p>\u00ab\u00a0Je remercie express\u00e9ment toutes les factions pour l&rsquo;attitude constructive et responsable dans cette question difficile\u00a0\u00bb, a d\u00e9clar\u00e9 Klinkenberg. \u00ab\u00a0Cette d\u00e9cision n&rsquo;a pas \u00e9t\u00e9 facile, mais il est n\u00e9cessaire de cr\u00e9er une perspective ax\u00e9e sur la qualit\u00e9 et le futur pour le Park Hotel et l&#8217;emplacement de Kelmis \u00e0 long terme.\u00a0\u00bb (Cre)<\/p>\n","protected":false},"excerpt":{"rendered":"<p>Dans la municipalit\u00e9 de Kelmis, le conseil d&rsquo;administration de la municipalgegie autonome de Galmei a d\u00e9cid\u00e9 \u00e0 l&rsquo;unanimit\u00e9 d&rsquo;arr\u00eater le fonctionnement de l&rsquo;h\u00f4tel Park \u00e0<\/p>\n","protected":false},"author":1,"featured_media":9019,"comment_status":"","ping_status":"","sticky":false,"template":"","format":"standard","meta":{"footnotes":""},"categories":[298],"tags":[1146,7921,1778,5825,2043,7920,3719,5882,7919,395,7922,110],"class_list":["post-9018","post","type-post","status-publish","format-standard","has-post-thumbnail","hentry","category-belgique","tag-1er","tag-agr","tag-aout","tag-ferme","tag-hotel","tag-indefinie","tag-kelmis","tag-ordonne","tag-park","tag-periode","tag-retards","tag-une","generate-columns","tablet-grid-50","mobile-grid-100","grid-parent","grid-33"],"yoast_head":"<!-- This site is optimized with the Yoast SEO plugin v24.0 - https:\/\/yoast.com\/wordpress\/plugins\/seo\/ -->\n<title>Le Park Hotel \u00e0 Kelmis ferme une p\u00e9riode ind\u00e9finie du 1er ao\u00fbt 2025 - AGR: &quot;Retards ordonn\u00e9&quot; | Vie Associative<\/title>\n<meta name=\"robots\" content=\"index, follow, max-snippet:-1, max-image-preview:large, max-video-preview:-1\" \/>\n<link rel=\"canonical\" href=\"https:\/\/vieassociative.be\/actualites\/le-park-hotel-a-kelmis-ferme-une-periode-indefinie-du-1er-aout-2025-agr-retards-ordonne\/\" \/>\n<meta property=\"og:locale\" content=\"fr_FR\" \/>\n<meta property=\"og:type\" content=\"article\" \/>\n<meta property=\"og:title\" content=\"Le Park Hotel \u00e0 Kelmis ferme une p\u00e9riode ind\u00e9finie du 1er ao\u00fbt 2025 - AGR: &quot;Retards ordonn\u00e9&quot; | Vie Associative\" \/>\n<meta property=\"og:description\" content=\"Dans la municipalit\u00e9 de Kelmis, le conseil d&rsquo;administration de la municipalgegie autonome de Galmei a d\u00e9cid\u00e9 \u00e0 l&rsquo;unanimit\u00e9 d&rsquo;arr\u00eater le fonctionnement de l&rsquo;h\u00f4tel Park \u00e0\" \/>\n<meta property=\"og:url\" content=\"https:\/\/vieassociative.be\/actualites\/le-park-hotel-a-kelmis-ferme-une-periode-indefinie-du-1er-aout-2025-agr-retards-ordonne\/\" \/>\n<meta property=\"og:site_name\" content=\"Vie Associative\" \/>\n<meta property=\"article:published_time\" content=\"2025-07-26T08:17:43+00:00\" \/>\n<meta property=\"og:image\" content=\"https:\/\/vieassociative.be\/actualites\/wp-content\/uploads\/2024\/09\/header_backgroundk-01-e1726694325946.png\" \/>\n\t<meta property=\"og:image:width\" content=\"279\" \/>\n\t<meta property=\"og:image:height\" content=\"92\" \/>\n\t<meta property=\"og:image:type\" content=\"image\/png\" \/>\n<meta name=\"author\" content=\"Julien\" \/>\n<meta name=\"twitter:card\" content=\"summary_large_image\" \/>\n<meta name=\"twitter:label1\" content=\"\u00c9crit par\" \/>\n\t<meta name=\"twitter:data1\" content=\"Julien\" \/>\n\t<meta name=\"twitter:label2\" content=\"Dur\u00e9e de lecture est.\" \/>\n\t<meta name=\"twitter:data2\" content=\"1 minute\" \/>\n<script type=\"application\/ld+json\" class=\"yoast-schema-graph\">{\"@context\":\"https:\/\/schema.org\",\"@graph\":[{\"@type\":\"Article\",\"@id\":\"https:\/\/vieassociative.be\/actualites\/le-park-hotel-a-kelmis-ferme-une-periode-indefinie-du-1er-aout-2025-agr-retards-ordonne\/#article\",\"isPartOf\":{\"@id\":\"https:\/\/vieassociative.be\/actualites\/le-park-hotel-a-kelmis-ferme-une-periode-indefinie-du-1er-aout-2025-agr-retards-ordonne\/\"},\"author\":{\"name\":\"Julien\",\"@id\":\"https:\/\/vieassociative.be\/actualites\/#\/schema\/person\/b87ac4f82f9d4e7b7cec7395b679edc4\"},\"headline\":\"Le Park Hotel \u00e0 Kelmis ferme une p\u00e9riode ind\u00e9finie du 1er ao\u00fbt 2025 &#8211; AGR: \u00ab\u00a0Retards ordonn\u00e9\u00a0\u00bb\",\"datePublished\":\"2025-07-26T08:17:43+00:00\",\"dateModified\":\"2025-07-26T08:17:43+00:00\",\"mainEntityOfPage\":{\"@id\":\"https:\/\/vieassociative.be\/actualites\/le-park-hotel-a-kelmis-ferme-une-periode-indefinie-du-1er-aout-2025-agr-retards-ordonne\/\"},\"wordCount\":248,\"publisher\":{\"@id\":\"https:\/\/vieassociative.be\/actualites\/#organization\"},\"image\":{\"@id\":\"https:\/\/vieassociative.be\/actualites\/le-park-hotel-a-kelmis-ferme-une-periode-indefinie-du-1er-aout-2025-agr-retards-ordonne\/#primaryimage\"},\"thumbnailUrl\":\"https:\/\/vieassociative.be\/actualites\/wp-content\/uploads\/2025\/07\/1753517863_Le-Park-Hotel-a-Kelmis-ferme-une-periode-indefinie-du.jpg\",\"keywords\":[\"1er\",\"AGR\",\"ao\u00fbt\",\"ferm\u00e9\",\"h\u00f4tel\",\"ind\u00e9finie\",\"Kelmis\",\"ordonne\",\"Park\",\"p\u00e9riode\",\"Retards\",\"une\"],\"articleSection\":[\"Belgique\"],\"inLanguage\":\"fr-BE\"},{\"@type\":\"WebPage\",\"@id\":\"https:\/\/vieassociative.be\/actualites\/le-park-hotel-a-kelmis-ferme-une-periode-indefinie-du-1er-aout-2025-agr-retards-ordonne\/\",\"url\":\"https:\/\/vieassociative.be\/actualites\/le-park-hotel-a-kelmis-ferme-une-periode-indefinie-du-1er-aout-2025-agr-retards-ordonne\/\",\"name\":\"Le Park Hotel \u00e0 Kelmis ferme une p\u00e9riode ind\u00e9finie du 1er ao\u00fbt 2025 - AGR: \\\"Retards ordonn\u00e9\\\" | Vie Associative\",\"isPartOf\":{\"@id\":\"https:\/\/vieassociative.be\/actualites\/#website\"},\"primaryImageOfPage\":{\"@id\":\"https:\/\/vieassociative.be\/actualites\/le-park-hotel-a-kelmis-ferme-une-periode-indefinie-du-1er-aout-2025-agr-retards-ordonne\/#primaryimage\"},\"image\":{\"@id\":\"https:\/\/vieassociative.be\/actualites\/le-park-hotel-a-kelmis-ferme-une-periode-indefinie-du-1er-aout-2025-agr-retards-ordonne\/#primaryimage\"},\"thumbnailUrl\":\"https:\/\/vieassociative.be\/actualites\/wp-content\/uploads\/2025\/07\/1753517863_Le-Park-Hotel-a-Kelmis-ferme-une-periode-indefinie-du.jpg\",\"datePublished\":\"2025-07-26T08:17:43+00:00\",\"dateModified\":\"2025-07-26T08:17:43+00:00\",\"breadcrumb\":{\"@id\":\"https:\/\/vieassociative.be\/actualites\/le-park-hotel-a-kelmis-ferme-une-periode-indefinie-du-1er-aout-2025-agr-retards-ordonne\/#breadcrumb\"},\"inLanguage\":\"fr-BE\",\"potentialAction\":[{\"@type\":\"ReadAction\",\"target\":[\"https:\/\/vieassociative.be\/actualites\/le-park-hotel-a-kelmis-ferme-une-periode-indefinie-du-1er-aout-2025-agr-retards-ordonne\/\"]}]},{\"@type\":\"ImageObject\",\"inLanguage\":\"fr-BE\",\"@id\":\"https:\/\/vieassociative.be\/actualites\/le-park-hotel-a-kelmis-ferme-une-periode-indefinie-du-1er-aout-2025-agr-retards-ordonne\/#primaryimage\",\"url\":\"https:\/\/vieassociative.be\/actualites\/wp-content\/uploads\/2025\/07\/1753517863_Le-Park-Hotel-a-Kelmis-ferme-une-periode-indefinie-du.jpg\",\"contentUrl\":\"https:\/\/vieassociative.be\/actualites\/wp-content\/uploads\/2025\/07\/1753517863_Le-Park-Hotel-a-Kelmis-ferme-une-periode-indefinie-du.jpg\",\"width\":1200,\"height\":800,\"caption\":\"Le Park Hotel \u00e0 Kelmis ferme une p\u00e9riode ind\u00e9finie du 1er ao\u00fbt 2025 - AGR: \\\"Retards ordonn\u00e9\\\"\"},{\"@type\":\"BreadcrumbList\",\"@id\":\"https:\/\/vieassociative.be\/actualites\/le-park-hotel-a-kelmis-ferme-une-periode-indefinie-du-1er-aout-2025-agr-retards-ordonne\/#breadcrumb\",\"itemListElement\":[{\"@type\":\"ListItem\",\"position\":1,\"name\":\"Accueil\",\"item\":\"https:\/\/vieassociative.be\/actualites\/\"},{\"@type\":\"ListItem\",\"position\":2,\"name\":\"Le Park Hotel \u00e0 Kelmis ferme une p\u00e9riode ind\u00e9finie du 1er ao\u00fbt 2025 &#8211; AGR: \u00ab\u00a0Retards ordonn\u00e9\u00a0\u00bb\"}]},{\"@type\":\"WebSite\",\"@id\":\"https:\/\/vieassociative.be\/actualites\/#website\",\"url\":\"https:\/\/vieassociative.be\/actualites\/\",\"name\":\"Vie Associative\",\"description\":\"\",\"publisher\":{\"@id\":\"https:\/\/vieassociative.be\/actualites\/#organization\"},\"potentialAction\":[{\"@type\":\"SearchAction\",\"target\":{\"@type\":\"EntryPoint\",\"urlTemplate\":\"https:\/\/vieassociative.be\/actualites\/?s={search_term_string}\"},\"query-input\":{\"@type\":\"PropertyValueSpecification\",\"valueRequired\":true,\"valueName\":\"search_term_string\"}}],\"inLanguage\":\"fr-BE\"},{\"@type\":\"Organization\",\"@id\":\"https:\/\/vieassociative.be\/actualites\/#organization\",\"name\":\"Vie Associative\",\"url\":\"https:\/\/vieassociative.be\/actualites\/\",\"logo\":{\"@type\":\"ImageObject\",\"inLanguage\":\"fr-BE\",\"@id\":\"https:\/\/vieassociative.be\/actualites\/#\/schema\/logo\/image\/\",\"url\":\"https:\/\/vieassociative.be\/actualites\/wp-content\/uploads\/2024\/09\/cropped-vieassociative_favicon.ico.png\",\"contentUrl\":\"https:\/\/vieassociative.be\/actualites\/wp-content\/uploads\/2024\/09\/cropped-vieassociative_favicon.ico.png\",\"width\":512,\"height\":512,\"caption\":\"Vie Associative\"},\"image\":{\"@id\":\"https:\/\/vieassociative.be\/actualites\/#\/schema\/logo\/image\/\"}},{\"@type\":\"Person\",\"@id\":\"https:\/\/vieassociative.be\/actualites\/#\/schema\/person\/b87ac4f82f9d4e7b7cec7395b679edc4\",\"name\":\"Julien\",\"image\":{\"@type\":\"ImageObject\",\"inLanguage\":\"fr-BE\",\"@id\":\"https:\/\/vieassociative.be\/actualites\/#\/schema\/person\/image\/\",\"url\":\"https:\/\/vieassociative.be\/actualites\/wp-content\/uploads\/2024\/09\/vie-associative-1-150x150.jpg\",\"contentUrl\":\"https:\/\/vieassociative.be\/actualites\/wp-content\/uploads\/2024\/09\/vie-associative-1-150x150.jpg\",\"caption\":\"Julien\"},\"description\":\"Je suis Julien, r\u00e9dacteur pour Vie Associative. Passionn\u00e9 par le monde associatif depuis plus de 10 ans, j'ai \u00e0 c\u0153ur de partager des histoires inspirantes et de mettre en lumi\u00e8re les initiatives locales. Mon objectif est de sensibiliser et d'encourager l'engagement communautaire \u00e0 travers mes articles.\",\"sameAs\":[\"https:\/\/vieassociative.be\/\"]}]}<\/script>\n<!-- \/ Yoast SEO plugin. -->","yoast_head_json":{"title":"Le Park Hotel \u00e0 Kelmis ferme une p\u00e9riode ind\u00e9finie du 1er ao\u00fbt 2025 - AGR: \"Retards ordonn\u00e9\" | Vie Associative","robots":{"index":"index","follow":"follow","max-snippet":"max-snippet:-1","max-image-preview":"max-image-preview:large","max-video-preview":"max-video-preview:-1"},"canonical":"https:\/\/vieassociative.be\/actualites\/le-park-hotel-a-kelmis-ferme-une-periode-indefinie-du-1er-aout-2025-agr-retards-ordonne\/","og_locale":"fr_FR","og_type":"article","og_title":"Le Park Hotel \u00e0 Kelmis ferme une p\u00e9riode ind\u00e9finie du 1er ao\u00fbt 2025 - AGR: \"Retards ordonn\u00e9\" | Vie Associative","og_description":"Dans la municipalit\u00e9 de Kelmis, le conseil d&rsquo;administration de la municipalgegie autonome de Galmei a d\u00e9cid\u00e9 \u00e0 l&rsquo;unanimit\u00e9 d&rsquo;arr\u00eater le fonctionnement de l&rsquo;h\u00f4tel Park \u00e0","og_url":"https:\/\/vieassociative.be\/actualites\/le-park-hotel-a-kelmis-ferme-une-periode-indefinie-du-1er-aout-2025-agr-retards-ordonne\/","og_site_name":"Vie Associative","article_published_time":"2025-07-26T08:17:43+00:00","og_image":[{"width":279,"height":92,"url":"https:\/\/vieassociative.be\/actualites\/wp-content\/uploads\/2024\/09\/header_backgroundk-01-e1726694325946.png","type":"image\/png"}],"author":"Julien","twitter_card":"summary_large_image","twitter_misc":{"\u00c9crit par":"Julien","Dur\u00e9e de lecture est.":"1 minute"},"schema":{"@context":"https:\/\/schema.org","@graph":[{"@type":"Article","@id":"https:\/\/vieassociative.be\/actualites\/le-park-hotel-a-kelmis-ferme-une-periode-indefinie-du-1er-aout-2025-agr-retards-ordonne\/#article","isPartOf":{"@id":"https:\/\/vieassociative.be\/actualites\/le-park-hotel-a-kelmis-ferme-une-periode-indefinie-du-1er-aout-2025-agr-retards-ordonne\/"},"author":{"name":"Julien","@id":"https:\/\/vieassociative.be\/actualites\/#\/schema\/person\/b87ac4f82f9d4e7b7cec7395b679edc4"},"headline":"Le Park Hotel \u00e0 Kelmis ferme une p\u00e9riode ind\u00e9finie du 1er ao\u00fbt 2025 &#8211; AGR: \u00ab\u00a0Retards ordonn\u00e9\u00a0\u00bb","datePublished":"2025-07-26T08:17:43+00:00","dateModified":"2025-07-26T08:17:43+00:00","mainEntityOfPage":{"@id":"https:\/\/vieassociative.be\/actualites\/le-park-hotel-a-kelmis-ferme-une-periode-indefinie-du-1er-aout-2025-agr-retards-ordonne\/"},"wordCount":248,"publisher":{"@id":"https:\/\/vieassociative.be\/actualites\/#organization"},"image":{"@id":"https:\/\/vieassociative.be\/actualites\/le-park-hotel-a-kelmis-ferme-une-periode-indefinie-du-1er-aout-2025-agr-retards-ordonne\/#primaryimage"},"thumbnailUrl":"https:\/\/vieassociative.be\/actualites\/wp-content\/uploads\/2025\/07\/1753517863_Le-Park-Hotel-a-Kelmis-ferme-une-periode-indefinie-du.jpg","keywords":["1er","AGR","ao\u00fbt","ferm\u00e9","h\u00f4tel","ind\u00e9finie","Kelmis","ordonne","Park","p\u00e9riode","Retards","une"],"articleSection":["Belgique"],"inLanguage":"fr-BE"},{"@type":"WebPage","@id":"https:\/\/vieassociative.be\/actualites\/le-park-hotel-a-kelmis-ferme-une-periode-indefinie-du-1er-aout-2025-agr-retards-ordonne\/","url":"https:\/\/vieassociative.be\/actualites\/le-park-hotel-a-kelmis-ferme-une-periode-indefinie-du-1er-aout-2025-agr-retards-ordonne\/","name":"Le Park Hotel \u00e0 Kelmis ferme une p\u00e9riode ind\u00e9finie du 1er ao\u00fbt 2025 - AGR: \"Retards ordonn\u00e9\" | Vie Associative","isPartOf":{"@id":"https:\/\/vieassociative.be\/actualites\/#website"},"primaryImageOfPage":{"@id":"https:\/\/vieassociative.be\/actualites\/le-park-hotel-a-kelmis-ferme-une-periode-indefinie-du-1er-aout-2025-agr-retards-ordonne\/#primaryimage"},"image":{"@id":"https:\/\/vieassociative.be\/actualites\/le-park-hotel-a-kelmis-ferme-une-periode-indefinie-du-1er-aout-2025-agr-retards-ordonne\/#primaryimage"},"thumbnailUrl":"https:\/\/vieassociative.be\/actualites\/wp-content\/uploads\/2025\/07\/1753517863_Le-Park-Hotel-a-Kelmis-ferme-une-periode-indefinie-du.jpg","datePublished":"2025-07-26T08:17:43+00:00","dateModified":"2025-07-26T08:17:43+00:00","breadcrumb":{"@id":"https:\/\/vieassociative.be\/actualites\/le-park-hotel-a-kelmis-ferme-une-periode-indefinie-du-1er-aout-2025-agr-retards-ordonne\/#breadcrumb"},"inLanguage":"fr-BE","potentialAction":[{"@type":"ReadAction","target":["https:\/\/vieassociative.be\/actualites\/le-park-hotel-a-kelmis-ferme-une-periode-indefinie-du-1er-aout-2025-agr-retards-ordonne\/"]}]},{"@type":"ImageObject","inLanguage":"fr-BE","@id":"https:\/\/vieassociative.be\/actualites\/le-park-hotel-a-kelmis-ferme-une-periode-indefinie-du-1er-aout-2025-agr-retards-ordonne\/#primaryimage","url":"https:\/\/vieassociative.be\/actualites\/wp-content\/uploads\/2025\/07\/1753517863_Le-Park-Hotel-a-Kelmis-ferme-une-periode-indefinie-du.jpg","contentUrl":"https:\/\/vieassociative.be\/actualites\/wp-content\/uploads\/2025\/07\/1753517863_Le-Park-Hotel-a-Kelmis-ferme-une-periode-indefinie-du.jpg","width":1200,"height":800,"caption":"Le Park Hotel \u00e0 Kelmis ferme une p\u00e9riode ind\u00e9finie du 1er ao\u00fbt 2025 - AGR: \"Retards ordonn\u00e9\""},{"@type":"BreadcrumbList","@id":"https:\/\/vieassociative.be\/actualites\/le-park-hotel-a-kelmis-ferme-une-periode-indefinie-du-1er-aout-2025-agr-retards-ordonne\/#breadcrumb","itemListElement":[{"@type":"ListItem","position":1,"name":"Accueil","item":"https:\/\/vieassociative.be\/actualites\/"},{"@type":"ListItem","position":2,"name":"Le Park Hotel \u00e0 Kelmis ferme une p\u00e9riode ind\u00e9finie du 1er ao\u00fbt 2025 &#8211; AGR: \u00ab\u00a0Retards ordonn\u00e9\u00a0\u00bb"}]},{"@type":"WebSite","@id":"https:\/\/vieassociative.be\/actualites\/#website","url":"https:\/\/vieassociative.be\/actualites\/","name":"Vie Associative","description":"","publisher":{"@id":"https:\/\/vieassociative.be\/actualites\/#organization"},"potentialAction":[{"@type":"SearchAction","target":{"@type":"EntryPoint","urlTemplate":"https:\/\/vieassociative.be\/actualites\/?s={search_term_string}"},"query-input":{"@type":"PropertyValueSpecification","valueRequired":true,"valueName":"search_term_string"}}],"inLanguage":"fr-BE"},{"@type":"Organization","@id":"https:\/\/vieassociative.be\/actualites\/#organization","name":"Vie Associative","url":"https:\/\/vieassociative.be\/actualites\/","logo":{"@type":"ImageObject","inLanguage":"fr-BE","@id":"https:\/\/vieassociative.be\/actualites\/#\/schema\/logo\/image\/","url":"https:\/\/vieassociative.be\/actualites\/wp-content\/uploads\/2024\/09\/cropped-vieassociative_favicon.ico.png","contentUrl":"https:\/\/vieassociative.be\/actualites\/wp-content\/uploads\/2024\/09\/cropped-vieassociative_favicon.ico.png","width":512,"height":512,"caption":"Vie Associative"},"image":{"@id":"https:\/\/vieassociative.be\/actualites\/#\/schema\/logo\/image\/"}},{"@type":"Person","@id":"https:\/\/vieassociative.be\/actualites\/#\/schema\/person\/b87ac4f82f9d4e7b7cec7395b679edc4","name":"Julien","image":{"@type":"ImageObject","inLanguage":"fr-BE","@id":"https:\/\/vieassociative.be\/actualites\/#\/schema\/person\/image\/","url":"https:\/\/vieassociative.be\/actualites\/wp-content\/uploads\/2024\/09\/vie-associative-1-150x150.jpg","contentUrl":"https:\/\/vieassociative.be\/actualites\/wp-content\/uploads\/2024\/09\/vie-associative-1-150x150.jpg","caption":"Julien"},"description":"Je suis Julien, r\u00e9dacteur pour Vie Associative. Passionn\u00e9 par le monde associatif depuis plus de 10 ans, j'ai \u00e0 c\u0153ur de partager des histoires inspirantes et de mettre en lumi\u00e8re les initiatives locales. Mon objectif est de sensibiliser et d'encourager l'engagement communautaire \u00e0 travers mes articles.","sameAs":["https:\/\/vieassociative.be\/"]}]}},"_links":{"self":[{"href":"https:\/\/vieassociative.be\/actualites\/wp-json\/wp\/v2\/posts\/9018"}],"collection":[{"href":"https:\/\/vieassociative.be\/actualites\/wp-json\/wp\/v2\/posts"}],"about":[{"href":"https:\/\/vieassociative.be\/actualites\/wp-json\/wp\/v2\/types\/post"}],"author":[{"embeddable":true,"href":"https:\/\/vieassociative.be\/actualites\/wp-json\/wp\/v2\/users\/1"}],"replies":[{"embeddable":true,"href":"https:\/\/vieassociative.be\/actualites\/wp-json\/wp\/v2\/comments?post=9018"}],"version-history":[{"count":0,"href":"https:\/\/vieassociative.be\/actualites\/wp-json\/wp\/v2\/posts\/9018\/revisions"}],"wp:featuredmedia":[{"embeddable":true,"href":"https:\/\/vieassociative.be\/actualites\/wp-json\/wp\/v2\/media\/9019"}],"wp:attachment":[{"href":"https:\/\/vieassociative.be\/actualites\/wp-json\/wp\/v2\/media?parent=9018"}],"wp:term":[{"taxonomy":"category","embeddable":true,"href":"https:\/\/vieassociative.be\/actualites\/wp-json\/wp\/v2\/categories?post=9018"},{"taxonomy":"post_tag","embeddable":true,"href":"https:\/\/vieassociative.be\/actualites\/wp-json\/wp\/v2\/tags?post=9018"}],"curies":[{"name":"wp","href":"https:\/\/api.w.org\/{rel}","templated":true}]}}