{"id":9011,"date":"2025-07-26T03:18:41","date_gmt":"2025-07-26T01:18:41","guid":{"rendered":"https:\/\/vieassociative.be\/actualites\/les-montres-coros-ont-juste-un-tas-de-nouvelles-fonctionnalites-que-je-voulais-depuis-un-moment\/"},"modified":"2025-07-26T03:18:41","modified_gmt":"2025-07-26T01:18:41","slug":"les-montres-coros-ont-juste-un-tas-de-nouvelles-fonctionnalites-que-je-voulais-depuis-un-moment","status":"publish","type":"post","link":"https:\/\/vieassociative.be\/actualites\/les-montres-coros-ont-juste-un-tas-de-nouvelles-fonctionnalites-que-je-voulais-depuis-un-moment\/","title":{"rendered":"Les montres Coros ont juste un tas de nouvelles fonctionnalit\u00e9s que je voulais depuis un moment"},"content":{"rendered":"<div class=\"mt-4 leading-6 md:mb-8\">Vous pouvez enfin modifier vos repr\u00e9sentants dans un entra\u00eenement de force!<\/div>\n<p><\/p>\n<p>Coros, fabricant d&rsquo;excellentes montres de course qui rivalisent avec les Garmins dans les fonctionnalit\u00e9s et la pr\u00e9cision, a annonc\u00e9 un ensemble de mises \u00e0 jour qui incluent des alertes vocales, des plans de formation dans l&rsquo;application et la possibilit\u00e9 de (enfin!) Changer le nombre de repr\u00e9sentants dans un entra\u00eenement de force directement depuis votre montre. Voici les points forts: <\/p>\n<h2 id=\"libraries-of-training-plans-and-workouts-in-the-app\">Biblioth\u00e8ques de plans de formation et d&rsquo;entra\u00eenement dans l&rsquo;application<\/h2>\n<p>Coros propose des plans d&rsquo;entra\u00eenement pr\u00e9d\u00e9finis pour une vari\u00e9t\u00e9 de buts, comme courir votre premier marathon ou battre 25 minutes dans une course de 5 km. Mais jusqu&rsquo;\u00e0 r\u00e9cemment, vous ne pouviez pas parcourir et les s\u00e9lectionner dans l&rsquo;application. <\/p>\n<p>Maintenant, vous pouvez entrer dans <strong>Profil<\/strong> sur l&rsquo;application Coros et s\u00e9lectionner <strong>Biblioth\u00e8que de plan de formation<\/strong> ou <strong>Biblioth\u00e8que d&rsquo;entra\u00eenement<\/strong> pour voir toutes vos options. Il existe des onglets distincts pour les offres officielles de Coros, et pour \u00abMes entra\u00eenements\u00bb pour montrer ceux que vous avez cr\u00e9\u00e9s ou enregistr\u00e9s pour vous-m\u00eame.<\/p>\n<h2 id=\"correcting-reps-directly-from-the-watch\">Corriger les r\u00e9p\u00e9titions directement \u00e0 partir de la montre<\/h2>\n<p>Lorsque vous faites une s\u00e9ance d&rsquo;entra\u00eenement en force, une montre Coros peut tenter de compter les repr\u00e9sentants, mais cela n&rsquo;obtient pas toujours les choses. Avec la nouvelle mise \u00e0 jour, vous pouvez d\u00e9sormais modifier le nombre de repr\u00e9sentants sur votre montre imm\u00e9diatement apr\u00e8s l&rsquo;ensemble.<\/p>\n<p>La fonction de formation en force ajoute \u00e9galement des animations pour chaque exercice, mais j&rsquo;ai trouv\u00e9 que pour permettre cela, j&rsquo;ai d\u00fb aller au <strong>Profil<\/strong> onglet dans l&rsquo;application et appuyez sur \u00abT\u00e9l\u00e9charger maintenant\u00bb pour obtenir les fichiers d&rsquo;animation sur mon appareil. La montre m&rsquo;a utile comment proc\u00e9der, mais il n&rsquo;a pas pu t\u00e9l\u00e9charger les fichiers lors d&rsquo;un entra\u00eenement, j&rsquo;ai donc d\u00fb mettre fin \u00e0 l&rsquo;entra\u00eenement, t\u00e9l\u00e9charger les fichiers et red\u00e9marrer.<\/p>\n<h2 id=\"voice-alerts-while-youre-running\">Alertes vocales pendant que vous courez<\/h2>\n<p>Auparavant, une montre Coros pourrait bip pour vous faire savoir quand un tour arrivait sur un itin\u00e9raire que vous suivez, mais contrairement \u00e0 un Garmin, il ne vous parlerait pas de dire \u00abtourner \u00e0 gauche\u00bb. Maintenant, des alertes vocales sont disponibles pour le rythme, la distance et les virages \u00e0 venir, ainsi que les alertes nutritionnelles (vous rappelant de manger pendant une course), si vous les avez activ\u00e9es.<\/p>\n<p>Les alertes vocales, comme les animations d&rsquo;exercice, n\u00e9cessitent \u00e9galement un t\u00e9l\u00e9chargement de fichiers. Aller \u00e0 <strong>Profil<\/strong>votre appareil, et <strong>T\u00e9l\u00e9chargements de fichiers<\/strong> Pour vous assurer qu&rsquo;ils ont \u00e9t\u00e9 ajout\u00e9s avant votre course.<\/p>\n<p>La mise \u00e0 jour ajoute \u00e9galement plus de modes d&rsquo;entra\u00eenement, y compris le yoga et le Pilates; un chatbot AI pour obtenir de l&rsquo;aide; alertes lorsque vous ex\u00e9cutez un itin\u00e9raire vers l&rsquo;arri\u00e8re (et la possibilit\u00e9 de l&rsquo;ex\u00e9cuter vers l&rsquo;arri\u00e8re); Et plus, y compris des commandes redessin\u00e9es qui sont destin\u00e9es \u00e0 \u00eatre plus adapt\u00e9es aux \u00e9crans tactiles sur les montres \u00e0 \u00e9cran tactile comme le Pace Pro. <\/p>\n","protected":false},"excerpt":{"rendered":"<p>Vous pouvez enfin modifier vos repr\u00e9sentants dans un entra\u00eenement de force! Coros, fabricant d&rsquo;excellentes montres de course qui rivalisent avec les Garmins dans les fonctionnalit\u00e9s<\/p>\n","protected":false},"author":1,"featured_media":9012,"comment_status":"","ping_status":"","sticky":false,"template":"","format":"standard","meta":{"footnotes":""},"categories":[38],"tags":[7271,1824,1216,1499,14,1429,3684,1215,1374,1214,7769],"class_list":["post-9011","post","type-post","status-publish","format-standard","has-post-thumbnail","hentry","category-sante","tag-coros","tag-depuis","tag-fonctionnalites","tag-juste","tag-les","tag-moment","tag-montres","tag-nouvelles","tag-ont","tag-tas","tag-voulais","generate-columns","tablet-grid-50","mobile-grid-100","grid-parent","grid-33"],"yoast_head":"<!-- This site is optimized with the Yoast SEO plugin v24.0 - https:\/\/yoast.com\/wordpress\/plugins\/seo\/ -->\n<title>Les montres Coros ont juste un tas de nouvelles fonctionnalit\u00e9s que je voulais depuis un moment | Vie Associative<\/title>\n<meta name=\"robots\" content=\"index, follow, max-snippet:-1, max-image-preview:large, max-video-preview:-1\" \/>\n<link rel=\"canonical\" href=\"https:\/\/vieassociative.be\/actualites\/les-montres-coros-ont-juste-un-tas-de-nouvelles-fonctionnalites-que-je-voulais-depuis-un-moment\/\" \/>\n<meta property=\"og:locale\" content=\"fr_FR\" \/>\n<meta property=\"og:type\" content=\"article\" \/>\n<meta property=\"og:title\" content=\"Les montres Coros ont juste un tas de nouvelles fonctionnalit\u00e9s que je voulais depuis un moment | Vie Associative\" \/>\n<meta property=\"og:description\" content=\"Vous pouvez enfin modifier vos repr\u00e9sentants dans un entra\u00eenement de force! Coros, fabricant d&rsquo;excellentes montres de course qui rivalisent avec les Garmins dans les fonctionnalit\u00e9s\" \/>\n<meta property=\"og:url\" content=\"https:\/\/vieassociative.be\/actualites\/les-montres-coros-ont-juste-un-tas-de-nouvelles-fonctionnalites-que-je-voulais-depuis-un-moment\/\" \/>\n<meta property=\"og:site_name\" content=\"Vie Associative\" \/>\n<meta property=\"article:published_time\" content=\"2025-07-26T01:18:41+00:00\" \/>\n<meta property=\"og:image\" content=\"https:\/\/vieassociative.be\/actualites\/wp-content\/uploads\/2024\/09\/header_backgroundk-01-e1726694325946.png\" \/>\n\t<meta property=\"og:image:width\" content=\"279\" \/>\n\t<meta property=\"og:image:height\" content=\"92\" \/>\n\t<meta property=\"og:image:type\" content=\"image\/png\" \/>\n<meta name=\"author\" content=\"Julien\" \/>\n<meta name=\"twitter:card\" content=\"summary_large_image\" \/>\n<meta name=\"twitter:label1\" content=\"\u00c9crit par\" \/>\n\t<meta name=\"twitter:data1\" content=\"Julien\" \/>\n\t<meta name=\"twitter:label2\" content=\"Dur\u00e9e de lecture est.\" \/>\n\t<meta name=\"twitter:data2\" content=\"3 minutes\" \/>\n<script type=\"application\/ld+json\" class=\"yoast-schema-graph\">{\"@context\":\"https:\/\/schema.org\",\"@graph\":[{\"@type\":\"Article\",\"@id\":\"https:\/\/vieassociative.be\/actualites\/les-montres-coros-ont-juste-un-tas-de-nouvelles-fonctionnalites-que-je-voulais-depuis-un-moment\/#article\",\"isPartOf\":{\"@id\":\"https:\/\/vieassociative.be\/actualites\/les-montres-coros-ont-juste-un-tas-de-nouvelles-fonctionnalites-que-je-voulais-depuis-un-moment\/\"},\"author\":{\"name\":\"Julien\",\"@id\":\"https:\/\/vieassociative.be\/actualites\/#\/schema\/person\/b87ac4f82f9d4e7b7cec7395b679edc4\"},\"headline\":\"Les montres Coros ont juste un tas de nouvelles fonctionnalit\u00e9s que je voulais depuis un moment\",\"datePublished\":\"2025-07-26T01:18:41+00:00\",\"dateModified\":\"2025-07-26T01:18:41+00:00\",\"mainEntityOfPage\":{\"@id\":\"https:\/\/vieassociative.be\/actualites\/les-montres-coros-ont-juste-un-tas-de-nouvelles-fonctionnalites-que-je-voulais-depuis-un-moment\/\"},\"wordCount\":551,\"publisher\":{\"@id\":\"https:\/\/vieassociative.be\/actualites\/#organization\"},\"image\":{\"@id\":\"https:\/\/vieassociative.be\/actualites\/les-montres-coros-ont-juste-un-tas-de-nouvelles-fonctionnalites-que-je-voulais-depuis-un-moment\/#primaryimage\"},\"thumbnailUrl\":\"https:\/\/vieassociative.be\/actualites\/wp-content\/uploads\/2025\/07\/Les-montres-Coros-ont-juste-un-tas-de-nouvelles-fonctionnalites.jpg\",\"keywords\":[\"Coros\",\"depuis\",\"fonctionnalit\u00e9s\",\"juste\",\"Les\",\"moment\",\"montres\",\"nouvelles\",\"ont\",\"tas\",\"voulais\"],\"articleSection\":[\"Sant\u00e9\"],\"inLanguage\":\"fr-BE\"},{\"@type\":\"WebPage\",\"@id\":\"https:\/\/vieassociative.be\/actualites\/les-montres-coros-ont-juste-un-tas-de-nouvelles-fonctionnalites-que-je-voulais-depuis-un-moment\/\",\"url\":\"https:\/\/vieassociative.be\/actualites\/les-montres-coros-ont-juste-un-tas-de-nouvelles-fonctionnalites-que-je-voulais-depuis-un-moment\/\",\"name\":\"Les montres Coros ont juste un tas de nouvelles fonctionnalit\u00e9s que je voulais depuis un moment | Vie Associative\",\"isPartOf\":{\"@id\":\"https:\/\/vieassociative.be\/actualites\/#website\"},\"primaryImageOfPage\":{\"@id\":\"https:\/\/vieassociative.be\/actualites\/les-montres-coros-ont-juste-un-tas-de-nouvelles-fonctionnalites-que-je-voulais-depuis-un-moment\/#primaryimage\"},\"image\":{\"@id\":\"https:\/\/vieassociative.be\/actualites\/les-montres-coros-ont-juste-un-tas-de-nouvelles-fonctionnalites-que-je-voulais-depuis-un-moment\/#primaryimage\"},\"thumbnailUrl\":\"https:\/\/vieassociative.be\/actualites\/wp-content\/uploads\/2025\/07\/Les-montres-Coros-ont-juste-un-tas-de-nouvelles-fonctionnalites.jpg\",\"datePublished\":\"2025-07-26T01:18:41+00:00\",\"dateModified\":\"2025-07-26T01:18:41+00:00\",\"breadcrumb\":{\"@id\":\"https:\/\/vieassociative.be\/actualites\/les-montres-coros-ont-juste-un-tas-de-nouvelles-fonctionnalites-que-je-voulais-depuis-un-moment\/#breadcrumb\"},\"inLanguage\":\"fr-BE\",\"potentialAction\":[{\"@type\":\"ReadAction\",\"target\":[\"https:\/\/vieassociative.be\/actualites\/les-montres-coros-ont-juste-un-tas-de-nouvelles-fonctionnalites-que-je-voulais-depuis-un-moment\/\"]}]},{\"@type\":\"ImageObject\",\"inLanguage\":\"fr-BE\",\"@id\":\"https:\/\/vieassociative.be\/actualites\/les-montres-coros-ont-juste-un-tas-de-nouvelles-fonctionnalites-que-je-voulais-depuis-un-moment\/#primaryimage\",\"url\":\"https:\/\/vieassociative.be\/actualites\/wp-content\/uploads\/2025\/07\/Les-montres-Coros-ont-juste-un-tas-de-nouvelles-fonctionnalites.jpg\",\"contentUrl\":\"https:\/\/vieassociative.be\/actualites\/wp-content\/uploads\/2025\/07\/Les-montres-Coros-ont-juste-un-tas-de-nouvelles-fonctionnalites.jpg\",\"width\":1200,\"height\":675,\"caption\":\"Les montres Coros ont juste un tas de nouvelles fonctionnalit\u00e9s que je voulais depuis un moment\"},{\"@type\":\"BreadcrumbList\",\"@id\":\"https:\/\/vieassociative.be\/actualites\/les-montres-coros-ont-juste-un-tas-de-nouvelles-fonctionnalites-que-je-voulais-depuis-un-moment\/#breadcrumb\",\"itemListElement\":[{\"@type\":\"ListItem\",\"position\":1,\"name\":\"Accueil\",\"item\":\"https:\/\/vieassociative.be\/actualites\/\"},{\"@type\":\"ListItem\",\"position\":2,\"name\":\"Les montres Coros ont juste un tas de nouvelles fonctionnalit\u00e9s que je voulais depuis un moment\"}]},{\"@type\":\"WebSite\",\"@id\":\"https:\/\/vieassociative.be\/actualites\/#website\",\"url\":\"https:\/\/vieassociative.be\/actualites\/\",\"name\":\"Vie Associative\",\"description\":\"\",\"publisher\":{\"@id\":\"https:\/\/vieassociative.be\/actualites\/#organization\"},\"potentialAction\":[{\"@type\":\"SearchAction\",\"target\":{\"@type\":\"EntryPoint\",\"urlTemplate\":\"https:\/\/vieassociative.be\/actualites\/?s={search_term_string}\"},\"query-input\":{\"@type\":\"PropertyValueSpecification\",\"valueRequired\":true,\"valueName\":\"search_term_string\"}}],\"inLanguage\":\"fr-BE\"},{\"@type\":\"Organization\",\"@id\":\"https:\/\/vieassociative.be\/actualites\/#organization\",\"name\":\"Vie Associative\",\"url\":\"https:\/\/vieassociative.be\/actualites\/\",\"logo\":{\"@type\":\"ImageObject\",\"inLanguage\":\"fr-BE\",\"@id\":\"https:\/\/vieassociative.be\/actualites\/#\/schema\/logo\/image\/\",\"url\":\"https:\/\/vieassociative.be\/actualites\/wp-content\/uploads\/2024\/09\/cropped-vieassociative_favicon.ico.png\",\"contentUrl\":\"https:\/\/vieassociative.be\/actualites\/wp-content\/uploads\/2024\/09\/cropped-vieassociative_favicon.ico.png\",\"width\":512,\"height\":512,\"caption\":\"Vie Associative\"},\"image\":{\"@id\":\"https:\/\/vieassociative.be\/actualites\/#\/schema\/logo\/image\/\"}},{\"@type\":\"Person\",\"@id\":\"https:\/\/vieassociative.be\/actualites\/#\/schema\/person\/b87ac4f82f9d4e7b7cec7395b679edc4\",\"name\":\"Julien\",\"image\":{\"@type\":\"ImageObject\",\"inLanguage\":\"fr-BE\",\"@id\":\"https:\/\/vieassociative.be\/actualites\/#\/schema\/person\/image\/\",\"url\":\"https:\/\/vieassociative.be\/actualites\/wp-content\/uploads\/2024\/09\/vie-associative-1-150x150.jpg\",\"contentUrl\":\"https:\/\/vieassociative.be\/actualites\/wp-content\/uploads\/2024\/09\/vie-associative-1-150x150.jpg\",\"caption\":\"Julien\"},\"description\":\"Je suis Julien, r\u00e9dacteur pour Vie Associative. Passionn\u00e9 par le monde associatif depuis plus de 10 ans, j'ai \u00e0 c\u0153ur de partager des histoires inspirantes et de mettre en lumi\u00e8re les initiatives locales. Mon objectif est de sensibiliser et d'encourager l'engagement communautaire \u00e0 travers mes articles.\",\"sameAs\":[\"https:\/\/vieassociative.be\/\"]}]}<\/script>\n<!-- \/ Yoast SEO plugin. -->","yoast_head_json":{"title":"Les montres Coros ont juste un tas de nouvelles fonctionnalit\u00e9s que je voulais depuis un moment | Vie Associative","robots":{"index":"index","follow":"follow","max-snippet":"max-snippet:-1","max-image-preview":"max-image-preview:large","max-video-preview":"max-video-preview:-1"},"canonical":"https:\/\/vieassociative.be\/actualites\/les-montres-coros-ont-juste-un-tas-de-nouvelles-fonctionnalites-que-je-voulais-depuis-un-moment\/","og_locale":"fr_FR","og_type":"article","og_title":"Les montres Coros ont juste un tas de nouvelles fonctionnalit\u00e9s que je voulais depuis un moment | Vie Associative","og_description":"Vous pouvez enfin modifier vos repr\u00e9sentants dans un entra\u00eenement de force! Coros, fabricant d&rsquo;excellentes montres de course qui rivalisent avec les Garmins dans les fonctionnalit\u00e9s","og_url":"https:\/\/vieassociative.be\/actualites\/les-montres-coros-ont-juste-un-tas-de-nouvelles-fonctionnalites-que-je-voulais-depuis-un-moment\/","og_site_name":"Vie Associative","article_published_time":"2025-07-26T01:18:41+00:00","og_image":[{"width":279,"height":92,"url":"https:\/\/vieassociative.be\/actualites\/wp-content\/uploads\/2024\/09\/header_backgroundk-01-e1726694325946.png","type":"image\/png"}],"author":"Julien","twitter_card":"summary_large_image","twitter_misc":{"\u00c9crit par":"Julien","Dur\u00e9e de lecture est.":"3 minutes"},"schema":{"@context":"https:\/\/schema.org","@graph":[{"@type":"Article","@id":"https:\/\/vieassociative.be\/actualites\/les-montres-coros-ont-juste-un-tas-de-nouvelles-fonctionnalites-que-je-voulais-depuis-un-moment\/#article","isPartOf":{"@id":"https:\/\/vieassociative.be\/actualites\/les-montres-coros-ont-juste-un-tas-de-nouvelles-fonctionnalites-que-je-voulais-depuis-un-moment\/"},"author":{"name":"Julien","@id":"https:\/\/vieassociative.be\/actualites\/#\/schema\/person\/b87ac4f82f9d4e7b7cec7395b679edc4"},"headline":"Les montres Coros ont juste un tas de nouvelles fonctionnalit\u00e9s que je voulais depuis un moment","datePublished":"2025-07-26T01:18:41+00:00","dateModified":"2025-07-26T01:18:41+00:00","mainEntityOfPage":{"@id":"https:\/\/vieassociative.be\/actualites\/les-montres-coros-ont-juste-un-tas-de-nouvelles-fonctionnalites-que-je-voulais-depuis-un-moment\/"},"wordCount":551,"publisher":{"@id":"https:\/\/vieassociative.be\/actualites\/#organization"},"image":{"@id":"https:\/\/vieassociative.be\/actualites\/les-montres-coros-ont-juste-un-tas-de-nouvelles-fonctionnalites-que-je-voulais-depuis-un-moment\/#primaryimage"},"thumbnailUrl":"https:\/\/vieassociative.be\/actualites\/wp-content\/uploads\/2025\/07\/Les-montres-Coros-ont-juste-un-tas-de-nouvelles-fonctionnalites.jpg","keywords":["Coros","depuis","fonctionnalit\u00e9s","juste","Les","moment","montres","nouvelles","ont","tas","voulais"],"articleSection":["Sant\u00e9"],"inLanguage":"fr-BE"},{"@type":"WebPage","@id":"https:\/\/vieassociative.be\/actualites\/les-montres-coros-ont-juste-un-tas-de-nouvelles-fonctionnalites-que-je-voulais-depuis-un-moment\/","url":"https:\/\/vieassociative.be\/actualites\/les-montres-coros-ont-juste-un-tas-de-nouvelles-fonctionnalites-que-je-voulais-depuis-un-moment\/","name":"Les montres Coros ont juste un tas de nouvelles fonctionnalit\u00e9s que je voulais depuis un moment | Vie Associative","isPartOf":{"@id":"https:\/\/vieassociative.be\/actualites\/#website"},"primaryImageOfPage":{"@id":"https:\/\/vieassociative.be\/actualites\/les-montres-coros-ont-juste-un-tas-de-nouvelles-fonctionnalites-que-je-voulais-depuis-un-moment\/#primaryimage"},"image":{"@id":"https:\/\/vieassociative.be\/actualites\/les-montres-coros-ont-juste-un-tas-de-nouvelles-fonctionnalites-que-je-voulais-depuis-un-moment\/#primaryimage"},"thumbnailUrl":"https:\/\/vieassociative.be\/actualites\/wp-content\/uploads\/2025\/07\/Les-montres-Coros-ont-juste-un-tas-de-nouvelles-fonctionnalites.jpg","datePublished":"2025-07-26T01:18:41+00:00","dateModified":"2025-07-26T01:18:41+00:00","breadcrumb":{"@id":"https:\/\/vieassociative.be\/actualites\/les-montres-coros-ont-juste-un-tas-de-nouvelles-fonctionnalites-que-je-voulais-depuis-un-moment\/#breadcrumb"},"inLanguage":"fr-BE","potentialAction":[{"@type":"ReadAction","target":["https:\/\/vieassociative.be\/actualites\/les-montres-coros-ont-juste-un-tas-de-nouvelles-fonctionnalites-que-je-voulais-depuis-un-moment\/"]}]},{"@type":"ImageObject","inLanguage":"fr-BE","@id":"https:\/\/vieassociative.be\/actualites\/les-montres-coros-ont-juste-un-tas-de-nouvelles-fonctionnalites-que-je-voulais-depuis-un-moment\/#primaryimage","url":"https:\/\/vieassociative.be\/actualites\/wp-content\/uploads\/2025\/07\/Les-montres-Coros-ont-juste-un-tas-de-nouvelles-fonctionnalites.jpg","contentUrl":"https:\/\/vieassociative.be\/actualites\/wp-content\/uploads\/2025\/07\/Les-montres-Coros-ont-juste-un-tas-de-nouvelles-fonctionnalites.jpg","width":1200,"height":675,"caption":"Les montres Coros ont juste un tas de nouvelles fonctionnalit\u00e9s que je voulais depuis un moment"},{"@type":"BreadcrumbList","@id":"https:\/\/vieassociative.be\/actualites\/les-montres-coros-ont-juste-un-tas-de-nouvelles-fonctionnalites-que-je-voulais-depuis-un-moment\/#breadcrumb","itemListElement":[{"@type":"ListItem","position":1,"name":"Accueil","item":"https:\/\/vieassociative.be\/actualites\/"},{"@type":"ListItem","position":2,"name":"Les montres Coros ont juste un tas de nouvelles fonctionnalit\u00e9s que je voulais depuis un moment"}]},{"@type":"WebSite","@id":"https:\/\/vieassociative.be\/actualites\/#website","url":"https:\/\/vieassociative.be\/actualites\/","name":"Vie Associative","description":"","publisher":{"@id":"https:\/\/vieassociative.be\/actualites\/#organization"},"potentialAction":[{"@type":"SearchAction","target":{"@type":"EntryPoint","urlTemplate":"https:\/\/vieassociative.be\/actualites\/?s={search_term_string}"},"query-input":{"@type":"PropertyValueSpecification","valueRequired":true,"valueName":"search_term_string"}}],"inLanguage":"fr-BE"},{"@type":"Organization","@id":"https:\/\/vieassociative.be\/actualites\/#organization","name":"Vie Associative","url":"https:\/\/vieassociative.be\/actualites\/","logo":{"@type":"ImageObject","inLanguage":"fr-BE","@id":"https:\/\/vieassociative.be\/actualites\/#\/schema\/logo\/image\/","url":"https:\/\/vieassociative.be\/actualites\/wp-content\/uploads\/2024\/09\/cropped-vieassociative_favicon.ico.png","contentUrl":"https:\/\/vieassociative.be\/actualites\/wp-content\/uploads\/2024\/09\/cropped-vieassociative_favicon.ico.png","width":512,"height":512,"caption":"Vie Associative"},"image":{"@id":"https:\/\/vieassociative.be\/actualites\/#\/schema\/logo\/image\/"}},{"@type":"Person","@id":"https:\/\/vieassociative.be\/actualites\/#\/schema\/person\/b87ac4f82f9d4e7b7cec7395b679edc4","name":"Julien","image":{"@type":"ImageObject","inLanguage":"fr-BE","@id":"https:\/\/vieassociative.be\/actualites\/#\/schema\/person\/image\/","url":"https:\/\/vieassociative.be\/actualites\/wp-content\/uploads\/2024\/09\/vie-associative-1-150x150.jpg","contentUrl":"https:\/\/vieassociative.be\/actualites\/wp-content\/uploads\/2024\/09\/vie-associative-1-150x150.jpg","caption":"Julien"},"description":"Je suis Julien, r\u00e9dacteur pour Vie Associative. Passionn\u00e9 par le monde associatif depuis plus de 10 ans, j'ai \u00e0 c\u0153ur de partager des histoires inspirantes et de mettre en lumi\u00e8re les initiatives locales. Mon objectif est de sensibiliser et d'encourager l'engagement communautaire \u00e0 travers mes articles.","sameAs":["https:\/\/vieassociative.be\/"]}]}},"_links":{"self":[{"href":"https:\/\/vieassociative.be\/actualites\/wp-json\/wp\/v2\/posts\/9011"}],"collection":[{"href":"https:\/\/vieassociative.be\/actualites\/wp-json\/wp\/v2\/posts"}],"about":[{"href":"https:\/\/vieassociative.be\/actualites\/wp-json\/wp\/v2\/types\/post"}],"author":[{"embeddable":true,"href":"https:\/\/vieassociative.be\/actualites\/wp-json\/wp\/v2\/users\/1"}],"replies":[{"embeddable":true,"href":"https:\/\/vieassociative.be\/actualites\/wp-json\/wp\/v2\/comments?post=9011"}],"version-history":[{"count":0,"href":"https:\/\/vieassociative.be\/actualites\/wp-json\/wp\/v2\/posts\/9011\/revisions"}],"wp:featuredmedia":[{"embeddable":true,"href":"https:\/\/vieassociative.be\/actualites\/wp-json\/wp\/v2\/media\/9012"}],"wp:attachment":[{"href":"https:\/\/vieassociative.be\/actualites\/wp-json\/wp\/v2\/media?parent=9011"}],"wp:term":[{"taxonomy":"category","embeddable":true,"href":"https:\/\/vieassociative.be\/actualites\/wp-json\/wp\/v2\/categories?post=9011"},{"taxonomy":"post_tag","embeddable":true,"href":"https:\/\/vieassociative.be\/actualites\/wp-json\/wp\/v2\/tags?post=9011"}],"curies":[{"name":"wp","href":"https:\/\/api.w.org\/{rel}","templated":true}]}}