{"id":9007,"date":"2025-07-25T22:17:57","date_gmt":"2025-07-25T20:17:57","guid":{"rendered":"https:\/\/vieassociative.be\/actualites\/pogacar-avant-la-4e-tournee-de-la-victoire-aerienne-gagne-apres-la-scene-de-pyrenees-dans-le-troisieme-alps-lipowitz\/"},"modified":"2025-07-25T22:17:57","modified_gmt":"2025-07-25T20:17:57","slug":"pogacar-avant-la-4e-tournee-de-la-victoire-aerienne-gagne-apres-la-scene-de-pyrenees-dans-le-troisieme-alps-lipowitz","status":"publish","type":"post","link":"https:\/\/vieassociative.be\/actualites\/pogacar-avant-la-4e-tournee-de-la-victoire-aerienne-gagne-apres-la-scene-de-pyrenees-dans-le-troisieme-alps-lipowitz\/","title":{"rendered":"Pogacar avant la 4e tourn\u00e9e de la victoire-a\u00e9rienne gagne apr\u00e8s la sc\u00e8ne de Pyrenees dans le troisi\u00e8me Alps-Lipowitz"},"content":{"rendered":"<p><strong>Tadej Pogacar a aussi bien que sa s\u00e9curit\u00e9 sa victoire. La jeune star allemande Florian Lipowitz d\u00e9fend le troisi\u00e8me au classement g\u00e9n\u00e9ral et le maillot blanc. La derni\u00e8re \u00e9tape de montage remporte le thymen n\u00e9erlandais Arensman.<\/strong><\/p>\n<p><span id=\"more-420966\"><\/span>Pour Arensman, c&rsquo;est la deuxi\u00e8me victoire de l&rsquo;\u00e9tape de ce Tour de France. Les N\u00e9erlandais avaient d\u00e9j\u00e0 remport\u00e9 la derni\u00e8re \u00e9tape des Pyr\u00e9n\u00e9es.<\/p>\n<p>La superstar Tadej Pogacar fait maintenant face \u00e0 son quatri\u00e8me triomphe de la tourn\u00e9e. Le joueur de 26 ans a atteint le m\u00eame temps l&rsquo;objectif derri\u00e8re le rival permanent Jonas Vingegaard \u00e0 La Plagne. Le champion en titre de la Slov\u00e9nie a plus de quatre minutes d&rsquo;avance sur Vingegaard dans la classification globale.<\/p>\n<div id=\"attachment_420969\" class=\"wp-caption alignleft\" style=\"max-width: 300px\"><img fetchpriority=\"high\" decoding=\"async\" class=\"wp-image-420969 size-medium\" src=\"https:\/\/vieassociative.be\/actualites\/wp-content\/uploads\/2025\/07\/Pogacar-avant-la-4e-tournee-de-la-victoire-aerienne-gagne-apres.jpg\" alt=\"\" width=\"300\" height=\"200\"><\/div>\n<p>Le cyclisme allemand de l&rsquo;espoir Florian Lipowitz a la troisi\u00e8me place \u00e0 la 19e \u00e9tape du Tour de France et a d\u00e9fendu le maillot blanc du meilleur jeune conducteur. Le joueur de 24 ans a pris la quatri\u00e8me place sur la derni\u00e8re sc\u00e8ne alpine et a pris un temps pr\u00e9cieux \u00e0 son pire Oscar de concurrent Onley.<\/p>\n<p>Lipowitz est maintenant 1:03 minutes devant les quatri\u00e8me britanniques plac\u00e9s. Lors de sa premi\u00e8re tourn\u00e9e en France, il a maintenant les meilleures chances de se tenir sur le podium \u00e0 Paris. En tant que dernier professionnel du cyclisme allemand, Andreas Kl\u00f6den, en 2006, avait r\u00e9ussi avec la deuxi\u00e8me place.<\/p>\n<p>En raison du d\u00e9clenchement d&rsquo;une maladie de b\u00e9tail contagieuse, les organisateurs de la tourn\u00e9e en France avaient raccourci le lourde stade alpin d&rsquo;Albertville \u00e0 La Plagne et ont pris la mont\u00e9e des saisies Col du programme. Au lieu des 129,9 kilom\u00e8tres \u00e0 l&rsquo;origine et 4 550 m\u00e8tres, les professionnels n&rsquo;ont d\u00fb effectuer que 93,1 kilom\u00e8tres et 3 250 m\u00e8tres d&rsquo;altitude.<\/p>\n<p>Apr\u00e8s le dernier jour dans les Alpes, une sc\u00e8ne avec un terrain vallonn\u00e9 attend les professionnels du v\u00e9lo samedi. Plus de 184,2 kilom\u00e8tres et 2 900 m\u00e8tres d&rsquo;altitude vont de Nantua \u00e0 Pontarlier pr\u00e8s de la Suisse. Dans des circonstances normales, le 20e et l&rsquo;avant-derni\u00e8re \u00e9tape ne devraient pas avoir une r\u00e9elle influence sur la note globale.<\/p>\n<p>La tourn\u00e9e se termine \u00e0 Paris dimanche, mais cette derni\u00e8re \u00e9tape est beaucoup plus difficile que ce qui \u00e9tait le cas jusqu&rsquo;en 2023. Au cours de la derni\u00e8re ann\u00e9e, la tourn\u00e9e s&rsquo;est termin\u00e9e non pas dans la capitale \u00e0 cause des Jeux Olympiques, mais \u00e0 Nice. (DPA \/ CRE)<\/p>\n","protected":false},"excerpt":{"rendered":"<p>Tadej Pogacar a aussi bien que sa s\u00e9curit\u00e9 sa victoire. La jeune star allemande Florian Lipowitz d\u00e9fend le troisi\u00e8me au classement g\u00e9n\u00e9ral et le maillot<\/p>\n","protected":false},"author":1,"featured_media":9008,"comment_status":"","ping_status":"","sticky":false,"template":"","format":"standard","meta":{"footnotes":""},"categories":[298],"tags":[7916,472,142,166,2299,5976,7915,4189,7589,3868,7914],"class_list":["post-9007","post","type-post","status-publish","format-standard","has-post-thumbnail","hentry","category-belgique","tag-alpslipowitz","tag-apres","tag-avant","tag-dans","tag-gagne","tag-pogacar","tag-pyrenees","tag-scene","tag-tournee","tag-troisieme","tag-victoireaerienne","generate-columns","tablet-grid-50","mobile-grid-100","grid-parent","grid-33"],"yoast_head":"<!-- This site is optimized with the Yoast SEO plugin v24.0 - https:\/\/yoast.com\/wordpress\/plugins\/seo\/ -->\n<title>Pogacar avant la 4e tourn\u00e9e de la victoire-a\u00e9rienne gagne apr\u00e8s la sc\u00e8ne de Pyrenees dans le troisi\u00e8me Alps-Lipowitz | Vie Associative<\/title>\n<meta name=\"robots\" content=\"index, follow, max-snippet:-1, max-image-preview:large, max-video-preview:-1\" \/>\n<link rel=\"canonical\" href=\"https:\/\/vieassociative.be\/actualites\/pogacar-avant-la-4e-tournee-de-la-victoire-aerienne-gagne-apres-la-scene-de-pyrenees-dans-le-troisieme-alps-lipowitz\/\" \/>\n<meta property=\"og:locale\" content=\"fr_FR\" \/>\n<meta property=\"og:type\" content=\"article\" \/>\n<meta property=\"og:title\" content=\"Pogacar avant la 4e tourn\u00e9e de la victoire-a\u00e9rienne gagne apr\u00e8s la sc\u00e8ne de Pyrenees dans le troisi\u00e8me Alps-Lipowitz | Vie Associative\" \/>\n<meta property=\"og:description\" content=\"Tadej Pogacar a aussi bien que sa s\u00e9curit\u00e9 sa victoire. La jeune star allemande Florian Lipowitz d\u00e9fend le troisi\u00e8me au classement g\u00e9n\u00e9ral et le maillot\" \/>\n<meta property=\"og:url\" content=\"https:\/\/vieassociative.be\/actualites\/pogacar-avant-la-4e-tournee-de-la-victoire-aerienne-gagne-apres-la-scene-de-pyrenees-dans-le-troisieme-alps-lipowitz\/\" \/>\n<meta property=\"og:site_name\" content=\"Vie Associative\" \/>\n<meta property=\"article:published_time\" content=\"2025-07-25T20:17:57+00:00\" \/>\n<meta property=\"og:image\" content=\"https:\/\/vieassociative.be\/actualites\/wp-content\/uploads\/2024\/09\/header_backgroundk-01-e1726694325946.png\" \/>\n\t<meta property=\"og:image:width\" content=\"279\" \/>\n\t<meta property=\"og:image:height\" content=\"92\" \/>\n\t<meta property=\"og:image:type\" content=\"image\/png\" \/>\n<meta name=\"author\" content=\"Julien\" \/>\n<meta name=\"twitter:card\" content=\"summary_large_image\" \/>\n<meta name=\"twitter:label1\" content=\"\u00c9crit par\" \/>\n\t<meta name=\"twitter:data1\" content=\"Julien\" \/>\n\t<meta name=\"twitter:label2\" content=\"Dur\u00e9e de lecture est.\" \/>\n\t<meta name=\"twitter:data2\" content=\"2 minutes\" \/>\n<script type=\"application\/ld+json\" class=\"yoast-schema-graph\">{\"@context\":\"https:\/\/schema.org\",\"@graph\":[{\"@type\":\"Article\",\"@id\":\"https:\/\/vieassociative.be\/actualites\/pogacar-avant-la-4e-tournee-de-la-victoire-aerienne-gagne-apres-la-scene-de-pyrenees-dans-le-troisieme-alps-lipowitz\/#article\",\"isPartOf\":{\"@id\":\"https:\/\/vieassociative.be\/actualites\/pogacar-avant-la-4e-tournee-de-la-victoire-aerienne-gagne-apres-la-scene-de-pyrenees-dans-le-troisieme-alps-lipowitz\/\"},\"author\":{\"name\":\"Julien\",\"@id\":\"https:\/\/vieassociative.be\/actualites\/#\/schema\/person\/b87ac4f82f9d4e7b7cec7395b679edc4\"},\"headline\":\"Pogacar avant la 4e tourn\u00e9e de la victoire-a\u00e9rienne gagne apr\u00e8s la sc\u00e8ne de Pyrenees dans le troisi\u00e8me Alps-Lipowitz\",\"datePublished\":\"2025-07-25T20:17:57+00:00\",\"dateModified\":\"2025-07-25T20:17:57+00:00\",\"mainEntityOfPage\":{\"@id\":\"https:\/\/vieassociative.be\/actualites\/pogacar-avant-la-4e-tournee-de-la-victoire-aerienne-gagne-apres-la-scene-de-pyrenees-dans-le-troisieme-alps-lipowitz\/\"},\"wordCount\":448,\"publisher\":{\"@id\":\"https:\/\/vieassociative.be\/actualites\/#organization\"},\"image\":{\"@id\":\"https:\/\/vieassociative.be\/actualites\/pogacar-avant-la-4e-tournee-de-la-victoire-aerienne-gagne-apres-la-scene-de-pyrenees-dans-le-troisieme-alps-lipowitz\/#primaryimage\"},\"thumbnailUrl\":\"https:\/\/vieassociative.be\/actualites\/wp-content\/uploads\/2025\/07\/1753474678_Pogacar-avant-la-4e-tournee-de-la-victoire-aerienne-gagne-apres.jpg\",\"keywords\":[\"AlpsLipowitz\",\"Apr\u00e8s\",\"avant\",\"dans\",\"gagn\u00e9\",\"Pogacar\",\"Pyrenees\",\"sc\u00e8ne\",\"tourn\u00e9e\",\"troisi\u00e8me\",\"victoirea\u00e9rienne\"],\"articleSection\":[\"Belgique\"],\"inLanguage\":\"fr-BE\"},{\"@type\":\"WebPage\",\"@id\":\"https:\/\/vieassociative.be\/actualites\/pogacar-avant-la-4e-tournee-de-la-victoire-aerienne-gagne-apres-la-scene-de-pyrenees-dans-le-troisieme-alps-lipowitz\/\",\"url\":\"https:\/\/vieassociative.be\/actualites\/pogacar-avant-la-4e-tournee-de-la-victoire-aerienne-gagne-apres-la-scene-de-pyrenees-dans-le-troisieme-alps-lipowitz\/\",\"name\":\"Pogacar avant la 4e tourn\u00e9e de la victoire-a\u00e9rienne gagne apr\u00e8s la sc\u00e8ne de Pyrenees dans le troisi\u00e8me Alps-Lipowitz | Vie Associative\",\"isPartOf\":{\"@id\":\"https:\/\/vieassociative.be\/actualites\/#website\"},\"primaryImageOfPage\":{\"@id\":\"https:\/\/vieassociative.be\/actualites\/pogacar-avant-la-4e-tournee-de-la-victoire-aerienne-gagne-apres-la-scene-de-pyrenees-dans-le-troisieme-alps-lipowitz\/#primaryimage\"},\"image\":{\"@id\":\"https:\/\/vieassociative.be\/actualites\/pogacar-avant-la-4e-tournee-de-la-victoire-aerienne-gagne-apres-la-scene-de-pyrenees-dans-le-troisieme-alps-lipowitz\/#primaryimage\"},\"thumbnailUrl\":\"https:\/\/vieassociative.be\/actualites\/wp-content\/uploads\/2025\/07\/1753474678_Pogacar-avant-la-4e-tournee-de-la-victoire-aerienne-gagne-apres.jpg\",\"datePublished\":\"2025-07-25T20:17:57+00:00\",\"dateModified\":\"2025-07-25T20:17:57+00:00\",\"breadcrumb\":{\"@id\":\"https:\/\/vieassociative.be\/actualites\/pogacar-avant-la-4e-tournee-de-la-victoire-aerienne-gagne-apres-la-scene-de-pyrenees-dans-le-troisieme-alps-lipowitz\/#breadcrumb\"},\"inLanguage\":\"fr-BE\",\"potentialAction\":[{\"@type\":\"ReadAction\",\"target\":[\"https:\/\/vieassociative.be\/actualites\/pogacar-avant-la-4e-tournee-de-la-victoire-aerienne-gagne-apres-la-scene-de-pyrenees-dans-le-troisieme-alps-lipowitz\/\"]}]},{\"@type\":\"ImageObject\",\"inLanguage\":\"fr-BE\",\"@id\":\"https:\/\/vieassociative.be\/actualites\/pogacar-avant-la-4e-tournee-de-la-victoire-aerienne-gagne-apres-la-scene-de-pyrenees-dans-le-troisieme-alps-lipowitz\/#primaryimage\",\"url\":\"https:\/\/vieassociative.be\/actualites\/wp-content\/uploads\/2025\/07\/1753474678_Pogacar-avant-la-4e-tournee-de-la-victoire-aerienne-gagne-apres.jpg\",\"contentUrl\":\"https:\/\/vieassociative.be\/actualites\/wp-content\/uploads\/2025\/07\/1753474678_Pogacar-avant-la-4e-tournee-de-la-victoire-aerienne-gagne-apres.jpg\",\"width\":1200,\"height\":800,\"caption\":\"Pogacar avant la 4e tourn\u00e9e de la victoire-a\u00e9rienne gagne apr\u00e8s la sc\u00e8ne de Pyrenees dans le troisi\u00e8me Alps-Lipowitz\"},{\"@type\":\"BreadcrumbList\",\"@id\":\"https:\/\/vieassociative.be\/actualites\/pogacar-avant-la-4e-tournee-de-la-victoire-aerienne-gagne-apres-la-scene-de-pyrenees-dans-le-troisieme-alps-lipowitz\/#breadcrumb\",\"itemListElement\":[{\"@type\":\"ListItem\",\"position\":1,\"name\":\"Accueil\",\"item\":\"https:\/\/vieassociative.be\/actualites\/\"},{\"@type\":\"ListItem\",\"position\":2,\"name\":\"Pogacar avant la 4e tourn\u00e9e de la victoire-a\u00e9rienne gagne apr\u00e8s la sc\u00e8ne de Pyrenees dans le troisi\u00e8me Alps-Lipowitz\"}]},{\"@type\":\"WebSite\",\"@id\":\"https:\/\/vieassociative.be\/actualites\/#website\",\"url\":\"https:\/\/vieassociative.be\/actualites\/\",\"name\":\"Vie Associative\",\"description\":\"\",\"publisher\":{\"@id\":\"https:\/\/vieassociative.be\/actualites\/#organization\"},\"potentialAction\":[{\"@type\":\"SearchAction\",\"target\":{\"@type\":\"EntryPoint\",\"urlTemplate\":\"https:\/\/vieassociative.be\/actualites\/?s={search_term_string}\"},\"query-input\":{\"@type\":\"PropertyValueSpecification\",\"valueRequired\":true,\"valueName\":\"search_term_string\"}}],\"inLanguage\":\"fr-BE\"},{\"@type\":\"Organization\",\"@id\":\"https:\/\/vieassociative.be\/actualites\/#organization\",\"name\":\"Vie Associative\",\"url\":\"https:\/\/vieassociative.be\/actualites\/\",\"logo\":{\"@type\":\"ImageObject\",\"inLanguage\":\"fr-BE\",\"@id\":\"https:\/\/vieassociative.be\/actualites\/#\/schema\/logo\/image\/\",\"url\":\"https:\/\/vieassociative.be\/actualites\/wp-content\/uploads\/2024\/09\/cropped-vieassociative_favicon.ico.png\",\"contentUrl\":\"https:\/\/vieassociative.be\/actualites\/wp-content\/uploads\/2024\/09\/cropped-vieassociative_favicon.ico.png\",\"width\":512,\"height\":512,\"caption\":\"Vie Associative\"},\"image\":{\"@id\":\"https:\/\/vieassociative.be\/actualites\/#\/schema\/logo\/image\/\"}},{\"@type\":\"Person\",\"@id\":\"https:\/\/vieassociative.be\/actualites\/#\/schema\/person\/b87ac4f82f9d4e7b7cec7395b679edc4\",\"name\":\"Julien\",\"image\":{\"@type\":\"ImageObject\",\"inLanguage\":\"fr-BE\",\"@id\":\"https:\/\/vieassociative.be\/actualites\/#\/schema\/person\/image\/\",\"url\":\"https:\/\/vieassociative.be\/actualites\/wp-content\/uploads\/2024\/09\/vie-associative-1-150x150.jpg\",\"contentUrl\":\"https:\/\/vieassociative.be\/actualites\/wp-content\/uploads\/2024\/09\/vie-associative-1-150x150.jpg\",\"caption\":\"Julien\"},\"description\":\"Je suis Julien, r\u00e9dacteur pour Vie Associative. Passionn\u00e9 par le monde associatif depuis plus de 10 ans, j'ai \u00e0 c\u0153ur de partager des histoires inspirantes et de mettre en lumi\u00e8re les initiatives locales. Mon objectif est de sensibiliser et d'encourager l'engagement communautaire \u00e0 travers mes articles.\",\"sameAs\":[\"https:\/\/vieassociative.be\/\"]}]}<\/script>\n<!-- \/ Yoast SEO plugin. -->","yoast_head_json":{"title":"Pogacar avant la 4e tourn\u00e9e de la victoire-a\u00e9rienne gagne apr\u00e8s la sc\u00e8ne de Pyrenees dans le troisi\u00e8me Alps-Lipowitz | Vie Associative","robots":{"index":"index","follow":"follow","max-snippet":"max-snippet:-1","max-image-preview":"max-image-preview:large","max-video-preview":"max-video-preview:-1"},"canonical":"https:\/\/vieassociative.be\/actualites\/pogacar-avant-la-4e-tournee-de-la-victoire-aerienne-gagne-apres-la-scene-de-pyrenees-dans-le-troisieme-alps-lipowitz\/","og_locale":"fr_FR","og_type":"article","og_title":"Pogacar avant la 4e tourn\u00e9e de la victoire-a\u00e9rienne gagne apr\u00e8s la sc\u00e8ne de Pyrenees dans le troisi\u00e8me Alps-Lipowitz | Vie Associative","og_description":"Tadej Pogacar a aussi bien que sa s\u00e9curit\u00e9 sa victoire. La jeune star allemande Florian Lipowitz d\u00e9fend le troisi\u00e8me au classement g\u00e9n\u00e9ral et le maillot","og_url":"https:\/\/vieassociative.be\/actualites\/pogacar-avant-la-4e-tournee-de-la-victoire-aerienne-gagne-apres-la-scene-de-pyrenees-dans-le-troisieme-alps-lipowitz\/","og_site_name":"Vie Associative","article_published_time":"2025-07-25T20:17:57+00:00","og_image":[{"width":279,"height":92,"url":"https:\/\/vieassociative.be\/actualites\/wp-content\/uploads\/2024\/09\/header_backgroundk-01-e1726694325946.png","type":"image\/png"}],"author":"Julien","twitter_card":"summary_large_image","twitter_misc":{"\u00c9crit par":"Julien","Dur\u00e9e de lecture est.":"2 minutes"},"schema":{"@context":"https:\/\/schema.org","@graph":[{"@type":"Article","@id":"https:\/\/vieassociative.be\/actualites\/pogacar-avant-la-4e-tournee-de-la-victoire-aerienne-gagne-apres-la-scene-de-pyrenees-dans-le-troisieme-alps-lipowitz\/#article","isPartOf":{"@id":"https:\/\/vieassociative.be\/actualites\/pogacar-avant-la-4e-tournee-de-la-victoire-aerienne-gagne-apres-la-scene-de-pyrenees-dans-le-troisieme-alps-lipowitz\/"},"author":{"name":"Julien","@id":"https:\/\/vieassociative.be\/actualites\/#\/schema\/person\/b87ac4f82f9d4e7b7cec7395b679edc4"},"headline":"Pogacar avant la 4e tourn\u00e9e de la victoire-a\u00e9rienne gagne apr\u00e8s la sc\u00e8ne de Pyrenees dans le troisi\u00e8me Alps-Lipowitz","datePublished":"2025-07-25T20:17:57+00:00","dateModified":"2025-07-25T20:17:57+00:00","mainEntityOfPage":{"@id":"https:\/\/vieassociative.be\/actualites\/pogacar-avant-la-4e-tournee-de-la-victoire-aerienne-gagne-apres-la-scene-de-pyrenees-dans-le-troisieme-alps-lipowitz\/"},"wordCount":448,"publisher":{"@id":"https:\/\/vieassociative.be\/actualites\/#organization"},"image":{"@id":"https:\/\/vieassociative.be\/actualites\/pogacar-avant-la-4e-tournee-de-la-victoire-aerienne-gagne-apres-la-scene-de-pyrenees-dans-le-troisieme-alps-lipowitz\/#primaryimage"},"thumbnailUrl":"https:\/\/vieassociative.be\/actualites\/wp-content\/uploads\/2025\/07\/1753474678_Pogacar-avant-la-4e-tournee-de-la-victoire-aerienne-gagne-apres.jpg","keywords":["AlpsLipowitz","Apr\u00e8s","avant","dans","gagn\u00e9","Pogacar","Pyrenees","sc\u00e8ne","tourn\u00e9e","troisi\u00e8me","victoirea\u00e9rienne"],"articleSection":["Belgique"],"inLanguage":"fr-BE"},{"@type":"WebPage","@id":"https:\/\/vieassociative.be\/actualites\/pogacar-avant-la-4e-tournee-de-la-victoire-aerienne-gagne-apres-la-scene-de-pyrenees-dans-le-troisieme-alps-lipowitz\/","url":"https:\/\/vieassociative.be\/actualites\/pogacar-avant-la-4e-tournee-de-la-victoire-aerienne-gagne-apres-la-scene-de-pyrenees-dans-le-troisieme-alps-lipowitz\/","name":"Pogacar avant la 4e tourn\u00e9e de la victoire-a\u00e9rienne gagne apr\u00e8s la sc\u00e8ne de Pyrenees dans le troisi\u00e8me Alps-Lipowitz | Vie Associative","isPartOf":{"@id":"https:\/\/vieassociative.be\/actualites\/#website"},"primaryImageOfPage":{"@id":"https:\/\/vieassociative.be\/actualites\/pogacar-avant-la-4e-tournee-de-la-victoire-aerienne-gagne-apres-la-scene-de-pyrenees-dans-le-troisieme-alps-lipowitz\/#primaryimage"},"image":{"@id":"https:\/\/vieassociative.be\/actualites\/pogacar-avant-la-4e-tournee-de-la-victoire-aerienne-gagne-apres-la-scene-de-pyrenees-dans-le-troisieme-alps-lipowitz\/#primaryimage"},"thumbnailUrl":"https:\/\/vieassociative.be\/actualites\/wp-content\/uploads\/2025\/07\/1753474678_Pogacar-avant-la-4e-tournee-de-la-victoire-aerienne-gagne-apres.jpg","datePublished":"2025-07-25T20:17:57+00:00","dateModified":"2025-07-25T20:17:57+00:00","breadcrumb":{"@id":"https:\/\/vieassociative.be\/actualites\/pogacar-avant-la-4e-tournee-de-la-victoire-aerienne-gagne-apres-la-scene-de-pyrenees-dans-le-troisieme-alps-lipowitz\/#breadcrumb"},"inLanguage":"fr-BE","potentialAction":[{"@type":"ReadAction","target":["https:\/\/vieassociative.be\/actualites\/pogacar-avant-la-4e-tournee-de-la-victoire-aerienne-gagne-apres-la-scene-de-pyrenees-dans-le-troisieme-alps-lipowitz\/"]}]},{"@type":"ImageObject","inLanguage":"fr-BE","@id":"https:\/\/vieassociative.be\/actualites\/pogacar-avant-la-4e-tournee-de-la-victoire-aerienne-gagne-apres-la-scene-de-pyrenees-dans-le-troisieme-alps-lipowitz\/#primaryimage","url":"https:\/\/vieassociative.be\/actualites\/wp-content\/uploads\/2025\/07\/1753474678_Pogacar-avant-la-4e-tournee-de-la-victoire-aerienne-gagne-apres.jpg","contentUrl":"https:\/\/vieassociative.be\/actualites\/wp-content\/uploads\/2025\/07\/1753474678_Pogacar-avant-la-4e-tournee-de-la-victoire-aerienne-gagne-apres.jpg","width":1200,"height":800,"caption":"Pogacar avant la 4e tourn\u00e9e de la victoire-a\u00e9rienne gagne apr\u00e8s la sc\u00e8ne de Pyrenees dans le troisi\u00e8me Alps-Lipowitz"},{"@type":"BreadcrumbList","@id":"https:\/\/vieassociative.be\/actualites\/pogacar-avant-la-4e-tournee-de-la-victoire-aerienne-gagne-apres-la-scene-de-pyrenees-dans-le-troisieme-alps-lipowitz\/#breadcrumb","itemListElement":[{"@type":"ListItem","position":1,"name":"Accueil","item":"https:\/\/vieassociative.be\/actualites\/"},{"@type":"ListItem","position":2,"name":"Pogacar avant la 4e tourn\u00e9e de la victoire-a\u00e9rienne gagne apr\u00e8s la sc\u00e8ne de Pyrenees dans le troisi\u00e8me Alps-Lipowitz"}]},{"@type":"WebSite","@id":"https:\/\/vieassociative.be\/actualites\/#website","url":"https:\/\/vieassociative.be\/actualites\/","name":"Vie Associative","description":"","publisher":{"@id":"https:\/\/vieassociative.be\/actualites\/#organization"},"potentialAction":[{"@type":"SearchAction","target":{"@type":"EntryPoint","urlTemplate":"https:\/\/vieassociative.be\/actualites\/?s={search_term_string}"},"query-input":{"@type":"PropertyValueSpecification","valueRequired":true,"valueName":"search_term_string"}}],"inLanguage":"fr-BE"},{"@type":"Organization","@id":"https:\/\/vieassociative.be\/actualites\/#organization","name":"Vie Associative","url":"https:\/\/vieassociative.be\/actualites\/","logo":{"@type":"ImageObject","inLanguage":"fr-BE","@id":"https:\/\/vieassociative.be\/actualites\/#\/schema\/logo\/image\/","url":"https:\/\/vieassociative.be\/actualites\/wp-content\/uploads\/2024\/09\/cropped-vieassociative_favicon.ico.png","contentUrl":"https:\/\/vieassociative.be\/actualites\/wp-content\/uploads\/2024\/09\/cropped-vieassociative_favicon.ico.png","width":512,"height":512,"caption":"Vie Associative"},"image":{"@id":"https:\/\/vieassociative.be\/actualites\/#\/schema\/logo\/image\/"}},{"@type":"Person","@id":"https:\/\/vieassociative.be\/actualites\/#\/schema\/person\/b87ac4f82f9d4e7b7cec7395b679edc4","name":"Julien","image":{"@type":"ImageObject","inLanguage":"fr-BE","@id":"https:\/\/vieassociative.be\/actualites\/#\/schema\/person\/image\/","url":"https:\/\/vieassociative.be\/actualites\/wp-content\/uploads\/2024\/09\/vie-associative-1-150x150.jpg","contentUrl":"https:\/\/vieassociative.be\/actualites\/wp-content\/uploads\/2024\/09\/vie-associative-1-150x150.jpg","caption":"Julien"},"description":"Je suis Julien, r\u00e9dacteur pour Vie Associative. Passionn\u00e9 par le monde associatif depuis plus de 10 ans, j'ai \u00e0 c\u0153ur de partager des histoires inspirantes et de mettre en lumi\u00e8re les initiatives locales. Mon objectif est de sensibiliser et d'encourager l'engagement communautaire \u00e0 travers mes articles.","sameAs":["https:\/\/vieassociative.be\/"]}]}},"_links":{"self":[{"href":"https:\/\/vieassociative.be\/actualites\/wp-json\/wp\/v2\/posts\/9007"}],"collection":[{"href":"https:\/\/vieassociative.be\/actualites\/wp-json\/wp\/v2\/posts"}],"about":[{"href":"https:\/\/vieassociative.be\/actualites\/wp-json\/wp\/v2\/types\/post"}],"author":[{"embeddable":true,"href":"https:\/\/vieassociative.be\/actualites\/wp-json\/wp\/v2\/users\/1"}],"replies":[{"embeddable":true,"href":"https:\/\/vieassociative.be\/actualites\/wp-json\/wp\/v2\/comments?post=9007"}],"version-history":[{"count":0,"href":"https:\/\/vieassociative.be\/actualites\/wp-json\/wp\/v2\/posts\/9007\/revisions"}],"wp:featuredmedia":[{"embeddable":true,"href":"https:\/\/vieassociative.be\/actualites\/wp-json\/wp\/v2\/media\/9008"}],"wp:attachment":[{"href":"https:\/\/vieassociative.be\/actualites\/wp-json\/wp\/v2\/media?parent=9007"}],"wp:term":[{"taxonomy":"category","embeddable":true,"href":"https:\/\/vieassociative.be\/actualites\/wp-json\/wp\/v2\/categories?post=9007"},{"taxonomy":"post_tag","embeddable":true,"href":"https:\/\/vieassociative.be\/actualites\/wp-json\/wp\/v2\/tags?post=9007"}],"curies":[{"name":"wp","href":"https:\/\/api.w.org\/{rel}","templated":true}]}}