{"id":9001,"date":"2025-07-25T16:19:16","date_gmt":"2025-07-25T14:19:16","guid":{"rendered":"https:\/\/vieassociative.be\/actualites\/bernd-stromberg-revient-son-nouveau-film-du-4-decembre-au-cinema-puis-a-la-television-video\/"},"modified":"2025-07-25T16:19:16","modified_gmt":"2025-07-25T14:19:16","slug":"bernd-stromberg-revient-son-nouveau-film-du-4-decembre-au-cinema-puis-a-la-television-video","status":"publish","type":"post","link":"https:\/\/vieassociative.be\/actualites\/bernd-stromberg-revient-son-nouveau-film-du-4-decembre-au-cinema-puis-a-la-television-video\/","title":{"rendered":"Bernd Stromberg revient: son nouveau film du 4 d\u00e9cembre au cin\u00e9ma puis \u00e0 la t\u00e9l\u00e9vision (vid\u00e9o)"},"content":{"rendered":"<p><strong>20 ans apr\u00e8s le d\u00e9but de la saison 1 sur Prosieben et 10 ans apr\u00e8s le dernier film \u00ab\u00a0Stromberg\u00a0\u00bb, Christoph Maria Herbst se remet dans l&rsquo;un de ses r\u00f4les les plus c\u00e9l\u00e8bres. Le 4 d\u00e9cembre, le film \u00ab\u00a0Stromberg &#8211; Everything Again\u00a0\u00bb a \u00e9t\u00e9 pr\u00e9sent\u00e9 comme toujours.<\/strong><\/p>\n<p><span id=\"more-420945\"><\/span>Beaucoup de choses se sont produites au cours des dix derni\u00e8res ann\u00e9es: de la pand\u00e9mie de Corona aux d\u00e9bats de genre aux premi\u00e8res \u00e9lections de Bundestag. Donc, le temps que \u00ab\u00a0Papa\u00a0\u00bb et chef de bureau par excellence Bernd Stromberg, ex-manager de la r\u00e9glementation des dommages de l&rsquo;assurance Capitole, revient.<\/p>\n<p>Au cours des derni\u00e8res semaines, les sp\u00e9culations ont \u00e9t\u00e9 sp\u00e9cul\u00e9es sur le filet et oui, cela est vrai et peut d\u00e9j\u00e0 \u00eatre r\u00e9v\u00e9l\u00e9: avec \u00ab\u00a0Stromberg-tout comme toujours\u00a0\u00bb, l&rsquo;ensemble s\u00e9rie arrive sur l&rsquo;\u00e9cran de cin\u00e9ma ainsi que la vid\u00e9o privil\u00e9gi\u00e9e et le prosieben pour la deuxi\u00e8me fois. Le spectateur devrait alors d\u00e9couvrir \u00abtout ce qui est important dans le monde du travail moderne\u00bb, qui a fondamentalement chang\u00e9 au cours des dix derni\u00e8res ann\u00e9es.<\/p>\n<div id=\"attachment_37376\" class=\"wp-caption alignleft\" style=\"max-width: 300px\"><img fetchpriority=\"high\" decoding=\"async\" class=\"wp-image-37376 size-medium\" src=\"https:\/\/vieassociative.be\/actualites\/wp-content\/uploads\/2025\/07\/Bernd-Stromberg-revient-son-nouveau-film-du-4-decembre-au.jpg\" alt=\"\" width=\"300\" height=\"225\"  ><\/div>\n<p>Ralf Husmann, auteur et producteur Made: \u00ab\u00a0Ce que Oasis peut avoir depuis longtemps: une r\u00e9union avec des gens qui ont toujours \u00e9t\u00e9 difficiles. Seulement sans musique. Dix ans apr\u00e8s le premier film, tant de gens me demandent encore sur Bernd que je voulais savoir ce qui est devenu du nouveau monde de travail. Et de tous les autres noix de bois.<\/p>\n<p>La sortie th\u00e9\u00e2trale est le 4 d\u00e9cembre 2025, le film peut ensuite \u00eatre vu sur Prime Video et est ensuite diffus\u00e9 sur Prosieben.<\/p>\n<p>Comme d&rsquo;habitude, Bjarne M\u00e4del (comme Ernie), Oliver Wnuk (comme Ulf), Milena Dreissig (comme Jennifer) et Diana Staelyy (comme Tanja) sont aussi d&rsquo;habitude que d&rsquo;habitude. Le script vient de Ralf Husmann.<\/p>\n<p>La s\u00e9rie \u00ab\u00a0Stromberg\u00a0\u00bb s&rsquo;est d\u00e9roul\u00e9e \u00e0 Prosieben entre 2004 et 2012 avec un total de 46 \u00e9pisodes. Apr\u00e8s la fin de la s\u00e9rie, un film est arriv\u00e9 en 2014 qui a \u00e9t\u00e9 financ\u00e9 par le financement participatif. (Cre)<\/p>\n<p><em><strong>Quant au nouveau film \u00ab\u00a0Stromberg &#8211; tout comme toujours\u00a0\u00bb, il a d\u00e9j\u00e0 \u00e9t\u00e9 publi\u00e9 &#8211; pour ainsi dire en tant qu&rsquo;agent en app\u00e9tit &#8211; une bande-annonce que vous pouvez voir ici:<\/strong><\/em><\/p>\n<div class=\"responsive-embed widescreen\">\n<div class=\"rll-youtube-player\" data-src=\"https:\/\/www.youtube.com\/embed\/uzmzUM8i5ms\" data-id=\"uzmzUM8i5ms\" data-query=\"feature=oembed\" data-alt=\"STROMBERG: Wieder alles wie immer Teaser Trailer German Deutsch (2025) Christoph Maria Herbst\"><\/div>\n<p><noscript><a href=\"https:\/\/www.youtube.com\/watch?v=uzmzum8i5ms\">https:\/\/www.youtube.com\/watch?v=uzmzum8i5ms<\/a><\/noscript><\/div>\n","protected":false},"excerpt":{"rendered":"<p>20 ans apr\u00e8s le d\u00e9but de la saison 1 sur Prosieben et 10 ans apr\u00e8s le dernier film \u00ab\u00a0Stromberg\u00a0\u00bb, Christoph Maria Herbst se remet dans<\/p>\n","protected":false},"author":1,"featured_media":9002,"comment_status":"","ping_status":"","sticky":false,"template":"","format":"standard","meta":{"footnotes":""},"categories":[298],"tags":[6962,98,3145,4195,553,402,4762,800,7912,1316,1204],"class_list":["post-9001","post","type-post","status-publish","format-standard","has-post-thumbnail","hentry","category-belgique","tag-bernd","tag-cinema","tag-decembre","tag-film","tag-nouveau","tag-puis","tag-revient","tag-son","tag-stromberg","tag-television","tag-video","generate-columns","tablet-grid-50","mobile-grid-100","grid-parent","grid-33"],"yoast_head":"<!-- This site is optimized with the Yoast SEO plugin v24.0 - https:\/\/yoast.com\/wordpress\/plugins\/seo\/ -->\n<title>Bernd Stromberg revient: son nouveau film du 4 d\u00e9cembre au cin\u00e9ma puis \u00e0 la t\u00e9l\u00e9vision (vid\u00e9o) | Vie Associative<\/title>\n<meta name=\"robots\" content=\"index, follow, max-snippet:-1, max-image-preview:large, max-video-preview:-1\" \/>\n<link rel=\"canonical\" href=\"https:\/\/vieassociative.be\/actualites\/bernd-stromberg-revient-son-nouveau-film-du-4-decembre-au-cinema-puis-a-la-television-video\/\" \/>\n<meta property=\"og:locale\" content=\"fr_FR\" \/>\n<meta property=\"og:type\" content=\"article\" \/>\n<meta property=\"og:title\" content=\"Bernd Stromberg revient: son nouveau film du 4 d\u00e9cembre au cin\u00e9ma puis \u00e0 la t\u00e9l\u00e9vision (vid\u00e9o) | Vie Associative\" \/>\n<meta property=\"og:description\" content=\"20 ans apr\u00e8s le d\u00e9but de la saison 1 sur Prosieben et 10 ans apr\u00e8s le dernier film \u00ab\u00a0Stromberg\u00a0\u00bb, Christoph Maria Herbst se remet dans\" \/>\n<meta property=\"og:url\" content=\"https:\/\/vieassociative.be\/actualites\/bernd-stromberg-revient-son-nouveau-film-du-4-decembre-au-cinema-puis-a-la-television-video\/\" \/>\n<meta property=\"og:site_name\" content=\"Vie Associative\" \/>\n<meta property=\"article:published_time\" content=\"2025-07-25T14:19:16+00:00\" \/>\n<meta property=\"og:image\" content=\"https:\/\/vieassociative.be\/actualites\/wp-content\/uploads\/2024\/09\/header_backgroundk-01-e1726694325946.png\" \/>\n\t<meta property=\"og:image:width\" content=\"279\" \/>\n\t<meta property=\"og:image:height\" content=\"92\" \/>\n\t<meta property=\"og:image:type\" content=\"image\/png\" \/>\n<meta name=\"author\" content=\"Julien\" \/>\n<meta name=\"twitter:card\" content=\"summary_large_image\" \/>\n<meta name=\"twitter:label1\" content=\"\u00c9crit par\" \/>\n\t<meta name=\"twitter:data1\" content=\"Julien\" \/>\n\t<meta name=\"twitter:label2\" content=\"Dur\u00e9e de lecture est.\" \/>\n\t<meta name=\"twitter:data2\" content=\"2 minutes\" \/>\n<script type=\"application\/ld+json\" class=\"yoast-schema-graph\">{\"@context\":\"https:\/\/schema.org\",\"@graph\":[{\"@type\":\"Article\",\"@id\":\"https:\/\/vieassociative.be\/actualites\/bernd-stromberg-revient-son-nouveau-film-du-4-decembre-au-cinema-puis-a-la-television-video\/#article\",\"isPartOf\":{\"@id\":\"https:\/\/vieassociative.be\/actualites\/bernd-stromberg-revient-son-nouveau-film-du-4-decembre-au-cinema-puis-a-la-television-video\/\"},\"author\":{\"name\":\"Julien\",\"@id\":\"https:\/\/vieassociative.be\/actualites\/#\/schema\/person\/b87ac4f82f9d4e7b7cec7395b679edc4\"},\"headline\":\"Bernd Stromberg revient: son nouveau film du 4 d\u00e9cembre au cin\u00e9ma puis \u00e0 la t\u00e9l\u00e9vision (vid\u00e9o)\",\"datePublished\":\"2025-07-25T14:19:16+00:00\",\"dateModified\":\"2025-07-25T14:19:16+00:00\",\"mainEntityOfPage\":{\"@id\":\"https:\/\/vieassociative.be\/actualites\/bernd-stromberg-revient-son-nouveau-film-du-4-decembre-au-cinema-puis-a-la-television-video\/\"},\"wordCount\":420,\"publisher\":{\"@id\":\"https:\/\/vieassociative.be\/actualites\/#organization\"},\"image\":{\"@id\":\"https:\/\/vieassociative.be\/actualites\/bernd-stromberg-revient-son-nouveau-film-du-4-decembre-au-cinema-puis-a-la-television-video\/#primaryimage\"},\"thumbnailUrl\":\"https:\/\/vieassociative.be\/actualites\/wp-content\/uploads\/2025\/07\/1753453157_Bernd-Stromberg-revient-son-nouveau-film-du-4-decembre-au.jpg\",\"keywords\":[\"Bernd\",\"cin\u00e9ma\",\"d\u00e9cembre\",\"film\",\"nouveau\",\"puis\",\"revient\",\"son\",\"Stromberg\",\"t\u00e9l\u00e9vision\",\"vid\u00e9o\"],\"articleSection\":[\"Belgique\"],\"inLanguage\":\"fr-BE\"},{\"@type\":\"WebPage\",\"@id\":\"https:\/\/vieassociative.be\/actualites\/bernd-stromberg-revient-son-nouveau-film-du-4-decembre-au-cinema-puis-a-la-television-video\/\",\"url\":\"https:\/\/vieassociative.be\/actualites\/bernd-stromberg-revient-son-nouveau-film-du-4-decembre-au-cinema-puis-a-la-television-video\/\",\"name\":\"Bernd Stromberg revient: son nouveau film du 4 d\u00e9cembre au cin\u00e9ma puis \u00e0 la t\u00e9l\u00e9vision (vid\u00e9o) | Vie Associative\",\"isPartOf\":{\"@id\":\"https:\/\/vieassociative.be\/actualites\/#website\"},\"primaryImageOfPage\":{\"@id\":\"https:\/\/vieassociative.be\/actualites\/bernd-stromberg-revient-son-nouveau-film-du-4-decembre-au-cinema-puis-a-la-television-video\/#primaryimage\"},\"image\":{\"@id\":\"https:\/\/vieassociative.be\/actualites\/bernd-stromberg-revient-son-nouveau-film-du-4-decembre-au-cinema-puis-a-la-television-video\/#primaryimage\"},\"thumbnailUrl\":\"https:\/\/vieassociative.be\/actualites\/wp-content\/uploads\/2025\/07\/1753453157_Bernd-Stromberg-revient-son-nouveau-film-du-4-decembre-au.jpg\",\"datePublished\":\"2025-07-25T14:19:16+00:00\",\"dateModified\":\"2025-07-25T14:19:16+00:00\",\"breadcrumb\":{\"@id\":\"https:\/\/vieassociative.be\/actualites\/bernd-stromberg-revient-son-nouveau-film-du-4-decembre-au-cinema-puis-a-la-television-video\/#breadcrumb\"},\"inLanguage\":\"fr-BE\",\"potentialAction\":[{\"@type\":\"ReadAction\",\"target\":[\"https:\/\/vieassociative.be\/actualites\/bernd-stromberg-revient-son-nouveau-film-du-4-decembre-au-cinema-puis-a-la-television-video\/\"]}]},{\"@type\":\"ImageObject\",\"inLanguage\":\"fr-BE\",\"@id\":\"https:\/\/vieassociative.be\/actualites\/bernd-stromberg-revient-son-nouveau-film-du-4-decembre-au-cinema-puis-a-la-television-video\/#primaryimage\",\"url\":\"https:\/\/vieassociative.be\/actualites\/wp-content\/uploads\/2025\/07\/1753453157_Bernd-Stromberg-revient-son-nouveau-film-du-4-decembre-au.jpg\",\"contentUrl\":\"https:\/\/vieassociative.be\/actualites\/wp-content\/uploads\/2025\/07\/1753453157_Bernd-Stromberg-revient-son-nouveau-film-du-4-decembre-au.jpg\",\"width\":1200,\"height\":800,\"caption\":\"Bernd Stromberg revient: son nouveau film du 4 d\u00e9cembre au cin\u00e9ma puis \u00e0 la t\u00e9l\u00e9vision (vid\u00e9o)\"},{\"@type\":\"BreadcrumbList\",\"@id\":\"https:\/\/vieassociative.be\/actualites\/bernd-stromberg-revient-son-nouveau-film-du-4-decembre-au-cinema-puis-a-la-television-video\/#breadcrumb\",\"itemListElement\":[{\"@type\":\"ListItem\",\"position\":1,\"name\":\"Accueil\",\"item\":\"https:\/\/vieassociative.be\/actualites\/\"},{\"@type\":\"ListItem\",\"position\":2,\"name\":\"Bernd Stromberg revient: son nouveau film du 4 d\u00e9cembre au cin\u00e9ma puis \u00e0 la t\u00e9l\u00e9vision (vid\u00e9o)\"}]},{\"@type\":\"WebSite\",\"@id\":\"https:\/\/vieassociative.be\/actualites\/#website\",\"url\":\"https:\/\/vieassociative.be\/actualites\/\",\"name\":\"Vie Associative\",\"description\":\"\",\"publisher\":{\"@id\":\"https:\/\/vieassociative.be\/actualites\/#organization\"},\"potentialAction\":[{\"@type\":\"SearchAction\",\"target\":{\"@type\":\"EntryPoint\",\"urlTemplate\":\"https:\/\/vieassociative.be\/actualites\/?s={search_term_string}\"},\"query-input\":{\"@type\":\"PropertyValueSpecification\",\"valueRequired\":true,\"valueName\":\"search_term_string\"}}],\"inLanguage\":\"fr-BE\"},{\"@type\":\"Organization\",\"@id\":\"https:\/\/vieassociative.be\/actualites\/#organization\",\"name\":\"Vie Associative\",\"url\":\"https:\/\/vieassociative.be\/actualites\/\",\"logo\":{\"@type\":\"ImageObject\",\"inLanguage\":\"fr-BE\",\"@id\":\"https:\/\/vieassociative.be\/actualites\/#\/schema\/logo\/image\/\",\"url\":\"https:\/\/vieassociative.be\/actualites\/wp-content\/uploads\/2024\/09\/cropped-vieassociative_favicon.ico.png\",\"contentUrl\":\"https:\/\/vieassociative.be\/actualites\/wp-content\/uploads\/2024\/09\/cropped-vieassociative_favicon.ico.png\",\"width\":512,\"height\":512,\"caption\":\"Vie Associative\"},\"image\":{\"@id\":\"https:\/\/vieassociative.be\/actualites\/#\/schema\/logo\/image\/\"}},{\"@type\":\"Person\",\"@id\":\"https:\/\/vieassociative.be\/actualites\/#\/schema\/person\/b87ac4f82f9d4e7b7cec7395b679edc4\",\"name\":\"Julien\",\"image\":{\"@type\":\"ImageObject\",\"inLanguage\":\"fr-BE\",\"@id\":\"https:\/\/vieassociative.be\/actualites\/#\/schema\/person\/image\/\",\"url\":\"https:\/\/vieassociative.be\/actualites\/wp-content\/uploads\/2024\/09\/vie-associative-1-150x150.jpg\",\"contentUrl\":\"https:\/\/vieassociative.be\/actualites\/wp-content\/uploads\/2024\/09\/vie-associative-1-150x150.jpg\",\"caption\":\"Julien\"},\"description\":\"Je suis Julien, r\u00e9dacteur pour Vie Associative. Passionn\u00e9 par le monde associatif depuis plus de 10 ans, j'ai \u00e0 c\u0153ur de partager des histoires inspirantes et de mettre en lumi\u00e8re les initiatives locales. Mon objectif est de sensibiliser et d'encourager l'engagement communautaire \u00e0 travers mes articles.\",\"sameAs\":[\"https:\/\/vieassociative.be\/\"]}]}<\/script>\n<!-- \/ Yoast SEO plugin. -->","yoast_head_json":{"title":"Bernd Stromberg revient: son nouveau film du 4 d\u00e9cembre au cin\u00e9ma puis \u00e0 la t\u00e9l\u00e9vision (vid\u00e9o) | Vie Associative","robots":{"index":"index","follow":"follow","max-snippet":"max-snippet:-1","max-image-preview":"max-image-preview:large","max-video-preview":"max-video-preview:-1"},"canonical":"https:\/\/vieassociative.be\/actualites\/bernd-stromberg-revient-son-nouveau-film-du-4-decembre-au-cinema-puis-a-la-television-video\/","og_locale":"fr_FR","og_type":"article","og_title":"Bernd Stromberg revient: son nouveau film du 4 d\u00e9cembre au cin\u00e9ma puis \u00e0 la t\u00e9l\u00e9vision (vid\u00e9o) | Vie Associative","og_description":"20 ans apr\u00e8s le d\u00e9but de la saison 1 sur Prosieben et 10 ans apr\u00e8s le dernier film \u00ab\u00a0Stromberg\u00a0\u00bb, Christoph Maria Herbst se remet dans","og_url":"https:\/\/vieassociative.be\/actualites\/bernd-stromberg-revient-son-nouveau-film-du-4-decembre-au-cinema-puis-a-la-television-video\/","og_site_name":"Vie Associative","article_published_time":"2025-07-25T14:19:16+00:00","og_image":[{"width":279,"height":92,"url":"https:\/\/vieassociative.be\/actualites\/wp-content\/uploads\/2024\/09\/header_backgroundk-01-e1726694325946.png","type":"image\/png"}],"author":"Julien","twitter_card":"summary_large_image","twitter_misc":{"\u00c9crit par":"Julien","Dur\u00e9e de lecture est.":"2 minutes"},"schema":{"@context":"https:\/\/schema.org","@graph":[{"@type":"Article","@id":"https:\/\/vieassociative.be\/actualites\/bernd-stromberg-revient-son-nouveau-film-du-4-decembre-au-cinema-puis-a-la-television-video\/#article","isPartOf":{"@id":"https:\/\/vieassociative.be\/actualites\/bernd-stromberg-revient-son-nouveau-film-du-4-decembre-au-cinema-puis-a-la-television-video\/"},"author":{"name":"Julien","@id":"https:\/\/vieassociative.be\/actualites\/#\/schema\/person\/b87ac4f82f9d4e7b7cec7395b679edc4"},"headline":"Bernd Stromberg revient: son nouveau film du 4 d\u00e9cembre au cin\u00e9ma puis \u00e0 la t\u00e9l\u00e9vision (vid\u00e9o)","datePublished":"2025-07-25T14:19:16+00:00","dateModified":"2025-07-25T14:19:16+00:00","mainEntityOfPage":{"@id":"https:\/\/vieassociative.be\/actualites\/bernd-stromberg-revient-son-nouveau-film-du-4-decembre-au-cinema-puis-a-la-television-video\/"},"wordCount":420,"publisher":{"@id":"https:\/\/vieassociative.be\/actualites\/#organization"},"image":{"@id":"https:\/\/vieassociative.be\/actualites\/bernd-stromberg-revient-son-nouveau-film-du-4-decembre-au-cinema-puis-a-la-television-video\/#primaryimage"},"thumbnailUrl":"https:\/\/vieassociative.be\/actualites\/wp-content\/uploads\/2025\/07\/1753453157_Bernd-Stromberg-revient-son-nouveau-film-du-4-decembre-au.jpg","keywords":["Bernd","cin\u00e9ma","d\u00e9cembre","film","nouveau","puis","revient","son","Stromberg","t\u00e9l\u00e9vision","vid\u00e9o"],"articleSection":["Belgique"],"inLanguage":"fr-BE"},{"@type":"WebPage","@id":"https:\/\/vieassociative.be\/actualites\/bernd-stromberg-revient-son-nouveau-film-du-4-decembre-au-cinema-puis-a-la-television-video\/","url":"https:\/\/vieassociative.be\/actualites\/bernd-stromberg-revient-son-nouveau-film-du-4-decembre-au-cinema-puis-a-la-television-video\/","name":"Bernd Stromberg revient: son nouveau film du 4 d\u00e9cembre au cin\u00e9ma puis \u00e0 la t\u00e9l\u00e9vision (vid\u00e9o) | Vie Associative","isPartOf":{"@id":"https:\/\/vieassociative.be\/actualites\/#website"},"primaryImageOfPage":{"@id":"https:\/\/vieassociative.be\/actualites\/bernd-stromberg-revient-son-nouveau-film-du-4-decembre-au-cinema-puis-a-la-television-video\/#primaryimage"},"image":{"@id":"https:\/\/vieassociative.be\/actualites\/bernd-stromberg-revient-son-nouveau-film-du-4-decembre-au-cinema-puis-a-la-television-video\/#primaryimage"},"thumbnailUrl":"https:\/\/vieassociative.be\/actualites\/wp-content\/uploads\/2025\/07\/1753453157_Bernd-Stromberg-revient-son-nouveau-film-du-4-decembre-au.jpg","datePublished":"2025-07-25T14:19:16+00:00","dateModified":"2025-07-25T14:19:16+00:00","breadcrumb":{"@id":"https:\/\/vieassociative.be\/actualites\/bernd-stromberg-revient-son-nouveau-film-du-4-decembre-au-cinema-puis-a-la-television-video\/#breadcrumb"},"inLanguage":"fr-BE","potentialAction":[{"@type":"ReadAction","target":["https:\/\/vieassociative.be\/actualites\/bernd-stromberg-revient-son-nouveau-film-du-4-decembre-au-cinema-puis-a-la-television-video\/"]}]},{"@type":"ImageObject","inLanguage":"fr-BE","@id":"https:\/\/vieassociative.be\/actualites\/bernd-stromberg-revient-son-nouveau-film-du-4-decembre-au-cinema-puis-a-la-television-video\/#primaryimage","url":"https:\/\/vieassociative.be\/actualites\/wp-content\/uploads\/2025\/07\/1753453157_Bernd-Stromberg-revient-son-nouveau-film-du-4-decembre-au.jpg","contentUrl":"https:\/\/vieassociative.be\/actualites\/wp-content\/uploads\/2025\/07\/1753453157_Bernd-Stromberg-revient-son-nouveau-film-du-4-decembre-au.jpg","width":1200,"height":800,"caption":"Bernd Stromberg revient: son nouveau film du 4 d\u00e9cembre au cin\u00e9ma puis \u00e0 la t\u00e9l\u00e9vision (vid\u00e9o)"},{"@type":"BreadcrumbList","@id":"https:\/\/vieassociative.be\/actualites\/bernd-stromberg-revient-son-nouveau-film-du-4-decembre-au-cinema-puis-a-la-television-video\/#breadcrumb","itemListElement":[{"@type":"ListItem","position":1,"name":"Accueil","item":"https:\/\/vieassociative.be\/actualites\/"},{"@type":"ListItem","position":2,"name":"Bernd Stromberg revient: son nouveau film du 4 d\u00e9cembre au cin\u00e9ma puis \u00e0 la t\u00e9l\u00e9vision (vid\u00e9o)"}]},{"@type":"WebSite","@id":"https:\/\/vieassociative.be\/actualites\/#website","url":"https:\/\/vieassociative.be\/actualites\/","name":"Vie Associative","description":"","publisher":{"@id":"https:\/\/vieassociative.be\/actualites\/#organization"},"potentialAction":[{"@type":"SearchAction","target":{"@type":"EntryPoint","urlTemplate":"https:\/\/vieassociative.be\/actualites\/?s={search_term_string}"},"query-input":{"@type":"PropertyValueSpecification","valueRequired":true,"valueName":"search_term_string"}}],"inLanguage":"fr-BE"},{"@type":"Organization","@id":"https:\/\/vieassociative.be\/actualites\/#organization","name":"Vie Associative","url":"https:\/\/vieassociative.be\/actualites\/","logo":{"@type":"ImageObject","inLanguage":"fr-BE","@id":"https:\/\/vieassociative.be\/actualites\/#\/schema\/logo\/image\/","url":"https:\/\/vieassociative.be\/actualites\/wp-content\/uploads\/2024\/09\/cropped-vieassociative_favicon.ico.png","contentUrl":"https:\/\/vieassociative.be\/actualites\/wp-content\/uploads\/2024\/09\/cropped-vieassociative_favicon.ico.png","width":512,"height":512,"caption":"Vie Associative"},"image":{"@id":"https:\/\/vieassociative.be\/actualites\/#\/schema\/logo\/image\/"}},{"@type":"Person","@id":"https:\/\/vieassociative.be\/actualites\/#\/schema\/person\/b87ac4f82f9d4e7b7cec7395b679edc4","name":"Julien","image":{"@type":"ImageObject","inLanguage":"fr-BE","@id":"https:\/\/vieassociative.be\/actualites\/#\/schema\/person\/image\/","url":"https:\/\/vieassociative.be\/actualites\/wp-content\/uploads\/2024\/09\/vie-associative-1-150x150.jpg","contentUrl":"https:\/\/vieassociative.be\/actualites\/wp-content\/uploads\/2024\/09\/vie-associative-1-150x150.jpg","caption":"Julien"},"description":"Je suis Julien, r\u00e9dacteur pour Vie Associative. Passionn\u00e9 par le monde associatif depuis plus de 10 ans, j'ai \u00e0 c\u0153ur de partager des histoires inspirantes et de mettre en lumi\u00e8re les initiatives locales. Mon objectif est de sensibiliser et d'encourager l'engagement communautaire \u00e0 travers mes articles.","sameAs":["https:\/\/vieassociative.be\/"]}]}},"_links":{"self":[{"href":"https:\/\/vieassociative.be\/actualites\/wp-json\/wp\/v2\/posts\/9001"}],"collection":[{"href":"https:\/\/vieassociative.be\/actualites\/wp-json\/wp\/v2\/posts"}],"about":[{"href":"https:\/\/vieassociative.be\/actualites\/wp-json\/wp\/v2\/types\/post"}],"author":[{"embeddable":true,"href":"https:\/\/vieassociative.be\/actualites\/wp-json\/wp\/v2\/users\/1"}],"replies":[{"embeddable":true,"href":"https:\/\/vieassociative.be\/actualites\/wp-json\/wp\/v2\/comments?post=9001"}],"version-history":[{"count":0,"href":"https:\/\/vieassociative.be\/actualites\/wp-json\/wp\/v2\/posts\/9001\/revisions"}],"wp:featuredmedia":[{"embeddable":true,"href":"https:\/\/vieassociative.be\/actualites\/wp-json\/wp\/v2\/media\/9002"}],"wp:attachment":[{"href":"https:\/\/vieassociative.be\/actualites\/wp-json\/wp\/v2\/media?parent=9001"}],"wp:term":[{"taxonomy":"category","embeddable":true,"href":"https:\/\/vieassociative.be\/actualites\/wp-json\/wp\/v2\/categories?post=9001"},{"taxonomy":"post_tag","embeddable":true,"href":"https:\/\/vieassociative.be\/actualites\/wp-json\/wp\/v2\/tags?post=9001"}],"curies":[{"name":"wp","href":"https:\/\/api.w.org\/{rel}","templated":true}]}}