{"id":8999,"date":"2025-07-25T15:18:34","date_gmt":"2025-07-25T13:18:34","guid":{"rendered":"https:\/\/vieassociative.be\/actualites\/ce-pack-de-deux-ecouteurs-de-skullcandy-est-de-74-de-reduction-en-ce-moment\/"},"modified":"2025-07-25T15:18:34","modified_gmt":"2025-07-25T13:18:34","slug":"ce-pack-de-deux-ecouteurs-de-skullcandy-est-de-74-de-reduction-en-ce-moment","status":"publish","type":"post","link":"https:\/\/vieassociative.be\/actualites\/ce-pack-de-deux-ecouteurs-de-skullcandy-est-de-74-de-reduction-en-ce-moment\/","title":{"rendered":"Ce pack de deux \u00e9couteurs de Skullcandy est de 74% de r\u00e9duction en ce moment"},"content":{"rendered":"<div class=\"mt-4 leading-6 md:mb-8\">\u00c9couteurs de cr\u00e2ne abordables avec longue dur\u00e9e de vie de la batterie et suivi des carreaux.<\/div>\n<p><\/p>\n<p>Si vous (et quelqu&rsquo;un d&rsquo;autre que vous connaissez) \u00eates sur le march\u00e9 pour une nouvelle paire d&rsquo;\u00e9couteurs, ce pack de deux de Skullcandy Indy Evo True Wireless Earbuds<strong> <\/strong>est actuellement en vente pour 74% de r\u00e9duction sur son prix de liste \u00e0 36,99 $. Id\u00e9al pour les s\u00e9ances d&rsquo;entra\u00eenement, l&rsquo;utilisation quotidienne et le son de basse, ces \u00e9couteurs de cr\u00e2ne offrent une gamme solide de fonctionnalit\u00e9s pour le prix. <\/p>\n<div class=\"pogoClear mb-12 mt-10 rounded-md border-2 border-gray-100 py-7 shadow-xl md:py-6\">\n<div class=\"flex flex-wrap justify-between px-7 text-black no-underline md:flex-nowrap md:px-8\">\n<div class=\"order-1 mx-auto flex flex-col justify-center md:order-2 md:ml-4 md:w-full md:grow\">\n<div class=\"block cursor-pointer text-center font-akshar text-2xl font-medium leading-7 text-brand-green duration-200 ease-in-out hover:text-brand-green-700 md:text-left md:text-xl md:leading-6\">  Skullcandy Indy Evo True Wireless Earbuds\n                <\/div>\n<div class=\"mt-4 hidden md:flex md:justify-between\">\n<div class=\"self-end\">\n<div class=\"mb-0 h-11 md:flex md:flex-col md:justify-center\">\n<div class=\" font-sans leading-4 text-black\">\n<div class=\"flex flex-wrap items-center justify-center gap-1 md:justify-start\">\n        <span class=\"font-bold\"><\/p>\n<p>            36,99 $<br \/>\n                            <span class=\"font-medium\">\u00e0 Woot<\/span><br \/>\n                    <\/span>\n            <\/div>\n<div class=\"flex items-center justify-center gap-x-1 font-bold md:justify-start\">\n            <span class=\"text-sm line-through\">139,98 $<\/span><br \/>\n            <span class=\"text-sm text-brand-green\">\u00c9conomisez 102,99 $<\/span>\n        <\/div>\n<\/p><\/div>\n<\/p><\/div>\n<\/p><\/div>\n<div class=\"w-44 self-end\">\n                            <button class=\"flex justify-center items-center w-full bg-brand-green text-white text-base font-sans font-medium rounded-md hover:bg-brand-green-700 hover:cursor-pointer md:text-sm h-11\"><\/p>\n<p>    Conclure un accord<br \/>\n<\/button>\n                        <\/div>\n<\/p><\/div>\n<\/p><\/div>\n<div class=\"order-2 mt-5 h-auto w-full md:order-1 md:mt-0 md:hidden\">\n<div class=\"flex aspect-video items-center justify-center\">\n                                            <img decoding=\"async\" class=\"m-0 max-h-full max-w-full rounded-md\" src=\"https:\/\/vieassociative.be\/actualites\/wp-content\/uploads\/2025\/07\/Ce-pack-de-deux-ecouteurs-de-Skullcandy-est-de-74.jpg\" alt=\"Skullcandy Indy Evo True Wireless Earbuds\" width=\"auto\" height=\"auto\" loading=\"lazy\">\n                                    <\/div>\n<\/p><\/div>\n<div class=\"order-2 ml-2 hidden w-32 shrink-0 items-center md:order-1 md:ml-0 md:flex\">\n<div class=\"flex aspect-video items-center justify-center\">\n                                            <img decoding=\"async\" class=\"m-0 max-h-full max-w-full rounded-md\" src=\"https:\/\/vieassociative.be\/actualites\/wp-content\/uploads\/2025\/07\/Ce-pack-de-deux-ecouteurs-de-Skullcandy-est-de-74.jpg\" alt=\"Skullcandy Indy Evo True Wireless Earbuds\" width=\"auto\" height=\"auto\" loading=\"lazy\">\n                                    <\/div>\n<\/p><\/div>\n<div class=\"order-3 flex grow flex-wrap md:hidden md:grow-0\">\n<div class=\"mt-4 w-full\">\n                        <button class=\"flex justify-center items-center w-full bg-brand-green text-white text-base font-sans font-medium rounded-md hover:bg-brand-green-700 hover:cursor-pointer md:text-sm h-11\"><\/p>\n<p>    Conclure un accord<br \/>\n<\/button>\n                    <\/div>\n<div class=\"mx-2 mt-4 w-full\">\n<div class=\" font-sans leading-4 text-black\">\n<div class=\"flex flex-wrap items-center justify-center gap-1 md:justify-start\">\n        <span class=\"font-bold\"><\/p>\n<p>            36,99 $<br \/>\n                            <span class=\"font-medium\">\u00e0 Woot<\/span><br \/>\n                    <\/span>\n            <\/div>\n<div class=\"flex items-center justify-center gap-x-1 font-bold md:justify-start\">\n            <span class=\"text-sm line-through\">139,98 $<\/span><br \/>\n            <span class=\"text-sm text-brand-green\">\u00c9conomisez 102,99 $<\/span>\n        <\/div>\n<\/p><\/div>\n<\/p><\/div>\n<\/p><\/div>\n<\/p><\/div>\n<\/div>\n<p>Ces \u00e9couteurs ont une note IP55, ce qui les rend transpirer et r\u00e9sistants \u00e0 la poussi\u00e8re, mais ils ne sont pas id\u00e9aux pour les fortes pluies ou la submersion. La dur\u00e9e de vie de la batterie dure environ six heures sur une seule charge (ce qui prend environ une heure), et les utilisateurs obtiennent une augmentation suppl\u00e9mentaire de 24 heures avec le cas de charge pour un total de 30 heures de jeu. Compatible avec iPhone, Android et la plupart des appareils Bluetooth, l&rsquo;Indy Evo comprend \u00e9galement la technologie des carreaux, vous permettant de suivre l&rsquo;un ou l&rsquo;autre des \u00e9couteurs via l&rsquo;application Tile si vous les \u00e9garez. Les commandes tactiles vous permettent d&rsquo;ajuster le volume, la lecture, les appels, les commandes de bruit, l&rsquo;\u00e9quation et l&rsquo;assistant de votre t\u00e9l\u00e9phone.<\/p>\n<p>Malgr\u00e9 le faible co\u00fbt, la qualit\u00e9 sonore est \u00e9tonnamment forte et bien adapt\u00e9e \u00e0 une vari\u00e9t\u00e9 de genres musicaux. Cela dit, alors que certains utilisateurs les trouvent \u00e0 l&rsquo;aise, d&rsquo;autres disent qu&rsquo;ils sont volumineux et ont tendance \u00e0 glisser. De plus, certains utilisateurs mentionnent des performances incoh\u00e9rentes ou des probl\u00e8mes d&rsquo;appariement Bluetooth. La qualit\u00e9 du micro est d\u00e9cente, mais elle n&rsquo;offre pas beaucoup de suppression de bruit dans des environnements bruyants. Et bien qu&rsquo;ils n&rsquo;offrent pas d&rsquo;annulation de bruit (vous voudrez les \u00e9couteurs Indy ANC pour cela), ce pack de deux packs de Skullcandy Indy Evo True Wireless Earbuds a de nombreuses fonctionnalit\u00e9s de niveau d\u00e9butant, un son lourd de basse et une charge rapide. Chaque paire se d\u00e9composant \u00e0 environ 20 $ par paire, ils sont un achat budg\u00e9taire. <\/p>\n","protected":false},"excerpt":{"rendered":"<p>\u00c9couteurs de cr\u00e2ne abordables avec longue dur\u00e9e de vie de la batterie et suivi des carreaux. Si vous (et quelqu&rsquo;un d&rsquo;autre que vous connaissez) \u00eates<\/p>\n","protected":false},"author":1,"featured_media":9000,"comment_status":"","ping_status":"","sticky":false,"template":"","format":"standard","meta":{"footnotes":""},"categories":[13],"tags":[114,1537,76,1429,7248,308,6240],"class_list":["post-8999","post","type-post","status-publish","format-standard","has-post-thumbnail","hentry","category-technologie","tag-deux","tag-ecouteurs","tag-est","tag-moment","tag-pack","tag-reduction","tag-skullcandy","generate-columns","tablet-grid-50","mobile-grid-100","grid-parent","grid-33"],"yoast_head":"<!-- This site is optimized with the Yoast SEO plugin v24.0 - https:\/\/yoast.com\/wordpress\/plugins\/seo\/ -->\n<title>Ce pack de deux \u00e9couteurs de Skullcandy est de 74% de r\u00e9duction en ce moment | Vie Associative<\/title>\n<meta name=\"robots\" content=\"index, follow, max-snippet:-1, max-image-preview:large, max-video-preview:-1\" \/>\n<link rel=\"canonical\" href=\"https:\/\/vieassociative.be\/actualites\/ce-pack-de-deux-ecouteurs-de-skullcandy-est-de-74-de-reduction-en-ce-moment\/\" \/>\n<meta property=\"og:locale\" content=\"fr_FR\" \/>\n<meta property=\"og:type\" content=\"article\" \/>\n<meta property=\"og:title\" content=\"Ce pack de deux \u00e9couteurs de Skullcandy est de 74% de r\u00e9duction en ce moment | Vie Associative\" \/>\n<meta property=\"og:description\" content=\"\u00c9couteurs de cr\u00e2ne abordables avec longue dur\u00e9e de vie de la batterie et suivi des carreaux. Si vous (et quelqu&rsquo;un d&rsquo;autre que vous connaissez) \u00eates\" \/>\n<meta property=\"og:url\" content=\"https:\/\/vieassociative.be\/actualites\/ce-pack-de-deux-ecouteurs-de-skullcandy-est-de-74-de-reduction-en-ce-moment\/\" \/>\n<meta property=\"og:site_name\" content=\"Vie Associative\" \/>\n<meta property=\"article:published_time\" content=\"2025-07-25T13:18:34+00:00\" \/>\n<meta property=\"og:image\" content=\"https:\/\/vieassociative.be\/actualites\/wp-content\/uploads\/2025\/07\/Ce-pack-de-deux-ecouteurs-de-Skullcandy-est-de-74.jpg\" \/>\n<meta name=\"author\" content=\"Julien\" \/>\n<meta name=\"twitter:card\" content=\"summary_large_image\" \/>\n<meta name=\"twitter:label1\" content=\"\u00c9crit par\" \/>\n\t<meta name=\"twitter:data1\" content=\"Julien\" \/>\n\t<meta name=\"twitter:label2\" content=\"Dur\u00e9e de lecture est.\" \/>\n\t<meta name=\"twitter:data2\" content=\"2 minutes\" \/>\n<script type=\"application\/ld+json\" class=\"yoast-schema-graph\">{\"@context\":\"https:\/\/schema.org\",\"@graph\":[{\"@type\":\"Article\",\"@id\":\"https:\/\/vieassociative.be\/actualites\/ce-pack-de-deux-ecouteurs-de-skullcandy-est-de-74-de-reduction-en-ce-moment\/#article\",\"isPartOf\":{\"@id\":\"https:\/\/vieassociative.be\/actualites\/ce-pack-de-deux-ecouteurs-de-skullcandy-est-de-74-de-reduction-en-ce-moment\/\"},\"author\":{\"name\":\"Julien\",\"@id\":\"https:\/\/vieassociative.be\/actualites\/#\/schema\/person\/b87ac4f82f9d4e7b7cec7395b679edc4\"},\"headline\":\"Ce pack de deux \u00e9couteurs de Skullcandy est de 74% de r\u00e9duction en ce moment\",\"datePublished\":\"2025-07-25T13:18:34+00:00\",\"dateModified\":\"2025-07-25T13:18:34+00:00\",\"mainEntityOfPage\":{\"@id\":\"https:\/\/vieassociative.be\/actualites\/ce-pack-de-deux-ecouteurs-de-skullcandy-est-de-74-de-reduction-en-ce-moment\/\"},\"wordCount\":407,\"publisher\":{\"@id\":\"https:\/\/vieassociative.be\/actualites\/#organization\"},\"image\":{\"@id\":\"https:\/\/vieassociative.be\/actualites\/ce-pack-de-deux-ecouteurs-de-skullcandy-est-de-74-de-reduction-en-ce-moment\/#primaryimage\"},\"thumbnailUrl\":\"https:\/\/vieassociative.be\/actualites\/wp-content\/uploads\/2025\/07\/Ce-pack-de-deux-ecouteurs-de-Skullcandy-est-de-74.png\",\"keywords\":[\"deux\",\"\u00e9couteurs\",\"est\",\"moment\",\"pack\",\"r\u00e9duction\",\"Skullcandy\"],\"articleSection\":[\"Technologie\"],\"inLanguage\":\"fr-BE\"},{\"@type\":\"WebPage\",\"@id\":\"https:\/\/vieassociative.be\/actualites\/ce-pack-de-deux-ecouteurs-de-skullcandy-est-de-74-de-reduction-en-ce-moment\/\",\"url\":\"https:\/\/vieassociative.be\/actualites\/ce-pack-de-deux-ecouteurs-de-skullcandy-est-de-74-de-reduction-en-ce-moment\/\",\"name\":\"Ce pack de deux \u00e9couteurs de Skullcandy est de 74% de r\u00e9duction en ce moment | Vie Associative\",\"isPartOf\":{\"@id\":\"https:\/\/vieassociative.be\/actualites\/#website\"},\"primaryImageOfPage\":{\"@id\":\"https:\/\/vieassociative.be\/actualites\/ce-pack-de-deux-ecouteurs-de-skullcandy-est-de-74-de-reduction-en-ce-moment\/#primaryimage\"},\"image\":{\"@id\":\"https:\/\/vieassociative.be\/actualites\/ce-pack-de-deux-ecouteurs-de-skullcandy-est-de-74-de-reduction-en-ce-moment\/#primaryimage\"},\"thumbnailUrl\":\"https:\/\/vieassociative.be\/actualites\/wp-content\/uploads\/2025\/07\/Ce-pack-de-deux-ecouteurs-de-Skullcandy-est-de-74.png\",\"datePublished\":\"2025-07-25T13:18:34+00:00\",\"dateModified\":\"2025-07-25T13:18:34+00:00\",\"breadcrumb\":{\"@id\":\"https:\/\/vieassociative.be\/actualites\/ce-pack-de-deux-ecouteurs-de-skullcandy-est-de-74-de-reduction-en-ce-moment\/#breadcrumb\"},\"inLanguage\":\"fr-BE\",\"potentialAction\":[{\"@type\":\"ReadAction\",\"target\":[\"https:\/\/vieassociative.be\/actualites\/ce-pack-de-deux-ecouteurs-de-skullcandy-est-de-74-de-reduction-en-ce-moment\/\"]}]},{\"@type\":\"ImageObject\",\"inLanguage\":\"fr-BE\",\"@id\":\"https:\/\/vieassociative.be\/actualites\/ce-pack-de-deux-ecouteurs-de-skullcandy-est-de-74-de-reduction-en-ce-moment\/#primaryimage\",\"url\":\"https:\/\/vieassociative.be\/actualites\/wp-content\/uploads\/2025\/07\/Ce-pack-de-deux-ecouteurs-de-Skullcandy-est-de-74.png\",\"contentUrl\":\"https:\/\/vieassociative.be\/actualites\/wp-content\/uploads\/2025\/07\/Ce-pack-de-deux-ecouteurs-de-Skullcandy-est-de-74.png\",\"width\":1200,\"height\":675,\"caption\":\"Ce pack de deux \u00e9couteurs de Skullcandy est de 74% de r\u00e9duction en ce moment\"},{\"@type\":\"BreadcrumbList\",\"@id\":\"https:\/\/vieassociative.be\/actualites\/ce-pack-de-deux-ecouteurs-de-skullcandy-est-de-74-de-reduction-en-ce-moment\/#breadcrumb\",\"itemListElement\":[{\"@type\":\"ListItem\",\"position\":1,\"name\":\"Accueil\",\"item\":\"https:\/\/vieassociative.be\/actualites\/\"},{\"@type\":\"ListItem\",\"position\":2,\"name\":\"Ce pack de deux \u00e9couteurs de Skullcandy est de 74% de r\u00e9duction en ce moment\"}]},{\"@type\":\"WebSite\",\"@id\":\"https:\/\/vieassociative.be\/actualites\/#website\",\"url\":\"https:\/\/vieassociative.be\/actualites\/\",\"name\":\"Vie Associative\",\"description\":\"\",\"publisher\":{\"@id\":\"https:\/\/vieassociative.be\/actualites\/#organization\"},\"potentialAction\":[{\"@type\":\"SearchAction\",\"target\":{\"@type\":\"EntryPoint\",\"urlTemplate\":\"https:\/\/vieassociative.be\/actualites\/?s={search_term_string}\"},\"query-input\":{\"@type\":\"PropertyValueSpecification\",\"valueRequired\":true,\"valueName\":\"search_term_string\"}}],\"inLanguage\":\"fr-BE\"},{\"@type\":\"Organization\",\"@id\":\"https:\/\/vieassociative.be\/actualites\/#organization\",\"name\":\"Vie Associative\",\"url\":\"https:\/\/vieassociative.be\/actualites\/\",\"logo\":{\"@type\":\"ImageObject\",\"inLanguage\":\"fr-BE\",\"@id\":\"https:\/\/vieassociative.be\/actualites\/#\/schema\/logo\/image\/\",\"url\":\"https:\/\/vieassociative.be\/actualites\/wp-content\/uploads\/2024\/09\/cropped-vieassociative_favicon.ico.png\",\"contentUrl\":\"https:\/\/vieassociative.be\/actualites\/wp-content\/uploads\/2024\/09\/cropped-vieassociative_favicon.ico.png\",\"width\":512,\"height\":512,\"caption\":\"Vie Associative\"},\"image\":{\"@id\":\"https:\/\/vieassociative.be\/actualites\/#\/schema\/logo\/image\/\"}},{\"@type\":\"Person\",\"@id\":\"https:\/\/vieassociative.be\/actualites\/#\/schema\/person\/b87ac4f82f9d4e7b7cec7395b679edc4\",\"name\":\"Julien\",\"image\":{\"@type\":\"ImageObject\",\"inLanguage\":\"fr-BE\",\"@id\":\"https:\/\/vieassociative.be\/actualites\/#\/schema\/person\/image\/\",\"url\":\"https:\/\/vieassociative.be\/actualites\/wp-content\/uploads\/2024\/09\/vie-associative-1-150x150.jpg\",\"contentUrl\":\"https:\/\/vieassociative.be\/actualites\/wp-content\/uploads\/2024\/09\/vie-associative-1-150x150.jpg\",\"caption\":\"Julien\"},\"description\":\"Je suis Julien, r\u00e9dacteur pour Vie Associative. Passionn\u00e9 par le monde associatif depuis plus de 10 ans, j'ai \u00e0 c\u0153ur de partager des histoires inspirantes et de mettre en lumi\u00e8re les initiatives locales. Mon objectif est de sensibiliser et d'encourager l'engagement communautaire \u00e0 travers mes articles.\",\"sameAs\":[\"https:\/\/vieassociative.be\/\"]}]}<\/script>\n<!-- \/ Yoast SEO plugin. -->","yoast_head_json":{"title":"Ce pack de deux \u00e9couteurs de Skullcandy est de 74% de r\u00e9duction en ce moment | Vie Associative","robots":{"index":"index","follow":"follow","max-snippet":"max-snippet:-1","max-image-preview":"max-image-preview:large","max-video-preview":"max-video-preview:-1"},"canonical":"https:\/\/vieassociative.be\/actualites\/ce-pack-de-deux-ecouteurs-de-skullcandy-est-de-74-de-reduction-en-ce-moment\/","og_locale":"fr_FR","og_type":"article","og_title":"Ce pack de deux \u00e9couteurs de Skullcandy est de 74% de r\u00e9duction en ce moment | Vie Associative","og_description":"\u00c9couteurs de cr\u00e2ne abordables avec longue dur\u00e9e de vie de la batterie et suivi des carreaux. Si vous (et quelqu&rsquo;un d&rsquo;autre que vous connaissez) \u00eates","og_url":"https:\/\/vieassociative.be\/actualites\/ce-pack-de-deux-ecouteurs-de-skullcandy-est-de-74-de-reduction-en-ce-moment\/","og_site_name":"Vie Associative","article_published_time":"2025-07-25T13:18:34+00:00","og_image":[{"url":"https:\/\/vieassociative.be\/actualites\/wp-content\/uploads\/2025\/07\/Ce-pack-de-deux-ecouteurs-de-Skullcandy-est-de-74.jpg","type":"","width":"","height":""}],"author":"Julien","twitter_card":"summary_large_image","twitter_misc":{"\u00c9crit par":"Julien","Dur\u00e9e de lecture est.":"2 minutes"},"schema":{"@context":"https:\/\/schema.org","@graph":[{"@type":"Article","@id":"https:\/\/vieassociative.be\/actualites\/ce-pack-de-deux-ecouteurs-de-skullcandy-est-de-74-de-reduction-en-ce-moment\/#article","isPartOf":{"@id":"https:\/\/vieassociative.be\/actualites\/ce-pack-de-deux-ecouteurs-de-skullcandy-est-de-74-de-reduction-en-ce-moment\/"},"author":{"name":"Julien","@id":"https:\/\/vieassociative.be\/actualites\/#\/schema\/person\/b87ac4f82f9d4e7b7cec7395b679edc4"},"headline":"Ce pack de deux \u00e9couteurs de Skullcandy est de 74% de r\u00e9duction en ce moment","datePublished":"2025-07-25T13:18:34+00:00","dateModified":"2025-07-25T13:18:34+00:00","mainEntityOfPage":{"@id":"https:\/\/vieassociative.be\/actualites\/ce-pack-de-deux-ecouteurs-de-skullcandy-est-de-74-de-reduction-en-ce-moment\/"},"wordCount":407,"publisher":{"@id":"https:\/\/vieassociative.be\/actualites\/#organization"},"image":{"@id":"https:\/\/vieassociative.be\/actualites\/ce-pack-de-deux-ecouteurs-de-skullcandy-est-de-74-de-reduction-en-ce-moment\/#primaryimage"},"thumbnailUrl":"https:\/\/vieassociative.be\/actualites\/wp-content\/uploads\/2025\/07\/Ce-pack-de-deux-ecouteurs-de-Skullcandy-est-de-74.png","keywords":["deux","\u00e9couteurs","est","moment","pack","r\u00e9duction","Skullcandy"],"articleSection":["Technologie"],"inLanguage":"fr-BE"},{"@type":"WebPage","@id":"https:\/\/vieassociative.be\/actualites\/ce-pack-de-deux-ecouteurs-de-skullcandy-est-de-74-de-reduction-en-ce-moment\/","url":"https:\/\/vieassociative.be\/actualites\/ce-pack-de-deux-ecouteurs-de-skullcandy-est-de-74-de-reduction-en-ce-moment\/","name":"Ce pack de deux \u00e9couteurs de Skullcandy est de 74% de r\u00e9duction en ce moment | Vie Associative","isPartOf":{"@id":"https:\/\/vieassociative.be\/actualites\/#website"},"primaryImageOfPage":{"@id":"https:\/\/vieassociative.be\/actualites\/ce-pack-de-deux-ecouteurs-de-skullcandy-est-de-74-de-reduction-en-ce-moment\/#primaryimage"},"image":{"@id":"https:\/\/vieassociative.be\/actualites\/ce-pack-de-deux-ecouteurs-de-skullcandy-est-de-74-de-reduction-en-ce-moment\/#primaryimage"},"thumbnailUrl":"https:\/\/vieassociative.be\/actualites\/wp-content\/uploads\/2025\/07\/Ce-pack-de-deux-ecouteurs-de-Skullcandy-est-de-74.png","datePublished":"2025-07-25T13:18:34+00:00","dateModified":"2025-07-25T13:18:34+00:00","breadcrumb":{"@id":"https:\/\/vieassociative.be\/actualites\/ce-pack-de-deux-ecouteurs-de-skullcandy-est-de-74-de-reduction-en-ce-moment\/#breadcrumb"},"inLanguage":"fr-BE","potentialAction":[{"@type":"ReadAction","target":["https:\/\/vieassociative.be\/actualites\/ce-pack-de-deux-ecouteurs-de-skullcandy-est-de-74-de-reduction-en-ce-moment\/"]}]},{"@type":"ImageObject","inLanguage":"fr-BE","@id":"https:\/\/vieassociative.be\/actualites\/ce-pack-de-deux-ecouteurs-de-skullcandy-est-de-74-de-reduction-en-ce-moment\/#primaryimage","url":"https:\/\/vieassociative.be\/actualites\/wp-content\/uploads\/2025\/07\/Ce-pack-de-deux-ecouteurs-de-Skullcandy-est-de-74.png","contentUrl":"https:\/\/vieassociative.be\/actualites\/wp-content\/uploads\/2025\/07\/Ce-pack-de-deux-ecouteurs-de-Skullcandy-est-de-74.png","width":1200,"height":675,"caption":"Ce pack de deux \u00e9couteurs de Skullcandy est de 74% de r\u00e9duction en ce moment"},{"@type":"BreadcrumbList","@id":"https:\/\/vieassociative.be\/actualites\/ce-pack-de-deux-ecouteurs-de-skullcandy-est-de-74-de-reduction-en-ce-moment\/#breadcrumb","itemListElement":[{"@type":"ListItem","position":1,"name":"Accueil","item":"https:\/\/vieassociative.be\/actualites\/"},{"@type":"ListItem","position":2,"name":"Ce pack de deux \u00e9couteurs de Skullcandy est de 74% de r\u00e9duction en ce moment"}]},{"@type":"WebSite","@id":"https:\/\/vieassociative.be\/actualites\/#website","url":"https:\/\/vieassociative.be\/actualites\/","name":"Vie Associative","description":"","publisher":{"@id":"https:\/\/vieassociative.be\/actualites\/#organization"},"potentialAction":[{"@type":"SearchAction","target":{"@type":"EntryPoint","urlTemplate":"https:\/\/vieassociative.be\/actualites\/?s={search_term_string}"},"query-input":{"@type":"PropertyValueSpecification","valueRequired":true,"valueName":"search_term_string"}}],"inLanguage":"fr-BE"},{"@type":"Organization","@id":"https:\/\/vieassociative.be\/actualites\/#organization","name":"Vie Associative","url":"https:\/\/vieassociative.be\/actualites\/","logo":{"@type":"ImageObject","inLanguage":"fr-BE","@id":"https:\/\/vieassociative.be\/actualites\/#\/schema\/logo\/image\/","url":"https:\/\/vieassociative.be\/actualites\/wp-content\/uploads\/2024\/09\/cropped-vieassociative_favicon.ico.png","contentUrl":"https:\/\/vieassociative.be\/actualites\/wp-content\/uploads\/2024\/09\/cropped-vieassociative_favicon.ico.png","width":512,"height":512,"caption":"Vie Associative"},"image":{"@id":"https:\/\/vieassociative.be\/actualites\/#\/schema\/logo\/image\/"}},{"@type":"Person","@id":"https:\/\/vieassociative.be\/actualites\/#\/schema\/person\/b87ac4f82f9d4e7b7cec7395b679edc4","name":"Julien","image":{"@type":"ImageObject","inLanguage":"fr-BE","@id":"https:\/\/vieassociative.be\/actualites\/#\/schema\/person\/image\/","url":"https:\/\/vieassociative.be\/actualites\/wp-content\/uploads\/2024\/09\/vie-associative-1-150x150.jpg","contentUrl":"https:\/\/vieassociative.be\/actualites\/wp-content\/uploads\/2024\/09\/vie-associative-1-150x150.jpg","caption":"Julien"},"description":"Je suis Julien, r\u00e9dacteur pour Vie Associative. Passionn\u00e9 par le monde associatif depuis plus de 10 ans, j'ai \u00e0 c\u0153ur de partager des histoires inspirantes et de mettre en lumi\u00e8re les initiatives locales. Mon objectif est de sensibiliser et d'encourager l'engagement communautaire \u00e0 travers mes articles.","sameAs":["https:\/\/vieassociative.be\/"]}]}},"_links":{"self":[{"href":"https:\/\/vieassociative.be\/actualites\/wp-json\/wp\/v2\/posts\/8999"}],"collection":[{"href":"https:\/\/vieassociative.be\/actualites\/wp-json\/wp\/v2\/posts"}],"about":[{"href":"https:\/\/vieassociative.be\/actualites\/wp-json\/wp\/v2\/types\/post"}],"author":[{"embeddable":true,"href":"https:\/\/vieassociative.be\/actualites\/wp-json\/wp\/v2\/users\/1"}],"replies":[{"embeddable":true,"href":"https:\/\/vieassociative.be\/actualites\/wp-json\/wp\/v2\/comments?post=8999"}],"version-history":[{"count":0,"href":"https:\/\/vieassociative.be\/actualites\/wp-json\/wp\/v2\/posts\/8999\/revisions"}],"wp:featuredmedia":[{"embeddable":true,"href":"https:\/\/vieassociative.be\/actualites\/wp-json\/wp\/v2\/media\/9000"}],"wp:attachment":[{"href":"https:\/\/vieassociative.be\/actualites\/wp-json\/wp\/v2\/media?parent=8999"}],"wp:term":[{"taxonomy":"category","embeddable":true,"href":"https:\/\/vieassociative.be\/actualites\/wp-json\/wp\/v2\/categories?post=8999"},{"taxonomy":"post_tag","embeddable":true,"href":"https:\/\/vieassociative.be\/actualites\/wp-json\/wp\/v2\/tags?post=8999"}],"curies":[{"name":"wp","href":"https:\/\/api.w.org\/{rel}","templated":true}]}}