{"id":8997,"date":"2025-07-25T10:17:18","date_gmt":"2025-07-25T08:17:18","guid":{"rendered":"https:\/\/vieassociative.be\/actualites\/macron-la-palestine-reconnaitra-comme-un-etat-ps-boss-magnette-veut-que-la-belgique-le-fasse-aussi\/"},"modified":"2025-07-25T10:17:18","modified_gmt":"2025-07-25T08:17:18","slug":"macron-la-palestine-reconnaitra-comme-un-etat-ps-boss-magnette-veut-que-la-belgique-le-fasse-aussi","status":"publish","type":"post","link":"https:\/\/vieassociative.be\/actualites\/macron-la-palestine-reconnaitra-comme-un-etat-ps-boss-magnette-veut-que-la-belgique-le-fasse-aussi\/","title":{"rendered":"Macron: \u00ab\u00a0La Palestine reconna\u00eetra comme un \u00c9tat\u00a0\u00bb -PS Boss Magnette veut que la Belgique le fasse aussi"},"content":{"rendered":"<p><strong>Selon son pr\u00e9sident Emmanuel Macron Palestine, la France reconna\u00eetra la Palestine comme un \u00c9tat. De l&rsquo;avis de Paul Magnette, pr\u00e9sident des socialistes francophones, la Belgique devrait \u00e9galement le faire.<\/strong><\/p>\n<p><span id=\"more-420916\"><\/span>\u00ab\u00a0Je vais annoncer celle-ci en septembre de cette ann\u00e9e avant l&rsquo;Assembl\u00e9e g\u00e9n\u00e9rale des Nations Unies\u00a0\u00bb, a d\u00e9clar\u00e9 Macron sur la plate-forme X. \u00ab\u00a0La paix est possible\u00a0\u00bb, a-t-il poursuivi. C&rsquo;est aux Fran\u00e7ais de le montrer avec les Isra\u00e9liens, les Palestiniens, les partenaires europ\u00e9ens et internationaux.<\/p>\n<p>Dans son poste, Macron a soulign\u00e9 qu&rsquo;il \u00e9tait urgent de mettre fin \u00e0 la guerre dans la bande de Gaza et d&rsquo;aider la population civile. De plus, la d\u00e9militarisation du Hamas doit \u00eatre s\u00e9curis\u00e9e. Macron a \u00e9crit que la responsabilit\u00e9 d&rsquo;un \u00c9tat de Palestine devait \u00eatre s\u00e9curis\u00e9e. \u00ab\u00a0Il n&rsquo;y a pas d&rsquo;alternative\u00a0\u00bb, il est fatalement mis en \u00e9vidence dans la contribution.<\/p>\n<div id=\"attachment_384556\" class=\"wp-caption alignleft\" style=\"max-width: 300px\"><img fetchpriority=\"high\" decoding=\"async\" class=\"wp-image-384556 size-medium\" src=\"https:\/\/vieassociative.be\/actualites\/wp-content\/uploads\/2025\/07\/Macron-La-Palestine-reconnaitra-comme-un-Etat-PS-Boss-Magnette.jpg\" alt=\"\" width=\"300\" height=\"200\"><\/div>\n<p>Macron publie une lettre \u00e0 Abbas: le pr\u00e9sident fran\u00e7ais a partag\u00e9 une lettre au pr\u00e9sident palestinien Mahmud Abbas dans son poste. Compte tenu des promesses qu&rsquo;Abbas lui avait faite, il l&rsquo;a inform\u00e9 de sa d\u00e9termination pour une action suppl\u00e9mentaire, a \u00e9crit Macron.<\/p>\n<p>La lettre indique qu&rsquo;Abbas a confirm\u00e9 Macron que la Palestinien Autonomy Authority voulait \u00e9galement effectuer des t\u00e2ches souveraines dans la bande de Gaza contr\u00f4l\u00e9e par le Hamas et faire de profondes r\u00e9formes. De plus, le pr\u00e9sident palestinien avait parl\u00e9 en faveur de la tenue d&rsquo;\u00e9lections au cours de l&rsquo;ann\u00e9e \u00e0 venir. Le futur \u00c9tat palestinien ne devrait donc pas \u00eatre militaris\u00e9, selon la lettre.<\/p>\n<p>En outre, Abbas aurait parl\u00e9 pour un d\u00e9sarmement du Hamas, condamn\u00e9 l&rsquo;attaque terroriste du 7 octobre 2023 et a demand\u00e9 la lib\u00e9ration imm\u00e9diate des otages enregistr\u00e9s par le Hamas. L&rsquo;attaque, dans laquelle plus de 250 personnes ont \u00e9t\u00e9 expuls\u00e9es \u00e0 Gaza et plus de 1 200 personnes ont \u00e9t\u00e9 tu\u00e9es, a \u00e9t\u00e9 d\u00e9clench\u00e9e par la guerre.<\/p>\n<p>Le Premier ministre isra\u00e9lien Benjamin Netanyahu, quant \u00e0 lui, a fortement condamn\u00e9 l&rsquo;annonce de Macron. \u00ab\u00a0Une telle \u00e9tape est une terreur r\u00e9compens\u00e9e\u00a0\u00bb, a d\u00e9clar\u00e9 un communiqu\u00e9 du bureau de Netanyahu. De plus, cela risque la cr\u00e9ation d&rsquo;un \u00c9tat adjoint iranien comme la bande de Gaza sous le Hamas. \u00ab\u00a0Un \u00c9tat palestinien dans ces conditions serait une rampe de d\u00e9part pour an\u00e9antir Isra\u00ebl.\u00a0\u00bb<\/p>\n<div id=\"attachment_367090\" class=\"wp-caption alignleft\" style=\"max-width: 300px\"><img decoding=\"async\" class=\"wp-image-367090 size-medium\" src=\"https:\/\/vieassociative.be\/actualites\/wp-content\/uploads\/2025\/07\/1753431438_841_Macron-La-Palestine-reconnaitra-comme-un-Etat-PS-Boss-Magnette.jpg\" alt=\"\" width=\"300\" height=\"240\"><\/div>\n<p>Les \u00c9tats-Unis ont \u00e9galement une forte critique des plans de Macron. Le secr\u00e9taire d&rsquo;\u00c9tat am\u00e9ricain Marco Rubio a \u00e9crit sur la plate-forme X: \u00ab\u00a0Cette d\u00e9cision impitoyable ne sert que la propagande du Hamas et renvoie la paix.\u00a0\u00bb L&rsquo;annonce de Macron est une gifle face aux victimes du massacre du Hamas islamiste et d&rsquo;autres groupes terroristes le 7 octobre 2023 en Isra\u00ebl, a \u00e9crit Rubio.<\/p>\n<p>En Belgique, le pr\u00e9sident du PS, Paul Magnette, a expliqu\u00e9 \u00e0 X que \u00ab\u00a0si (Emmanuel) Macron peut le faire, il n&rsquo;y a aucune raison pour que la Belgique ne le fasse pas\u00a0\u00bb. Compte tenu du \u00ab\u00a0g\u00e9nocide constant\u00a0\u00bb, la d\u00e9cision de \u00ab\u00a0reconna\u00eetre la Palestine est le seul moyen de mettre le gouvernement de Netanyahu sous pression et de progresser vers la paix\u00a0\u00bb, a soulign\u00e9 le chef du francophone socialiste.<\/p>\n<p>L&rsquo;islamiste du Hamas a salu\u00e9 l&rsquo;annonce par le pr\u00e9sident fran\u00e7ais Emmanuel Macron, Palestine pour reconna\u00eetre comme un \u00c9tat. Il s&rsquo;agit d&rsquo;une \u00e9tape positive dans la bonne direction afin d&rsquo;atteindre la justice et l&rsquo;autod\u00e9termination pour les Palestiniens, a-t-il d\u00e9clar\u00e9 dans un message.<\/p>\n<p>Le Hamas appelle tous les pays du monde, en particulier les \u00c9tats europ\u00e9ens et ceux qui ne reconnaissent pas encore la Palestine, pour suivre la position de la France. Le Hamas a confirm\u00e9 son objectif d&rsquo;un \u00c9tat palestinien avec J\u00e9rusalem comme capitale. (DPA \/ CRE)<\/p>\n<p><em><strong>Sur le sujet, voir \u00e9galement l&rsquo;article suivant sur OD:<\/strong><\/em><\/p>\n<div class=\"responsive-embed widescreen\">\n<blockquote class=\"wp-embedded-content\" data-secret=\"zcka1Zpce5\">\n<p>Plus de deux douzaines d&rsquo;\u00c9tats &#8211; y compris la Belgique &#8211; appelez imm\u00e9diatement la fin de la guerre dans la bande de Gaza<\/p>\n<\/blockquote>\n<p><iframe loading=\"lazy\" class=\"wp-embedded-content\" sandbox=\"allow-scripts\" security=\"restricted\" style=\"position: absolute; visibility: hidden;\" title=\"\u201eMehr als zwei Dutzend Staaten \u2013 darunter Belgien \u2013 fordern sofortiges Ende des Krieges im Gazastreifen\u201c \u2014 Ostbelgien Direkt\" src=\"https:\/\/ostbelgiendirekt.be\/about:blank\" data-secret=\"zcka1Zpce5\" width=\"500\" height=\"282\" frameborder=\"0\" marginwidth=\"0\" marginheight=\"0\" scrolling=\"no\" data-rocket-lazyload=\"fitvidscompatible\" data-lazy-src=\"https:\/\/ostbelgiendirekt.be\/philippe-zum-nationalfeiertag-2025-420513\/embed#?secret=9kHaDJbO0e#?secret=zcka1Zpce5\"><\/iframe><noscript><iframe class=\"wp-embedded-content\" sandbox=\"allow-scripts\" security=\"restricted\" style=\"position: absolute; visibility: hidden;\" title=\"\u201eMehr als zwei Dutzend Staaten \u2013 darunter Belgien \u2013 fordern sofortiges Ende des Krieges im Gazastreifen\u201c \u2014 Ostbelgien Direkt\" src=\"https:\/\/ostbelgiendirekt.be\/philippe-zum-nationalfeiertag-2025-420513\/embed#?secret=9kHaDJbO0e#?secret=zcka1Zpce5\" data-secret=\"zcka1Zpce5\" width=\"500\" height=\"282\" frameborder=\"0\" marginwidth=\"0\" marginheight=\"0\" scrolling=\"no\"><\/iframe><\/noscript><\/p>\n<\/div>\n","protected":false},"excerpt":{"rendered":"<p>Selon son pr\u00e9sident Emmanuel Macron Palestine, la France reconna\u00eetra la Palestine comme un \u00c9tat. De l&rsquo;avis de Paul Magnette, pr\u00e9sident des socialistes francophones, la Belgique<\/p>\n","protected":false},"author":1,"featured_media":8998,"comment_status":"","ping_status":"","sticky":false,"template":"","format":"standard","meta":{"footnotes":""},"categories":[298],"tags":[1350,383,7909,1254,1142,7911,3988,7910,7907,7908,2635],"class_list":["post-8997","post","type-post","status-publish","format-standard","has-post-thumbnail","hentry","category-belgique","tag-aussi","tag-belgique","tag-boss","tag-comme","tag-etat","tag-fasse","tag-macron","tag-magnette","tag-palestine","tag-reconnaitra","tag-veut","generate-columns","tablet-grid-50","mobile-grid-100","grid-parent","grid-33"],"yoast_head":"<!-- This site is optimized with the Yoast SEO plugin v24.0 - https:\/\/yoast.com\/wordpress\/plugins\/seo\/ -->\n<title>Macron: &quot;La Palestine reconna\u00eetra comme un \u00c9tat&quot; -PS Boss Magnette veut que la Belgique le fasse aussi | Vie Associative<\/title>\n<meta name=\"robots\" content=\"index, follow, max-snippet:-1, max-image-preview:large, max-video-preview:-1\" \/>\n<link rel=\"canonical\" href=\"https:\/\/vieassociative.be\/actualites\/macron-la-palestine-reconnaitra-comme-un-etat-ps-boss-magnette-veut-que-la-belgique-le-fasse-aussi\/\" \/>\n<meta property=\"og:locale\" content=\"fr_FR\" \/>\n<meta property=\"og:type\" content=\"article\" \/>\n<meta property=\"og:title\" content=\"Macron: &quot;La Palestine reconna\u00eetra comme un \u00c9tat&quot; -PS Boss Magnette veut que la Belgique le fasse aussi | Vie Associative\" \/>\n<meta property=\"og:description\" content=\"Selon son pr\u00e9sident Emmanuel Macron Palestine, la France reconna\u00eetra la Palestine comme un \u00c9tat. De l&rsquo;avis de Paul Magnette, pr\u00e9sident des socialistes francophones, la Belgique\" \/>\n<meta property=\"og:url\" content=\"https:\/\/vieassociative.be\/actualites\/macron-la-palestine-reconnaitra-comme-un-etat-ps-boss-magnette-veut-que-la-belgique-le-fasse-aussi\/\" \/>\n<meta property=\"og:site_name\" content=\"Vie Associative\" \/>\n<meta property=\"article:published_time\" content=\"2025-07-25T08:17:18+00:00\" \/>\n<meta property=\"og:image\" content=\"https:\/\/vieassociative.be\/actualites\/wp-content\/uploads\/2024\/09\/header_backgroundk-01-e1726694325946.png\" \/>\n\t<meta property=\"og:image:width\" content=\"279\" \/>\n\t<meta property=\"og:image:height\" content=\"92\" \/>\n\t<meta property=\"og:image:type\" content=\"image\/png\" \/>\n<meta name=\"author\" content=\"Julien\" \/>\n<meta name=\"twitter:card\" content=\"summary_large_image\" \/>\n<meta name=\"twitter:label1\" content=\"\u00c9crit par\" \/>\n\t<meta name=\"twitter:data1\" content=\"Julien\" \/>\n\t<meta name=\"twitter:label2\" content=\"Dur\u00e9e de lecture est.\" \/>\n\t<meta name=\"twitter:data2\" content=\"3 minutes\" \/>\n<script type=\"application\/ld+json\" class=\"yoast-schema-graph\">{\"@context\":\"https:\/\/schema.org\",\"@graph\":[{\"@type\":\"Article\",\"@id\":\"https:\/\/vieassociative.be\/actualites\/macron-la-palestine-reconnaitra-comme-un-etat-ps-boss-magnette-veut-que-la-belgique-le-fasse-aussi\/#article\",\"isPartOf\":{\"@id\":\"https:\/\/vieassociative.be\/actualites\/macron-la-palestine-reconnaitra-comme-un-etat-ps-boss-magnette-veut-que-la-belgique-le-fasse-aussi\/\"},\"author\":{\"name\":\"Julien\",\"@id\":\"https:\/\/vieassociative.be\/actualites\/#\/schema\/person\/b87ac4f82f9d4e7b7cec7395b679edc4\"},\"headline\":\"Macron: \u00ab\u00a0La Palestine reconna\u00eetra comme un \u00c9tat\u00a0\u00bb -PS Boss Magnette veut que la Belgique le fasse aussi\",\"datePublished\":\"2025-07-25T08:17:18+00:00\",\"dateModified\":\"2025-07-25T08:17:18+00:00\",\"mainEntityOfPage\":{\"@id\":\"https:\/\/vieassociative.be\/actualites\/macron-la-palestine-reconnaitra-comme-un-etat-ps-boss-magnette-veut-que-la-belgique-le-fasse-aussi\/\"},\"wordCount\":701,\"publisher\":{\"@id\":\"https:\/\/vieassociative.be\/actualites\/#organization\"},\"image\":{\"@id\":\"https:\/\/vieassociative.be\/actualites\/macron-la-palestine-reconnaitra-comme-un-etat-ps-boss-magnette-veut-que-la-belgique-le-fasse-aussi\/#primaryimage\"},\"thumbnailUrl\":\"https:\/\/vieassociative.be\/actualites\/wp-content\/uploads\/2025\/07\/1753431438_Macron-La-Palestine-reconnaitra-comme-un-Etat-PS-Boss-Magnette.jpg\",\"keywords\":[\"aussi\",\"Belgique\",\"Boss\",\"comme\",\"\u00e9tat\",\"fasse\",\"Macron\",\"Magnette\",\"Palestine\",\"reconna\u00eetra\",\"veut\"],\"articleSection\":[\"Belgique\"],\"inLanguage\":\"fr-BE\"},{\"@type\":\"WebPage\",\"@id\":\"https:\/\/vieassociative.be\/actualites\/macron-la-palestine-reconnaitra-comme-un-etat-ps-boss-magnette-veut-que-la-belgique-le-fasse-aussi\/\",\"url\":\"https:\/\/vieassociative.be\/actualites\/macron-la-palestine-reconnaitra-comme-un-etat-ps-boss-magnette-veut-que-la-belgique-le-fasse-aussi\/\",\"name\":\"Macron: \\\"La Palestine reconna\u00eetra comme un \u00c9tat\\\" -PS Boss Magnette veut que la Belgique le fasse aussi | Vie Associative\",\"isPartOf\":{\"@id\":\"https:\/\/vieassociative.be\/actualites\/#website\"},\"primaryImageOfPage\":{\"@id\":\"https:\/\/vieassociative.be\/actualites\/macron-la-palestine-reconnaitra-comme-un-etat-ps-boss-magnette-veut-que-la-belgique-le-fasse-aussi\/#primaryimage\"},\"image\":{\"@id\":\"https:\/\/vieassociative.be\/actualites\/macron-la-palestine-reconnaitra-comme-un-etat-ps-boss-magnette-veut-que-la-belgique-le-fasse-aussi\/#primaryimage\"},\"thumbnailUrl\":\"https:\/\/vieassociative.be\/actualites\/wp-content\/uploads\/2025\/07\/1753431438_Macron-La-Palestine-reconnaitra-comme-un-Etat-PS-Boss-Magnette.jpg\",\"datePublished\":\"2025-07-25T08:17:18+00:00\",\"dateModified\":\"2025-07-25T08:17:18+00:00\",\"breadcrumb\":{\"@id\":\"https:\/\/vieassociative.be\/actualites\/macron-la-palestine-reconnaitra-comme-un-etat-ps-boss-magnette-veut-que-la-belgique-le-fasse-aussi\/#breadcrumb\"},\"inLanguage\":\"fr-BE\",\"potentialAction\":[{\"@type\":\"ReadAction\",\"target\":[\"https:\/\/vieassociative.be\/actualites\/macron-la-palestine-reconnaitra-comme-un-etat-ps-boss-magnette-veut-que-la-belgique-le-fasse-aussi\/\"]}]},{\"@type\":\"ImageObject\",\"inLanguage\":\"fr-BE\",\"@id\":\"https:\/\/vieassociative.be\/actualites\/macron-la-palestine-reconnaitra-comme-un-etat-ps-boss-magnette-veut-que-la-belgique-le-fasse-aussi\/#primaryimage\",\"url\":\"https:\/\/vieassociative.be\/actualites\/wp-content\/uploads\/2025\/07\/1753431438_Macron-La-Palestine-reconnaitra-comme-un-Etat-PS-Boss-Magnette.jpg\",\"contentUrl\":\"https:\/\/vieassociative.be\/actualites\/wp-content\/uploads\/2025\/07\/1753431438_Macron-La-Palestine-reconnaitra-comme-un-Etat-PS-Boss-Magnette.jpg\",\"width\":1200,\"height\":800,\"caption\":\"Macron: \\\"La Palestine reconna\u00eetra comme un \u00c9tat\\\" -PS Boss Magnette veut que la Belgique le fasse aussi\"},{\"@type\":\"BreadcrumbList\",\"@id\":\"https:\/\/vieassociative.be\/actualites\/macron-la-palestine-reconnaitra-comme-un-etat-ps-boss-magnette-veut-que-la-belgique-le-fasse-aussi\/#breadcrumb\",\"itemListElement\":[{\"@type\":\"ListItem\",\"position\":1,\"name\":\"Accueil\",\"item\":\"https:\/\/vieassociative.be\/actualites\/\"},{\"@type\":\"ListItem\",\"position\":2,\"name\":\"Macron: \u00ab\u00a0La Palestine reconna\u00eetra comme un \u00c9tat\u00a0\u00bb -PS Boss Magnette veut que la Belgique le fasse aussi\"}]},{\"@type\":\"WebSite\",\"@id\":\"https:\/\/vieassociative.be\/actualites\/#website\",\"url\":\"https:\/\/vieassociative.be\/actualites\/\",\"name\":\"Vie Associative\",\"description\":\"\",\"publisher\":{\"@id\":\"https:\/\/vieassociative.be\/actualites\/#organization\"},\"potentialAction\":[{\"@type\":\"SearchAction\",\"target\":{\"@type\":\"EntryPoint\",\"urlTemplate\":\"https:\/\/vieassociative.be\/actualites\/?s={search_term_string}\"},\"query-input\":{\"@type\":\"PropertyValueSpecification\",\"valueRequired\":true,\"valueName\":\"search_term_string\"}}],\"inLanguage\":\"fr-BE\"},{\"@type\":\"Organization\",\"@id\":\"https:\/\/vieassociative.be\/actualites\/#organization\",\"name\":\"Vie Associative\",\"url\":\"https:\/\/vieassociative.be\/actualites\/\",\"logo\":{\"@type\":\"ImageObject\",\"inLanguage\":\"fr-BE\",\"@id\":\"https:\/\/vieassociative.be\/actualites\/#\/schema\/logo\/image\/\",\"url\":\"https:\/\/vieassociative.be\/actualites\/wp-content\/uploads\/2024\/09\/cropped-vieassociative_favicon.ico.png\",\"contentUrl\":\"https:\/\/vieassociative.be\/actualites\/wp-content\/uploads\/2024\/09\/cropped-vieassociative_favicon.ico.png\",\"width\":512,\"height\":512,\"caption\":\"Vie Associative\"},\"image\":{\"@id\":\"https:\/\/vieassociative.be\/actualites\/#\/schema\/logo\/image\/\"}},{\"@type\":\"Person\",\"@id\":\"https:\/\/vieassociative.be\/actualites\/#\/schema\/person\/b87ac4f82f9d4e7b7cec7395b679edc4\",\"name\":\"Julien\",\"image\":{\"@type\":\"ImageObject\",\"inLanguage\":\"fr-BE\",\"@id\":\"https:\/\/vieassociative.be\/actualites\/#\/schema\/person\/image\/\",\"url\":\"https:\/\/vieassociative.be\/actualites\/wp-content\/uploads\/2024\/09\/vie-associative-1-150x150.jpg\",\"contentUrl\":\"https:\/\/vieassociative.be\/actualites\/wp-content\/uploads\/2024\/09\/vie-associative-1-150x150.jpg\",\"caption\":\"Julien\"},\"description\":\"Je suis Julien, r\u00e9dacteur pour Vie Associative. Passionn\u00e9 par le monde associatif depuis plus de 10 ans, j'ai \u00e0 c\u0153ur de partager des histoires inspirantes et de mettre en lumi\u00e8re les initiatives locales. Mon objectif est de sensibiliser et d'encourager l'engagement communautaire \u00e0 travers mes articles.\",\"sameAs\":[\"https:\/\/vieassociative.be\/\"]}]}<\/script>\n<!-- \/ Yoast SEO plugin. -->","yoast_head_json":{"title":"Macron: \"La Palestine reconna\u00eetra comme un \u00c9tat\" -PS Boss Magnette veut que la Belgique le fasse aussi | Vie Associative","robots":{"index":"index","follow":"follow","max-snippet":"max-snippet:-1","max-image-preview":"max-image-preview:large","max-video-preview":"max-video-preview:-1"},"canonical":"https:\/\/vieassociative.be\/actualites\/macron-la-palestine-reconnaitra-comme-un-etat-ps-boss-magnette-veut-que-la-belgique-le-fasse-aussi\/","og_locale":"fr_FR","og_type":"article","og_title":"Macron: \"La Palestine reconna\u00eetra comme un \u00c9tat\" -PS Boss Magnette veut que la Belgique le fasse aussi | Vie Associative","og_description":"Selon son pr\u00e9sident Emmanuel Macron Palestine, la France reconna\u00eetra la Palestine comme un \u00c9tat. De l&rsquo;avis de Paul Magnette, pr\u00e9sident des socialistes francophones, la Belgique","og_url":"https:\/\/vieassociative.be\/actualites\/macron-la-palestine-reconnaitra-comme-un-etat-ps-boss-magnette-veut-que-la-belgique-le-fasse-aussi\/","og_site_name":"Vie Associative","article_published_time":"2025-07-25T08:17:18+00:00","og_image":[{"width":279,"height":92,"url":"https:\/\/vieassociative.be\/actualites\/wp-content\/uploads\/2024\/09\/header_backgroundk-01-e1726694325946.png","type":"image\/png"}],"author":"Julien","twitter_card":"summary_large_image","twitter_misc":{"\u00c9crit par":"Julien","Dur\u00e9e de lecture est.":"3 minutes"},"schema":{"@context":"https:\/\/schema.org","@graph":[{"@type":"Article","@id":"https:\/\/vieassociative.be\/actualites\/macron-la-palestine-reconnaitra-comme-un-etat-ps-boss-magnette-veut-que-la-belgique-le-fasse-aussi\/#article","isPartOf":{"@id":"https:\/\/vieassociative.be\/actualites\/macron-la-palestine-reconnaitra-comme-un-etat-ps-boss-magnette-veut-que-la-belgique-le-fasse-aussi\/"},"author":{"name":"Julien","@id":"https:\/\/vieassociative.be\/actualites\/#\/schema\/person\/b87ac4f82f9d4e7b7cec7395b679edc4"},"headline":"Macron: \u00ab\u00a0La Palestine reconna\u00eetra comme un \u00c9tat\u00a0\u00bb -PS Boss Magnette veut que la Belgique le fasse aussi","datePublished":"2025-07-25T08:17:18+00:00","dateModified":"2025-07-25T08:17:18+00:00","mainEntityOfPage":{"@id":"https:\/\/vieassociative.be\/actualites\/macron-la-palestine-reconnaitra-comme-un-etat-ps-boss-magnette-veut-que-la-belgique-le-fasse-aussi\/"},"wordCount":701,"publisher":{"@id":"https:\/\/vieassociative.be\/actualites\/#organization"},"image":{"@id":"https:\/\/vieassociative.be\/actualites\/macron-la-palestine-reconnaitra-comme-un-etat-ps-boss-magnette-veut-que-la-belgique-le-fasse-aussi\/#primaryimage"},"thumbnailUrl":"https:\/\/vieassociative.be\/actualites\/wp-content\/uploads\/2025\/07\/1753431438_Macron-La-Palestine-reconnaitra-comme-un-Etat-PS-Boss-Magnette.jpg","keywords":["aussi","Belgique","Boss","comme","\u00e9tat","fasse","Macron","Magnette","Palestine","reconna\u00eetra","veut"],"articleSection":["Belgique"],"inLanguage":"fr-BE"},{"@type":"WebPage","@id":"https:\/\/vieassociative.be\/actualites\/macron-la-palestine-reconnaitra-comme-un-etat-ps-boss-magnette-veut-que-la-belgique-le-fasse-aussi\/","url":"https:\/\/vieassociative.be\/actualites\/macron-la-palestine-reconnaitra-comme-un-etat-ps-boss-magnette-veut-que-la-belgique-le-fasse-aussi\/","name":"Macron: \"La Palestine reconna\u00eetra comme un \u00c9tat\" -PS Boss Magnette veut que la Belgique le fasse aussi | Vie Associative","isPartOf":{"@id":"https:\/\/vieassociative.be\/actualites\/#website"},"primaryImageOfPage":{"@id":"https:\/\/vieassociative.be\/actualites\/macron-la-palestine-reconnaitra-comme-un-etat-ps-boss-magnette-veut-que-la-belgique-le-fasse-aussi\/#primaryimage"},"image":{"@id":"https:\/\/vieassociative.be\/actualites\/macron-la-palestine-reconnaitra-comme-un-etat-ps-boss-magnette-veut-que-la-belgique-le-fasse-aussi\/#primaryimage"},"thumbnailUrl":"https:\/\/vieassociative.be\/actualites\/wp-content\/uploads\/2025\/07\/1753431438_Macron-La-Palestine-reconnaitra-comme-un-Etat-PS-Boss-Magnette.jpg","datePublished":"2025-07-25T08:17:18+00:00","dateModified":"2025-07-25T08:17:18+00:00","breadcrumb":{"@id":"https:\/\/vieassociative.be\/actualites\/macron-la-palestine-reconnaitra-comme-un-etat-ps-boss-magnette-veut-que-la-belgique-le-fasse-aussi\/#breadcrumb"},"inLanguage":"fr-BE","potentialAction":[{"@type":"ReadAction","target":["https:\/\/vieassociative.be\/actualites\/macron-la-palestine-reconnaitra-comme-un-etat-ps-boss-magnette-veut-que-la-belgique-le-fasse-aussi\/"]}]},{"@type":"ImageObject","inLanguage":"fr-BE","@id":"https:\/\/vieassociative.be\/actualites\/macron-la-palestine-reconnaitra-comme-un-etat-ps-boss-magnette-veut-que-la-belgique-le-fasse-aussi\/#primaryimage","url":"https:\/\/vieassociative.be\/actualites\/wp-content\/uploads\/2025\/07\/1753431438_Macron-La-Palestine-reconnaitra-comme-un-Etat-PS-Boss-Magnette.jpg","contentUrl":"https:\/\/vieassociative.be\/actualites\/wp-content\/uploads\/2025\/07\/1753431438_Macron-La-Palestine-reconnaitra-comme-un-Etat-PS-Boss-Magnette.jpg","width":1200,"height":800,"caption":"Macron: \"La Palestine reconna\u00eetra comme un \u00c9tat\" -PS Boss Magnette veut que la Belgique le fasse aussi"},{"@type":"BreadcrumbList","@id":"https:\/\/vieassociative.be\/actualites\/macron-la-palestine-reconnaitra-comme-un-etat-ps-boss-magnette-veut-que-la-belgique-le-fasse-aussi\/#breadcrumb","itemListElement":[{"@type":"ListItem","position":1,"name":"Accueil","item":"https:\/\/vieassociative.be\/actualites\/"},{"@type":"ListItem","position":2,"name":"Macron: \u00ab\u00a0La Palestine reconna\u00eetra comme un \u00c9tat\u00a0\u00bb -PS Boss Magnette veut que la Belgique le fasse aussi"}]},{"@type":"WebSite","@id":"https:\/\/vieassociative.be\/actualites\/#website","url":"https:\/\/vieassociative.be\/actualites\/","name":"Vie Associative","description":"","publisher":{"@id":"https:\/\/vieassociative.be\/actualites\/#organization"},"potentialAction":[{"@type":"SearchAction","target":{"@type":"EntryPoint","urlTemplate":"https:\/\/vieassociative.be\/actualites\/?s={search_term_string}"},"query-input":{"@type":"PropertyValueSpecification","valueRequired":true,"valueName":"search_term_string"}}],"inLanguage":"fr-BE"},{"@type":"Organization","@id":"https:\/\/vieassociative.be\/actualites\/#organization","name":"Vie Associative","url":"https:\/\/vieassociative.be\/actualites\/","logo":{"@type":"ImageObject","inLanguage":"fr-BE","@id":"https:\/\/vieassociative.be\/actualites\/#\/schema\/logo\/image\/","url":"https:\/\/vieassociative.be\/actualites\/wp-content\/uploads\/2024\/09\/cropped-vieassociative_favicon.ico.png","contentUrl":"https:\/\/vieassociative.be\/actualites\/wp-content\/uploads\/2024\/09\/cropped-vieassociative_favicon.ico.png","width":512,"height":512,"caption":"Vie Associative"},"image":{"@id":"https:\/\/vieassociative.be\/actualites\/#\/schema\/logo\/image\/"}},{"@type":"Person","@id":"https:\/\/vieassociative.be\/actualites\/#\/schema\/person\/b87ac4f82f9d4e7b7cec7395b679edc4","name":"Julien","image":{"@type":"ImageObject","inLanguage":"fr-BE","@id":"https:\/\/vieassociative.be\/actualites\/#\/schema\/person\/image\/","url":"https:\/\/vieassociative.be\/actualites\/wp-content\/uploads\/2024\/09\/vie-associative-1-150x150.jpg","contentUrl":"https:\/\/vieassociative.be\/actualites\/wp-content\/uploads\/2024\/09\/vie-associative-1-150x150.jpg","caption":"Julien"},"description":"Je suis Julien, r\u00e9dacteur pour Vie Associative. Passionn\u00e9 par le monde associatif depuis plus de 10 ans, j'ai \u00e0 c\u0153ur de partager des histoires inspirantes et de mettre en lumi\u00e8re les initiatives locales. Mon objectif est de sensibiliser et d'encourager l'engagement communautaire \u00e0 travers mes articles.","sameAs":["https:\/\/vieassociative.be\/"]}]}},"_links":{"self":[{"href":"https:\/\/vieassociative.be\/actualites\/wp-json\/wp\/v2\/posts\/8997"}],"collection":[{"href":"https:\/\/vieassociative.be\/actualites\/wp-json\/wp\/v2\/posts"}],"about":[{"href":"https:\/\/vieassociative.be\/actualites\/wp-json\/wp\/v2\/types\/post"}],"author":[{"embeddable":true,"href":"https:\/\/vieassociative.be\/actualites\/wp-json\/wp\/v2\/users\/1"}],"replies":[{"embeddable":true,"href":"https:\/\/vieassociative.be\/actualites\/wp-json\/wp\/v2\/comments?post=8997"}],"version-history":[{"count":0,"href":"https:\/\/vieassociative.be\/actualites\/wp-json\/wp\/v2\/posts\/8997\/revisions"}],"wp:featuredmedia":[{"embeddable":true,"href":"https:\/\/vieassociative.be\/actualites\/wp-json\/wp\/v2\/media\/8998"}],"wp:attachment":[{"href":"https:\/\/vieassociative.be\/actualites\/wp-json\/wp\/v2\/media?parent=8997"}],"wp:term":[{"taxonomy":"category","embeddable":true,"href":"https:\/\/vieassociative.be\/actualites\/wp-json\/wp\/v2\/categories?post=8997"},{"taxonomy":"post_tag","embeddable":true,"href":"https:\/\/vieassociative.be\/actualites\/wp-json\/wp\/v2\/tags?post=8997"}],"curies":[{"name":"wp","href":"https:\/\/api.w.org\/{rel}","templated":true}]}}