{"id":8991,"date":"2025-07-25T04:18:00","date_gmt":"2025-07-25T02:18:00","guid":{"rendered":"https:\/\/vieassociative.be\/actualites\/tour-de-france-milan-gagne-un-sprint-de-masse-devant-meeus-lautomne-empeche-un-duel-avec-merlier\/"},"modified":"2025-07-25T04:18:00","modified_gmt":"2025-07-25T02:18:00","slug":"tour-de-france-milan-gagne-un-sprint-de-masse-devant-meeus-lautomne-empeche-un-duel-avec-merlier","status":"publish","type":"post","link":"https:\/\/vieassociative.be\/actualites\/tour-de-france-milan-gagne-un-sprint-de-masse-devant-meeus-lautomne-empeche-un-duel-avec-merlier\/","title":{"rendered":"Tour de France: Milan gagne un sprint de masse devant Meeus &#8211; l&rsquo;automne emp\u00eache un duel avec Merlier"},"content":{"rendered":"<p><strong>Jonathan Milan a remport\u00e9 la 17e \u00e9tape du Tour de France. L&rsquo;Italien de 24 ans a gagn\u00e9 apr\u00e8s 160,4 kilom\u00e8tres de Boll\u00e8ne \u00e0 Valence dans le sprint de masse devant Jordi Meeus et Tobias Lund.<\/strong><\/p>\n<p><span id=\"more-420826\"><\/span>Le sprinter a c\u00e9l\u00e9br\u00e9 sa victoire du deuxi\u00e8me jour lors de la 112e tourn\u00e9e de France sous la pluie battante. La finale de Valence a \u00e9t\u00e9 \u00e9clips\u00e9e par une chute sur le dernier kilom\u00e8tre, ce qui a \u00e9galement emp\u00each\u00e9 le vainqueur de la sc\u00e8ne d\u00e9j\u00e0 \u00e0 deux heures, Tim Merlier, de Belgique de participer au sprint \u00e0 la victoire.<\/p>\n<p><strong>&#8211; Les Alpes attendent de jeudi: <\/strong>Dans la classification globale, le Tour Dominator Tadej Pogacar m\u00e8ne toujours dans le maillot jaune devant les Danes Jonas Vingegaard (4:48 minutes).<\/p>\n<p>Jeudi, avec la 18e section, la sc\u00e8ne royale spectaculaire de la tourn\u00e9e est sur le programme. L&rsquo;itin\u00e9raire dans les Alpes m\u00e8ne de VIF sur 171,5 kilom\u00e8tres et 5 450 m\u00e8tres jusqu&rsquo;au toit de la tourn\u00e9e, le col de la Loze de 2 304 m\u00e8tres. (DPA \/ CRE)<\/p>\n","protected":false},"excerpt":{"rendered":"<p>Jonathan Milan a remport\u00e9 la 17e \u00e9tape du Tour de France. L&rsquo;Italien de 24 ans a gagn\u00e9 apr\u00e8s 160,4 kilom\u00e8tres de Boll\u00e8ne \u00e0 Valence dans<\/p>\n","protected":false},"author":1,"featured_media":8992,"comment_status":"","ping_status":"","sticky":false,"template":"","format":"standard","meta":{"footnotes":""},"categories":[298],"tags":[61,2381,4821,4924,2444,2299,7905,7903,7904,7730,6267,6145,2443],"class_list":["post-8991","post","type-post","status-publish","format-standard","has-post-thumbnail","hentry","category-belgique","tag-avec","tag-devant","tag-duel","tag-empeche","tag-france","tag-gagne","tag-lautomne","tag-masse","tag-meeus","tag-merlier","tag-milan","tag-sprint","tag-tour","generate-columns","tablet-grid-50","mobile-grid-100","grid-parent","grid-33"],"yoast_head":"<!-- This site is optimized with the Yoast SEO plugin v24.0 - https:\/\/yoast.com\/wordpress\/plugins\/seo\/ -->\n<title>Tour de France: Milan gagne un sprint de masse devant Meeus - l&#039;automne emp\u00eache un duel avec Merlier | Vie Associative<\/title>\n<meta name=\"robots\" content=\"index, follow, max-snippet:-1, max-image-preview:large, max-video-preview:-1\" \/>\n<link rel=\"canonical\" href=\"https:\/\/vieassociative.be\/actualites\/tour-de-france-milan-gagne-un-sprint-de-masse-devant-meeus-lautomne-empeche-un-duel-avec-merlier\/\" \/>\n<meta property=\"og:locale\" content=\"fr_FR\" \/>\n<meta property=\"og:type\" content=\"article\" \/>\n<meta property=\"og:title\" content=\"Tour de France: Milan gagne un sprint de masse devant Meeus - l&#039;automne emp\u00eache un duel avec Merlier | Vie Associative\" \/>\n<meta property=\"og:description\" content=\"Jonathan Milan a remport\u00e9 la 17e \u00e9tape du Tour de France. L&rsquo;Italien de 24 ans a gagn\u00e9 apr\u00e8s 160,4 kilom\u00e8tres de Boll\u00e8ne \u00e0 Valence dans\" \/>\n<meta property=\"og:url\" content=\"https:\/\/vieassociative.be\/actualites\/tour-de-france-milan-gagne-un-sprint-de-masse-devant-meeus-lautomne-empeche-un-duel-avec-merlier\/\" \/>\n<meta property=\"og:site_name\" content=\"Vie Associative\" \/>\n<meta property=\"article:published_time\" content=\"2025-07-25T02:18:00+00:00\" \/>\n<meta property=\"og:image\" content=\"https:\/\/vieassociative.be\/actualites\/wp-content\/uploads\/2024\/09\/header_backgroundk-01-e1726694325946.png\" \/>\n\t<meta property=\"og:image:width\" content=\"279\" \/>\n\t<meta property=\"og:image:height\" content=\"92\" \/>\n\t<meta property=\"og:image:type\" content=\"image\/png\" \/>\n<meta name=\"author\" content=\"Julien\" \/>\n<meta name=\"twitter:card\" content=\"summary_large_image\" \/>\n<meta name=\"twitter:label1\" content=\"\u00c9crit par\" \/>\n\t<meta name=\"twitter:data1\" content=\"Julien\" \/>\n\t<meta name=\"twitter:label2\" content=\"Dur\u00e9e de lecture est.\" \/>\n\t<meta name=\"twitter:data2\" content=\"1 minute\" \/>\n<script type=\"application\/ld+json\" class=\"yoast-schema-graph\">{\"@context\":\"https:\/\/schema.org\",\"@graph\":[{\"@type\":\"Article\",\"@id\":\"https:\/\/vieassociative.be\/actualites\/tour-de-france-milan-gagne-un-sprint-de-masse-devant-meeus-lautomne-empeche-un-duel-avec-merlier\/#article\",\"isPartOf\":{\"@id\":\"https:\/\/vieassociative.be\/actualites\/tour-de-france-milan-gagne-un-sprint-de-masse-devant-meeus-lautomne-empeche-un-duel-avec-merlier\/\"},\"author\":{\"name\":\"Julien\",\"@id\":\"https:\/\/vieassociative.be\/actualites\/#\/schema\/person\/b87ac4f82f9d4e7b7cec7395b679edc4\"},\"headline\":\"Tour de France: Milan gagne un sprint de masse devant Meeus &#8211; l&rsquo;automne emp\u00eache un duel avec Merlier\",\"datePublished\":\"2025-07-25T02:18:00+00:00\",\"dateModified\":\"2025-07-25T02:18:00+00:00\",\"mainEntityOfPage\":{\"@id\":\"https:\/\/vieassociative.be\/actualites\/tour-de-france-milan-gagne-un-sprint-de-masse-devant-meeus-lautomne-empeche-un-duel-avec-merlier\/\"},\"wordCount\":201,\"publisher\":{\"@id\":\"https:\/\/vieassociative.be\/actualites\/#organization\"},\"image\":{\"@id\":\"https:\/\/vieassociative.be\/actualites\/tour-de-france-milan-gagne-un-sprint-de-masse-devant-meeus-lautomne-empeche-un-duel-avec-merlier\/#primaryimage\"},\"thumbnailUrl\":\"https:\/\/vieassociative.be\/actualites\/wp-content\/uploads\/2025\/07\/Tour-de-France-Milan-gagne-un-sprint-de-masse-devant.jpg\",\"keywords\":[\"avec\",\"devant\",\"duel\",\"emp\u00eache\",\"France\",\"gagn\u00e9\",\"lautomne\",\"masse\",\"Meeus\",\"Merlier\",\"Milan\",\"sprint\",\"Tour\"],\"articleSection\":[\"Belgique\"],\"inLanguage\":\"fr-BE\"},{\"@type\":\"WebPage\",\"@id\":\"https:\/\/vieassociative.be\/actualites\/tour-de-france-milan-gagne-un-sprint-de-masse-devant-meeus-lautomne-empeche-un-duel-avec-merlier\/\",\"url\":\"https:\/\/vieassociative.be\/actualites\/tour-de-france-milan-gagne-un-sprint-de-masse-devant-meeus-lautomne-empeche-un-duel-avec-merlier\/\",\"name\":\"Tour de France: Milan gagne un sprint de masse devant Meeus - l'automne emp\u00eache un duel avec Merlier | Vie Associative\",\"isPartOf\":{\"@id\":\"https:\/\/vieassociative.be\/actualites\/#website\"},\"primaryImageOfPage\":{\"@id\":\"https:\/\/vieassociative.be\/actualites\/tour-de-france-milan-gagne-un-sprint-de-masse-devant-meeus-lautomne-empeche-un-duel-avec-merlier\/#primaryimage\"},\"image\":{\"@id\":\"https:\/\/vieassociative.be\/actualites\/tour-de-france-milan-gagne-un-sprint-de-masse-devant-meeus-lautomne-empeche-un-duel-avec-merlier\/#primaryimage\"},\"thumbnailUrl\":\"https:\/\/vieassociative.be\/actualites\/wp-content\/uploads\/2025\/07\/Tour-de-France-Milan-gagne-un-sprint-de-masse-devant.jpg\",\"datePublished\":\"2025-07-25T02:18:00+00:00\",\"dateModified\":\"2025-07-25T02:18:00+00:00\",\"breadcrumb\":{\"@id\":\"https:\/\/vieassociative.be\/actualites\/tour-de-france-milan-gagne-un-sprint-de-masse-devant-meeus-lautomne-empeche-un-duel-avec-merlier\/#breadcrumb\"},\"inLanguage\":\"fr-BE\",\"potentialAction\":[{\"@type\":\"ReadAction\",\"target\":[\"https:\/\/vieassociative.be\/actualites\/tour-de-france-milan-gagne-un-sprint-de-masse-devant-meeus-lautomne-empeche-un-duel-avec-merlier\/\"]}]},{\"@type\":\"ImageObject\",\"inLanguage\":\"fr-BE\",\"@id\":\"https:\/\/vieassociative.be\/actualites\/tour-de-france-milan-gagne-un-sprint-de-masse-devant-meeus-lautomne-empeche-un-duel-avec-merlier\/#primaryimage\",\"url\":\"https:\/\/vieassociative.be\/actualites\/wp-content\/uploads\/2025\/07\/Tour-de-France-Milan-gagne-un-sprint-de-masse-devant.jpg\",\"contentUrl\":\"https:\/\/vieassociative.be\/actualites\/wp-content\/uploads\/2025\/07\/Tour-de-France-Milan-gagne-un-sprint-de-masse-devant.jpg\",\"width\":1200,\"height\":800,\"caption\":\"Tour de France: Milan gagne un sprint de masse devant Meeus - l'automne emp\u00eache un duel avec Merlier\"},{\"@type\":\"BreadcrumbList\",\"@id\":\"https:\/\/vieassociative.be\/actualites\/tour-de-france-milan-gagne-un-sprint-de-masse-devant-meeus-lautomne-empeche-un-duel-avec-merlier\/#breadcrumb\",\"itemListElement\":[{\"@type\":\"ListItem\",\"position\":1,\"name\":\"Accueil\",\"item\":\"https:\/\/vieassociative.be\/actualites\/\"},{\"@type\":\"ListItem\",\"position\":2,\"name\":\"Tour de France: Milan gagne un sprint de masse devant Meeus &#8211; l&rsquo;automne emp\u00eache un duel avec Merlier\"}]},{\"@type\":\"WebSite\",\"@id\":\"https:\/\/vieassociative.be\/actualites\/#website\",\"url\":\"https:\/\/vieassociative.be\/actualites\/\",\"name\":\"Vie Associative\",\"description\":\"\",\"publisher\":{\"@id\":\"https:\/\/vieassociative.be\/actualites\/#organization\"},\"potentialAction\":[{\"@type\":\"SearchAction\",\"target\":{\"@type\":\"EntryPoint\",\"urlTemplate\":\"https:\/\/vieassociative.be\/actualites\/?s={search_term_string}\"},\"query-input\":{\"@type\":\"PropertyValueSpecification\",\"valueRequired\":true,\"valueName\":\"search_term_string\"}}],\"inLanguage\":\"fr-BE\"},{\"@type\":\"Organization\",\"@id\":\"https:\/\/vieassociative.be\/actualites\/#organization\",\"name\":\"Vie Associative\",\"url\":\"https:\/\/vieassociative.be\/actualites\/\",\"logo\":{\"@type\":\"ImageObject\",\"inLanguage\":\"fr-BE\",\"@id\":\"https:\/\/vieassociative.be\/actualites\/#\/schema\/logo\/image\/\",\"url\":\"https:\/\/vieassociative.be\/actualites\/wp-content\/uploads\/2024\/09\/cropped-vieassociative_favicon.ico.png\",\"contentUrl\":\"https:\/\/vieassociative.be\/actualites\/wp-content\/uploads\/2024\/09\/cropped-vieassociative_favicon.ico.png\",\"width\":512,\"height\":512,\"caption\":\"Vie Associative\"},\"image\":{\"@id\":\"https:\/\/vieassociative.be\/actualites\/#\/schema\/logo\/image\/\"}},{\"@type\":\"Person\",\"@id\":\"https:\/\/vieassociative.be\/actualites\/#\/schema\/person\/b87ac4f82f9d4e7b7cec7395b679edc4\",\"name\":\"Julien\",\"image\":{\"@type\":\"ImageObject\",\"inLanguage\":\"fr-BE\",\"@id\":\"https:\/\/vieassociative.be\/actualites\/#\/schema\/person\/image\/\",\"url\":\"https:\/\/vieassociative.be\/actualites\/wp-content\/uploads\/2024\/09\/vie-associative-1-150x150.jpg\",\"contentUrl\":\"https:\/\/vieassociative.be\/actualites\/wp-content\/uploads\/2024\/09\/vie-associative-1-150x150.jpg\",\"caption\":\"Julien\"},\"description\":\"Je suis Julien, r\u00e9dacteur pour Vie Associative. Passionn\u00e9 par le monde associatif depuis plus de 10 ans, j'ai \u00e0 c\u0153ur de partager des histoires inspirantes et de mettre en lumi\u00e8re les initiatives locales. Mon objectif est de sensibiliser et d'encourager l'engagement communautaire \u00e0 travers mes articles.\",\"sameAs\":[\"https:\/\/vieassociative.be\/\"]}]}<\/script>\n<!-- \/ Yoast SEO plugin. -->","yoast_head_json":{"title":"Tour de France: Milan gagne un sprint de masse devant Meeus - l'automne emp\u00eache un duel avec Merlier | Vie Associative","robots":{"index":"index","follow":"follow","max-snippet":"max-snippet:-1","max-image-preview":"max-image-preview:large","max-video-preview":"max-video-preview:-1"},"canonical":"https:\/\/vieassociative.be\/actualites\/tour-de-france-milan-gagne-un-sprint-de-masse-devant-meeus-lautomne-empeche-un-duel-avec-merlier\/","og_locale":"fr_FR","og_type":"article","og_title":"Tour de France: Milan gagne un sprint de masse devant Meeus - l'automne emp\u00eache un duel avec Merlier | Vie Associative","og_description":"Jonathan Milan a remport\u00e9 la 17e \u00e9tape du Tour de France. L&rsquo;Italien de 24 ans a gagn\u00e9 apr\u00e8s 160,4 kilom\u00e8tres de Boll\u00e8ne \u00e0 Valence dans","og_url":"https:\/\/vieassociative.be\/actualites\/tour-de-france-milan-gagne-un-sprint-de-masse-devant-meeus-lautomne-empeche-un-duel-avec-merlier\/","og_site_name":"Vie Associative","article_published_time":"2025-07-25T02:18:00+00:00","og_image":[{"width":279,"height":92,"url":"https:\/\/vieassociative.be\/actualites\/wp-content\/uploads\/2024\/09\/header_backgroundk-01-e1726694325946.png","type":"image\/png"}],"author":"Julien","twitter_card":"summary_large_image","twitter_misc":{"\u00c9crit par":"Julien","Dur\u00e9e de lecture est.":"1 minute"},"schema":{"@context":"https:\/\/schema.org","@graph":[{"@type":"Article","@id":"https:\/\/vieassociative.be\/actualites\/tour-de-france-milan-gagne-un-sprint-de-masse-devant-meeus-lautomne-empeche-un-duel-avec-merlier\/#article","isPartOf":{"@id":"https:\/\/vieassociative.be\/actualites\/tour-de-france-milan-gagne-un-sprint-de-masse-devant-meeus-lautomne-empeche-un-duel-avec-merlier\/"},"author":{"name":"Julien","@id":"https:\/\/vieassociative.be\/actualites\/#\/schema\/person\/b87ac4f82f9d4e7b7cec7395b679edc4"},"headline":"Tour de France: Milan gagne un sprint de masse devant Meeus &#8211; l&rsquo;automne emp\u00eache un duel avec Merlier","datePublished":"2025-07-25T02:18:00+00:00","dateModified":"2025-07-25T02:18:00+00:00","mainEntityOfPage":{"@id":"https:\/\/vieassociative.be\/actualites\/tour-de-france-milan-gagne-un-sprint-de-masse-devant-meeus-lautomne-empeche-un-duel-avec-merlier\/"},"wordCount":201,"publisher":{"@id":"https:\/\/vieassociative.be\/actualites\/#organization"},"image":{"@id":"https:\/\/vieassociative.be\/actualites\/tour-de-france-milan-gagne-un-sprint-de-masse-devant-meeus-lautomne-empeche-un-duel-avec-merlier\/#primaryimage"},"thumbnailUrl":"https:\/\/vieassociative.be\/actualites\/wp-content\/uploads\/2025\/07\/Tour-de-France-Milan-gagne-un-sprint-de-masse-devant.jpg","keywords":["avec","devant","duel","emp\u00eache","France","gagn\u00e9","lautomne","masse","Meeus","Merlier","Milan","sprint","Tour"],"articleSection":["Belgique"],"inLanguage":"fr-BE"},{"@type":"WebPage","@id":"https:\/\/vieassociative.be\/actualites\/tour-de-france-milan-gagne-un-sprint-de-masse-devant-meeus-lautomne-empeche-un-duel-avec-merlier\/","url":"https:\/\/vieassociative.be\/actualites\/tour-de-france-milan-gagne-un-sprint-de-masse-devant-meeus-lautomne-empeche-un-duel-avec-merlier\/","name":"Tour de France: Milan gagne un sprint de masse devant Meeus - l'automne emp\u00eache un duel avec Merlier | Vie Associative","isPartOf":{"@id":"https:\/\/vieassociative.be\/actualites\/#website"},"primaryImageOfPage":{"@id":"https:\/\/vieassociative.be\/actualites\/tour-de-france-milan-gagne-un-sprint-de-masse-devant-meeus-lautomne-empeche-un-duel-avec-merlier\/#primaryimage"},"image":{"@id":"https:\/\/vieassociative.be\/actualites\/tour-de-france-milan-gagne-un-sprint-de-masse-devant-meeus-lautomne-empeche-un-duel-avec-merlier\/#primaryimage"},"thumbnailUrl":"https:\/\/vieassociative.be\/actualites\/wp-content\/uploads\/2025\/07\/Tour-de-France-Milan-gagne-un-sprint-de-masse-devant.jpg","datePublished":"2025-07-25T02:18:00+00:00","dateModified":"2025-07-25T02:18:00+00:00","breadcrumb":{"@id":"https:\/\/vieassociative.be\/actualites\/tour-de-france-milan-gagne-un-sprint-de-masse-devant-meeus-lautomne-empeche-un-duel-avec-merlier\/#breadcrumb"},"inLanguage":"fr-BE","potentialAction":[{"@type":"ReadAction","target":["https:\/\/vieassociative.be\/actualites\/tour-de-france-milan-gagne-un-sprint-de-masse-devant-meeus-lautomne-empeche-un-duel-avec-merlier\/"]}]},{"@type":"ImageObject","inLanguage":"fr-BE","@id":"https:\/\/vieassociative.be\/actualites\/tour-de-france-milan-gagne-un-sprint-de-masse-devant-meeus-lautomne-empeche-un-duel-avec-merlier\/#primaryimage","url":"https:\/\/vieassociative.be\/actualites\/wp-content\/uploads\/2025\/07\/Tour-de-France-Milan-gagne-un-sprint-de-masse-devant.jpg","contentUrl":"https:\/\/vieassociative.be\/actualites\/wp-content\/uploads\/2025\/07\/Tour-de-France-Milan-gagne-un-sprint-de-masse-devant.jpg","width":1200,"height":800,"caption":"Tour de France: Milan gagne un sprint de masse devant Meeus - l'automne emp\u00eache un duel avec Merlier"},{"@type":"BreadcrumbList","@id":"https:\/\/vieassociative.be\/actualites\/tour-de-france-milan-gagne-un-sprint-de-masse-devant-meeus-lautomne-empeche-un-duel-avec-merlier\/#breadcrumb","itemListElement":[{"@type":"ListItem","position":1,"name":"Accueil","item":"https:\/\/vieassociative.be\/actualites\/"},{"@type":"ListItem","position":2,"name":"Tour de France: Milan gagne un sprint de masse devant Meeus &#8211; l&rsquo;automne emp\u00eache un duel avec Merlier"}]},{"@type":"WebSite","@id":"https:\/\/vieassociative.be\/actualites\/#website","url":"https:\/\/vieassociative.be\/actualites\/","name":"Vie Associative","description":"","publisher":{"@id":"https:\/\/vieassociative.be\/actualites\/#organization"},"potentialAction":[{"@type":"SearchAction","target":{"@type":"EntryPoint","urlTemplate":"https:\/\/vieassociative.be\/actualites\/?s={search_term_string}"},"query-input":{"@type":"PropertyValueSpecification","valueRequired":true,"valueName":"search_term_string"}}],"inLanguage":"fr-BE"},{"@type":"Organization","@id":"https:\/\/vieassociative.be\/actualites\/#organization","name":"Vie Associative","url":"https:\/\/vieassociative.be\/actualites\/","logo":{"@type":"ImageObject","inLanguage":"fr-BE","@id":"https:\/\/vieassociative.be\/actualites\/#\/schema\/logo\/image\/","url":"https:\/\/vieassociative.be\/actualites\/wp-content\/uploads\/2024\/09\/cropped-vieassociative_favicon.ico.png","contentUrl":"https:\/\/vieassociative.be\/actualites\/wp-content\/uploads\/2024\/09\/cropped-vieassociative_favicon.ico.png","width":512,"height":512,"caption":"Vie Associative"},"image":{"@id":"https:\/\/vieassociative.be\/actualites\/#\/schema\/logo\/image\/"}},{"@type":"Person","@id":"https:\/\/vieassociative.be\/actualites\/#\/schema\/person\/b87ac4f82f9d4e7b7cec7395b679edc4","name":"Julien","image":{"@type":"ImageObject","inLanguage":"fr-BE","@id":"https:\/\/vieassociative.be\/actualites\/#\/schema\/person\/image\/","url":"https:\/\/vieassociative.be\/actualites\/wp-content\/uploads\/2024\/09\/vie-associative-1-150x150.jpg","contentUrl":"https:\/\/vieassociative.be\/actualites\/wp-content\/uploads\/2024\/09\/vie-associative-1-150x150.jpg","caption":"Julien"},"description":"Je suis Julien, r\u00e9dacteur pour Vie Associative. Passionn\u00e9 par le monde associatif depuis plus de 10 ans, j'ai \u00e0 c\u0153ur de partager des histoires inspirantes et de mettre en lumi\u00e8re les initiatives locales. Mon objectif est de sensibiliser et d'encourager l'engagement communautaire \u00e0 travers mes articles.","sameAs":["https:\/\/vieassociative.be\/"]}]}},"_links":{"self":[{"href":"https:\/\/vieassociative.be\/actualites\/wp-json\/wp\/v2\/posts\/8991"}],"collection":[{"href":"https:\/\/vieassociative.be\/actualites\/wp-json\/wp\/v2\/posts"}],"about":[{"href":"https:\/\/vieassociative.be\/actualites\/wp-json\/wp\/v2\/types\/post"}],"author":[{"embeddable":true,"href":"https:\/\/vieassociative.be\/actualites\/wp-json\/wp\/v2\/users\/1"}],"replies":[{"embeddable":true,"href":"https:\/\/vieassociative.be\/actualites\/wp-json\/wp\/v2\/comments?post=8991"}],"version-history":[{"count":0,"href":"https:\/\/vieassociative.be\/actualites\/wp-json\/wp\/v2\/posts\/8991\/revisions"}],"wp:featuredmedia":[{"embeddable":true,"href":"https:\/\/vieassociative.be\/actualites\/wp-json\/wp\/v2\/media\/8992"}],"wp:attachment":[{"href":"https:\/\/vieassociative.be\/actualites\/wp-json\/wp\/v2\/media?parent=8991"}],"wp:term":[{"taxonomy":"category","embeddable":true,"href":"https:\/\/vieassociative.be\/actualites\/wp-json\/wp\/v2\/categories?post=8991"},{"taxonomy":"post_tag","embeddable":true,"href":"https:\/\/vieassociative.be\/actualites\/wp-json\/wp\/v2\/tags?post=8991"}],"curies":[{"name":"wp","href":"https:\/\/api.w.org\/{rel}","templated":true}]}}