{"id":8985,"date":"2025-07-24T22:17:04","date_gmt":"2025-07-24T20:17:04","guid":{"rendered":"https:\/\/vieassociative.be\/actualites\/oconnor-remporte-la-scene-royale-pogacar-devant-la-quatrieme-tournee-victory-lipowitz-doit-sinquieter-de-la-3e-place\/"},"modified":"2025-07-24T22:17:04","modified_gmt":"2025-07-24T20:17:04","slug":"oconnor-remporte-la-scene-royale-pogacar-devant-la-quatrieme-tournee-victory-lipowitz-doit-sinquieter-de-la-3e-place","status":"publish","type":"post","link":"https:\/\/vieassociative.be\/actualites\/oconnor-remporte-la-scene-royale-pogacar-devant-la-quatrieme-tournee-victory-lipowitz-doit-sinquieter-de-la-3e-place\/","title":{"rendered":"O&rsquo;Connor remporte la sc\u00e8ne royale-Pogacar devant la quatri\u00e8me tourn\u00e9e Victory-Lipowitz doit s&rsquo;inqui\u00e9ter de la 3e place"},"content":{"rendered":"<p><strong>Dans la lutte pour le maillot jaune, la superstar Tadej Pogacar a diminu\u00e9 de plus de pr\u00e9cieuses secondes dans la lutte pour la victoire globale de son rival permanent Jonas Vingegaard. <\/strong><\/p>\n<p><span id=\"more-420900\"><\/span>Le champion en titre de la Slov\u00e9nie est maintenant \u00e0 4:26 minutes devant les Danois dans la classification globale et a les meilleures chances de son quatri\u00e8me triomphe de la tourn\u00e9e de la France.<\/p>\n<p>Le cyclisme de l&rsquo;Allemagne Florian Lipowitz a d\u00e9fendu sa troisi\u00e8me place malgr\u00e9 une effraction aux cinq derniers kilom\u00e8tres du Tour de France. Lors de la mont\u00e9e raide jusqu&rsquo;\u00e0 la destination du Col de la Loze, le joueur de 24 ans a perdu beaucoup de temps sur l&rsquo;Oscar britannique de la quatri\u00e8me Onley.<\/p>\n<div id=\"attachment_420907\" class=\"wp-caption alignleft\" style=\"max-width: 300px\"><img fetchpriority=\"high\" decoding=\"async\" class=\"wp-image-420907 size-medium\" src=\"https:\/\/vieassociative.be\/actualites\/wp-content\/uploads\/2025\/07\/OConnor-remporte-la-scene-royale-Pogacar-devant-la-quatrieme-tournee-Victory-Lipowitz.jpg\" alt=\"\" width=\"300\" height=\"200\"><\/div>\n<p>Lipowitz ne fait que 22 secondes devant l&rsquo;Onley plac\u00e9 du quatri\u00e8me dans le classement g\u00e9n\u00e9ral. <\/p>\n<p>L&rsquo;Australien Ben O&rsquo;Connor a c\u00e9l\u00e9br\u00e9 la victoire de la journ\u00e9e apr\u00e8s 171,5 kilom\u00e8tres et 5 450 m\u00e8tres d&rsquo;altitude entre VIF et le Col de la Loze devant Pogacar et Vingegaard.<\/p>\n<p>Apr\u00e8s la sc\u00e8ne royale, la deuxi\u00e8me partie du spectaculaire spectacle d&rsquo;escalade dans les Alpes sera sur le programme vendredi. Les protagonistes doivent ma\u00eetriser cinq ascensions raides sur le chemin de la destination de la station de ski de la plaque de Los Angeles. D&rsquo;Albertville, la 19e \u00e9tape m\u00e8ne plus de 129,9 kilom\u00e8tres et 4 550 m\u00e8tres verticaux jusqu&rsquo;\u00e0 l&rsquo;arriv\u00e9e de la montagne \u00e0 La Plagne. L&rsquo;augmentation finale est de 19,1 kilom\u00e8tres de long et une moyenne de 7,2%. (DPA)<\/p>\n","protected":false},"excerpt":{"rendered":"<p>Dans la lutte pour le maillot jaune, la superstar Tadej Pogacar a diminu\u00e9 de plus de pr\u00e9cieuses secondes dans la lutte pour la victoire globale<\/p>\n","protected":false},"author":1,"featured_media":8986,"comment_status":"","ping_status":"","sticky":false,"template":"","format":"standard","meta":{"footnotes":""},"categories":[298],"tags":[2381,2552,7898,204,7154,2809,7899,4189,5625,7589,7900],"class_list":["post-8985","post","type-post","status-publish","format-standard","has-post-thumbnail","hentry","category-belgique","tag-devant","tag-doit","tag-oconnor","tag-place","tag-quatrieme","tag-remporte","tag-royalepogacar","tag-scene","tag-sinquieter","tag-tournee","tag-victorylipowitz","generate-columns","tablet-grid-50","mobile-grid-100","grid-parent","grid-33"],"yoast_head":"<!-- This site is optimized with the Yoast SEO plugin v24.0 - https:\/\/yoast.com\/wordpress\/plugins\/seo\/ -->\n<title>O&#039;Connor remporte la sc\u00e8ne royale-Pogacar devant la quatri\u00e8me tourn\u00e9e Victory-Lipowitz doit s&#039;inqui\u00e9ter de la 3e place | Vie Associative<\/title>\n<meta name=\"robots\" content=\"index, follow, max-snippet:-1, max-image-preview:large, max-video-preview:-1\" \/>\n<link rel=\"canonical\" href=\"https:\/\/vieassociative.be\/actualites\/oconnor-remporte-la-scene-royale-pogacar-devant-la-quatrieme-tournee-victory-lipowitz-doit-sinquieter-de-la-3e-place\/\" \/>\n<meta property=\"og:locale\" content=\"fr_FR\" \/>\n<meta property=\"og:type\" content=\"article\" \/>\n<meta property=\"og:title\" content=\"O&#039;Connor remporte la sc\u00e8ne royale-Pogacar devant la quatri\u00e8me tourn\u00e9e Victory-Lipowitz doit s&#039;inqui\u00e9ter de la 3e place | Vie Associative\" \/>\n<meta property=\"og:description\" content=\"Dans la lutte pour le maillot jaune, la superstar Tadej Pogacar a diminu\u00e9 de plus de pr\u00e9cieuses secondes dans la lutte pour la victoire globale\" \/>\n<meta property=\"og:url\" content=\"https:\/\/vieassociative.be\/actualites\/oconnor-remporte-la-scene-royale-pogacar-devant-la-quatrieme-tournee-victory-lipowitz-doit-sinquieter-de-la-3e-place\/\" \/>\n<meta property=\"og:site_name\" content=\"Vie Associative\" \/>\n<meta property=\"article:published_time\" content=\"2025-07-24T20:17:04+00:00\" \/>\n<meta property=\"og:image\" content=\"https:\/\/vieassociative.be\/actualites\/wp-content\/uploads\/2024\/09\/header_backgroundk-01-e1726694325946.png\" \/>\n\t<meta property=\"og:image:width\" content=\"279\" \/>\n\t<meta property=\"og:image:height\" content=\"92\" \/>\n\t<meta property=\"og:image:type\" content=\"image\/png\" \/>\n<meta name=\"author\" content=\"Julien\" \/>\n<meta name=\"twitter:card\" content=\"summary_large_image\" \/>\n<meta name=\"twitter:label1\" content=\"\u00c9crit par\" \/>\n\t<meta name=\"twitter:data1\" content=\"Julien\" \/>\n\t<meta name=\"twitter:label2\" content=\"Dur\u00e9e de lecture est.\" \/>\n\t<meta name=\"twitter:data2\" content=\"1 minute\" \/>\n<script type=\"application\/ld+json\" class=\"yoast-schema-graph\">{\"@context\":\"https:\/\/schema.org\",\"@graph\":[{\"@type\":\"Article\",\"@id\":\"https:\/\/vieassociative.be\/actualites\/oconnor-remporte-la-scene-royale-pogacar-devant-la-quatrieme-tournee-victory-lipowitz-doit-sinquieter-de-la-3e-place\/#article\",\"isPartOf\":{\"@id\":\"https:\/\/vieassociative.be\/actualites\/oconnor-remporte-la-scene-royale-pogacar-devant-la-quatrieme-tournee-victory-lipowitz-doit-sinquieter-de-la-3e-place\/\"},\"author\":{\"name\":\"Julien\",\"@id\":\"https:\/\/vieassociative.be\/actualites\/#\/schema\/person\/b87ac4f82f9d4e7b7cec7395b679edc4\"},\"headline\":\"O&rsquo;Connor remporte la sc\u00e8ne royale-Pogacar devant la quatri\u00e8me tourn\u00e9e Victory-Lipowitz doit s&rsquo;inqui\u00e9ter de la 3e place\",\"datePublished\":\"2025-07-24T20:17:04+00:00\",\"dateModified\":\"2025-07-24T20:17:04+00:00\",\"mainEntityOfPage\":{\"@id\":\"https:\/\/vieassociative.be\/actualites\/oconnor-remporte-la-scene-royale-pogacar-devant-la-quatrieme-tournee-victory-lipowitz-doit-sinquieter-de-la-3e-place\/\"},\"wordCount\":287,\"publisher\":{\"@id\":\"https:\/\/vieassociative.be\/actualites\/#organization\"},\"image\":{\"@id\":\"https:\/\/vieassociative.be\/actualites\/oconnor-remporte-la-scene-royale-pogacar-devant-la-quatrieme-tournee-victory-lipowitz-doit-sinquieter-de-la-3e-place\/#primaryimage\"},\"thumbnailUrl\":\"https:\/\/vieassociative.be\/actualites\/wp-content\/uploads\/2025\/07\/1753388225_OConnor-remporte-la-scene-royale-Pogacar-devant-la-quatrieme-tournee-Victory-Lipowitz.jpg\",\"keywords\":[\"devant\",\"doit\",\"OConnor\",\"place\",\"quatri\u00e8me\",\"remport\u00e9\",\"royalePogacar\",\"sc\u00e8ne\",\"sinqui\u00e9ter\",\"tourn\u00e9e\",\"VictoryLipowitz\"],\"articleSection\":[\"Belgique\"],\"inLanguage\":\"fr-BE\"},{\"@type\":\"WebPage\",\"@id\":\"https:\/\/vieassociative.be\/actualites\/oconnor-remporte-la-scene-royale-pogacar-devant-la-quatrieme-tournee-victory-lipowitz-doit-sinquieter-de-la-3e-place\/\",\"url\":\"https:\/\/vieassociative.be\/actualites\/oconnor-remporte-la-scene-royale-pogacar-devant-la-quatrieme-tournee-victory-lipowitz-doit-sinquieter-de-la-3e-place\/\",\"name\":\"O'Connor remporte la sc\u00e8ne royale-Pogacar devant la quatri\u00e8me tourn\u00e9e Victory-Lipowitz doit s'inqui\u00e9ter de la 3e place | Vie Associative\",\"isPartOf\":{\"@id\":\"https:\/\/vieassociative.be\/actualites\/#website\"},\"primaryImageOfPage\":{\"@id\":\"https:\/\/vieassociative.be\/actualites\/oconnor-remporte-la-scene-royale-pogacar-devant-la-quatrieme-tournee-victory-lipowitz-doit-sinquieter-de-la-3e-place\/#primaryimage\"},\"image\":{\"@id\":\"https:\/\/vieassociative.be\/actualites\/oconnor-remporte-la-scene-royale-pogacar-devant-la-quatrieme-tournee-victory-lipowitz-doit-sinquieter-de-la-3e-place\/#primaryimage\"},\"thumbnailUrl\":\"https:\/\/vieassociative.be\/actualites\/wp-content\/uploads\/2025\/07\/1753388225_OConnor-remporte-la-scene-royale-Pogacar-devant-la-quatrieme-tournee-Victory-Lipowitz.jpg\",\"datePublished\":\"2025-07-24T20:17:04+00:00\",\"dateModified\":\"2025-07-24T20:17:04+00:00\",\"breadcrumb\":{\"@id\":\"https:\/\/vieassociative.be\/actualites\/oconnor-remporte-la-scene-royale-pogacar-devant-la-quatrieme-tournee-victory-lipowitz-doit-sinquieter-de-la-3e-place\/#breadcrumb\"},\"inLanguage\":\"fr-BE\",\"potentialAction\":[{\"@type\":\"ReadAction\",\"target\":[\"https:\/\/vieassociative.be\/actualites\/oconnor-remporte-la-scene-royale-pogacar-devant-la-quatrieme-tournee-victory-lipowitz-doit-sinquieter-de-la-3e-place\/\"]}]},{\"@type\":\"ImageObject\",\"inLanguage\":\"fr-BE\",\"@id\":\"https:\/\/vieassociative.be\/actualites\/oconnor-remporte-la-scene-royale-pogacar-devant-la-quatrieme-tournee-victory-lipowitz-doit-sinquieter-de-la-3e-place\/#primaryimage\",\"url\":\"https:\/\/vieassociative.be\/actualites\/wp-content\/uploads\/2025\/07\/1753388225_OConnor-remporte-la-scene-royale-Pogacar-devant-la-quatrieme-tournee-Victory-Lipowitz.jpg\",\"contentUrl\":\"https:\/\/vieassociative.be\/actualites\/wp-content\/uploads\/2025\/07\/1753388225_OConnor-remporte-la-scene-royale-Pogacar-devant-la-quatrieme-tournee-Victory-Lipowitz.jpg\",\"width\":1200,\"height\":800,\"caption\":\"O'Connor remporte la sc\u00e8ne royale-Pogacar devant la quatri\u00e8me tourn\u00e9e Victory-Lipowitz doit s'inqui\u00e9ter de la 3e place\"},{\"@type\":\"BreadcrumbList\",\"@id\":\"https:\/\/vieassociative.be\/actualites\/oconnor-remporte-la-scene-royale-pogacar-devant-la-quatrieme-tournee-victory-lipowitz-doit-sinquieter-de-la-3e-place\/#breadcrumb\",\"itemListElement\":[{\"@type\":\"ListItem\",\"position\":1,\"name\":\"Accueil\",\"item\":\"https:\/\/vieassociative.be\/actualites\/\"},{\"@type\":\"ListItem\",\"position\":2,\"name\":\"O&rsquo;Connor remporte la sc\u00e8ne royale-Pogacar devant la quatri\u00e8me tourn\u00e9e Victory-Lipowitz doit s&rsquo;inqui\u00e9ter de la 3e place\"}]},{\"@type\":\"WebSite\",\"@id\":\"https:\/\/vieassociative.be\/actualites\/#website\",\"url\":\"https:\/\/vieassociative.be\/actualites\/\",\"name\":\"Vie Associative\",\"description\":\"\",\"publisher\":{\"@id\":\"https:\/\/vieassociative.be\/actualites\/#organization\"},\"potentialAction\":[{\"@type\":\"SearchAction\",\"target\":{\"@type\":\"EntryPoint\",\"urlTemplate\":\"https:\/\/vieassociative.be\/actualites\/?s={search_term_string}\"},\"query-input\":{\"@type\":\"PropertyValueSpecification\",\"valueRequired\":true,\"valueName\":\"search_term_string\"}}],\"inLanguage\":\"fr-BE\"},{\"@type\":\"Organization\",\"@id\":\"https:\/\/vieassociative.be\/actualites\/#organization\",\"name\":\"Vie Associative\",\"url\":\"https:\/\/vieassociative.be\/actualites\/\",\"logo\":{\"@type\":\"ImageObject\",\"inLanguage\":\"fr-BE\",\"@id\":\"https:\/\/vieassociative.be\/actualites\/#\/schema\/logo\/image\/\",\"url\":\"https:\/\/vieassociative.be\/actualites\/wp-content\/uploads\/2024\/09\/cropped-vieassociative_favicon.ico.png\",\"contentUrl\":\"https:\/\/vieassociative.be\/actualites\/wp-content\/uploads\/2024\/09\/cropped-vieassociative_favicon.ico.png\",\"width\":512,\"height\":512,\"caption\":\"Vie Associative\"},\"image\":{\"@id\":\"https:\/\/vieassociative.be\/actualites\/#\/schema\/logo\/image\/\"}},{\"@type\":\"Person\",\"@id\":\"https:\/\/vieassociative.be\/actualites\/#\/schema\/person\/b87ac4f82f9d4e7b7cec7395b679edc4\",\"name\":\"Julien\",\"image\":{\"@type\":\"ImageObject\",\"inLanguage\":\"fr-BE\",\"@id\":\"https:\/\/vieassociative.be\/actualites\/#\/schema\/person\/image\/\",\"url\":\"https:\/\/vieassociative.be\/actualites\/wp-content\/uploads\/2024\/09\/vie-associative-1-150x150.jpg\",\"contentUrl\":\"https:\/\/vieassociative.be\/actualites\/wp-content\/uploads\/2024\/09\/vie-associative-1-150x150.jpg\",\"caption\":\"Julien\"},\"description\":\"Je suis Julien, r\u00e9dacteur pour Vie Associative. Passionn\u00e9 par le monde associatif depuis plus de 10 ans, j'ai \u00e0 c\u0153ur de partager des histoires inspirantes et de mettre en lumi\u00e8re les initiatives locales. Mon objectif est de sensibiliser et d'encourager l'engagement communautaire \u00e0 travers mes articles.\",\"sameAs\":[\"https:\/\/vieassociative.be\/\"]}]}<\/script>\n<!-- \/ Yoast SEO plugin. -->","yoast_head_json":{"title":"O'Connor remporte la sc\u00e8ne royale-Pogacar devant la quatri\u00e8me tourn\u00e9e Victory-Lipowitz doit s'inqui\u00e9ter de la 3e place | Vie Associative","robots":{"index":"index","follow":"follow","max-snippet":"max-snippet:-1","max-image-preview":"max-image-preview:large","max-video-preview":"max-video-preview:-1"},"canonical":"https:\/\/vieassociative.be\/actualites\/oconnor-remporte-la-scene-royale-pogacar-devant-la-quatrieme-tournee-victory-lipowitz-doit-sinquieter-de-la-3e-place\/","og_locale":"fr_FR","og_type":"article","og_title":"O'Connor remporte la sc\u00e8ne royale-Pogacar devant la quatri\u00e8me tourn\u00e9e Victory-Lipowitz doit s'inqui\u00e9ter de la 3e place | Vie Associative","og_description":"Dans la lutte pour le maillot jaune, la superstar Tadej Pogacar a diminu\u00e9 de plus de pr\u00e9cieuses secondes dans la lutte pour la victoire globale","og_url":"https:\/\/vieassociative.be\/actualites\/oconnor-remporte-la-scene-royale-pogacar-devant-la-quatrieme-tournee-victory-lipowitz-doit-sinquieter-de-la-3e-place\/","og_site_name":"Vie Associative","article_published_time":"2025-07-24T20:17:04+00:00","og_image":[{"width":279,"height":92,"url":"https:\/\/vieassociative.be\/actualites\/wp-content\/uploads\/2024\/09\/header_backgroundk-01-e1726694325946.png","type":"image\/png"}],"author":"Julien","twitter_card":"summary_large_image","twitter_misc":{"\u00c9crit par":"Julien","Dur\u00e9e de lecture est.":"1 minute"},"schema":{"@context":"https:\/\/schema.org","@graph":[{"@type":"Article","@id":"https:\/\/vieassociative.be\/actualites\/oconnor-remporte-la-scene-royale-pogacar-devant-la-quatrieme-tournee-victory-lipowitz-doit-sinquieter-de-la-3e-place\/#article","isPartOf":{"@id":"https:\/\/vieassociative.be\/actualites\/oconnor-remporte-la-scene-royale-pogacar-devant-la-quatrieme-tournee-victory-lipowitz-doit-sinquieter-de-la-3e-place\/"},"author":{"name":"Julien","@id":"https:\/\/vieassociative.be\/actualites\/#\/schema\/person\/b87ac4f82f9d4e7b7cec7395b679edc4"},"headline":"O&rsquo;Connor remporte la sc\u00e8ne royale-Pogacar devant la quatri\u00e8me tourn\u00e9e Victory-Lipowitz doit s&rsquo;inqui\u00e9ter de la 3e place","datePublished":"2025-07-24T20:17:04+00:00","dateModified":"2025-07-24T20:17:04+00:00","mainEntityOfPage":{"@id":"https:\/\/vieassociative.be\/actualites\/oconnor-remporte-la-scene-royale-pogacar-devant-la-quatrieme-tournee-victory-lipowitz-doit-sinquieter-de-la-3e-place\/"},"wordCount":287,"publisher":{"@id":"https:\/\/vieassociative.be\/actualites\/#organization"},"image":{"@id":"https:\/\/vieassociative.be\/actualites\/oconnor-remporte-la-scene-royale-pogacar-devant-la-quatrieme-tournee-victory-lipowitz-doit-sinquieter-de-la-3e-place\/#primaryimage"},"thumbnailUrl":"https:\/\/vieassociative.be\/actualites\/wp-content\/uploads\/2025\/07\/1753388225_OConnor-remporte-la-scene-royale-Pogacar-devant-la-quatrieme-tournee-Victory-Lipowitz.jpg","keywords":["devant","doit","OConnor","place","quatri\u00e8me","remport\u00e9","royalePogacar","sc\u00e8ne","sinqui\u00e9ter","tourn\u00e9e","VictoryLipowitz"],"articleSection":["Belgique"],"inLanguage":"fr-BE"},{"@type":"WebPage","@id":"https:\/\/vieassociative.be\/actualites\/oconnor-remporte-la-scene-royale-pogacar-devant-la-quatrieme-tournee-victory-lipowitz-doit-sinquieter-de-la-3e-place\/","url":"https:\/\/vieassociative.be\/actualites\/oconnor-remporte-la-scene-royale-pogacar-devant-la-quatrieme-tournee-victory-lipowitz-doit-sinquieter-de-la-3e-place\/","name":"O'Connor remporte la sc\u00e8ne royale-Pogacar devant la quatri\u00e8me tourn\u00e9e Victory-Lipowitz doit s'inqui\u00e9ter de la 3e place | Vie Associative","isPartOf":{"@id":"https:\/\/vieassociative.be\/actualites\/#website"},"primaryImageOfPage":{"@id":"https:\/\/vieassociative.be\/actualites\/oconnor-remporte-la-scene-royale-pogacar-devant-la-quatrieme-tournee-victory-lipowitz-doit-sinquieter-de-la-3e-place\/#primaryimage"},"image":{"@id":"https:\/\/vieassociative.be\/actualites\/oconnor-remporte-la-scene-royale-pogacar-devant-la-quatrieme-tournee-victory-lipowitz-doit-sinquieter-de-la-3e-place\/#primaryimage"},"thumbnailUrl":"https:\/\/vieassociative.be\/actualites\/wp-content\/uploads\/2025\/07\/1753388225_OConnor-remporte-la-scene-royale-Pogacar-devant-la-quatrieme-tournee-Victory-Lipowitz.jpg","datePublished":"2025-07-24T20:17:04+00:00","dateModified":"2025-07-24T20:17:04+00:00","breadcrumb":{"@id":"https:\/\/vieassociative.be\/actualites\/oconnor-remporte-la-scene-royale-pogacar-devant-la-quatrieme-tournee-victory-lipowitz-doit-sinquieter-de-la-3e-place\/#breadcrumb"},"inLanguage":"fr-BE","potentialAction":[{"@type":"ReadAction","target":["https:\/\/vieassociative.be\/actualites\/oconnor-remporte-la-scene-royale-pogacar-devant-la-quatrieme-tournee-victory-lipowitz-doit-sinquieter-de-la-3e-place\/"]}]},{"@type":"ImageObject","inLanguage":"fr-BE","@id":"https:\/\/vieassociative.be\/actualites\/oconnor-remporte-la-scene-royale-pogacar-devant-la-quatrieme-tournee-victory-lipowitz-doit-sinquieter-de-la-3e-place\/#primaryimage","url":"https:\/\/vieassociative.be\/actualites\/wp-content\/uploads\/2025\/07\/1753388225_OConnor-remporte-la-scene-royale-Pogacar-devant-la-quatrieme-tournee-Victory-Lipowitz.jpg","contentUrl":"https:\/\/vieassociative.be\/actualites\/wp-content\/uploads\/2025\/07\/1753388225_OConnor-remporte-la-scene-royale-Pogacar-devant-la-quatrieme-tournee-Victory-Lipowitz.jpg","width":1200,"height":800,"caption":"O'Connor remporte la sc\u00e8ne royale-Pogacar devant la quatri\u00e8me tourn\u00e9e Victory-Lipowitz doit s'inqui\u00e9ter de la 3e place"},{"@type":"BreadcrumbList","@id":"https:\/\/vieassociative.be\/actualites\/oconnor-remporte-la-scene-royale-pogacar-devant-la-quatrieme-tournee-victory-lipowitz-doit-sinquieter-de-la-3e-place\/#breadcrumb","itemListElement":[{"@type":"ListItem","position":1,"name":"Accueil","item":"https:\/\/vieassociative.be\/actualites\/"},{"@type":"ListItem","position":2,"name":"O&rsquo;Connor remporte la sc\u00e8ne royale-Pogacar devant la quatri\u00e8me tourn\u00e9e Victory-Lipowitz doit s&rsquo;inqui\u00e9ter de la 3e place"}]},{"@type":"WebSite","@id":"https:\/\/vieassociative.be\/actualites\/#website","url":"https:\/\/vieassociative.be\/actualites\/","name":"Vie Associative","description":"","publisher":{"@id":"https:\/\/vieassociative.be\/actualites\/#organization"},"potentialAction":[{"@type":"SearchAction","target":{"@type":"EntryPoint","urlTemplate":"https:\/\/vieassociative.be\/actualites\/?s={search_term_string}"},"query-input":{"@type":"PropertyValueSpecification","valueRequired":true,"valueName":"search_term_string"}}],"inLanguage":"fr-BE"},{"@type":"Organization","@id":"https:\/\/vieassociative.be\/actualites\/#organization","name":"Vie Associative","url":"https:\/\/vieassociative.be\/actualites\/","logo":{"@type":"ImageObject","inLanguage":"fr-BE","@id":"https:\/\/vieassociative.be\/actualites\/#\/schema\/logo\/image\/","url":"https:\/\/vieassociative.be\/actualites\/wp-content\/uploads\/2024\/09\/cropped-vieassociative_favicon.ico.png","contentUrl":"https:\/\/vieassociative.be\/actualites\/wp-content\/uploads\/2024\/09\/cropped-vieassociative_favicon.ico.png","width":512,"height":512,"caption":"Vie Associative"},"image":{"@id":"https:\/\/vieassociative.be\/actualites\/#\/schema\/logo\/image\/"}},{"@type":"Person","@id":"https:\/\/vieassociative.be\/actualites\/#\/schema\/person\/b87ac4f82f9d4e7b7cec7395b679edc4","name":"Julien","image":{"@type":"ImageObject","inLanguage":"fr-BE","@id":"https:\/\/vieassociative.be\/actualites\/#\/schema\/person\/image\/","url":"https:\/\/vieassociative.be\/actualites\/wp-content\/uploads\/2024\/09\/vie-associative-1-150x150.jpg","contentUrl":"https:\/\/vieassociative.be\/actualites\/wp-content\/uploads\/2024\/09\/vie-associative-1-150x150.jpg","caption":"Julien"},"description":"Je suis Julien, r\u00e9dacteur pour Vie Associative. Passionn\u00e9 par le monde associatif depuis plus de 10 ans, j'ai \u00e0 c\u0153ur de partager des histoires inspirantes et de mettre en lumi\u00e8re les initiatives locales. Mon objectif est de sensibiliser et d'encourager l'engagement communautaire \u00e0 travers mes articles.","sameAs":["https:\/\/vieassociative.be\/"]}]}},"_links":{"self":[{"href":"https:\/\/vieassociative.be\/actualites\/wp-json\/wp\/v2\/posts\/8985"}],"collection":[{"href":"https:\/\/vieassociative.be\/actualites\/wp-json\/wp\/v2\/posts"}],"about":[{"href":"https:\/\/vieassociative.be\/actualites\/wp-json\/wp\/v2\/types\/post"}],"author":[{"embeddable":true,"href":"https:\/\/vieassociative.be\/actualites\/wp-json\/wp\/v2\/users\/1"}],"replies":[{"embeddable":true,"href":"https:\/\/vieassociative.be\/actualites\/wp-json\/wp\/v2\/comments?post=8985"}],"version-history":[{"count":0,"href":"https:\/\/vieassociative.be\/actualites\/wp-json\/wp\/v2\/posts\/8985\/revisions"}],"wp:featuredmedia":[{"embeddable":true,"href":"https:\/\/vieassociative.be\/actualites\/wp-json\/wp\/v2\/media\/8986"}],"wp:attachment":[{"href":"https:\/\/vieassociative.be\/actualites\/wp-json\/wp\/v2\/media?parent=8985"}],"wp:term":[{"taxonomy":"category","embeddable":true,"href":"https:\/\/vieassociative.be\/actualites\/wp-json\/wp\/v2\/categories?post=8985"},{"taxonomy":"post_tag","embeddable":true,"href":"https:\/\/vieassociative.be\/actualites\/wp-json\/wp\/v2\/tags?post=8985"}],"curies":[{"name":"wp","href":"https:\/\/api.w.org\/{rel}","templated":true}]}}