{"id":8983,"date":"2025-07-24T21:17:08","date_gmt":"2025-07-24T19:17:08","guid":{"rendered":"https:\/\/vieassociative.be\/actualites\/voici-ce-quil-y-a-dans-le-nouveau-public-ios-26-beta\/"},"modified":"2025-07-24T21:17:08","modified_gmt":"2025-07-24T19:17:08","slug":"voici-ce-quil-y-a-dans-le-nouveau-public-ios-26-beta","status":"publish","type":"post","link":"https:\/\/vieassociative.be\/actualites\/voici-ce-quil-y-a-dans-le-nouveau-public-ios-26-beta\/","title":{"rendered":"Voici ce qu&rsquo;il y a dans le nouveau public iOS 26 Beta"},"content":{"rendered":"<div class=\"mt-4 leading-6 md:mb-8\">La premi\u00e8re version publique iOS 26 est en fait le produit de semaines de tests.<\/div>\n<p><\/p>\n<p>La premi\u00e8re version publique d&rsquo;Apple pour iOS 26 est officiellement ici. Si vous attendiez de tester de nouvelles fonctionnalit\u00e9s, comme la refonte du verre liquide d&rsquo;Apple, d\u00e9couvrez le safari r\u00e9vis\u00e9 ou essayez la traduction en direct, c&rsquo;est maintenant votre chance. <\/p>\n<p>Mais cette premi\u00e8re version b\u00eata publique n&rsquo;est pas la premi\u00e8re it\u00e9ration d&rsquo;iOS 26. En fait, Apple a test\u00e9 ce logiciel pour les d\u00e9veloppeurs depuis la WWDC en juin, qui \u00e9tait il y a plus de six semaines. Pendant ce temps, l&rsquo;entreprise est sortie avec quatre versions diff\u00e9rentes du d\u00e9veloppeur b\u00eata, chacune avec ses propres fonctionnalit\u00e9s et changements. La plupart des caract\u00e9ristiques et attributs de base de l&rsquo;iOS 26 restent les m\u00eames, mais ils sont venus avec de nouveaux ajouts \u00e0 chaque fois, comme le bascule d&rsquo;Apple sur la transparence du verre liquide, et une nouvelle sonnerie qui n&rsquo;\u00e9tait pas pr\u00e9sente dans la version b\u00eata pr\u00e9c\u00e9dente.<\/p>\n<p>Le quatri\u00e8me d\u00e9veloppeur d&rsquo;Apple b\u00eata a abandonn\u00e9 mardi de cette semaine et, en l&rsquo;occurrence, est exactement la m\u00eame mise \u00e0 jour que les testeurs b\u00eata publics essaient maintenant aujourd&rsquo;hui. Ce sont les changements cl\u00e9s qui s&rsquo;appliquent aux deux versions de la version b\u00eata, pour toute personne venant du d\u00e9veloppeur iOS 26 Beta 3. <\/p>\n<h2 id=\"liquid-glass-is-more-translucent\">Le verre liquide est plus translucide<\/h2>\n<p>Apple a essay\u00e9 de trouver sa semelle avec du verre liquide, et il a \u00e9t\u00e9 un peu des montagnes russes. Lorsque la premi\u00e8re version b\u00eata a chut\u00e9, les gens se sont plaints que l&rsquo;effet vitreux manquait de visibilit\u00e9, surtout quand il y avait beaucoup de choses \u00e0 l&rsquo;\u00e9cran. Au cours des deux b\u00eatas suivants, Apple a r\u00e9duit la translucidit\u00e9 de l&rsquo;effet, au point o\u00f9 elle ressemblait plus \u00e0 du verre givr\u00e9 que le verre liquide. <\/p>\n<p>Cependant, la mar\u00e9e semble retourner dans l&rsquo;autre sens. Dev Beta 4 et Public Beta 1 pr\u00e9sentent d\u00e9sormais \u00e0 nouveau un verre liquide plus en verre. <\/p>\n<blockquote class=\"twitterEmbed twitter-tweet\"><p>\n    <a rel=\"nofollow noopener\" class=\"text-gray-600\" href=\"https:\/\/twitter.com\/theapplehub\/status\/1947785935388586417\" title=\"open in a new window\" target=\"_blank\"><\/p>\n<p>        Ce tweet n&rsquo;est actuellement pas disponible. Il peut \u00eatre charg\u00e9 ou a \u00e9t\u00e9 supprim\u00e9.<br \/>\n    <\/a>\n<\/p><\/blockquote>\n<h2 id=\"notification-summaries-for-news-are-back\">Les r\u00e9sum\u00e9s de notification pour les nouvelles sont de retour<\/h2>\n<p>La tentative d&rsquo;Apple de r\u00e9sumer les notifications et les alertes avec l&rsquo;IA a eu des moments difficiles. Il y a eu le temps que les alertes r\u00e9sumaient le partenaire d&rsquo;un utilisateur qui rompent avec eux avant d&rsquo;avoir eu la chance de lire les messages r\u00e9els eux-m\u00eames. Mais pire encore, la caract\u00e9ristique a r\u00e9sum\u00e9 par erreur un titre de la BBC, ce qui donnait l&rsquo;impression que le tireur de soins de sant\u00e9 United pr\u00e9sum\u00e9 Luigi Mangione est d\u00e9c\u00e9d\u00e9 en prison par suicide. Apr\u00e8s l&rsquo;incident, Apple a d\u00e9sactiv\u00e9 la fonctionnalit\u00e9 de toute alerte dans les cat\u00e9gories de nouvelles et de divertissement. <\/p>\n<p>Vous constaterez apr\u00e8s avoir install\u00e9 les derniers b\u00eatas iOS 26, cependant, que les r\u00e9sum\u00e9s de notification pour les nouvelles et les divertissements sont de retour. Non seulement ces r\u00e9sum\u00e9s arborent la m\u00eame police en italique que les autres r\u00e9sum\u00e9s de l&rsquo;intelligence d&rsquo;Apple, mais ils viennent \u00e9galement avec un message clair: \u00ab\u00a0r\u00e9sum\u00e9 par Apple Intelligence\u00a0\u00bb. En tant que tel, il devrait \u00eatre \u00e9vident que tout r\u00e9sum\u00e9 pourrait \u00eatre faux, car l&rsquo;IA a la mauvaise habitude de faire des choses de temps en temps. <\/p>\n<h2 id=\"new-wallpapers-for-carplay\">12 nouveaux fonds d&rsquo;\u00e9cran pour carplay<\/h2>\n<p>IOS 26 pr\u00e9sente de nouvelles fonctionnalit\u00e9s pour les utilisateurs de Carplay, y compris les widgets, les activit\u00e9s en direct et une nouvelle interface dynamique. Avec la derni\u00e8re version b\u00eata, vous avez \u00e9galement votre choix de l&rsquo;une des six nouvelles couleurs: bleu, marron, gris, vert, violet et rouge, chacun avec des options pour un th\u00e8me clair ou sombre. C&rsquo;est effectivement 12 nouveaux fonds d&rsquo;\u00e9cran pour Carplay. <\/p>\n<blockquote class=\"twitterEmbed twitter-tweet\"><p>\n    <a rel=\"nofollow noopener\" class=\"text-gray-600\" href=\"https:\/\/twitter.com\/aaronp613\/status\/1947729632737833436\" title=\"open in a new window\" target=\"_blank\"><\/p>\n<p>        Ce tweet n&rsquo;est actuellement pas disponible. Il peut \u00eatre charg\u00e9 ou a \u00e9t\u00e9 supprim\u00e9.<br \/>\n    <\/a>\n<\/p><\/blockquote>\n<h2 id=\"passcode-and-passwords\">Mot de passe et mots de passe<\/h2>\n<p>Comme rep\u00e9r\u00e9 par Macrumors, l&rsquo;application Mots de passe propose une nouvelle option appel\u00e9e \u00ab\u00a0Autoriser la contaction des sites Web\u00a0\u00bb. Lorsque vous activez cela, les mots de passe contacteront en priv\u00e9 des sites Web pour deux raisons: une, pour afficher des ic\u00f4nes mises \u00e0 jour pour les applications et les sites Web pour lesquels vous avez enregistr\u00e9 des \u00e9l\u00e9ments; et deux, pour v\u00e9rifier si le site Web prend en charge Passkeys.<\/p>\n<p>De plus, vous verrez \u00e9galement une nouvelle invite \u00ab\u00a0Entrez votre code d&rsquo;acc\u00e8s\u00a0\u00bb lors de l&rsquo;acc\u00e8s \u00e0 vos param\u00e8tres FACE ID et code d&rsquo;acc\u00e8s. <\/p>\n<h2 id=\"screen-unknown-callers-updates\">\u00c9cran les mises \u00e0 jour des appelants inconnus<\/h2>\n<p>Screen Unknown Callers est une excellente nouvelle fonctionnalit\u00e9 dans iOS 26 pour \u00e9liminer les appels sans importance ou le spam. Avec la derni\u00e8re version b\u00eata, MacRumors a \u00e9galement d\u00e9couvert qu&rsquo;Apple a ajout\u00e9 de nouvelles options \u00e0 ce param\u00e8tre. Maintenant, vous pouvez choisir \u00ab\u00a0Demandez la raison d&rsquo;appeler\u00a0\u00bb pour demander \u00e0 iOS la raison de l&rsquo;appel; \u00ab\u00a0Silence\u00a0\u00bb pour faire taire le nombre inconnu; ou \u00ab\u00a0jamais\u00a0\u00bb pour garder la fonctionnalit\u00e9 enti\u00e8rement \u00e9teinte.  <\/p>\n<h2 id=\"weather-can-use-significant-locations\">La m\u00e9t\u00e9o peut utiliser des emplacements importants<\/h2>\n<p>\u00ab\u00a0Emplacements importants\u00a0\u00bb permet \u00e0 votre iPhone de suivre les endroits que vous visitez souvent. L&rsquo;objectif est d&rsquo;apprendre o\u00f9 sont vos emplacements les plus importants et d&rsquo;offrir des services pertinents sur diverses applications. <\/p>\n<p>Vous pouvez d\u00e9sactiver cette fonctionnalit\u00e9 si elle vous fait glisser, mais il semble que le temps en profite maintenant dans la derni\u00e8re version b\u00eata iOS 26. Macrumors a trouv\u00e9 une nouvelle bascule \u00ab\u00a0Utiliser des emplacements importants\u00a0\u00bb dans les param\u00e8tres de Weather, qui lui permet d&rsquo;acc\u00e9der \u00e0 votre maison et \u00e0 vos adresses de travail \u00e0 partir de contacts, ainsi que des destinations que vous visitez probablement. <\/p>\n<p>Le cadre n&rsquo;entre pas plus en d\u00e9tail que cela, mais il semble \u00e9vident que la fonctionnalit\u00e9 est destin\u00e9e \u00e0 vous avertir de la m\u00e9t\u00e9o pour tout emplacement important, iOS pense que vous pourriez vous diriger. Si iOS pense que vous pourriez vous diriger vers le travail, cela pourrait vous envoyer une alerte qu&rsquo;il pleut pr\u00e8s de votre bureau, alors apportez un parapluie.<\/p>\n<h2 id=\"ios-26-wallpapers-are-now-dynamic\">Les fonds d&rsquo;\u00e9cran iOS 26 sont maintenant dynamiques<\/h2>\n<p>Apple continue d&rsquo;ajuster ses fonds d&rsquo;\u00e9cran pour iOS 26. Last Beta, la soci\u00e9t\u00e9 a ajout\u00e9 de nouvelles options de couleurs. Maintenant, MacRumors a constat\u00e9 que les fonds d&rsquo;\u00e9cran sont dynamiques. Cela signifie qu&rsquo;ils changeront tout au long de la journ\u00e9e.<\/p>\n<p><script async src=\"https:\/\/platform.twitter.com\/widgets.js\" charset=\"utf-8\"><\/script><\/p>\n","protected":false},"excerpt":{"rendered":"<p>La premi\u00e8re version publique iOS 26 est en fait le produit de semaines de tests. La premi\u00e8re version publique d&rsquo;Apple pour iOS 26 est officiellement<\/p>\n","protected":false},"author":1,"featured_media":8984,"comment_status":"","ping_status":"","sticky":false,"template":"","format":"standard","meta":{"footnotes":""},"categories":[13],"tags":[4813,166,21,553,659,1855,529],"class_list":["post-8983","post","type-post","status-publish","format-standard","has-post-thumbnail","hentry","category-technologie","tag-beta","tag-dans","tag-ios","tag-nouveau","tag-public","tag-quil","tag-voici","generate-columns","tablet-grid-50","mobile-grid-100","grid-parent","grid-33"],"yoast_head":"<!-- This site is optimized with the Yoast SEO plugin v24.0 - https:\/\/yoast.com\/wordpress\/plugins\/seo\/ -->\n<title>Voici ce qu&#039;il y a dans le nouveau public iOS 26 Beta | Vie Associative<\/title>\n<meta name=\"robots\" content=\"index, follow, max-snippet:-1, max-image-preview:large, max-video-preview:-1\" \/>\n<link rel=\"canonical\" href=\"https:\/\/vieassociative.be\/actualites\/voici-ce-quil-y-a-dans-le-nouveau-public-ios-26-beta\/\" \/>\n<meta property=\"og:locale\" content=\"fr_FR\" \/>\n<meta property=\"og:type\" content=\"article\" \/>\n<meta property=\"og:title\" content=\"Voici ce qu&#039;il y a dans le nouveau public iOS 26 Beta | Vie Associative\" \/>\n<meta property=\"og:description\" content=\"La premi\u00e8re version publique iOS 26 est en fait le produit de semaines de tests. La premi\u00e8re version publique d&rsquo;Apple pour iOS 26 est officiellement\" \/>\n<meta property=\"og:url\" content=\"https:\/\/vieassociative.be\/actualites\/voici-ce-quil-y-a-dans-le-nouveau-public-ios-26-beta\/\" \/>\n<meta property=\"og:site_name\" content=\"Vie Associative\" \/>\n<meta property=\"article:published_time\" content=\"2025-07-24T19:17:08+00:00\" \/>\n<meta property=\"og:image\" content=\"https:\/\/vieassociative.be\/actualites\/wp-content\/uploads\/2024\/09\/header_backgroundk-01-e1726694325946.png\" \/>\n\t<meta property=\"og:image:width\" content=\"279\" \/>\n\t<meta property=\"og:image:height\" content=\"92\" \/>\n\t<meta property=\"og:image:type\" content=\"image\/png\" \/>\n<meta name=\"author\" content=\"Julien\" \/>\n<meta name=\"twitter:card\" content=\"summary_large_image\" \/>\n<meta name=\"twitter:label1\" content=\"\u00c9crit par\" \/>\n\t<meta name=\"twitter:data1\" content=\"Julien\" \/>\n\t<meta name=\"twitter:label2\" content=\"Dur\u00e9e de lecture est.\" \/>\n\t<meta name=\"twitter:data2\" content=\"5 minutes\" \/>\n<script type=\"application\/ld+json\" class=\"yoast-schema-graph\">{\"@context\":\"https:\/\/schema.org\",\"@graph\":[{\"@type\":\"Article\",\"@id\":\"https:\/\/vieassociative.be\/actualites\/voici-ce-quil-y-a-dans-le-nouveau-public-ios-26-beta\/#article\",\"isPartOf\":{\"@id\":\"https:\/\/vieassociative.be\/actualites\/voici-ce-quil-y-a-dans-le-nouveau-public-ios-26-beta\/\"},\"author\":{\"name\":\"Julien\",\"@id\":\"https:\/\/vieassociative.be\/actualites\/#\/schema\/person\/b87ac4f82f9d4e7b7cec7395b679edc4\"},\"headline\":\"Voici ce qu&rsquo;il y a dans le nouveau public iOS 26 Beta\",\"datePublished\":\"2025-07-24T19:17:08+00:00\",\"dateModified\":\"2025-07-24T19:17:08+00:00\",\"mainEntityOfPage\":{\"@id\":\"https:\/\/vieassociative.be\/actualites\/voici-ce-quil-y-a-dans-le-nouveau-public-ios-26-beta\/\"},\"wordCount\":1126,\"publisher\":{\"@id\":\"https:\/\/vieassociative.be\/actualites\/#organization\"},\"image\":{\"@id\":\"https:\/\/vieassociative.be\/actualites\/voici-ce-quil-y-a-dans-le-nouveau-public-ios-26-beta\/#primaryimage\"},\"thumbnailUrl\":\"https:\/\/vieassociative.be\/actualites\/wp-content\/uploads\/2025\/07\/Voici-ce-quil-y-a-dans-le-nouveau-public-iOS.png\",\"keywords\":[\"b\u00eata\",\"dans\",\"iOS\",\"nouveau\",\"public\",\"quil\",\"Voici\"],\"articleSection\":[\"Technologie\"],\"inLanguage\":\"fr-BE\"},{\"@type\":\"WebPage\",\"@id\":\"https:\/\/vieassociative.be\/actualites\/voici-ce-quil-y-a-dans-le-nouveau-public-ios-26-beta\/\",\"url\":\"https:\/\/vieassociative.be\/actualites\/voici-ce-quil-y-a-dans-le-nouveau-public-ios-26-beta\/\",\"name\":\"Voici ce qu'il y a dans le nouveau public iOS 26 Beta | Vie Associative\",\"isPartOf\":{\"@id\":\"https:\/\/vieassociative.be\/actualites\/#website\"},\"primaryImageOfPage\":{\"@id\":\"https:\/\/vieassociative.be\/actualites\/voici-ce-quil-y-a-dans-le-nouveau-public-ios-26-beta\/#primaryimage\"},\"image\":{\"@id\":\"https:\/\/vieassociative.be\/actualites\/voici-ce-quil-y-a-dans-le-nouveau-public-ios-26-beta\/#primaryimage\"},\"thumbnailUrl\":\"https:\/\/vieassociative.be\/actualites\/wp-content\/uploads\/2025\/07\/Voici-ce-quil-y-a-dans-le-nouveau-public-iOS.png\",\"datePublished\":\"2025-07-24T19:17:08+00:00\",\"dateModified\":\"2025-07-24T19:17:08+00:00\",\"breadcrumb\":{\"@id\":\"https:\/\/vieassociative.be\/actualites\/voici-ce-quil-y-a-dans-le-nouveau-public-ios-26-beta\/#breadcrumb\"},\"inLanguage\":\"fr-BE\",\"potentialAction\":[{\"@type\":\"ReadAction\",\"target\":[\"https:\/\/vieassociative.be\/actualites\/voici-ce-quil-y-a-dans-le-nouveau-public-ios-26-beta\/\"]}]},{\"@type\":\"ImageObject\",\"inLanguage\":\"fr-BE\",\"@id\":\"https:\/\/vieassociative.be\/actualites\/voici-ce-quil-y-a-dans-le-nouveau-public-ios-26-beta\/#primaryimage\",\"url\":\"https:\/\/vieassociative.be\/actualites\/wp-content\/uploads\/2025\/07\/Voici-ce-quil-y-a-dans-le-nouveau-public-iOS.png\",\"contentUrl\":\"https:\/\/vieassociative.be\/actualites\/wp-content\/uploads\/2025\/07\/Voici-ce-quil-y-a-dans-le-nouveau-public-iOS.png\",\"width\":1200,\"height\":675,\"caption\":\"Voici ce qu'il y a dans le nouveau public iOS 26 Beta\"},{\"@type\":\"BreadcrumbList\",\"@id\":\"https:\/\/vieassociative.be\/actualites\/voici-ce-quil-y-a-dans-le-nouveau-public-ios-26-beta\/#breadcrumb\",\"itemListElement\":[{\"@type\":\"ListItem\",\"position\":1,\"name\":\"Accueil\",\"item\":\"https:\/\/vieassociative.be\/actualites\/\"},{\"@type\":\"ListItem\",\"position\":2,\"name\":\"Voici ce qu&rsquo;il y a dans le nouveau public iOS 26 Beta\"}]},{\"@type\":\"WebSite\",\"@id\":\"https:\/\/vieassociative.be\/actualites\/#website\",\"url\":\"https:\/\/vieassociative.be\/actualites\/\",\"name\":\"Vie Associative\",\"description\":\"\",\"publisher\":{\"@id\":\"https:\/\/vieassociative.be\/actualites\/#organization\"},\"potentialAction\":[{\"@type\":\"SearchAction\",\"target\":{\"@type\":\"EntryPoint\",\"urlTemplate\":\"https:\/\/vieassociative.be\/actualites\/?s={search_term_string}\"},\"query-input\":{\"@type\":\"PropertyValueSpecification\",\"valueRequired\":true,\"valueName\":\"search_term_string\"}}],\"inLanguage\":\"fr-BE\"},{\"@type\":\"Organization\",\"@id\":\"https:\/\/vieassociative.be\/actualites\/#organization\",\"name\":\"Vie Associative\",\"url\":\"https:\/\/vieassociative.be\/actualites\/\",\"logo\":{\"@type\":\"ImageObject\",\"inLanguage\":\"fr-BE\",\"@id\":\"https:\/\/vieassociative.be\/actualites\/#\/schema\/logo\/image\/\",\"url\":\"https:\/\/vieassociative.be\/actualites\/wp-content\/uploads\/2024\/09\/cropped-vieassociative_favicon.ico.png\",\"contentUrl\":\"https:\/\/vieassociative.be\/actualites\/wp-content\/uploads\/2024\/09\/cropped-vieassociative_favicon.ico.png\",\"width\":512,\"height\":512,\"caption\":\"Vie Associative\"},\"image\":{\"@id\":\"https:\/\/vieassociative.be\/actualites\/#\/schema\/logo\/image\/\"}},{\"@type\":\"Person\",\"@id\":\"https:\/\/vieassociative.be\/actualites\/#\/schema\/person\/b87ac4f82f9d4e7b7cec7395b679edc4\",\"name\":\"Julien\",\"image\":{\"@type\":\"ImageObject\",\"inLanguage\":\"fr-BE\",\"@id\":\"https:\/\/vieassociative.be\/actualites\/#\/schema\/person\/image\/\",\"url\":\"https:\/\/vieassociative.be\/actualites\/wp-content\/uploads\/2024\/09\/vie-associative-1-150x150.jpg\",\"contentUrl\":\"https:\/\/vieassociative.be\/actualites\/wp-content\/uploads\/2024\/09\/vie-associative-1-150x150.jpg\",\"caption\":\"Julien\"},\"description\":\"Je suis Julien, r\u00e9dacteur pour Vie Associative. Passionn\u00e9 par le monde associatif depuis plus de 10 ans, j'ai \u00e0 c\u0153ur de partager des histoires inspirantes et de mettre en lumi\u00e8re les initiatives locales. Mon objectif est de sensibiliser et d'encourager l'engagement communautaire \u00e0 travers mes articles.\",\"sameAs\":[\"https:\/\/vieassociative.be\/\"]}]}<\/script>\n<!-- \/ Yoast SEO plugin. -->","yoast_head_json":{"title":"Voici ce qu'il y a dans le nouveau public iOS 26 Beta | Vie Associative","robots":{"index":"index","follow":"follow","max-snippet":"max-snippet:-1","max-image-preview":"max-image-preview:large","max-video-preview":"max-video-preview:-1"},"canonical":"https:\/\/vieassociative.be\/actualites\/voici-ce-quil-y-a-dans-le-nouveau-public-ios-26-beta\/","og_locale":"fr_FR","og_type":"article","og_title":"Voici ce qu'il y a dans le nouveau public iOS 26 Beta | Vie Associative","og_description":"La premi\u00e8re version publique iOS 26 est en fait le produit de semaines de tests. La premi\u00e8re version publique d&rsquo;Apple pour iOS 26 est officiellement","og_url":"https:\/\/vieassociative.be\/actualites\/voici-ce-quil-y-a-dans-le-nouveau-public-ios-26-beta\/","og_site_name":"Vie Associative","article_published_time":"2025-07-24T19:17:08+00:00","og_image":[{"width":279,"height":92,"url":"https:\/\/vieassociative.be\/actualites\/wp-content\/uploads\/2024\/09\/header_backgroundk-01-e1726694325946.png","type":"image\/png"}],"author":"Julien","twitter_card":"summary_large_image","twitter_misc":{"\u00c9crit par":"Julien","Dur\u00e9e de lecture est.":"5 minutes"},"schema":{"@context":"https:\/\/schema.org","@graph":[{"@type":"Article","@id":"https:\/\/vieassociative.be\/actualites\/voici-ce-quil-y-a-dans-le-nouveau-public-ios-26-beta\/#article","isPartOf":{"@id":"https:\/\/vieassociative.be\/actualites\/voici-ce-quil-y-a-dans-le-nouveau-public-ios-26-beta\/"},"author":{"name":"Julien","@id":"https:\/\/vieassociative.be\/actualites\/#\/schema\/person\/b87ac4f82f9d4e7b7cec7395b679edc4"},"headline":"Voici ce qu&rsquo;il y a dans le nouveau public iOS 26 Beta","datePublished":"2025-07-24T19:17:08+00:00","dateModified":"2025-07-24T19:17:08+00:00","mainEntityOfPage":{"@id":"https:\/\/vieassociative.be\/actualites\/voici-ce-quil-y-a-dans-le-nouveau-public-ios-26-beta\/"},"wordCount":1126,"publisher":{"@id":"https:\/\/vieassociative.be\/actualites\/#organization"},"image":{"@id":"https:\/\/vieassociative.be\/actualites\/voici-ce-quil-y-a-dans-le-nouveau-public-ios-26-beta\/#primaryimage"},"thumbnailUrl":"https:\/\/vieassociative.be\/actualites\/wp-content\/uploads\/2025\/07\/Voici-ce-quil-y-a-dans-le-nouveau-public-iOS.png","keywords":["b\u00eata","dans","iOS","nouveau","public","quil","Voici"],"articleSection":["Technologie"],"inLanguage":"fr-BE"},{"@type":"WebPage","@id":"https:\/\/vieassociative.be\/actualites\/voici-ce-quil-y-a-dans-le-nouveau-public-ios-26-beta\/","url":"https:\/\/vieassociative.be\/actualites\/voici-ce-quil-y-a-dans-le-nouveau-public-ios-26-beta\/","name":"Voici ce qu'il y a dans le nouveau public iOS 26 Beta | Vie Associative","isPartOf":{"@id":"https:\/\/vieassociative.be\/actualites\/#website"},"primaryImageOfPage":{"@id":"https:\/\/vieassociative.be\/actualites\/voici-ce-quil-y-a-dans-le-nouveau-public-ios-26-beta\/#primaryimage"},"image":{"@id":"https:\/\/vieassociative.be\/actualites\/voici-ce-quil-y-a-dans-le-nouveau-public-ios-26-beta\/#primaryimage"},"thumbnailUrl":"https:\/\/vieassociative.be\/actualites\/wp-content\/uploads\/2025\/07\/Voici-ce-quil-y-a-dans-le-nouveau-public-iOS.png","datePublished":"2025-07-24T19:17:08+00:00","dateModified":"2025-07-24T19:17:08+00:00","breadcrumb":{"@id":"https:\/\/vieassociative.be\/actualites\/voici-ce-quil-y-a-dans-le-nouveau-public-ios-26-beta\/#breadcrumb"},"inLanguage":"fr-BE","potentialAction":[{"@type":"ReadAction","target":["https:\/\/vieassociative.be\/actualites\/voici-ce-quil-y-a-dans-le-nouveau-public-ios-26-beta\/"]}]},{"@type":"ImageObject","inLanguage":"fr-BE","@id":"https:\/\/vieassociative.be\/actualites\/voici-ce-quil-y-a-dans-le-nouveau-public-ios-26-beta\/#primaryimage","url":"https:\/\/vieassociative.be\/actualites\/wp-content\/uploads\/2025\/07\/Voici-ce-quil-y-a-dans-le-nouveau-public-iOS.png","contentUrl":"https:\/\/vieassociative.be\/actualites\/wp-content\/uploads\/2025\/07\/Voici-ce-quil-y-a-dans-le-nouveau-public-iOS.png","width":1200,"height":675,"caption":"Voici ce qu'il y a dans le nouveau public iOS 26 Beta"},{"@type":"BreadcrumbList","@id":"https:\/\/vieassociative.be\/actualites\/voici-ce-quil-y-a-dans-le-nouveau-public-ios-26-beta\/#breadcrumb","itemListElement":[{"@type":"ListItem","position":1,"name":"Accueil","item":"https:\/\/vieassociative.be\/actualites\/"},{"@type":"ListItem","position":2,"name":"Voici ce qu&rsquo;il y a dans le nouveau public iOS 26 Beta"}]},{"@type":"WebSite","@id":"https:\/\/vieassociative.be\/actualites\/#website","url":"https:\/\/vieassociative.be\/actualites\/","name":"Vie Associative","description":"","publisher":{"@id":"https:\/\/vieassociative.be\/actualites\/#organization"},"potentialAction":[{"@type":"SearchAction","target":{"@type":"EntryPoint","urlTemplate":"https:\/\/vieassociative.be\/actualites\/?s={search_term_string}"},"query-input":{"@type":"PropertyValueSpecification","valueRequired":true,"valueName":"search_term_string"}}],"inLanguage":"fr-BE"},{"@type":"Organization","@id":"https:\/\/vieassociative.be\/actualites\/#organization","name":"Vie Associative","url":"https:\/\/vieassociative.be\/actualites\/","logo":{"@type":"ImageObject","inLanguage":"fr-BE","@id":"https:\/\/vieassociative.be\/actualites\/#\/schema\/logo\/image\/","url":"https:\/\/vieassociative.be\/actualites\/wp-content\/uploads\/2024\/09\/cropped-vieassociative_favicon.ico.png","contentUrl":"https:\/\/vieassociative.be\/actualites\/wp-content\/uploads\/2024\/09\/cropped-vieassociative_favicon.ico.png","width":512,"height":512,"caption":"Vie Associative"},"image":{"@id":"https:\/\/vieassociative.be\/actualites\/#\/schema\/logo\/image\/"}},{"@type":"Person","@id":"https:\/\/vieassociative.be\/actualites\/#\/schema\/person\/b87ac4f82f9d4e7b7cec7395b679edc4","name":"Julien","image":{"@type":"ImageObject","inLanguage":"fr-BE","@id":"https:\/\/vieassociative.be\/actualites\/#\/schema\/person\/image\/","url":"https:\/\/vieassociative.be\/actualites\/wp-content\/uploads\/2024\/09\/vie-associative-1-150x150.jpg","contentUrl":"https:\/\/vieassociative.be\/actualites\/wp-content\/uploads\/2024\/09\/vie-associative-1-150x150.jpg","caption":"Julien"},"description":"Je suis Julien, r\u00e9dacteur pour Vie Associative. Passionn\u00e9 par le monde associatif depuis plus de 10 ans, j'ai \u00e0 c\u0153ur de partager des histoires inspirantes et de mettre en lumi\u00e8re les initiatives locales. Mon objectif est de sensibiliser et d'encourager l'engagement communautaire \u00e0 travers mes articles.","sameAs":["https:\/\/vieassociative.be\/"]}]}},"_links":{"self":[{"href":"https:\/\/vieassociative.be\/actualites\/wp-json\/wp\/v2\/posts\/8983"}],"collection":[{"href":"https:\/\/vieassociative.be\/actualites\/wp-json\/wp\/v2\/posts"}],"about":[{"href":"https:\/\/vieassociative.be\/actualites\/wp-json\/wp\/v2\/types\/post"}],"author":[{"embeddable":true,"href":"https:\/\/vieassociative.be\/actualites\/wp-json\/wp\/v2\/users\/1"}],"replies":[{"embeddable":true,"href":"https:\/\/vieassociative.be\/actualites\/wp-json\/wp\/v2\/comments?post=8983"}],"version-history":[{"count":0,"href":"https:\/\/vieassociative.be\/actualites\/wp-json\/wp\/v2\/posts\/8983\/revisions"}],"wp:featuredmedia":[{"embeddable":true,"href":"https:\/\/vieassociative.be\/actualites\/wp-json\/wp\/v2\/media\/8984"}],"wp:attachment":[{"href":"https:\/\/vieassociative.be\/actualites\/wp-json\/wp\/v2\/media?parent=8983"}],"wp:term":[{"taxonomy":"category","embeddable":true,"href":"https:\/\/vieassociative.be\/actualites\/wp-json\/wp\/v2\/categories?post=8983"},{"taxonomy":"post_tag","embeddable":true,"href":"https:\/\/vieassociative.be\/actualites\/wp-json\/wp\/v2\/tags?post=8983"}],"curies":[{"name":"wp","href":"https:\/\/api.w.org\/{rel}","templated":true}]}}