{"id":8981,"date":"2025-07-24T20:17:22","date_gmt":"2025-07-24T18:17:22","guid":{"rendered":"https:\/\/vieassociative.be\/actualites\/la-premiere-version-publique-dios-26-est-sortie-et-voici-pourquoi-vous-ne-devriez-pas-linstaller\/"},"modified":"2025-07-24T20:17:22","modified_gmt":"2025-07-24T18:17:22","slug":"la-premiere-version-publique-dios-26-est-sortie-et-voici-pourquoi-vous-ne-devriez-pas-linstaller","status":"publish","type":"post","link":"https:\/\/vieassociative.be\/actualites\/la-premiere-version-publique-dios-26-est-sortie-et-voici-pourquoi-vous-ne-devriez-pas-linstaller\/","title":{"rendered":"La premi\u00e8re version publique d&rsquo;iOS 26 est sortie, et voici pourquoi vous ne devriez pas l&rsquo;installer"},"content":{"rendered":"<div class=\"mt-4 leading-6 md:mb-8\">Vous pouvez essayer la nouvelle mise \u00e0 jour d&rsquo;Apple, mais je ne le recommanderais pas.<\/div>\n<p><\/p>\n<p>iOS 26 est en route. Apple a annonc\u00e9 pour la premi\u00e8re fois la derni\u00e8re mise \u00e0 jour des iPhones pendant la WWDC 2025, r\u00e9v\u00e9lant de nouvelles fonctionnalit\u00e9s, comme la refonte \u00ab\u00a0Liquid Glass\u00a0\u00bb, la premi\u00e8re refonte majeure de l&rsquo;application de l&rsquo;appareil photo au cours des ann\u00e9es et la traduction en direct pour tous les appareils Apple pris en charge.<\/p>\n<p>Apple ne pr\u00e9voit pas de publier iOS 26 au public jusqu&rsquo;\u00e0 un certain temps cet automne. Cependant, vous pouvez l&rsquo;essayer d\u00e8s maintenant, si vous avez un iPhone compatible, en installant la version b\u00eata publique iOS 26 (\u00e0 ne pas confondre avec le d\u00e9veloppeur b\u00eata). Le fait est que je ne vous recommanderais pas de l&rsquo;essayer.<\/p>\n<h2 id=\"the-two-kinds-of-ios-betas\">Les deux types de b\u00eatas iOS<\/h2>\n<p>Apple g\u00e8re deux types de b\u00eatas: un d\u00e9veloppeur b\u00eata et une version b\u00eata publique. Le d\u00e9veloppeur b\u00eata, qui fonctionne depuis le WWDC en juin, est exclusivement destin\u00e9 aux d\u00e9veloppeurs de logiciels pour installer et tester leurs applications avec iOS 26. De cette fa\u00e7on, ils peuvent mettre \u00e0 jour leurs propres applications pour bien fonctionner avec la nouvelle mise \u00e0 jour du syst\u00e8me d&rsquo;exploitation, et signaler tous les probl\u00e8mes de niveau OS \u00e0 Apple. Ces b\u00eatas sortent en premier, et sont g\u00e9n\u00e9ralement les plus bouff\u00e9s d&rsquo;une version d&rsquo;iOS. <\/p>\n<p>Ensuite, il y a la version b\u00eata publique, qu&rsquo;Apple vient de lancer aujourd&rsquo;hui. Cette version b\u00eata est destin\u00e9e au grand public int\u00e9ress\u00e9 \u00e0 essayer de nouvelles fonctionnalit\u00e9s et modifications avant leur lancement \u00e0 l&rsquo;automne. Le fait est que cela vient apr\u00e8s plus d&rsquo;un mois de test du d\u00e9veloppeur Beta: iOS 26 Public Beta 1 est techniquement iOS 26 Developer Beta 4, ce qui signifie que ce premier aper\u00e7u des testeurs publics est vraiment la quatri\u00e8me fois qu&rsquo;Apple teste une version d&rsquo;iOS 26 sur la version b\u00eata.<\/p>\n<h2 id=\"you-probably-shouldnt-install-the-ios-26-public-beta\">Vous ne devriez probablement pas installer la version b\u00eata publique iOS 26<\/h2>\n<p>C&rsquo;est tentant, compte tenu de toutes les nouvelles fonctionnalit\u00e9s et modifie qu&rsquo;Apple ajout\u00e9 cette ann\u00e9e, pour installer la version b\u00eata iOS 26 sur votre iPhone, mais je le recommande g\u00e9n\u00e9ralement contre. Les b\u00eatas, de par leur nature, sont des logiciels inachev\u00e9s. L&rsquo;int\u00e9r\u00eat d&rsquo;une version b\u00eata est de tester une nouvelle mise \u00e0 jour pour rechercher des bogues, une instabilit\u00e9 et une incompatibilit\u00e9. Les d\u00e9veloppeurs r\u00e9solvent ensuite ces probl\u00e8mes avant de publier le logiciel au public dans son ensemble. <\/p>\n<p>En installant l&rsquo;iOS 26 Beta, vous introduisez une version instable d&rsquo;iOS sur votre iPhone. Vous pouvez trouver votre iPhone difficile \u00e0 utiliser ou, dans le pire des cas, impossible \u00e0 utiliser. Et si vous devez effacer la version b\u00eata de votre iPhone, vous devrez probablement installer une version propre d&rsquo;iOS 18, ce qui pourrait entra\u00eener une perte de donn\u00e9es si vous comptez normalement sur une sauvegarde. <\/p>\n<p>Une mise en garde: si vous allez g\u00e9rer la version b\u00eata, vous feriez mieux de diriger la version b\u00eata publique maintenant qu&rsquo;elle est ici. Alors que quiconque enregistre son compte Apple en tant que d\u00e9veloppeur peut g\u00e9rer la version b\u00eata du d\u00e9veloppeur, ces b\u00eatas ont tendance \u00e0 \u00eatre plus bougons, car Apple les publie d&rsquo;abord avant de les ouvrir \u00e0 des testeurs publics. Au moins, si vous ex\u00e9cutez la version b\u00eata publique, vous ex\u00e9cutez un logiciel qui est pass\u00e9 par certains tests initiaux, donc la possibilit\u00e9 de bogues catastrophiques est beaucoup plus faible.<\/p>\n<h2 id=\"how-to-install-the-ios-26-beta\">Comment installer la version b\u00eata iOS 26<\/h2>\n<div class=\"eloquent-imagery-image\">\n<div class=\"flex justify-center\">\n                    <img decoding=\"async\" class=\"border border-gray-100\" src=\"https:\/\/vieassociative.be\/actualites\/wp-content\/uploads\/2025\/07\/La-premiere-version-publique-diOS-26-est-sortie-et-voici.jpg\" alt=\"T\u00e9l\u00e9charger iOS 26\" width=\"710\" height=\"750\" loading=\"lazy\"  >\n            <\/div>\n<\/p><\/div>\n<p>Bien que je ne vous conseille pas, vous avez votre choix entre la gestion de la version b\u00eata du d\u00e9veloppeur iOS 26, ou la version b\u00eata publique iOS 26. Les d\u00e9veloppeurs d&rsquo;Apple Betas \u00e9taient exclusifs aux d\u00e9veloppeurs avec une licence payante de 99 $. Cela a interdit \u00e0 la majeure partie du public de l&rsquo;essayer t\u00f4t, bien que certains aient trouv\u00e9 des t\u00e9l\u00e9chargements sur Internet de toute fa\u00e7on. Mais ces derni\u00e8res ann\u00e9es, Apple a rendu libre de vous inscrire au moins pour \u00eatre un d\u00e9veloppeur, qui est maintenant tout ce dont vous avez besoin pour acc\u00e9der au dev Beta. Maintenant que la version b\u00eata publique est sortie, Apple publiera probablement le Dev Beta 24 heures avant son homologue public, vous pouvez donc consid\u00e9rer cela la version \u00ab\u00a0pr\u00e9coce\u00a0\u00bb de chaque b\u00eata.<\/p>\n<p>Pour installer le d\u00e9veloppeur b\u00eata, vous devrez inscrire votre compte Apple dans le programme Apple Developer. Connectez-vous avec votre identifiant Apple ici et acceptez toutes les conditions. De l\u00e0, ouvrez l&rsquo;application Param\u00e8tres, puis allez \u00e0 <strong>G\u00e9n\u00e9ral> Mise \u00e0 jour logicielle> Mises \u00e0 jour b\u00eata<\/strong>. Ici, vous devriez avoir la possibilit\u00e9 de s\u00e9lectionner \u00ab\u00a0iOS 26 Developer Beta\u00a0\u00bb une fois disponible. Frapper <strong>Dos<\/strong> En haut \u00e0 gauche, permettez \u00e0 iOS de charger la version b\u00eata, puis frappez <strong>Mettre \u00e0 jour maintenant<\/strong>. <\/p>\n<p>Pour installer la version b\u00eata publique, vous devrez inscrire votre compte Apple dans le logiciel Apple Beta. Une fois que vous l&rsquo;avez fait, ouvrez <strong>Param\u00e8tres> G\u00e9n\u00e9ral> Mise \u00e0 jour logicielle> Mises \u00e0 jour b\u00eata<\/strong>. Choisissez \u00ab\u00a0iOS 26 Public Beta\u00a0\u00bb, puis appuyez sur <strong>Dos<\/strong>. iOS chargera la version b\u00eata et vous pourrez frapper <strong>Mettre \u00e0 jour maintenant <\/strong>Quand c&rsquo;est pr\u00eat.<\/p>\n<h2 id=\"which-iphones-are-compatible-with-ios-26\">Quels iPhones sont compatibles avec iOS 26?<\/h2>\n<p>Bien s\u00fbr, pour installer iOS 26, votre iPhone doit \u00eatre compatible avec lui. Malheureusement, Apple a hache l&rsquo;iPhone XS, XS Max et XR \u00e0 partir de la mise \u00e0 jour de cette ann\u00e9e. Cela signifie que les iPhones suivants sont compatibles avec iOS 26:<\/p>\n<ul>\n<li>\n<p>iPhone 16E<\/p>\n<\/li>\n<li>\n<p>iPhone 16<\/p>\n<\/li>\n<li>\n<p>iPhone 16 Plus<\/p>\n<\/li>\n<li>\n<p>iPhone 16 Pro<\/p>\n<\/li>\n<li>\n<p>iPhone 16 Pro Max<\/p>\n<\/li>\n<li>\n<p>iPhone 15<\/p>\n<\/li>\n<li>\n<p>iPhone 15 Plus<\/p>\n<\/li>\n<li>\n<p>iPhone 15 Pro<\/p>\n<\/li>\n<li>\n<p>iPhone 15 Pro Max<\/p>\n<\/li>\n<li>\n<p>iPhone 14<\/p>\n<\/li>\n<li>\n<p>iPhone 14 Plus<\/p>\n<\/li>\n<li>\n<p>iPhone 14 Pro<\/p>\n<\/li>\n<li>\n<p>iPhone 14 Pro Max<\/p>\n<\/li>\n<li>\n<p>iPhone 13<\/p>\n<\/li>\n<li>\n<p>iPhone 13 Mini<\/p>\n<\/li>\n<li>\n<p>iPhone 13 Pro<\/p>\n<\/li>\n<li>\n<p>iPhone 13 Pro Max<\/p>\n<\/li>\n<li>\n<p>iPhone 12<\/p>\n<\/li>\n<li>\n<p>iPhone 12 Mini<\/p>\n<\/li>\n<li>\n<p>iPhone 12 Pro<\/p>\n<\/li>\n<li>\n<p>iPhone 12 Pro Max<\/p>\n<\/li>\n<li>\n<p>iPhone 11<\/p>\n<\/li>\n<li>\n<p>iPhone 11 Pro<\/p>\n<\/li>\n<li>\n<p>iPhone 11 Pro Max<\/p>\n<\/li>\n<li>\n<p>iPhone SE (2e g\u00e9n\u00e9ration)<\/p>\n<\/li>\n<li>\n<p>iPhone SE (3e g\u00e9n\u00e9ration)<\/p>\n<\/li>\n<\/ul>\n<h2 id=\"whats-new-with-ios-26\">Quoi de neuf avec iOS 26?<\/h2>\n<p>Apple a annonc\u00e9 une multitude de nouvelles fonctionnalit\u00e9s pour cette mise \u00e0 jour logicielle. Il y a un tout nouveau design appel\u00e9 \u00ab\u00a0Liquid Glass\u00a0\u00bb, qui est bas\u00e9 sur la fa\u00e7on dont la lumi\u00e8re et les objets apparaissent \u00e0 travers le verre. Cela peut sembler pr\u00e9tentieux, mais, pour \u00eatre honn\u00eate, je creuse le design: c&rsquo;est minimaliste et semble avoir une grande attention aux d\u00e9tails. Apple a subi des changements de conception pour le verre liquide tout au long de ce cycle b\u00eata, et j&rsquo;ai h\u00e2te de tester celui-ci. <\/p>\n<p>La traduction en direct peut traduire l&rsquo;audio et le texte de la m\u00eame mani\u00e8re, vous pouvez donc avoir des conversations bilingues sans conna\u00eetre une autre langue. Visual Intelligence, qui vous permet d&rsquo;analyser les sujets avec votre appareil photo, fonctionne d\u00e9sormais avec tout sur l&rsquo;\u00e9cran de votre iPhone, ce qui devrait rendre la fonctionnalit\u00e9 encore plus utile. Genmoji et Image Playground vous permet d\u00e9sormais de combiner deux images AI en une seule, et les raccourcis ont d\u00e9sormais un support d&rsquo;intelligence d&rsquo;Apple. <\/p>\n<p>L&rsquo;application t\u00e9l\u00e9phonique obtient une refonte, ainsi que de nouvelles fonctionnalit\u00e9s qui devraient r\u00e9duire le spam: le d\u00e9pistage des appels, qui demande aux appelants de leurs informations avant de les ramener \u00e0 vous et de conserver l&rsquo;assistance, qui vous permet de savoir quand un agent en direct est disponible sur un appel. Vous pouvez \u00e9galement d\u00e9pister les textes dans l&rsquo;application Messages, et impl\u00e9menter des arri\u00e8re-plans personnalis\u00e9s et g\u00e9n\u00e9rer des sondages. Les chats de groupe prennent d\u00e9sormais en charge les indicateurs de saisie. Vous verrez \u00e9galement une application de cam\u00e9ra redessin\u00e9e lorsque vous prenez une photo pour la premi\u00e8re fois dans iOS 26. <\/p>\n","protected":false},"excerpt":{"rendered":"<p>Vous pouvez essayer la nouvelle mise \u00e0 jour d&rsquo;Apple, mais je ne le recommanderais pas. iOS 26 est en route. Apple a annonc\u00e9 pour la<\/p>\n","protected":false},"author":1,"featured_media":8982,"comment_status":"","ping_status":"","sticky":false,"template":"","format":"standard","meta":{"footnotes":""},"categories":[13],"tags":[636,285,76,7897,126,734,610,2922,2471,2376,529,4],"class_list":["post-8981","post","type-post","status-publish","format-standard","has-post-thumbnail","hentry","category-technologie","tag-devriez","tag-dios","tag-est","tag-linstaller","tag-pas","tag-pourquoi","tag-premiere","tag-publique","tag-sortie","tag-version","tag-voici","tag-vous","generate-columns","tablet-grid-50","mobile-grid-100","grid-parent","grid-33"],"yoast_head":"<!-- This site is optimized with the Yoast SEO plugin v24.0 - https:\/\/yoast.com\/wordpress\/plugins\/seo\/ -->\n<title>La premi\u00e8re version publique d&#039;iOS 26 est sortie, et voici pourquoi vous ne devriez pas l&#039;installer | Vie Associative<\/title>\n<meta name=\"robots\" content=\"index, follow, max-snippet:-1, max-image-preview:large, max-video-preview:-1\" \/>\n<link rel=\"canonical\" href=\"https:\/\/vieassociative.be\/actualites\/la-premiere-version-publique-dios-26-est-sortie-et-voici-pourquoi-vous-ne-devriez-pas-linstaller\/\" \/>\n<meta property=\"og:locale\" content=\"fr_FR\" \/>\n<meta property=\"og:type\" content=\"article\" \/>\n<meta property=\"og:title\" content=\"La premi\u00e8re version publique d&#039;iOS 26 est sortie, et voici pourquoi vous ne devriez pas l&#039;installer | Vie Associative\" \/>\n<meta property=\"og:description\" content=\"Vous pouvez essayer la nouvelle mise \u00e0 jour d&rsquo;Apple, mais je ne le recommanderais pas. iOS 26 est en route. Apple a annonc\u00e9 pour la\" \/>\n<meta property=\"og:url\" content=\"https:\/\/vieassociative.be\/actualites\/la-premiere-version-publique-dios-26-est-sortie-et-voici-pourquoi-vous-ne-devriez-pas-linstaller\/\" \/>\n<meta property=\"og:site_name\" content=\"Vie Associative\" \/>\n<meta property=\"article:published_time\" content=\"2025-07-24T18:17:22+00:00\" \/>\n<meta property=\"og:image\" content=\"https:\/\/vieassociative.be\/actualites\/wp-content\/uploads\/2025\/07\/La-premiere-version-publique-diOS-26-est-sortie-et-voici.jpg\" \/>\n<meta name=\"author\" content=\"Julien\" \/>\n<meta name=\"twitter:card\" content=\"summary_large_image\" \/>\n<meta name=\"twitter:label1\" content=\"\u00c9crit par\" \/>\n\t<meta name=\"twitter:data1\" content=\"Julien\" \/>\n\t<meta name=\"twitter:label2\" content=\"Dur\u00e9e de lecture est.\" \/>\n\t<meta name=\"twitter:data2\" content=\"6 minutes\" \/>\n<script type=\"application\/ld+json\" class=\"yoast-schema-graph\">{\"@context\":\"https:\/\/schema.org\",\"@graph\":[{\"@type\":\"Article\",\"@id\":\"https:\/\/vieassociative.be\/actualites\/la-premiere-version-publique-dios-26-est-sortie-et-voici-pourquoi-vous-ne-devriez-pas-linstaller\/#article\",\"isPartOf\":{\"@id\":\"https:\/\/vieassociative.be\/actualites\/la-premiere-version-publique-dios-26-est-sortie-et-voici-pourquoi-vous-ne-devriez-pas-linstaller\/\"},\"author\":{\"name\":\"Julien\",\"@id\":\"https:\/\/vieassociative.be\/actualites\/#\/schema\/person\/b87ac4f82f9d4e7b7cec7395b679edc4\"},\"headline\":\"La premi\u00e8re version publique d&rsquo;iOS 26 est sortie, et voici pourquoi vous ne devriez pas l&rsquo;installer\",\"datePublished\":\"2025-07-24T18:17:22+00:00\",\"dateModified\":\"2025-07-24T18:17:22+00:00\",\"mainEntityOfPage\":{\"@id\":\"https:\/\/vieassociative.be\/actualites\/la-premiere-version-publique-dios-26-est-sortie-et-voici-pourquoi-vous-ne-devriez-pas-linstaller\/\"},\"wordCount\":1348,\"publisher\":{\"@id\":\"https:\/\/vieassociative.be\/actualites\/#organization\"},\"image\":{\"@id\":\"https:\/\/vieassociative.be\/actualites\/la-premiere-version-publique-dios-26-est-sortie-et-voici-pourquoi-vous-ne-devriez-pas-linstaller\/#primaryimage\"},\"thumbnailUrl\":\"https:\/\/vieassociative.be\/actualites\/wp-content\/uploads\/2025\/07\/La-premiere-version-publique-diOS-26-est-sortie-et-voici.png\",\"keywords\":[\"devriez\",\"diOS\",\"est\",\"linstaller\",\"pas\",\"Pourquoi\",\"premi\u00e8re\",\"publique\",\"Sortie\",\"version\",\"Voici\",\"Vous\"],\"articleSection\":[\"Technologie\"],\"inLanguage\":\"fr-BE\"},{\"@type\":\"WebPage\",\"@id\":\"https:\/\/vieassociative.be\/actualites\/la-premiere-version-publique-dios-26-est-sortie-et-voici-pourquoi-vous-ne-devriez-pas-linstaller\/\",\"url\":\"https:\/\/vieassociative.be\/actualites\/la-premiere-version-publique-dios-26-est-sortie-et-voici-pourquoi-vous-ne-devriez-pas-linstaller\/\",\"name\":\"La premi\u00e8re version publique d'iOS 26 est sortie, et voici pourquoi vous ne devriez pas l'installer | Vie Associative\",\"isPartOf\":{\"@id\":\"https:\/\/vieassociative.be\/actualites\/#website\"},\"primaryImageOfPage\":{\"@id\":\"https:\/\/vieassociative.be\/actualites\/la-premiere-version-publique-dios-26-est-sortie-et-voici-pourquoi-vous-ne-devriez-pas-linstaller\/#primaryimage\"},\"image\":{\"@id\":\"https:\/\/vieassociative.be\/actualites\/la-premiere-version-publique-dios-26-est-sortie-et-voici-pourquoi-vous-ne-devriez-pas-linstaller\/#primaryimage\"},\"thumbnailUrl\":\"https:\/\/vieassociative.be\/actualites\/wp-content\/uploads\/2025\/07\/La-premiere-version-publique-diOS-26-est-sortie-et-voici.png\",\"datePublished\":\"2025-07-24T18:17:22+00:00\",\"dateModified\":\"2025-07-24T18:17:22+00:00\",\"breadcrumb\":{\"@id\":\"https:\/\/vieassociative.be\/actualites\/la-premiere-version-publique-dios-26-est-sortie-et-voici-pourquoi-vous-ne-devriez-pas-linstaller\/#breadcrumb\"},\"inLanguage\":\"fr-BE\",\"potentialAction\":[{\"@type\":\"ReadAction\",\"target\":[\"https:\/\/vieassociative.be\/actualites\/la-premiere-version-publique-dios-26-est-sortie-et-voici-pourquoi-vous-ne-devriez-pas-linstaller\/\"]}]},{\"@type\":\"ImageObject\",\"inLanguage\":\"fr-BE\",\"@id\":\"https:\/\/vieassociative.be\/actualites\/la-premiere-version-publique-dios-26-est-sortie-et-voici-pourquoi-vous-ne-devriez-pas-linstaller\/#primaryimage\",\"url\":\"https:\/\/vieassociative.be\/actualites\/wp-content\/uploads\/2025\/07\/La-premiere-version-publique-diOS-26-est-sortie-et-voici.png\",\"contentUrl\":\"https:\/\/vieassociative.be\/actualites\/wp-content\/uploads\/2025\/07\/La-premiere-version-publique-diOS-26-est-sortie-et-voici.png\",\"width\":1200,\"height\":675,\"caption\":\"La premi\u00e8re version publique d'iOS 26 est sortie, et voici pourquoi vous ne devriez pas l'installer\"},{\"@type\":\"BreadcrumbList\",\"@id\":\"https:\/\/vieassociative.be\/actualites\/la-premiere-version-publique-dios-26-est-sortie-et-voici-pourquoi-vous-ne-devriez-pas-linstaller\/#breadcrumb\",\"itemListElement\":[{\"@type\":\"ListItem\",\"position\":1,\"name\":\"Accueil\",\"item\":\"https:\/\/vieassociative.be\/actualites\/\"},{\"@type\":\"ListItem\",\"position\":2,\"name\":\"La premi\u00e8re version publique d&rsquo;iOS 26 est sortie, et voici pourquoi vous ne devriez pas l&rsquo;installer\"}]},{\"@type\":\"WebSite\",\"@id\":\"https:\/\/vieassociative.be\/actualites\/#website\",\"url\":\"https:\/\/vieassociative.be\/actualites\/\",\"name\":\"Vie Associative\",\"description\":\"\",\"publisher\":{\"@id\":\"https:\/\/vieassociative.be\/actualites\/#organization\"},\"potentialAction\":[{\"@type\":\"SearchAction\",\"target\":{\"@type\":\"EntryPoint\",\"urlTemplate\":\"https:\/\/vieassociative.be\/actualites\/?s={search_term_string}\"},\"query-input\":{\"@type\":\"PropertyValueSpecification\",\"valueRequired\":true,\"valueName\":\"search_term_string\"}}],\"inLanguage\":\"fr-BE\"},{\"@type\":\"Organization\",\"@id\":\"https:\/\/vieassociative.be\/actualites\/#organization\",\"name\":\"Vie Associative\",\"url\":\"https:\/\/vieassociative.be\/actualites\/\",\"logo\":{\"@type\":\"ImageObject\",\"inLanguage\":\"fr-BE\",\"@id\":\"https:\/\/vieassociative.be\/actualites\/#\/schema\/logo\/image\/\",\"url\":\"https:\/\/vieassociative.be\/actualites\/wp-content\/uploads\/2024\/09\/cropped-vieassociative_favicon.ico.png\",\"contentUrl\":\"https:\/\/vieassociative.be\/actualites\/wp-content\/uploads\/2024\/09\/cropped-vieassociative_favicon.ico.png\",\"width\":512,\"height\":512,\"caption\":\"Vie Associative\"},\"image\":{\"@id\":\"https:\/\/vieassociative.be\/actualites\/#\/schema\/logo\/image\/\"}},{\"@type\":\"Person\",\"@id\":\"https:\/\/vieassociative.be\/actualites\/#\/schema\/person\/b87ac4f82f9d4e7b7cec7395b679edc4\",\"name\":\"Julien\",\"image\":{\"@type\":\"ImageObject\",\"inLanguage\":\"fr-BE\",\"@id\":\"https:\/\/vieassociative.be\/actualites\/#\/schema\/person\/image\/\",\"url\":\"https:\/\/vieassociative.be\/actualites\/wp-content\/uploads\/2024\/09\/vie-associative-1-150x150.jpg\",\"contentUrl\":\"https:\/\/vieassociative.be\/actualites\/wp-content\/uploads\/2024\/09\/vie-associative-1-150x150.jpg\",\"caption\":\"Julien\"},\"description\":\"Je suis Julien, r\u00e9dacteur pour Vie Associative. Passionn\u00e9 par le monde associatif depuis plus de 10 ans, j'ai \u00e0 c\u0153ur de partager des histoires inspirantes et de mettre en lumi\u00e8re les initiatives locales. Mon objectif est de sensibiliser et d'encourager l'engagement communautaire \u00e0 travers mes articles.\",\"sameAs\":[\"https:\/\/vieassociative.be\/\"]}]}<\/script>\n<!-- \/ Yoast SEO plugin. -->","yoast_head_json":{"title":"La premi\u00e8re version publique d'iOS 26 est sortie, et voici pourquoi vous ne devriez pas l'installer | Vie Associative","robots":{"index":"index","follow":"follow","max-snippet":"max-snippet:-1","max-image-preview":"max-image-preview:large","max-video-preview":"max-video-preview:-1"},"canonical":"https:\/\/vieassociative.be\/actualites\/la-premiere-version-publique-dios-26-est-sortie-et-voici-pourquoi-vous-ne-devriez-pas-linstaller\/","og_locale":"fr_FR","og_type":"article","og_title":"La premi\u00e8re version publique d'iOS 26 est sortie, et voici pourquoi vous ne devriez pas l'installer | Vie Associative","og_description":"Vous pouvez essayer la nouvelle mise \u00e0 jour d&rsquo;Apple, mais je ne le recommanderais pas. iOS 26 est en route. Apple a annonc\u00e9 pour la","og_url":"https:\/\/vieassociative.be\/actualites\/la-premiere-version-publique-dios-26-est-sortie-et-voici-pourquoi-vous-ne-devriez-pas-linstaller\/","og_site_name":"Vie Associative","article_published_time":"2025-07-24T18:17:22+00:00","og_image":[{"url":"https:\/\/vieassociative.be\/actualites\/wp-content\/uploads\/2025\/07\/La-premiere-version-publique-diOS-26-est-sortie-et-voici.jpg","type":"","width":"","height":""}],"author":"Julien","twitter_card":"summary_large_image","twitter_misc":{"\u00c9crit par":"Julien","Dur\u00e9e de lecture est.":"6 minutes"},"schema":{"@context":"https:\/\/schema.org","@graph":[{"@type":"Article","@id":"https:\/\/vieassociative.be\/actualites\/la-premiere-version-publique-dios-26-est-sortie-et-voici-pourquoi-vous-ne-devriez-pas-linstaller\/#article","isPartOf":{"@id":"https:\/\/vieassociative.be\/actualites\/la-premiere-version-publique-dios-26-est-sortie-et-voici-pourquoi-vous-ne-devriez-pas-linstaller\/"},"author":{"name":"Julien","@id":"https:\/\/vieassociative.be\/actualites\/#\/schema\/person\/b87ac4f82f9d4e7b7cec7395b679edc4"},"headline":"La premi\u00e8re version publique d&rsquo;iOS 26 est sortie, et voici pourquoi vous ne devriez pas l&rsquo;installer","datePublished":"2025-07-24T18:17:22+00:00","dateModified":"2025-07-24T18:17:22+00:00","mainEntityOfPage":{"@id":"https:\/\/vieassociative.be\/actualites\/la-premiere-version-publique-dios-26-est-sortie-et-voici-pourquoi-vous-ne-devriez-pas-linstaller\/"},"wordCount":1348,"publisher":{"@id":"https:\/\/vieassociative.be\/actualites\/#organization"},"image":{"@id":"https:\/\/vieassociative.be\/actualites\/la-premiere-version-publique-dios-26-est-sortie-et-voici-pourquoi-vous-ne-devriez-pas-linstaller\/#primaryimage"},"thumbnailUrl":"https:\/\/vieassociative.be\/actualites\/wp-content\/uploads\/2025\/07\/La-premiere-version-publique-diOS-26-est-sortie-et-voici.png","keywords":["devriez","diOS","est","linstaller","pas","Pourquoi","premi\u00e8re","publique","Sortie","version","Voici","Vous"],"articleSection":["Technologie"],"inLanguage":"fr-BE"},{"@type":"WebPage","@id":"https:\/\/vieassociative.be\/actualites\/la-premiere-version-publique-dios-26-est-sortie-et-voici-pourquoi-vous-ne-devriez-pas-linstaller\/","url":"https:\/\/vieassociative.be\/actualites\/la-premiere-version-publique-dios-26-est-sortie-et-voici-pourquoi-vous-ne-devriez-pas-linstaller\/","name":"La premi\u00e8re version publique d'iOS 26 est sortie, et voici pourquoi vous ne devriez pas l'installer | Vie Associative","isPartOf":{"@id":"https:\/\/vieassociative.be\/actualites\/#website"},"primaryImageOfPage":{"@id":"https:\/\/vieassociative.be\/actualites\/la-premiere-version-publique-dios-26-est-sortie-et-voici-pourquoi-vous-ne-devriez-pas-linstaller\/#primaryimage"},"image":{"@id":"https:\/\/vieassociative.be\/actualites\/la-premiere-version-publique-dios-26-est-sortie-et-voici-pourquoi-vous-ne-devriez-pas-linstaller\/#primaryimage"},"thumbnailUrl":"https:\/\/vieassociative.be\/actualites\/wp-content\/uploads\/2025\/07\/La-premiere-version-publique-diOS-26-est-sortie-et-voici.png","datePublished":"2025-07-24T18:17:22+00:00","dateModified":"2025-07-24T18:17:22+00:00","breadcrumb":{"@id":"https:\/\/vieassociative.be\/actualites\/la-premiere-version-publique-dios-26-est-sortie-et-voici-pourquoi-vous-ne-devriez-pas-linstaller\/#breadcrumb"},"inLanguage":"fr-BE","potentialAction":[{"@type":"ReadAction","target":["https:\/\/vieassociative.be\/actualites\/la-premiere-version-publique-dios-26-est-sortie-et-voici-pourquoi-vous-ne-devriez-pas-linstaller\/"]}]},{"@type":"ImageObject","inLanguage":"fr-BE","@id":"https:\/\/vieassociative.be\/actualites\/la-premiere-version-publique-dios-26-est-sortie-et-voici-pourquoi-vous-ne-devriez-pas-linstaller\/#primaryimage","url":"https:\/\/vieassociative.be\/actualites\/wp-content\/uploads\/2025\/07\/La-premiere-version-publique-diOS-26-est-sortie-et-voici.png","contentUrl":"https:\/\/vieassociative.be\/actualites\/wp-content\/uploads\/2025\/07\/La-premiere-version-publique-diOS-26-est-sortie-et-voici.png","width":1200,"height":675,"caption":"La premi\u00e8re version publique d'iOS 26 est sortie, et voici pourquoi vous ne devriez pas l'installer"},{"@type":"BreadcrumbList","@id":"https:\/\/vieassociative.be\/actualites\/la-premiere-version-publique-dios-26-est-sortie-et-voici-pourquoi-vous-ne-devriez-pas-linstaller\/#breadcrumb","itemListElement":[{"@type":"ListItem","position":1,"name":"Accueil","item":"https:\/\/vieassociative.be\/actualites\/"},{"@type":"ListItem","position":2,"name":"La premi\u00e8re version publique d&rsquo;iOS 26 est sortie, et voici pourquoi vous ne devriez pas l&rsquo;installer"}]},{"@type":"WebSite","@id":"https:\/\/vieassociative.be\/actualites\/#website","url":"https:\/\/vieassociative.be\/actualites\/","name":"Vie Associative","description":"","publisher":{"@id":"https:\/\/vieassociative.be\/actualites\/#organization"},"potentialAction":[{"@type":"SearchAction","target":{"@type":"EntryPoint","urlTemplate":"https:\/\/vieassociative.be\/actualites\/?s={search_term_string}"},"query-input":{"@type":"PropertyValueSpecification","valueRequired":true,"valueName":"search_term_string"}}],"inLanguage":"fr-BE"},{"@type":"Organization","@id":"https:\/\/vieassociative.be\/actualites\/#organization","name":"Vie Associative","url":"https:\/\/vieassociative.be\/actualites\/","logo":{"@type":"ImageObject","inLanguage":"fr-BE","@id":"https:\/\/vieassociative.be\/actualites\/#\/schema\/logo\/image\/","url":"https:\/\/vieassociative.be\/actualites\/wp-content\/uploads\/2024\/09\/cropped-vieassociative_favicon.ico.png","contentUrl":"https:\/\/vieassociative.be\/actualites\/wp-content\/uploads\/2024\/09\/cropped-vieassociative_favicon.ico.png","width":512,"height":512,"caption":"Vie Associative"},"image":{"@id":"https:\/\/vieassociative.be\/actualites\/#\/schema\/logo\/image\/"}},{"@type":"Person","@id":"https:\/\/vieassociative.be\/actualites\/#\/schema\/person\/b87ac4f82f9d4e7b7cec7395b679edc4","name":"Julien","image":{"@type":"ImageObject","inLanguage":"fr-BE","@id":"https:\/\/vieassociative.be\/actualites\/#\/schema\/person\/image\/","url":"https:\/\/vieassociative.be\/actualites\/wp-content\/uploads\/2024\/09\/vie-associative-1-150x150.jpg","contentUrl":"https:\/\/vieassociative.be\/actualites\/wp-content\/uploads\/2024\/09\/vie-associative-1-150x150.jpg","caption":"Julien"},"description":"Je suis Julien, r\u00e9dacteur pour Vie Associative. Passionn\u00e9 par le monde associatif depuis plus de 10 ans, j'ai \u00e0 c\u0153ur de partager des histoires inspirantes et de mettre en lumi\u00e8re les initiatives locales. Mon objectif est de sensibiliser et d'encourager l'engagement communautaire \u00e0 travers mes articles.","sameAs":["https:\/\/vieassociative.be\/"]}]}},"_links":{"self":[{"href":"https:\/\/vieassociative.be\/actualites\/wp-json\/wp\/v2\/posts\/8981"}],"collection":[{"href":"https:\/\/vieassociative.be\/actualites\/wp-json\/wp\/v2\/posts"}],"about":[{"href":"https:\/\/vieassociative.be\/actualites\/wp-json\/wp\/v2\/types\/post"}],"author":[{"embeddable":true,"href":"https:\/\/vieassociative.be\/actualites\/wp-json\/wp\/v2\/users\/1"}],"replies":[{"embeddable":true,"href":"https:\/\/vieassociative.be\/actualites\/wp-json\/wp\/v2\/comments?post=8981"}],"version-history":[{"count":0,"href":"https:\/\/vieassociative.be\/actualites\/wp-json\/wp\/v2\/posts\/8981\/revisions"}],"wp:featuredmedia":[{"embeddable":true,"href":"https:\/\/vieassociative.be\/actualites\/wp-json\/wp\/v2\/media\/8982"}],"wp:attachment":[{"href":"https:\/\/vieassociative.be\/actualites\/wp-json\/wp\/v2\/media?parent=8981"}],"wp:term":[{"taxonomy":"category","embeddable":true,"href":"https:\/\/vieassociative.be\/actualites\/wp-json\/wp\/v2\/categories?post=8981"},{"taxonomy":"post_tag","embeddable":true,"href":"https:\/\/vieassociative.be\/actualites\/wp-json\/wp\/v2\/tags?post=8981"}],"curies":[{"name":"wp","href":"https:\/\/api.w.org\/{rel}","templated":true}]}}