{"id":8978,"date":"2025-07-24T16:18:07","date_gmt":"2025-07-24T14:18:07","guid":{"rendered":"https:\/\/vieassociative.be\/actualites\/reunion-informelle-du-president-parlementaire-des-pays-allemands-a-aarau-en-suisse\/"},"modified":"2025-07-24T16:18:07","modified_gmt":"2025-07-24T14:18:07","slug":"reunion-informelle-du-president-parlementaire-des-pays-allemands-a-aarau-en-suisse","status":"publish","type":"post","link":"https:\/\/vieassociative.be\/actualites\/reunion-informelle-du-president-parlementaire-des-pays-allemands-a-aarau-en-suisse\/","title":{"rendered":"R\u00e9union informelle du pr\u00e9sident parlementaire des pays allemands \u00e0 Aarau en Suisse"},"content":{"rendered":"<p><strong>La conf\u00e9rence du pr\u00e9sident parlementaire des pays allemands de r\u00e9partition organis\u00e9e par la Suisse cette ann\u00e9e a concentr\u00e9 la \u00ab\u00a0d\u00e9mocratie dans le changement: les parlements entre la participation du gouvernement et des citoyens\u00a0\u00bb. Patricia Creutz-Vilvoye (CSP), pr\u00e9sidente du Parlement DG, a repr\u00e9sent\u00e9 la Belgique lors de cette r\u00e9union informelle.<\/strong><\/p>\n<p><span id=\"more-420833\"><\/span>Depuis 2016, le pr\u00e9sident parlementaire des pays allemands de r\u00e9partition se rencontre dans l&rsquo;un des pays partenaires pour un \u00e9change informel sur des sujets actuels. Cette ann\u00e9e, le pr\u00e9sident du Conseil national suisse, Maja Riniker, a organis\u00e9 la r\u00e9union \u00e0 Aarau.<\/p>\n<p>Aarau est la capitale du canton suisse d&rsquo;Aargau et est l&rsquo;une des plus anciennes villes du pays. La ville est situ\u00e9e \u00e0 39 km au sud-est de B\u00e2le, \u00e0 38 km \u00e0 l&rsquo;ouest de Zurich, \u00e0 67 km au nord-est de Bern (chacune comme le corbeau) et fait partie du nord-ouest de la Suisse.<\/p>\n<div id=\"attachment_420876\" class=\"wp-caption alignleft\" style=\"max-width: 300px\"><img fetchpriority=\"high\" decoding=\"async\" class=\"wp-image-420876 size-medium\" src=\"https:\/\/vieassociative.be\/actualites\/wp-content\/uploads\/2025\/07\/Reunion-informelle-du-president-parlementaire-des-pays-allemands-a-Aarau.jpg\" alt=\"\" width=\"300\" height=\"200\"  ><\/p>\n<p class=\"wp-caption-text\">Visite au Center for Democracy \u00e0 Aargau. Premi\u00e8re rang\u00e9e (de gauche \u00e0 gauche): Claude Wiseler (Chambre de Luxembourg de d\u00e9put\u00e9), Patricia Creutz-Vilvoye (Parlement du DG), Maja Riniker (Conseil national suisse), Julia Kl\u00f6ckner (allemand Bundestag), Walter Rosenkranz (Australie National Council). Debout \u00e0 droite: le professeur Daniel K\u00fcbler (Direction du Center for Democracy). Photo: Conseil national suisse, Pascal Mora<\/p>\n<\/div>\n<p>Conform\u00e9ment \u00e0 un accord interne, le pr\u00e9sident du Parlement de la communaut\u00e9 germanophone (PDG), Patricia Creutz-Vilvoye, a particip\u00e9 \u00e0 cette conf\u00e9rence au nom de la Belgique. Le Bundestag allemand \u00e9tait repr\u00e9sent\u00e9 par la pr\u00e9sidente Julia Kl\u00f6ckner, le Conseil national autrichien par son pr\u00e9sident Walter Rosenkranz, la Chambre du d\u00e9put\u00e9 du Luxembourg par le pr\u00e9sident Claude Wiseler et le Parlement de l&rsquo;\u00c9tat du Liechtenstein par son vice-pr\u00e9sident Franziska Hoop.<\/p>\n<p>Au d\u00e9but de la r\u00e9union, les pr\u00e9sidents ont d\u00e9couvert la topique politique dans leurs pays respectifs. Les derniers d\u00e9veloppements et crises internationaux ont \u00e9galement \u00e9t\u00e9 discut\u00e9s, qui sont poursuivis avec beaucoup de pr\u00e9occupation dans tous les pays allemands.<\/p>\n<p>La visite ult\u00e9rieure au Center for Democracy a offert la possibilit\u00e9 d&rsquo;\u00e9changer davantage les d\u00e9fis auxquels les parlements sont confront\u00e9s \u00e0 un changement social et technologique. La gestion du Centre avait pr\u00e9sent\u00e9 et comment\u00e9 ses r\u00e9sultats de recherche sur le mod\u00e8le suisse de la d\u00e9mocratie directe.<\/p>\n<div id=\"attachment_420892\" class=\"wp-caption alignleft\" style=\"max-width: 300px\"><img decoding=\"async\" class=\"wp-image-420892 size-medium\" src=\"https:\/\/vieassociative.be\/actualites\/wp-content\/uploads\/2025\/07\/1753366687_372_Reunion-informelle-du-president-parlementaire-des-pays-allemands-a-Aarau.jpg\" alt=\"\" width=\"300\" height=\"200\"  ><\/p>\n<p class=\"wp-caption-text\">Le 17 juin 2025, le Tour de Suisse a men\u00e9 par Aarau. Photo: Gian Ehrenzeller \/ Keystone \/ DPA<\/p>\n<\/div>\n<p>Au cours de la conversation, des questions telles que la l\u00e9gitimit\u00e9, l&rsquo;efficacit\u00e9 et la repr\u00e9sentativit\u00e9 des parlements ont \u00e9t\u00e9 discut\u00e9es. Les nouveaux formats de participation aux citoyens tels que le \u00abmod\u00e8le belge oriental\u00bb, qui est maintenant \u00e9galement bien connu \u00e0 l&rsquo;\u00e9tranger, ont \u00e9t\u00e9 discut\u00e9s.<\/p>\n<p>Le pr\u00e9sident parlementaire Maja Riniker a \u00e9galement utilis\u00e9 la r\u00e9union pour donner aux invit\u00e9s un aper\u00e7u de l&rsquo;attractivit\u00e9 historique et \u00e9conomique du canton d&rsquo;Aargau. Dans une tourn\u00e9e du ch\u00e2teau de Habsbourg, il est devenu clair \u00e0 quel point ce sexe au pouvoir a fa\u00e7onn\u00e9 le d\u00e9veloppement politique dans tous les pays allemands dans le pass\u00e9.<\/p>\n<p>La visite au Paul Scherrer Institute et au Campus Park Affiliated Innovation Campus Innovaare \u00e0 Villigen a \u00e9galement laiss\u00e9 une impression particuli\u00e8rement durable. Les scientifiques et les entreprises du monde entier utilisent cette infrastructure de test et de recherche unique pour exp\u00e9rimenter et d\u00e9velopper leurs produits dans les domaines de l&rsquo;\u00e9nergie, de la sant\u00e9 et de la recherche mat\u00e9rielle.<\/p>\n<p>\u00c0 la fin de la conf\u00e9rence, le pr\u00e9sident de la chambre de membre du Luxembourg, Claude Wiseler, a annonc\u00e9 que la r\u00e9union aura lieu au Luxembourg l&rsquo;ann\u00e9e prochaine. (Cre)<\/p>\n","protected":false},"excerpt":{"rendered":"<p>La conf\u00e9rence du pr\u00e9sident parlementaire des pays allemands de r\u00e9partition organis\u00e9e par la Suisse cette ann\u00e9e a concentr\u00e9 la \u00ab\u00a0d\u00e9mocratie dans le changement: les parlements<\/p>\n","protected":false},"author":1,"featured_media":8979,"comment_status":"","ping_status":"","sticky":false,"template":"","format":"standard","meta":{"footnotes":""},"categories":[298],"tags":[7896,6730,29,7894,7895,3513,3075,4051,7603],"class_list":["post-8978","post","type-post","status-publish","format-standard","has-post-thumbnail","hentry","category-belgique","tag-aarau","tag-allemands","tag-des","tag-informelle","tag-parlementaire","tag-pays","tag-president","tag-reunion","tag-suisse","generate-columns","tablet-grid-50","mobile-grid-100","grid-parent","grid-33"],"yoast_head":"<!-- This site is optimized with the Yoast SEO plugin v24.0 - https:\/\/yoast.com\/wordpress\/plugins\/seo\/ -->\n<title>R\u00e9union informelle du pr\u00e9sident parlementaire des pays allemands \u00e0 Aarau en Suisse | Vie Associative<\/title>\n<meta name=\"robots\" content=\"index, follow, max-snippet:-1, max-image-preview:large, max-video-preview:-1\" \/>\n<link rel=\"canonical\" href=\"https:\/\/vieassociative.be\/actualites\/reunion-informelle-du-president-parlementaire-des-pays-allemands-a-aarau-en-suisse\/\" \/>\n<meta property=\"og:locale\" content=\"fr_FR\" \/>\n<meta property=\"og:type\" content=\"article\" \/>\n<meta property=\"og:title\" content=\"R\u00e9union informelle du pr\u00e9sident parlementaire des pays allemands \u00e0 Aarau en Suisse | Vie Associative\" \/>\n<meta property=\"og:description\" content=\"La conf\u00e9rence du pr\u00e9sident parlementaire des pays allemands de r\u00e9partition organis\u00e9e par la Suisse cette ann\u00e9e a concentr\u00e9 la \u00ab\u00a0d\u00e9mocratie dans le changement: les parlements\" \/>\n<meta property=\"og:url\" content=\"https:\/\/vieassociative.be\/actualites\/reunion-informelle-du-president-parlementaire-des-pays-allemands-a-aarau-en-suisse\/\" \/>\n<meta property=\"og:site_name\" content=\"Vie Associative\" \/>\n<meta property=\"article:published_time\" content=\"2025-07-24T14:18:07+00:00\" \/>\n<meta property=\"og:image\" content=\"https:\/\/vieassociative.be\/actualites\/wp-content\/uploads\/2024\/09\/header_backgroundk-01-e1726694325946.png\" \/>\n\t<meta property=\"og:image:width\" content=\"279\" \/>\n\t<meta property=\"og:image:height\" content=\"92\" \/>\n\t<meta property=\"og:image:type\" content=\"image\/png\" \/>\n<meta name=\"author\" content=\"Julien\" \/>\n<meta name=\"twitter:card\" content=\"summary_large_image\" \/>\n<meta name=\"twitter:label1\" content=\"\u00c9crit par\" \/>\n\t<meta name=\"twitter:data1\" content=\"Julien\" \/>\n\t<meta name=\"twitter:label2\" content=\"Dur\u00e9e de lecture est.\" \/>\n\t<meta name=\"twitter:data2\" content=\"3 minutes\" \/>\n<script type=\"application\/ld+json\" class=\"yoast-schema-graph\">{\"@context\":\"https:\/\/schema.org\",\"@graph\":[{\"@type\":\"Article\",\"@id\":\"https:\/\/vieassociative.be\/actualites\/reunion-informelle-du-president-parlementaire-des-pays-allemands-a-aarau-en-suisse\/#article\",\"isPartOf\":{\"@id\":\"https:\/\/vieassociative.be\/actualites\/reunion-informelle-du-president-parlementaire-des-pays-allemands-a-aarau-en-suisse\/\"},\"author\":{\"name\":\"Julien\",\"@id\":\"https:\/\/vieassociative.be\/actualites\/#\/schema\/person\/b87ac4f82f9d4e7b7cec7395b679edc4\"},\"headline\":\"R\u00e9union informelle du pr\u00e9sident parlementaire des pays allemands \u00e0 Aarau en Suisse\",\"datePublished\":\"2025-07-24T14:18:07+00:00\",\"dateModified\":\"2025-07-24T14:18:07+00:00\",\"mainEntityOfPage\":{\"@id\":\"https:\/\/vieassociative.be\/actualites\/reunion-informelle-du-president-parlementaire-des-pays-allemands-a-aarau-en-suisse\/\"},\"wordCount\":627,\"publisher\":{\"@id\":\"https:\/\/vieassociative.be\/actualites\/#organization\"},\"image\":{\"@id\":\"https:\/\/vieassociative.be\/actualites\/reunion-informelle-du-president-parlementaire-des-pays-allemands-a-aarau-en-suisse\/#primaryimage\"},\"thumbnailUrl\":\"https:\/\/vieassociative.be\/actualites\/wp-content\/uploads\/2025\/07\/1753366688_Reunion-informelle-du-president-parlementaire-des-pays-allemands-a-Aarau.jpg\",\"keywords\":[\"Aarau\",\"allemands\",\"Des\",\"informelle\",\"parlementaire\",\"pays\",\"pr\u00e9sident\",\"r\u00e9union\",\"Suisse\"],\"articleSection\":[\"Belgique\"],\"inLanguage\":\"fr-BE\"},{\"@type\":\"WebPage\",\"@id\":\"https:\/\/vieassociative.be\/actualites\/reunion-informelle-du-president-parlementaire-des-pays-allemands-a-aarau-en-suisse\/\",\"url\":\"https:\/\/vieassociative.be\/actualites\/reunion-informelle-du-president-parlementaire-des-pays-allemands-a-aarau-en-suisse\/\",\"name\":\"R\u00e9union informelle du pr\u00e9sident parlementaire des pays allemands \u00e0 Aarau en Suisse | Vie Associative\",\"isPartOf\":{\"@id\":\"https:\/\/vieassociative.be\/actualites\/#website\"},\"primaryImageOfPage\":{\"@id\":\"https:\/\/vieassociative.be\/actualites\/reunion-informelle-du-president-parlementaire-des-pays-allemands-a-aarau-en-suisse\/#primaryimage\"},\"image\":{\"@id\":\"https:\/\/vieassociative.be\/actualites\/reunion-informelle-du-president-parlementaire-des-pays-allemands-a-aarau-en-suisse\/#primaryimage\"},\"thumbnailUrl\":\"https:\/\/vieassociative.be\/actualites\/wp-content\/uploads\/2025\/07\/1753366688_Reunion-informelle-du-president-parlementaire-des-pays-allemands-a-Aarau.jpg\",\"datePublished\":\"2025-07-24T14:18:07+00:00\",\"dateModified\":\"2025-07-24T14:18:07+00:00\",\"breadcrumb\":{\"@id\":\"https:\/\/vieassociative.be\/actualites\/reunion-informelle-du-president-parlementaire-des-pays-allemands-a-aarau-en-suisse\/#breadcrumb\"},\"inLanguage\":\"fr-BE\",\"potentialAction\":[{\"@type\":\"ReadAction\",\"target\":[\"https:\/\/vieassociative.be\/actualites\/reunion-informelle-du-president-parlementaire-des-pays-allemands-a-aarau-en-suisse\/\"]}]},{\"@type\":\"ImageObject\",\"inLanguage\":\"fr-BE\",\"@id\":\"https:\/\/vieassociative.be\/actualites\/reunion-informelle-du-president-parlementaire-des-pays-allemands-a-aarau-en-suisse\/#primaryimage\",\"url\":\"https:\/\/vieassociative.be\/actualites\/wp-content\/uploads\/2025\/07\/1753366688_Reunion-informelle-du-president-parlementaire-des-pays-allemands-a-Aarau.jpg\",\"contentUrl\":\"https:\/\/vieassociative.be\/actualites\/wp-content\/uploads\/2025\/07\/1753366688_Reunion-informelle-du-president-parlementaire-des-pays-allemands-a-Aarau.jpg\",\"width\":1200,\"height\":800,\"caption\":\"R\u00e9union informelle du pr\u00e9sident parlementaire des pays allemands \u00e0 Aarau en Suisse\"},{\"@type\":\"BreadcrumbList\",\"@id\":\"https:\/\/vieassociative.be\/actualites\/reunion-informelle-du-president-parlementaire-des-pays-allemands-a-aarau-en-suisse\/#breadcrumb\",\"itemListElement\":[{\"@type\":\"ListItem\",\"position\":1,\"name\":\"Accueil\",\"item\":\"https:\/\/vieassociative.be\/actualites\/\"},{\"@type\":\"ListItem\",\"position\":2,\"name\":\"R\u00e9union informelle du pr\u00e9sident parlementaire des pays allemands \u00e0 Aarau en Suisse\"}]},{\"@type\":\"WebSite\",\"@id\":\"https:\/\/vieassociative.be\/actualites\/#website\",\"url\":\"https:\/\/vieassociative.be\/actualites\/\",\"name\":\"Vie Associative\",\"description\":\"\",\"publisher\":{\"@id\":\"https:\/\/vieassociative.be\/actualites\/#organization\"},\"potentialAction\":[{\"@type\":\"SearchAction\",\"target\":{\"@type\":\"EntryPoint\",\"urlTemplate\":\"https:\/\/vieassociative.be\/actualites\/?s={search_term_string}\"},\"query-input\":{\"@type\":\"PropertyValueSpecification\",\"valueRequired\":true,\"valueName\":\"search_term_string\"}}],\"inLanguage\":\"fr-BE\"},{\"@type\":\"Organization\",\"@id\":\"https:\/\/vieassociative.be\/actualites\/#organization\",\"name\":\"Vie Associative\",\"url\":\"https:\/\/vieassociative.be\/actualites\/\",\"logo\":{\"@type\":\"ImageObject\",\"inLanguage\":\"fr-BE\",\"@id\":\"https:\/\/vieassociative.be\/actualites\/#\/schema\/logo\/image\/\",\"url\":\"https:\/\/vieassociative.be\/actualites\/wp-content\/uploads\/2024\/09\/cropped-vieassociative_favicon.ico.png\",\"contentUrl\":\"https:\/\/vieassociative.be\/actualites\/wp-content\/uploads\/2024\/09\/cropped-vieassociative_favicon.ico.png\",\"width\":512,\"height\":512,\"caption\":\"Vie Associative\"},\"image\":{\"@id\":\"https:\/\/vieassociative.be\/actualites\/#\/schema\/logo\/image\/\"}},{\"@type\":\"Person\",\"@id\":\"https:\/\/vieassociative.be\/actualites\/#\/schema\/person\/b87ac4f82f9d4e7b7cec7395b679edc4\",\"name\":\"Julien\",\"image\":{\"@type\":\"ImageObject\",\"inLanguage\":\"fr-BE\",\"@id\":\"https:\/\/vieassociative.be\/actualites\/#\/schema\/person\/image\/\",\"url\":\"https:\/\/vieassociative.be\/actualites\/wp-content\/uploads\/2024\/09\/vie-associative-1-150x150.jpg\",\"contentUrl\":\"https:\/\/vieassociative.be\/actualites\/wp-content\/uploads\/2024\/09\/vie-associative-1-150x150.jpg\",\"caption\":\"Julien\"},\"description\":\"Je suis Julien, r\u00e9dacteur pour Vie Associative. Passionn\u00e9 par le monde associatif depuis plus de 10 ans, j'ai \u00e0 c\u0153ur de partager des histoires inspirantes et de mettre en lumi\u00e8re les initiatives locales. Mon objectif est de sensibiliser et d'encourager l'engagement communautaire \u00e0 travers mes articles.\",\"sameAs\":[\"https:\/\/vieassociative.be\/\"]}]}<\/script>\n<!-- \/ Yoast SEO plugin. -->","yoast_head_json":{"title":"R\u00e9union informelle du pr\u00e9sident parlementaire des pays allemands \u00e0 Aarau en Suisse | Vie Associative","robots":{"index":"index","follow":"follow","max-snippet":"max-snippet:-1","max-image-preview":"max-image-preview:large","max-video-preview":"max-video-preview:-1"},"canonical":"https:\/\/vieassociative.be\/actualites\/reunion-informelle-du-president-parlementaire-des-pays-allemands-a-aarau-en-suisse\/","og_locale":"fr_FR","og_type":"article","og_title":"R\u00e9union informelle du pr\u00e9sident parlementaire des pays allemands \u00e0 Aarau en Suisse | Vie Associative","og_description":"La conf\u00e9rence du pr\u00e9sident parlementaire des pays allemands de r\u00e9partition organis\u00e9e par la Suisse cette ann\u00e9e a concentr\u00e9 la \u00ab\u00a0d\u00e9mocratie dans le changement: les parlements","og_url":"https:\/\/vieassociative.be\/actualites\/reunion-informelle-du-president-parlementaire-des-pays-allemands-a-aarau-en-suisse\/","og_site_name":"Vie Associative","article_published_time":"2025-07-24T14:18:07+00:00","og_image":[{"width":279,"height":92,"url":"https:\/\/vieassociative.be\/actualites\/wp-content\/uploads\/2024\/09\/header_backgroundk-01-e1726694325946.png","type":"image\/png"}],"author":"Julien","twitter_card":"summary_large_image","twitter_misc":{"\u00c9crit par":"Julien","Dur\u00e9e de lecture est.":"3 minutes"},"schema":{"@context":"https:\/\/schema.org","@graph":[{"@type":"Article","@id":"https:\/\/vieassociative.be\/actualites\/reunion-informelle-du-president-parlementaire-des-pays-allemands-a-aarau-en-suisse\/#article","isPartOf":{"@id":"https:\/\/vieassociative.be\/actualites\/reunion-informelle-du-president-parlementaire-des-pays-allemands-a-aarau-en-suisse\/"},"author":{"name":"Julien","@id":"https:\/\/vieassociative.be\/actualites\/#\/schema\/person\/b87ac4f82f9d4e7b7cec7395b679edc4"},"headline":"R\u00e9union informelle du pr\u00e9sident parlementaire des pays allemands \u00e0 Aarau en Suisse","datePublished":"2025-07-24T14:18:07+00:00","dateModified":"2025-07-24T14:18:07+00:00","mainEntityOfPage":{"@id":"https:\/\/vieassociative.be\/actualites\/reunion-informelle-du-president-parlementaire-des-pays-allemands-a-aarau-en-suisse\/"},"wordCount":627,"publisher":{"@id":"https:\/\/vieassociative.be\/actualites\/#organization"},"image":{"@id":"https:\/\/vieassociative.be\/actualites\/reunion-informelle-du-president-parlementaire-des-pays-allemands-a-aarau-en-suisse\/#primaryimage"},"thumbnailUrl":"https:\/\/vieassociative.be\/actualites\/wp-content\/uploads\/2025\/07\/1753366688_Reunion-informelle-du-president-parlementaire-des-pays-allemands-a-Aarau.jpg","keywords":["Aarau","allemands","Des","informelle","parlementaire","pays","pr\u00e9sident","r\u00e9union","Suisse"],"articleSection":["Belgique"],"inLanguage":"fr-BE"},{"@type":"WebPage","@id":"https:\/\/vieassociative.be\/actualites\/reunion-informelle-du-president-parlementaire-des-pays-allemands-a-aarau-en-suisse\/","url":"https:\/\/vieassociative.be\/actualites\/reunion-informelle-du-president-parlementaire-des-pays-allemands-a-aarau-en-suisse\/","name":"R\u00e9union informelle du pr\u00e9sident parlementaire des pays allemands \u00e0 Aarau en Suisse | Vie Associative","isPartOf":{"@id":"https:\/\/vieassociative.be\/actualites\/#website"},"primaryImageOfPage":{"@id":"https:\/\/vieassociative.be\/actualites\/reunion-informelle-du-president-parlementaire-des-pays-allemands-a-aarau-en-suisse\/#primaryimage"},"image":{"@id":"https:\/\/vieassociative.be\/actualites\/reunion-informelle-du-president-parlementaire-des-pays-allemands-a-aarau-en-suisse\/#primaryimage"},"thumbnailUrl":"https:\/\/vieassociative.be\/actualites\/wp-content\/uploads\/2025\/07\/1753366688_Reunion-informelle-du-president-parlementaire-des-pays-allemands-a-Aarau.jpg","datePublished":"2025-07-24T14:18:07+00:00","dateModified":"2025-07-24T14:18:07+00:00","breadcrumb":{"@id":"https:\/\/vieassociative.be\/actualites\/reunion-informelle-du-president-parlementaire-des-pays-allemands-a-aarau-en-suisse\/#breadcrumb"},"inLanguage":"fr-BE","potentialAction":[{"@type":"ReadAction","target":["https:\/\/vieassociative.be\/actualites\/reunion-informelle-du-president-parlementaire-des-pays-allemands-a-aarau-en-suisse\/"]}]},{"@type":"ImageObject","inLanguage":"fr-BE","@id":"https:\/\/vieassociative.be\/actualites\/reunion-informelle-du-president-parlementaire-des-pays-allemands-a-aarau-en-suisse\/#primaryimage","url":"https:\/\/vieassociative.be\/actualites\/wp-content\/uploads\/2025\/07\/1753366688_Reunion-informelle-du-president-parlementaire-des-pays-allemands-a-Aarau.jpg","contentUrl":"https:\/\/vieassociative.be\/actualites\/wp-content\/uploads\/2025\/07\/1753366688_Reunion-informelle-du-president-parlementaire-des-pays-allemands-a-Aarau.jpg","width":1200,"height":800,"caption":"R\u00e9union informelle du pr\u00e9sident parlementaire des pays allemands \u00e0 Aarau en Suisse"},{"@type":"BreadcrumbList","@id":"https:\/\/vieassociative.be\/actualites\/reunion-informelle-du-president-parlementaire-des-pays-allemands-a-aarau-en-suisse\/#breadcrumb","itemListElement":[{"@type":"ListItem","position":1,"name":"Accueil","item":"https:\/\/vieassociative.be\/actualites\/"},{"@type":"ListItem","position":2,"name":"R\u00e9union informelle du pr\u00e9sident parlementaire des pays allemands \u00e0 Aarau en Suisse"}]},{"@type":"WebSite","@id":"https:\/\/vieassociative.be\/actualites\/#website","url":"https:\/\/vieassociative.be\/actualites\/","name":"Vie Associative","description":"","publisher":{"@id":"https:\/\/vieassociative.be\/actualites\/#organization"},"potentialAction":[{"@type":"SearchAction","target":{"@type":"EntryPoint","urlTemplate":"https:\/\/vieassociative.be\/actualites\/?s={search_term_string}"},"query-input":{"@type":"PropertyValueSpecification","valueRequired":true,"valueName":"search_term_string"}}],"inLanguage":"fr-BE"},{"@type":"Organization","@id":"https:\/\/vieassociative.be\/actualites\/#organization","name":"Vie Associative","url":"https:\/\/vieassociative.be\/actualites\/","logo":{"@type":"ImageObject","inLanguage":"fr-BE","@id":"https:\/\/vieassociative.be\/actualites\/#\/schema\/logo\/image\/","url":"https:\/\/vieassociative.be\/actualites\/wp-content\/uploads\/2024\/09\/cropped-vieassociative_favicon.ico.png","contentUrl":"https:\/\/vieassociative.be\/actualites\/wp-content\/uploads\/2024\/09\/cropped-vieassociative_favicon.ico.png","width":512,"height":512,"caption":"Vie Associative"},"image":{"@id":"https:\/\/vieassociative.be\/actualites\/#\/schema\/logo\/image\/"}},{"@type":"Person","@id":"https:\/\/vieassociative.be\/actualites\/#\/schema\/person\/b87ac4f82f9d4e7b7cec7395b679edc4","name":"Julien","image":{"@type":"ImageObject","inLanguage":"fr-BE","@id":"https:\/\/vieassociative.be\/actualites\/#\/schema\/person\/image\/","url":"https:\/\/vieassociative.be\/actualites\/wp-content\/uploads\/2024\/09\/vie-associative-1-150x150.jpg","contentUrl":"https:\/\/vieassociative.be\/actualites\/wp-content\/uploads\/2024\/09\/vie-associative-1-150x150.jpg","caption":"Julien"},"description":"Je suis Julien, r\u00e9dacteur pour Vie Associative. Passionn\u00e9 par le monde associatif depuis plus de 10 ans, j'ai \u00e0 c\u0153ur de partager des histoires inspirantes et de mettre en lumi\u00e8re les initiatives locales. Mon objectif est de sensibiliser et d'encourager l'engagement communautaire \u00e0 travers mes articles.","sameAs":["https:\/\/vieassociative.be\/"]}]}},"_links":{"self":[{"href":"https:\/\/vieassociative.be\/actualites\/wp-json\/wp\/v2\/posts\/8978"}],"collection":[{"href":"https:\/\/vieassociative.be\/actualites\/wp-json\/wp\/v2\/posts"}],"about":[{"href":"https:\/\/vieassociative.be\/actualites\/wp-json\/wp\/v2\/types\/post"}],"author":[{"embeddable":true,"href":"https:\/\/vieassociative.be\/actualites\/wp-json\/wp\/v2\/users\/1"}],"replies":[{"embeddable":true,"href":"https:\/\/vieassociative.be\/actualites\/wp-json\/wp\/v2\/comments?post=8978"}],"version-history":[{"count":0,"href":"https:\/\/vieassociative.be\/actualites\/wp-json\/wp\/v2\/posts\/8978\/revisions"}],"wp:featuredmedia":[{"embeddable":true,"href":"https:\/\/vieassociative.be\/actualites\/wp-json\/wp\/v2\/media\/8979"}],"wp:attachment":[{"href":"https:\/\/vieassociative.be\/actualites\/wp-json\/wp\/v2\/media?parent=8978"}],"wp:term":[{"taxonomy":"category","embeddable":true,"href":"https:\/\/vieassociative.be\/actualites\/wp-json\/wp\/v2\/categories?post=8978"},{"taxonomy":"post_tag","embeddable":true,"href":"https:\/\/vieassociative.be\/actualites\/wp-json\/wp\/v2\/tags?post=8978"}],"curies":[{"name":"wp","href":"https:\/\/api.w.org\/{rel}","templated":true}]}}