{"id":8976,"date":"2025-07-24T15:17:25","date_gmt":"2025-07-24T13:17:25","guid":{"rendered":"https:\/\/vieassociative.be\/actualites\/ces-ecouteurs-powerbeats-pro-2-sont-de-85-de-reduction-en-ce-moment\/"},"modified":"2025-07-24T15:17:25","modified_gmt":"2025-07-24T13:17:25","slug":"ces-ecouteurs-powerbeats-pro-2-sont-de-85-de-reduction-en-ce-moment","status":"publish","type":"post","link":"https:\/\/vieassociative.be\/actualites\/ces-ecouteurs-powerbeats-pro-2-sont-de-85-de-reduction-en-ce-moment\/","title":{"rendered":"Ces \u00e9couteurs Powerbeats Pro 2 sont de 85 $ de r\u00e9duction en ce moment"},"content":{"rendered":"<div class=\"mt-4 leading-6 md:mb-8\">Reprocheur d&rsquo;entra\u00eenement audio r\u00e9nov\u00e9 et performant \u00e0 un prix avantageux.<\/div>\n<p><\/p>\n<p>Si vous recherchez des \u00e9couteurs d&rsquo;entra\u00eenement qui ne tomberont pas au milieu de Burpee, le Refurging Beats Powerbeats Pro 2 pourrait valoir la peine, en particulier \u00e0 164,99 $ de Woot en ce moment (cette offre est en direct pendant neuf jours ou pendant les fournitures en dernier). C&rsquo;est pr\u00e8s de 85 $ de r\u00e9duction sur le prix de la liste, et encore moins cher que le taux actuel d&rsquo;Amazon pour une unit\u00e9 similaire. Vous obtenez \u00e9galement une garantie limit\u00e9e d&rsquo;un an \u00e0 partir de l&rsquo;\u00e9lectricit\u00e9 et de la livraison gratuite avec Prime (sinon c&rsquo;est six dollars pour l&rsquo;exp\u00e9dition). <\/p>\n<div class=\"pogoClear mb-12 mt-10 rounded-md border-2 border-gray-100 py-7 shadow-xl md:py-6\">\n<div class=\"flex flex-wrap justify-between px-7 text-black no-underline md:flex-nowrap md:px-8\">\n<div class=\"order-1 mx-auto flex flex-col justify-center md:order-2 md:ml-4 md:w-full md:grow\">\n<div class=\"block cursor-pointer text-center font-akshar text-2xl font-medium leading-7 text-brand-green duration-200 ease-in-out hover:text-brand-green-700 md:text-left md:text-xl md:leading-6\">Powerbeats Pro 2\n                <\/div>\n<div class=\"mt-4 hidden md:flex md:justify-between\">\n<div class=\"self-end\">\n<div class=\"mb-0 h-11 md:flex md:flex-col md:justify-center\">\n<div class=\" font-sans leading-4 text-black\">\n<div class=\"flex flex-wrap items-center justify-center gap-x-1 md:justify-start\">\n        <span class=\"font-bold\"><\/p>\n<p>            164,99 $<br \/>\n                            <span class=\"font-medium\">\u00e0 Woot<\/span><br \/>\n                    <\/span>\n            <\/div>\n<div class=\"flex items-center justify-center gap-x-1 font-bold md:justify-start\">\n            <span class=\"text-sm line-through\">249,00 $<\/span><br \/>\n            <span class=\"text-sm text-brand-green\">\u00c9conomisez 84,01 $<\/span>\n        <\/div>\n<\/p><\/div>\n<\/p><\/div>\n<\/p><\/div>\n<div class=\"w-44 self-end\">\n                            <button class=\"flex justify-center items-center w-full bg-brand-green text-white text-base font-sans font-medium rounded-md hover:bg-brand-green-700 hover:cursor-pointer md:text-sm h-11\"><\/p>\n<p>    Conclure un accord<br \/>\n<\/button>\n                        <\/div>\n<\/p><\/div>\n<\/p><\/div>\n<div class=\"order-2 mt-5 h-auto w-full md:order-1 md:mt-0 md:hidden\">\n<div class=\"flex aspect-video items-center justify-center\">\n                                            <img decoding=\"async\" class=\"m-0 max-h-full max-w-full rounded-md\" src=\"https:\/\/vieassociative.be\/actualites\/wp-content\/uploads\/2025\/07\/Ces-ecouteurs-Powerbeats-Pro-2-sont-de-85-de.png\" alt=\"Powerbeats Pro 2\" width=\"auto\" height=\"auto\" loading=\"lazy\">\n                                    <\/div>\n<\/p><\/div>\n<div class=\"order-2 ml-2 hidden w-32 shrink-0 items-center md:order-1 md:ml-0 md:flex\">\n<div class=\"flex aspect-video items-center justify-center\">\n                                            <img decoding=\"async\" class=\"m-0 max-h-full max-w-full rounded-md\" src=\"https:\/\/vieassociative.be\/actualites\/wp-content\/uploads\/2025\/07\/Ces-ecouteurs-Powerbeats-Pro-2-sont-de-85-de.png\" alt=\"Powerbeats Pro 2\" width=\"auto\" height=\"auto\" loading=\"lazy\">\n                                    <\/div>\n<\/p><\/div>\n<div class=\"order-3 flex grow flex-wrap md:hidden md:grow-0\">\n<div class=\"mt-4 w-full\">\n                        <button class=\"flex justify-center items-center w-full bg-brand-green text-white text-base font-sans font-medium rounded-md hover:bg-brand-green-700 hover:cursor-pointer md:text-sm h-11\"><\/p>\n<p>    Conclure un accord<br \/>\n<\/button>\n                    <\/div>\n<div class=\"mx-2 mt-4 w-full\">\n<div class=\" font-sans leading-4 text-black\">\n<div class=\"flex flex-wrap items-center justify-center gap-x-1 md:justify-start\">\n        <span class=\"font-bold\"><\/p>\n<p>            164,99 $<br \/>\n                            <span class=\"font-medium\">\u00e0 Woot<\/span><br \/>\n                    <\/span>\n            <\/div>\n<div class=\"flex items-center justify-center gap-x-1 font-bold md:justify-start\">\n            <span class=\"text-sm line-through\">249,00 $<\/span><br \/>\n            <span class=\"text-sm text-brand-green\">\u00c9conomisez 84,01 $<\/span>\n        <\/div>\n<\/p><\/div>\n<\/p><\/div>\n<\/p><\/div>\n<\/p><\/div>\n<\/div>\n<p>L&rsquo;ajustement est l&rsquo;un des plus grands arguments de vente ici. Les crochets d&rsquo;oreille s\u00e9curis\u00e9s les maintiennent en place \u00e0 travers des courses, des s\u00e9ances de levage ou des entra\u00eenements de danse, et ils sont r\u00e9sistants \u00e0 la transpiration pour d\u00e9marrer (IPX4). Le son est audacieux et \u00e9nergique, et vous obtenez \u00e0 la fois des modes actifs de l&rsquo;annulation du bruit et de la transparence, vous pouvez donc soit d\u00e9sactiver le monde ou rester conscient en cas de besoin. Les commandes sur l&rsquo;oreille g\u00e8rent le volume et la lecture (vous n&rsquo;avez donc pas besoin de creuser votre t\u00e9l\u00e9phone \u00e0 mi-parleur), et ils r\u00e9voqueront automatiquement votre musique lorsque vous les enl\u00e8verez. La dur\u00e9e de vie de la batterie est \u00e9galement solide, environ huit \u00e0 10 heures par charge, le bo\u00eetier s&rsquo;\u00e9tendant jusqu&rsquo;\u00e0 45 heures.<\/p>\n<div class=\"pogoClear relative my-10 border-b-(1.5px) border-t-(1.5px) border-dashed border-black py-5 sm:my-14 sm:border-0 sm:py-0\" data-ga-click data-ga-template=\"Deals\" data-ga-module=\"openweb_widget\" data-ga-element=\"openweb_scroll\" data-ga-item=\"openweb_scroll_midpage\" x-data=\"{\n         commentsCount: null,\n         hasComments: false,\n         async fetchCommentsCount() {\n             try {\n                 if (window.openweb &amp;&amp; typeof window.openweb.getMessagesCount === 'function') {\n                     this.commentsCount = await window.openweb.getMessagesCount('01K0XNG818H1FZE2R26BK6NXDH');\n                     this.hasComments = this.commentsCount !== null &amp;&amp; this.commentsCount &gt; 0;\n                 }\n             } catch (e) {\n                 console.warn('Failed to fetch comment count:', e);\n             }\n         }\n     }\" x-init=\"fetchCommentsCount()\" x-cloak><\/p>\n<div class=\"absolute top-1\/2 hidden w-full -translate-y-1\/2 border-t-(1.5px) border-dashed border-black sm:block\"><\/div>\n<div class=\"relative flex justify-center\">\n<div class=\"flex max-w-fit items-center gap-x-3 bg-white px-5\">\n<div class=\"relative\">\n                <span class=\"absolute left-1\/2 top-1\/2 -translate-x-1\/2 -translate-y-1\/2 font-akshar text-sm font-medium text-black\" aria-live=\"polite\" x-show=\"hasComments\" x-text=\"commentsCount\"><\/span><\/p>\n<p>                <svg class=\"h-8 w-8 text-black\" role=\"img\" aria-hidden=\"true\">\n                    <use href=\"http:\/\/lifehacker.com\/images\/icons\/spritemap.svg#sprite-chat-bubble\"><\/use>\n                <\/svg>\n            <\/div>\n<p>            <span class=\"text-sm font-medium text-black\"><\/p>\n<p>                Que pensez-vous jusqu&rsquo;\u00e0 pr\u00e9sent?<br \/>\n                <button class=\"ml-1 font-semibold text-brand-green underline hover:text-brand-green-700\" type=\"button\" aria-label=\"Comment section trigger\" onclick=\"window.openweb.scrollToComments('01K0XNG818H1FZE2R26BK6NXDH')\" x-text=\"hasComments ? 'Post a comment.' : 'Be the first to post a comment.'\"><\/button><br \/>\n            <\/span>\n        <\/div>\n<\/p><\/div>\n<\/div>\n<p>Cela dit, si vous regardiez la fonction de suivi de la fr\u00e9quence cardiaque, ne basez peut-\u00eatre pas votre achat \u00e0 ce sujet. Selon notre r\u00e9dacteur en chef de la sant\u00e9, Beth Skwarecki, la fonctionnalit\u00e9 n&rsquo;a pas toujours \u00e9t\u00e9 synchronis\u00e9e de mani\u00e8re fiable, en particulier sur les iPhones ex\u00e9cutant des applications de gym ou en streaming de musique en m\u00eame temps. Consultez son examen approfondi pour la ventilation compl\u00e8te. Il n&rsquo;y a pas non plus d&rsquo;application compagnon EQ, donc ce que vous entendez est ce que vous obtenez. Mais si vous \u00eates principalement apr\u00e8s les \u00e9couteurs sans fil confortables, durables et hautement performants qui suivront vos s\u00e9ances d&rsquo;entra\u00eenement (et viendront \u00e0 un prix inf\u00e9rieur), cet accord de r\u00e9novation pourrait \u00eatre utile de sauter.<\/p>\n","protected":false},"excerpt":{"rendered":"<p>Reprocheur d&rsquo;entra\u00eenement audio r\u00e9nov\u00e9 et performant \u00e0 un prix avantageux. Si vous recherchez des \u00e9couteurs d&rsquo;entra\u00eenement qui ne tomberont pas au milieu de Burpee, le<\/p>\n","protected":false},"author":1,"featured_media":8977,"comment_status":"","ping_status":"","sticky":false,"template":"","format":"standard","meta":{"footnotes":""},"categories":[13],"tags":[248,1537,1429,5296,630,308,18],"class_list":["post-8976","post","type-post","status-publish","format-standard","has-post-thumbnail","hentry","category-technologie","tag-ces","tag-ecouteurs","tag-moment","tag-powerbeats","tag-pro","tag-reduction","tag-sont","generate-columns","tablet-grid-50","mobile-grid-100","grid-parent","grid-33"],"yoast_head":"<!-- This site is optimized with the Yoast SEO plugin v24.0 - https:\/\/yoast.com\/wordpress\/plugins\/seo\/ -->\n<title>Ces \u00e9couteurs Powerbeats Pro 2 sont de 85 $ de r\u00e9duction en ce moment | Vie Associative<\/title>\n<meta name=\"robots\" content=\"index, follow, max-snippet:-1, max-image-preview:large, max-video-preview:-1\" \/>\n<link rel=\"canonical\" href=\"https:\/\/vieassociative.be\/actualites\/ces-ecouteurs-powerbeats-pro-2-sont-de-85-de-reduction-en-ce-moment\/\" \/>\n<meta property=\"og:locale\" content=\"fr_FR\" \/>\n<meta property=\"og:type\" content=\"article\" \/>\n<meta property=\"og:title\" content=\"Ces \u00e9couteurs Powerbeats Pro 2 sont de 85 $ de r\u00e9duction en ce moment | Vie Associative\" \/>\n<meta property=\"og:description\" content=\"Reprocheur d&rsquo;entra\u00eenement audio r\u00e9nov\u00e9 et performant \u00e0 un prix avantageux. Si vous recherchez des \u00e9couteurs d&rsquo;entra\u00eenement qui ne tomberont pas au milieu de Burpee, le\" \/>\n<meta property=\"og:url\" content=\"https:\/\/vieassociative.be\/actualites\/ces-ecouteurs-powerbeats-pro-2-sont-de-85-de-reduction-en-ce-moment\/\" \/>\n<meta property=\"og:site_name\" content=\"Vie Associative\" \/>\n<meta property=\"article:published_time\" content=\"2025-07-24T13:17:25+00:00\" \/>\n<meta property=\"og:image\" content=\"https:\/\/vieassociative.be\/actualites\/wp-content\/uploads\/2025\/07\/Ces-ecouteurs-Powerbeats-Pro-2-sont-de-85-de.png\" \/>\n<meta name=\"author\" content=\"Julien\" \/>\n<meta name=\"twitter:card\" content=\"summary_large_image\" \/>\n<meta name=\"twitter:label1\" content=\"\u00c9crit par\" \/>\n\t<meta name=\"twitter:data1\" content=\"Julien\" \/>\n\t<meta name=\"twitter:label2\" content=\"Dur\u00e9e de lecture est.\" \/>\n\t<meta name=\"twitter:data2\" content=\"2 minutes\" \/>\n<script type=\"application\/ld+json\" class=\"yoast-schema-graph\">{\"@context\":\"https:\/\/schema.org\",\"@graph\":[{\"@type\":\"Article\",\"@id\":\"https:\/\/vieassociative.be\/actualites\/ces-ecouteurs-powerbeats-pro-2-sont-de-85-de-reduction-en-ce-moment\/#article\",\"isPartOf\":{\"@id\":\"https:\/\/vieassociative.be\/actualites\/ces-ecouteurs-powerbeats-pro-2-sont-de-85-de-reduction-en-ce-moment\/\"},\"author\":{\"name\":\"Julien\",\"@id\":\"https:\/\/vieassociative.be\/actualites\/#\/schema\/person\/b87ac4f82f9d4e7b7cec7395b679edc4\"},\"headline\":\"Ces \u00e9couteurs Powerbeats Pro 2 sont de 85 $ de r\u00e9duction en ce moment\",\"datePublished\":\"2025-07-24T13:17:25+00:00\",\"dateModified\":\"2025-07-24T13:17:25+00:00\",\"mainEntityOfPage\":{\"@id\":\"https:\/\/vieassociative.be\/actualites\/ces-ecouteurs-powerbeats-pro-2-sont-de-85-de-reduction-en-ce-moment\/\"},\"wordCount\":428,\"publisher\":{\"@id\":\"https:\/\/vieassociative.be\/actualites\/#organization\"},\"image\":{\"@id\":\"https:\/\/vieassociative.be\/actualites\/ces-ecouteurs-powerbeats-pro-2-sont-de-85-de-reduction-en-ce-moment\/#primaryimage\"},\"thumbnailUrl\":\"https:\/\/vieassociative.be\/actualites\/wp-content\/uploads\/2025\/07\/1753363045_Ces-ecouteurs-Powerbeats-Pro-2-sont-de-85-de.png\",\"keywords\":[\"ces\",\"\u00e9couteurs\",\"moment\",\"Powerbeats\",\"Pro\",\"r\u00e9duction\",\"sont\"],\"articleSection\":[\"Technologie\"],\"inLanguage\":\"fr-BE\"},{\"@type\":\"WebPage\",\"@id\":\"https:\/\/vieassociative.be\/actualites\/ces-ecouteurs-powerbeats-pro-2-sont-de-85-de-reduction-en-ce-moment\/\",\"url\":\"https:\/\/vieassociative.be\/actualites\/ces-ecouteurs-powerbeats-pro-2-sont-de-85-de-reduction-en-ce-moment\/\",\"name\":\"Ces \u00e9couteurs Powerbeats Pro 2 sont de 85 $ de r\u00e9duction en ce moment | Vie Associative\",\"isPartOf\":{\"@id\":\"https:\/\/vieassociative.be\/actualites\/#website\"},\"primaryImageOfPage\":{\"@id\":\"https:\/\/vieassociative.be\/actualites\/ces-ecouteurs-powerbeats-pro-2-sont-de-85-de-reduction-en-ce-moment\/#primaryimage\"},\"image\":{\"@id\":\"https:\/\/vieassociative.be\/actualites\/ces-ecouteurs-powerbeats-pro-2-sont-de-85-de-reduction-en-ce-moment\/#primaryimage\"},\"thumbnailUrl\":\"https:\/\/vieassociative.be\/actualites\/wp-content\/uploads\/2025\/07\/1753363045_Ces-ecouteurs-Powerbeats-Pro-2-sont-de-85-de.png\",\"datePublished\":\"2025-07-24T13:17:25+00:00\",\"dateModified\":\"2025-07-24T13:17:25+00:00\",\"breadcrumb\":{\"@id\":\"https:\/\/vieassociative.be\/actualites\/ces-ecouteurs-powerbeats-pro-2-sont-de-85-de-reduction-en-ce-moment\/#breadcrumb\"},\"inLanguage\":\"fr-BE\",\"potentialAction\":[{\"@type\":\"ReadAction\",\"target\":[\"https:\/\/vieassociative.be\/actualites\/ces-ecouteurs-powerbeats-pro-2-sont-de-85-de-reduction-en-ce-moment\/\"]}]},{\"@type\":\"ImageObject\",\"inLanguage\":\"fr-BE\",\"@id\":\"https:\/\/vieassociative.be\/actualites\/ces-ecouteurs-powerbeats-pro-2-sont-de-85-de-reduction-en-ce-moment\/#primaryimage\",\"url\":\"https:\/\/vieassociative.be\/actualites\/wp-content\/uploads\/2025\/07\/1753363045_Ces-ecouteurs-Powerbeats-Pro-2-sont-de-85-de.png\",\"contentUrl\":\"https:\/\/vieassociative.be\/actualites\/wp-content\/uploads\/2025\/07\/1753363045_Ces-ecouteurs-Powerbeats-Pro-2-sont-de-85-de.png\",\"width\":1200,\"height\":675,\"caption\":\"Ces \u00e9couteurs Powerbeats Pro 2 sont de 85 $ de r\u00e9duction en ce moment\"},{\"@type\":\"BreadcrumbList\",\"@id\":\"https:\/\/vieassociative.be\/actualites\/ces-ecouteurs-powerbeats-pro-2-sont-de-85-de-reduction-en-ce-moment\/#breadcrumb\",\"itemListElement\":[{\"@type\":\"ListItem\",\"position\":1,\"name\":\"Accueil\",\"item\":\"https:\/\/vieassociative.be\/actualites\/\"},{\"@type\":\"ListItem\",\"position\":2,\"name\":\"Ces \u00e9couteurs Powerbeats Pro 2 sont de 85 $ de r\u00e9duction en ce moment\"}]},{\"@type\":\"WebSite\",\"@id\":\"https:\/\/vieassociative.be\/actualites\/#website\",\"url\":\"https:\/\/vieassociative.be\/actualites\/\",\"name\":\"Vie Associative\",\"description\":\"\",\"publisher\":{\"@id\":\"https:\/\/vieassociative.be\/actualites\/#organization\"},\"potentialAction\":[{\"@type\":\"SearchAction\",\"target\":{\"@type\":\"EntryPoint\",\"urlTemplate\":\"https:\/\/vieassociative.be\/actualites\/?s={search_term_string}\"},\"query-input\":{\"@type\":\"PropertyValueSpecification\",\"valueRequired\":true,\"valueName\":\"search_term_string\"}}],\"inLanguage\":\"fr-BE\"},{\"@type\":\"Organization\",\"@id\":\"https:\/\/vieassociative.be\/actualites\/#organization\",\"name\":\"Vie Associative\",\"url\":\"https:\/\/vieassociative.be\/actualites\/\",\"logo\":{\"@type\":\"ImageObject\",\"inLanguage\":\"fr-BE\",\"@id\":\"https:\/\/vieassociative.be\/actualites\/#\/schema\/logo\/image\/\",\"url\":\"https:\/\/vieassociative.be\/actualites\/wp-content\/uploads\/2024\/09\/cropped-vieassociative_favicon.ico.png\",\"contentUrl\":\"https:\/\/vieassociative.be\/actualites\/wp-content\/uploads\/2024\/09\/cropped-vieassociative_favicon.ico.png\",\"width\":512,\"height\":512,\"caption\":\"Vie Associative\"},\"image\":{\"@id\":\"https:\/\/vieassociative.be\/actualites\/#\/schema\/logo\/image\/\"}},{\"@type\":\"Person\",\"@id\":\"https:\/\/vieassociative.be\/actualites\/#\/schema\/person\/b87ac4f82f9d4e7b7cec7395b679edc4\",\"name\":\"Julien\",\"image\":{\"@type\":\"ImageObject\",\"inLanguage\":\"fr-BE\",\"@id\":\"https:\/\/vieassociative.be\/actualites\/#\/schema\/person\/image\/\",\"url\":\"https:\/\/vieassociative.be\/actualites\/wp-content\/uploads\/2024\/09\/vie-associative-1-150x150.jpg\",\"contentUrl\":\"https:\/\/vieassociative.be\/actualites\/wp-content\/uploads\/2024\/09\/vie-associative-1-150x150.jpg\",\"caption\":\"Julien\"},\"description\":\"Je suis Julien, r\u00e9dacteur pour Vie Associative. Passionn\u00e9 par le monde associatif depuis plus de 10 ans, j'ai \u00e0 c\u0153ur de partager des histoires inspirantes et de mettre en lumi\u00e8re les initiatives locales. Mon objectif est de sensibiliser et d'encourager l'engagement communautaire \u00e0 travers mes articles.\",\"sameAs\":[\"https:\/\/vieassociative.be\/\"]}]}<\/script>\n<!-- \/ Yoast SEO plugin. -->","yoast_head_json":{"title":"Ces \u00e9couteurs Powerbeats Pro 2 sont de 85 $ de r\u00e9duction en ce moment | Vie Associative","robots":{"index":"index","follow":"follow","max-snippet":"max-snippet:-1","max-image-preview":"max-image-preview:large","max-video-preview":"max-video-preview:-1"},"canonical":"https:\/\/vieassociative.be\/actualites\/ces-ecouteurs-powerbeats-pro-2-sont-de-85-de-reduction-en-ce-moment\/","og_locale":"fr_FR","og_type":"article","og_title":"Ces \u00e9couteurs Powerbeats Pro 2 sont de 85 $ de r\u00e9duction en ce moment | Vie Associative","og_description":"Reprocheur d&rsquo;entra\u00eenement audio r\u00e9nov\u00e9 et performant \u00e0 un prix avantageux. Si vous recherchez des \u00e9couteurs d&rsquo;entra\u00eenement qui ne tomberont pas au milieu de Burpee, le","og_url":"https:\/\/vieassociative.be\/actualites\/ces-ecouteurs-powerbeats-pro-2-sont-de-85-de-reduction-en-ce-moment\/","og_site_name":"Vie Associative","article_published_time":"2025-07-24T13:17:25+00:00","og_image":[{"url":"https:\/\/vieassociative.be\/actualites\/wp-content\/uploads\/2025\/07\/Ces-ecouteurs-Powerbeats-Pro-2-sont-de-85-de.png","type":"","width":"","height":""}],"author":"Julien","twitter_card":"summary_large_image","twitter_misc":{"\u00c9crit par":"Julien","Dur\u00e9e de lecture est.":"2 minutes"},"schema":{"@context":"https:\/\/schema.org","@graph":[{"@type":"Article","@id":"https:\/\/vieassociative.be\/actualites\/ces-ecouteurs-powerbeats-pro-2-sont-de-85-de-reduction-en-ce-moment\/#article","isPartOf":{"@id":"https:\/\/vieassociative.be\/actualites\/ces-ecouteurs-powerbeats-pro-2-sont-de-85-de-reduction-en-ce-moment\/"},"author":{"name":"Julien","@id":"https:\/\/vieassociative.be\/actualites\/#\/schema\/person\/b87ac4f82f9d4e7b7cec7395b679edc4"},"headline":"Ces \u00e9couteurs Powerbeats Pro 2 sont de 85 $ de r\u00e9duction en ce moment","datePublished":"2025-07-24T13:17:25+00:00","dateModified":"2025-07-24T13:17:25+00:00","mainEntityOfPage":{"@id":"https:\/\/vieassociative.be\/actualites\/ces-ecouteurs-powerbeats-pro-2-sont-de-85-de-reduction-en-ce-moment\/"},"wordCount":428,"publisher":{"@id":"https:\/\/vieassociative.be\/actualites\/#organization"},"image":{"@id":"https:\/\/vieassociative.be\/actualites\/ces-ecouteurs-powerbeats-pro-2-sont-de-85-de-reduction-en-ce-moment\/#primaryimage"},"thumbnailUrl":"https:\/\/vieassociative.be\/actualites\/wp-content\/uploads\/2025\/07\/1753363045_Ces-ecouteurs-Powerbeats-Pro-2-sont-de-85-de.png","keywords":["ces","\u00e9couteurs","moment","Powerbeats","Pro","r\u00e9duction","sont"],"articleSection":["Technologie"],"inLanguage":"fr-BE"},{"@type":"WebPage","@id":"https:\/\/vieassociative.be\/actualites\/ces-ecouteurs-powerbeats-pro-2-sont-de-85-de-reduction-en-ce-moment\/","url":"https:\/\/vieassociative.be\/actualites\/ces-ecouteurs-powerbeats-pro-2-sont-de-85-de-reduction-en-ce-moment\/","name":"Ces \u00e9couteurs Powerbeats Pro 2 sont de 85 $ de r\u00e9duction en ce moment | Vie Associative","isPartOf":{"@id":"https:\/\/vieassociative.be\/actualites\/#website"},"primaryImageOfPage":{"@id":"https:\/\/vieassociative.be\/actualites\/ces-ecouteurs-powerbeats-pro-2-sont-de-85-de-reduction-en-ce-moment\/#primaryimage"},"image":{"@id":"https:\/\/vieassociative.be\/actualites\/ces-ecouteurs-powerbeats-pro-2-sont-de-85-de-reduction-en-ce-moment\/#primaryimage"},"thumbnailUrl":"https:\/\/vieassociative.be\/actualites\/wp-content\/uploads\/2025\/07\/1753363045_Ces-ecouteurs-Powerbeats-Pro-2-sont-de-85-de.png","datePublished":"2025-07-24T13:17:25+00:00","dateModified":"2025-07-24T13:17:25+00:00","breadcrumb":{"@id":"https:\/\/vieassociative.be\/actualites\/ces-ecouteurs-powerbeats-pro-2-sont-de-85-de-reduction-en-ce-moment\/#breadcrumb"},"inLanguage":"fr-BE","potentialAction":[{"@type":"ReadAction","target":["https:\/\/vieassociative.be\/actualites\/ces-ecouteurs-powerbeats-pro-2-sont-de-85-de-reduction-en-ce-moment\/"]}]},{"@type":"ImageObject","inLanguage":"fr-BE","@id":"https:\/\/vieassociative.be\/actualites\/ces-ecouteurs-powerbeats-pro-2-sont-de-85-de-reduction-en-ce-moment\/#primaryimage","url":"https:\/\/vieassociative.be\/actualites\/wp-content\/uploads\/2025\/07\/1753363045_Ces-ecouteurs-Powerbeats-Pro-2-sont-de-85-de.png","contentUrl":"https:\/\/vieassociative.be\/actualites\/wp-content\/uploads\/2025\/07\/1753363045_Ces-ecouteurs-Powerbeats-Pro-2-sont-de-85-de.png","width":1200,"height":675,"caption":"Ces \u00e9couteurs Powerbeats Pro 2 sont de 85 $ de r\u00e9duction en ce moment"},{"@type":"BreadcrumbList","@id":"https:\/\/vieassociative.be\/actualites\/ces-ecouteurs-powerbeats-pro-2-sont-de-85-de-reduction-en-ce-moment\/#breadcrumb","itemListElement":[{"@type":"ListItem","position":1,"name":"Accueil","item":"https:\/\/vieassociative.be\/actualites\/"},{"@type":"ListItem","position":2,"name":"Ces \u00e9couteurs Powerbeats Pro 2 sont de 85 $ de r\u00e9duction en ce moment"}]},{"@type":"WebSite","@id":"https:\/\/vieassociative.be\/actualites\/#website","url":"https:\/\/vieassociative.be\/actualites\/","name":"Vie Associative","description":"","publisher":{"@id":"https:\/\/vieassociative.be\/actualites\/#organization"},"potentialAction":[{"@type":"SearchAction","target":{"@type":"EntryPoint","urlTemplate":"https:\/\/vieassociative.be\/actualites\/?s={search_term_string}"},"query-input":{"@type":"PropertyValueSpecification","valueRequired":true,"valueName":"search_term_string"}}],"inLanguage":"fr-BE"},{"@type":"Organization","@id":"https:\/\/vieassociative.be\/actualites\/#organization","name":"Vie Associative","url":"https:\/\/vieassociative.be\/actualites\/","logo":{"@type":"ImageObject","inLanguage":"fr-BE","@id":"https:\/\/vieassociative.be\/actualites\/#\/schema\/logo\/image\/","url":"https:\/\/vieassociative.be\/actualites\/wp-content\/uploads\/2024\/09\/cropped-vieassociative_favicon.ico.png","contentUrl":"https:\/\/vieassociative.be\/actualites\/wp-content\/uploads\/2024\/09\/cropped-vieassociative_favicon.ico.png","width":512,"height":512,"caption":"Vie Associative"},"image":{"@id":"https:\/\/vieassociative.be\/actualites\/#\/schema\/logo\/image\/"}},{"@type":"Person","@id":"https:\/\/vieassociative.be\/actualites\/#\/schema\/person\/b87ac4f82f9d4e7b7cec7395b679edc4","name":"Julien","image":{"@type":"ImageObject","inLanguage":"fr-BE","@id":"https:\/\/vieassociative.be\/actualites\/#\/schema\/person\/image\/","url":"https:\/\/vieassociative.be\/actualites\/wp-content\/uploads\/2024\/09\/vie-associative-1-150x150.jpg","contentUrl":"https:\/\/vieassociative.be\/actualites\/wp-content\/uploads\/2024\/09\/vie-associative-1-150x150.jpg","caption":"Julien"},"description":"Je suis Julien, r\u00e9dacteur pour Vie Associative. Passionn\u00e9 par le monde associatif depuis plus de 10 ans, j'ai \u00e0 c\u0153ur de partager des histoires inspirantes et de mettre en lumi\u00e8re les initiatives locales. Mon objectif est de sensibiliser et d'encourager l'engagement communautaire \u00e0 travers mes articles.","sameAs":["https:\/\/vieassociative.be\/"]}]}},"_links":{"self":[{"href":"https:\/\/vieassociative.be\/actualites\/wp-json\/wp\/v2\/posts\/8976"}],"collection":[{"href":"https:\/\/vieassociative.be\/actualites\/wp-json\/wp\/v2\/posts"}],"about":[{"href":"https:\/\/vieassociative.be\/actualites\/wp-json\/wp\/v2\/types\/post"}],"author":[{"embeddable":true,"href":"https:\/\/vieassociative.be\/actualites\/wp-json\/wp\/v2\/users\/1"}],"replies":[{"embeddable":true,"href":"https:\/\/vieassociative.be\/actualites\/wp-json\/wp\/v2\/comments?post=8976"}],"version-history":[{"count":0,"href":"https:\/\/vieassociative.be\/actualites\/wp-json\/wp\/v2\/posts\/8976\/revisions"}],"wp:featuredmedia":[{"embeddable":true,"href":"https:\/\/vieassociative.be\/actualites\/wp-json\/wp\/v2\/media\/8977"}],"wp:attachment":[{"href":"https:\/\/vieassociative.be\/actualites\/wp-json\/wp\/v2\/media?parent=8976"}],"wp:term":[{"taxonomy":"category","embeddable":true,"href":"https:\/\/vieassociative.be\/actualites\/wp-json\/wp\/v2\/categories?post=8976"},{"taxonomy":"post_tag","embeddable":true,"href":"https:\/\/vieassociative.be\/actualites\/wp-json\/wp\/v2\/tags?post=8976"}],"curies":[{"name":"wp","href":"https:\/\/api.w.org\/{rel}","templated":true}]}}