{"id":8972,"date":"2025-07-24T10:22:37","date_gmt":"2025-07-24T08:22:37","guid":{"rendered":"https:\/\/vieassociative.be\/actualites\/la-prochaine-belge-demenage-a-la-bundesliga-werder-breme-oblige-samuel-mbangula\/"},"modified":"2025-07-24T10:22:37","modified_gmt":"2025-07-24T08:22:37","slug":"la-prochaine-belge-demenage-a-la-bundesliga-werder-breme-oblige-samuel-mbangula","status":"publish","type":"post","link":"https:\/\/vieassociative.be\/actualites\/la-prochaine-belge-demenage-a-la-bundesliga-werder-breme-oblige-samuel-mbangula\/","title":{"rendered":"La prochaine Belge d\u00e9m\u00e9nage \u00e0 la Bundesliga: Werder Br\u00eame oblige Samuel Mbangula"},"content":{"rendered":"<p><strong>Apr\u00e8s le changement du joueur national Johan Bakayoko de PSV Eindhoven \u00e0 RB Leipzig, un autre Belge est attir\u00e9 par la Bundesliga: Werder Bremen a termin\u00e9 le transfert de Samuel Mbangula.<\/strong><\/p>\n<p><span id=\"more-420865\"><\/span>Comme l&rsquo;a annonc\u00e9 le Bundesliga Club, le Belgian U21 International change du club italien de la premi\u00e8re division Juventus Turin au Weser. Werder n&rsquo;a fourni aucune information sur la dur\u00e9e du joueur de 21 ans.<\/p>\n<p>La Juventus a annonc\u00e9 que les deux clubs s&rsquo;\u00e9taient mis d&rsquo;accord sur un transfert de dix millions d&rsquo;euros, payable en quatre ans. De plus, des bonus variables peuvent atteindre une hauteur de deux millions d&rsquo;euros.<\/p>\n<div id=\"attachment_394345\" class=\"wp-caption alignleft\" style=\"max-width: 204px\"><img fetchpriority=\"high\" decoding=\"async\" class=\"wp-image-394345 size-medium\" src=\"https:\/\/vieassociative.be\/actualites\/wp-content\/uploads\/2025\/07\/La-prochaine-Belge-demenage-a-la-Bundesliga-Werder-Breme-oblige.jpg\" alt=\"\" width=\"204\" height=\"300\"  ><\/p>\n<p class=\"wp-caption-text\">\u00ab\u00a0Le coup d&rsquo;\u00c9tat de Motta\u00a0\u00bb: l&rsquo;\u00e9dition du grand journal sportif italien \u00ab\u00a0La Gazzetta dello Sport\u00a0\u00bb du mardi 20 ao\u00fbt 2024, avec Samuel Mbangula en premi\u00e8re page.<\/p>\n<\/div>\n<p>\u00ab\u00a0Samuel apporte une bonne vitesse. Il est tr\u00e8s bien form\u00e9 et tactiquement bien form\u00e9, peut faire plusieurs postes sur l&rsquo;offensive et rendre notre jeu plus flexible\u00a0\u00bb, a d\u00e9clar\u00e9 l&rsquo;entra\u00eeneur Horst Steffen, qui est actuellement dans le camp d&rsquo;entra\u00eenement du camp d&rsquo;entra\u00eenement de Zell Am Ziller Training Camp: \u00ab\u00a0Il est important de l&rsquo;int\u00e9grer directement ici.\u00a0\u00bb<\/p>\n<p><strong>&#8211; via Bruges et Anderlecht \u00e0 Turin:<\/strong> Mbangula est pass\u00e9e de la prog\u00e9niture de FC Bruges \u00e0 RSC Anderlecht en 2019 et de l\u00e0 \u00e0 la Juventus Turin un an plus tard. Ici, il est pass\u00e9 par les jeunes \u00e9quipes du U17 \u00e0 la deuxi\u00e8me \u00e9quipe. Lors de ses d\u00e9buts de Serie-A pour la Juventus en ao\u00fbt 2024, il a fait un but contre le COMO et une passe d\u00e9cisive. Le Belge a atterri sur la premi\u00e8re page du grand journal sportif italien \u00ab\u00a0La Gazzetta dello Sport\u00a0\u00bb (voir photo<\/p>\n<p>Jusqu&rsquo;\u00e0 pr\u00e9sent, il a eu 32 missions pour les Italiens du Nord en Serie A, la Ligue des champions, Coppa Italia et SuperCoppa Italiana. Ici, il atteint quatre buts et cinq mod\u00e8les.<\/p>\n<p>Le Belge pourrait c\u00e9l\u00e9brer ses d\u00e9buts dans le maillot Werder samedi. Ensuite, les joueurs de Br\u00eame jouent un match d&rsquo;essai (15 h) dans le park-stade de Zell Am Ziller contre le club italien de la premi\u00e8re division Parma Calcio. (DPA \/ CRE)<\/p>\n<p><em><strong>Sur le sujet, voir \u00e9galement l&rsquo;article suivant sur OD:<\/strong><\/em><\/p>\n<div class=\"responsive-embed widescreen\">\n<blockquote class=\"wp-embedded-content\" data-secret=\"WDFL8m1K0h\">\n<p>RB Leipzig devient maintenant m\u00eame Belgic: Johan Bakayoko change dans les \u00ab\u00a0Red Bulls\u00a0\u00bb<\/p>\n<\/blockquote>\n<p><iframe loading=\"lazy\" class=\"wp-embedded-content\" sandbox=\"allow-scripts\" security=\"restricted\" style=\"position: absolute; visibility: hidden;\" title=\"\u201eRB Leipzig wird jetzt noch belgischer: Johan Bakayoko wechselt zu den \u201eRoten Bullen\u201c\u201c \u2014 Ostbelgien Direkt\" src=\"https:\/\/ostbelgiendirekt.be\/about:blank\" data-secret=\"WDFL8m1K0h\" width=\"500\" height=\"282\" frameborder=\"0\" marginwidth=\"0\" marginheight=\"0\" scrolling=\"no\" data-rocket-lazyload=\"fitvidscompatible\" data-lazy-src=\"https:\/\/ostbelgiendirekt.be\/leipzig-johan-bakayoko-420283\/embed#?secret=egv6kAqN8j#?secret=WDFL8m1K0h\"><\/iframe><noscript><iframe class=\"wp-embedded-content\" sandbox=\"allow-scripts\" security=\"restricted\" style=\"position: absolute; visibility: hidden;\" title=\"\u201eRB Leipzig wird jetzt noch belgischer: Johan Bakayoko wechselt zu den \u201eRoten Bullen\u201c\u201c \u2014 Ostbelgien Direkt\" src=\"https:\/\/ostbelgiendirekt.be\/leipzig-johan-bakayoko-420283\/embed#?secret=egv6kAqN8j#?secret=WDFL8m1K0h\" data-secret=\"WDFL8m1K0h\" width=\"500\" height=\"282\" frameborder=\"0\" marginwidth=\"0\" marginheight=\"0\" scrolling=\"no\"><\/iframe><\/noscript><\/p>\n<\/div>\n","protected":false},"excerpt":{"rendered":"<p>Apr\u00e8s le changement du joueur national Johan Bakayoko de PSV Eindhoven \u00e0 RB Leipzig, un autre Belge est attir\u00e9 par la Bundesliga: Werder Bremen a<\/p>\n","protected":false},"author":1,"featured_media":8973,"comment_status":"","ping_status":"","sticky":false,"template":"","format":"standard","meta":{"footnotes":""},"categories":[298],"tags":[410,7893,3644,7110,5299,5185,773,4520,7892],"class_list":["post-8972","post","type-post","status-publish","format-standard","has-post-thumbnail","hentry","category-belgique","tag-belge","tag-breme","tag-bundesliga","tag-demenage","tag-mbangula","tag-oblige","tag-prochaine","tag-samuel","tag-werder","generate-columns","tablet-grid-50","mobile-grid-100","grid-parent","grid-33"],"yoast_head":"<!-- This site is optimized with the Yoast SEO plugin v24.0 - https:\/\/yoast.com\/wordpress\/plugins\/seo\/ -->\n<title>La prochaine Belge d\u00e9m\u00e9nage \u00e0 la Bundesliga: Werder Br\u00eame oblige Samuel Mbangula | Vie Associative<\/title>\n<meta name=\"robots\" content=\"index, follow, max-snippet:-1, max-image-preview:large, max-video-preview:-1\" \/>\n<link rel=\"canonical\" href=\"https:\/\/vieassociative.be\/actualites\/la-prochaine-belge-demenage-a-la-bundesliga-werder-breme-oblige-samuel-mbangula\/\" \/>\n<meta property=\"og:locale\" content=\"fr_FR\" \/>\n<meta property=\"og:type\" content=\"article\" \/>\n<meta property=\"og:title\" content=\"La prochaine Belge d\u00e9m\u00e9nage \u00e0 la Bundesliga: Werder Br\u00eame oblige Samuel Mbangula | Vie Associative\" \/>\n<meta property=\"og:description\" content=\"Apr\u00e8s le changement du joueur national Johan Bakayoko de PSV Eindhoven \u00e0 RB Leipzig, un autre Belge est attir\u00e9 par la Bundesliga: Werder Bremen a\" \/>\n<meta property=\"og:url\" content=\"https:\/\/vieassociative.be\/actualites\/la-prochaine-belge-demenage-a-la-bundesliga-werder-breme-oblige-samuel-mbangula\/\" \/>\n<meta property=\"og:site_name\" content=\"Vie Associative\" \/>\n<meta property=\"article:published_time\" content=\"2025-07-24T08:22:37+00:00\" \/>\n<meta property=\"og:image\" content=\"https:\/\/vieassociative.be\/actualites\/wp-content\/uploads\/2024\/09\/header_backgroundk-01-e1726694325946.png\" \/>\n\t<meta property=\"og:image:width\" content=\"279\" \/>\n\t<meta property=\"og:image:height\" content=\"92\" \/>\n\t<meta property=\"og:image:type\" content=\"image\/png\" \/>\n<meta name=\"author\" content=\"Julien\" \/>\n<meta name=\"twitter:card\" content=\"summary_large_image\" \/>\n<meta name=\"twitter:label1\" content=\"\u00c9crit par\" \/>\n\t<meta name=\"twitter:data1\" content=\"Julien\" \/>\n\t<meta name=\"twitter:label2\" content=\"Dur\u00e9e de lecture est.\" \/>\n\t<meta name=\"twitter:data2\" content=\"2 minutes\" \/>\n<script type=\"application\/ld+json\" class=\"yoast-schema-graph\">{\"@context\":\"https:\/\/schema.org\",\"@graph\":[{\"@type\":\"Article\",\"@id\":\"https:\/\/vieassociative.be\/actualites\/la-prochaine-belge-demenage-a-la-bundesliga-werder-breme-oblige-samuel-mbangula\/#article\",\"isPartOf\":{\"@id\":\"https:\/\/vieassociative.be\/actualites\/la-prochaine-belge-demenage-a-la-bundesliga-werder-breme-oblige-samuel-mbangula\/\"},\"author\":{\"name\":\"Julien\",\"@id\":\"https:\/\/vieassociative.be\/actualites\/#\/schema\/person\/b87ac4f82f9d4e7b7cec7395b679edc4\"},\"headline\":\"La prochaine Belge d\u00e9m\u00e9nage \u00e0 la Bundesliga: Werder Br\u00eame oblige Samuel Mbangula\",\"datePublished\":\"2025-07-24T08:22:37+00:00\",\"dateModified\":\"2025-07-24T08:22:37+00:00\",\"mainEntityOfPage\":{\"@id\":\"https:\/\/vieassociative.be\/actualites\/la-prochaine-belge-demenage-a-la-bundesliga-werder-breme-oblige-samuel-mbangula\/\"},\"wordCount\":408,\"publisher\":{\"@id\":\"https:\/\/vieassociative.be\/actualites\/#organization\"},\"image\":{\"@id\":\"https:\/\/vieassociative.be\/actualites\/la-prochaine-belge-demenage-a-la-bundesliga-werder-breme-oblige-samuel-mbangula\/#primaryimage\"},\"thumbnailUrl\":\"https:\/\/vieassociative.be\/actualites\/wp-content\/uploads\/2025\/07\/1753345357_La-prochaine-Belge-demenage-a-la-Bundesliga-Werder-Breme-oblige.jpg\",\"keywords\":[\"belge\",\"Br\u00eame\",\"Bundesliga\",\"d\u00e9m\u00e9nag\u00e9\",\"Mbangula\",\"oblige\",\"prochaine\",\"Samuel\",\"Werder\"],\"articleSection\":[\"Belgique\"],\"inLanguage\":\"fr-BE\"},{\"@type\":\"WebPage\",\"@id\":\"https:\/\/vieassociative.be\/actualites\/la-prochaine-belge-demenage-a-la-bundesliga-werder-breme-oblige-samuel-mbangula\/\",\"url\":\"https:\/\/vieassociative.be\/actualites\/la-prochaine-belge-demenage-a-la-bundesliga-werder-breme-oblige-samuel-mbangula\/\",\"name\":\"La prochaine Belge d\u00e9m\u00e9nage \u00e0 la Bundesliga: Werder Br\u00eame oblige Samuel Mbangula | Vie Associative\",\"isPartOf\":{\"@id\":\"https:\/\/vieassociative.be\/actualites\/#website\"},\"primaryImageOfPage\":{\"@id\":\"https:\/\/vieassociative.be\/actualites\/la-prochaine-belge-demenage-a-la-bundesliga-werder-breme-oblige-samuel-mbangula\/#primaryimage\"},\"image\":{\"@id\":\"https:\/\/vieassociative.be\/actualites\/la-prochaine-belge-demenage-a-la-bundesliga-werder-breme-oblige-samuel-mbangula\/#primaryimage\"},\"thumbnailUrl\":\"https:\/\/vieassociative.be\/actualites\/wp-content\/uploads\/2025\/07\/1753345357_La-prochaine-Belge-demenage-a-la-Bundesliga-Werder-Breme-oblige.jpg\",\"datePublished\":\"2025-07-24T08:22:37+00:00\",\"dateModified\":\"2025-07-24T08:22:37+00:00\",\"breadcrumb\":{\"@id\":\"https:\/\/vieassociative.be\/actualites\/la-prochaine-belge-demenage-a-la-bundesliga-werder-breme-oblige-samuel-mbangula\/#breadcrumb\"},\"inLanguage\":\"fr-BE\",\"potentialAction\":[{\"@type\":\"ReadAction\",\"target\":[\"https:\/\/vieassociative.be\/actualites\/la-prochaine-belge-demenage-a-la-bundesliga-werder-breme-oblige-samuel-mbangula\/\"]}]},{\"@type\":\"ImageObject\",\"inLanguage\":\"fr-BE\",\"@id\":\"https:\/\/vieassociative.be\/actualites\/la-prochaine-belge-demenage-a-la-bundesliga-werder-breme-oblige-samuel-mbangula\/#primaryimage\",\"url\":\"https:\/\/vieassociative.be\/actualites\/wp-content\/uploads\/2025\/07\/1753345357_La-prochaine-Belge-demenage-a-la-Bundesliga-Werder-Breme-oblige.jpg\",\"contentUrl\":\"https:\/\/vieassociative.be\/actualites\/wp-content\/uploads\/2025\/07\/1753345357_La-prochaine-Belge-demenage-a-la-Bundesliga-Werder-Breme-oblige.jpg\",\"width\":1200,\"height\":800,\"caption\":\"La prochaine Belge d\u00e9m\u00e9nage \u00e0 la Bundesliga: Werder Br\u00eame oblige Samuel Mbangula\"},{\"@type\":\"BreadcrumbList\",\"@id\":\"https:\/\/vieassociative.be\/actualites\/la-prochaine-belge-demenage-a-la-bundesliga-werder-breme-oblige-samuel-mbangula\/#breadcrumb\",\"itemListElement\":[{\"@type\":\"ListItem\",\"position\":1,\"name\":\"Accueil\",\"item\":\"https:\/\/vieassociative.be\/actualites\/\"},{\"@type\":\"ListItem\",\"position\":2,\"name\":\"La prochaine Belge d\u00e9m\u00e9nage \u00e0 la Bundesliga: Werder Br\u00eame oblige Samuel Mbangula\"}]},{\"@type\":\"WebSite\",\"@id\":\"https:\/\/vieassociative.be\/actualites\/#website\",\"url\":\"https:\/\/vieassociative.be\/actualites\/\",\"name\":\"Vie Associative\",\"description\":\"\",\"publisher\":{\"@id\":\"https:\/\/vieassociative.be\/actualites\/#organization\"},\"potentialAction\":[{\"@type\":\"SearchAction\",\"target\":{\"@type\":\"EntryPoint\",\"urlTemplate\":\"https:\/\/vieassociative.be\/actualites\/?s={search_term_string}\"},\"query-input\":{\"@type\":\"PropertyValueSpecification\",\"valueRequired\":true,\"valueName\":\"search_term_string\"}}],\"inLanguage\":\"fr-BE\"},{\"@type\":\"Organization\",\"@id\":\"https:\/\/vieassociative.be\/actualites\/#organization\",\"name\":\"Vie Associative\",\"url\":\"https:\/\/vieassociative.be\/actualites\/\",\"logo\":{\"@type\":\"ImageObject\",\"inLanguage\":\"fr-BE\",\"@id\":\"https:\/\/vieassociative.be\/actualites\/#\/schema\/logo\/image\/\",\"url\":\"https:\/\/vieassociative.be\/actualites\/wp-content\/uploads\/2024\/09\/cropped-vieassociative_favicon.ico.png\",\"contentUrl\":\"https:\/\/vieassociative.be\/actualites\/wp-content\/uploads\/2024\/09\/cropped-vieassociative_favicon.ico.png\",\"width\":512,\"height\":512,\"caption\":\"Vie Associative\"},\"image\":{\"@id\":\"https:\/\/vieassociative.be\/actualites\/#\/schema\/logo\/image\/\"}},{\"@type\":\"Person\",\"@id\":\"https:\/\/vieassociative.be\/actualites\/#\/schema\/person\/b87ac4f82f9d4e7b7cec7395b679edc4\",\"name\":\"Julien\",\"image\":{\"@type\":\"ImageObject\",\"inLanguage\":\"fr-BE\",\"@id\":\"https:\/\/vieassociative.be\/actualites\/#\/schema\/person\/image\/\",\"url\":\"https:\/\/vieassociative.be\/actualites\/wp-content\/uploads\/2024\/09\/vie-associative-1-150x150.jpg\",\"contentUrl\":\"https:\/\/vieassociative.be\/actualites\/wp-content\/uploads\/2024\/09\/vie-associative-1-150x150.jpg\",\"caption\":\"Julien\"},\"description\":\"Je suis Julien, r\u00e9dacteur pour Vie Associative. Passionn\u00e9 par le monde associatif depuis plus de 10 ans, j'ai \u00e0 c\u0153ur de partager des histoires inspirantes et de mettre en lumi\u00e8re les initiatives locales. Mon objectif est de sensibiliser et d'encourager l'engagement communautaire \u00e0 travers mes articles.\",\"sameAs\":[\"https:\/\/vieassociative.be\/\"]}]}<\/script>\n<!-- \/ Yoast SEO plugin. -->","yoast_head_json":{"title":"La prochaine Belge d\u00e9m\u00e9nage \u00e0 la Bundesliga: Werder Br\u00eame oblige Samuel Mbangula | Vie Associative","robots":{"index":"index","follow":"follow","max-snippet":"max-snippet:-1","max-image-preview":"max-image-preview:large","max-video-preview":"max-video-preview:-1"},"canonical":"https:\/\/vieassociative.be\/actualites\/la-prochaine-belge-demenage-a-la-bundesliga-werder-breme-oblige-samuel-mbangula\/","og_locale":"fr_FR","og_type":"article","og_title":"La prochaine Belge d\u00e9m\u00e9nage \u00e0 la Bundesliga: Werder Br\u00eame oblige Samuel Mbangula | Vie Associative","og_description":"Apr\u00e8s le changement du joueur national Johan Bakayoko de PSV Eindhoven \u00e0 RB Leipzig, un autre Belge est attir\u00e9 par la Bundesliga: Werder Bremen a","og_url":"https:\/\/vieassociative.be\/actualites\/la-prochaine-belge-demenage-a-la-bundesliga-werder-breme-oblige-samuel-mbangula\/","og_site_name":"Vie Associative","article_published_time":"2025-07-24T08:22:37+00:00","og_image":[{"width":279,"height":92,"url":"https:\/\/vieassociative.be\/actualites\/wp-content\/uploads\/2024\/09\/header_backgroundk-01-e1726694325946.png","type":"image\/png"}],"author":"Julien","twitter_card":"summary_large_image","twitter_misc":{"\u00c9crit par":"Julien","Dur\u00e9e de lecture est.":"2 minutes"},"schema":{"@context":"https:\/\/schema.org","@graph":[{"@type":"Article","@id":"https:\/\/vieassociative.be\/actualites\/la-prochaine-belge-demenage-a-la-bundesliga-werder-breme-oblige-samuel-mbangula\/#article","isPartOf":{"@id":"https:\/\/vieassociative.be\/actualites\/la-prochaine-belge-demenage-a-la-bundesliga-werder-breme-oblige-samuel-mbangula\/"},"author":{"name":"Julien","@id":"https:\/\/vieassociative.be\/actualites\/#\/schema\/person\/b87ac4f82f9d4e7b7cec7395b679edc4"},"headline":"La prochaine Belge d\u00e9m\u00e9nage \u00e0 la Bundesliga: Werder Br\u00eame oblige Samuel Mbangula","datePublished":"2025-07-24T08:22:37+00:00","dateModified":"2025-07-24T08:22:37+00:00","mainEntityOfPage":{"@id":"https:\/\/vieassociative.be\/actualites\/la-prochaine-belge-demenage-a-la-bundesliga-werder-breme-oblige-samuel-mbangula\/"},"wordCount":408,"publisher":{"@id":"https:\/\/vieassociative.be\/actualites\/#organization"},"image":{"@id":"https:\/\/vieassociative.be\/actualites\/la-prochaine-belge-demenage-a-la-bundesliga-werder-breme-oblige-samuel-mbangula\/#primaryimage"},"thumbnailUrl":"https:\/\/vieassociative.be\/actualites\/wp-content\/uploads\/2025\/07\/1753345357_La-prochaine-Belge-demenage-a-la-Bundesliga-Werder-Breme-oblige.jpg","keywords":["belge","Br\u00eame","Bundesliga","d\u00e9m\u00e9nag\u00e9","Mbangula","oblige","prochaine","Samuel","Werder"],"articleSection":["Belgique"],"inLanguage":"fr-BE"},{"@type":"WebPage","@id":"https:\/\/vieassociative.be\/actualites\/la-prochaine-belge-demenage-a-la-bundesliga-werder-breme-oblige-samuel-mbangula\/","url":"https:\/\/vieassociative.be\/actualites\/la-prochaine-belge-demenage-a-la-bundesliga-werder-breme-oblige-samuel-mbangula\/","name":"La prochaine Belge d\u00e9m\u00e9nage \u00e0 la Bundesliga: Werder Br\u00eame oblige Samuel Mbangula | Vie Associative","isPartOf":{"@id":"https:\/\/vieassociative.be\/actualites\/#website"},"primaryImageOfPage":{"@id":"https:\/\/vieassociative.be\/actualites\/la-prochaine-belge-demenage-a-la-bundesliga-werder-breme-oblige-samuel-mbangula\/#primaryimage"},"image":{"@id":"https:\/\/vieassociative.be\/actualites\/la-prochaine-belge-demenage-a-la-bundesliga-werder-breme-oblige-samuel-mbangula\/#primaryimage"},"thumbnailUrl":"https:\/\/vieassociative.be\/actualites\/wp-content\/uploads\/2025\/07\/1753345357_La-prochaine-Belge-demenage-a-la-Bundesliga-Werder-Breme-oblige.jpg","datePublished":"2025-07-24T08:22:37+00:00","dateModified":"2025-07-24T08:22:37+00:00","breadcrumb":{"@id":"https:\/\/vieassociative.be\/actualites\/la-prochaine-belge-demenage-a-la-bundesliga-werder-breme-oblige-samuel-mbangula\/#breadcrumb"},"inLanguage":"fr-BE","potentialAction":[{"@type":"ReadAction","target":["https:\/\/vieassociative.be\/actualites\/la-prochaine-belge-demenage-a-la-bundesliga-werder-breme-oblige-samuel-mbangula\/"]}]},{"@type":"ImageObject","inLanguage":"fr-BE","@id":"https:\/\/vieassociative.be\/actualites\/la-prochaine-belge-demenage-a-la-bundesliga-werder-breme-oblige-samuel-mbangula\/#primaryimage","url":"https:\/\/vieassociative.be\/actualites\/wp-content\/uploads\/2025\/07\/1753345357_La-prochaine-Belge-demenage-a-la-Bundesliga-Werder-Breme-oblige.jpg","contentUrl":"https:\/\/vieassociative.be\/actualites\/wp-content\/uploads\/2025\/07\/1753345357_La-prochaine-Belge-demenage-a-la-Bundesliga-Werder-Breme-oblige.jpg","width":1200,"height":800,"caption":"La prochaine Belge d\u00e9m\u00e9nage \u00e0 la Bundesliga: Werder Br\u00eame oblige Samuel Mbangula"},{"@type":"BreadcrumbList","@id":"https:\/\/vieassociative.be\/actualites\/la-prochaine-belge-demenage-a-la-bundesliga-werder-breme-oblige-samuel-mbangula\/#breadcrumb","itemListElement":[{"@type":"ListItem","position":1,"name":"Accueil","item":"https:\/\/vieassociative.be\/actualites\/"},{"@type":"ListItem","position":2,"name":"La prochaine Belge d\u00e9m\u00e9nage \u00e0 la Bundesliga: Werder Br\u00eame oblige Samuel Mbangula"}]},{"@type":"WebSite","@id":"https:\/\/vieassociative.be\/actualites\/#website","url":"https:\/\/vieassociative.be\/actualites\/","name":"Vie Associative","description":"","publisher":{"@id":"https:\/\/vieassociative.be\/actualites\/#organization"},"potentialAction":[{"@type":"SearchAction","target":{"@type":"EntryPoint","urlTemplate":"https:\/\/vieassociative.be\/actualites\/?s={search_term_string}"},"query-input":{"@type":"PropertyValueSpecification","valueRequired":true,"valueName":"search_term_string"}}],"inLanguage":"fr-BE"},{"@type":"Organization","@id":"https:\/\/vieassociative.be\/actualites\/#organization","name":"Vie Associative","url":"https:\/\/vieassociative.be\/actualites\/","logo":{"@type":"ImageObject","inLanguage":"fr-BE","@id":"https:\/\/vieassociative.be\/actualites\/#\/schema\/logo\/image\/","url":"https:\/\/vieassociative.be\/actualites\/wp-content\/uploads\/2024\/09\/cropped-vieassociative_favicon.ico.png","contentUrl":"https:\/\/vieassociative.be\/actualites\/wp-content\/uploads\/2024\/09\/cropped-vieassociative_favicon.ico.png","width":512,"height":512,"caption":"Vie Associative"},"image":{"@id":"https:\/\/vieassociative.be\/actualites\/#\/schema\/logo\/image\/"}},{"@type":"Person","@id":"https:\/\/vieassociative.be\/actualites\/#\/schema\/person\/b87ac4f82f9d4e7b7cec7395b679edc4","name":"Julien","image":{"@type":"ImageObject","inLanguage":"fr-BE","@id":"https:\/\/vieassociative.be\/actualites\/#\/schema\/person\/image\/","url":"https:\/\/vieassociative.be\/actualites\/wp-content\/uploads\/2024\/09\/vie-associative-1-150x150.jpg","contentUrl":"https:\/\/vieassociative.be\/actualites\/wp-content\/uploads\/2024\/09\/vie-associative-1-150x150.jpg","caption":"Julien"},"description":"Je suis Julien, r\u00e9dacteur pour Vie Associative. Passionn\u00e9 par le monde associatif depuis plus de 10 ans, j'ai \u00e0 c\u0153ur de partager des histoires inspirantes et de mettre en lumi\u00e8re les initiatives locales. Mon objectif est de sensibiliser et d'encourager l'engagement communautaire \u00e0 travers mes articles.","sameAs":["https:\/\/vieassociative.be\/"]}]}},"_links":{"self":[{"href":"https:\/\/vieassociative.be\/actualites\/wp-json\/wp\/v2\/posts\/8972"}],"collection":[{"href":"https:\/\/vieassociative.be\/actualites\/wp-json\/wp\/v2\/posts"}],"about":[{"href":"https:\/\/vieassociative.be\/actualites\/wp-json\/wp\/v2\/types\/post"}],"author":[{"embeddable":true,"href":"https:\/\/vieassociative.be\/actualites\/wp-json\/wp\/v2\/users\/1"}],"replies":[{"embeddable":true,"href":"https:\/\/vieassociative.be\/actualites\/wp-json\/wp\/v2\/comments?post=8972"}],"version-history":[{"count":0,"href":"https:\/\/vieassociative.be\/actualites\/wp-json\/wp\/v2\/posts\/8972\/revisions"}],"wp:featuredmedia":[{"embeddable":true,"href":"https:\/\/vieassociative.be\/actualites\/wp-json\/wp\/v2\/media\/8973"}],"wp:attachment":[{"href":"https:\/\/vieassociative.be\/actualites\/wp-json\/wp\/v2\/media?parent=8972"}],"wp:term":[{"taxonomy":"category","embeddable":true,"href":"https:\/\/vieassociative.be\/actualites\/wp-json\/wp\/v2\/categories?post=8972"},{"taxonomy":"post_tag","embeddable":true,"href":"https:\/\/vieassociative.be\/actualites\/wp-json\/wp\/v2\/tags?post=8972"}],"curies":[{"name":"wp","href":"https:\/\/api.w.org\/{rel}","templated":true}]}}