{"id":8970,"date":"2025-07-24T09:21:41","date_gmt":"2025-07-24T07:21:41","guid":{"rendered":"https:\/\/vieassociative.be\/actualites\/votre-ps5-ne-prend-pas-en-charge-les-ecouteurs-bluetooth-mais-voici-comment-les-connecter-de-toute-facon\/"},"modified":"2025-07-24T09:21:41","modified_gmt":"2025-07-24T07:21:41","slug":"votre-ps5-ne-prend-pas-en-charge-les-ecouteurs-bluetooth-mais-voici-comment-les-connecter-de-toute-facon","status":"publish","type":"post","link":"https:\/\/vieassociative.be\/actualites\/votre-ps5-ne-prend-pas-en-charge-les-ecouteurs-bluetooth-mais-voici-comment-les-connecter-de-toute-facon\/","title":{"rendered":"Votre PS5 ne prend pas en charge les \u00e9couteurs Bluetooth, mais voici comment les connecter de toute fa\u00e7on"},"content":{"rendered":"<div class=\"mt-4 leading-6 md:mb-8\">Il existe deux fa\u00e7ons de compenser le manque inexplicable de cette fonctionnalit\u00e9 standard.<\/div>\n<p><\/p>\n<p>De nos jours, la plupart des technologies qui produisent tout type d&rsquo;audio fonctionneront de mani\u00e8re transparente avec des \u00e9couteurs Bluetooth, comme AirPods. Mon ordinateur, mon t\u00e9l\u00e9phone et m\u00eame mon commutateur Nintendo prennent tous en charge l&rsquo;appariement Bluetooth relativement transparent, donc je les \u00e9carte de l&rsquo;affaire et que je puisse regarder ou jouer. Le seul appareil \u00e0 qui je peux penser qui ne joue pas bien avec AirPods, ni tout casque sans fil d&rsquo;ailleurs, est ma PS5. <\/p>\n<p>Voici comment j&rsquo;ai d\u00e9couvert ceci: il \u00e9tait tard, et je voulais en jouer <em>Astro<\/em>. J&rsquo;adore le jeu, mais, je peux l&rsquo;admettre, c&rsquo;est bruyant. Pour \u00eatre courtois dans le reste de ma maison, j&rsquo;ai d\u00e9cid\u00e9 de jouer avec mes AirPods, alors j&rsquo;ai fait les \u00e9tapes habituelles: j&rsquo;ai mis mes AirPod en mode jumelage, allum\u00e9 ma PS5 et navigu\u00e9 pour <strong>Param\u00e8tres <\/strong>> <strong>Accessoires <\/strong>> <strong>G\u00e9n\u00e9ral <\/strong>> <strong>Accessoires Bluetooth. <\/strong>Mes AirPod sont apparus sur la liste, mais lorsque j&rsquo;ai essay\u00e9 de les connecter, j&rsquo;ai \u00e9t\u00e9 accueilli par le message suivant: \u00ab\u00a0La PS5 ne prend pas en charge les accessoires audio Bluetooth.\u00a0\u00bb <\/p>\n<p>Je suis d\u00e9sol\u00e9, quoi? Mon PlayStation 5 de 500 $ qui a \u00e9t\u00e9 lanc\u00e9 en 2020, des ann\u00e9es apr\u00e8s que les \u00e9couteurs Bluetooth \u00e9taient des technologies standard, ne prennent pas en charge les accessoires audio Bluetooth? Cela n&rsquo;aurait du sens que si Sony, comme, vendait sa propre gamme d&rsquo;\u00e9couteurs c\u00e2bl\u00e9s et sans fil, dans l&rsquo;espoir que vous achetez une paire de ceux au lieu d&rsquo;utiliser les produits que vous poss\u00e9dez d\u00e9j\u00e0. Oh, c&rsquo;est vrai: ils le font. Ok, d&rsquo;autres soci\u00e9t\u00e9s vendent des \u00e9couteurs con\u00e7us sp\u00e9cifiquement pour une utilisation avec la PS5, mais aussi <em>allez<\/em>. M\u00eame le commutateur d&rsquo;origine prend d\u00e9sormais en charge Bluetooth Audio, une fonctionnalit\u00e9 que Nintendo a ajout\u00e9e quatre ans apr\u00e8s le lancement de la console. Sony pourrait facilement faire de m\u00eame.<\/p>\n<p>Mis \u00e0 part mon g\u00eane, ne vous inqui\u00e9tez pas: la r\u00e9ponse n&rsquo;est pas d&rsquo;acheter l&rsquo;un des \u00ab\u00a0accessoires audio\u00a0\u00bb propri\u00e9taires de Sony. Au lieu de cela, il y a une solution facile et gratuite au probl\u00e8me &#8211; en supposant que votre t\u00e9l\u00e9viseur est coop\u00e9ratif.  <\/p>\n<h2 id=\"connect-your-bluetooth-headphones-directly-to-your-tv\">Connectez vos \u00e9couteurs Bluetooth directement \u00e0 votre t\u00e9l\u00e9viseur<\/h2>\n<p>Dans ma frustration, j&rsquo;ai fait des recherches sur Google et je suis tomb\u00e9 sur ce fil Reddit. L&rsquo;OP se demandait, comme je l&rsquo;\u00e9tais, pourquoi ils ne pouvaient pas utiliser les appareils audio Bluetooth avec leur PS5. Bien qu&rsquo;il n&rsquo;y ait pas d&rsquo;explication officielle (mais voyez ci-dessus pour une probable), un autre redittor a fourni cette suggestion simple mais saillante: il suffit de jumeler votre \u00e9couteur avec votre t\u00e9l\u00e9viseur.<\/p>\n<p>Vous pouvez faire \u00e7a? Pourquoi n&rsquo;y ai-je pas pens\u00e9? Pourquoi n&rsquo;ai-je pas consid\u00e9r\u00e9 le fait que mon <em>TV<\/em> est \u00e9galement un appareil \u00ab\u00a0moderne\u00a0\u00bb avec des capacit\u00e9s Bluetooth? Je n&rsquo;ai pas de r\u00e9ponses, seulement des solutions: connectez simplement vos AirPods \u00e0 votre t\u00e9l\u00e9viseur lorsque vous souhaitez les utiliser avec votre PS5. <\/p>\n<p>Pour ce faire, vous avez bien s\u00fbr besoin d&rsquo;un t\u00e9l\u00e9viseur qui prend en charge les accessoires audio Bluetooth. Si vous n&rsquo;en avez pas, cette astuce ne fonctionnera pas. Mon t\u00e9l\u00e9viseur est de 2017, cependant, et il le fait, donc j&rsquo;imagine que beaucoup sinon la plupart des t\u00e9l\u00e9viseurs achet\u00e9s dans la demi-d\u00e9cennie de Bast prendront en charge cette option. <\/p>\n<div class=\"pogoClear relative my-10 border-b-(1.5px) border-t-(1.5px) border-dashed border-black py-5 sm:my-14 sm:border-0 sm:py-0\" data-ga-click data-ga-template=\"Explainers\" data-ga-module=\"openweb_widget\" data-ga-element=\"openweb_scroll\" data-ga-item=\"openweb_scroll_midpage\" x-data=\"{\n         commentsCount: null,\n         hasComments: false,\n         async fetchCommentsCount() {\n             try {\n                 if (window.openweb &amp;&amp; typeof window.openweb.getMessagesCount === 'function') {\n                     this.commentsCount = await window.openweb.getMessagesCount('01K0WC88W8TTN6T11ADZ9FENZY');\n                     this.hasComments = this.commentsCount !== null &amp;&amp; this.commentsCount &gt; 0;\n                 }\n             } catch (e) {\n                 console.warn('Failed to fetch comment count:', e);\n             }\n         }\n     }\" x-init=\"fetchCommentsCount()\" x-cloak><\/p>\n<div class=\"absolute top-1\/2 hidden w-full -translate-y-1\/2 border-t-(1.5px) border-dashed border-black sm:block\"><\/div>\n<div class=\"relative flex justify-center\">\n<div class=\"flex max-w-fit items-center gap-x-3 bg-white px-5\">\n<div class=\"relative\">\n                <span class=\"absolute left-1\/2 top-1\/2 -translate-x-1\/2 -translate-y-1\/2 font-akshar text-sm font-medium text-black\" aria-live=\"polite\" x-show=\"hasComments\" x-text=\"commentsCount\"><\/span><\/p>\n<p>                <svg class=\"h-8 w-8 text-black\" role=\"img\" aria-hidden=\"true\">\n                    <use href=\"http:\/\/lifehacker.com\/images\/icons\/spritemap.svg#sprite-chat-bubble\"><\/use>\n                <\/svg>\n            <\/div>\n<p>            <span class=\"text-sm font-medium text-black\"><\/p>\n<p>                Que pensez-vous jusqu&rsquo;\u00e0 pr\u00e9sent?<br \/>\n                <button class=\"ml-1 font-semibold text-brand-green underline hover:text-brand-green-700\" type=\"button\" aria-label=\"Comment section trigger\" onclick=\"window.openweb.scrollToComments('01K0WC88W8TTN6T11ADZ9FENZY')\" x-text=\"hasComments ? 'Post a comment.' : 'Be the first to post a comment.'\"><\/button><br \/>\n            <\/span>\n        <\/div>\n<\/p><\/div>\n<\/div>\n<h3>V\u00e9rifiez vos param\u00e8tres<\/h3>\n<p>Faire fonctionner cela peut vous obliger \u00e0 bricoler avec vos sorties audio. La source audio de votre PS5 devra \u00eatre d\u00e9finie sur votre t\u00e9l\u00e9viseur, et la sortie audio de votre t\u00e9l\u00e9viseur devra \u00e9galement \u00eatre ses haut-parleurs internes. Si vous utilisez d\u00e9j\u00e0 les haut-parleurs de votre t\u00e9l\u00e9viseur, cela est probablement d\u00e9j\u00e0 configur\u00e9 sur les deux appareils. Mais si vous utilisez une configuration audio externe, comme une barre de son, v\u00e9rifiez ces param\u00e8tres. Sur la PS5, vous trouverez ceci sur <strong>Param\u00e8tres> Sound> Sortie audio<\/strong>. Sur votre t\u00e9l\u00e9viseur, acc\u00e9dez \u00e0 vos param\u00e8tres audio et assurez-vous que la sortie est d\u00e9finie sur ses propres haut-parleurs internes, plut\u00f4t qu&rsquo;un autre appareil.<\/p>\n<h3>Connectez vos \u00e9couteurs ou \u00e9couteurs<\/h3>\n<p>Avec cela, vous devrez connecter vos \u00e9couteurs Bluetooth \u00e0 votre t\u00e9l\u00e9viseur. Placez-les en mode jumelage (cela varie selon l&rsquo;appareil, alors recherchez votre marque d&rsquo;\u00e9couteurs pour savoir comment si vous ne le savez pas), puis localisez les param\u00e8tres audio de votre t\u00e9l\u00e9viseur et recherchez quelque chose concernant les accessoires ou les appareils Bluetooth. Si votre t\u00e9l\u00e9viseur dispose de ce menu, vous devriez pouvoir rechercher des appareils \u00e0 proximit\u00e9 et vos \u00e9couteurs devraient appara\u00eetre dans la liste. S\u00e9lectionnez-les, attendez qu&rsquo;ils se marient et Presto: vos AirPods ou autres \u00e9couteurs sans fil, diffuseront d\u00e9sormais l&rsquo;audio provenant de votre t\u00e9l\u00e9viseur, ce qui signifie qu&rsquo;ils diffuseront \u00e9galement l&rsquo;audio de votre PS5. <\/p>\n<h2 id=\"or-use-a-bluetooth-audio-adapter\">Ou utilisez un adaptateur audio Bluetooth<\/h2>\n<p>Si votre t\u00e9l\u00e9viseur ne prend pas en charge Bluetooth, vous n&rsquo;avez toujours pas besoin d&rsquo;acheter une paire d&rsquo;\u00e9couteurs de Sony. Au lieu de cela, vous pouvez acheter quelque chose de beaucoup moins cher: un adaptateur audio Bluetooth. Ces pi\u00e8ces jointes offrent un appareil non Bluetooth avec des capacit\u00e9s Bluetooth. Vous pouvez en brancher un sur votre PS5 <em>ou<\/em> Votre t\u00e9l\u00e9viseur, connectez-vous vos \u00e9couteurs et jetez-y. Il existe de nombreuses options, mais quelque chose comme l&rsquo;adaptateur Bluetooth USB-C d&rsquo;Uilleen semble fonctionner assez bien selon les critiques. L&rsquo;enfer, m\u00eame le Homespot, qui a \u00e9t\u00e9 sp\u00e9cialement con\u00e7u pour le commutateur avant que Nintendo ajoute la prise en charge des appareils Bluetooth, fonctionne sur la PS5.<\/p>\n<p>Vous pouvez r\u00e9cup\u00e9rer l&rsquo;un de ces adaptateurs pour environ 25 $, et bien qu&rsquo;il soit frustrant d&rsquo;avoir \u00e0 d\u00e9penser de l&rsquo;argent pour obtenir une fonctionnalit\u00e9, vous devriez avoir \u00e9t\u00e9 construit, c&rsquo;est mieux que d&rsquo;acheter un tout nouveau casque juste pour jouer \u00e0 des jeux sur votre PS5 sans d\u00e9ranger tout le monde autour de vous.<\/p>\n","protected":false},"excerpt":{"rendered":"<p>Il existe deux fa\u00e7ons de compenser le manque inexplicable de cette fonctionnalit\u00e9 standard. De nos jours, la plupart des technologies qui produisent tout type d&rsquo;audio<\/p>\n","protected":false},"author":1,"featured_media":8971,"comment_status":"","ping_status":"","sticky":false,"template":"","format":"standard","meta":{"footnotes":""},"categories":[13],"tags":[5248,3135,44,3237,1537,531,14,156,126,3315,874,150,529,8],"class_list":["post-8970","post","type-post","status-publish","format-standard","has-post-thumbnail","hentry","category-technologie","tag-bluetooth","tag-charge","tag-comment","tag-connecter","tag-ecouteurs","tag-facon","tag-les","tag-mais","tag-pas","tag-prend","tag-ps5","tag-toute","tag-voici","tag-votre","generate-columns","tablet-grid-50","mobile-grid-100","grid-parent","grid-33"],"yoast_head":"<!-- This site is optimized with the Yoast SEO plugin v24.0 - https:\/\/yoast.com\/wordpress\/plugins\/seo\/ -->\n<title>Votre PS5 ne prend pas en charge les \u00e9couteurs Bluetooth, mais voici comment les connecter de toute fa\u00e7on | Vie Associative<\/title>\n<meta name=\"robots\" content=\"index, follow, max-snippet:-1, max-image-preview:large, max-video-preview:-1\" \/>\n<link rel=\"canonical\" href=\"https:\/\/vieassociative.be\/actualites\/votre-ps5-ne-prend-pas-en-charge-les-ecouteurs-bluetooth-mais-voici-comment-les-connecter-de-toute-facon\/\" \/>\n<meta property=\"og:locale\" content=\"fr_FR\" \/>\n<meta property=\"og:type\" content=\"article\" \/>\n<meta property=\"og:title\" content=\"Votre PS5 ne prend pas en charge les \u00e9couteurs Bluetooth, mais voici comment les connecter de toute fa\u00e7on | Vie Associative\" \/>\n<meta property=\"og:description\" content=\"Il existe deux fa\u00e7ons de compenser le manque inexplicable de cette fonctionnalit\u00e9 standard. De nos jours, la plupart des technologies qui produisent tout type d&rsquo;audio\" \/>\n<meta property=\"og:url\" content=\"https:\/\/vieassociative.be\/actualites\/votre-ps5-ne-prend-pas-en-charge-les-ecouteurs-bluetooth-mais-voici-comment-les-connecter-de-toute-facon\/\" \/>\n<meta property=\"og:site_name\" content=\"Vie Associative\" \/>\n<meta property=\"article:published_time\" content=\"2025-07-24T07:21:41+00:00\" \/>\n<meta property=\"og:image\" content=\"https:\/\/vieassociative.be\/actualites\/wp-content\/uploads\/2024\/09\/header_backgroundk-01-e1726694325946.png\" \/>\n\t<meta property=\"og:image:width\" content=\"279\" \/>\n\t<meta property=\"og:image:height\" content=\"92\" \/>\n\t<meta property=\"og:image:type\" content=\"image\/png\" \/>\n<meta name=\"author\" content=\"Julien\" \/>\n<meta name=\"twitter:card\" content=\"summary_large_image\" \/>\n<meta name=\"twitter:label1\" content=\"\u00c9crit par\" \/>\n\t<meta name=\"twitter:data1\" content=\"Julien\" \/>\n\t<meta name=\"twitter:label2\" content=\"Dur\u00e9e de lecture est.\" \/>\n\t<meta name=\"twitter:data2\" content=\"5 minutes\" \/>\n<script type=\"application\/ld+json\" class=\"yoast-schema-graph\">{\"@context\":\"https:\/\/schema.org\",\"@graph\":[{\"@type\":\"Article\",\"@id\":\"https:\/\/vieassociative.be\/actualites\/votre-ps5-ne-prend-pas-en-charge-les-ecouteurs-bluetooth-mais-voici-comment-les-connecter-de-toute-facon\/#article\",\"isPartOf\":{\"@id\":\"https:\/\/vieassociative.be\/actualites\/votre-ps5-ne-prend-pas-en-charge-les-ecouteurs-bluetooth-mais-voici-comment-les-connecter-de-toute-facon\/\"},\"author\":{\"name\":\"Julien\",\"@id\":\"https:\/\/vieassociative.be\/actualites\/#\/schema\/person\/b87ac4f82f9d4e7b7cec7395b679edc4\"},\"headline\":\"Votre PS5 ne prend pas en charge les \u00e9couteurs Bluetooth, mais voici comment les connecter de toute fa\u00e7on\",\"datePublished\":\"2025-07-24T07:21:41+00:00\",\"dateModified\":\"2025-07-24T07:21:41+00:00\",\"mainEntityOfPage\":{\"@id\":\"https:\/\/vieassociative.be\/actualites\/votre-ps5-ne-prend-pas-en-charge-les-ecouteurs-bluetooth-mais-voici-comment-les-connecter-de-toute-facon\/\"},\"wordCount\":1086,\"publisher\":{\"@id\":\"https:\/\/vieassociative.be\/actualites\/#organization\"},\"image\":{\"@id\":\"https:\/\/vieassociative.be\/actualites\/votre-ps5-ne-prend-pas-en-charge-les-ecouteurs-bluetooth-mais-voici-comment-les-connecter-de-toute-facon\/#primaryimage\"},\"thumbnailUrl\":\"https:\/\/vieassociative.be\/actualites\/wp-content\/uploads\/2025\/07\/Votre-PS5-ne-prend-pas-en-charge-les-ecouteurs-Bluetooth.png\",\"keywords\":[\"Bluetooth\",\"charge\",\"Comment\",\"connecter\",\"\u00e9couteurs\",\"fa\u00e7on\",\"Les\",\"mais\",\"pas\",\"prend\",\"PS5\",\"toute\",\"Voici\",\"votre\"],\"articleSection\":[\"Technologie\"],\"inLanguage\":\"fr-BE\"},{\"@type\":\"WebPage\",\"@id\":\"https:\/\/vieassociative.be\/actualites\/votre-ps5-ne-prend-pas-en-charge-les-ecouteurs-bluetooth-mais-voici-comment-les-connecter-de-toute-facon\/\",\"url\":\"https:\/\/vieassociative.be\/actualites\/votre-ps5-ne-prend-pas-en-charge-les-ecouteurs-bluetooth-mais-voici-comment-les-connecter-de-toute-facon\/\",\"name\":\"Votre PS5 ne prend pas en charge les \u00e9couteurs Bluetooth, mais voici comment les connecter de toute fa\u00e7on | Vie Associative\",\"isPartOf\":{\"@id\":\"https:\/\/vieassociative.be\/actualites\/#website\"},\"primaryImageOfPage\":{\"@id\":\"https:\/\/vieassociative.be\/actualites\/votre-ps5-ne-prend-pas-en-charge-les-ecouteurs-bluetooth-mais-voici-comment-les-connecter-de-toute-facon\/#primaryimage\"},\"image\":{\"@id\":\"https:\/\/vieassociative.be\/actualites\/votre-ps5-ne-prend-pas-en-charge-les-ecouteurs-bluetooth-mais-voici-comment-les-connecter-de-toute-facon\/#primaryimage\"},\"thumbnailUrl\":\"https:\/\/vieassociative.be\/actualites\/wp-content\/uploads\/2025\/07\/Votre-PS5-ne-prend-pas-en-charge-les-ecouteurs-Bluetooth.png\",\"datePublished\":\"2025-07-24T07:21:41+00:00\",\"dateModified\":\"2025-07-24T07:21:41+00:00\",\"breadcrumb\":{\"@id\":\"https:\/\/vieassociative.be\/actualites\/votre-ps5-ne-prend-pas-en-charge-les-ecouteurs-bluetooth-mais-voici-comment-les-connecter-de-toute-facon\/#breadcrumb\"},\"inLanguage\":\"fr-BE\",\"potentialAction\":[{\"@type\":\"ReadAction\",\"target\":[\"https:\/\/vieassociative.be\/actualites\/votre-ps5-ne-prend-pas-en-charge-les-ecouteurs-bluetooth-mais-voici-comment-les-connecter-de-toute-facon\/\"]}]},{\"@type\":\"ImageObject\",\"inLanguage\":\"fr-BE\",\"@id\":\"https:\/\/vieassociative.be\/actualites\/votre-ps5-ne-prend-pas-en-charge-les-ecouteurs-bluetooth-mais-voici-comment-les-connecter-de-toute-facon\/#primaryimage\",\"url\":\"https:\/\/vieassociative.be\/actualites\/wp-content\/uploads\/2025\/07\/Votre-PS5-ne-prend-pas-en-charge-les-ecouteurs-Bluetooth.png\",\"contentUrl\":\"https:\/\/vieassociative.be\/actualites\/wp-content\/uploads\/2025\/07\/Votre-PS5-ne-prend-pas-en-charge-les-ecouteurs-Bluetooth.png\",\"width\":1200,\"height\":675,\"caption\":\"Votre PS5 ne prend pas en charge les \u00e9couteurs Bluetooth, mais voici comment les connecter de toute fa\u00e7on\"},{\"@type\":\"BreadcrumbList\",\"@id\":\"https:\/\/vieassociative.be\/actualites\/votre-ps5-ne-prend-pas-en-charge-les-ecouteurs-bluetooth-mais-voici-comment-les-connecter-de-toute-facon\/#breadcrumb\",\"itemListElement\":[{\"@type\":\"ListItem\",\"position\":1,\"name\":\"Accueil\",\"item\":\"https:\/\/vieassociative.be\/actualites\/\"},{\"@type\":\"ListItem\",\"position\":2,\"name\":\"Votre PS5 ne prend pas en charge les \u00e9couteurs Bluetooth, mais voici comment les connecter de toute fa\u00e7on\"}]},{\"@type\":\"WebSite\",\"@id\":\"https:\/\/vieassociative.be\/actualites\/#website\",\"url\":\"https:\/\/vieassociative.be\/actualites\/\",\"name\":\"Vie Associative\",\"description\":\"\",\"publisher\":{\"@id\":\"https:\/\/vieassociative.be\/actualites\/#organization\"},\"potentialAction\":[{\"@type\":\"SearchAction\",\"target\":{\"@type\":\"EntryPoint\",\"urlTemplate\":\"https:\/\/vieassociative.be\/actualites\/?s={search_term_string}\"},\"query-input\":{\"@type\":\"PropertyValueSpecification\",\"valueRequired\":true,\"valueName\":\"search_term_string\"}}],\"inLanguage\":\"fr-BE\"},{\"@type\":\"Organization\",\"@id\":\"https:\/\/vieassociative.be\/actualites\/#organization\",\"name\":\"Vie Associative\",\"url\":\"https:\/\/vieassociative.be\/actualites\/\",\"logo\":{\"@type\":\"ImageObject\",\"inLanguage\":\"fr-BE\",\"@id\":\"https:\/\/vieassociative.be\/actualites\/#\/schema\/logo\/image\/\",\"url\":\"https:\/\/vieassociative.be\/actualites\/wp-content\/uploads\/2024\/09\/cropped-vieassociative_favicon.ico.png\",\"contentUrl\":\"https:\/\/vieassociative.be\/actualites\/wp-content\/uploads\/2024\/09\/cropped-vieassociative_favicon.ico.png\",\"width\":512,\"height\":512,\"caption\":\"Vie Associative\"},\"image\":{\"@id\":\"https:\/\/vieassociative.be\/actualites\/#\/schema\/logo\/image\/\"}},{\"@type\":\"Person\",\"@id\":\"https:\/\/vieassociative.be\/actualites\/#\/schema\/person\/b87ac4f82f9d4e7b7cec7395b679edc4\",\"name\":\"Julien\",\"image\":{\"@type\":\"ImageObject\",\"inLanguage\":\"fr-BE\",\"@id\":\"https:\/\/vieassociative.be\/actualites\/#\/schema\/person\/image\/\",\"url\":\"https:\/\/vieassociative.be\/actualites\/wp-content\/uploads\/2024\/09\/vie-associative-1-150x150.jpg\",\"contentUrl\":\"https:\/\/vieassociative.be\/actualites\/wp-content\/uploads\/2024\/09\/vie-associative-1-150x150.jpg\",\"caption\":\"Julien\"},\"description\":\"Je suis Julien, r\u00e9dacteur pour Vie Associative. Passionn\u00e9 par le monde associatif depuis plus de 10 ans, j'ai \u00e0 c\u0153ur de partager des histoires inspirantes et de mettre en lumi\u00e8re les initiatives locales. Mon objectif est de sensibiliser et d'encourager l'engagement communautaire \u00e0 travers mes articles.\",\"sameAs\":[\"https:\/\/vieassociative.be\/\"]}]}<\/script>\n<!-- \/ Yoast SEO plugin. -->","yoast_head_json":{"title":"Votre PS5 ne prend pas en charge les \u00e9couteurs Bluetooth, mais voici comment les connecter de toute fa\u00e7on | Vie Associative","robots":{"index":"index","follow":"follow","max-snippet":"max-snippet:-1","max-image-preview":"max-image-preview:large","max-video-preview":"max-video-preview:-1"},"canonical":"https:\/\/vieassociative.be\/actualites\/votre-ps5-ne-prend-pas-en-charge-les-ecouteurs-bluetooth-mais-voici-comment-les-connecter-de-toute-facon\/","og_locale":"fr_FR","og_type":"article","og_title":"Votre PS5 ne prend pas en charge les \u00e9couteurs Bluetooth, mais voici comment les connecter de toute fa\u00e7on | Vie Associative","og_description":"Il existe deux fa\u00e7ons de compenser le manque inexplicable de cette fonctionnalit\u00e9 standard. De nos jours, la plupart des technologies qui produisent tout type d&rsquo;audio","og_url":"https:\/\/vieassociative.be\/actualites\/votre-ps5-ne-prend-pas-en-charge-les-ecouteurs-bluetooth-mais-voici-comment-les-connecter-de-toute-facon\/","og_site_name":"Vie Associative","article_published_time":"2025-07-24T07:21:41+00:00","og_image":[{"width":279,"height":92,"url":"https:\/\/vieassociative.be\/actualites\/wp-content\/uploads\/2024\/09\/header_backgroundk-01-e1726694325946.png","type":"image\/png"}],"author":"Julien","twitter_card":"summary_large_image","twitter_misc":{"\u00c9crit par":"Julien","Dur\u00e9e de lecture est.":"5 minutes"},"schema":{"@context":"https:\/\/schema.org","@graph":[{"@type":"Article","@id":"https:\/\/vieassociative.be\/actualites\/votre-ps5-ne-prend-pas-en-charge-les-ecouteurs-bluetooth-mais-voici-comment-les-connecter-de-toute-facon\/#article","isPartOf":{"@id":"https:\/\/vieassociative.be\/actualites\/votre-ps5-ne-prend-pas-en-charge-les-ecouteurs-bluetooth-mais-voici-comment-les-connecter-de-toute-facon\/"},"author":{"name":"Julien","@id":"https:\/\/vieassociative.be\/actualites\/#\/schema\/person\/b87ac4f82f9d4e7b7cec7395b679edc4"},"headline":"Votre PS5 ne prend pas en charge les \u00e9couteurs Bluetooth, mais voici comment les connecter de toute fa\u00e7on","datePublished":"2025-07-24T07:21:41+00:00","dateModified":"2025-07-24T07:21:41+00:00","mainEntityOfPage":{"@id":"https:\/\/vieassociative.be\/actualites\/votre-ps5-ne-prend-pas-en-charge-les-ecouteurs-bluetooth-mais-voici-comment-les-connecter-de-toute-facon\/"},"wordCount":1086,"publisher":{"@id":"https:\/\/vieassociative.be\/actualites\/#organization"},"image":{"@id":"https:\/\/vieassociative.be\/actualites\/votre-ps5-ne-prend-pas-en-charge-les-ecouteurs-bluetooth-mais-voici-comment-les-connecter-de-toute-facon\/#primaryimage"},"thumbnailUrl":"https:\/\/vieassociative.be\/actualites\/wp-content\/uploads\/2025\/07\/Votre-PS5-ne-prend-pas-en-charge-les-ecouteurs-Bluetooth.png","keywords":["Bluetooth","charge","Comment","connecter","\u00e9couteurs","fa\u00e7on","Les","mais","pas","prend","PS5","toute","Voici","votre"],"articleSection":["Technologie"],"inLanguage":"fr-BE"},{"@type":"WebPage","@id":"https:\/\/vieassociative.be\/actualites\/votre-ps5-ne-prend-pas-en-charge-les-ecouteurs-bluetooth-mais-voici-comment-les-connecter-de-toute-facon\/","url":"https:\/\/vieassociative.be\/actualites\/votre-ps5-ne-prend-pas-en-charge-les-ecouteurs-bluetooth-mais-voici-comment-les-connecter-de-toute-facon\/","name":"Votre PS5 ne prend pas en charge les \u00e9couteurs Bluetooth, mais voici comment les connecter de toute fa\u00e7on | Vie Associative","isPartOf":{"@id":"https:\/\/vieassociative.be\/actualites\/#website"},"primaryImageOfPage":{"@id":"https:\/\/vieassociative.be\/actualites\/votre-ps5-ne-prend-pas-en-charge-les-ecouteurs-bluetooth-mais-voici-comment-les-connecter-de-toute-facon\/#primaryimage"},"image":{"@id":"https:\/\/vieassociative.be\/actualites\/votre-ps5-ne-prend-pas-en-charge-les-ecouteurs-bluetooth-mais-voici-comment-les-connecter-de-toute-facon\/#primaryimage"},"thumbnailUrl":"https:\/\/vieassociative.be\/actualites\/wp-content\/uploads\/2025\/07\/Votre-PS5-ne-prend-pas-en-charge-les-ecouteurs-Bluetooth.png","datePublished":"2025-07-24T07:21:41+00:00","dateModified":"2025-07-24T07:21:41+00:00","breadcrumb":{"@id":"https:\/\/vieassociative.be\/actualites\/votre-ps5-ne-prend-pas-en-charge-les-ecouteurs-bluetooth-mais-voici-comment-les-connecter-de-toute-facon\/#breadcrumb"},"inLanguage":"fr-BE","potentialAction":[{"@type":"ReadAction","target":["https:\/\/vieassociative.be\/actualites\/votre-ps5-ne-prend-pas-en-charge-les-ecouteurs-bluetooth-mais-voici-comment-les-connecter-de-toute-facon\/"]}]},{"@type":"ImageObject","inLanguage":"fr-BE","@id":"https:\/\/vieassociative.be\/actualites\/votre-ps5-ne-prend-pas-en-charge-les-ecouteurs-bluetooth-mais-voici-comment-les-connecter-de-toute-facon\/#primaryimage","url":"https:\/\/vieassociative.be\/actualites\/wp-content\/uploads\/2025\/07\/Votre-PS5-ne-prend-pas-en-charge-les-ecouteurs-Bluetooth.png","contentUrl":"https:\/\/vieassociative.be\/actualites\/wp-content\/uploads\/2025\/07\/Votre-PS5-ne-prend-pas-en-charge-les-ecouteurs-Bluetooth.png","width":1200,"height":675,"caption":"Votre PS5 ne prend pas en charge les \u00e9couteurs Bluetooth, mais voici comment les connecter de toute fa\u00e7on"},{"@type":"BreadcrumbList","@id":"https:\/\/vieassociative.be\/actualites\/votre-ps5-ne-prend-pas-en-charge-les-ecouteurs-bluetooth-mais-voici-comment-les-connecter-de-toute-facon\/#breadcrumb","itemListElement":[{"@type":"ListItem","position":1,"name":"Accueil","item":"https:\/\/vieassociative.be\/actualites\/"},{"@type":"ListItem","position":2,"name":"Votre PS5 ne prend pas en charge les \u00e9couteurs Bluetooth, mais voici comment les connecter de toute fa\u00e7on"}]},{"@type":"WebSite","@id":"https:\/\/vieassociative.be\/actualites\/#website","url":"https:\/\/vieassociative.be\/actualites\/","name":"Vie Associative","description":"","publisher":{"@id":"https:\/\/vieassociative.be\/actualites\/#organization"},"potentialAction":[{"@type":"SearchAction","target":{"@type":"EntryPoint","urlTemplate":"https:\/\/vieassociative.be\/actualites\/?s={search_term_string}"},"query-input":{"@type":"PropertyValueSpecification","valueRequired":true,"valueName":"search_term_string"}}],"inLanguage":"fr-BE"},{"@type":"Organization","@id":"https:\/\/vieassociative.be\/actualites\/#organization","name":"Vie Associative","url":"https:\/\/vieassociative.be\/actualites\/","logo":{"@type":"ImageObject","inLanguage":"fr-BE","@id":"https:\/\/vieassociative.be\/actualites\/#\/schema\/logo\/image\/","url":"https:\/\/vieassociative.be\/actualites\/wp-content\/uploads\/2024\/09\/cropped-vieassociative_favicon.ico.png","contentUrl":"https:\/\/vieassociative.be\/actualites\/wp-content\/uploads\/2024\/09\/cropped-vieassociative_favicon.ico.png","width":512,"height":512,"caption":"Vie Associative"},"image":{"@id":"https:\/\/vieassociative.be\/actualites\/#\/schema\/logo\/image\/"}},{"@type":"Person","@id":"https:\/\/vieassociative.be\/actualites\/#\/schema\/person\/b87ac4f82f9d4e7b7cec7395b679edc4","name":"Julien","image":{"@type":"ImageObject","inLanguage":"fr-BE","@id":"https:\/\/vieassociative.be\/actualites\/#\/schema\/person\/image\/","url":"https:\/\/vieassociative.be\/actualites\/wp-content\/uploads\/2024\/09\/vie-associative-1-150x150.jpg","contentUrl":"https:\/\/vieassociative.be\/actualites\/wp-content\/uploads\/2024\/09\/vie-associative-1-150x150.jpg","caption":"Julien"},"description":"Je suis Julien, r\u00e9dacteur pour Vie Associative. Passionn\u00e9 par le monde associatif depuis plus de 10 ans, j'ai \u00e0 c\u0153ur de partager des histoires inspirantes et de mettre en lumi\u00e8re les initiatives locales. Mon objectif est de sensibiliser et d'encourager l'engagement communautaire \u00e0 travers mes articles.","sameAs":["https:\/\/vieassociative.be\/"]}]}},"_links":{"self":[{"href":"https:\/\/vieassociative.be\/actualites\/wp-json\/wp\/v2\/posts\/8970"}],"collection":[{"href":"https:\/\/vieassociative.be\/actualites\/wp-json\/wp\/v2\/posts"}],"about":[{"href":"https:\/\/vieassociative.be\/actualites\/wp-json\/wp\/v2\/types\/post"}],"author":[{"embeddable":true,"href":"https:\/\/vieassociative.be\/actualites\/wp-json\/wp\/v2\/users\/1"}],"replies":[{"embeddable":true,"href":"https:\/\/vieassociative.be\/actualites\/wp-json\/wp\/v2\/comments?post=8970"}],"version-history":[{"count":0,"href":"https:\/\/vieassociative.be\/actualites\/wp-json\/wp\/v2\/posts\/8970\/revisions"}],"wp:featuredmedia":[{"embeddable":true,"href":"https:\/\/vieassociative.be\/actualites\/wp-json\/wp\/v2\/media\/8971"}],"wp:attachment":[{"href":"https:\/\/vieassociative.be\/actualites\/wp-json\/wp\/v2\/media?parent=8970"}],"wp:term":[{"taxonomy":"category","embeddable":true,"href":"https:\/\/vieassociative.be\/actualites\/wp-json\/wp\/v2\/categories?post=8970"},{"taxonomy":"post_tag","embeddable":true,"href":"https:\/\/vieassociative.be\/actualites\/wp-json\/wp\/v2\/tags?post=8970"}],"curies":[{"name":"wp","href":"https:\/\/api.w.org\/{rel}","templated":true}]}}