{"id":8966,"date":"2025-07-24T04:17:39","date_gmt":"2025-07-24T02:17:39","guid":{"rendered":"https:\/\/vieassociative.be\/actualites\/bonmati-detruit-le-reve-de-lallemagne-de-la-finale-du-championnat-deurope\/"},"modified":"2025-07-24T04:17:39","modified_gmt":"2025-07-24T02:17:39","slug":"bonmati-detruit-le-reve-de-lallemagne-de-la-finale-du-championnat-deurope","status":"publish","type":"post","link":"https:\/\/vieassociative.be\/actualites\/bonmati-detruit-le-reve-de-lallemagne-de-la-finale-du-championnat-deurope\/","title":{"rendered":"Bonmat\u00ed d\u00e9truit le r\u00eave de l&rsquo;Allemagne de la finale du championnat d&rsquo;Europe"},"content":{"rendered":"<p><strong>L&rsquo;\u00e9quipe allemande offre une lutte difficile et angoissante pour le premier favori des demi-finales des femmes de football europ\u00e9ennes \u00e0 Zurich. Le gardien de but Ann-Katrin Berger tient tr\u00e8s fortement, mais est due \u00e0 la fin.<\/strong><\/p>\n<p><span id=\"more-420849\"><\/span>Malgr\u00e9 une grande performance \u00e9nerg\u00e9tique contre le champion du monde de l&rsquo;Espagne, les footballeurs allemands viennent de rater la finale du championnat d&rsquo;Europe. L&rsquo;\u00e9quipe de l&rsquo;entra\u00eeneur national Christian W\u00fcck s&rsquo;est obstin\u00e9ment d\u00e9fendu contre le favori du titre, mais \u00e0 la 113e minute, le but d\u00e9cisif pour 0: 1 (0: 0: 0) apr\u00e8s un temps suppl\u00e9mentaire: le footballeur mondial Aitana Bonmati s&rsquo;est rencontr\u00e9 et s&rsquo;est \u00e9teint.<\/p>\n<p>Devant 22 432 spectateurs dans le stade \u00e0 guichets ferm\u00e9s de Zurich Letzigrund, y compris le pr\u00e9sident f\u00e9d\u00e9ral Frank-Walter Steinmeier &#8211; les Espagnols sup\u00e9rieurs ont applaudi apr\u00e8s une lutte pour l&rsquo;usure. L&rsquo;\u00e9quipe autour du joueur vedette Bonmati peut d\u00e9sormais devenir champions d&rsquo;Europe deux ans apr\u00e8s le triomphe de la Coupe du monde de l&rsquo;Australie.<\/p>\n<div id=\"attachment_420859\" class=\"wp-caption alignleft\" style=\"max-width: 300px\"><img fetchpriority=\"high\" decoding=\"async\" class=\"wp-image-420859 size-medium\" src=\"https:\/\/vieassociative.be\/actualites\/wp-content\/uploads\/2025\/07\/Bonmati-detruit-le-reve-de-lAllemagne-de-la-finale-du.jpg\" alt=\"\" width=\"300\" height=\"200\"><\/p>\n<p class=\"wp-caption-text\">23.07.2025, Suisse, Zurich: le gardien allemand Ann-Katrin Berger (M) ne peut pas emp\u00eacher la porte de 0: 1 par la Bonmati d&rsquo;Espagne (pas sur la photo). Photo: Sebastian Christoph Gollnow \/ DPA<\/p>\n<\/div>\n<p>En finale le dimanche (18 h) \u00e0 B\u00e2le contre le champion en titre en Angleterre. Pour la s\u00e9lection allemande, il n&rsquo;y a pas de vengeance pour la d\u00e9faite finale 2022 \u00e0 Wembley contre les \u00ab\u00a0lionnes\u00a0\u00bb.<\/p>\n<p><strong>-Football Idole Netzer et Hrubesch dans les stands:<\/strong> Les Internationaux ont c\u00e9l\u00e9br\u00e9 plus de 10 000 fans quatre jours apr\u00e8s la victoire grandiose contre la France lors de la fusillade de p\u00e9nalit\u00e9 avant le coup de pied -off. L&rsquo;entra\u00eeneur ex-national Horst Hrubesch et la l\u00e9gende du football G\u00fcnter Netzer \u00e9taient \u00e9galement venus et ont discut\u00e9 dans l&rsquo;entr\u00e9e du stade.<\/p>\n<p>\u00ab\u00a0Si vous gagnez aujourd&rsquo;hui, vous serez champion d&rsquo;Europe\u00a0\u00bb, a d\u00e9clar\u00e9 Netzer \u00e0 propos de l&rsquo;\u00e9quipe allemande. Ann-Katrin Bergers, grand-p\u00e8re de 92 ans, Herbert \u00e9tait \u00e9galement assis sur les tribunes. Selon le gardien de but, il avait en fait dit qu&rsquo;il venait \u00e0 la finale.<\/p>\n<p><strong>&#8211; D\u00e4britz remplace N\u00fcsken au milieu de terrain:<\/strong> W\u00fcck a d\u00fb reconstruire \u00e0 nouveau ses onze avec cette Em. Le milieu de terrain Sjoeke N\u00fcsken \u00e9tait port\u00e9 disparu \u00e0 cause de son deuxi\u00e8me carton jaune. Sarai Linder est en proie \u00e0 une blessure \u00e0 la capsule et sa coll\u00e8gue d\u00e9fensive Kathrin Hendrich est bloqu\u00e9e pour un match apr\u00e8s son grande attention.<\/p>\n<p>Le vainqueur du titre huit fois avec Carlotta Wamser a couru sur la bonne d\u00e9fense en tant que repr\u00e9sentant de Giulia Gwinn, tandis que le capitaine r\u00e9gulier avec un soutien de renom et moral \u00e9tait \u00e0 nouveau sur le banc. Sara D\u00e4britz, la derni\u00e8re des champions d&rsquo;Europe en 2013, a remplac\u00e9 N\u00fcsken. Pour la premi\u00e8re fois dans la ligne de d\u00e9part &#8211; Sophia Kleinhernen \u00e9tait \u00e9galement un d\u00e9fenseur central.<\/p>\n<div id=\"attachment_420860\" class=\"wp-caption alignleft\" style=\"max-width: 300px\"><img decoding=\"async\" class=\"wp-image-420860 size-medium\" src=\"https:\/\/vieassociative.be\/actualites\/wp-content\/uploads\/2025\/07\/1753323459_35_Bonmati-detruit-le-reve-de-lAllemagne-de-la-finale-du.jpg\" alt=\"\" width=\"300\" height=\"200\"><\/p>\n<p class=\"wp-caption-text\">23\/07\/2025, Suisse, Zurich: Klara B\u00fchl (M) en Allemagne tire sur le but espagnol entre Ona Batlle (L) et Irene Paredes d&rsquo;Espagne. Photo: Sebastian Christoph Gollnow \/ DPA<\/p>\n<\/div>\n<p><strong>&#8211; W\u00fcck voulait faire de l&rsquo;Espagne \u00ab\u00a0M\u00fcrbe\u00a0\u00bb:<\/strong> \u00ab\u00a0Nous avons une d\u00e9fensive six \u00e0 Janina Minge, qui peut tomber dans la d\u00e9fense. Nous voulons laisser partiellement l&rsquo;Espagne au bal, mais nous voulons \u00e9galement aggraver les choses\u00a0\u00bb, a d\u00e9clar\u00e9 W\u00fcck \u00e0 l&rsquo;avance dans l&rsquo;ARD. \u00ab\u00a0Pour Sarah D\u00e4britz, son calme a parl\u00e9 du ballon.\u00a0\u00bb<\/p>\n<p>Lors des huit matchs contre l&rsquo;Espagne auparavant, l&rsquo;\u00e9quipe DFB \u00e9tait rest\u00e9e invaincue. Dans un grand souvenir, les fans allemands sont rest\u00e9s le match de bronze avec Hrubesch en tant qu&rsquo;entra\u00eeneur aux Jeux olympiques de 2024, lorsque Berger a parl\u00e9 une p\u00e9nalit\u00e9 d&rsquo;Alexia Putellas et a sauv\u00e9 la victoire 1-0.<\/p>\n<p><strong>&#8211; B\u00fchl manque la grande chance de diriger:<\/strong> Les Espagnols ont rapidement clairement indiqu\u00e9 que tout cela ne joue plus un r\u00f4le dans le championnat d&rsquo;Europe 2025. L&rsquo;\u00e9quipe de l&rsquo;entra\u00eeneur Montse Tom\u00e9 a laiss\u00e9 le ballon comme d&rsquo;habitude, l&rsquo;allemand se pr\u00e9cipitant apr\u00e8s. M\u00eame avant que le favori du tournoi n&rsquo;ait eu la premi\u00e8re chance, apr\u00e8s un large tee-shirt de Berger, Klara B\u00fchl a soudainement travers\u00e9. Son coup bas siffla devant le bon poteau (8e).<\/p>\n<p>Apr\u00e8s 20 bonnes minutes, \u00ab\u00a0Ann-Katrin Berger\u00a0\u00bb appelle \u00e0 travers l&rsquo;ar\u00e8ne: le gardien de but a dirig\u00e9 un tir d&rsquo;Ester Gonzalez au-dessus du latte. Sinon, les attaquants allemands, en particulier la marque Jule, qui grouillaient dans toutes les directions, travaillaient avec impatience.<\/p>\n<p><strong>-DFB L&rsquo;\u00e9quipe se sauve dans la cabine sans objectif:<\/strong> L&rsquo;Espagne et Bonmat\u00ed ont souvent conquis la surface de p\u00e9nalit\u00e9 adverse. Apr\u00e8s un coup de pied d&rsquo;angle, le capitaine Irene Paredes s&rsquo;est dirig\u00e9 vers le poste &#8211; Berger aurait \u00e9t\u00e9 impuissant (41.). Peu de temps apr\u00e8s, le gardien de but du club am\u00e9ricain Gotham FC a tenu un coup de feu de son coll\u00e8gue de club Esther Gonz\u00e1lez. L&rsquo;\u00e9quipe de W\u00fcck a sauv\u00e9 la pause de cette fa\u00e7on sans objectif.<\/p>\n<div id=\"attachment_420861\" class=\"wp-caption alignleft\" style=\"max-width: 300px\"><img decoding=\"async\" class=\"wp-image-420861 size-medium\" src=\"https:\/\/vieassociative.be\/actualites\/wp-content\/uploads\/2025\/07\/1753323459_366_Bonmati-detruit-le-reve-de-lAllemagne-de-la-finale-du.jpg\" alt=\"\" width=\"300\" height=\"200\"><\/p>\n<p class=\"wp-caption-text\">23\/07\/2025, Suisse, Zurich: Klara B\u00fchl en Allemagne effectue un coup franc. Photo: Alessandra Tarantino \/ AP \/ DPA<\/p>\n<\/div>\n<p>Apr\u00e8s quelques minutes au deuxi\u00e8me tour, Berger a d\u00fb s&rsquo;opposer \u00e0 la course \u00e0 la course Batlle et est d&rsquo;abord all\u00e9 au sol. Lorsque Bonmat\u00ed a essay\u00e9 de le faire avec un Schlenzer, Small Thoun a juste apport\u00e9 une jambe entre les deux.<\/p>\n<p><strong>&#8211; Le coup franc de B\u00fchl se retrouve presque dans le but:<\/strong> La direction de l&rsquo;Espagne \u00e9tait dans les airs, mais encore une fois B\u00fchl a eu la chance de diriger. Le gardien de but Cata Coll vient de repousser sa balle avec ses pieds (63.). W\u00fcck a toujours apport\u00e9 un milieu de terrain offensif \u00e0 Linda Dallmann, mais B\u00fchl est rest\u00e9 impliqu\u00e9 dans les sc\u00e8nes offensives des Allemands. Dans un coup franc de l&rsquo;attaquant du Bayern \u00e0 de 21 m\u00e8tres, seuls les centim\u00e8tres (85e) manquaient &#8211; les Espagnols se sont taill\u00e9s ensemble.<\/p>\n<p>B\u00fchl a presque frapp\u00e9 \u00e0 nouveau dans le temps suppl\u00e9mentaire, mais Wamser a \u00e9galement rat\u00e9 la marge. Kleinhernn a \u00e9galement d\u00fb sortir des bless\u00e9s. Apr\u00e8s une exemption infructueuse de Sydney Lohmann substitu\u00e9e, Bonmati a montr\u00e9 toute sa classe et a tromp\u00e9 Berger avec un tir d&rsquo;un angle pointu dans le coin court. (DPA)<\/p>\n","protected":false},"excerpt":{"rendered":"<p>L&rsquo;\u00e9quipe allemande offre une lutte difficile et angoissante pour le premier favori des demi-finales des femmes de football europ\u00e9ennes \u00e0 Zurich. Le gardien de but<\/p>\n","protected":false},"author":1,"featured_media":8967,"comment_status":"","ping_status":"","sticky":false,"template":"","format":"standard","meta":{"footnotes":""},"categories":[298],"tags":[2411,4054,4931,3976,879,2375,3206],"class_list":["post-8966","post","type-post","status-publish","format-standard","has-post-thumbnail","hentry","category-belgique","tag-bonmati","tag-championnat","tag-detruit","tag-deurope","tag-finale","tag-lallemagne","tag-reve","generate-columns","tablet-grid-50","mobile-grid-100","grid-parent","grid-33"],"yoast_head":"<!-- This site is optimized with the Yoast SEO plugin v24.0 - https:\/\/yoast.com\/wordpress\/plugins\/seo\/ -->\n<title>Bonmat\u00ed d\u00e9truit le r\u00eave de l&#039;Allemagne de la finale du championnat d&#039;Europe | Vie Associative<\/title>\n<meta name=\"robots\" content=\"index, follow, max-snippet:-1, max-image-preview:large, max-video-preview:-1\" \/>\n<link rel=\"canonical\" href=\"https:\/\/vieassociative.be\/actualites\/bonmati-detruit-le-reve-de-lallemagne-de-la-finale-du-championnat-deurope\/\" \/>\n<meta property=\"og:locale\" content=\"fr_FR\" \/>\n<meta property=\"og:type\" content=\"article\" \/>\n<meta property=\"og:title\" content=\"Bonmat\u00ed d\u00e9truit le r\u00eave de l&#039;Allemagne de la finale du championnat d&#039;Europe | Vie Associative\" \/>\n<meta property=\"og:description\" content=\"L&rsquo;\u00e9quipe allemande offre une lutte difficile et angoissante pour le premier favori des demi-finales des femmes de football europ\u00e9ennes \u00e0 Zurich. Le gardien de but\" \/>\n<meta property=\"og:url\" content=\"https:\/\/vieassociative.be\/actualites\/bonmati-detruit-le-reve-de-lallemagne-de-la-finale-du-championnat-deurope\/\" \/>\n<meta property=\"og:site_name\" content=\"Vie Associative\" \/>\n<meta property=\"article:published_time\" content=\"2025-07-24T02:17:39+00:00\" \/>\n<meta property=\"og:image\" content=\"https:\/\/vieassociative.be\/actualites\/wp-content\/uploads\/2024\/09\/header_backgroundk-01-e1726694325946.png\" \/>\n\t<meta property=\"og:image:width\" content=\"279\" \/>\n\t<meta property=\"og:image:height\" content=\"92\" \/>\n\t<meta property=\"og:image:type\" content=\"image\/png\" \/>\n<meta name=\"author\" content=\"Julien\" \/>\n<meta name=\"twitter:card\" content=\"summary_large_image\" \/>\n<meta name=\"twitter:label1\" content=\"\u00c9crit par\" \/>\n\t<meta name=\"twitter:data1\" content=\"Julien\" \/>\n\t<meta name=\"twitter:label2\" content=\"Dur\u00e9e de lecture est.\" \/>\n\t<meta name=\"twitter:data2\" content=\"5 minutes\" \/>\n<script type=\"application\/ld+json\" class=\"yoast-schema-graph\">{\"@context\":\"https:\/\/schema.org\",\"@graph\":[{\"@type\":\"Article\",\"@id\":\"https:\/\/vieassociative.be\/actualites\/bonmati-detruit-le-reve-de-lallemagne-de-la-finale-du-championnat-deurope\/#article\",\"isPartOf\":{\"@id\":\"https:\/\/vieassociative.be\/actualites\/bonmati-detruit-le-reve-de-lallemagne-de-la-finale-du-championnat-deurope\/\"},\"author\":{\"name\":\"Julien\",\"@id\":\"https:\/\/vieassociative.be\/actualites\/#\/schema\/person\/b87ac4f82f9d4e7b7cec7395b679edc4\"},\"headline\":\"Bonmat\u00ed d\u00e9truit le r\u00eave de l&rsquo;Allemagne de la finale du championnat d&rsquo;Europe\",\"datePublished\":\"2025-07-24T02:17:39+00:00\",\"dateModified\":\"2025-07-24T02:17:39+00:00\",\"mainEntityOfPage\":{\"@id\":\"https:\/\/vieassociative.be\/actualites\/bonmati-detruit-le-reve-de-lallemagne-de-la-finale-du-championnat-deurope\/\"},\"wordCount\":1095,\"publisher\":{\"@id\":\"https:\/\/vieassociative.be\/actualites\/#organization\"},\"image\":{\"@id\":\"https:\/\/vieassociative.be\/actualites\/bonmati-detruit-le-reve-de-lallemagne-de-la-finale-du-championnat-deurope\/#primaryimage\"},\"thumbnailUrl\":\"https:\/\/vieassociative.be\/actualites\/wp-content\/uploads\/2025\/07\/1753323460_Bonmati-detruit-le-reve-de-lAllemagne-de-la-finale-du.jpg\",\"keywords\":[\"Bonmat\u00ed\",\"Championnat\",\"d\u00e9truit\",\"dEurope\",\"finale\",\"lAllemagne\",\"r\u00eave\"],\"articleSection\":[\"Belgique\"],\"inLanguage\":\"fr-BE\"},{\"@type\":\"WebPage\",\"@id\":\"https:\/\/vieassociative.be\/actualites\/bonmati-detruit-le-reve-de-lallemagne-de-la-finale-du-championnat-deurope\/\",\"url\":\"https:\/\/vieassociative.be\/actualites\/bonmati-detruit-le-reve-de-lallemagne-de-la-finale-du-championnat-deurope\/\",\"name\":\"Bonmat\u00ed d\u00e9truit le r\u00eave de l'Allemagne de la finale du championnat d'Europe | Vie Associative\",\"isPartOf\":{\"@id\":\"https:\/\/vieassociative.be\/actualites\/#website\"},\"primaryImageOfPage\":{\"@id\":\"https:\/\/vieassociative.be\/actualites\/bonmati-detruit-le-reve-de-lallemagne-de-la-finale-du-championnat-deurope\/#primaryimage\"},\"image\":{\"@id\":\"https:\/\/vieassociative.be\/actualites\/bonmati-detruit-le-reve-de-lallemagne-de-la-finale-du-championnat-deurope\/#primaryimage\"},\"thumbnailUrl\":\"https:\/\/vieassociative.be\/actualites\/wp-content\/uploads\/2025\/07\/1753323460_Bonmati-detruit-le-reve-de-lAllemagne-de-la-finale-du.jpg\",\"datePublished\":\"2025-07-24T02:17:39+00:00\",\"dateModified\":\"2025-07-24T02:17:39+00:00\",\"breadcrumb\":{\"@id\":\"https:\/\/vieassociative.be\/actualites\/bonmati-detruit-le-reve-de-lallemagne-de-la-finale-du-championnat-deurope\/#breadcrumb\"},\"inLanguage\":\"fr-BE\",\"potentialAction\":[{\"@type\":\"ReadAction\",\"target\":[\"https:\/\/vieassociative.be\/actualites\/bonmati-detruit-le-reve-de-lallemagne-de-la-finale-du-championnat-deurope\/\"]}]},{\"@type\":\"ImageObject\",\"inLanguage\":\"fr-BE\",\"@id\":\"https:\/\/vieassociative.be\/actualites\/bonmati-detruit-le-reve-de-lallemagne-de-la-finale-du-championnat-deurope\/#primaryimage\",\"url\":\"https:\/\/vieassociative.be\/actualites\/wp-content\/uploads\/2025\/07\/1753323460_Bonmati-detruit-le-reve-de-lAllemagne-de-la-finale-du.jpg\",\"contentUrl\":\"https:\/\/vieassociative.be\/actualites\/wp-content\/uploads\/2025\/07\/1753323460_Bonmati-detruit-le-reve-de-lAllemagne-de-la-finale-du.jpg\",\"width\":1200,\"height\":800,\"caption\":\"Bonmat\u00ed d\u00e9truit le r\u00eave de l'Allemagne de la finale du championnat d'Europe\"},{\"@type\":\"BreadcrumbList\",\"@id\":\"https:\/\/vieassociative.be\/actualites\/bonmati-detruit-le-reve-de-lallemagne-de-la-finale-du-championnat-deurope\/#breadcrumb\",\"itemListElement\":[{\"@type\":\"ListItem\",\"position\":1,\"name\":\"Accueil\",\"item\":\"https:\/\/vieassociative.be\/actualites\/\"},{\"@type\":\"ListItem\",\"position\":2,\"name\":\"Bonmat\u00ed d\u00e9truit le r\u00eave de l&rsquo;Allemagne de la finale du championnat d&rsquo;Europe\"}]},{\"@type\":\"WebSite\",\"@id\":\"https:\/\/vieassociative.be\/actualites\/#website\",\"url\":\"https:\/\/vieassociative.be\/actualites\/\",\"name\":\"Vie Associative\",\"description\":\"\",\"publisher\":{\"@id\":\"https:\/\/vieassociative.be\/actualites\/#organization\"},\"potentialAction\":[{\"@type\":\"SearchAction\",\"target\":{\"@type\":\"EntryPoint\",\"urlTemplate\":\"https:\/\/vieassociative.be\/actualites\/?s={search_term_string}\"},\"query-input\":{\"@type\":\"PropertyValueSpecification\",\"valueRequired\":true,\"valueName\":\"search_term_string\"}}],\"inLanguage\":\"fr-BE\"},{\"@type\":\"Organization\",\"@id\":\"https:\/\/vieassociative.be\/actualites\/#organization\",\"name\":\"Vie Associative\",\"url\":\"https:\/\/vieassociative.be\/actualites\/\",\"logo\":{\"@type\":\"ImageObject\",\"inLanguage\":\"fr-BE\",\"@id\":\"https:\/\/vieassociative.be\/actualites\/#\/schema\/logo\/image\/\",\"url\":\"https:\/\/vieassociative.be\/actualites\/wp-content\/uploads\/2024\/09\/cropped-vieassociative_favicon.ico.png\",\"contentUrl\":\"https:\/\/vieassociative.be\/actualites\/wp-content\/uploads\/2024\/09\/cropped-vieassociative_favicon.ico.png\",\"width\":512,\"height\":512,\"caption\":\"Vie Associative\"},\"image\":{\"@id\":\"https:\/\/vieassociative.be\/actualites\/#\/schema\/logo\/image\/\"}},{\"@type\":\"Person\",\"@id\":\"https:\/\/vieassociative.be\/actualites\/#\/schema\/person\/b87ac4f82f9d4e7b7cec7395b679edc4\",\"name\":\"Julien\",\"image\":{\"@type\":\"ImageObject\",\"inLanguage\":\"fr-BE\",\"@id\":\"https:\/\/vieassociative.be\/actualites\/#\/schema\/person\/image\/\",\"url\":\"https:\/\/vieassociative.be\/actualites\/wp-content\/uploads\/2024\/09\/vie-associative-1-150x150.jpg\",\"contentUrl\":\"https:\/\/vieassociative.be\/actualites\/wp-content\/uploads\/2024\/09\/vie-associative-1-150x150.jpg\",\"caption\":\"Julien\"},\"description\":\"Je suis Julien, r\u00e9dacteur pour Vie Associative. Passionn\u00e9 par le monde associatif depuis plus de 10 ans, j'ai \u00e0 c\u0153ur de partager des histoires inspirantes et de mettre en lumi\u00e8re les initiatives locales. Mon objectif est de sensibiliser et d'encourager l'engagement communautaire \u00e0 travers mes articles.\",\"sameAs\":[\"https:\/\/vieassociative.be\/\"]}]}<\/script>\n<!-- \/ Yoast SEO plugin. -->","yoast_head_json":{"title":"Bonmat\u00ed d\u00e9truit le r\u00eave de l'Allemagne de la finale du championnat d'Europe | Vie Associative","robots":{"index":"index","follow":"follow","max-snippet":"max-snippet:-1","max-image-preview":"max-image-preview:large","max-video-preview":"max-video-preview:-1"},"canonical":"https:\/\/vieassociative.be\/actualites\/bonmati-detruit-le-reve-de-lallemagne-de-la-finale-du-championnat-deurope\/","og_locale":"fr_FR","og_type":"article","og_title":"Bonmat\u00ed d\u00e9truit le r\u00eave de l'Allemagne de la finale du championnat d'Europe | Vie Associative","og_description":"L&rsquo;\u00e9quipe allemande offre une lutte difficile et angoissante pour le premier favori des demi-finales des femmes de football europ\u00e9ennes \u00e0 Zurich. Le gardien de but","og_url":"https:\/\/vieassociative.be\/actualites\/bonmati-detruit-le-reve-de-lallemagne-de-la-finale-du-championnat-deurope\/","og_site_name":"Vie Associative","article_published_time":"2025-07-24T02:17:39+00:00","og_image":[{"width":279,"height":92,"url":"https:\/\/vieassociative.be\/actualites\/wp-content\/uploads\/2024\/09\/header_backgroundk-01-e1726694325946.png","type":"image\/png"}],"author":"Julien","twitter_card":"summary_large_image","twitter_misc":{"\u00c9crit par":"Julien","Dur\u00e9e de lecture est.":"5 minutes"},"schema":{"@context":"https:\/\/schema.org","@graph":[{"@type":"Article","@id":"https:\/\/vieassociative.be\/actualites\/bonmati-detruit-le-reve-de-lallemagne-de-la-finale-du-championnat-deurope\/#article","isPartOf":{"@id":"https:\/\/vieassociative.be\/actualites\/bonmati-detruit-le-reve-de-lallemagne-de-la-finale-du-championnat-deurope\/"},"author":{"name":"Julien","@id":"https:\/\/vieassociative.be\/actualites\/#\/schema\/person\/b87ac4f82f9d4e7b7cec7395b679edc4"},"headline":"Bonmat\u00ed d\u00e9truit le r\u00eave de l&rsquo;Allemagne de la finale du championnat d&rsquo;Europe","datePublished":"2025-07-24T02:17:39+00:00","dateModified":"2025-07-24T02:17:39+00:00","mainEntityOfPage":{"@id":"https:\/\/vieassociative.be\/actualites\/bonmati-detruit-le-reve-de-lallemagne-de-la-finale-du-championnat-deurope\/"},"wordCount":1095,"publisher":{"@id":"https:\/\/vieassociative.be\/actualites\/#organization"},"image":{"@id":"https:\/\/vieassociative.be\/actualites\/bonmati-detruit-le-reve-de-lallemagne-de-la-finale-du-championnat-deurope\/#primaryimage"},"thumbnailUrl":"https:\/\/vieassociative.be\/actualites\/wp-content\/uploads\/2025\/07\/1753323460_Bonmati-detruit-le-reve-de-lAllemagne-de-la-finale-du.jpg","keywords":["Bonmat\u00ed","Championnat","d\u00e9truit","dEurope","finale","lAllemagne","r\u00eave"],"articleSection":["Belgique"],"inLanguage":"fr-BE"},{"@type":"WebPage","@id":"https:\/\/vieassociative.be\/actualites\/bonmati-detruit-le-reve-de-lallemagne-de-la-finale-du-championnat-deurope\/","url":"https:\/\/vieassociative.be\/actualites\/bonmati-detruit-le-reve-de-lallemagne-de-la-finale-du-championnat-deurope\/","name":"Bonmat\u00ed d\u00e9truit le r\u00eave de l'Allemagne de la finale du championnat d'Europe | Vie Associative","isPartOf":{"@id":"https:\/\/vieassociative.be\/actualites\/#website"},"primaryImageOfPage":{"@id":"https:\/\/vieassociative.be\/actualites\/bonmati-detruit-le-reve-de-lallemagne-de-la-finale-du-championnat-deurope\/#primaryimage"},"image":{"@id":"https:\/\/vieassociative.be\/actualites\/bonmati-detruit-le-reve-de-lallemagne-de-la-finale-du-championnat-deurope\/#primaryimage"},"thumbnailUrl":"https:\/\/vieassociative.be\/actualites\/wp-content\/uploads\/2025\/07\/1753323460_Bonmati-detruit-le-reve-de-lAllemagne-de-la-finale-du.jpg","datePublished":"2025-07-24T02:17:39+00:00","dateModified":"2025-07-24T02:17:39+00:00","breadcrumb":{"@id":"https:\/\/vieassociative.be\/actualites\/bonmati-detruit-le-reve-de-lallemagne-de-la-finale-du-championnat-deurope\/#breadcrumb"},"inLanguage":"fr-BE","potentialAction":[{"@type":"ReadAction","target":["https:\/\/vieassociative.be\/actualites\/bonmati-detruit-le-reve-de-lallemagne-de-la-finale-du-championnat-deurope\/"]}]},{"@type":"ImageObject","inLanguage":"fr-BE","@id":"https:\/\/vieassociative.be\/actualites\/bonmati-detruit-le-reve-de-lallemagne-de-la-finale-du-championnat-deurope\/#primaryimage","url":"https:\/\/vieassociative.be\/actualites\/wp-content\/uploads\/2025\/07\/1753323460_Bonmati-detruit-le-reve-de-lAllemagne-de-la-finale-du.jpg","contentUrl":"https:\/\/vieassociative.be\/actualites\/wp-content\/uploads\/2025\/07\/1753323460_Bonmati-detruit-le-reve-de-lAllemagne-de-la-finale-du.jpg","width":1200,"height":800,"caption":"Bonmat\u00ed d\u00e9truit le r\u00eave de l'Allemagne de la finale du championnat d'Europe"},{"@type":"BreadcrumbList","@id":"https:\/\/vieassociative.be\/actualites\/bonmati-detruit-le-reve-de-lallemagne-de-la-finale-du-championnat-deurope\/#breadcrumb","itemListElement":[{"@type":"ListItem","position":1,"name":"Accueil","item":"https:\/\/vieassociative.be\/actualites\/"},{"@type":"ListItem","position":2,"name":"Bonmat\u00ed d\u00e9truit le r\u00eave de l&rsquo;Allemagne de la finale du championnat d&rsquo;Europe"}]},{"@type":"WebSite","@id":"https:\/\/vieassociative.be\/actualites\/#website","url":"https:\/\/vieassociative.be\/actualites\/","name":"Vie Associative","description":"","publisher":{"@id":"https:\/\/vieassociative.be\/actualites\/#organization"},"potentialAction":[{"@type":"SearchAction","target":{"@type":"EntryPoint","urlTemplate":"https:\/\/vieassociative.be\/actualites\/?s={search_term_string}"},"query-input":{"@type":"PropertyValueSpecification","valueRequired":true,"valueName":"search_term_string"}}],"inLanguage":"fr-BE"},{"@type":"Organization","@id":"https:\/\/vieassociative.be\/actualites\/#organization","name":"Vie Associative","url":"https:\/\/vieassociative.be\/actualites\/","logo":{"@type":"ImageObject","inLanguage":"fr-BE","@id":"https:\/\/vieassociative.be\/actualites\/#\/schema\/logo\/image\/","url":"https:\/\/vieassociative.be\/actualites\/wp-content\/uploads\/2024\/09\/cropped-vieassociative_favicon.ico.png","contentUrl":"https:\/\/vieassociative.be\/actualites\/wp-content\/uploads\/2024\/09\/cropped-vieassociative_favicon.ico.png","width":512,"height":512,"caption":"Vie Associative"},"image":{"@id":"https:\/\/vieassociative.be\/actualites\/#\/schema\/logo\/image\/"}},{"@type":"Person","@id":"https:\/\/vieassociative.be\/actualites\/#\/schema\/person\/b87ac4f82f9d4e7b7cec7395b679edc4","name":"Julien","image":{"@type":"ImageObject","inLanguage":"fr-BE","@id":"https:\/\/vieassociative.be\/actualites\/#\/schema\/person\/image\/","url":"https:\/\/vieassociative.be\/actualites\/wp-content\/uploads\/2024\/09\/vie-associative-1-150x150.jpg","contentUrl":"https:\/\/vieassociative.be\/actualites\/wp-content\/uploads\/2024\/09\/vie-associative-1-150x150.jpg","caption":"Julien"},"description":"Je suis Julien, r\u00e9dacteur pour Vie Associative. Passionn\u00e9 par le monde associatif depuis plus de 10 ans, j'ai \u00e0 c\u0153ur de partager des histoires inspirantes et de mettre en lumi\u00e8re les initiatives locales. Mon objectif est de sensibiliser et d'encourager l'engagement communautaire \u00e0 travers mes articles.","sameAs":["https:\/\/vieassociative.be\/"]}]}},"_links":{"self":[{"href":"https:\/\/vieassociative.be\/actualites\/wp-json\/wp\/v2\/posts\/8966"}],"collection":[{"href":"https:\/\/vieassociative.be\/actualites\/wp-json\/wp\/v2\/posts"}],"about":[{"href":"https:\/\/vieassociative.be\/actualites\/wp-json\/wp\/v2\/types\/post"}],"author":[{"embeddable":true,"href":"https:\/\/vieassociative.be\/actualites\/wp-json\/wp\/v2\/users\/1"}],"replies":[{"embeddable":true,"href":"https:\/\/vieassociative.be\/actualites\/wp-json\/wp\/v2\/comments?post=8966"}],"version-history":[{"count":0,"href":"https:\/\/vieassociative.be\/actualites\/wp-json\/wp\/v2\/posts\/8966\/revisions"}],"wp:featuredmedia":[{"embeddable":true,"href":"https:\/\/vieassociative.be\/actualites\/wp-json\/wp\/v2\/media\/8967"}],"wp:attachment":[{"href":"https:\/\/vieassociative.be\/actualites\/wp-json\/wp\/v2\/media?parent=8966"}],"wp:term":[{"taxonomy":"category","embeddable":true,"href":"https:\/\/vieassociative.be\/actualites\/wp-json\/wp\/v2\/categories?post=8966"},{"taxonomy":"post_tag","embeddable":true,"href":"https:\/\/vieassociative.be\/actualites\/wp-json\/wp\/v2\/tags?post=8966"}],"curies":[{"name":"wp","href":"https:\/\/api.w.org\/{rel}","templated":true}]}}