{"id":8958,"date":"2025-07-23T21:17:05","date_gmt":"2025-07-23T19:17:05","guid":{"rendered":"https:\/\/vieassociative.be\/actualites\/mon-amazon-de-la-journee-preferee-the-nothing-cmf-watch-3-pro\/"},"modified":"2025-07-23T21:17:05","modified_gmt":"2025-07-23T19:17:05","slug":"mon-amazon-de-la-journee-preferee-the-nothing-cmf-watch-3-pro","status":"publish","type":"post","link":"https:\/\/vieassociative.be\/actualites\/mon-amazon-de-la-journee-preferee-the-nothing-cmf-watch-3-pro\/","title":{"rendered":"Mon Amazon de la journ\u00e9e pr\u00e9f\u00e9r\u00e9e: The Nothing CMF Watch 3 Pro"},"content":{"rendered":"<div class=\"mt-4 leading-6 md:mb-8\">La r\u00e9centewatch budg\u00e9taire r\u00e9cent de Rien est tomb\u00e9e en dessous de 80 $.<\/div>\n<p><\/p>\n<p>Vous avez probablement entendu parler de la marque Tech Upstart Rien, mais si vous ne l&rsquo;avez pas fait, voici un TLDR rapide: la startup technologique bas\u00e9e au Royaume-Uni vise \u00e0 fabriquer des produits comme des t\u00e9l\u00e9phones portables et des \u00e9couteurs qui incorporent des fonctionnalit\u00e9s et des conceptions innovants qui sont une valeur incroyable pour l&rsquo;argent. La soci\u00e9t\u00e9 vient de publier sa nouvelle smartwatch ce mois-ci, la CMF Watch 3 Pro, et elle est d\u00e9j\u00e0 actualis\u00e9e de 20%. \u00c0 l&rsquo;origine 99 $, vous pouvez d\u00e9sormais en prendre un pour 79 $, sans surprise le prix le plus bas depuis la r\u00e9cente version. <\/p>\n<div class=\"shadow-b-2 mb-12 mt-10 rounded-md border-2 border-(#F0F0F0) px-6 py-2 shadow-lg md:px-12\" role=\"region\" aria-label=\"Products List\" x-data=\"{ showMore: false }\">\n<div class=\"flex w-full gap-x-5\">\n<div class=\"flex w-full flex-col flex-nowrap justify-center gap-2 text-black no-underline md:order-2 md:gap-y-6\">\n<div class=\"flex flex-col justify-between gap-y-2 md:w-full md:gap-y-1\">\n<div class=\"block font-sans text-xs font-semibold capitalize leading-3 text-gray-900 md:leading-4\">Bluetooth Call Ai Smartwatch avec score d&rsquo;\u00e9nergie, suivi de la fr\u00e9quence cardiaque, moniteur de sommeil, GPS et 130+ sport<\/div>\n<div class=\"block w-fit cursor-pointer font-akshar text-lg font-medium leading-5 text-brand-green duration-200 ease-in-out hover:text-brand-green-700 md:text-xl md:leading-6\">\n<p>                            CMF Watch 3 Pro\n                        <\/p><\/div>\n<\/p><\/div>\n<div class=\"hidden md:flex md:justify-between md:gap-x-4\">\n<div class=\"w-full mb-0 md:flex md:flex-col md:justify-center font-sans leading-4 text-black\">\n<div class=\"flex flex-wrap items-center justify-center gap-x-1 md:justify-start\">\n        <span class=\"font-bold\"><\/p>\n<p>            79,00 $<br \/>\n                            <span class=\"font-medium\">\u00e0 Amazon<\/span><br \/>\n                    <\/span>\n            <\/div>\n<div class=\"flex items-center justify-center gap-x-1 font-bold md:justify-start\">\n            <span class=\"text-sm line-through\">99,00 $<\/span><br \/>\n            <span class=\"text-sm text-brand-green\">\u00c9conomisez 20,00 $<\/span>\n        <\/div>\n<\/p><\/div>\n<p>                            <button class=\"flex justify-center items-center w-full bg-brand-green text-white text-base font-sans font-medium rounded-md hover:bg-brand-green-700 hover:cursor-pointer md:text-sm hidden self-end h-12 max-w-(10rem) duration-200 ease-in-out hover:bg-brand-green-700 md:flex md:h-10\"><\/p>\n<p>    Conclure un accord<br \/>\n<\/button>\n                        <\/div>\n<\/p><\/div>\n<div class=\"flex aspect-video h-(90px) shrink-0 items-center justify-center self-center md:order-1\">\n                        <img decoding=\"async\" class=\"m-0 max-h-full max-w-full rounded-md\" src=\"https:\/\/vieassociative.be\/actualites\/wp-content\/uploads\/2025\/07\/Mon-Amazon-de-la-journee-preferee-The-Nothing-CMF-Watch.jpg\" alt=\"CMF Watch 3 Pro\" width=\"auto\" height=\"auto\" loading=\"lazy\">\n                    <\/div>\n<\/p><\/div>\n<p>                            <button class=\"flex justify-center items-center w-full bg-brand-green text-white text-base font-sans font-medium rounded-md hover:bg-brand-green-700 hover:cursor-pointer md:text-sm w-full h-12 duration-200 ease-in-out hover:bg-brand-green-700 md:hidden md:h-10\"><\/p>\n<p>    Conclure un accord<br \/>\n<\/button><\/p>\n<div class=\"flex flex-col items-center w-full md:hidden font-sans leading-4 text-black\">\n<div class=\"flex flex-wrap items-center justify-center gap-x-1 md:justify-start\">\n        <span class=\"font-bold\"><\/p>\n<p>            79,00 $<br \/>\n                            <span class=\"font-medium\">\u00e0 Amazon<\/span><br \/>\n                    <\/span>\n            <\/div>\n<div class=\"flex items-center justify-center gap-x-1 font-bold md:justify-start\">\n            <span class=\"text-sm line-through\">99,00 $<\/span><br \/>\n            <span class=\"text-sm text-brand-green\">\u00c9conomisez 20,00 $<\/span>\n        <\/div>\n<\/p><\/div>\n<\/div>\n<p>Le CMF Watch 3 Pro est con\u00e7u pour \u00ab\u00a0les utilisateurs de tous les jours et les explorateurs de fitness occasionnels\u00a0\u00bb et juste \u00e9tant donn\u00e9 le prix, c&rsquo;est d\u00e9j\u00e0 un concurrent solide pour le meilleur tracker de smartwatch \/ fitness budg\u00e9taire de 2025. L&rsquo;aspect le plus impressionnant de cette montre est son int\u00e9gration directe de Chatgpt: vous pouvez utiliser des invites vocales pour poser les questions de chatbot ou d\u00e9finir des rappels, entre autres. Une fonctionnalit\u00e9 soign\u00e9e est sa capacit\u00e9 \u00e0 enregistrer des voix et des conversations ou des notes de transmission automatique (id\u00e9al pour les r\u00e9unions de travail ou la classe). Cependant, cela fonctionne bien, cependant, reste un peu une question ouverte, car elle n&rsquo;a pas encore \u00e9t\u00e9 largement examin\u00e9e.<\/p>\n<p>Si vous avez utilis\u00e9 le CMF Watch 2 Pro, vous connaissez d\u00e9j\u00e0 le design, qui n&rsquo;a pas beaucoup chang\u00e9. Il a toujours un \u00e9cran rond avec une couronne rotative en haut \u00e0 droite, pensant que l&rsquo;\u00e9cran est un peu plus grand &#8211; 1,43 pouces par rapport aux 1,32 pouces de la montre 2. Rien n&rsquo;a gard\u00e9 le r\u00e9glage de la luminosit\u00e9 automatique, qui est d\u00e9termin\u00e9 par le capteur int\u00e9gr\u00e9 et rend tr\u00e8s pratique de marcher \u00e0 l&rsquo;ext\u00e9rieur \u00e0 partir d&rsquo;un cadre int\u00e9rieur et vice versa. Ils ont \u00e9galement maintenu le support GPS \u00e0 double bande avec acc\u00e8s \u00e0 cinq syst\u00e8mes satellites, offrant une plus grande pr\u00e9cision lors du suivi de vos activit\u00e9s de plein air.<\/p>\n<div class=\"pogoClear relative my-10 border-b-(1.5px) border-t-(1.5px) border-dashed border-black py-5 sm:my-14 sm:border-0 sm:py-0\" data-ga-click data-ga-template=\"Deals\" data-ga-module=\"openweb_widget\" data-ga-element=\"openweb_scroll\" data-ga-item=\"openweb_scroll_midpage\" x-data=\"{\n         commentsCount: null,\n         hasComments: false,\n         async fetchCommentsCount() {\n             try {\n                 if (window.openweb &amp;&amp; typeof window.openweb.getMessagesCount === 'function') {\n                     this.commentsCount = await window.openweb.getMessagesCount('01K0W2REN7FD246TSPGNHG9V4F');\n                     this.hasComments = this.commentsCount !== null &amp;&amp; this.commentsCount &gt; 0;\n                 }\n             } catch (e) {\n                 console.warn('Failed to fetch comment count:', e);\n             }\n         }\n     }\" x-init=\"fetchCommentsCount()\" x-cloak><\/p>\n<div class=\"absolute top-1\/2 hidden w-full -translate-y-1\/2 border-t-(1.5px) border-dashed border-black sm:block\"><\/div>\n<div class=\"relative flex justify-center\">\n<div class=\"flex max-w-fit items-center gap-x-3 bg-white px-5\">\n<div class=\"relative\">\n                <span class=\"absolute left-1\/2 top-1\/2 -translate-x-1\/2 -translate-y-1\/2 font-akshar text-sm font-medium text-black\" aria-live=\"polite\" x-show=\"hasComments\" x-text=\"commentsCount\"><\/span><\/p>\n<p>                <svg class=\"h-8 w-8 text-black\" role=\"img\" aria-hidden=\"true\">\n                    <use href=\"http:\/\/lifehacker.com\/images\/icons\/spritemap.svg#sprite-chat-bubble\"><\/use>\n                <\/svg>\n            <\/div>\n<p>            <span class=\"text-sm font-medium text-black\"><\/p>\n<p>                Que pensez-vous jusqu&rsquo;\u00e0 pr\u00e9sent?<br \/>\n                <button class=\"ml-1 font-semibold text-brand-green underline hover:text-brand-green-700\" type=\"button\" aria-label=\"Comment section trigger\" onclick=\"window.openweb.scrollToComments('01K0W2REN7FD246TSPGNHG9V4F')\" x-text=\"hasComments ? 'Post a comment.' : 'Be the first to post a comment.'\"><\/button><br \/>\n            <\/span>\n        <\/div>\n<\/p><\/div>\n<\/div>\n<p>Les v\u00e9ritables mises \u00e0 niveau proviennent principalement du logiciel. La montre 3 Pro compte plus de 130 modes de sport, contre 120 sur l&rsquo;ancien mod\u00e8le. La batterie dure maintenant 13 jours avec une seule charge, soit deux jours de plus qu&rsquo;auparavant. Il est certainement en lice pour la meilleure montre intelligente de moins de 100 $ que vous pouvez acheter en ce moment.<\/p>\n","protected":false},"excerpt":{"rendered":"<p>La r\u00e9centewatch budg\u00e9taire r\u00e9cent de Rien est tomb\u00e9e en dessous de 80 $. Vous avez probablement entendu parler de la marque Tech Upstart Rien, mais<\/p>\n","protected":false},"author":1,"featured_media":8959,"comment_status":"","ping_status":"","sticky":false,"template":"","format":"standard","meta":{"footnotes":""},"categories":[13],"tags":[51,7886,2877,49,52,630,55],"class_list":["post-8958","post","type-post","status-publish","format-standard","has-post-thumbnail","hentry","category-technologie","tag-amazon","tag-cmf","tag-journee","tag-mon","tag-preferee","tag-pro","tag-watch","generate-columns","tablet-grid-50","mobile-grid-100","grid-parent","grid-33"],"yoast_head":"<!-- This site is optimized with the Yoast SEO plugin v24.0 - https:\/\/yoast.com\/wordpress\/plugins\/seo\/ -->\n<title>Mon Amazon de la journ\u00e9e pr\u00e9f\u00e9r\u00e9e: The Nothing CMF Watch 3 Pro | Vie Associative<\/title>\n<meta name=\"robots\" content=\"index, follow, max-snippet:-1, max-image-preview:large, max-video-preview:-1\" \/>\n<link rel=\"canonical\" href=\"https:\/\/vieassociative.be\/actualites\/mon-amazon-de-la-journee-preferee-the-nothing-cmf-watch-3-pro\/\" \/>\n<meta property=\"og:locale\" content=\"fr_FR\" \/>\n<meta property=\"og:type\" content=\"article\" \/>\n<meta property=\"og:title\" content=\"Mon Amazon de la journ\u00e9e pr\u00e9f\u00e9r\u00e9e: The Nothing CMF Watch 3 Pro | Vie Associative\" \/>\n<meta property=\"og:description\" content=\"La r\u00e9centewatch budg\u00e9taire r\u00e9cent de Rien est tomb\u00e9e en dessous de 80 $. Vous avez probablement entendu parler de la marque Tech Upstart Rien, mais\" \/>\n<meta property=\"og:url\" content=\"https:\/\/vieassociative.be\/actualites\/mon-amazon-de-la-journee-preferee-the-nothing-cmf-watch-3-pro\/\" \/>\n<meta property=\"og:site_name\" content=\"Vie Associative\" \/>\n<meta property=\"article:published_time\" content=\"2025-07-23T19:17:05+00:00\" \/>\n<meta property=\"og:image\" content=\"https:\/\/vieassociative.be\/actualites\/wp-content\/uploads\/2025\/07\/Mon-Amazon-de-la-journee-preferee-The-Nothing-CMF-Watch.jpg\" \/>\n<meta name=\"author\" content=\"Julien\" \/>\n<meta name=\"twitter:card\" content=\"summary_large_image\" \/>\n<meta name=\"twitter:label1\" content=\"\u00c9crit par\" \/>\n\t<meta name=\"twitter:data1\" content=\"Julien\" \/>\n\t<meta name=\"twitter:label2\" content=\"Dur\u00e9e de lecture est.\" \/>\n\t<meta name=\"twitter:data2\" content=\"2 minutes\" \/>\n<script type=\"application\/ld+json\" class=\"yoast-schema-graph\">{\"@context\":\"https:\/\/schema.org\",\"@graph\":[{\"@type\":\"Article\",\"@id\":\"https:\/\/vieassociative.be\/actualites\/mon-amazon-de-la-journee-preferee-the-nothing-cmf-watch-3-pro\/#article\",\"isPartOf\":{\"@id\":\"https:\/\/vieassociative.be\/actualites\/mon-amazon-de-la-journee-preferee-the-nothing-cmf-watch-3-pro\/\"},\"author\":{\"name\":\"Julien\",\"@id\":\"https:\/\/vieassociative.be\/actualites\/#\/schema\/person\/b87ac4f82f9d4e7b7cec7395b679edc4\"},\"headline\":\"Mon Amazon de la journ\u00e9e pr\u00e9f\u00e9r\u00e9e: The Nothing CMF Watch 3 Pro\",\"datePublished\":\"2025-07-23T19:17:05+00:00\",\"dateModified\":\"2025-07-23T19:17:05+00:00\",\"mainEntityOfPage\":{\"@id\":\"https:\/\/vieassociative.be\/actualites\/mon-amazon-de-la-journee-preferee-the-nothing-cmf-watch-3-pro\/\"},\"wordCount\":483,\"publisher\":{\"@id\":\"https:\/\/vieassociative.be\/actualites\/#organization\"},\"image\":{\"@id\":\"https:\/\/vieassociative.be\/actualites\/mon-amazon-de-la-journee-preferee-the-nothing-cmf-watch-3-pro\/#primaryimage\"},\"thumbnailUrl\":\"https:\/\/vieassociative.be\/actualites\/wp-content\/uploads\/2025\/07\/Mon-Amazon-de-la-journee-preferee-The-Nothing-CMF-Watch.png\",\"keywords\":[\"Amazon\",\"CMF\",\"journ\u00e9e\",\"Mon\",\"pr\u00e9f\u00e9r\u00e9e\",\"Pro\",\"Watch\"],\"articleSection\":[\"Technologie\"],\"inLanguage\":\"fr-BE\"},{\"@type\":\"WebPage\",\"@id\":\"https:\/\/vieassociative.be\/actualites\/mon-amazon-de-la-journee-preferee-the-nothing-cmf-watch-3-pro\/\",\"url\":\"https:\/\/vieassociative.be\/actualites\/mon-amazon-de-la-journee-preferee-the-nothing-cmf-watch-3-pro\/\",\"name\":\"Mon Amazon de la journ\u00e9e pr\u00e9f\u00e9r\u00e9e: The Nothing CMF Watch 3 Pro | Vie Associative\",\"isPartOf\":{\"@id\":\"https:\/\/vieassociative.be\/actualites\/#website\"},\"primaryImageOfPage\":{\"@id\":\"https:\/\/vieassociative.be\/actualites\/mon-amazon-de-la-journee-preferee-the-nothing-cmf-watch-3-pro\/#primaryimage\"},\"image\":{\"@id\":\"https:\/\/vieassociative.be\/actualites\/mon-amazon-de-la-journee-preferee-the-nothing-cmf-watch-3-pro\/#primaryimage\"},\"thumbnailUrl\":\"https:\/\/vieassociative.be\/actualites\/wp-content\/uploads\/2025\/07\/Mon-Amazon-de-la-journee-preferee-The-Nothing-CMF-Watch.png\",\"datePublished\":\"2025-07-23T19:17:05+00:00\",\"dateModified\":\"2025-07-23T19:17:05+00:00\",\"breadcrumb\":{\"@id\":\"https:\/\/vieassociative.be\/actualites\/mon-amazon-de-la-journee-preferee-the-nothing-cmf-watch-3-pro\/#breadcrumb\"},\"inLanguage\":\"fr-BE\",\"potentialAction\":[{\"@type\":\"ReadAction\",\"target\":[\"https:\/\/vieassociative.be\/actualites\/mon-amazon-de-la-journee-preferee-the-nothing-cmf-watch-3-pro\/\"]}]},{\"@type\":\"ImageObject\",\"inLanguage\":\"fr-BE\",\"@id\":\"https:\/\/vieassociative.be\/actualites\/mon-amazon-de-la-journee-preferee-the-nothing-cmf-watch-3-pro\/#primaryimage\",\"url\":\"https:\/\/vieassociative.be\/actualites\/wp-content\/uploads\/2025\/07\/Mon-Amazon-de-la-journee-preferee-The-Nothing-CMF-Watch.png\",\"contentUrl\":\"https:\/\/vieassociative.be\/actualites\/wp-content\/uploads\/2025\/07\/Mon-Amazon-de-la-journee-preferee-The-Nothing-CMF-Watch.png\",\"width\":1200,\"height\":675,\"caption\":\"Mon Amazon de la journ\u00e9e pr\u00e9f\u00e9r\u00e9e: The Nothing CMF Watch 3 Pro\"},{\"@type\":\"BreadcrumbList\",\"@id\":\"https:\/\/vieassociative.be\/actualites\/mon-amazon-de-la-journee-preferee-the-nothing-cmf-watch-3-pro\/#breadcrumb\",\"itemListElement\":[{\"@type\":\"ListItem\",\"position\":1,\"name\":\"Accueil\",\"item\":\"https:\/\/vieassociative.be\/actualites\/\"},{\"@type\":\"ListItem\",\"position\":2,\"name\":\"Mon Amazon de la journ\u00e9e pr\u00e9f\u00e9r\u00e9e: The Nothing CMF Watch 3 Pro\"}]},{\"@type\":\"WebSite\",\"@id\":\"https:\/\/vieassociative.be\/actualites\/#website\",\"url\":\"https:\/\/vieassociative.be\/actualites\/\",\"name\":\"Vie Associative\",\"description\":\"\",\"publisher\":{\"@id\":\"https:\/\/vieassociative.be\/actualites\/#organization\"},\"potentialAction\":[{\"@type\":\"SearchAction\",\"target\":{\"@type\":\"EntryPoint\",\"urlTemplate\":\"https:\/\/vieassociative.be\/actualites\/?s={search_term_string}\"},\"query-input\":{\"@type\":\"PropertyValueSpecification\",\"valueRequired\":true,\"valueName\":\"search_term_string\"}}],\"inLanguage\":\"fr-BE\"},{\"@type\":\"Organization\",\"@id\":\"https:\/\/vieassociative.be\/actualites\/#organization\",\"name\":\"Vie Associative\",\"url\":\"https:\/\/vieassociative.be\/actualites\/\",\"logo\":{\"@type\":\"ImageObject\",\"inLanguage\":\"fr-BE\",\"@id\":\"https:\/\/vieassociative.be\/actualites\/#\/schema\/logo\/image\/\",\"url\":\"https:\/\/vieassociative.be\/actualites\/wp-content\/uploads\/2024\/09\/cropped-vieassociative_favicon.ico.png\",\"contentUrl\":\"https:\/\/vieassociative.be\/actualites\/wp-content\/uploads\/2024\/09\/cropped-vieassociative_favicon.ico.png\",\"width\":512,\"height\":512,\"caption\":\"Vie Associative\"},\"image\":{\"@id\":\"https:\/\/vieassociative.be\/actualites\/#\/schema\/logo\/image\/\"}},{\"@type\":\"Person\",\"@id\":\"https:\/\/vieassociative.be\/actualites\/#\/schema\/person\/b87ac4f82f9d4e7b7cec7395b679edc4\",\"name\":\"Julien\",\"image\":{\"@type\":\"ImageObject\",\"inLanguage\":\"fr-BE\",\"@id\":\"https:\/\/vieassociative.be\/actualites\/#\/schema\/person\/image\/\",\"url\":\"https:\/\/vieassociative.be\/actualites\/wp-content\/uploads\/2024\/09\/vie-associative-1-150x150.jpg\",\"contentUrl\":\"https:\/\/vieassociative.be\/actualites\/wp-content\/uploads\/2024\/09\/vie-associative-1-150x150.jpg\",\"caption\":\"Julien\"},\"description\":\"Je suis Julien, r\u00e9dacteur pour Vie Associative. Passionn\u00e9 par le monde associatif depuis plus de 10 ans, j'ai \u00e0 c\u0153ur de partager des histoires inspirantes et de mettre en lumi\u00e8re les initiatives locales. Mon objectif est de sensibiliser et d'encourager l'engagement communautaire \u00e0 travers mes articles.\",\"sameAs\":[\"https:\/\/vieassociative.be\/\"]}]}<\/script>\n<!-- \/ Yoast SEO plugin. -->","yoast_head_json":{"title":"Mon Amazon de la journ\u00e9e pr\u00e9f\u00e9r\u00e9e: The Nothing CMF Watch 3 Pro | Vie Associative","robots":{"index":"index","follow":"follow","max-snippet":"max-snippet:-1","max-image-preview":"max-image-preview:large","max-video-preview":"max-video-preview:-1"},"canonical":"https:\/\/vieassociative.be\/actualites\/mon-amazon-de-la-journee-preferee-the-nothing-cmf-watch-3-pro\/","og_locale":"fr_FR","og_type":"article","og_title":"Mon Amazon de la journ\u00e9e pr\u00e9f\u00e9r\u00e9e: The Nothing CMF Watch 3 Pro | Vie Associative","og_description":"La r\u00e9centewatch budg\u00e9taire r\u00e9cent de Rien est tomb\u00e9e en dessous de 80 $. Vous avez probablement entendu parler de la marque Tech Upstart Rien, mais","og_url":"https:\/\/vieassociative.be\/actualites\/mon-amazon-de-la-journee-preferee-the-nothing-cmf-watch-3-pro\/","og_site_name":"Vie Associative","article_published_time":"2025-07-23T19:17:05+00:00","og_image":[{"url":"https:\/\/vieassociative.be\/actualites\/wp-content\/uploads\/2025\/07\/Mon-Amazon-de-la-journee-preferee-The-Nothing-CMF-Watch.jpg","type":"","width":"","height":""}],"author":"Julien","twitter_card":"summary_large_image","twitter_misc":{"\u00c9crit par":"Julien","Dur\u00e9e de lecture est.":"2 minutes"},"schema":{"@context":"https:\/\/schema.org","@graph":[{"@type":"Article","@id":"https:\/\/vieassociative.be\/actualites\/mon-amazon-de-la-journee-preferee-the-nothing-cmf-watch-3-pro\/#article","isPartOf":{"@id":"https:\/\/vieassociative.be\/actualites\/mon-amazon-de-la-journee-preferee-the-nothing-cmf-watch-3-pro\/"},"author":{"name":"Julien","@id":"https:\/\/vieassociative.be\/actualites\/#\/schema\/person\/b87ac4f82f9d4e7b7cec7395b679edc4"},"headline":"Mon Amazon de la journ\u00e9e pr\u00e9f\u00e9r\u00e9e: The Nothing CMF Watch 3 Pro","datePublished":"2025-07-23T19:17:05+00:00","dateModified":"2025-07-23T19:17:05+00:00","mainEntityOfPage":{"@id":"https:\/\/vieassociative.be\/actualites\/mon-amazon-de-la-journee-preferee-the-nothing-cmf-watch-3-pro\/"},"wordCount":483,"publisher":{"@id":"https:\/\/vieassociative.be\/actualites\/#organization"},"image":{"@id":"https:\/\/vieassociative.be\/actualites\/mon-amazon-de-la-journee-preferee-the-nothing-cmf-watch-3-pro\/#primaryimage"},"thumbnailUrl":"https:\/\/vieassociative.be\/actualites\/wp-content\/uploads\/2025\/07\/Mon-Amazon-de-la-journee-preferee-The-Nothing-CMF-Watch.png","keywords":["Amazon","CMF","journ\u00e9e","Mon","pr\u00e9f\u00e9r\u00e9e","Pro","Watch"],"articleSection":["Technologie"],"inLanguage":"fr-BE"},{"@type":"WebPage","@id":"https:\/\/vieassociative.be\/actualites\/mon-amazon-de-la-journee-preferee-the-nothing-cmf-watch-3-pro\/","url":"https:\/\/vieassociative.be\/actualites\/mon-amazon-de-la-journee-preferee-the-nothing-cmf-watch-3-pro\/","name":"Mon Amazon de la journ\u00e9e pr\u00e9f\u00e9r\u00e9e: The Nothing CMF Watch 3 Pro | Vie Associative","isPartOf":{"@id":"https:\/\/vieassociative.be\/actualites\/#website"},"primaryImageOfPage":{"@id":"https:\/\/vieassociative.be\/actualites\/mon-amazon-de-la-journee-preferee-the-nothing-cmf-watch-3-pro\/#primaryimage"},"image":{"@id":"https:\/\/vieassociative.be\/actualites\/mon-amazon-de-la-journee-preferee-the-nothing-cmf-watch-3-pro\/#primaryimage"},"thumbnailUrl":"https:\/\/vieassociative.be\/actualites\/wp-content\/uploads\/2025\/07\/Mon-Amazon-de-la-journee-preferee-The-Nothing-CMF-Watch.png","datePublished":"2025-07-23T19:17:05+00:00","dateModified":"2025-07-23T19:17:05+00:00","breadcrumb":{"@id":"https:\/\/vieassociative.be\/actualites\/mon-amazon-de-la-journee-preferee-the-nothing-cmf-watch-3-pro\/#breadcrumb"},"inLanguage":"fr-BE","potentialAction":[{"@type":"ReadAction","target":["https:\/\/vieassociative.be\/actualites\/mon-amazon-de-la-journee-preferee-the-nothing-cmf-watch-3-pro\/"]}]},{"@type":"ImageObject","inLanguage":"fr-BE","@id":"https:\/\/vieassociative.be\/actualites\/mon-amazon-de-la-journee-preferee-the-nothing-cmf-watch-3-pro\/#primaryimage","url":"https:\/\/vieassociative.be\/actualites\/wp-content\/uploads\/2025\/07\/Mon-Amazon-de-la-journee-preferee-The-Nothing-CMF-Watch.png","contentUrl":"https:\/\/vieassociative.be\/actualites\/wp-content\/uploads\/2025\/07\/Mon-Amazon-de-la-journee-preferee-The-Nothing-CMF-Watch.png","width":1200,"height":675,"caption":"Mon Amazon de la journ\u00e9e pr\u00e9f\u00e9r\u00e9e: The Nothing CMF Watch 3 Pro"},{"@type":"BreadcrumbList","@id":"https:\/\/vieassociative.be\/actualites\/mon-amazon-de-la-journee-preferee-the-nothing-cmf-watch-3-pro\/#breadcrumb","itemListElement":[{"@type":"ListItem","position":1,"name":"Accueil","item":"https:\/\/vieassociative.be\/actualites\/"},{"@type":"ListItem","position":2,"name":"Mon Amazon de la journ\u00e9e pr\u00e9f\u00e9r\u00e9e: The Nothing CMF Watch 3 Pro"}]},{"@type":"WebSite","@id":"https:\/\/vieassociative.be\/actualites\/#website","url":"https:\/\/vieassociative.be\/actualites\/","name":"Vie Associative","description":"","publisher":{"@id":"https:\/\/vieassociative.be\/actualites\/#organization"},"potentialAction":[{"@type":"SearchAction","target":{"@type":"EntryPoint","urlTemplate":"https:\/\/vieassociative.be\/actualites\/?s={search_term_string}"},"query-input":{"@type":"PropertyValueSpecification","valueRequired":true,"valueName":"search_term_string"}}],"inLanguage":"fr-BE"},{"@type":"Organization","@id":"https:\/\/vieassociative.be\/actualites\/#organization","name":"Vie Associative","url":"https:\/\/vieassociative.be\/actualites\/","logo":{"@type":"ImageObject","inLanguage":"fr-BE","@id":"https:\/\/vieassociative.be\/actualites\/#\/schema\/logo\/image\/","url":"https:\/\/vieassociative.be\/actualites\/wp-content\/uploads\/2024\/09\/cropped-vieassociative_favicon.ico.png","contentUrl":"https:\/\/vieassociative.be\/actualites\/wp-content\/uploads\/2024\/09\/cropped-vieassociative_favicon.ico.png","width":512,"height":512,"caption":"Vie Associative"},"image":{"@id":"https:\/\/vieassociative.be\/actualites\/#\/schema\/logo\/image\/"}},{"@type":"Person","@id":"https:\/\/vieassociative.be\/actualites\/#\/schema\/person\/b87ac4f82f9d4e7b7cec7395b679edc4","name":"Julien","image":{"@type":"ImageObject","inLanguage":"fr-BE","@id":"https:\/\/vieassociative.be\/actualites\/#\/schema\/person\/image\/","url":"https:\/\/vieassociative.be\/actualites\/wp-content\/uploads\/2024\/09\/vie-associative-1-150x150.jpg","contentUrl":"https:\/\/vieassociative.be\/actualites\/wp-content\/uploads\/2024\/09\/vie-associative-1-150x150.jpg","caption":"Julien"},"description":"Je suis Julien, r\u00e9dacteur pour Vie Associative. Passionn\u00e9 par le monde associatif depuis plus de 10 ans, j'ai \u00e0 c\u0153ur de partager des histoires inspirantes et de mettre en lumi\u00e8re les initiatives locales. Mon objectif est de sensibiliser et d'encourager l'engagement communautaire \u00e0 travers mes articles.","sameAs":["https:\/\/vieassociative.be\/"]}]}},"_links":{"self":[{"href":"https:\/\/vieassociative.be\/actualites\/wp-json\/wp\/v2\/posts\/8958"}],"collection":[{"href":"https:\/\/vieassociative.be\/actualites\/wp-json\/wp\/v2\/posts"}],"about":[{"href":"https:\/\/vieassociative.be\/actualites\/wp-json\/wp\/v2\/types\/post"}],"author":[{"embeddable":true,"href":"https:\/\/vieassociative.be\/actualites\/wp-json\/wp\/v2\/users\/1"}],"replies":[{"embeddable":true,"href":"https:\/\/vieassociative.be\/actualites\/wp-json\/wp\/v2\/comments?post=8958"}],"version-history":[{"count":0,"href":"https:\/\/vieassociative.be\/actualites\/wp-json\/wp\/v2\/posts\/8958\/revisions"}],"wp:featuredmedia":[{"embeddable":true,"href":"https:\/\/vieassociative.be\/actualites\/wp-json\/wp\/v2\/media\/8959"}],"wp:attachment":[{"href":"https:\/\/vieassociative.be\/actualites\/wp-json\/wp\/v2\/media?parent=8958"}],"wp:term":[{"taxonomy":"category","embeddable":true,"href":"https:\/\/vieassociative.be\/actualites\/wp-json\/wp\/v2\/categories?post=8958"},{"taxonomy":"post_tag","embeddable":true,"href":"https:\/\/vieassociative.be\/actualites\/wp-json\/wp\/v2\/tags?post=8958"}],"curies":[{"name":"wp","href":"https:\/\/api.w.org\/{rel}","templated":true}]}}