{"id":8956,"date":"2025-07-23T20:18:13","date_gmt":"2025-07-23T18:18:13","guid":{"rendered":"https:\/\/vieassociative.be\/actualites\/je-porte-des-meta-lunettes-ray-ban-tous-les-jours-et-ce-sont-mes-neuf-fonctionnalites-cachees-preferees\/"},"modified":"2025-07-23T20:18:13","modified_gmt":"2025-07-23T18:18:13","slug":"je-porte-des-meta-lunettes-ray-ban-tous-les-jours-et-ce-sont-mes-neuf-fonctionnalites-cachees-preferees","status":"publish","type":"post","link":"https:\/\/vieassociative.be\/actualites\/je-porte-des-meta-lunettes-ray-ban-tous-les-jours-et-ce-sont-mes-neuf-fonctionnalites-cachees-preferees\/","title":{"rendered":"Je porte des m\u00e9ta-lunettes Ray-Ban tous les jours, et ce sont mes neuf fonctionnalit\u00e9s cach\u00e9es pr\u00e9f\u00e9r\u00e9es"},"content":{"rendered":"<div class=\"mt-4 leading-6 md:mb-8\">Et une chose que vous ne devriez certainement jamais faire avec vos rayons de rayons.<\/div>\n<p><\/p>\n<p>Je porte des m\u00e9ta-lunettes Ray-Ban depuis huit mois, et je d\u00e9couvre toujours des choses cool que vous pouvez faire avec eux. Alors que tout le monde conna\u00eet les fonctionnalit\u00e9s tr\u00e8s m\u00e9diatis\u00e9es comme la traduction des langues et l&rsquo;utilisation de l&rsquo;IA pour d\u00e9crire ce que vous voyez, il existe de nombreuses autres fa\u00e7ons d&rsquo;utiliser ces lunettes auxquelles vous n&rsquo;auriez peut-\u00eatre pas pens\u00e9. Vous trouverez ci-dessous certains de mes favoris, et une chose que vous <em>ne devrait pas<\/em> Faire avec vos m\u00e9tas Ray-Ban.<\/p>\n<div class=\"pogoClear mb-12 mt-10 rounded-md border-2 border-gray-100 py-7 shadow-xl md:py-6\">\n<div class=\"flex flex-wrap justify-between px-7 text-black no-underline md:flex-nowrap md:px-8\">\n<div class=\"order-1 mx-auto flex flex-col justify-center md:order-2 md:ml-4 md:w-full md:grow\">\n<div class=\"block cursor-pointer text-center font-akshar text-2xl font-medium leading-7 text-brand-green duration-200 ease-in-out hover:text-brand-green-700 md:text-left md:text-xl md:leading-6\">Ray-Ban Meta &#8211; Wayfarer grandes lunettes avec m\u00e9ta-ai, audio, photo, compatibilit\u00e9 vid\u00e9o &#8211; Lentille gradient polaris\u00e9e (r\u00e9nov\u00e9) &#8211; noir mat\n                <\/div>\n<div class=\"mt-4 hidden md:flex md:justify-between\">\n<div class=\"self-end\">\n<div class=\"mb-0 h-11 md:flex md:flex-col md:justify-center\">\n<div class=\" font-sans leading-4 text-black\">\n<div class=\"flex flex-wrap items-center justify-center gap-x-1 md:justify-start\">\n        <span class=\"font-bold\"><\/p>\n<p>            263,00 $<br \/>\n                            <span class=\"font-medium\">\u00e0 Best Buy<\/span><br \/>\n                    <\/span>\n            <\/div>\n<\/p><\/div>\n<\/p><\/div>\n<\/p><\/div>\n<div class=\"w-44 self-end\">\n                            <button class=\"flex justify-center items-center w-full bg-brand-green text-white text-base font-sans font-medium rounded-md hover:bg-brand-green-700 hover:cursor-pointer md:text-sm h-11\"><\/p>\n<p>    Faire un magasin maintenant<br \/>\n<\/button>\n                        <\/div>\n<\/p><\/div>\n<\/p><\/div>\n<div class=\"order-2 mt-5 h-auto w-full md:order-1 md:mt-0 md:hidden\">\n<div class=\"flex aspect-video items-center justify-center\">\n                                            <img decoding=\"async\" class=\"m-0 max-h-full max-w-full rounded-md\" src=\"https:\/\/vieassociative.be\/actualites\/wp-content\/uploads\/2025\/07\/Je-porte-des-meta-lunettes-Ray-Ban-tous-les-jours-et-ce.jpg\" alt=\"Ray-Ban Meta - Wayfarer grandes lunettes avec m\u00e9ta-ai, audio, photo, compatibilit\u00e9 vid\u00e9o - Lentille gradient polaris\u00e9e (r\u00e9nov\u00e9) - noir mat\" width=\"auto\" height=\"auto\" loading=\"lazy\">\n                                    <\/div>\n<\/p><\/div>\n<div class=\"order-2 ml-2 hidden w-32 shrink-0 items-center md:order-1 md:ml-0 md:flex\">\n<div class=\"flex aspect-video items-center justify-center\">\n                                            <img decoding=\"async\" class=\"m-0 max-h-full max-w-full rounded-md\" src=\"https:\/\/vieassociative.be\/actualites\/wp-content\/uploads\/2025\/07\/Je-porte-des-meta-lunettes-Ray-Ban-tous-les-jours-et-ce.jpg\" alt=\"Ray-Ban Meta - Wayfarer grandes lunettes avec m\u00e9ta-ai, audio, photo, compatibilit\u00e9 vid\u00e9o - Lentille gradient polaris\u00e9e (r\u00e9nov\u00e9) - noir mat\" width=\"auto\" height=\"auto\" loading=\"lazy\">\n                                    <\/div>\n<\/p><\/div>\n<div class=\"order-3 flex grow flex-wrap md:hidden md:grow-0\">\n<div class=\"mt-4 w-full\">\n                        <button class=\"flex justify-center items-center w-full bg-brand-green text-white text-base font-sans font-medium rounded-md hover:bg-brand-green-700 hover:cursor-pointer md:text-sm h-11\"><\/p>\n<p>    Faire un magasin maintenant<br \/>\n<\/button>\n                    <\/div>\n<div class=\"mx-2 mt-4 w-full\">\n<div class=\" font-sans leading-4 text-black\">\n<div class=\"flex flex-wrap items-center justify-center gap-x-1 md:justify-start\">\n        <span class=\"font-bold\"><\/p>\n<p>            263,00 $<br \/>\n                            <span class=\"font-medium\">\u00e0 Best Buy<\/span><br \/>\n                    <\/span>\n            <\/div>\n<\/p><\/div>\n<\/p><\/div>\n<\/p><\/div>\n<\/p><\/div>\n<\/div>\n<h2 id=\"set-a-timer\">D\u00e9finir une minuterie<\/h2>\n<p>Celui-ci est l&rsquo;inspiration pour tout ce post. Je ne peux pas croire que je viens de r\u00e9aliser hier que vous pouvez dire \u00ab\u00a0H\u00e9, m\u00e9ta, d\u00e9marrer une minuterie pendant cinq minutes.\u00a0\u00bb Une fois que vous avez r\u00e9gl\u00e9 une minuterie, vos lunettes garderont une trace de l&rsquo;heure, puis jouez une alarme lorsque le temps est pass\u00e9. C&rsquo;est une petite chose, mais quand tu es au milieu de la cuisine, c&rsquo;est <em>donc<\/em> pratique. <\/p>\n<h2 id=\"stream-video-on-whatsapp\">Diffusez la vid\u00e9o sur WhatsApp<\/h2>\n<p>Alors que j&rsquo;ai discut\u00e9 de la capacit\u00e9 de Ray-Ban Meta \u00e0 la vid\u00e9o en direct dans ma premi\u00e8re critique, je voulais r\u00e9it\u00e9rer ce que c&rsquo;est une fonctionnalit\u00e9 incroyable et aller un peu plus en profondeur sur la fa\u00e7on dont cela fonctionne. Si vous \u00eates sur un appel vid\u00e9o via WhatsApp, appuyez sur l&rsquo;ic\u00f4ne des lunettes. Ensuite, vous pouvez doubler le bouton de capture de vos lunettes, et la vue passera \u00e0 votre cam\u00e9ra de lunettes, afin que votre ami puisse \u00ab\u00a0voir \u00e0 travers vos yeux\u00a0\u00bb. Double-tape \u00e0 nouveau pour revenir en arri\u00e8re. <\/p>\n<h2 id=\"take-a-selfie\">Prendre un selfie<\/h2>\n<p>Vos lunettes ne s&rsquo;\u00e9teignent pas lorsque vous les retirez de votre visage, vous pouvez donc les tourner pour vous faire face et appuyez sur le bouton de capture pour prendre un selfie ou une vid\u00e9o. <\/p>\n<h2 id=\"speak-in-a-celebrity-voice\">Parler d&rsquo;une voix de c\u00e9l\u00e9brit\u00e9<\/h2>\n<p>J&rsquo;imagine que la plupart des gens ne changent pas leurs param\u00e8tres pour que Meta parle dans la voix de c\u00e9l\u00e9brit\u00e9s comme John Cena, Awkwafina ou Kristin Bell, car cela ressemble \u00e0 l&rsquo;id\u00e9e la plus ennuyeuse de tous les temps, mais choquante, ce n&rsquo;est pas le cas. Les c\u00e9l\u00e9brit\u00e9s de Meta ne parlent pas \u00abde caract\u00e8re\u00bb, et elles semblent plus naturelles et humaines que les voix par d\u00e9faut robotiques de Meta Ai. De plus, vous ne pouvez m\u00eame pas dire quelle c\u00e9l\u00e9brit\u00e9 ils sont cens\u00e9s \u00eatre &#8211; ils sont essentiellement juste des voix suppl\u00e9mentaires.<\/p>\n<h2 id=\"connect-to-a-live-person\">Connectez-vous \u00e0 une personne vivante <\/h2>\n<p>Celui-ci n&rsquo;est pas pour la population g\u00e9n\u00e9rale, mais c&rsquo;est une fonctionnalit\u00e9 incroyable pour les personnes souffrant de troubles visuels. Gr\u00e2ce au partenariat de Meta avec Be My Eyes, vous pouvez utiliser Meta Grasses pour vous connecter avec un volontaire aper\u00e7u pour l&rsquo;aide visuelle mains libres d&rsquo;un humain. Cependant, vous devez vous inscrire et \u00eatre v\u00e9rifi\u00e9 en premier. <\/p>\n<h2 id=\"summarize-text\">R\u00e9sumer le texte<\/h2>\n<p>Vous pouvez demander \u00e0 Meta de r\u00e9sumer n&rsquo;importe quel texte en disant: \u00abH\u00e9, meta, regardez et r\u00e9sumez ceci\u00bb, et l&rsquo;IA vous donnera l&rsquo;essentiel de tout ce que vous le montrez, d&rsquo;un e-mail aux pages d&rsquo;un roman. Il fait \u00e9galement un travail utilisable. <\/p>\n<h2 id=\"play-a-road-trip-trivia-game\">Jouez \u00e0 un jeu de trivia sur route<\/h2>\n<p>Si vous vous ennuyez sur un long trajet, vous pouvez dire \u00e0 vos lunettes de \u00ab\u00a0vous poser une question de trivia\u00a0\u00bb. Vous pouvez \u00e9galement sp\u00e9cifier des cat\u00e9gories et lui demander de poser des questions plus difficiles ou plus faciles. Mais gardez \u00e0 l&rsquo;esprit, c&rsquo;est une IA, donc ce n&rsquo;est pas toujours bien. (Plus de choses \u00e0 ce sujet, ci-dessous.) <\/p>\n<div class=\"pogoClear relative my-10 border-b-(1.5px) border-t-(1.5px) border-dashed border-black py-5 sm:my-14 sm:border-0 sm:py-0\" data-ga-click data-ga-template=\"Opinions\" data-ga-module=\"openweb_widget\" data-ga-element=\"openweb_scroll\" data-ga-item=\"openweb_scroll_midpage\" x-data=\"{\n         commentsCount: null,\n         hasComments: false,\n         async fetchCommentsCount() {\n             try {\n                 if (window.openweb &amp;&amp; typeof window.openweb.getMessagesCount === 'function') {\n                     this.commentsCount = await window.openweb.getMessagesCount('01K0T2R9Z123DDE15ZFW1WVHZ9');\n                     this.hasComments = this.commentsCount !== null &amp;&amp; this.commentsCount &gt; 0;\n                 }\n             } catch (e) {\n                 console.warn('Failed to fetch comment count:', e);\n             }\n         }\n     }\" x-init=\"fetchCommentsCount()\" x-cloak><\/p>\n<div class=\"absolute top-1\/2 hidden w-full -translate-y-1\/2 border-t-(1.5px) border-dashed border-black sm:block\"><\/div>\n<div class=\"relative flex justify-center\">\n<div class=\"flex max-w-fit items-center gap-x-3 bg-white px-5\">\n<div class=\"relative\">\n                <span class=\"absolute left-1\/2 top-1\/2 -translate-x-1\/2 -translate-y-1\/2 font-akshar text-sm font-medium text-black\" aria-live=\"polite\" x-show=\"hasComments\" x-text=\"commentsCount\"><\/span><\/p>\n<p>                <svg class=\"h-8 w-8 text-black\" role=\"img\" aria-hidden=\"true\">\n                    <use href=\"http:\/\/lifehacker.com\/images\/icons\/spritemap.svg#sprite-chat-bubble\"><\/use>\n                <\/svg>\n            <\/div>\n<p>            <span class=\"text-sm font-medium text-black\"><\/p>\n<p>                Que pensez-vous jusqu&rsquo;\u00e0 pr\u00e9sent?<br \/>\n                <button class=\"ml-1 font-semibold text-brand-green underline hover:text-brand-green-700\" type=\"button\" aria-label=\"Comment section trigger\" onclick=\"window.openweb.scrollToComments('01K0T2R9Z123DDE15ZFW1WVHZ9')\" x-text=\"hasComments ? 'Post a comment.' : 'Be the first to post a comment.'\"><\/button><br \/>\n            <\/span>\n        <\/div>\n<\/p><\/div>\n<\/div>\n<h2 id=\"explain-the-rules-of-a-board-game\">Expliquez les r\u00e8gles d&rsquo;un jeu de soci\u00e9t\u00e9<\/h2>\n<p>Si vous \u00eates un apprenant audio et que vous avez un nouveau jeu de soci\u00e9t\u00e9, vous pouvez avoir Meta expliquer les r\u00e8gles du jeu, ou lui poser des questions comme \u00ab\u00a0Les mots d&rsquo;argot sont-ils autoris\u00e9s dans le scrabble?\u00a0\u00bb Mais gardez \u00e0 l&rsquo;esprit que les sources de l&rsquo;IA sont essentiellement <em>tout<\/em>et il ne conna\u00eet pas la diff\u00e9rence entre les \u00ab\u00a0r\u00e8gles de la maison\u00a0\u00bb couramment utilis\u00e9es et les r\u00e8gles officielles. <\/p>\n<h2 id=\"summarize-a-book\">R\u00e9sumer un livre<\/h2>\n<p>Si vous montrez un livre \u00e0 m\u00e9ta, vous pouvez lui demander un r\u00e9sum\u00e9 ainsi que des informations sur la fa\u00e7on dont le livre a \u00e9t\u00e9 re\u00e7u par les critiques et les lecteurs. Vous ne pouvez malheureusement pas obtenir d&rsquo;informations sur l&rsquo;endroit o\u00f9 vous pouvez acheter un livre sp\u00e9cifique ou ce qu&rsquo;il en co\u00fbte, mais vous pouvez avoir une id\u00e9e de ce qu&rsquo;est un livre et si c&rsquo;est bon. <\/p>\n<h2 id=\"just-dont-take-it-too-seriously\">Ne le prenez pas trop au s\u00e9rieux<\/h2>\n<p>Comme tous les mod\u00e8les d&rsquo;IA de grande langue, l&rsquo;IA de Meta est souvent erron\u00e9e et il est confiant dans ses erreurs. Si vous demandez \u00e0 Meta&rsquo;s IA d&rsquo;identifier une plante, cela vous r\u00e9pondra, mais cela pourrait nommer une plante diff\u00e9rente. Si vous demandez: \u00ab\u00a0Quel est le symbole chimique de l&rsquo;or?\u00a0\u00bb Il r\u00e9pondra \u00ab\u00a0Oh\u00a0\u00bb, probablement parce qu&rsquo;il lit phon\u00e9tiquement \u00ab\u00a0Au\u00a0\u00bb. Si vous lui demandez quel accord vous jouez sur un piano, il r\u00e9pondra toujours \u00e0 \u00ab\u00a0c-major\u00a0\u00bb. Vous avez l&rsquo;id\u00e9e. Alors que Meta&rsquo;s IA r\u00e9pondra parfois \u00e0 une question avec \u00ab\u00a0Je ne peux pas vous dire \u00e7a\u00a0\u00bb, c&rsquo;est un tournage de merde, car dire apparemment \u00ab\u00a0\u00a0\u00bb je ne suis pas s\u00fbr \u00ab\u00a0est un trait humain.<\/p>\n<p>De plus, ne demandez pas \u00e0 Meta de vous raconter une blague. C&rsquo;est <em>donc<\/em> Pas dr\u00f4le. <\/p>\n","protected":false},"excerpt":{"rendered":"<p>Et une chose que vous ne devriez certainement jamais faire avec vos rayons de rayons. Je porte des m\u00e9ta-lunettes Ray-Ban depuis huit mois, et je<\/p>\n","protected":false},"author":1,"featured_media":8957,"comment_status":"","ping_status":"","sticky":false,"template":"","format":"standard","meta":{"footnotes":""},"categories":[13],"tags":[5826,29,1216,937,14,87,7885,437,3911,116,6870,18,546],"class_list":["post-8956","post","type-post","status-publish","format-standard","has-post-thumbnail","hentry","category-technologie","tag-cachees","tag-des","tag-fonctionnalites","tag-jours","tag-les","tag-mes","tag-metalunettes","tag-neuf","tag-porte","tag-preferees","tag-rayban","tag-sont","tag-tous","generate-columns","tablet-grid-50","mobile-grid-100","grid-parent","grid-33"],"yoast_head":"<!-- This site is optimized with the Yoast SEO plugin v24.0 - https:\/\/yoast.com\/wordpress\/plugins\/seo\/ -->\n<title>Je porte des m\u00e9ta-lunettes Ray-Ban tous les jours, et ce sont mes neuf fonctionnalit\u00e9s cach\u00e9es pr\u00e9f\u00e9r\u00e9es | Vie Associative<\/title>\n<meta name=\"robots\" content=\"index, follow, max-snippet:-1, max-image-preview:large, max-video-preview:-1\" \/>\n<link rel=\"canonical\" href=\"https:\/\/vieassociative.be\/actualites\/je-porte-des-meta-lunettes-ray-ban-tous-les-jours-et-ce-sont-mes-neuf-fonctionnalites-cachees-preferees\/\" \/>\n<meta property=\"og:locale\" content=\"fr_FR\" \/>\n<meta property=\"og:type\" content=\"article\" \/>\n<meta property=\"og:title\" content=\"Je porte des m\u00e9ta-lunettes Ray-Ban tous les jours, et ce sont mes neuf fonctionnalit\u00e9s cach\u00e9es pr\u00e9f\u00e9r\u00e9es | Vie Associative\" \/>\n<meta property=\"og:description\" content=\"Et une chose que vous ne devriez certainement jamais faire avec vos rayons de rayons. Je porte des m\u00e9ta-lunettes Ray-Ban depuis huit mois, et je\" \/>\n<meta property=\"og:url\" content=\"https:\/\/vieassociative.be\/actualites\/je-porte-des-meta-lunettes-ray-ban-tous-les-jours-et-ce-sont-mes-neuf-fonctionnalites-cachees-preferees\/\" \/>\n<meta property=\"og:site_name\" content=\"Vie Associative\" \/>\n<meta property=\"article:published_time\" content=\"2025-07-23T18:18:13+00:00\" \/>\n<meta property=\"og:image\" content=\"https:\/\/vieassociative.be\/actualites\/wp-content\/uploads\/2025\/07\/Je-porte-des-meta-lunettes-Ray-Ban-tous-les-jours-et-ce.jpg\" \/>\n<meta name=\"author\" content=\"Julien\" \/>\n<meta name=\"twitter:card\" content=\"summary_large_image\" \/>\n<meta name=\"twitter:label1\" content=\"\u00c9crit par\" \/>\n\t<meta name=\"twitter:data1\" content=\"Julien\" \/>\n\t<meta name=\"twitter:label2\" content=\"Dur\u00e9e de lecture est.\" \/>\n\t<meta name=\"twitter:data2\" content=\"5 minutes\" \/>\n<script type=\"application\/ld+json\" class=\"yoast-schema-graph\">{\"@context\":\"https:\/\/schema.org\",\"@graph\":[{\"@type\":\"Article\",\"@id\":\"https:\/\/vieassociative.be\/actualites\/je-porte-des-meta-lunettes-ray-ban-tous-les-jours-et-ce-sont-mes-neuf-fonctionnalites-cachees-preferees\/#article\",\"isPartOf\":{\"@id\":\"https:\/\/vieassociative.be\/actualites\/je-porte-des-meta-lunettes-ray-ban-tous-les-jours-et-ce-sont-mes-neuf-fonctionnalites-cachees-preferees\/\"},\"author\":{\"name\":\"Julien\",\"@id\":\"https:\/\/vieassociative.be\/actualites\/#\/schema\/person\/b87ac4f82f9d4e7b7cec7395b679edc4\"},\"headline\":\"Je porte des m\u00e9ta-lunettes Ray-Ban tous les jours, et ce sont mes neuf fonctionnalit\u00e9s cach\u00e9es pr\u00e9f\u00e9r\u00e9es\",\"datePublished\":\"2025-07-23T18:18:13+00:00\",\"dateModified\":\"2025-07-23T18:18:13+00:00\",\"mainEntityOfPage\":{\"@id\":\"https:\/\/vieassociative.be\/actualites\/je-porte-des-meta-lunettes-ray-ban-tous-les-jours-et-ce-sont-mes-neuf-fonctionnalites-cachees-preferees\/\"},\"wordCount\":1034,\"publisher\":{\"@id\":\"https:\/\/vieassociative.be\/actualites\/#organization\"},\"image\":{\"@id\":\"https:\/\/vieassociative.be\/actualites\/je-porte-des-meta-lunettes-ray-ban-tous-les-jours-et-ce-sont-mes-neuf-fonctionnalites-cachees-preferees\/#primaryimage\"},\"thumbnailUrl\":\"https:\/\/vieassociative.be\/actualites\/wp-content\/uploads\/2025\/07\/1753294694_Je-porte-des-meta-lunettes-Ray-Ban-tous-les-jours-et-ce.jpg\",\"keywords\":[\"cach\u00e9es\",\"Des\",\"fonctionnalit\u00e9s\",\"jours\",\"Les\",\"Mes\",\"m\u00e9talunettes\",\"Neuf\",\"porte\",\"pr\u00e9f\u00e9r\u00e9es\",\"RayBan\",\"sont\",\"tous\"],\"articleSection\":[\"Technologie\"],\"inLanguage\":\"fr-BE\"},{\"@type\":\"WebPage\",\"@id\":\"https:\/\/vieassociative.be\/actualites\/je-porte-des-meta-lunettes-ray-ban-tous-les-jours-et-ce-sont-mes-neuf-fonctionnalites-cachees-preferees\/\",\"url\":\"https:\/\/vieassociative.be\/actualites\/je-porte-des-meta-lunettes-ray-ban-tous-les-jours-et-ce-sont-mes-neuf-fonctionnalites-cachees-preferees\/\",\"name\":\"Je porte des m\u00e9ta-lunettes Ray-Ban tous les jours, et ce sont mes neuf fonctionnalit\u00e9s cach\u00e9es pr\u00e9f\u00e9r\u00e9es | Vie Associative\",\"isPartOf\":{\"@id\":\"https:\/\/vieassociative.be\/actualites\/#website\"},\"primaryImageOfPage\":{\"@id\":\"https:\/\/vieassociative.be\/actualites\/je-porte-des-meta-lunettes-ray-ban-tous-les-jours-et-ce-sont-mes-neuf-fonctionnalites-cachees-preferees\/#primaryimage\"},\"image\":{\"@id\":\"https:\/\/vieassociative.be\/actualites\/je-porte-des-meta-lunettes-ray-ban-tous-les-jours-et-ce-sont-mes-neuf-fonctionnalites-cachees-preferees\/#primaryimage\"},\"thumbnailUrl\":\"https:\/\/vieassociative.be\/actualites\/wp-content\/uploads\/2025\/07\/1753294694_Je-porte-des-meta-lunettes-Ray-Ban-tous-les-jours-et-ce.jpg\",\"datePublished\":\"2025-07-23T18:18:13+00:00\",\"dateModified\":\"2025-07-23T18:18:13+00:00\",\"breadcrumb\":{\"@id\":\"https:\/\/vieassociative.be\/actualites\/je-porte-des-meta-lunettes-ray-ban-tous-les-jours-et-ce-sont-mes-neuf-fonctionnalites-cachees-preferees\/#breadcrumb\"},\"inLanguage\":\"fr-BE\",\"potentialAction\":[{\"@type\":\"ReadAction\",\"target\":[\"https:\/\/vieassociative.be\/actualites\/je-porte-des-meta-lunettes-ray-ban-tous-les-jours-et-ce-sont-mes-neuf-fonctionnalites-cachees-preferees\/\"]}]},{\"@type\":\"ImageObject\",\"inLanguage\":\"fr-BE\",\"@id\":\"https:\/\/vieassociative.be\/actualites\/je-porte-des-meta-lunettes-ray-ban-tous-les-jours-et-ce-sont-mes-neuf-fonctionnalites-cachees-preferees\/#primaryimage\",\"url\":\"https:\/\/vieassociative.be\/actualites\/wp-content\/uploads\/2025\/07\/1753294694_Je-porte-des-meta-lunettes-Ray-Ban-tous-les-jours-et-ce.jpg\",\"contentUrl\":\"https:\/\/vieassociative.be\/actualites\/wp-content\/uploads\/2025\/07\/1753294694_Je-porte-des-meta-lunettes-Ray-Ban-tous-les-jours-et-ce.jpg\",\"width\":1200,\"height\":675,\"caption\":\"Je porte des m\u00e9ta-lunettes Ray-Ban tous les jours, et ce sont mes neuf fonctionnalit\u00e9s cach\u00e9es pr\u00e9f\u00e9r\u00e9es\"},{\"@type\":\"BreadcrumbList\",\"@id\":\"https:\/\/vieassociative.be\/actualites\/je-porte-des-meta-lunettes-ray-ban-tous-les-jours-et-ce-sont-mes-neuf-fonctionnalites-cachees-preferees\/#breadcrumb\",\"itemListElement\":[{\"@type\":\"ListItem\",\"position\":1,\"name\":\"Accueil\",\"item\":\"https:\/\/vieassociative.be\/actualites\/\"},{\"@type\":\"ListItem\",\"position\":2,\"name\":\"Je porte des m\u00e9ta-lunettes Ray-Ban tous les jours, et ce sont mes neuf fonctionnalit\u00e9s cach\u00e9es pr\u00e9f\u00e9r\u00e9es\"}]},{\"@type\":\"WebSite\",\"@id\":\"https:\/\/vieassociative.be\/actualites\/#website\",\"url\":\"https:\/\/vieassociative.be\/actualites\/\",\"name\":\"Vie Associative\",\"description\":\"\",\"publisher\":{\"@id\":\"https:\/\/vieassociative.be\/actualites\/#organization\"},\"potentialAction\":[{\"@type\":\"SearchAction\",\"target\":{\"@type\":\"EntryPoint\",\"urlTemplate\":\"https:\/\/vieassociative.be\/actualites\/?s={search_term_string}\"},\"query-input\":{\"@type\":\"PropertyValueSpecification\",\"valueRequired\":true,\"valueName\":\"search_term_string\"}}],\"inLanguage\":\"fr-BE\"},{\"@type\":\"Organization\",\"@id\":\"https:\/\/vieassociative.be\/actualites\/#organization\",\"name\":\"Vie Associative\",\"url\":\"https:\/\/vieassociative.be\/actualites\/\",\"logo\":{\"@type\":\"ImageObject\",\"inLanguage\":\"fr-BE\",\"@id\":\"https:\/\/vieassociative.be\/actualites\/#\/schema\/logo\/image\/\",\"url\":\"https:\/\/vieassociative.be\/actualites\/wp-content\/uploads\/2024\/09\/cropped-vieassociative_favicon.ico.png\",\"contentUrl\":\"https:\/\/vieassociative.be\/actualites\/wp-content\/uploads\/2024\/09\/cropped-vieassociative_favicon.ico.png\",\"width\":512,\"height\":512,\"caption\":\"Vie Associative\"},\"image\":{\"@id\":\"https:\/\/vieassociative.be\/actualites\/#\/schema\/logo\/image\/\"}},{\"@type\":\"Person\",\"@id\":\"https:\/\/vieassociative.be\/actualites\/#\/schema\/person\/b87ac4f82f9d4e7b7cec7395b679edc4\",\"name\":\"Julien\",\"image\":{\"@type\":\"ImageObject\",\"inLanguage\":\"fr-BE\",\"@id\":\"https:\/\/vieassociative.be\/actualites\/#\/schema\/person\/image\/\",\"url\":\"https:\/\/vieassociative.be\/actualites\/wp-content\/uploads\/2024\/09\/vie-associative-1-150x150.jpg\",\"contentUrl\":\"https:\/\/vieassociative.be\/actualites\/wp-content\/uploads\/2024\/09\/vie-associative-1-150x150.jpg\",\"caption\":\"Julien\"},\"description\":\"Je suis Julien, r\u00e9dacteur pour Vie Associative. Passionn\u00e9 par le monde associatif depuis plus de 10 ans, j'ai \u00e0 c\u0153ur de partager des histoires inspirantes et de mettre en lumi\u00e8re les initiatives locales. Mon objectif est de sensibiliser et d'encourager l'engagement communautaire \u00e0 travers mes articles.\",\"sameAs\":[\"https:\/\/vieassociative.be\/\"]}]}<\/script>\n<!-- \/ Yoast SEO plugin. -->","yoast_head_json":{"title":"Je porte des m\u00e9ta-lunettes Ray-Ban tous les jours, et ce sont mes neuf fonctionnalit\u00e9s cach\u00e9es pr\u00e9f\u00e9r\u00e9es | Vie Associative","robots":{"index":"index","follow":"follow","max-snippet":"max-snippet:-1","max-image-preview":"max-image-preview:large","max-video-preview":"max-video-preview:-1"},"canonical":"https:\/\/vieassociative.be\/actualites\/je-porte-des-meta-lunettes-ray-ban-tous-les-jours-et-ce-sont-mes-neuf-fonctionnalites-cachees-preferees\/","og_locale":"fr_FR","og_type":"article","og_title":"Je porte des m\u00e9ta-lunettes Ray-Ban tous les jours, et ce sont mes neuf fonctionnalit\u00e9s cach\u00e9es pr\u00e9f\u00e9r\u00e9es | Vie Associative","og_description":"Et une chose que vous ne devriez certainement jamais faire avec vos rayons de rayons. Je porte des m\u00e9ta-lunettes Ray-Ban depuis huit mois, et je","og_url":"https:\/\/vieassociative.be\/actualites\/je-porte-des-meta-lunettes-ray-ban-tous-les-jours-et-ce-sont-mes-neuf-fonctionnalites-cachees-preferees\/","og_site_name":"Vie Associative","article_published_time":"2025-07-23T18:18:13+00:00","og_image":[{"url":"https:\/\/vieassociative.be\/actualites\/wp-content\/uploads\/2025\/07\/Je-porte-des-meta-lunettes-Ray-Ban-tous-les-jours-et-ce.jpg","type":"","width":"","height":""}],"author":"Julien","twitter_card":"summary_large_image","twitter_misc":{"\u00c9crit par":"Julien","Dur\u00e9e de lecture est.":"5 minutes"},"schema":{"@context":"https:\/\/schema.org","@graph":[{"@type":"Article","@id":"https:\/\/vieassociative.be\/actualites\/je-porte-des-meta-lunettes-ray-ban-tous-les-jours-et-ce-sont-mes-neuf-fonctionnalites-cachees-preferees\/#article","isPartOf":{"@id":"https:\/\/vieassociative.be\/actualites\/je-porte-des-meta-lunettes-ray-ban-tous-les-jours-et-ce-sont-mes-neuf-fonctionnalites-cachees-preferees\/"},"author":{"name":"Julien","@id":"https:\/\/vieassociative.be\/actualites\/#\/schema\/person\/b87ac4f82f9d4e7b7cec7395b679edc4"},"headline":"Je porte des m\u00e9ta-lunettes Ray-Ban tous les jours, et ce sont mes neuf fonctionnalit\u00e9s cach\u00e9es pr\u00e9f\u00e9r\u00e9es","datePublished":"2025-07-23T18:18:13+00:00","dateModified":"2025-07-23T18:18:13+00:00","mainEntityOfPage":{"@id":"https:\/\/vieassociative.be\/actualites\/je-porte-des-meta-lunettes-ray-ban-tous-les-jours-et-ce-sont-mes-neuf-fonctionnalites-cachees-preferees\/"},"wordCount":1034,"publisher":{"@id":"https:\/\/vieassociative.be\/actualites\/#organization"},"image":{"@id":"https:\/\/vieassociative.be\/actualites\/je-porte-des-meta-lunettes-ray-ban-tous-les-jours-et-ce-sont-mes-neuf-fonctionnalites-cachees-preferees\/#primaryimage"},"thumbnailUrl":"https:\/\/vieassociative.be\/actualites\/wp-content\/uploads\/2025\/07\/1753294694_Je-porte-des-meta-lunettes-Ray-Ban-tous-les-jours-et-ce.jpg","keywords":["cach\u00e9es","Des","fonctionnalit\u00e9s","jours","Les","Mes","m\u00e9talunettes","Neuf","porte","pr\u00e9f\u00e9r\u00e9es","RayBan","sont","tous"],"articleSection":["Technologie"],"inLanguage":"fr-BE"},{"@type":"WebPage","@id":"https:\/\/vieassociative.be\/actualites\/je-porte-des-meta-lunettes-ray-ban-tous-les-jours-et-ce-sont-mes-neuf-fonctionnalites-cachees-preferees\/","url":"https:\/\/vieassociative.be\/actualites\/je-porte-des-meta-lunettes-ray-ban-tous-les-jours-et-ce-sont-mes-neuf-fonctionnalites-cachees-preferees\/","name":"Je porte des m\u00e9ta-lunettes Ray-Ban tous les jours, et ce sont mes neuf fonctionnalit\u00e9s cach\u00e9es pr\u00e9f\u00e9r\u00e9es | Vie Associative","isPartOf":{"@id":"https:\/\/vieassociative.be\/actualites\/#website"},"primaryImageOfPage":{"@id":"https:\/\/vieassociative.be\/actualites\/je-porte-des-meta-lunettes-ray-ban-tous-les-jours-et-ce-sont-mes-neuf-fonctionnalites-cachees-preferees\/#primaryimage"},"image":{"@id":"https:\/\/vieassociative.be\/actualites\/je-porte-des-meta-lunettes-ray-ban-tous-les-jours-et-ce-sont-mes-neuf-fonctionnalites-cachees-preferees\/#primaryimage"},"thumbnailUrl":"https:\/\/vieassociative.be\/actualites\/wp-content\/uploads\/2025\/07\/1753294694_Je-porte-des-meta-lunettes-Ray-Ban-tous-les-jours-et-ce.jpg","datePublished":"2025-07-23T18:18:13+00:00","dateModified":"2025-07-23T18:18:13+00:00","breadcrumb":{"@id":"https:\/\/vieassociative.be\/actualites\/je-porte-des-meta-lunettes-ray-ban-tous-les-jours-et-ce-sont-mes-neuf-fonctionnalites-cachees-preferees\/#breadcrumb"},"inLanguage":"fr-BE","potentialAction":[{"@type":"ReadAction","target":["https:\/\/vieassociative.be\/actualites\/je-porte-des-meta-lunettes-ray-ban-tous-les-jours-et-ce-sont-mes-neuf-fonctionnalites-cachees-preferees\/"]}]},{"@type":"ImageObject","inLanguage":"fr-BE","@id":"https:\/\/vieassociative.be\/actualites\/je-porte-des-meta-lunettes-ray-ban-tous-les-jours-et-ce-sont-mes-neuf-fonctionnalites-cachees-preferees\/#primaryimage","url":"https:\/\/vieassociative.be\/actualites\/wp-content\/uploads\/2025\/07\/1753294694_Je-porte-des-meta-lunettes-Ray-Ban-tous-les-jours-et-ce.jpg","contentUrl":"https:\/\/vieassociative.be\/actualites\/wp-content\/uploads\/2025\/07\/1753294694_Je-porte-des-meta-lunettes-Ray-Ban-tous-les-jours-et-ce.jpg","width":1200,"height":675,"caption":"Je porte des m\u00e9ta-lunettes Ray-Ban tous les jours, et ce sont mes neuf fonctionnalit\u00e9s cach\u00e9es pr\u00e9f\u00e9r\u00e9es"},{"@type":"BreadcrumbList","@id":"https:\/\/vieassociative.be\/actualites\/je-porte-des-meta-lunettes-ray-ban-tous-les-jours-et-ce-sont-mes-neuf-fonctionnalites-cachees-preferees\/#breadcrumb","itemListElement":[{"@type":"ListItem","position":1,"name":"Accueil","item":"https:\/\/vieassociative.be\/actualites\/"},{"@type":"ListItem","position":2,"name":"Je porte des m\u00e9ta-lunettes Ray-Ban tous les jours, et ce sont mes neuf fonctionnalit\u00e9s cach\u00e9es pr\u00e9f\u00e9r\u00e9es"}]},{"@type":"WebSite","@id":"https:\/\/vieassociative.be\/actualites\/#website","url":"https:\/\/vieassociative.be\/actualites\/","name":"Vie Associative","description":"","publisher":{"@id":"https:\/\/vieassociative.be\/actualites\/#organization"},"potentialAction":[{"@type":"SearchAction","target":{"@type":"EntryPoint","urlTemplate":"https:\/\/vieassociative.be\/actualites\/?s={search_term_string}"},"query-input":{"@type":"PropertyValueSpecification","valueRequired":true,"valueName":"search_term_string"}}],"inLanguage":"fr-BE"},{"@type":"Organization","@id":"https:\/\/vieassociative.be\/actualites\/#organization","name":"Vie Associative","url":"https:\/\/vieassociative.be\/actualites\/","logo":{"@type":"ImageObject","inLanguage":"fr-BE","@id":"https:\/\/vieassociative.be\/actualites\/#\/schema\/logo\/image\/","url":"https:\/\/vieassociative.be\/actualites\/wp-content\/uploads\/2024\/09\/cropped-vieassociative_favicon.ico.png","contentUrl":"https:\/\/vieassociative.be\/actualites\/wp-content\/uploads\/2024\/09\/cropped-vieassociative_favicon.ico.png","width":512,"height":512,"caption":"Vie Associative"},"image":{"@id":"https:\/\/vieassociative.be\/actualites\/#\/schema\/logo\/image\/"}},{"@type":"Person","@id":"https:\/\/vieassociative.be\/actualites\/#\/schema\/person\/b87ac4f82f9d4e7b7cec7395b679edc4","name":"Julien","image":{"@type":"ImageObject","inLanguage":"fr-BE","@id":"https:\/\/vieassociative.be\/actualites\/#\/schema\/person\/image\/","url":"https:\/\/vieassociative.be\/actualites\/wp-content\/uploads\/2024\/09\/vie-associative-1-150x150.jpg","contentUrl":"https:\/\/vieassociative.be\/actualites\/wp-content\/uploads\/2024\/09\/vie-associative-1-150x150.jpg","caption":"Julien"},"description":"Je suis Julien, r\u00e9dacteur pour Vie Associative. Passionn\u00e9 par le monde associatif depuis plus de 10 ans, j'ai \u00e0 c\u0153ur de partager des histoires inspirantes et de mettre en lumi\u00e8re les initiatives locales. Mon objectif est de sensibiliser et d'encourager l'engagement communautaire \u00e0 travers mes articles.","sameAs":["https:\/\/vieassociative.be\/"]}]}},"_links":{"self":[{"href":"https:\/\/vieassociative.be\/actualites\/wp-json\/wp\/v2\/posts\/8956"}],"collection":[{"href":"https:\/\/vieassociative.be\/actualites\/wp-json\/wp\/v2\/posts"}],"about":[{"href":"https:\/\/vieassociative.be\/actualites\/wp-json\/wp\/v2\/types\/post"}],"author":[{"embeddable":true,"href":"https:\/\/vieassociative.be\/actualites\/wp-json\/wp\/v2\/users\/1"}],"replies":[{"embeddable":true,"href":"https:\/\/vieassociative.be\/actualites\/wp-json\/wp\/v2\/comments?post=8956"}],"version-history":[{"count":0,"href":"https:\/\/vieassociative.be\/actualites\/wp-json\/wp\/v2\/posts\/8956\/revisions"}],"wp:featuredmedia":[{"embeddable":true,"href":"https:\/\/vieassociative.be\/actualites\/wp-json\/wp\/v2\/media\/8957"}],"wp:attachment":[{"href":"https:\/\/vieassociative.be\/actualites\/wp-json\/wp\/v2\/media?parent=8956"}],"wp:term":[{"taxonomy":"category","embeddable":true,"href":"https:\/\/vieassociative.be\/actualites\/wp-json\/wp\/v2\/categories?post=8956"},{"taxonomy":"post_tag","embeddable":true,"href":"https:\/\/vieassociative.be\/actualites\/wp-json\/wp\/v2\/tags?post=8956"}],"curies":[{"name":"wp","href":"https:\/\/api.w.org\/{rel}","templated":true}]}}